{"id":3949,"date":"2015-08-19T12:46:54","date_gmt":"2015-08-19T10:46:54","guid":{"rendered":"http:\/\/www.proinca.es\/madridfansblog\/?p=3949"},"modified":"2025-05-28T15:59:49","modified_gmt":"2025-05-28T13:59:49","slug":"aqui-no-hay-playa-pero-cosas-que-solo-puedes-hacer-en-madrid-en-verano","status":"publish","type":"post","link":"https:\/\/www.proinca.es\/madridfansblog\/aqui-no-hay-playa-pero-cosas-que-solo-puedes-hacer-en-madrid-en-verano\/","title":{"rendered":"AQUI NO HAY PLAYA PERO&#8230;COSAS QUE SOLO PUEDES HACER EN MADRID EN VERANO"},"content":{"rendered":"<p><strong>Madrid<\/strong>, en <strong>verano<\/strong>, puede llegar a ser una ciudad de lo m\u00e1s interesante si sabes sacarle provecho. <!--more-->La oferta cultural y musical, a menudo gratuita, es ampl\u00edsima , la ciudad est\u00e1 descongestionada y las actividades al aire libre se suceden en todos los distritos de lunes a domingo. Solo hay que saber d\u00f3nde buscar.<\/p>\n<p>&#8211; Pocos lugares ofrecen, como <strong>Madrid<\/strong>, tantas exposiciones gratuitas durante el <strong>verano<\/strong>. Centros culturales como La Casa Encendida, Caixa Forum, Centro Centro (en el edificio del Ayuntamiento de Madrid) o La Tabacalera albergan muestras de las que podemos disfrutar libremente y, adem\u00e1s, \u00a1a la sombra! Los talleres de <strong>verano<\/strong> son tambi\u00e9n el plato fuerte de estos espacios dedicados al arte en todas sus facetas. Talleres que van desde la toma de fotograf\u00eda a la creaci\u00f3n de tu propia LongBoard.<\/p>\n<p>&#8211; De ruta por la movida. Solo en <strong>Madrid<\/strong> se puede realizar un recorrido guiado por los lugares emblem\u00e1ticos de La Movida madrile\u00f1a. Bares m\u00edticos, plazas inolvidables y rincones donde se fragu\u00f3 el esp\u00edritu de los 80 son las etapas que hacen de este tour uno de los m\u00e1s demandados por los j\u00f3venes de aqu\u00ed y de fuera.<\/p>\n<p>&#8211; Con peques. Y si tienes ni\u00f1os y no sabes como entretenerlos, el Museo del Prado y el Museo Thyssen en <strong>Madrid<\/strong> ofrecen programas culturales y campamentos semanales pensados para los m\u00e1s peque\u00f1os con propuestas tan interesantes como dise\u00f1ar juguetes y escenograf\u00edas de cuadros, o rutas para resolver un misterio.<\/p>\n<p>Informaci\u00f3n patrocinada por\u00a0<strong><a title=\"Proinca apartamentos de alquiler en Madrid\" href=\"http:\/\/www.proinca.es\" target=\"_blank\" rel=\"noopener\">Proinca: Apartamentos de alquiler en Madrid<\/a><\/strong><\/p>\n<p>Fuente imagen: obrasocial.lacaixa.es<\/p>\n\n\n<div class=\"kk-star-ratings kksr-auto kksr-align-left kksr-valign-bottom\"\n    data-payload='{&quot;align&quot;:&quot;left&quot;,&quot;id&quot;:&quot;3949&quot;,&quot;slug&quot;:&quot;default&quot;,&quot;valign&quot;:&quot;bottom&quot;,&quot;ignore&quot;:&quot;&quot;,&quot;reference&quot;:&quot;auto&quot;,&quot;class&quot;:&quot;&quot;,&quot;count&quot;:&quot;0&quot;,&quot;legendonly&quot;:&quot;&quot;,&quot;readonly&quot;:&quot;&quot;,&quot;score&quot;:&quot;0&quot;,&quot;starsonly&quot;:&quot;&quot;,&quot;best&quot;:&quot;5&quot;,&quot;gap&quot;:&quot;1&quot;,&quot;greet&quot;:&quot;Valora este art\u00edculo&quot;,&quot;legend&quot;:&quot;0\\\/5 - (0 votos)&quot;,&quot;size&quot;:&quot;24&quot;,&quot;title&quot;:&quot;AQUI NO HAY PLAYA PERO...COSAS QUE SOLO PUEDES HACER EN MADRID EN VERANO&quot;,&quot;width&quot;:&quot;0&quot;,&quot;_legend&quot;:&quot;{score}\\\/{best} - ({count} {votes})&quot;,&quot;font_factor&quot;:&quot;1.25&quot;}'>\n            \n<div class=\"kksr-stars\">\n    \n<div class=\"kksr-stars-inactive\">\n            <div class=\"kksr-star\" data-star=\"1\" style=\"padding-right: 1px\">\n            \n\n<div class=\"kksr-icon\" style=\"width: 24px; height: 24px;\"><\/div>\n        <\/div>\n            <div class=\"kksr-star\" data-star=\"2\" style=\"padding-right: 1px\">\n            \n\n<div class=\"kksr-icon\" style=\"width: 24px; height: 24px;\"><\/div>\n        <\/div>\n            <div class=\"kksr-star\" data-star=\"3\" style=\"padding-right: 1px\">\n            \n\n<div class=\"kksr-icon\" style=\"width: 24px; height: 24px;\"><\/div>\n        <\/div>\n            <div class=\"kksr-star\" data-star=\"4\" style=\"padding-right: 1px\">\n            \n\n<div class=\"kksr-icon\" style=\"width: 24px; height: 24px;\"><\/div>\n        <\/div>\n            <div class=\"kksr-star\" data-star=\"5\" style=\"padding-right: 1px\">\n            \n\n<div class=\"kksr-icon\" style=\"width: 24px; height: 24px;\"><\/div>\n        <\/div>\n    <\/div>\n    \n<div class=\"kksr-stars-active\" style=\"width: 0px;\">\n            <div class=\"kksr-star\" style=\"padding-right: 1px\">\n            \n\n<div class=\"kksr-icon\" style=\"width: 24px; height: 24px;\"><\/div>\n        <\/div>\n            <div class=\"kksr-star\" style=\"padding-right: 1px\">\n            \n\n<div class=\"kksr-icon\" style=\"width: 24px; height: 24px;\"><\/div>\n        <\/div>\n            <div class=\"kksr-star\" style=\"padding-right: 1px\">\n            \n\n<div class=\"kksr-icon\" style=\"width: 24px; height: 24px;\"><\/div>\n        <\/div>\n            <div class=\"kksr-star\" style=\"padding-right: 1px\">\n            \n\n<div class=\"kksr-icon\" style=\"width: 24px; height: 24px;\"><\/div>\n        <\/div>\n            <div class=\"kksr-star\" style=\"padding-right: 1px\">\n            \n\n<div class=\"kksr-icon\" style=\"width: 24px; height: 24px;\"><\/div>\n        <\/div>\n    <\/div>\n<\/div>\n                \n\n<div class=\"kksr-legend\" style=\"font-size: 19.2px;\">\n            <span class=\"kksr-muted\">Valora este art\u00edculo<\/span>\n    <\/div>\n    <\/div>\n","protected":false},"excerpt":{"rendered":"<p>Madrid, en verano, puede llegar a ser una ciudad de  [&#8230;]<\/p>\n","protected":false},"author":4,"featured_media":3955,"comment_status":"closed","ping_status":"closed","sticky":false,"template":"","format":"standard","meta":{"footnotes":""},"categories":[79],"tags":[36,27,63,24,23,5,57,71,34],"class_list":["post-3949","post","type-post","status-publish","format-standard","has-post-thumbnail","hentry","category-vivir-madrid","tag-afterwork","tag-arte","tag-cultura","tag-exposiciones","tag-free","tag-madrid","tag-museos","tag-musica","tag-tour-madrid"],"yoast_head":"<!-- This site is optimized with the Yoast SEO plugin v27.4 - https:\/\/yoast.com\/product\/yoast-seo-wordpress\/ -->\n<title>Cosas que puede hacer en madrid en verano<\/title>\n<meta name=\"description\" content=\"La oferta cultural y musical de Madrid en verano es ampl\u00edsima,la ciudad est\u00e1 descongestionada y las actividades se suceden de lunes a domingo.Por MadridFansblog\" \/>\n<meta name=\"robots\" content=\"index, follow, max-snippet:-1, max-image-preview:large, max-video-preview:-1\" \/>\n<link rel=\"canonical\" href=\"https:\/\/www.proinca.es\/madridfansblog\/aqui-no-hay-playa-pero-cosas-que-solo-puedes-hacer-en-madrid-en-verano\/\" \/>\n<meta property=\"og:locale\" content=\"es_ES\" \/>\n<meta property=\"og:type\" content=\"article\" \/>\n<meta property=\"og:title\" content=\"Cosas que puede hacer en madrid en verano\" \/>\n<meta property=\"og:description\" content=\"La oferta cultural y musical de Madrid en verano es ampl\u00edsima,la ciudad est\u00e1 descongestionada y las actividades se suceden de lunes a domingo.Por MadridFansblog\" \/>\n<meta property=\"og:url\" content=\"https:\/\/www.proinca.es\/madridfansblog\/aqui-no-hay-playa-pero-cosas-que-solo-puedes-hacer-en-madrid-en-verano\/\" \/>\n<meta property=\"og:site_name\" content=\"Blog Proinca Madrid\" \/>\n<meta property=\"article:published_time\" content=\"2015-08-19T10:46:54+00:00\" \/>\n<meta property=\"article:modified_time\" content=\"2025-05-28T13:59:49+00:00\" \/>\n<meta property=\"og:image\" content=\"https:\/\/www.proinca.es\/madridfansblog\/wp-content\/uploads\/2015\/08\/proinca_madridfansblog_verano_madrid_4.jpg\" \/>\n\t<meta property=\"og:image:width\" content=\"740\" \/>\n\t<meta property=\"og:image:height\" content=\"443\" \/>\n\t<meta property=\"og:image:type\" content=\"image\/jpeg\" \/>\n<meta name=\"author\" content=\"Ana Calero\" \/>\n<script type=\"application\/ld+json\" class=\"yoast-schema-graph\">{\"@context\":\"https:\\\/\\\/schema.org\",\"@graph\":[{\"@type\":\"Article\",\"@id\":\"https:\\\/\\\/www.proinca.es\\\/madridfansblog\\\/aqui-no-hay-playa-pero-cosas-que-solo-puedes-hacer-en-madrid-en-verano\\\/#article\",\"isPartOf\":{\"@id\":\"https:\\\/\\\/www.proinca.es\\\/madridfansblog\\\/aqui-no-hay-playa-pero-cosas-que-solo-puedes-hacer-en-madrid-en-verano\\\/\"},\"author\":{\"name\":\"Ana Calero\",\"@id\":\"https:\\\/\\\/www.proinca.es\\\/madridfansblog\\\/#\\\/schema\\\/person\\\/8401adc89c0a0f5a3574c43326247f1e\"},\"headline\":\"AQUI NO HAY PLAYA PERO&#8230;COSAS QUE SOLO PUEDES HACER EN MADRID EN VERANO\",\"datePublished\":\"2015-08-19T10:46:54+00:00\",\"dateModified\":\"2025-05-28T13:59:49+00:00\",\"mainEntityOfPage\":{\"@id\":\"https:\\\/\\\/www.proinca.es\\\/madridfansblog\\\/aqui-no-hay-playa-pero-cosas-que-solo-puedes-hacer-en-madrid-en-verano\\\/\"},\"wordCount\":286,\"publisher\":{\"@id\":\"https:\\\/\\\/www.proinca.es\\\/madridfansblog\\\/#organization\"},\"image\":{\"@id\":\"https:\\\/\\\/www.proinca.es\\\/madridfansblog\\\/aqui-no-hay-playa-pero-cosas-que-solo-puedes-hacer-en-madrid-en-verano\\\/#primaryimage\"},\"thumbnailUrl\":\"https:\\\/\\\/www.proinca.es\\\/madridfansblog\\\/wp-content\\\/uploads\\\/2015\\\/08\\\/proinca_madridfansblog_verano_madrid_4.jpg\",\"keywords\":[\"Afterwork\",\"Arte\",\"Cultura\",\"Exposiciones\",\"Free\",\"Madrid\",\"Museos\",\"M\u00fasica\",\"Tour Madrid\"],\"articleSection\":[\"VIVIR MADRID\"],\"inLanguage\":\"es\"},{\"@type\":\"WebPage\",\"@id\":\"https:\\\/\\\/www.proinca.es\\\/madridfansblog\\\/aqui-no-hay-playa-pero-cosas-que-solo-puedes-hacer-en-madrid-en-verano\\\/\",\"url\":\"https:\\\/\\\/www.proinca.es\\\/madridfansblog\\\/aqui-no-hay-playa-pero-cosas-que-solo-puedes-hacer-en-madrid-en-verano\\\/\",\"name\":\"Cosas que puede hacer en madrid en verano\",\"isPartOf\":{\"@id\":\"https:\\\/\\\/www.proinca.es\\\/madridfansblog\\\/#website\"},\"primaryImageOfPage\":{\"@id\":\"https:\\\/\\\/www.proinca.es\\\/madridfansblog\\\/aqui-no-hay-playa-pero-cosas-que-solo-puedes-hacer-en-madrid-en-verano\\\/#primaryimage\"},\"image\":{\"@id\":\"https:\\\/\\\/www.proinca.es\\\/madridfansblog\\\/aqui-no-hay-playa-pero-cosas-que-solo-puedes-hacer-en-madrid-en-verano\\\/#primaryimage\"},\"thumbnailUrl\":\"https:\\\/\\\/www.proinca.es\\\/madridfansblog\\\/wp-content\\\/uploads\\\/2015\\\/08\\\/proinca_madridfansblog_verano_madrid_4.jpg\",\"datePublished\":\"2015-08-19T10:46:54+00:00\",\"dateModified\":\"2025-05-28T13:59:49+00:00\",\"description\":\"La oferta cultural y musical de Madrid en verano es ampl\u00edsima,la ciudad est\u00e1 descongestionada y las actividades se suceden de lunes a domingo.Por MadridFansblog\",\"inLanguage\":\"es\",\"potentialAction\":[{\"@type\":\"ReadAction\",\"target\":[\"https:\\\/\\\/www.proinca.es\\\/madridfansblog\\\/aqui-no-hay-playa-pero-cosas-que-solo-puedes-hacer-en-madrid-en-verano\\\/\"]}]},{\"@type\":\"ImageObject\",\"inLanguage\":\"es\",\"@id\":\"https:\\\/\\\/www.proinca.es\\\/madridfansblog\\\/aqui-no-hay-playa-pero-cosas-que-solo-puedes-hacer-en-madrid-en-verano\\\/#primaryimage\",\"url\":\"https:\\\/\\\/www.proinca.es\\\/madridfansblog\\\/wp-content\\\/uploads\\\/2015\\\/08\\\/proinca_madridfansblog_verano_madrid_4.jpg\",\"contentUrl\":\"https:\\\/\\\/www.proinca.es\\\/madridfansblog\\\/wp-content\\\/uploads\\\/2015\\\/08\\\/proinca_madridfansblog_verano_madrid_4.jpg\",\"width\":740,\"height\":443,\"caption\":\"proinca madridfansblog verano madrid 4\"},{\"@type\":\"WebSite\",\"@id\":\"https:\\\/\\\/www.proinca.es\\\/madridfansblog\\\/#website\",\"url\":\"https:\\\/\\\/www.proinca.es\\\/madridfansblog\\\/\",\"name\":\"Madrid Fans Blog Proinca\",\"description\":\"Pisos y apartamentos de alquiler en Madrid\",\"publisher\":{\"@id\":\"https:\\\/\\\/www.proinca.es\\\/madridfansblog\\\/#organization\"},\"potentialAction\":[{\"@type\":\"SearchAction\",\"target\":{\"@type\":\"EntryPoint\",\"urlTemplate\":\"https:\\\/\\\/www.proinca.es\\\/madridfansblog\\\/?s={search_term_string}\"},\"query-input\":{\"@type\":\"PropertyValueSpecification\",\"valueRequired\":true,\"valueName\":\"search_term_string\"}}],\"inLanguage\":\"es\"},{\"@type\":\"Organization\",\"@id\":\"https:\\\/\\\/www.proinca.es\\\/madridfansblog\\\/#organization\",\"name\":\"Proinca\",\"url\":\"https:\\\/\\\/www.proinca.es\\\/madridfansblog\\\/\",\"logo\":{\"@type\":\"ImageObject\",\"inLanguage\":\"es\",\"@id\":\"https:\\\/\\\/www.proinca.es\\\/madridfansblog\\\/#\\\/schema\\\/logo\\\/image\\\/\",\"url\":\"https:\\\/\\\/www.proinca.es\\\/madridfansblog\\\/wp-content\\\/uploads\\\/2022\\\/03\\\/logo-proinca.jpg\",\"contentUrl\":\"https:\\\/\\\/www.proinca.es\\\/madridfansblog\\\/wp-content\\\/uploads\\\/2022\\\/03\\\/logo-proinca.jpg\",\"width\":522,\"height\":250,\"caption\":\"Proinca\"},\"image\":{\"@id\":\"https:\\\/\\\/www.proinca.es\\\/madridfansblog\\\/#\\\/schema\\\/logo\\\/image\\\/\"}},{\"@type\":\"Person\",\"@id\":\"https:\\\/\\\/www.proinca.es\\\/madridfansblog\\\/#\\\/schema\\\/person\\\/8401adc89c0a0f5a3574c43326247f1e\",\"name\":\"Ana Calero\",\"image\":{\"@type\":\"ImageObject\",\"inLanguage\":\"es\",\"@id\":\"https:\\\/\\\/www.proinca.es\\\/madridfansblog\\\/wp-content\\\/litespeed\\\/avatar\\\/ef51b25c0718910f475570320941ef46.jpg?ver=1777379772\",\"url\":\"https:\\\/\\\/www.proinca.es\\\/madridfansblog\\\/wp-content\\\/litespeed\\\/avatar\\\/ef51b25c0718910f475570320941ef46.jpg?ver=1777379772\",\"contentUrl\":\"https:\\\/\\\/www.proinca.es\\\/madridfansblog\\\/wp-content\\\/litespeed\\\/avatar\\\/ef51b25c0718910f475570320941ef46.jpg?ver=1777379772\",\"caption\":\"Ana Calero\"},\"description\":\"Licenciada en Ciencias Empresariales por la Universidad Aut\u00f3noma de Madrid. Forma parte del equipo de Apartamentos Proinca y es una enamorada de Madrid\",\"sameAs\":[\"https:\\\/\\\/www.proinca.es\\\/madridfansblog\\\/ana-calero\\\/\"]}]}<\/script>\n<!-- \/ Yoast SEO plugin. -->","yoast_head_json":{"title":"Cosas que puede hacer en madrid en verano","description":"La oferta cultural y musical de Madrid en verano es ampl\u00edsima,la ciudad est\u00e1 descongestionada y las actividades se suceden de lunes a domingo.Por MadridFansblog","robots":{"index":"index","follow":"follow","max-snippet":"max-snippet:-1","max-image-preview":"max-image-preview:large","max-video-preview":"max-video-preview:-1"},"canonical":"https:\/\/www.proinca.es\/madridfansblog\/aqui-no-hay-playa-pero-cosas-que-solo-puedes-hacer-en-madrid-en-verano\/","og_locale":"es_ES","og_type":"article","og_title":"Cosas que puede hacer en madrid en verano","og_description":"La oferta cultural y musical de Madrid en verano es ampl\u00edsima,la ciudad est\u00e1 descongestionada y las actividades se suceden de lunes a domingo.Por MadridFansblog","og_url":"https:\/\/www.proinca.es\/madridfansblog\/aqui-no-hay-playa-pero-cosas-que-solo-puedes-hacer-en-madrid-en-verano\/","og_site_name":"Blog Proinca Madrid","article_published_time":"2015-08-19T10:46:54+00:00","article_modified_time":"2025-05-28T13:59:49+00:00","og_image":[{"width":740,"height":443,"url":"https:\/\/www.proinca.es\/madridfansblog\/wp-content\/uploads\/2015\/08\/proinca_madridfansblog_verano_madrid_4.jpg","type":"image\/jpeg"}],"author":"Ana Calero","schema":{"@context":"https:\/\/schema.org","@graph":[{"@type":"Article","@id":"https:\/\/www.proinca.es\/madridfansblog\/aqui-no-hay-playa-pero-cosas-que-solo-puedes-hacer-en-madrid-en-verano\/#article","isPartOf":{"@id":"https:\/\/www.proinca.es\/madridfansblog\/aqui-no-hay-playa-pero-cosas-que-solo-puedes-hacer-en-madrid-en-verano\/"},"author":{"name":"Ana Calero","@id":"https:\/\/www.proinca.es\/madridfansblog\/#\/schema\/person\/8401adc89c0a0f5a3574c43326247f1e"},"headline":"AQUI NO HAY PLAYA PERO&#8230;COSAS QUE SOLO PUEDES HACER EN MADRID EN VERANO","datePublished":"2015-08-19T10:46:54+00:00","dateModified":"2025-05-28T13:59:49+00:00","mainEntityOfPage":{"@id":"https:\/\/www.proinca.es\/madridfansblog\/aqui-no-hay-playa-pero-cosas-que-solo-puedes-hacer-en-madrid-en-verano\/"},"wordCount":286,"publisher":{"@id":"https:\/\/www.proinca.es\/madridfansblog\/#organization"},"image":{"@id":"https:\/\/www.proinca.es\/madridfansblog\/aqui-no-hay-playa-pero-cosas-que-solo-puedes-hacer-en-madrid-en-verano\/#primaryimage"},"thumbnailUrl":"https:\/\/www.proinca.es\/madridfansblog\/wp-content\/uploads\/2015\/08\/proinca_madridfansblog_verano_madrid_4.jpg","keywords":["Afterwork","Arte","Cultura","Exposiciones","Free","Madrid","Museos","M\u00fasica","Tour Madrid"],"articleSection":["VIVIR MADRID"],"inLanguage":"es"},{"@type":"WebPage","@id":"https:\/\/www.proinca.es\/madridfansblog\/aqui-no-hay-playa-pero-cosas-que-solo-puedes-hacer-en-madrid-en-verano\/","url":"https:\/\/www.proinca.es\/madridfansblog\/aqui-no-hay-playa-pero-cosas-que-solo-puedes-hacer-en-madrid-en-verano\/","name":"Cosas que puede hacer en madrid en verano","isPartOf":{"@id":"https:\/\/www.proinca.es\/madridfansblog\/#website"},"primaryImageOfPage":{"@id":"https:\/\/www.proinca.es\/madridfansblog\/aqui-no-hay-playa-pero-cosas-que-solo-puedes-hacer-en-madrid-en-verano\/#primaryimage"},"image":{"@id":"https:\/\/www.proinca.es\/madridfansblog\/aqui-no-hay-playa-pero-cosas-que-solo-puedes-hacer-en-madrid-en-verano\/#primaryimage"},"thumbnailUrl":"https:\/\/www.proinca.es\/madridfansblog\/wp-content\/uploads\/2015\/08\/proinca_madridfansblog_verano_madrid_4.jpg","datePublished":"2015-08-19T10:46:54+00:00","dateModified":"2025-05-28T13:59:49+00:00","description":"La oferta cultural y musical de Madrid en verano es ampl\u00edsima,la ciudad est\u00e1 descongestionada y las actividades se suceden de lunes a domingo.Por MadridFansblog","inLanguage":"es","potentialAction":[{"@type":"ReadAction","target":["https:\/\/www.proinca.es\/madridfansblog\/aqui-no-hay-playa-pero-cosas-que-solo-puedes-hacer-en-madrid-en-verano\/"]}]},{"@type":"ImageObject","inLanguage":"es","@id":"https:\/\/www.proinca.es\/madridfansblog\/aqui-no-hay-playa-pero-cosas-que-solo-puedes-hacer-en-madrid-en-verano\/#primaryimage","url":"https:\/\/www.proinca.es\/madridfansblog\/wp-content\/uploads\/2015\/08\/proinca_madridfansblog_verano_madrid_4.jpg","contentUrl":"https:\/\/www.proinca.es\/madridfansblog\/wp-content\/uploads\/2015\/08\/proinca_madridfansblog_verano_madrid_4.jpg","width":740,"height":443,"caption":"proinca madridfansblog verano madrid 4"},{"@type":"WebSite","@id":"https:\/\/www.proinca.es\/madridfansblog\/#website","url":"https:\/\/www.proinca.es\/madridfansblog\/","name":"Madrid Fans Blog Proinca","description":"Pisos y apartamentos de alquiler en Madrid","publisher":{"@id":"https:\/\/www.proinca.es\/madridfansblog\/#organization"},"potentialAction":[{"@type":"SearchAction","target":{"@type":"EntryPoint","urlTemplate":"https:\/\/www.proinca.es\/madridfansblog\/?s={search_term_string}"},"query-input":{"@type":"PropertyValueSpecification","valueRequired":true,"valueName":"search_term_string"}}],"inLanguage":"es"},{"@type":"Organization","@id":"https:\/\/www.proinca.es\/madridfansblog\/#organization","name":"Proinca","url":"https:\/\/www.proinca.es\/madridfansblog\/","logo":{"@type":"ImageObject","inLanguage":"es","@id":"https:\/\/www.proinca.es\/madridfansblog\/#\/schema\/logo\/image\/","url":"https:\/\/www.proinca.es\/madridfansblog\/wp-content\/uploads\/2022\/03\/logo-proinca.jpg","contentUrl":"https:\/\/www.proinca.es\/madridfansblog\/wp-content\/uploads\/2022\/03\/logo-proinca.jpg","width":522,"height":250,"caption":"Proinca"},"image":{"@id":"https:\/\/www.proinca.es\/madridfansblog\/#\/schema\/logo\/image\/"}},{"@type":"Person","@id":"https:\/\/www.proinca.es\/madridfansblog\/#\/schema\/person\/8401adc89c0a0f5a3574c43326247f1e","name":"Ana Calero","image":{"@type":"ImageObject","inLanguage":"es","@id":"https:\/\/www.proinca.es\/madridfansblog\/wp-content\/litespeed\/avatar\/ef51b25c0718910f475570320941ef46.jpg?ver=1777379772","url":"https:\/\/www.proinca.es\/madridfansblog\/wp-content\/litespeed\/avatar\/ef51b25c0718910f475570320941ef46.jpg?ver=1777379772","contentUrl":"https:\/\/www.proinca.es\/madridfansblog\/wp-content\/litespeed\/avatar\/ef51b25c0718910f475570320941ef46.jpg?ver=1777379772","caption":"Ana Calero"},"description":"Licenciada en Ciencias Empresariales por la Universidad Aut\u00f3noma de Madrid. Forma parte del equipo de Apartamentos Proinca y es una enamorada de Madrid","sameAs":["https:\/\/www.proinca.es\/madridfansblog\/ana-calero\/"]}]}},"_links":{"self":[{"href":"https:\/\/www.proinca.es\/madridfansblog\/wp-json\/wp\/v2\/posts\/3949","targetHints":{"allow":["GET"]}}],"collection":[{"href":"https:\/\/www.proinca.es\/madridfansblog\/wp-json\/wp\/v2\/posts"}],"about":[{"href":"https:\/\/www.proinca.es\/madridfansblog\/wp-json\/wp\/v2\/types\/post"}],"author":[{"embeddable":true,"href":"https:\/\/www.proinca.es\/madridfansblog\/wp-json\/wp\/v2\/users\/4"}],"replies":[{"embeddable":true,"href":"https:\/\/www.proinca.es\/madridfansblog\/wp-json\/wp\/v2\/comments?post=3949"}],"version-history":[{"count":11,"href":"https:\/\/www.proinca.es\/madridfansblog\/wp-json\/wp\/v2\/posts\/3949\/revisions"}],"predecessor-version":[{"id":7617,"href":"https:\/\/www.proinca.es\/madridfansblog\/wp-json\/wp\/v2\/posts\/3949\/revisions\/7617"}],"wp:featuredmedia":[{"embeddable":true,"href":"https:\/\/www.proinca.es\/madridfansblog\/wp-json\/wp\/v2\/media\/3955"}],"wp:attachment":[{"href":"https:\/\/www.proinca.es\/madridfansblog\/wp-json\/wp\/v2\/media?parent=3949"}],"wp:term":[{"taxonomy":"category","embeddable":true,"href":"https:\/\/www.proinca.es\/madridfansblog\/wp-json\/wp\/v2\/categories?post=3949"},{"taxonomy":"post_tag","embeddable":true,"href":"https:\/\/www.proinca.es\/madridfansblog\/wp-json\/wp\/v2\/tags?post=3949"}],"curies":[{"name":"wp","href":"https:\/\/api.w.org\/{rel}","templated":true}]}}