{"id":395,"date":"2012-07-13T09:51:53","date_gmt":"2012-07-13T09:51:53","guid":{"rendered":"http:\/\/www.proinca.es\/madridfansblog\/?p=395"},"modified":"2025-05-28T15:34:41","modified_gmt":"2025-05-28T13:34:41","slug":"terrazas-para-disfrutar-madrid-al-aire-libre","status":"publish","type":"post","link":"https:\/\/www.proinca.es\/madridfansblog\/terrazas-para-disfrutar-madrid-al-aire-libre\/","title":{"rendered":"TERRAZAS PARA DISFRUTAR MADRID AL AIRE LIBRE"},"content":{"rendered":"<p>Madrid es una ciudad que carece del mayor reclamo del verano: \u00a1Aqu\u00ed no hay playa!. Qui\u00e9n no recuerda el <em>hit <\/em>de \u2018Los Refrescos\u2019. Pero en los d\u00edas m\u00e1s calurosos del a\u00f1o, la capital tiene con qu\u00e9 compensar la carencia de mar: <strong>terrazas <\/strong>donde relajarse despu\u00e9s del trabajo, sentarse con amigos a cenar, tomar una copa, escuchar m\u00fasica o charlar\u2026 <!--more-->Pero sobre todo, disfrutar de una puesta de sol con vistas que hipnotizan. Azoteas de hoteles <em>chic<\/em>, la <strong>terraza <\/strong>ubicada sobre las gradas del club merengue, \u00fanica por sus vistas y ambiente, o el mirador del <strong>museo Thyssen-Bornemisza <\/strong>son s\u00f3lo algunos ejemplos de lo que nos depara \u201cel gran techo\u201d de <strong>Madrid<\/strong>. Y es que, existe diversidad de lugares que prometen una sugestiva velada estival en pleno coraz\u00f3n de la capital.<\/p>\n<p>Los hoteles del centro han sido los primeros en desplegar azoteas de \u00abambiente <em>lounge<\/em>\u00bb y c\u00f3cteles refrescantes para las tardes-noches de verano. Se trata de lugares de encuentro que tienen cierto car\u00e1cter exclusivo y, a su vez, de lo m\u00e1s cosmopolita: turistas hospedados, ejecutivos de paso, urbanitas y sibaritas. Por ejemplo, la azotea del ME Madrid sobre los tejados de la Plaza de Santa Ana, al lado de la calle Huertas y muy cerca de Sol, es un verdadero escaparate de vanguardismo y dise\u00f1o.<\/p>\n<p>Estos mismos principios inspiran la terraza \u2018Splash\u2019 del Room Mate Oscar -en la plaza V\u00e1zquez de Mella, en Chueca, el barrio de ambiente de la capital-, que sin duda, como reza su lema, se ha convertido en \u201cun verdadero oasis en el centro de Madrid\u201d; solo con ver su web podemos sentir la c\u00e1lida noche madrile\u00f1a y unas ganas inmensas de disfrutar de su \u201cpool club\u201d.<\/p>\n<p>La\u00a0<strong>terraza <\/strong>del Urban, en la Carrera de los Jer\u00f3nimos, junto al Congreso, o la del Hotel de las Letras, en plena Gran V\u00eda, destacan como puntos de reuni\u00f3n para los clientes m\u00e1s selectos.<\/p>\n<p>Sustancialmente distinta es la clientela asidua a la Casa de Granada, en la Plaza de Tirso de Molina, un \u00e1tico muy original en la sexta planta de un edificio residencial y de oficinas que ofrece tapas con vistas sobre los distritos m\u00e1s castizos: Lavapi\u00e9s y La Latina. Se trata de un lugar mucho m\u00e1s modesto que los anteriores y su <strong>terraza <\/strong>resulta algo estrecha, pero sin duda, merece una visita por parte de quienes buscan buenas vistas y tapas a precios modestos.<\/p>\n<p>El Madrid de los Austrias es visita obligada en la capital y en verano, al atardecer, es toda una experiencia sentarse en un rinc\u00f3n popular y castizo con vistas a La Almudena o el Palacio Real. Es el caso del <strong>Ventorrillo<\/strong>, una <strong>terraza <\/strong>desde la que se contemplan tambi\u00e9n los Jardines de las Vistillas y la casa de Campo\u2026, ideal para quienes descubren la capital por vez primera.<\/p>\n<p>Muy pr\u00f3xima, junto a la Ronda de Segovia, aunque de estilo totalmente opuesto a la anterior, se encuentra el <strong>Atenas Terraza Lounge<\/strong>, rodeado de jardines que alivian el intenso calor con un ambiente entre canalla y <em>snob<\/em>.<\/p>\n<p>Hoteles, edificios en apariencia convencionales, jardines donde corretean los ni\u00f1os durante el d\u00eda. Las apariencias pueden ser enga\u00f1osas. El Santiago Bernab\u00e9u tambi\u00e9n tiene su propio secreto, como hemos se\u00f1alado al comienzo. La <strong>terraza del Real Caf\u00e9 Bernab\u00e9u<\/strong> se asienta sobre las gradas del estadio con vistas privilegiadas: el Bernab\u00e9u a sus pies. Y tambi\u00e9n el rascacielos m\u00e1s emblem\u00e1tico de Madrid, la Torre Picasso, tiene a sus pies un oasis estival, <strong>\u00a0<\/strong>se llama, una <strong>terraza urbana <\/strong>con c\u00e9sped artificial, carpas y m\u00fasica de los 80 y los 90.<\/p>\n<p>C\u00f3mo veis, no hay excusa para no disfrutar de la noche madrile\u00f1a en verano. Tenemos opciones para todos los gustos y bolsillos.<\/p>\n<p>Foto de Marvin Meyer en Unsplash<\/p>\n\n\n<div class=\"kk-star-ratings kksr-auto kksr-align-left kksr-valign-bottom\"\n    data-payload='{&quot;align&quot;:&quot;left&quot;,&quot;id&quot;:&quot;395&quot;,&quot;slug&quot;:&quot;default&quot;,&quot;valign&quot;:&quot;bottom&quot;,&quot;ignore&quot;:&quot;&quot;,&quot;reference&quot;:&quot;auto&quot;,&quot;class&quot;:&quot;&quot;,&quot;count&quot;:&quot;0&quot;,&quot;legendonly&quot;:&quot;&quot;,&quot;readonly&quot;:&quot;&quot;,&quot;score&quot;:&quot;0&quot;,&quot;starsonly&quot;:&quot;&quot;,&quot;best&quot;:&quot;5&quot;,&quot;gap&quot;:&quot;1&quot;,&quot;greet&quot;:&quot;Valora este art\u00edculo&quot;,&quot;legend&quot;:&quot;0\\\/5 - (0 votos)&quot;,&quot;size&quot;:&quot;24&quot;,&quot;title&quot;:&quot;TERRAZAS PARA DISFRUTAR MADRID AL AIRE LIBRE&quot;,&quot;width&quot;:&quot;0&quot;,&quot;_legend&quot;:&quot;{score}\\\/{best} - ({count} {votes})&quot;,&quot;font_factor&quot;:&quot;1.25&quot;}'>\n            \n<div class=\"kksr-stars\">\n    \n<div class=\"kksr-stars-inactive\">\n            <div class=\"kksr-star\" data-star=\"1\" style=\"padding-right: 1px\">\n            \n\n<div class=\"kksr-icon\" style=\"width: 24px; height: 24px;\"><\/div>\n        <\/div>\n            <div class=\"kksr-star\" data-star=\"2\" style=\"padding-right: 1px\">\n            \n\n<div class=\"kksr-icon\" style=\"width: 24px; height: 24px;\"><\/div>\n        <\/div>\n            <div class=\"kksr-star\" data-star=\"3\" style=\"padding-right: 1px\">\n            \n\n<div class=\"kksr-icon\" style=\"width: 24px; height: 24px;\"><\/div>\n        <\/div>\n            <div class=\"kksr-star\" data-star=\"4\" style=\"padding-right: 1px\">\n            \n\n<div class=\"kksr-icon\" style=\"width: 24px; height: 24px;\"><\/div>\n        <\/div>\n            <div class=\"kksr-star\" data-star=\"5\" style=\"padding-right: 1px\">\n            \n\n<div class=\"kksr-icon\" style=\"width: 24px; height: 24px;\"><\/div>\n        <\/div>\n    <\/div>\n    \n<div class=\"kksr-stars-active\" style=\"width: 0px;\">\n            <div class=\"kksr-star\" style=\"padding-right: 1px\">\n            \n\n<div class=\"kksr-icon\" style=\"width: 24px; height: 24px;\"><\/div>\n        <\/div>\n            <div class=\"kksr-star\" style=\"padding-right: 1px\">\n            \n\n<div class=\"kksr-icon\" style=\"width: 24px; height: 24px;\"><\/div>\n        <\/div>\n            <div class=\"kksr-star\" style=\"padding-right: 1px\">\n            \n\n<div class=\"kksr-icon\" style=\"width: 24px; height: 24px;\"><\/div>\n        <\/div>\n            <div class=\"kksr-star\" style=\"padding-right: 1px\">\n            \n\n<div class=\"kksr-icon\" style=\"width: 24px; height: 24px;\"><\/div>\n        <\/div>\n            <div class=\"kksr-star\" style=\"padding-right: 1px\">\n            \n\n<div class=\"kksr-icon\" style=\"width: 24px; height: 24px;\"><\/div>\n        <\/div>\n    <\/div>\n<\/div>\n                \n\n<div class=\"kksr-legend\" style=\"font-size: 19.2px;\">\n            <span class=\"kksr-muted\">Valora este art\u00edculo<\/span>\n    <\/div>\n    <\/div>\n","protected":false},"excerpt":{"rendered":"<p>Madrid es una ciudad que carece del mayor reclamo del  [&#8230;]<\/p>\n","protected":false},"author":4,"featured_media":6996,"comment_status":"closed","ping_status":"closed","sticky":false,"template":"","format":"standard","meta":{"footnotes":""},"categories":[79],"tags":[36,21,5,20,46],"class_list":["post-395","post","type-post","status-publish","format-standard","has-post-thumbnail","hentry","category-vivir-madrid","tag-afterwork","tag-de-copas","tag-madrid","tag-ocio","tag-terrazas"],"yoast_head":"<!-- This site is optimized with the Yoast SEO plugin v27.4 - https:\/\/yoast.com\/product\/yoast-seo-wordpress\/ -->\n<title>Terrazas para disfrutar Madrid al aire libre<\/title>\n<meta name=\"description\" content=\"La propuesta de terrazas m\u00e1s originales, vanguardistas, de dise\u00f1o, aut\u00e9nticas,.. de Madrid para comer, cenar o tomar una copa al aire libre este verano\" \/>\n<meta name=\"robots\" content=\"index, follow, max-snippet:-1, max-image-preview:large, max-video-preview:-1\" \/>\n<link rel=\"canonical\" href=\"https:\/\/www.proinca.es\/madridfansblog\/terrazas-para-disfrutar-madrid-al-aire-libre\/\" \/>\n<meta property=\"og:locale\" content=\"es_ES\" \/>\n<meta property=\"og:type\" content=\"article\" \/>\n<meta property=\"og:title\" content=\"Terrazas para disfrutar Madrid al aire libre\" \/>\n<meta property=\"og:description\" content=\"La propuesta de terrazas m\u00e1s originales, vanguardistas, de dise\u00f1o, aut\u00e9nticas,.. de Madrid para comer, cenar o tomar una copa al aire libre este verano\" \/>\n<meta property=\"og:url\" content=\"https:\/\/www.proinca.es\/madridfansblog\/terrazas-para-disfrutar-madrid-al-aire-libre\/\" \/>\n<meta property=\"og:site_name\" content=\"Blog Proinca Madrid\" \/>\n<meta property=\"article:published_time\" content=\"2012-07-13T09:51:53+00:00\" \/>\n<meta property=\"article:modified_time\" content=\"2025-05-28T13:34:41+00:00\" \/>\n<meta property=\"og:image\" content=\"https:\/\/www.proinca.es\/madridfansblog\/wp-content\/uploads\/2012\/07\/terrazas-aire-libre.jpg\" \/>\n\t<meta property=\"og:image:width\" content=\"1000\" \/>\n\t<meta property=\"og:image:height\" content=\"750\" \/>\n\t<meta property=\"og:image:type\" content=\"image\/jpeg\" \/>\n<meta name=\"author\" content=\"Ana Calero\" \/>\n<script type=\"application\/ld+json\" class=\"yoast-schema-graph\">{\"@context\":\"https:\\\/\\\/schema.org\",\"@graph\":[{\"@type\":\"Article\",\"@id\":\"https:\\\/\\\/www.proinca.es\\\/madridfansblog\\\/terrazas-para-disfrutar-madrid-al-aire-libre\\\/#article\",\"isPartOf\":{\"@id\":\"https:\\\/\\\/www.proinca.es\\\/madridfansblog\\\/terrazas-para-disfrutar-madrid-al-aire-libre\\\/\"},\"author\":{\"name\":\"Ana Calero\",\"@id\":\"https:\\\/\\\/www.proinca.es\\\/madridfansblog\\\/#\\\/schema\\\/person\\\/8401adc89c0a0f5a3574c43326247f1e\"},\"headline\":\"TERRAZAS PARA DISFRUTAR MADRID AL AIRE LIBRE\",\"datePublished\":\"2012-07-13T09:51:53+00:00\",\"dateModified\":\"2025-05-28T13:34:41+00:00\",\"mainEntityOfPage\":{\"@id\":\"https:\\\/\\\/www.proinca.es\\\/madridfansblog\\\/terrazas-para-disfrutar-madrid-al-aire-libre\\\/\"},\"wordCount\":661,\"publisher\":{\"@id\":\"https:\\\/\\\/www.proinca.es\\\/madridfansblog\\\/#organization\"},\"image\":{\"@id\":\"https:\\\/\\\/www.proinca.es\\\/madridfansblog\\\/terrazas-para-disfrutar-madrid-al-aire-libre\\\/#primaryimage\"},\"thumbnailUrl\":\"https:\\\/\\\/www.proinca.es\\\/madridfansblog\\\/wp-content\\\/uploads\\\/2012\\\/07\\\/terrazas-aire-libre.jpg\",\"keywords\":[\"Afterwork\",\"De copas\",\"Madrid\",\"Ocio\",\"Terrazas\"],\"articleSection\":[\"VIVIR MADRID\"],\"inLanguage\":\"es\"},{\"@type\":\"WebPage\",\"@id\":\"https:\\\/\\\/www.proinca.es\\\/madridfansblog\\\/terrazas-para-disfrutar-madrid-al-aire-libre\\\/\",\"url\":\"https:\\\/\\\/www.proinca.es\\\/madridfansblog\\\/terrazas-para-disfrutar-madrid-al-aire-libre\\\/\",\"name\":\"Terrazas para disfrutar Madrid al aire libre\",\"isPartOf\":{\"@id\":\"https:\\\/\\\/www.proinca.es\\\/madridfansblog\\\/#website\"},\"primaryImageOfPage\":{\"@id\":\"https:\\\/\\\/www.proinca.es\\\/madridfansblog\\\/terrazas-para-disfrutar-madrid-al-aire-libre\\\/#primaryimage\"},\"image\":{\"@id\":\"https:\\\/\\\/www.proinca.es\\\/madridfansblog\\\/terrazas-para-disfrutar-madrid-al-aire-libre\\\/#primaryimage\"},\"thumbnailUrl\":\"https:\\\/\\\/www.proinca.es\\\/madridfansblog\\\/wp-content\\\/uploads\\\/2012\\\/07\\\/terrazas-aire-libre.jpg\",\"datePublished\":\"2012-07-13T09:51:53+00:00\",\"dateModified\":\"2025-05-28T13:34:41+00:00\",\"description\":\"La propuesta de terrazas m\u00e1s originales, vanguardistas, de dise\u00f1o, aut\u00e9nticas,.. de Madrid para comer, cenar o tomar una copa al aire libre este verano\",\"inLanguage\":\"es\",\"potentialAction\":[{\"@type\":\"ReadAction\",\"target\":[\"https:\\\/\\\/www.proinca.es\\\/madridfansblog\\\/terrazas-para-disfrutar-madrid-al-aire-libre\\\/\"]}]},{\"@type\":\"ImageObject\",\"inLanguage\":\"es\",\"@id\":\"https:\\\/\\\/www.proinca.es\\\/madridfansblog\\\/terrazas-para-disfrutar-madrid-al-aire-libre\\\/#primaryimage\",\"url\":\"https:\\\/\\\/www.proinca.es\\\/madridfansblog\\\/wp-content\\\/uploads\\\/2012\\\/07\\\/terrazas-aire-libre.jpg\",\"contentUrl\":\"https:\\\/\\\/www.proinca.es\\\/madridfansblog\\\/wp-content\\\/uploads\\\/2012\\\/07\\\/terrazas-aire-libre.jpg\",\"width\":1000,\"height\":750,\"caption\":\"Terrazas para disfrutar Madrid al aire libre\"},{\"@type\":\"WebSite\",\"@id\":\"https:\\\/\\\/www.proinca.es\\\/madridfansblog\\\/#website\",\"url\":\"https:\\\/\\\/www.proinca.es\\\/madridfansblog\\\/\",\"name\":\"Madrid Fans Blog Proinca\",\"description\":\"Pisos y apartamentos de alquiler en Madrid\",\"publisher\":{\"@id\":\"https:\\\/\\\/www.proinca.es\\\/madridfansblog\\\/#organization\"},\"potentialAction\":[{\"@type\":\"SearchAction\",\"target\":{\"@type\":\"EntryPoint\",\"urlTemplate\":\"https:\\\/\\\/www.proinca.es\\\/madridfansblog\\\/?s={search_term_string}\"},\"query-input\":{\"@type\":\"PropertyValueSpecification\",\"valueRequired\":true,\"valueName\":\"search_term_string\"}}],\"inLanguage\":\"es\"},{\"@type\":\"Organization\",\"@id\":\"https:\\\/\\\/www.proinca.es\\\/madridfansblog\\\/#organization\",\"name\":\"Proinca\",\"url\":\"https:\\\/\\\/www.proinca.es\\\/madridfansblog\\\/\",\"logo\":{\"@type\":\"ImageObject\",\"inLanguage\":\"es\",\"@id\":\"https:\\\/\\\/www.proinca.es\\\/madridfansblog\\\/#\\\/schema\\\/logo\\\/image\\\/\",\"url\":\"https:\\\/\\\/www.proinca.es\\\/madridfansblog\\\/wp-content\\\/uploads\\\/2022\\\/03\\\/logo-proinca.jpg\",\"contentUrl\":\"https:\\\/\\\/www.proinca.es\\\/madridfansblog\\\/wp-content\\\/uploads\\\/2022\\\/03\\\/logo-proinca.jpg\",\"width\":522,\"height\":250,\"caption\":\"Proinca\"},\"image\":{\"@id\":\"https:\\\/\\\/www.proinca.es\\\/madridfansblog\\\/#\\\/schema\\\/logo\\\/image\\\/\"}},{\"@type\":\"Person\",\"@id\":\"https:\\\/\\\/www.proinca.es\\\/madridfansblog\\\/#\\\/schema\\\/person\\\/8401adc89c0a0f5a3574c43326247f1e\",\"name\":\"Ana Calero\",\"image\":{\"@type\":\"ImageObject\",\"inLanguage\":\"es\",\"@id\":\"https:\\\/\\\/www.proinca.es\\\/madridfansblog\\\/wp-content\\\/litespeed\\\/avatar\\\/ef51b25c0718910f475570320941ef46.jpg?ver=1777379772\",\"url\":\"https:\\\/\\\/www.proinca.es\\\/madridfansblog\\\/wp-content\\\/litespeed\\\/avatar\\\/ef51b25c0718910f475570320941ef46.jpg?ver=1777379772\",\"contentUrl\":\"https:\\\/\\\/www.proinca.es\\\/madridfansblog\\\/wp-content\\\/litespeed\\\/avatar\\\/ef51b25c0718910f475570320941ef46.jpg?ver=1777379772\",\"caption\":\"Ana Calero\"},\"description\":\"Licenciada en Ciencias Empresariales por la Universidad Aut\u00f3noma de Madrid. Forma parte del equipo de Apartamentos Proinca y es una enamorada de Madrid\",\"sameAs\":[\"https:\\\/\\\/www.proinca.es\\\/madridfansblog\\\/ana-calero\\\/\"]}]}<\/script>\n<!-- \/ Yoast SEO plugin. -->","yoast_head_json":{"title":"Terrazas para disfrutar Madrid al aire libre","description":"La propuesta de terrazas m\u00e1s originales, vanguardistas, de dise\u00f1o, aut\u00e9nticas,.. de Madrid para comer, cenar o tomar una copa al aire libre este verano","robots":{"index":"index","follow":"follow","max-snippet":"max-snippet:-1","max-image-preview":"max-image-preview:large","max-video-preview":"max-video-preview:-1"},"canonical":"https:\/\/www.proinca.es\/madridfansblog\/terrazas-para-disfrutar-madrid-al-aire-libre\/","og_locale":"es_ES","og_type":"article","og_title":"Terrazas para disfrutar Madrid al aire libre","og_description":"La propuesta de terrazas m\u00e1s originales, vanguardistas, de dise\u00f1o, aut\u00e9nticas,.. de Madrid para comer, cenar o tomar una copa al aire libre este verano","og_url":"https:\/\/www.proinca.es\/madridfansblog\/terrazas-para-disfrutar-madrid-al-aire-libre\/","og_site_name":"Blog Proinca Madrid","article_published_time":"2012-07-13T09:51:53+00:00","article_modified_time":"2025-05-28T13:34:41+00:00","og_image":[{"width":1000,"height":750,"url":"https:\/\/www.proinca.es\/madridfansblog\/wp-content\/uploads\/2012\/07\/terrazas-aire-libre.jpg","type":"image\/jpeg"}],"author":"Ana Calero","schema":{"@context":"https:\/\/schema.org","@graph":[{"@type":"Article","@id":"https:\/\/www.proinca.es\/madridfansblog\/terrazas-para-disfrutar-madrid-al-aire-libre\/#article","isPartOf":{"@id":"https:\/\/www.proinca.es\/madridfansblog\/terrazas-para-disfrutar-madrid-al-aire-libre\/"},"author":{"name":"Ana Calero","@id":"https:\/\/www.proinca.es\/madridfansblog\/#\/schema\/person\/8401adc89c0a0f5a3574c43326247f1e"},"headline":"TERRAZAS PARA DISFRUTAR MADRID AL AIRE LIBRE","datePublished":"2012-07-13T09:51:53+00:00","dateModified":"2025-05-28T13:34:41+00:00","mainEntityOfPage":{"@id":"https:\/\/www.proinca.es\/madridfansblog\/terrazas-para-disfrutar-madrid-al-aire-libre\/"},"wordCount":661,"publisher":{"@id":"https:\/\/www.proinca.es\/madridfansblog\/#organization"},"image":{"@id":"https:\/\/www.proinca.es\/madridfansblog\/terrazas-para-disfrutar-madrid-al-aire-libre\/#primaryimage"},"thumbnailUrl":"https:\/\/www.proinca.es\/madridfansblog\/wp-content\/uploads\/2012\/07\/terrazas-aire-libre.jpg","keywords":["Afterwork","De copas","Madrid","Ocio","Terrazas"],"articleSection":["VIVIR MADRID"],"inLanguage":"es"},{"@type":"WebPage","@id":"https:\/\/www.proinca.es\/madridfansblog\/terrazas-para-disfrutar-madrid-al-aire-libre\/","url":"https:\/\/www.proinca.es\/madridfansblog\/terrazas-para-disfrutar-madrid-al-aire-libre\/","name":"Terrazas para disfrutar Madrid al aire libre","isPartOf":{"@id":"https:\/\/www.proinca.es\/madridfansblog\/#website"},"primaryImageOfPage":{"@id":"https:\/\/www.proinca.es\/madridfansblog\/terrazas-para-disfrutar-madrid-al-aire-libre\/#primaryimage"},"image":{"@id":"https:\/\/www.proinca.es\/madridfansblog\/terrazas-para-disfrutar-madrid-al-aire-libre\/#primaryimage"},"thumbnailUrl":"https:\/\/www.proinca.es\/madridfansblog\/wp-content\/uploads\/2012\/07\/terrazas-aire-libre.jpg","datePublished":"2012-07-13T09:51:53+00:00","dateModified":"2025-05-28T13:34:41+00:00","description":"La propuesta de terrazas m\u00e1s originales, vanguardistas, de dise\u00f1o, aut\u00e9nticas,.. de Madrid para comer, cenar o tomar una copa al aire libre este verano","inLanguage":"es","potentialAction":[{"@type":"ReadAction","target":["https:\/\/www.proinca.es\/madridfansblog\/terrazas-para-disfrutar-madrid-al-aire-libre\/"]}]},{"@type":"ImageObject","inLanguage":"es","@id":"https:\/\/www.proinca.es\/madridfansblog\/terrazas-para-disfrutar-madrid-al-aire-libre\/#primaryimage","url":"https:\/\/www.proinca.es\/madridfansblog\/wp-content\/uploads\/2012\/07\/terrazas-aire-libre.jpg","contentUrl":"https:\/\/www.proinca.es\/madridfansblog\/wp-content\/uploads\/2012\/07\/terrazas-aire-libre.jpg","width":1000,"height":750,"caption":"Terrazas para disfrutar Madrid al aire libre"},{"@type":"WebSite","@id":"https:\/\/www.proinca.es\/madridfansblog\/#website","url":"https:\/\/www.proinca.es\/madridfansblog\/","name":"Madrid Fans Blog Proinca","description":"Pisos y apartamentos de alquiler en Madrid","publisher":{"@id":"https:\/\/www.proinca.es\/madridfansblog\/#organization"},"potentialAction":[{"@type":"SearchAction","target":{"@type":"EntryPoint","urlTemplate":"https:\/\/www.proinca.es\/madridfansblog\/?s={search_term_string}"},"query-input":{"@type":"PropertyValueSpecification","valueRequired":true,"valueName":"search_term_string"}}],"inLanguage":"es"},{"@type":"Organization","@id":"https:\/\/www.proinca.es\/madridfansblog\/#organization","name":"Proinca","url":"https:\/\/www.proinca.es\/madridfansblog\/","logo":{"@type":"ImageObject","inLanguage":"es","@id":"https:\/\/www.proinca.es\/madridfansblog\/#\/schema\/logo\/image\/","url":"https:\/\/www.proinca.es\/madridfansblog\/wp-content\/uploads\/2022\/03\/logo-proinca.jpg","contentUrl":"https:\/\/www.proinca.es\/madridfansblog\/wp-content\/uploads\/2022\/03\/logo-proinca.jpg","width":522,"height":250,"caption":"Proinca"},"image":{"@id":"https:\/\/www.proinca.es\/madridfansblog\/#\/schema\/logo\/image\/"}},{"@type":"Person","@id":"https:\/\/www.proinca.es\/madridfansblog\/#\/schema\/person\/8401adc89c0a0f5a3574c43326247f1e","name":"Ana Calero","image":{"@type":"ImageObject","inLanguage":"es","@id":"https:\/\/www.proinca.es\/madridfansblog\/wp-content\/litespeed\/avatar\/ef51b25c0718910f475570320941ef46.jpg?ver=1777379772","url":"https:\/\/www.proinca.es\/madridfansblog\/wp-content\/litespeed\/avatar\/ef51b25c0718910f475570320941ef46.jpg?ver=1777379772","contentUrl":"https:\/\/www.proinca.es\/madridfansblog\/wp-content\/litespeed\/avatar\/ef51b25c0718910f475570320941ef46.jpg?ver=1777379772","caption":"Ana Calero"},"description":"Licenciada en Ciencias Empresariales por la Universidad Aut\u00f3noma de Madrid. Forma parte del equipo de Apartamentos Proinca y es una enamorada de Madrid","sameAs":["https:\/\/www.proinca.es\/madridfansblog\/ana-calero\/"]}]}},"_links":{"self":[{"href":"https:\/\/www.proinca.es\/madridfansblog\/wp-json\/wp\/v2\/posts\/395","targetHints":{"allow":["GET"]}}],"collection":[{"href":"https:\/\/www.proinca.es\/madridfansblog\/wp-json\/wp\/v2\/posts"}],"about":[{"href":"https:\/\/www.proinca.es\/madridfansblog\/wp-json\/wp\/v2\/types\/post"}],"author":[{"embeddable":true,"href":"https:\/\/www.proinca.es\/madridfansblog\/wp-json\/wp\/v2\/users\/4"}],"replies":[{"embeddable":true,"href":"https:\/\/www.proinca.es\/madridfansblog\/wp-json\/wp\/v2\/comments?post=395"}],"version-history":[{"count":30,"href":"https:\/\/www.proinca.es\/madridfansblog\/wp-json\/wp\/v2\/posts\/395\/revisions"}],"predecessor-version":[{"id":7722,"href":"https:\/\/www.proinca.es\/madridfansblog\/wp-json\/wp\/v2\/posts\/395\/revisions\/7722"}],"wp:featuredmedia":[{"embeddable":true,"href":"https:\/\/www.proinca.es\/madridfansblog\/wp-json\/wp\/v2\/media\/6996"}],"wp:attachment":[{"href":"https:\/\/www.proinca.es\/madridfansblog\/wp-json\/wp\/v2\/media?parent=395"}],"wp:term":[{"taxonomy":"category","embeddable":true,"href":"https:\/\/www.proinca.es\/madridfansblog\/wp-json\/wp\/v2\/categories?post=395"},{"taxonomy":"post_tag","embeddable":true,"href":"https:\/\/www.proinca.es\/madridfansblog\/wp-json\/wp\/v2\/tags?post=395"}],"curies":[{"name":"wp","href":"https:\/\/api.w.org\/{rel}","templated":true}]}}