{"id":3975,"date":"2015-09-02T18:26:26","date_gmt":"2015-09-02T16:26:26","guid":{"rendered":"http:\/\/www.proinca.es\/madridfansblog\/?p=3975"},"modified":"2025-05-28T15:59:16","modified_gmt":"2025-05-28T13:59:16","slug":"la-ciudad-invisiblecafe-libreria-con-mucha-personalidad-en-madrid","status":"publish","type":"post","link":"https:\/\/www.proinca.es\/madridfansblog\/la-ciudad-invisiblecafe-libreria-con-mucha-personalidad-en-madrid\/","title":{"rendered":"LA CIUDAD INVISIBLE: CAF\u00c9-LIBRER\u00cdA CON MUCHA PERSONALIDAD EN MADRID"},"content":{"rendered":"<p>Si hay algo que nos encanta de <strong>Madrid <\/strong>es esa sensaci\u00f3n de no llegar nunca a conocer del todo la ciudad, de que algo o alguien puede sorprendernos al cruzar la esquina de siempre, de que todo es cambiante\u2026 <!--more-->Eso mismo nos pas\u00f3 cuando conocimos <strong>La Ciudad Invisible <\/strong>(Costanilla de los \u00c1ngeles, 7), una <strong>cafeter\u00eda-librer\u00eda<\/strong> muy acogedora repleta de gu\u00edas de viaje para consulta, compartir y comprar.<\/p>\n<p>\u00bfOs imagin\u00e1is poder entrar en una <strong>cafeter\u00eda<\/strong> y pasar la tarde planificando vuestra pr\u00f3xima aventura en el extranjero? En <strong>La Ciudad Invisible<\/strong> no solo encontrar\u00e9is documentaci\u00f3n necesaria para organizar vuestra siguiente experiencia como trotamundos, sino que podr\u00e9is pedir consejo e intercambiar datos y opiniones de lo m\u00e1s \u00fatiles para vuestro viaje. Y si a la vuelta pens\u00e1is que la experiencia ha resultado enriquecedora y ten\u00e9is dotes de artista, el <strong>caf\u00e9<\/strong> os brinda la posibilidad de compartirla con otras personas a trav\u00e9s de la proyecci\u00f3n de videos, fotograf\u00edas o cualquier otra forma original que se os ocurra.<\/p>\n<p>En <strong>La Ciudad Invisible<\/strong> se organizan adem\u00e1s exposiciones, debates, proyecciones, charlas solidarias, presentaciones de libros y un largo etc\u00e9tera muy ligado al mundo del viajero empedernido y de ese turismo responsable que tanto nos gusta. La agenda es este local es tal que nos mantiene pegados a su blog y al muro de Facebook para no perdernos el siguiente acontecimiento.<\/p>\n<p>Informaci\u00f3n patrocinada por\u00a0<strong><a title=\"Proinca apartamentos de alquiler en Madrid\" href=\"http:\/\/www.proinca.es\" target=\"_blank\" rel=\"noopener\">Proinca: Apartamentos de alquiler en Madrid<\/a><\/strong><\/p>\n<p>Foto de Timothy Barlin en Unsplash<\/p>\n\n\n<div class=\"kk-star-ratings kksr-auto kksr-align-left kksr-valign-bottom\"\n    data-payload='{&quot;align&quot;:&quot;left&quot;,&quot;id&quot;:&quot;3975&quot;,&quot;slug&quot;:&quot;default&quot;,&quot;valign&quot;:&quot;bottom&quot;,&quot;ignore&quot;:&quot;&quot;,&quot;reference&quot;:&quot;auto&quot;,&quot;class&quot;:&quot;&quot;,&quot;count&quot;:&quot;0&quot;,&quot;legendonly&quot;:&quot;&quot;,&quot;readonly&quot;:&quot;&quot;,&quot;score&quot;:&quot;0&quot;,&quot;starsonly&quot;:&quot;&quot;,&quot;best&quot;:&quot;5&quot;,&quot;gap&quot;:&quot;1&quot;,&quot;greet&quot;:&quot;Valora este art\u00edculo&quot;,&quot;legend&quot;:&quot;0\\\/5 - (0 votos)&quot;,&quot;size&quot;:&quot;24&quot;,&quot;title&quot;:&quot;LA CIUDAD INVISIBLE: CAF\u00c9-LIBRER\u00cdA CON MUCHA PERSONALIDAD EN MADRID&quot;,&quot;width&quot;:&quot;0&quot;,&quot;_legend&quot;:&quot;{score}\\\/{best} - ({count} {votes})&quot;,&quot;font_factor&quot;:&quot;1.25&quot;}'>\n            \n<div class=\"kksr-stars\">\n    \n<div class=\"kksr-stars-inactive\">\n            <div class=\"kksr-star\" data-star=\"1\" style=\"padding-right: 1px\">\n            \n\n<div class=\"kksr-icon\" style=\"width: 24px; height: 24px;\"><\/div>\n        <\/div>\n            <div class=\"kksr-star\" data-star=\"2\" style=\"padding-right: 1px\">\n            \n\n<div class=\"kksr-icon\" style=\"width: 24px; height: 24px;\"><\/div>\n        <\/div>\n            <div class=\"kksr-star\" data-star=\"3\" style=\"padding-right: 1px\">\n            \n\n<div class=\"kksr-icon\" style=\"width: 24px; height: 24px;\"><\/div>\n        <\/div>\n            <div class=\"kksr-star\" data-star=\"4\" style=\"padding-right: 1px\">\n            \n\n<div class=\"kksr-icon\" style=\"width: 24px; height: 24px;\"><\/div>\n        <\/div>\n            <div class=\"kksr-star\" data-star=\"5\" style=\"padding-right: 1px\">\n            \n\n<div class=\"kksr-icon\" style=\"width: 24px; height: 24px;\"><\/div>\n        <\/div>\n    <\/div>\n    \n<div class=\"kksr-stars-active\" style=\"width: 0px;\">\n            <div class=\"kksr-star\" style=\"padding-right: 1px\">\n            \n\n<div class=\"kksr-icon\" style=\"width: 24px; height: 24px;\"><\/div>\n        <\/div>\n            <div class=\"kksr-star\" style=\"padding-right: 1px\">\n            \n\n<div class=\"kksr-icon\" style=\"width: 24px; height: 24px;\"><\/div>\n        <\/div>\n            <div class=\"kksr-star\" style=\"padding-right: 1px\">\n            \n\n<div class=\"kksr-icon\" style=\"width: 24px; height: 24px;\"><\/div>\n        <\/div>\n            <div class=\"kksr-star\" style=\"padding-right: 1px\">\n            \n\n<div class=\"kksr-icon\" style=\"width: 24px; height: 24px;\"><\/div>\n        <\/div>\n            <div class=\"kksr-star\" style=\"padding-right: 1px\">\n            \n\n<div class=\"kksr-icon\" style=\"width: 24px; height: 24px;\"><\/div>\n        <\/div>\n    <\/div>\n<\/div>\n                \n\n<div class=\"kksr-legend\" style=\"font-size: 19.2px;\">\n            <span class=\"kksr-muted\">Valora este art\u00edculo<\/span>\n    <\/div>\n    <\/div>\n","protected":false},"excerpt":{"rendered":"<p>Si hay algo que nos encanta de Madrid es esa  [&#8230;]<\/p>\n","protected":false},"author":4,"featured_media":7195,"comment_status":"closed","ping_status":"closed","sticky":false,"template":"","format":"standard","meta":{"footnotes":""},"categories":[79],"tags":[36,64,5],"class_list":["post-3975","post","type-post","status-publish","format-standard","has-post-thumbnail","hentry","category-vivir-madrid","tag-afterwork","tag-libros","tag-madrid"],"yoast_head":"<!-- This site is optimized with the Yoast SEO plugin v27.4 - https:\/\/yoast.com\/product\/yoast-seo-wordpress\/ -->\n<title>LA CIUDAD INVISIBLE:CAFETER\u00cdA MADRID<\/title>\n<meta name=\"description\" content=\"La Ciudad Invisible una cafeter\u00eda-librer\u00eda muy acogedora repleta de gu\u00edas de viaje para consulta, compartir y comprar.Por MadridFansblog\" \/>\n<meta name=\"robots\" content=\"index, follow, max-snippet:-1, max-image-preview:large, max-video-preview:-1\" \/>\n<link rel=\"canonical\" href=\"https:\/\/www.proinca.es\/madridfansblog\/la-ciudad-invisiblecafe-libreria-con-mucha-personalidad-en-madrid\/\" \/>\n<meta property=\"og:locale\" content=\"es_ES\" \/>\n<meta property=\"og:type\" content=\"article\" \/>\n<meta property=\"og:title\" content=\"LA CIUDAD INVISIBLE:CAFETER\u00cdA MADRID\" \/>\n<meta property=\"og:description\" content=\"La Ciudad Invisible una cafeter\u00eda-librer\u00eda muy acogedora repleta de gu\u00edas de viaje para consulta, compartir y comprar.Por MadridFansblog\" \/>\n<meta property=\"og:url\" content=\"https:\/\/www.proinca.es\/madridfansblog\/la-ciudad-invisiblecafe-libreria-con-mucha-personalidad-en-madrid\/\" \/>\n<meta property=\"og:site_name\" content=\"Blog Proinca Madrid\" \/>\n<meta property=\"article:published_time\" content=\"2015-09-02T16:26:26+00:00\" \/>\n<meta property=\"article:modified_time\" content=\"2025-05-28T13:59:16+00:00\" \/>\n<meta property=\"og:image\" content=\"https:\/\/www.proinca.es\/madridfansblog\/wp-content\/uploads\/2015\/09\/la-ciudad-invisible.jpg\" \/>\n\t<meta property=\"og:image:width\" content=\"1000\" \/>\n\t<meta property=\"og:image:height\" content=\"750\" \/>\n\t<meta property=\"og:image:type\" content=\"image\/jpeg\" \/>\n<meta name=\"author\" content=\"Ana Calero\" \/>\n<script type=\"application\/ld+json\" class=\"yoast-schema-graph\">{\"@context\":\"https:\\\/\\\/schema.org\",\"@graph\":[{\"@type\":\"Article\",\"@id\":\"https:\\\/\\\/www.proinca.es\\\/madridfansblog\\\/la-ciudad-invisiblecafe-libreria-con-mucha-personalidad-en-madrid\\\/#article\",\"isPartOf\":{\"@id\":\"https:\\\/\\\/www.proinca.es\\\/madridfansblog\\\/la-ciudad-invisiblecafe-libreria-con-mucha-personalidad-en-madrid\\\/\"},\"author\":{\"name\":\"Ana Calero\",\"@id\":\"https:\\\/\\\/www.proinca.es\\\/madridfansblog\\\/#\\\/schema\\\/person\\\/8401adc89c0a0f5a3574c43326247f1e\"},\"headline\":\"LA CIUDAD INVISIBLE: CAF\u00c9-LIBRER\u00cdA CON MUCHA PERSONALIDAD EN MADRID\",\"datePublished\":\"2015-09-02T16:26:26+00:00\",\"dateModified\":\"2025-05-28T13:59:16+00:00\",\"mainEntityOfPage\":{\"@id\":\"https:\\\/\\\/www.proinca.es\\\/madridfansblog\\\/la-ciudad-invisiblecafe-libreria-con-mucha-personalidad-en-madrid\\\/\"},\"wordCount\":267,\"publisher\":{\"@id\":\"https:\\\/\\\/www.proinca.es\\\/madridfansblog\\\/#organization\"},\"image\":{\"@id\":\"https:\\\/\\\/www.proinca.es\\\/madridfansblog\\\/la-ciudad-invisiblecafe-libreria-con-mucha-personalidad-en-madrid\\\/#primaryimage\"},\"thumbnailUrl\":\"https:\\\/\\\/www.proinca.es\\\/madridfansblog\\\/wp-content\\\/uploads\\\/2015\\\/09\\\/la-ciudad-invisible.jpg\",\"keywords\":[\"Afterwork\",\"Libros\",\"Madrid\"],\"articleSection\":[\"VIVIR MADRID\"],\"inLanguage\":\"es\"},{\"@type\":\"WebPage\",\"@id\":\"https:\\\/\\\/www.proinca.es\\\/madridfansblog\\\/la-ciudad-invisiblecafe-libreria-con-mucha-personalidad-en-madrid\\\/\",\"url\":\"https:\\\/\\\/www.proinca.es\\\/madridfansblog\\\/la-ciudad-invisiblecafe-libreria-con-mucha-personalidad-en-madrid\\\/\",\"name\":\"LA CIUDAD INVISIBLE:CAFETER\u00cdA MADRID\",\"isPartOf\":{\"@id\":\"https:\\\/\\\/www.proinca.es\\\/madridfansblog\\\/#website\"},\"primaryImageOfPage\":{\"@id\":\"https:\\\/\\\/www.proinca.es\\\/madridfansblog\\\/la-ciudad-invisiblecafe-libreria-con-mucha-personalidad-en-madrid\\\/#primaryimage\"},\"image\":{\"@id\":\"https:\\\/\\\/www.proinca.es\\\/madridfansblog\\\/la-ciudad-invisiblecafe-libreria-con-mucha-personalidad-en-madrid\\\/#primaryimage\"},\"thumbnailUrl\":\"https:\\\/\\\/www.proinca.es\\\/madridfansblog\\\/wp-content\\\/uploads\\\/2015\\\/09\\\/la-ciudad-invisible.jpg\",\"datePublished\":\"2015-09-02T16:26:26+00:00\",\"dateModified\":\"2025-05-28T13:59:16+00:00\",\"description\":\"La Ciudad Invisible una cafeter\u00eda-librer\u00eda muy acogedora repleta de gu\u00edas de viaje para consulta, compartir y comprar.Por MadridFansblog\",\"inLanguage\":\"es\",\"potentialAction\":[{\"@type\":\"ReadAction\",\"target\":[\"https:\\\/\\\/www.proinca.es\\\/madridfansblog\\\/la-ciudad-invisiblecafe-libreria-con-mucha-personalidad-en-madrid\\\/\"]}]},{\"@type\":\"ImageObject\",\"inLanguage\":\"es\",\"@id\":\"https:\\\/\\\/www.proinca.es\\\/madridfansblog\\\/la-ciudad-invisiblecafe-libreria-con-mucha-personalidad-en-madrid\\\/#primaryimage\",\"url\":\"https:\\\/\\\/www.proinca.es\\\/madridfansblog\\\/wp-content\\\/uploads\\\/2015\\\/09\\\/la-ciudad-invisible.jpg\",\"contentUrl\":\"https:\\\/\\\/www.proinca.es\\\/madridfansblog\\\/wp-content\\\/uploads\\\/2015\\\/09\\\/la-ciudad-invisible.jpg\",\"width\":1000,\"height\":750,\"caption\":\"La ciudad invisible: caf\u00e9-librer\u00eda con mucha personalidad en Madrid\"},{\"@type\":\"WebSite\",\"@id\":\"https:\\\/\\\/www.proinca.es\\\/madridfansblog\\\/#website\",\"url\":\"https:\\\/\\\/www.proinca.es\\\/madridfansblog\\\/\",\"name\":\"Madrid Fans Blog Proinca\",\"description\":\"Pisos y apartamentos de alquiler en Madrid\",\"publisher\":{\"@id\":\"https:\\\/\\\/www.proinca.es\\\/madridfansblog\\\/#organization\"},\"potentialAction\":[{\"@type\":\"SearchAction\",\"target\":{\"@type\":\"EntryPoint\",\"urlTemplate\":\"https:\\\/\\\/www.proinca.es\\\/madridfansblog\\\/?s={search_term_string}\"},\"query-input\":{\"@type\":\"PropertyValueSpecification\",\"valueRequired\":true,\"valueName\":\"search_term_string\"}}],\"inLanguage\":\"es\"},{\"@type\":\"Organization\",\"@id\":\"https:\\\/\\\/www.proinca.es\\\/madridfansblog\\\/#organization\",\"name\":\"Proinca\",\"url\":\"https:\\\/\\\/www.proinca.es\\\/madridfansblog\\\/\",\"logo\":{\"@type\":\"ImageObject\",\"inLanguage\":\"es\",\"@id\":\"https:\\\/\\\/www.proinca.es\\\/madridfansblog\\\/#\\\/schema\\\/logo\\\/image\\\/\",\"url\":\"https:\\\/\\\/www.proinca.es\\\/madridfansblog\\\/wp-content\\\/uploads\\\/2022\\\/03\\\/logo-proinca.jpg\",\"contentUrl\":\"https:\\\/\\\/www.proinca.es\\\/madridfansblog\\\/wp-content\\\/uploads\\\/2022\\\/03\\\/logo-proinca.jpg\",\"width\":522,\"height\":250,\"caption\":\"Proinca\"},\"image\":{\"@id\":\"https:\\\/\\\/www.proinca.es\\\/madridfansblog\\\/#\\\/schema\\\/logo\\\/image\\\/\"}},{\"@type\":\"Person\",\"@id\":\"https:\\\/\\\/www.proinca.es\\\/madridfansblog\\\/#\\\/schema\\\/person\\\/8401adc89c0a0f5a3574c43326247f1e\",\"name\":\"Ana Calero\",\"image\":{\"@type\":\"ImageObject\",\"inLanguage\":\"es\",\"@id\":\"https:\\\/\\\/www.proinca.es\\\/madridfansblog\\\/wp-content\\\/litespeed\\\/avatar\\\/ef51b25c0718910f475570320941ef46.jpg?ver=1777379772\",\"url\":\"https:\\\/\\\/www.proinca.es\\\/madridfansblog\\\/wp-content\\\/litespeed\\\/avatar\\\/ef51b25c0718910f475570320941ef46.jpg?ver=1777379772\",\"contentUrl\":\"https:\\\/\\\/www.proinca.es\\\/madridfansblog\\\/wp-content\\\/litespeed\\\/avatar\\\/ef51b25c0718910f475570320941ef46.jpg?ver=1777379772\",\"caption\":\"Ana Calero\"},\"description\":\"Licenciada en Ciencias Empresariales por la Universidad Aut\u00f3noma de Madrid. Forma parte del equipo de Apartamentos Proinca y es una enamorada de Madrid\",\"sameAs\":[\"https:\\\/\\\/www.proinca.es\\\/madridfansblog\\\/ana-calero\\\/\"]}]}<\/script>\n<!-- \/ Yoast SEO plugin. -->","yoast_head_json":{"title":"LA CIUDAD INVISIBLE:CAFETER\u00cdA MADRID","description":"La Ciudad Invisible una cafeter\u00eda-librer\u00eda muy acogedora repleta de gu\u00edas de viaje para consulta, compartir y comprar.Por MadridFansblog","robots":{"index":"index","follow":"follow","max-snippet":"max-snippet:-1","max-image-preview":"max-image-preview:large","max-video-preview":"max-video-preview:-1"},"canonical":"https:\/\/www.proinca.es\/madridfansblog\/la-ciudad-invisiblecafe-libreria-con-mucha-personalidad-en-madrid\/","og_locale":"es_ES","og_type":"article","og_title":"LA CIUDAD INVISIBLE:CAFETER\u00cdA MADRID","og_description":"La Ciudad Invisible una cafeter\u00eda-librer\u00eda muy acogedora repleta de gu\u00edas de viaje para consulta, compartir y comprar.Por MadridFansblog","og_url":"https:\/\/www.proinca.es\/madridfansblog\/la-ciudad-invisiblecafe-libreria-con-mucha-personalidad-en-madrid\/","og_site_name":"Blog Proinca Madrid","article_published_time":"2015-09-02T16:26:26+00:00","article_modified_time":"2025-05-28T13:59:16+00:00","og_image":[{"width":1000,"height":750,"url":"https:\/\/www.proinca.es\/madridfansblog\/wp-content\/uploads\/2015\/09\/la-ciudad-invisible.jpg","type":"image\/jpeg"}],"author":"Ana Calero","schema":{"@context":"https:\/\/schema.org","@graph":[{"@type":"Article","@id":"https:\/\/www.proinca.es\/madridfansblog\/la-ciudad-invisiblecafe-libreria-con-mucha-personalidad-en-madrid\/#article","isPartOf":{"@id":"https:\/\/www.proinca.es\/madridfansblog\/la-ciudad-invisiblecafe-libreria-con-mucha-personalidad-en-madrid\/"},"author":{"name":"Ana Calero","@id":"https:\/\/www.proinca.es\/madridfansblog\/#\/schema\/person\/8401adc89c0a0f5a3574c43326247f1e"},"headline":"LA CIUDAD INVISIBLE: CAF\u00c9-LIBRER\u00cdA CON MUCHA PERSONALIDAD EN MADRID","datePublished":"2015-09-02T16:26:26+00:00","dateModified":"2025-05-28T13:59:16+00:00","mainEntityOfPage":{"@id":"https:\/\/www.proinca.es\/madridfansblog\/la-ciudad-invisiblecafe-libreria-con-mucha-personalidad-en-madrid\/"},"wordCount":267,"publisher":{"@id":"https:\/\/www.proinca.es\/madridfansblog\/#organization"},"image":{"@id":"https:\/\/www.proinca.es\/madridfansblog\/la-ciudad-invisiblecafe-libreria-con-mucha-personalidad-en-madrid\/#primaryimage"},"thumbnailUrl":"https:\/\/www.proinca.es\/madridfansblog\/wp-content\/uploads\/2015\/09\/la-ciudad-invisible.jpg","keywords":["Afterwork","Libros","Madrid"],"articleSection":["VIVIR MADRID"],"inLanguage":"es"},{"@type":"WebPage","@id":"https:\/\/www.proinca.es\/madridfansblog\/la-ciudad-invisiblecafe-libreria-con-mucha-personalidad-en-madrid\/","url":"https:\/\/www.proinca.es\/madridfansblog\/la-ciudad-invisiblecafe-libreria-con-mucha-personalidad-en-madrid\/","name":"LA CIUDAD INVISIBLE:CAFETER\u00cdA MADRID","isPartOf":{"@id":"https:\/\/www.proinca.es\/madridfansblog\/#website"},"primaryImageOfPage":{"@id":"https:\/\/www.proinca.es\/madridfansblog\/la-ciudad-invisiblecafe-libreria-con-mucha-personalidad-en-madrid\/#primaryimage"},"image":{"@id":"https:\/\/www.proinca.es\/madridfansblog\/la-ciudad-invisiblecafe-libreria-con-mucha-personalidad-en-madrid\/#primaryimage"},"thumbnailUrl":"https:\/\/www.proinca.es\/madridfansblog\/wp-content\/uploads\/2015\/09\/la-ciudad-invisible.jpg","datePublished":"2015-09-02T16:26:26+00:00","dateModified":"2025-05-28T13:59:16+00:00","description":"La Ciudad Invisible una cafeter\u00eda-librer\u00eda muy acogedora repleta de gu\u00edas de viaje para consulta, compartir y comprar.Por MadridFansblog","inLanguage":"es","potentialAction":[{"@type":"ReadAction","target":["https:\/\/www.proinca.es\/madridfansblog\/la-ciudad-invisiblecafe-libreria-con-mucha-personalidad-en-madrid\/"]}]},{"@type":"ImageObject","inLanguage":"es","@id":"https:\/\/www.proinca.es\/madridfansblog\/la-ciudad-invisiblecafe-libreria-con-mucha-personalidad-en-madrid\/#primaryimage","url":"https:\/\/www.proinca.es\/madridfansblog\/wp-content\/uploads\/2015\/09\/la-ciudad-invisible.jpg","contentUrl":"https:\/\/www.proinca.es\/madridfansblog\/wp-content\/uploads\/2015\/09\/la-ciudad-invisible.jpg","width":1000,"height":750,"caption":"La ciudad invisible: caf\u00e9-librer\u00eda con mucha personalidad en Madrid"},{"@type":"WebSite","@id":"https:\/\/www.proinca.es\/madridfansblog\/#website","url":"https:\/\/www.proinca.es\/madridfansblog\/","name":"Madrid Fans Blog Proinca","description":"Pisos y apartamentos de alquiler en Madrid","publisher":{"@id":"https:\/\/www.proinca.es\/madridfansblog\/#organization"},"potentialAction":[{"@type":"SearchAction","target":{"@type":"EntryPoint","urlTemplate":"https:\/\/www.proinca.es\/madridfansblog\/?s={search_term_string}"},"query-input":{"@type":"PropertyValueSpecification","valueRequired":true,"valueName":"search_term_string"}}],"inLanguage":"es"},{"@type":"Organization","@id":"https:\/\/www.proinca.es\/madridfansblog\/#organization","name":"Proinca","url":"https:\/\/www.proinca.es\/madridfansblog\/","logo":{"@type":"ImageObject","inLanguage":"es","@id":"https:\/\/www.proinca.es\/madridfansblog\/#\/schema\/logo\/image\/","url":"https:\/\/www.proinca.es\/madridfansblog\/wp-content\/uploads\/2022\/03\/logo-proinca.jpg","contentUrl":"https:\/\/www.proinca.es\/madridfansblog\/wp-content\/uploads\/2022\/03\/logo-proinca.jpg","width":522,"height":250,"caption":"Proinca"},"image":{"@id":"https:\/\/www.proinca.es\/madridfansblog\/#\/schema\/logo\/image\/"}},{"@type":"Person","@id":"https:\/\/www.proinca.es\/madridfansblog\/#\/schema\/person\/8401adc89c0a0f5a3574c43326247f1e","name":"Ana Calero","image":{"@type":"ImageObject","inLanguage":"es","@id":"https:\/\/www.proinca.es\/madridfansblog\/wp-content\/litespeed\/avatar\/ef51b25c0718910f475570320941ef46.jpg?ver=1777379772","url":"https:\/\/www.proinca.es\/madridfansblog\/wp-content\/litespeed\/avatar\/ef51b25c0718910f475570320941ef46.jpg?ver=1777379772","contentUrl":"https:\/\/www.proinca.es\/madridfansblog\/wp-content\/litespeed\/avatar\/ef51b25c0718910f475570320941ef46.jpg?ver=1777379772","caption":"Ana Calero"},"description":"Licenciada en Ciencias Empresariales por la Universidad Aut\u00f3noma de Madrid. Forma parte del equipo de Apartamentos Proinca y es una enamorada de Madrid","sameAs":["https:\/\/www.proinca.es\/madridfansblog\/ana-calero\/"]}]}},"_links":{"self":[{"href":"https:\/\/www.proinca.es\/madridfansblog\/wp-json\/wp\/v2\/posts\/3975","targetHints":{"allow":["GET"]}}],"collection":[{"href":"https:\/\/www.proinca.es\/madridfansblog\/wp-json\/wp\/v2\/posts"}],"about":[{"href":"https:\/\/www.proinca.es\/madridfansblog\/wp-json\/wp\/v2\/types\/post"}],"author":[{"embeddable":true,"href":"https:\/\/www.proinca.es\/madridfansblog\/wp-json\/wp\/v2\/users\/4"}],"replies":[{"embeddable":true,"href":"https:\/\/www.proinca.es\/madridfansblog\/wp-json\/wp\/v2\/comments?post=3975"}],"version-history":[{"count":12,"href":"https:\/\/www.proinca.es\/madridfansblog\/wp-json\/wp\/v2\/posts\/3975\/revisions"}],"predecessor-version":[{"id":7615,"href":"https:\/\/www.proinca.es\/madridfansblog\/wp-json\/wp\/v2\/posts\/3975\/revisions\/7615"}],"wp:featuredmedia":[{"embeddable":true,"href":"https:\/\/www.proinca.es\/madridfansblog\/wp-json\/wp\/v2\/media\/7195"}],"wp:attachment":[{"href":"https:\/\/www.proinca.es\/madridfansblog\/wp-json\/wp\/v2\/media?parent=3975"}],"wp:term":[{"taxonomy":"category","embeddable":true,"href":"https:\/\/www.proinca.es\/madridfansblog\/wp-json\/wp\/v2\/categories?post=3975"},{"taxonomy":"post_tag","embeddable":true,"href":"https:\/\/www.proinca.es\/madridfansblog\/wp-json\/wp\/v2\/tags?post=3975"}],"curies":[{"name":"wp","href":"https:\/\/api.w.org\/{rel}","templated":true}]}}