{"id":4004,"date":"2015-09-22T18:56:17","date_gmt":"2015-09-22T16:56:17","guid":{"rendered":"http:\/\/www.proinca.es\/madridfansblog\/?p=4004"},"modified":"2025-05-28T15:59:21","modified_gmt":"2025-05-28T13:59:21","slug":"edificios-singulares-sin-los-que-madrid-no-seria-madrid","status":"publish","type":"post","link":"https:\/\/www.proinca.es\/madridfansblog\/edificios-singulares-sin-los-que-madrid-no-seria-madrid\/","title":{"rendered":"EDIFICIOS SINGULARES SIN LOS QUE MADRID NO SER\u00cdA MADRID"},"content":{"rendered":"<p>Quienes hemos nacido y vivido ligados a la capital madrile\u00f1a mantenemos en nuestra memoria <strong>edificios<\/strong> hist\u00f3ricos imborrables<!--more-->, aquellos que no hace mucho tiempo supusieron el m\u00e1ximo exponente en vanguardia de dise\u00f1o y arquitectura, y que gracias a sus curvas sinuosas y formas at\u00edpicas llamaban nuestra atenci\u00f3n en nuestro ir y venir por la gran ciudad. Hoy, muchos de ellos se mantienen como s\u00edmbolo de una \u00e9poca pasada, de un <strong>Madrid<\/strong> a\u00f1ejo; otros muchos han desaparecido\u2026.<\/p>\n<p>&#8211; <strong>Edificio Capitol<\/strong> (1931-1933), de Luis Mart\u00ednez-Feduchi y Vicente Eced. Se trata de una de las fachadas m\u00e1s populares de Madrid, aunque no sabemos si por su est\u00e9tica neoyorkina o porque todos recordamos al actor Santiago Segura colgado del m\u00edtico cartel de Schweppes en <em>El d\u00eda de la best\u00eda <\/em>(1995). Sea por lo que sea, es un emblema de la Gran V\u00eda madrile\u00f1a.<\/p>\n<p>&#8211; <strong>Torres Blancas<\/strong> (1964-1968). Obra de Francisco Javier S\u00e1enz de Oiza, estas torres destinadas a viviendas particulares en Coraz\u00f3n de Mar\u00eda daban la bienvenida a quienes se adentraban en Madrid por la N-II plante\u00e1ndose aquella inevitable pregunta de \u201c\u00bfhabr\u00e1n tenido que comprar los muebles redondos?\u201d<\/p>\n<p>&#8211; <strong>Las Torres de Col\u00f3n<\/strong> (1967-1976), de Antonio Lamela. Su cubierta superior de color verde y formas peculiares llam\u00f3 la atenci\u00f3n de los madrile\u00f1os y madrile\u00f1as una vez concluida, pero tambi\u00e9n lo hizo su m\u00e9todo de construcci\u00f3n, de arriba a abajo. Este edificio despierta tantas cr\u00edticas negativas como pasiones.<\/p>\n<p>&#8211; <strong>Sede del Tribunal Constitucional<\/strong> (1975-1981) o \u201cese edificio que tiene teclas de piano\u201d. Situado en la calle Domenico Scarlatti, el edificio del Tribunal Constitucional, obra de los arquitectos Antonio Bonet y Francisco G. Vald\u00e9s, cuenta con una peculiaridad por la que resulta imposible olvidar su imagen exterior: una forma trapezoidal \u00fanica asentada sobre una base cuyas formas asemejan las teclas de un piano, al menos para buena parte de los ni\u00f1os que contempl\u00e1bamos el edificio ya en los libros escolares.<\/p>\n<p>&#8211; <strong>Torres KIO<\/strong> (1989-1996). Son conocidas como Torres KIO debido a que fueron promovidas por la empresa kuwait\u00ed KIO (Kuwait Investments Office), sin embargo, el nombre real de este proyecto arquitect\u00f3nico es Puerta de Europa. Inclinadas la una hacia la otra, las Torres KIO fueron, durante mucho tiempo, el orgullo de la ciudad. Construidas al final de La Castellana, una de las principales arter\u00edas de la capital, <strong>Madrid<\/strong> adquiri\u00f3 con ellas un skyline innovador y de lo m\u00e1s peculiar.<\/p>\n<p>&#8211; <strong>Edificio Pagoda<\/strong> (1965-1967). Quiz\u00e1s muchos no lo recuerden, sin embargo, quienes transit\u00e1bamos esa zona de <strong>Madrid<\/strong> lamentamos mucho su derribo, no exento de pol\u00e9mica, en 1999. La obra arquitect\u00f3nica de Miguel Fisac, antigua sede de los Laboratorios JORBA y que en su d\u00eda nos pareci\u00f3 repleta de exotismo, supon\u00eda la materializaci\u00f3n de un dise\u00f1o geom\u00e9trico imposible. Ahora, persiste tan solo en nuestra memoria.<\/p>\n<p>Informaci\u00f3n patrocinada por\u00a0<strong><a title=\"Proinca apartamentos de alquiler en Madrid\" href=\"http:\/\/www.proinca.es\" target=\"_blank\" rel=\"noopener\">Proinca: Apartamentos de alquiler en Madrid<\/a><\/strong><\/p>\n\n\n<div class=\"kk-star-ratings kksr-auto kksr-align-left kksr-valign-bottom\"\n    data-payload='{&quot;align&quot;:&quot;left&quot;,&quot;id&quot;:&quot;4004&quot;,&quot;slug&quot;:&quot;default&quot;,&quot;valign&quot;:&quot;bottom&quot;,&quot;ignore&quot;:&quot;&quot;,&quot;reference&quot;:&quot;auto&quot;,&quot;class&quot;:&quot;&quot;,&quot;count&quot;:&quot;0&quot;,&quot;legendonly&quot;:&quot;&quot;,&quot;readonly&quot;:&quot;&quot;,&quot;score&quot;:&quot;0&quot;,&quot;starsonly&quot;:&quot;&quot;,&quot;best&quot;:&quot;5&quot;,&quot;gap&quot;:&quot;1&quot;,&quot;greet&quot;:&quot;Valora este art\u00edculo&quot;,&quot;legend&quot;:&quot;0\\\/5 - (0 votos)&quot;,&quot;size&quot;:&quot;24&quot;,&quot;title&quot;:&quot;EDIFICIOS SINGULARES SIN LOS QUE MADRID NO SER\u00cdA MADRID&quot;,&quot;width&quot;:&quot;0&quot;,&quot;_legend&quot;:&quot;{score}\\\/{best} - ({count} {votes})&quot;,&quot;font_factor&quot;:&quot;1.25&quot;}'>\n            \n<div class=\"kksr-stars\">\n    \n<div class=\"kksr-stars-inactive\">\n            <div class=\"kksr-star\" data-star=\"1\" style=\"padding-right: 1px\">\n            \n\n<div class=\"kksr-icon\" style=\"width: 24px; height: 24px;\"><\/div>\n        <\/div>\n            <div class=\"kksr-star\" data-star=\"2\" style=\"padding-right: 1px\">\n            \n\n<div class=\"kksr-icon\" style=\"width: 24px; height: 24px;\"><\/div>\n        <\/div>\n            <div class=\"kksr-star\" data-star=\"3\" style=\"padding-right: 1px\">\n            \n\n<div class=\"kksr-icon\" style=\"width: 24px; height: 24px;\"><\/div>\n        <\/div>\n            <div class=\"kksr-star\" data-star=\"4\" style=\"padding-right: 1px\">\n            \n\n<div class=\"kksr-icon\" style=\"width: 24px; height: 24px;\"><\/div>\n        <\/div>\n            <div class=\"kksr-star\" data-star=\"5\" style=\"padding-right: 1px\">\n            \n\n<div class=\"kksr-icon\" style=\"width: 24px; height: 24px;\"><\/div>\n        <\/div>\n    <\/div>\n    \n<div class=\"kksr-stars-active\" style=\"width: 0px;\">\n            <div class=\"kksr-star\" style=\"padding-right: 1px\">\n            \n\n<div class=\"kksr-icon\" style=\"width: 24px; height: 24px;\"><\/div>\n        <\/div>\n            <div class=\"kksr-star\" style=\"padding-right: 1px\">\n            \n\n<div class=\"kksr-icon\" style=\"width: 24px; height: 24px;\"><\/div>\n        <\/div>\n            <div class=\"kksr-star\" style=\"padding-right: 1px\">\n            \n\n<div class=\"kksr-icon\" style=\"width: 24px; height: 24px;\"><\/div>\n        <\/div>\n            <div class=\"kksr-star\" style=\"padding-right: 1px\">\n            \n\n<div class=\"kksr-icon\" style=\"width: 24px; height: 24px;\"><\/div>\n        <\/div>\n            <div class=\"kksr-star\" style=\"padding-right: 1px\">\n            \n\n<div class=\"kksr-icon\" style=\"width: 24px; height: 24px;\"><\/div>\n        <\/div>\n    <\/div>\n<\/div>\n                \n\n<div class=\"kksr-legend\" style=\"font-size: 19.2px;\">\n            <span class=\"kksr-muted\">Valora este art\u00edculo<\/span>\n    <\/div>\n    <\/div>\n","protected":false},"excerpt":{"rendered":"<p>Quienes hemos nacido y vivido ligados a la capital madrile\u00f1a  [&#8230;]<\/p>\n","protected":false},"author":4,"featured_media":7200,"comment_status":"closed","ping_status":"closed","sticky":false,"template":"","format":"standard","meta":{"footnotes":""},"categories":[79],"tags":[38,5],"class_list":["post-4004","post","type-post","status-publish","format-standard","has-post-thumbnail","hentry","category-vivir-madrid","tag-arquitectura","tag-madrid"],"yoast_head":"<!-- This site is optimized with the Yoast SEO plugin v27.4 - https:\/\/yoast.com\/product\/yoast-seo-wordpress\/ -->\n<title>Edificios singulares de Madrid.<\/title>\n<meta name=\"description\" content=\"Edificios hist\u00f3ricos de Madrid, que hasta no hace mucho tiempo supusieron el m\u00e1ximo exponente en vanguardia de dise\u00f1o y arquitectura. Por MadridFansblog\" \/>\n<meta name=\"robots\" content=\"index, follow, max-snippet:-1, max-image-preview:large, max-video-preview:-1\" \/>\n<link rel=\"canonical\" href=\"https:\/\/www.proinca.es\/madridfansblog\/edificios-singulares-sin-los-que-madrid-no-seria-madrid\/\" \/>\n<meta property=\"og:locale\" content=\"es_ES\" \/>\n<meta property=\"og:type\" content=\"article\" \/>\n<meta property=\"og:title\" content=\"Edificios singulares de Madrid.\" \/>\n<meta property=\"og:description\" content=\"Edificios hist\u00f3ricos de Madrid, que hasta no hace mucho tiempo supusieron el m\u00e1ximo exponente en vanguardia de dise\u00f1o y arquitectura. Por MadridFansblog\" \/>\n<meta property=\"og:url\" content=\"https:\/\/www.proinca.es\/madridfansblog\/edificios-singulares-sin-los-que-madrid-no-seria-madrid\/\" \/>\n<meta property=\"og:site_name\" content=\"Blog Proinca Madrid\" \/>\n<meta property=\"article:published_time\" content=\"2015-09-22T16:56:17+00:00\" \/>\n<meta property=\"article:modified_time\" content=\"2025-05-28T13:59:21+00:00\" \/>\n<meta property=\"og:image\" content=\"https:\/\/www.proinca.es\/madridfansblog\/wp-content\/uploads\/2015\/09\/edificios-singulares.jpg\" \/>\n\t<meta property=\"og:image:width\" content=\"1000\" \/>\n\t<meta property=\"og:image:height\" content=\"606\" \/>\n\t<meta property=\"og:image:type\" content=\"image\/jpeg\" \/>\n<meta name=\"author\" content=\"Ana Calero\" \/>\n<script type=\"application\/ld+json\" class=\"yoast-schema-graph\">{\"@context\":\"https:\\\/\\\/schema.org\",\"@graph\":[{\"@type\":\"Article\",\"@id\":\"https:\\\/\\\/www.proinca.es\\\/madridfansblog\\\/edificios-singulares-sin-los-que-madrid-no-seria-madrid\\\/#article\",\"isPartOf\":{\"@id\":\"https:\\\/\\\/www.proinca.es\\\/madridfansblog\\\/edificios-singulares-sin-los-que-madrid-no-seria-madrid\\\/\"},\"author\":{\"name\":\"Ana Calero\",\"@id\":\"https:\\\/\\\/www.proinca.es\\\/madridfansblog\\\/#\\\/schema\\\/person\\\/8401adc89c0a0f5a3574c43326247f1e\"},\"headline\":\"EDIFICIOS SINGULARES SIN LOS QUE MADRID NO SER\u00cdA MADRID\",\"datePublished\":\"2015-09-22T16:56:17+00:00\",\"dateModified\":\"2025-05-28T13:59:21+00:00\",\"mainEntityOfPage\":{\"@id\":\"https:\\\/\\\/www.proinca.es\\\/madridfansblog\\\/edificios-singulares-sin-los-que-madrid-no-seria-madrid\\\/\"},\"wordCount\":518,\"publisher\":{\"@id\":\"https:\\\/\\\/www.proinca.es\\\/madridfansblog\\\/#organization\"},\"image\":{\"@id\":\"https:\\\/\\\/www.proinca.es\\\/madridfansblog\\\/edificios-singulares-sin-los-que-madrid-no-seria-madrid\\\/#primaryimage\"},\"thumbnailUrl\":\"https:\\\/\\\/www.proinca.es\\\/madridfansblog\\\/wp-content\\\/uploads\\\/2015\\\/09\\\/edificios-singulares.jpg\",\"keywords\":[\"Arquitectura\",\"Madrid\"],\"articleSection\":[\"VIVIR MADRID\"],\"inLanguage\":\"es\"},{\"@type\":\"WebPage\",\"@id\":\"https:\\\/\\\/www.proinca.es\\\/madridfansblog\\\/edificios-singulares-sin-los-que-madrid-no-seria-madrid\\\/\",\"url\":\"https:\\\/\\\/www.proinca.es\\\/madridfansblog\\\/edificios-singulares-sin-los-que-madrid-no-seria-madrid\\\/\",\"name\":\"Edificios singulares de Madrid.\",\"isPartOf\":{\"@id\":\"https:\\\/\\\/www.proinca.es\\\/madridfansblog\\\/#website\"},\"primaryImageOfPage\":{\"@id\":\"https:\\\/\\\/www.proinca.es\\\/madridfansblog\\\/edificios-singulares-sin-los-que-madrid-no-seria-madrid\\\/#primaryimage\"},\"image\":{\"@id\":\"https:\\\/\\\/www.proinca.es\\\/madridfansblog\\\/edificios-singulares-sin-los-que-madrid-no-seria-madrid\\\/#primaryimage\"},\"thumbnailUrl\":\"https:\\\/\\\/www.proinca.es\\\/madridfansblog\\\/wp-content\\\/uploads\\\/2015\\\/09\\\/edificios-singulares.jpg\",\"datePublished\":\"2015-09-22T16:56:17+00:00\",\"dateModified\":\"2025-05-28T13:59:21+00:00\",\"description\":\"Edificios hist\u00f3ricos de Madrid, que hasta no hace mucho tiempo supusieron el m\u00e1ximo exponente en vanguardia de dise\u00f1o y arquitectura. Por MadridFansblog\",\"inLanguage\":\"es\",\"potentialAction\":[{\"@type\":\"ReadAction\",\"target\":[\"https:\\\/\\\/www.proinca.es\\\/madridfansblog\\\/edificios-singulares-sin-los-que-madrid-no-seria-madrid\\\/\"]}]},{\"@type\":\"ImageObject\",\"inLanguage\":\"es\",\"@id\":\"https:\\\/\\\/www.proinca.es\\\/madridfansblog\\\/edificios-singulares-sin-los-que-madrid-no-seria-madrid\\\/#primaryimage\",\"url\":\"https:\\\/\\\/www.proinca.es\\\/madridfansblog\\\/wp-content\\\/uploads\\\/2015\\\/09\\\/edificios-singulares.jpg\",\"contentUrl\":\"https:\\\/\\\/www.proinca.es\\\/madridfansblog\\\/wp-content\\\/uploads\\\/2015\\\/09\\\/edificios-singulares.jpg\",\"width\":1000,\"height\":606,\"caption\":\"Edificios singulares sin los que Madrid no ser\u00eda Madrid\"},{\"@type\":\"WebSite\",\"@id\":\"https:\\\/\\\/www.proinca.es\\\/madridfansblog\\\/#website\",\"url\":\"https:\\\/\\\/www.proinca.es\\\/madridfansblog\\\/\",\"name\":\"Madrid Fans Blog Proinca\",\"description\":\"Pisos y apartamentos de alquiler en Madrid\",\"publisher\":{\"@id\":\"https:\\\/\\\/www.proinca.es\\\/madridfansblog\\\/#organization\"},\"potentialAction\":[{\"@type\":\"SearchAction\",\"target\":{\"@type\":\"EntryPoint\",\"urlTemplate\":\"https:\\\/\\\/www.proinca.es\\\/madridfansblog\\\/?s={search_term_string}\"},\"query-input\":{\"@type\":\"PropertyValueSpecification\",\"valueRequired\":true,\"valueName\":\"search_term_string\"}}],\"inLanguage\":\"es\"},{\"@type\":\"Organization\",\"@id\":\"https:\\\/\\\/www.proinca.es\\\/madridfansblog\\\/#organization\",\"name\":\"Proinca\",\"url\":\"https:\\\/\\\/www.proinca.es\\\/madridfansblog\\\/\",\"logo\":{\"@type\":\"ImageObject\",\"inLanguage\":\"es\",\"@id\":\"https:\\\/\\\/www.proinca.es\\\/madridfansblog\\\/#\\\/schema\\\/logo\\\/image\\\/\",\"url\":\"https:\\\/\\\/www.proinca.es\\\/madridfansblog\\\/wp-content\\\/uploads\\\/2022\\\/03\\\/logo-proinca.jpg\",\"contentUrl\":\"https:\\\/\\\/www.proinca.es\\\/madridfansblog\\\/wp-content\\\/uploads\\\/2022\\\/03\\\/logo-proinca.jpg\",\"width\":522,\"height\":250,\"caption\":\"Proinca\"},\"image\":{\"@id\":\"https:\\\/\\\/www.proinca.es\\\/madridfansblog\\\/#\\\/schema\\\/logo\\\/image\\\/\"}},{\"@type\":\"Person\",\"@id\":\"https:\\\/\\\/www.proinca.es\\\/madridfansblog\\\/#\\\/schema\\\/person\\\/8401adc89c0a0f5a3574c43326247f1e\",\"name\":\"Ana Calero\",\"image\":{\"@type\":\"ImageObject\",\"inLanguage\":\"es\",\"@id\":\"https:\\\/\\\/www.proinca.es\\\/madridfansblog\\\/wp-content\\\/litespeed\\\/avatar\\\/ef51b25c0718910f475570320941ef46.jpg?ver=1777379772\",\"url\":\"https:\\\/\\\/www.proinca.es\\\/madridfansblog\\\/wp-content\\\/litespeed\\\/avatar\\\/ef51b25c0718910f475570320941ef46.jpg?ver=1777379772\",\"contentUrl\":\"https:\\\/\\\/www.proinca.es\\\/madridfansblog\\\/wp-content\\\/litespeed\\\/avatar\\\/ef51b25c0718910f475570320941ef46.jpg?ver=1777379772\",\"caption\":\"Ana Calero\"},\"description\":\"Licenciada en Ciencias Empresariales por la Universidad Aut\u00f3noma de Madrid. Forma parte del equipo de Apartamentos Proinca y es una enamorada de Madrid\",\"sameAs\":[\"https:\\\/\\\/www.proinca.es\\\/madridfansblog\\\/ana-calero\\\/\"]}]}<\/script>\n<!-- \/ Yoast SEO plugin. -->","yoast_head_json":{"title":"Edificios singulares de Madrid.","description":"Edificios hist\u00f3ricos de Madrid, que hasta no hace mucho tiempo supusieron el m\u00e1ximo exponente en vanguardia de dise\u00f1o y arquitectura. Por MadridFansblog","robots":{"index":"index","follow":"follow","max-snippet":"max-snippet:-1","max-image-preview":"max-image-preview:large","max-video-preview":"max-video-preview:-1"},"canonical":"https:\/\/www.proinca.es\/madridfansblog\/edificios-singulares-sin-los-que-madrid-no-seria-madrid\/","og_locale":"es_ES","og_type":"article","og_title":"Edificios singulares de Madrid.","og_description":"Edificios hist\u00f3ricos de Madrid, que hasta no hace mucho tiempo supusieron el m\u00e1ximo exponente en vanguardia de dise\u00f1o y arquitectura. Por MadridFansblog","og_url":"https:\/\/www.proinca.es\/madridfansblog\/edificios-singulares-sin-los-que-madrid-no-seria-madrid\/","og_site_name":"Blog Proinca Madrid","article_published_time":"2015-09-22T16:56:17+00:00","article_modified_time":"2025-05-28T13:59:21+00:00","og_image":[{"width":1000,"height":606,"url":"https:\/\/www.proinca.es\/madridfansblog\/wp-content\/uploads\/2015\/09\/edificios-singulares.jpg","type":"image\/jpeg"}],"author":"Ana Calero","schema":{"@context":"https:\/\/schema.org","@graph":[{"@type":"Article","@id":"https:\/\/www.proinca.es\/madridfansblog\/edificios-singulares-sin-los-que-madrid-no-seria-madrid\/#article","isPartOf":{"@id":"https:\/\/www.proinca.es\/madridfansblog\/edificios-singulares-sin-los-que-madrid-no-seria-madrid\/"},"author":{"name":"Ana Calero","@id":"https:\/\/www.proinca.es\/madridfansblog\/#\/schema\/person\/8401adc89c0a0f5a3574c43326247f1e"},"headline":"EDIFICIOS SINGULARES SIN LOS QUE MADRID NO SER\u00cdA MADRID","datePublished":"2015-09-22T16:56:17+00:00","dateModified":"2025-05-28T13:59:21+00:00","mainEntityOfPage":{"@id":"https:\/\/www.proinca.es\/madridfansblog\/edificios-singulares-sin-los-que-madrid-no-seria-madrid\/"},"wordCount":518,"publisher":{"@id":"https:\/\/www.proinca.es\/madridfansblog\/#organization"},"image":{"@id":"https:\/\/www.proinca.es\/madridfansblog\/edificios-singulares-sin-los-que-madrid-no-seria-madrid\/#primaryimage"},"thumbnailUrl":"https:\/\/www.proinca.es\/madridfansblog\/wp-content\/uploads\/2015\/09\/edificios-singulares.jpg","keywords":["Arquitectura","Madrid"],"articleSection":["VIVIR MADRID"],"inLanguage":"es"},{"@type":"WebPage","@id":"https:\/\/www.proinca.es\/madridfansblog\/edificios-singulares-sin-los-que-madrid-no-seria-madrid\/","url":"https:\/\/www.proinca.es\/madridfansblog\/edificios-singulares-sin-los-que-madrid-no-seria-madrid\/","name":"Edificios singulares de Madrid.","isPartOf":{"@id":"https:\/\/www.proinca.es\/madridfansblog\/#website"},"primaryImageOfPage":{"@id":"https:\/\/www.proinca.es\/madridfansblog\/edificios-singulares-sin-los-que-madrid-no-seria-madrid\/#primaryimage"},"image":{"@id":"https:\/\/www.proinca.es\/madridfansblog\/edificios-singulares-sin-los-que-madrid-no-seria-madrid\/#primaryimage"},"thumbnailUrl":"https:\/\/www.proinca.es\/madridfansblog\/wp-content\/uploads\/2015\/09\/edificios-singulares.jpg","datePublished":"2015-09-22T16:56:17+00:00","dateModified":"2025-05-28T13:59:21+00:00","description":"Edificios hist\u00f3ricos de Madrid, que hasta no hace mucho tiempo supusieron el m\u00e1ximo exponente en vanguardia de dise\u00f1o y arquitectura. Por MadridFansblog","inLanguage":"es","potentialAction":[{"@type":"ReadAction","target":["https:\/\/www.proinca.es\/madridfansblog\/edificios-singulares-sin-los-que-madrid-no-seria-madrid\/"]}]},{"@type":"ImageObject","inLanguage":"es","@id":"https:\/\/www.proinca.es\/madridfansblog\/edificios-singulares-sin-los-que-madrid-no-seria-madrid\/#primaryimage","url":"https:\/\/www.proinca.es\/madridfansblog\/wp-content\/uploads\/2015\/09\/edificios-singulares.jpg","contentUrl":"https:\/\/www.proinca.es\/madridfansblog\/wp-content\/uploads\/2015\/09\/edificios-singulares.jpg","width":1000,"height":606,"caption":"Edificios singulares sin los que Madrid no ser\u00eda Madrid"},{"@type":"WebSite","@id":"https:\/\/www.proinca.es\/madridfansblog\/#website","url":"https:\/\/www.proinca.es\/madridfansblog\/","name":"Madrid Fans Blog Proinca","description":"Pisos y apartamentos de alquiler en Madrid","publisher":{"@id":"https:\/\/www.proinca.es\/madridfansblog\/#organization"},"potentialAction":[{"@type":"SearchAction","target":{"@type":"EntryPoint","urlTemplate":"https:\/\/www.proinca.es\/madridfansblog\/?s={search_term_string}"},"query-input":{"@type":"PropertyValueSpecification","valueRequired":true,"valueName":"search_term_string"}}],"inLanguage":"es"},{"@type":"Organization","@id":"https:\/\/www.proinca.es\/madridfansblog\/#organization","name":"Proinca","url":"https:\/\/www.proinca.es\/madridfansblog\/","logo":{"@type":"ImageObject","inLanguage":"es","@id":"https:\/\/www.proinca.es\/madridfansblog\/#\/schema\/logo\/image\/","url":"https:\/\/www.proinca.es\/madridfansblog\/wp-content\/uploads\/2022\/03\/logo-proinca.jpg","contentUrl":"https:\/\/www.proinca.es\/madridfansblog\/wp-content\/uploads\/2022\/03\/logo-proinca.jpg","width":522,"height":250,"caption":"Proinca"},"image":{"@id":"https:\/\/www.proinca.es\/madridfansblog\/#\/schema\/logo\/image\/"}},{"@type":"Person","@id":"https:\/\/www.proinca.es\/madridfansblog\/#\/schema\/person\/8401adc89c0a0f5a3574c43326247f1e","name":"Ana Calero","image":{"@type":"ImageObject","inLanguage":"es","@id":"https:\/\/www.proinca.es\/madridfansblog\/wp-content\/litespeed\/avatar\/ef51b25c0718910f475570320941ef46.jpg?ver=1777379772","url":"https:\/\/www.proinca.es\/madridfansblog\/wp-content\/litespeed\/avatar\/ef51b25c0718910f475570320941ef46.jpg?ver=1777379772","contentUrl":"https:\/\/www.proinca.es\/madridfansblog\/wp-content\/litespeed\/avatar\/ef51b25c0718910f475570320941ef46.jpg?ver=1777379772","caption":"Ana Calero"},"description":"Licenciada en Ciencias Empresariales por la Universidad Aut\u00f3noma de Madrid. Forma parte del equipo de Apartamentos Proinca y es una enamorada de Madrid","sameAs":["https:\/\/www.proinca.es\/madridfansblog\/ana-calero\/"]}]}},"_links":{"self":[{"href":"https:\/\/www.proinca.es\/madridfansblog\/wp-json\/wp\/v2\/posts\/4004","targetHints":{"allow":["GET"]}}],"collection":[{"href":"https:\/\/www.proinca.es\/madridfansblog\/wp-json\/wp\/v2\/posts"}],"about":[{"href":"https:\/\/www.proinca.es\/madridfansblog\/wp-json\/wp\/v2\/types\/post"}],"author":[{"embeddable":true,"href":"https:\/\/www.proinca.es\/madridfansblog\/wp-json\/wp\/v2\/users\/4"}],"replies":[{"embeddable":true,"href":"https:\/\/www.proinca.es\/madridfansblog\/wp-json\/wp\/v2\/comments?post=4004"}],"version-history":[{"count":15,"href":"https:\/\/www.proinca.es\/madridfansblog\/wp-json\/wp\/v2\/posts\/4004\/revisions"}],"predecessor-version":[{"id":7377,"href":"https:\/\/www.proinca.es\/madridfansblog\/wp-json\/wp\/v2\/posts\/4004\/revisions\/7377"}],"wp:featuredmedia":[{"embeddable":true,"href":"https:\/\/www.proinca.es\/madridfansblog\/wp-json\/wp\/v2\/media\/7200"}],"wp:attachment":[{"href":"https:\/\/www.proinca.es\/madridfansblog\/wp-json\/wp\/v2\/media?parent=4004"}],"wp:term":[{"taxonomy":"category","embeddable":true,"href":"https:\/\/www.proinca.es\/madridfansblog\/wp-json\/wp\/v2\/categories?post=4004"},{"taxonomy":"post_tag","embeddable":true,"href":"https:\/\/www.proinca.es\/madridfansblog\/wp-json\/wp\/v2\/tags?post=4004"}],"curies":[{"name":"wp","href":"https:\/\/api.w.org\/{rel}","templated":true}]}}