{"id":4030,"date":"2015-09-30T19:48:46","date_gmt":"2015-09-30T17:48:46","guid":{"rendered":"http:\/\/www.proinca.es\/madridfansblog\/?p=4030"},"modified":"2025-05-28T15:59:24","modified_gmt":"2025-05-28T13:59:24","slug":"lost-and-found-market-llega-de-nuevo-a-conde-duque-de-madrid","status":"publish","type":"post","link":"https:\/\/www.proinca.es\/madridfansblog\/lost-and-found-market-llega-de-nuevo-a-conde-duque-de-madrid\/","title":{"rendered":"LOST AND FOUND MARKET LLEGA DE NUEVO A CONDE DUQUE DE MADRID"},"content":{"rendered":"<p>Hace mucho tiempo que no hace falta viajar a Londres para disfrutar del ambiente sinigual que aporta un <strong>mercadillo<\/strong> de objetos, ropa y complementos vintage.<!--more--> En <strong>Madrid<\/strong> tenemos algunos buenos ejemplos, el m\u00e1s pr\u00f3ximo, <strong>Lost and Found Market<\/strong>, que tras siete a\u00f1os de \u00e9xito en Barcelona decidi\u00f3 celebrar su edici\u00f3n n\u00famero uno el pasado mes de junio en la capital madrile\u00f1a, y vista la acogida, los organizadores han decidido repetir, la segunda cita ser\u00e1 el pr\u00f3ximo fin de semana, 3 y 4 de octubre.<\/p>\n<p>El escenario elegido para este encuentro con los fans del \u201csegunda mano\u201d y la cultura alternativa es el espacio cultural <strong>Conde Duque<\/strong>, donde se dar\u00e1n cita vendedores de moda y complementos, m\u00fasica, decoraci\u00f3n, libros\u2026, y artistas musicales y gastron\u00f3micos, ya que adem\u00e1s de DJs contaremos con la presencia de foodtrucks.<\/p>\n<p>En resumen, que si quieres pasar un buen d\u00eda buscando colecciones imposibles, accesorios de otras \u00e9pocas, escuchando buena m\u00fasica y tomando un aperitivo al aire libre, no puedes perderte esta cita, \u00bfacaso tienes mejor plan? No siempre se puede disfrutar de un <strong>mercadillo<\/strong> vintage en <strong>Madrid<\/strong>\u2026<\/p>\n<p>Por cierto, aun est\u00e1s a tiempo de inscribirte como participante poniendo a la venta tus objetos personales, puedes hacerlo desde la p\u00e1gina web del evento. Si prefieres mirar y comprar, no tienes que hacer nada, solo personarte en las instalaciones de <strong>Conde Duque<\/strong> dispuesto a disfrutar de un ambiente festivo y buen rollo.<\/p>\n<p>Informaci\u00f3n patrocinada por\u00a0<strong><a title=\"Proinca apartamentos de alquiler en Madrid\" href=\"http:\/\/www.proinca.es\" target=\"_blank\" rel=\"noopener\">Proinca: Apartamentos de alquiler en Madrid<\/a><\/strong><\/p>\n<p>Fuente imagen: lostfoundmarket.com\/mad<\/p>\n\n\n<div class=\"kk-star-ratings kksr-auto kksr-align-left kksr-valign-bottom\"\n    data-payload='{&quot;align&quot;:&quot;left&quot;,&quot;id&quot;:&quot;4030&quot;,&quot;slug&quot;:&quot;default&quot;,&quot;valign&quot;:&quot;bottom&quot;,&quot;ignore&quot;:&quot;&quot;,&quot;reference&quot;:&quot;auto&quot;,&quot;class&quot;:&quot;&quot;,&quot;count&quot;:&quot;0&quot;,&quot;legendonly&quot;:&quot;&quot;,&quot;readonly&quot;:&quot;&quot;,&quot;score&quot;:&quot;0&quot;,&quot;starsonly&quot;:&quot;&quot;,&quot;best&quot;:&quot;5&quot;,&quot;gap&quot;:&quot;1&quot;,&quot;greet&quot;:&quot;Valora este art\u00edculo&quot;,&quot;legend&quot;:&quot;0\\\/5 - (0 votos)&quot;,&quot;size&quot;:&quot;24&quot;,&quot;title&quot;:&quot;LOST AND FOUND MARKET LLEGA DE NUEVO A CONDE DUQUE DE MADRID&quot;,&quot;width&quot;:&quot;0&quot;,&quot;_legend&quot;:&quot;{score}\\\/{best} - ({count} {votes})&quot;,&quot;font_factor&quot;:&quot;1.25&quot;}'>\n            \n<div class=\"kksr-stars\">\n    \n<div class=\"kksr-stars-inactive\">\n            <div class=\"kksr-star\" data-star=\"1\" style=\"padding-right: 1px\">\n            \n\n<div class=\"kksr-icon\" style=\"width: 24px; height: 24px;\"><\/div>\n        <\/div>\n            <div class=\"kksr-star\" data-star=\"2\" style=\"padding-right: 1px\">\n            \n\n<div class=\"kksr-icon\" style=\"width: 24px; height: 24px;\"><\/div>\n        <\/div>\n            <div class=\"kksr-star\" data-star=\"3\" style=\"padding-right: 1px\">\n            \n\n<div class=\"kksr-icon\" style=\"width: 24px; height: 24px;\"><\/div>\n        <\/div>\n            <div class=\"kksr-star\" data-star=\"4\" style=\"padding-right: 1px\">\n            \n\n<div class=\"kksr-icon\" style=\"width: 24px; height: 24px;\"><\/div>\n        <\/div>\n            <div class=\"kksr-star\" data-star=\"5\" style=\"padding-right: 1px\">\n            \n\n<div class=\"kksr-icon\" style=\"width: 24px; height: 24px;\"><\/div>\n        <\/div>\n    <\/div>\n    \n<div class=\"kksr-stars-active\" style=\"width: 0px;\">\n            <div class=\"kksr-star\" style=\"padding-right: 1px\">\n            \n\n<div class=\"kksr-icon\" style=\"width: 24px; height: 24px;\"><\/div>\n        <\/div>\n            <div class=\"kksr-star\" style=\"padding-right: 1px\">\n            \n\n<div class=\"kksr-icon\" style=\"width: 24px; height: 24px;\"><\/div>\n        <\/div>\n            <div class=\"kksr-star\" style=\"padding-right: 1px\">\n            \n\n<div class=\"kksr-icon\" style=\"width: 24px; height: 24px;\"><\/div>\n        <\/div>\n            <div class=\"kksr-star\" style=\"padding-right: 1px\">\n            \n\n<div class=\"kksr-icon\" style=\"width: 24px; height: 24px;\"><\/div>\n        <\/div>\n            <div class=\"kksr-star\" style=\"padding-right: 1px\">\n            \n\n<div class=\"kksr-icon\" style=\"width: 24px; height: 24px;\"><\/div>\n        <\/div>\n    <\/div>\n<\/div>\n                \n\n<div class=\"kksr-legend\" style=\"font-size: 19.2px;\">\n            <span class=\"kksr-muted\">Valora este art\u00edculo<\/span>\n    <\/div>\n    <\/div>\n","protected":false},"excerpt":{"rendered":"<p>Hace mucho tiempo que no hace falta viajar a Londres  [&#8230;]<\/p>\n","protected":false},"author":4,"featured_media":4035,"comment_status":"closed","ping_status":"closed","sticky":false,"template":"","format":"standard","meta":{"footnotes":""},"categories":[79],"tags":[30,35,43],"class_list":["post-4030","post","type-post","status-publish","format-standard","has-post-thumbnail","hentry","category-vivir-madrid","tag-gastronomia","tag-gratis","tag-shopping"],"yoast_head":"<!-- This site is optimized with the Yoast SEO plugin v27.4 - https:\/\/yoast.com\/product\/yoast-seo-wordpress\/ -->\n<title>Lost &amp;Found market Conde Duque en Madrid<\/title>\n<meta name=\"description\" content=\"Lost &amp; Found market llega de nuevo a Conde Duque de Madrid, disfruta del ambiente de un mercadillo de objetos, ropa y complementos vintage.Por MadridFansblog\" \/>\n<meta name=\"robots\" content=\"index, follow, max-snippet:-1, max-image-preview:large, max-video-preview:-1\" \/>\n<link rel=\"canonical\" href=\"https:\/\/www.proinca.es\/madridfansblog\/lost-and-found-market-llega-de-nuevo-a-conde-duque-de-madrid\/\" \/>\n<meta property=\"og:locale\" content=\"es_ES\" \/>\n<meta property=\"og:type\" content=\"article\" \/>\n<meta property=\"og:title\" content=\"Lost &amp;Found market Conde Duque en Madrid\" \/>\n<meta property=\"og:description\" content=\"Lost &amp; Found market llega de nuevo a Conde Duque de Madrid, disfruta del ambiente de un mercadillo de objetos, ropa y complementos vintage.Por MadridFansblog\" \/>\n<meta property=\"og:url\" content=\"https:\/\/www.proinca.es\/madridfansblog\/lost-and-found-market-llega-de-nuevo-a-conde-duque-de-madrid\/\" \/>\n<meta property=\"og:site_name\" content=\"Blog Proinca Madrid\" \/>\n<meta property=\"article:published_time\" content=\"2015-09-30T17:48:46+00:00\" \/>\n<meta property=\"article:modified_time\" content=\"2025-05-28T13:59:24+00:00\" \/>\n<meta property=\"og:image\" content=\"https:\/\/www.proinca.es\/madridfansblog\/wp-content\/uploads\/2015\/09\/proinca_madridfansblog_lost_and_found_market_conde_duque_mercadillo_madrid_1.jpg\" \/>\n\t<meta property=\"og:image:width\" content=\"500\" \/>\n\t<meta property=\"og:image:height\" content=\"636\" \/>\n\t<meta property=\"og:image:type\" content=\"image\/jpeg\" \/>\n<meta name=\"author\" content=\"Ana Calero\" \/>\n<script type=\"application\/ld+json\" class=\"yoast-schema-graph\">{\"@context\":\"https:\\\/\\\/schema.org\",\"@graph\":[{\"@type\":\"Article\",\"@id\":\"https:\\\/\\\/www.proinca.es\\\/madridfansblog\\\/lost-and-found-market-llega-de-nuevo-a-conde-duque-de-madrid\\\/#article\",\"isPartOf\":{\"@id\":\"https:\\\/\\\/www.proinca.es\\\/madridfansblog\\\/lost-and-found-market-llega-de-nuevo-a-conde-duque-de-madrid\\\/\"},\"author\":{\"name\":\"Ana Calero\",\"@id\":\"https:\\\/\\\/www.proinca.es\\\/madridfansblog\\\/#\\\/schema\\\/person\\\/8401adc89c0a0f5a3574c43326247f1e\"},\"headline\":\"LOST AND FOUND MARKET LLEGA DE NUEVO A CONDE DUQUE DE MADRID\",\"datePublished\":\"2015-09-30T17:48:46+00:00\",\"dateModified\":\"2025-05-28T13:59:24+00:00\",\"mainEntityOfPage\":{\"@id\":\"https:\\\/\\\/www.proinca.es\\\/madridfansblog\\\/lost-and-found-market-llega-de-nuevo-a-conde-duque-de-madrid\\\/\"},\"wordCount\":274,\"publisher\":{\"@id\":\"https:\\\/\\\/www.proinca.es\\\/madridfansblog\\\/#organization\"},\"image\":{\"@id\":\"https:\\\/\\\/www.proinca.es\\\/madridfansblog\\\/lost-and-found-market-llega-de-nuevo-a-conde-duque-de-madrid\\\/#primaryimage\"},\"thumbnailUrl\":\"https:\\\/\\\/www.proinca.es\\\/madridfansblog\\\/wp-content\\\/uploads\\\/2015\\\/09\\\/proinca_madridfansblog_lost_and_found_market_conde_duque_mercadillo_madrid_1.jpg\",\"keywords\":[\"Gastronom\u00eda\",\"Gratis\",\"Shopping\"],\"articleSection\":[\"VIVIR MADRID\"],\"inLanguage\":\"es\"},{\"@type\":\"WebPage\",\"@id\":\"https:\\\/\\\/www.proinca.es\\\/madridfansblog\\\/lost-and-found-market-llega-de-nuevo-a-conde-duque-de-madrid\\\/\",\"url\":\"https:\\\/\\\/www.proinca.es\\\/madridfansblog\\\/lost-and-found-market-llega-de-nuevo-a-conde-duque-de-madrid\\\/\",\"name\":\"Lost &Found market Conde Duque en Madrid\",\"isPartOf\":{\"@id\":\"https:\\\/\\\/www.proinca.es\\\/madridfansblog\\\/#website\"},\"primaryImageOfPage\":{\"@id\":\"https:\\\/\\\/www.proinca.es\\\/madridfansblog\\\/lost-and-found-market-llega-de-nuevo-a-conde-duque-de-madrid\\\/#primaryimage\"},\"image\":{\"@id\":\"https:\\\/\\\/www.proinca.es\\\/madridfansblog\\\/lost-and-found-market-llega-de-nuevo-a-conde-duque-de-madrid\\\/#primaryimage\"},\"thumbnailUrl\":\"https:\\\/\\\/www.proinca.es\\\/madridfansblog\\\/wp-content\\\/uploads\\\/2015\\\/09\\\/proinca_madridfansblog_lost_and_found_market_conde_duque_mercadillo_madrid_1.jpg\",\"datePublished\":\"2015-09-30T17:48:46+00:00\",\"dateModified\":\"2025-05-28T13:59:24+00:00\",\"description\":\"Lost & Found market llega de nuevo a Conde Duque de Madrid, disfruta del ambiente de un mercadillo de objetos, ropa y complementos vintage.Por MadridFansblog\",\"inLanguage\":\"es\",\"potentialAction\":[{\"@type\":\"ReadAction\",\"target\":[\"https:\\\/\\\/www.proinca.es\\\/madridfansblog\\\/lost-and-found-market-llega-de-nuevo-a-conde-duque-de-madrid\\\/\"]}]},{\"@type\":\"ImageObject\",\"inLanguage\":\"es\",\"@id\":\"https:\\\/\\\/www.proinca.es\\\/madridfansblog\\\/lost-and-found-market-llega-de-nuevo-a-conde-duque-de-madrid\\\/#primaryimage\",\"url\":\"https:\\\/\\\/www.proinca.es\\\/madridfansblog\\\/wp-content\\\/uploads\\\/2015\\\/09\\\/proinca_madridfansblog_lost_and_found_market_conde_duque_mercadillo_madrid_1.jpg\",\"contentUrl\":\"https:\\\/\\\/www.proinca.es\\\/madridfansblog\\\/wp-content\\\/uploads\\\/2015\\\/09\\\/proinca_madridfansblog_lost_and_found_market_conde_duque_mercadillo_madrid_1.jpg\",\"width\":500,\"height\":636,\"caption\":\"proinca madridfansblog lost and found market conde duque madrid mercadillo\"},{\"@type\":\"WebSite\",\"@id\":\"https:\\\/\\\/www.proinca.es\\\/madridfansblog\\\/#website\",\"url\":\"https:\\\/\\\/www.proinca.es\\\/madridfansblog\\\/\",\"name\":\"Madrid Fans Blog Proinca\",\"description\":\"Pisos y apartamentos de alquiler en Madrid\",\"publisher\":{\"@id\":\"https:\\\/\\\/www.proinca.es\\\/madridfansblog\\\/#organization\"},\"potentialAction\":[{\"@type\":\"SearchAction\",\"target\":{\"@type\":\"EntryPoint\",\"urlTemplate\":\"https:\\\/\\\/www.proinca.es\\\/madridfansblog\\\/?s={search_term_string}\"},\"query-input\":{\"@type\":\"PropertyValueSpecification\",\"valueRequired\":true,\"valueName\":\"search_term_string\"}}],\"inLanguage\":\"es\"},{\"@type\":\"Organization\",\"@id\":\"https:\\\/\\\/www.proinca.es\\\/madridfansblog\\\/#organization\",\"name\":\"Proinca\",\"url\":\"https:\\\/\\\/www.proinca.es\\\/madridfansblog\\\/\",\"logo\":{\"@type\":\"ImageObject\",\"inLanguage\":\"es\",\"@id\":\"https:\\\/\\\/www.proinca.es\\\/madridfansblog\\\/#\\\/schema\\\/logo\\\/image\\\/\",\"url\":\"https:\\\/\\\/www.proinca.es\\\/madridfansblog\\\/wp-content\\\/uploads\\\/2022\\\/03\\\/logo-proinca.jpg\",\"contentUrl\":\"https:\\\/\\\/www.proinca.es\\\/madridfansblog\\\/wp-content\\\/uploads\\\/2022\\\/03\\\/logo-proinca.jpg\",\"width\":522,\"height\":250,\"caption\":\"Proinca\"},\"image\":{\"@id\":\"https:\\\/\\\/www.proinca.es\\\/madridfansblog\\\/#\\\/schema\\\/logo\\\/image\\\/\"}},{\"@type\":\"Person\",\"@id\":\"https:\\\/\\\/www.proinca.es\\\/madridfansblog\\\/#\\\/schema\\\/person\\\/8401adc89c0a0f5a3574c43326247f1e\",\"name\":\"Ana Calero\",\"image\":{\"@type\":\"ImageObject\",\"inLanguage\":\"es\",\"@id\":\"https:\\\/\\\/www.proinca.es\\\/madridfansblog\\\/wp-content\\\/litespeed\\\/avatar\\\/ef51b25c0718910f475570320941ef46.jpg?ver=1777379772\",\"url\":\"https:\\\/\\\/www.proinca.es\\\/madridfansblog\\\/wp-content\\\/litespeed\\\/avatar\\\/ef51b25c0718910f475570320941ef46.jpg?ver=1777379772\",\"contentUrl\":\"https:\\\/\\\/www.proinca.es\\\/madridfansblog\\\/wp-content\\\/litespeed\\\/avatar\\\/ef51b25c0718910f475570320941ef46.jpg?ver=1777379772\",\"caption\":\"Ana Calero\"},\"description\":\"Licenciada en Ciencias Empresariales por la Universidad Aut\u00f3noma de Madrid. Forma parte del equipo de Apartamentos Proinca y es una enamorada de Madrid\",\"sameAs\":[\"https:\\\/\\\/www.proinca.es\\\/madridfansblog\\\/ana-calero\\\/\"]}]}<\/script>\n<!-- \/ Yoast SEO plugin. -->","yoast_head_json":{"title":"Lost &Found market Conde Duque en Madrid","description":"Lost & Found market llega de nuevo a Conde Duque de Madrid, disfruta del ambiente de un mercadillo de objetos, ropa y complementos vintage.Por MadridFansblog","robots":{"index":"index","follow":"follow","max-snippet":"max-snippet:-1","max-image-preview":"max-image-preview:large","max-video-preview":"max-video-preview:-1"},"canonical":"https:\/\/www.proinca.es\/madridfansblog\/lost-and-found-market-llega-de-nuevo-a-conde-duque-de-madrid\/","og_locale":"es_ES","og_type":"article","og_title":"Lost &Found market Conde Duque en Madrid","og_description":"Lost & Found market llega de nuevo a Conde Duque de Madrid, disfruta del ambiente de un mercadillo de objetos, ropa y complementos vintage.Por MadridFansblog","og_url":"https:\/\/www.proinca.es\/madridfansblog\/lost-and-found-market-llega-de-nuevo-a-conde-duque-de-madrid\/","og_site_name":"Blog Proinca Madrid","article_published_time":"2015-09-30T17:48:46+00:00","article_modified_time":"2025-05-28T13:59:24+00:00","og_image":[{"width":500,"height":636,"url":"https:\/\/www.proinca.es\/madridfansblog\/wp-content\/uploads\/2015\/09\/proinca_madridfansblog_lost_and_found_market_conde_duque_mercadillo_madrid_1.jpg","type":"image\/jpeg"}],"author":"Ana Calero","schema":{"@context":"https:\/\/schema.org","@graph":[{"@type":"Article","@id":"https:\/\/www.proinca.es\/madridfansblog\/lost-and-found-market-llega-de-nuevo-a-conde-duque-de-madrid\/#article","isPartOf":{"@id":"https:\/\/www.proinca.es\/madridfansblog\/lost-and-found-market-llega-de-nuevo-a-conde-duque-de-madrid\/"},"author":{"name":"Ana Calero","@id":"https:\/\/www.proinca.es\/madridfansblog\/#\/schema\/person\/8401adc89c0a0f5a3574c43326247f1e"},"headline":"LOST AND FOUND MARKET LLEGA DE NUEVO A CONDE DUQUE DE MADRID","datePublished":"2015-09-30T17:48:46+00:00","dateModified":"2025-05-28T13:59:24+00:00","mainEntityOfPage":{"@id":"https:\/\/www.proinca.es\/madridfansblog\/lost-and-found-market-llega-de-nuevo-a-conde-duque-de-madrid\/"},"wordCount":274,"publisher":{"@id":"https:\/\/www.proinca.es\/madridfansblog\/#organization"},"image":{"@id":"https:\/\/www.proinca.es\/madridfansblog\/lost-and-found-market-llega-de-nuevo-a-conde-duque-de-madrid\/#primaryimage"},"thumbnailUrl":"https:\/\/www.proinca.es\/madridfansblog\/wp-content\/uploads\/2015\/09\/proinca_madridfansblog_lost_and_found_market_conde_duque_mercadillo_madrid_1.jpg","keywords":["Gastronom\u00eda","Gratis","Shopping"],"articleSection":["VIVIR MADRID"],"inLanguage":"es"},{"@type":"WebPage","@id":"https:\/\/www.proinca.es\/madridfansblog\/lost-and-found-market-llega-de-nuevo-a-conde-duque-de-madrid\/","url":"https:\/\/www.proinca.es\/madridfansblog\/lost-and-found-market-llega-de-nuevo-a-conde-duque-de-madrid\/","name":"Lost &Found market Conde Duque en Madrid","isPartOf":{"@id":"https:\/\/www.proinca.es\/madridfansblog\/#website"},"primaryImageOfPage":{"@id":"https:\/\/www.proinca.es\/madridfansblog\/lost-and-found-market-llega-de-nuevo-a-conde-duque-de-madrid\/#primaryimage"},"image":{"@id":"https:\/\/www.proinca.es\/madridfansblog\/lost-and-found-market-llega-de-nuevo-a-conde-duque-de-madrid\/#primaryimage"},"thumbnailUrl":"https:\/\/www.proinca.es\/madridfansblog\/wp-content\/uploads\/2015\/09\/proinca_madridfansblog_lost_and_found_market_conde_duque_mercadillo_madrid_1.jpg","datePublished":"2015-09-30T17:48:46+00:00","dateModified":"2025-05-28T13:59:24+00:00","description":"Lost & Found market llega de nuevo a Conde Duque de Madrid, disfruta del ambiente de un mercadillo de objetos, ropa y complementos vintage.Por MadridFansblog","inLanguage":"es","potentialAction":[{"@type":"ReadAction","target":["https:\/\/www.proinca.es\/madridfansblog\/lost-and-found-market-llega-de-nuevo-a-conde-duque-de-madrid\/"]}]},{"@type":"ImageObject","inLanguage":"es","@id":"https:\/\/www.proinca.es\/madridfansblog\/lost-and-found-market-llega-de-nuevo-a-conde-duque-de-madrid\/#primaryimage","url":"https:\/\/www.proinca.es\/madridfansblog\/wp-content\/uploads\/2015\/09\/proinca_madridfansblog_lost_and_found_market_conde_duque_mercadillo_madrid_1.jpg","contentUrl":"https:\/\/www.proinca.es\/madridfansblog\/wp-content\/uploads\/2015\/09\/proinca_madridfansblog_lost_and_found_market_conde_duque_mercadillo_madrid_1.jpg","width":500,"height":636,"caption":"proinca madridfansblog lost and found market conde duque madrid mercadillo"},{"@type":"WebSite","@id":"https:\/\/www.proinca.es\/madridfansblog\/#website","url":"https:\/\/www.proinca.es\/madridfansblog\/","name":"Madrid Fans Blog Proinca","description":"Pisos y apartamentos de alquiler en Madrid","publisher":{"@id":"https:\/\/www.proinca.es\/madridfansblog\/#organization"},"potentialAction":[{"@type":"SearchAction","target":{"@type":"EntryPoint","urlTemplate":"https:\/\/www.proinca.es\/madridfansblog\/?s={search_term_string}"},"query-input":{"@type":"PropertyValueSpecification","valueRequired":true,"valueName":"search_term_string"}}],"inLanguage":"es"},{"@type":"Organization","@id":"https:\/\/www.proinca.es\/madridfansblog\/#organization","name":"Proinca","url":"https:\/\/www.proinca.es\/madridfansblog\/","logo":{"@type":"ImageObject","inLanguage":"es","@id":"https:\/\/www.proinca.es\/madridfansblog\/#\/schema\/logo\/image\/","url":"https:\/\/www.proinca.es\/madridfansblog\/wp-content\/uploads\/2022\/03\/logo-proinca.jpg","contentUrl":"https:\/\/www.proinca.es\/madridfansblog\/wp-content\/uploads\/2022\/03\/logo-proinca.jpg","width":522,"height":250,"caption":"Proinca"},"image":{"@id":"https:\/\/www.proinca.es\/madridfansblog\/#\/schema\/logo\/image\/"}},{"@type":"Person","@id":"https:\/\/www.proinca.es\/madridfansblog\/#\/schema\/person\/8401adc89c0a0f5a3574c43326247f1e","name":"Ana Calero","image":{"@type":"ImageObject","inLanguage":"es","@id":"https:\/\/www.proinca.es\/madridfansblog\/wp-content\/litespeed\/avatar\/ef51b25c0718910f475570320941ef46.jpg?ver=1777379772","url":"https:\/\/www.proinca.es\/madridfansblog\/wp-content\/litespeed\/avatar\/ef51b25c0718910f475570320941ef46.jpg?ver=1777379772","contentUrl":"https:\/\/www.proinca.es\/madridfansblog\/wp-content\/litespeed\/avatar\/ef51b25c0718910f475570320941ef46.jpg?ver=1777379772","caption":"Ana Calero"},"description":"Licenciada en Ciencias Empresariales por la Universidad Aut\u00f3noma de Madrid. Forma parte del equipo de Apartamentos Proinca y es una enamorada de Madrid","sameAs":["https:\/\/www.proinca.es\/madridfansblog\/ana-calero\/"]}]}},"_links":{"self":[{"href":"https:\/\/www.proinca.es\/madridfansblog\/wp-json\/wp\/v2\/posts\/4030","targetHints":{"allow":["GET"]}}],"collection":[{"href":"https:\/\/www.proinca.es\/madridfansblog\/wp-json\/wp\/v2\/posts"}],"about":[{"href":"https:\/\/www.proinca.es\/madridfansblog\/wp-json\/wp\/v2\/types\/post"}],"author":[{"embeddable":true,"href":"https:\/\/www.proinca.es\/madridfansblog\/wp-json\/wp\/v2\/users\/4"}],"replies":[{"embeddable":true,"href":"https:\/\/www.proinca.es\/madridfansblog\/wp-json\/wp\/v2\/comments?post=4030"}],"version-history":[{"count":11,"href":"https:\/\/www.proinca.es\/madridfansblog\/wp-json\/wp\/v2\/posts\/4030\/revisions"}],"predecessor-version":[{"id":7376,"href":"https:\/\/www.proinca.es\/madridfansblog\/wp-json\/wp\/v2\/posts\/4030\/revisions\/7376"}],"wp:featuredmedia":[{"embeddable":true,"href":"https:\/\/www.proinca.es\/madridfansblog\/wp-json\/wp\/v2\/media\/4035"}],"wp:attachment":[{"href":"https:\/\/www.proinca.es\/madridfansblog\/wp-json\/wp\/v2\/media?parent=4030"}],"wp:term":[{"taxonomy":"category","embeddable":true,"href":"https:\/\/www.proinca.es\/madridfansblog\/wp-json\/wp\/v2\/categories?post=4030"},{"taxonomy":"post_tag","embeddable":true,"href":"https:\/\/www.proinca.es\/madridfansblog\/wp-json\/wp\/v2\/tags?post=4030"}],"curies":[{"name":"wp","href":"https:\/\/api.w.org\/{rel}","templated":true}]}}