{"id":4073,"date":"2015-10-22T19:42:58","date_gmt":"2015-10-22T17:42:58","guid":{"rendered":"http:\/\/www.proinca.es\/madridfansblog\/?p=4073"},"modified":"2025-05-28T15:59:04","modified_gmt":"2025-05-28T13:59:04","slug":"edvard-munch-aterriza-en-el-museo-thyssen-bornemisza-de-madrid","status":"publish","type":"post","link":"https:\/\/www.proinca.es\/madridfansblog\/edvard-munch-aterriza-en-el-museo-thyssen-bornemisza-de-madrid\/","title":{"rendered":"EDVARD MUNCH ATERRIZA EN EL MUSEO THYSSEN-BORNEMISZA DE MADRID"},"content":{"rendered":"<p>El <strong>museo de arte Thyssen-Bornemisza<\/strong> en <strong>Madrid<\/strong> nos brinda desde hace un par de semanas una oportunidad dif\u00edcil de rechazar<!--more-->: la primera exposici\u00f3n dedicada al artista noruego <strong>Edvard Munch<\/strong> en la ciudad desde 1984.<\/p>\n<p>Seguramente, muchos amantes del arte se acercar\u00e1n hasta el n\u00famero 8 del Paseo del Prado tan solo para deleitarse con la versi\u00f3n litogr\u00e1fica de \u00abEl grito\u00bb, de 1895, expuesta en \u201cP\u00e1nico\u201d, una de las ocho secciones que componen la muestra, sin embargo, adem\u00e1s de sus obras m\u00e1s universales, la exposici\u00f3n del <strong>Thyssen-Bornemisza<\/strong> nos descubre la vasta trayectoria pict\u00f3rica de <strong>Edvard Munch<\/strong>, un itinerario donde los sentimientos, los desnudos y las escenas de la vida cotidiana se entremezclan en un lenguaje art\u00edstico simb\u00f3lico y po\u00e9tico de gran carga emocional.<\/p>\n<p><strong>Arquetipos<\/strong>, que permanecer\u00e1 abierta al p\u00fablico en <strong>Madrid<\/strong> hasta el 17 de enero de 2016, incluye 80 cuadros con la figura humana como protagonista, obras tempranas y versiones tard\u00edas provenientes de museos europeos y norteamericanos como el Nasjonalmuseet de Oslo, la Tate de Londres o el MOMA de Nueva York. En definitiva, una muestra internacional y una oportunidad \u00fanica en nuestro pa\u00eds de disfrutar de <strong>Edvard<\/strong> <strong>Munch<\/strong>, al fin y al cabo, la \u00faltima vez que la obra del autor nos visit\u00f3 fue hace 30 a\u00f1os.<\/p>\n<p>Informaci\u00f3n patrocinada por\u00a0<strong><a title=\"Proinca apartamentos de alquiler en Madrid\" href=\"http:\/\/www.proinca.es\" target=\"_blank\" rel=\"noopener\">Proinca: Apartamentos de alquiler en Madrid<\/a><\/strong><\/p>\n<p>Fuente imagen: www.museothyssen.org<\/p>\n\n\n<div class=\"kk-star-ratings kksr-auto kksr-align-left kksr-valign-bottom\"\n    data-payload='{&quot;align&quot;:&quot;left&quot;,&quot;id&quot;:&quot;4073&quot;,&quot;slug&quot;:&quot;default&quot;,&quot;valign&quot;:&quot;bottom&quot;,&quot;ignore&quot;:&quot;&quot;,&quot;reference&quot;:&quot;auto&quot;,&quot;class&quot;:&quot;&quot;,&quot;count&quot;:&quot;0&quot;,&quot;legendonly&quot;:&quot;&quot;,&quot;readonly&quot;:&quot;&quot;,&quot;score&quot;:&quot;0&quot;,&quot;starsonly&quot;:&quot;&quot;,&quot;best&quot;:&quot;5&quot;,&quot;gap&quot;:&quot;1&quot;,&quot;greet&quot;:&quot;Valora este art\u00edculo&quot;,&quot;legend&quot;:&quot;0\\\/5 - (0 votos)&quot;,&quot;size&quot;:&quot;24&quot;,&quot;title&quot;:&quot;EDVARD MUNCH ATERRIZA EN EL MUSEO THYSSEN-BORNEMISZA DE MADRID&quot;,&quot;width&quot;:&quot;0&quot;,&quot;_legend&quot;:&quot;{score}\\\/{best} - ({count} {votes})&quot;,&quot;font_factor&quot;:&quot;1.25&quot;}'>\n            \n<div class=\"kksr-stars\">\n    \n<div class=\"kksr-stars-inactive\">\n            <div class=\"kksr-star\" data-star=\"1\" style=\"padding-right: 1px\">\n            \n\n<div class=\"kksr-icon\" style=\"width: 24px; height: 24px;\"><\/div>\n        <\/div>\n            <div class=\"kksr-star\" data-star=\"2\" style=\"padding-right: 1px\">\n            \n\n<div class=\"kksr-icon\" style=\"width: 24px; height: 24px;\"><\/div>\n        <\/div>\n            <div class=\"kksr-star\" data-star=\"3\" style=\"padding-right: 1px\">\n            \n\n<div class=\"kksr-icon\" style=\"width: 24px; height: 24px;\"><\/div>\n        <\/div>\n            <div class=\"kksr-star\" data-star=\"4\" style=\"padding-right: 1px\">\n            \n\n<div class=\"kksr-icon\" style=\"width: 24px; height: 24px;\"><\/div>\n        <\/div>\n            <div class=\"kksr-star\" data-star=\"5\" style=\"padding-right: 1px\">\n            \n\n<div class=\"kksr-icon\" style=\"width: 24px; height: 24px;\"><\/div>\n        <\/div>\n    <\/div>\n    \n<div class=\"kksr-stars-active\" style=\"width: 0px;\">\n            <div class=\"kksr-star\" style=\"padding-right: 1px\">\n            \n\n<div class=\"kksr-icon\" style=\"width: 24px; height: 24px;\"><\/div>\n        <\/div>\n            <div class=\"kksr-star\" style=\"padding-right: 1px\">\n            \n\n<div class=\"kksr-icon\" style=\"width: 24px; height: 24px;\"><\/div>\n        <\/div>\n            <div class=\"kksr-star\" style=\"padding-right: 1px\">\n            \n\n<div class=\"kksr-icon\" style=\"width: 24px; height: 24px;\"><\/div>\n        <\/div>\n            <div class=\"kksr-star\" style=\"padding-right: 1px\">\n            \n\n<div class=\"kksr-icon\" style=\"width: 24px; height: 24px;\"><\/div>\n        <\/div>\n            <div class=\"kksr-star\" style=\"padding-right: 1px\">\n            \n\n<div class=\"kksr-icon\" style=\"width: 24px; height: 24px;\"><\/div>\n        <\/div>\n    <\/div>\n<\/div>\n                \n\n<div class=\"kksr-legend\" style=\"font-size: 19.2px;\">\n            <span class=\"kksr-muted\">Valora este art\u00edculo<\/span>\n    <\/div>\n    <\/div>\n","protected":false},"excerpt":{"rendered":"<p>El museo de arte Thyssen-Bornemisza en Madrid nos brinda desde  [&#8230;]<\/p>\n","protected":false},"author":4,"featured_media":4080,"comment_status":"closed","ping_status":"closed","sticky":false,"template":"","format":"standard","meta":{"footnotes":""},"categories":[79],"tags":[27,24,5,57],"class_list":["post-4073","post","type-post","status-publish","format-standard","has-post-thumbnail","hentry","category-vivir-madrid","tag-arte","tag-exposiciones","tag-madrid","tag-museos"],"yoast_head":"<!-- This site is optimized with the Yoast SEO plugin v27.4 - https:\/\/yoast.com\/product\/yoast-seo-wordpress\/ -->\n<title>Edvard Munch en Museo Thyssen-Bornemisza<\/title>\n<meta name=\"description\" content=\"El museo Thyssen-Bornemisza de Madrid nos brinda la primera exposici\u00f3n dedicada al artista noruego Edvard Munch en la ciudad desde 1984. Por Madridfansblog\" \/>\n<meta name=\"robots\" content=\"index, follow, max-snippet:-1, max-image-preview:large, max-video-preview:-1\" \/>\n<link rel=\"canonical\" href=\"https:\/\/www.proinca.es\/madridfansblog\/edvard-munch-aterriza-en-el-museo-thyssen-bornemisza-de-madrid\/\" \/>\n<meta property=\"og:locale\" content=\"es_ES\" \/>\n<meta property=\"og:type\" content=\"article\" \/>\n<meta property=\"og:title\" content=\"Edvard Munch en Museo Thyssen-Bornemisza\" \/>\n<meta property=\"og:description\" content=\"El museo Thyssen-Bornemisza de Madrid nos brinda la primera exposici\u00f3n dedicada al artista noruego Edvard Munch en la ciudad desde 1984. Por Madridfansblog\" \/>\n<meta property=\"og:url\" content=\"https:\/\/www.proinca.es\/madridfansblog\/edvard-munch-aterriza-en-el-museo-thyssen-bornemisza-de-madrid\/\" \/>\n<meta property=\"og:site_name\" content=\"Blog Proinca Madrid\" \/>\n<meta property=\"article:published_time\" content=\"2015-10-22T17:42:58+00:00\" \/>\n<meta property=\"article:modified_time\" content=\"2025-05-28T13:59:04+00:00\" \/>\n<meta property=\"og:image\" content=\"https:\/\/www.proinca.es\/madridfansblog\/wp-content\/uploads\/2015\/10\/proinca_madridfansblog_edvard_munch_museo_thyssen_bornemisza_arquetipos_1.jpg\" \/>\n\t<meta property=\"og:image:width\" content=\"384\" \/>\n\t<meta property=\"og:image:height\" content=\"506\" \/>\n\t<meta property=\"og:image:type\" content=\"image\/jpeg\" \/>\n<meta name=\"author\" content=\"Ana Calero\" \/>\n<script type=\"application\/ld+json\" class=\"yoast-schema-graph\">{\"@context\":\"https:\\\/\\\/schema.org\",\"@graph\":[{\"@type\":\"Article\",\"@id\":\"https:\\\/\\\/www.proinca.es\\\/madridfansblog\\\/edvard-munch-aterriza-en-el-museo-thyssen-bornemisza-de-madrid\\\/#article\",\"isPartOf\":{\"@id\":\"https:\\\/\\\/www.proinca.es\\\/madridfansblog\\\/edvard-munch-aterriza-en-el-museo-thyssen-bornemisza-de-madrid\\\/\"},\"author\":{\"name\":\"Ana Calero\",\"@id\":\"https:\\\/\\\/www.proinca.es\\\/madridfansblog\\\/#\\\/schema\\\/person\\\/8401adc89c0a0f5a3574c43326247f1e\"},\"headline\":\"EDVARD MUNCH ATERRIZA EN EL MUSEO THYSSEN-BORNEMISZA DE MADRID\",\"datePublished\":\"2015-10-22T17:42:58+00:00\",\"dateModified\":\"2025-05-28T13:59:04+00:00\",\"mainEntityOfPage\":{\"@id\":\"https:\\\/\\\/www.proinca.es\\\/madridfansblog\\\/edvard-munch-aterriza-en-el-museo-thyssen-bornemisza-de-madrid\\\/\"},\"wordCount\":243,\"publisher\":{\"@id\":\"https:\\\/\\\/www.proinca.es\\\/madridfansblog\\\/#organization\"},\"image\":{\"@id\":\"https:\\\/\\\/www.proinca.es\\\/madridfansblog\\\/edvard-munch-aterriza-en-el-museo-thyssen-bornemisza-de-madrid\\\/#primaryimage\"},\"thumbnailUrl\":\"https:\\\/\\\/www.proinca.es\\\/madridfansblog\\\/wp-content\\\/uploads\\\/2015\\\/10\\\/proinca_madridfansblog_edvard_munch_museo_thyssen_bornemisza_arquetipos_1.jpg\",\"keywords\":[\"Arte\",\"Exposiciones\",\"Madrid\",\"Museos\"],\"articleSection\":[\"VIVIR MADRID\"],\"inLanguage\":\"es\"},{\"@type\":\"WebPage\",\"@id\":\"https:\\\/\\\/www.proinca.es\\\/madridfansblog\\\/edvard-munch-aterriza-en-el-museo-thyssen-bornemisza-de-madrid\\\/\",\"url\":\"https:\\\/\\\/www.proinca.es\\\/madridfansblog\\\/edvard-munch-aterriza-en-el-museo-thyssen-bornemisza-de-madrid\\\/\",\"name\":\"Edvard Munch en Museo Thyssen-Bornemisza\",\"isPartOf\":{\"@id\":\"https:\\\/\\\/www.proinca.es\\\/madridfansblog\\\/#website\"},\"primaryImageOfPage\":{\"@id\":\"https:\\\/\\\/www.proinca.es\\\/madridfansblog\\\/edvard-munch-aterriza-en-el-museo-thyssen-bornemisza-de-madrid\\\/#primaryimage\"},\"image\":{\"@id\":\"https:\\\/\\\/www.proinca.es\\\/madridfansblog\\\/edvard-munch-aterriza-en-el-museo-thyssen-bornemisza-de-madrid\\\/#primaryimage\"},\"thumbnailUrl\":\"https:\\\/\\\/www.proinca.es\\\/madridfansblog\\\/wp-content\\\/uploads\\\/2015\\\/10\\\/proinca_madridfansblog_edvard_munch_museo_thyssen_bornemisza_arquetipos_1.jpg\",\"datePublished\":\"2015-10-22T17:42:58+00:00\",\"dateModified\":\"2025-05-28T13:59:04+00:00\",\"description\":\"El museo Thyssen-Bornemisza de Madrid nos brinda la primera exposici\u00f3n dedicada al artista noruego Edvard Munch en la ciudad desde 1984. Por Madridfansblog\",\"inLanguage\":\"es\",\"potentialAction\":[{\"@type\":\"ReadAction\",\"target\":[\"https:\\\/\\\/www.proinca.es\\\/madridfansblog\\\/edvard-munch-aterriza-en-el-museo-thyssen-bornemisza-de-madrid\\\/\"]}]},{\"@type\":\"ImageObject\",\"inLanguage\":\"es\",\"@id\":\"https:\\\/\\\/www.proinca.es\\\/madridfansblog\\\/edvard-munch-aterriza-en-el-museo-thyssen-bornemisza-de-madrid\\\/#primaryimage\",\"url\":\"https:\\\/\\\/www.proinca.es\\\/madridfansblog\\\/wp-content\\\/uploads\\\/2015\\\/10\\\/proinca_madridfansblog_edvard_munch_museo_thyssen_bornemisza_arquetipos_1.jpg\",\"contentUrl\":\"https:\\\/\\\/www.proinca.es\\\/madridfansblog\\\/wp-content\\\/uploads\\\/2015\\\/10\\\/proinca_madridfansblog_edvard_munch_museo_thyssen_bornemisza_arquetipos_1.jpg\",\"width\":384,\"height\":506,\"caption\":\"proinca madridfansblog edvard munch arquetipos museo thyssen bornemisza 1\"},{\"@type\":\"WebSite\",\"@id\":\"https:\\\/\\\/www.proinca.es\\\/madridfansblog\\\/#website\",\"url\":\"https:\\\/\\\/www.proinca.es\\\/madridfansblog\\\/\",\"name\":\"Madrid Fans Blog Proinca\",\"description\":\"Pisos y apartamentos de alquiler en Madrid\",\"publisher\":{\"@id\":\"https:\\\/\\\/www.proinca.es\\\/madridfansblog\\\/#organization\"},\"potentialAction\":[{\"@type\":\"SearchAction\",\"target\":{\"@type\":\"EntryPoint\",\"urlTemplate\":\"https:\\\/\\\/www.proinca.es\\\/madridfansblog\\\/?s={search_term_string}\"},\"query-input\":{\"@type\":\"PropertyValueSpecification\",\"valueRequired\":true,\"valueName\":\"search_term_string\"}}],\"inLanguage\":\"es\"},{\"@type\":\"Organization\",\"@id\":\"https:\\\/\\\/www.proinca.es\\\/madridfansblog\\\/#organization\",\"name\":\"Proinca\",\"url\":\"https:\\\/\\\/www.proinca.es\\\/madridfansblog\\\/\",\"logo\":{\"@type\":\"ImageObject\",\"inLanguage\":\"es\",\"@id\":\"https:\\\/\\\/www.proinca.es\\\/madridfansblog\\\/#\\\/schema\\\/logo\\\/image\\\/\",\"url\":\"https:\\\/\\\/www.proinca.es\\\/madridfansblog\\\/wp-content\\\/uploads\\\/2022\\\/03\\\/logo-proinca.jpg\",\"contentUrl\":\"https:\\\/\\\/www.proinca.es\\\/madridfansblog\\\/wp-content\\\/uploads\\\/2022\\\/03\\\/logo-proinca.jpg\",\"width\":522,\"height\":250,\"caption\":\"Proinca\"},\"image\":{\"@id\":\"https:\\\/\\\/www.proinca.es\\\/madridfansblog\\\/#\\\/schema\\\/logo\\\/image\\\/\"}},{\"@type\":\"Person\",\"@id\":\"https:\\\/\\\/www.proinca.es\\\/madridfansblog\\\/#\\\/schema\\\/person\\\/8401adc89c0a0f5a3574c43326247f1e\",\"name\":\"Ana Calero\",\"image\":{\"@type\":\"ImageObject\",\"inLanguage\":\"es\",\"@id\":\"https:\\\/\\\/www.proinca.es\\\/madridfansblog\\\/wp-content\\\/litespeed\\\/avatar\\\/ef51b25c0718910f475570320941ef46.jpg?ver=1777379772\",\"url\":\"https:\\\/\\\/www.proinca.es\\\/madridfansblog\\\/wp-content\\\/litespeed\\\/avatar\\\/ef51b25c0718910f475570320941ef46.jpg?ver=1777379772\",\"contentUrl\":\"https:\\\/\\\/www.proinca.es\\\/madridfansblog\\\/wp-content\\\/litespeed\\\/avatar\\\/ef51b25c0718910f475570320941ef46.jpg?ver=1777379772\",\"caption\":\"Ana Calero\"},\"description\":\"Licenciada en Ciencias Empresariales por la Universidad Aut\u00f3noma de Madrid. Forma parte del equipo de Apartamentos Proinca y es una enamorada de Madrid\",\"sameAs\":[\"https:\\\/\\\/www.proinca.es\\\/madridfansblog\\\/ana-calero\\\/\"]}]}<\/script>\n<!-- \/ Yoast SEO plugin. -->","yoast_head_json":{"title":"Edvard Munch en Museo Thyssen-Bornemisza","description":"El museo Thyssen-Bornemisza de Madrid nos brinda la primera exposici\u00f3n dedicada al artista noruego Edvard Munch en la ciudad desde 1984. Por Madridfansblog","robots":{"index":"index","follow":"follow","max-snippet":"max-snippet:-1","max-image-preview":"max-image-preview:large","max-video-preview":"max-video-preview:-1"},"canonical":"https:\/\/www.proinca.es\/madridfansblog\/edvard-munch-aterriza-en-el-museo-thyssen-bornemisza-de-madrid\/","og_locale":"es_ES","og_type":"article","og_title":"Edvard Munch en Museo Thyssen-Bornemisza","og_description":"El museo Thyssen-Bornemisza de Madrid nos brinda la primera exposici\u00f3n dedicada al artista noruego Edvard Munch en la ciudad desde 1984. Por Madridfansblog","og_url":"https:\/\/www.proinca.es\/madridfansblog\/edvard-munch-aterriza-en-el-museo-thyssen-bornemisza-de-madrid\/","og_site_name":"Blog Proinca Madrid","article_published_time":"2015-10-22T17:42:58+00:00","article_modified_time":"2025-05-28T13:59:04+00:00","og_image":[{"width":384,"height":506,"url":"https:\/\/www.proinca.es\/madridfansblog\/wp-content\/uploads\/2015\/10\/proinca_madridfansblog_edvard_munch_museo_thyssen_bornemisza_arquetipos_1.jpg","type":"image\/jpeg"}],"author":"Ana Calero","schema":{"@context":"https:\/\/schema.org","@graph":[{"@type":"Article","@id":"https:\/\/www.proinca.es\/madridfansblog\/edvard-munch-aterriza-en-el-museo-thyssen-bornemisza-de-madrid\/#article","isPartOf":{"@id":"https:\/\/www.proinca.es\/madridfansblog\/edvard-munch-aterriza-en-el-museo-thyssen-bornemisza-de-madrid\/"},"author":{"name":"Ana Calero","@id":"https:\/\/www.proinca.es\/madridfansblog\/#\/schema\/person\/8401adc89c0a0f5a3574c43326247f1e"},"headline":"EDVARD MUNCH ATERRIZA EN EL MUSEO THYSSEN-BORNEMISZA DE MADRID","datePublished":"2015-10-22T17:42:58+00:00","dateModified":"2025-05-28T13:59:04+00:00","mainEntityOfPage":{"@id":"https:\/\/www.proinca.es\/madridfansblog\/edvard-munch-aterriza-en-el-museo-thyssen-bornemisza-de-madrid\/"},"wordCount":243,"publisher":{"@id":"https:\/\/www.proinca.es\/madridfansblog\/#organization"},"image":{"@id":"https:\/\/www.proinca.es\/madridfansblog\/edvard-munch-aterriza-en-el-museo-thyssen-bornemisza-de-madrid\/#primaryimage"},"thumbnailUrl":"https:\/\/www.proinca.es\/madridfansblog\/wp-content\/uploads\/2015\/10\/proinca_madridfansblog_edvard_munch_museo_thyssen_bornemisza_arquetipos_1.jpg","keywords":["Arte","Exposiciones","Madrid","Museos"],"articleSection":["VIVIR MADRID"],"inLanguage":"es"},{"@type":"WebPage","@id":"https:\/\/www.proinca.es\/madridfansblog\/edvard-munch-aterriza-en-el-museo-thyssen-bornemisza-de-madrid\/","url":"https:\/\/www.proinca.es\/madridfansblog\/edvard-munch-aterriza-en-el-museo-thyssen-bornemisza-de-madrid\/","name":"Edvard Munch en Museo Thyssen-Bornemisza","isPartOf":{"@id":"https:\/\/www.proinca.es\/madridfansblog\/#website"},"primaryImageOfPage":{"@id":"https:\/\/www.proinca.es\/madridfansblog\/edvard-munch-aterriza-en-el-museo-thyssen-bornemisza-de-madrid\/#primaryimage"},"image":{"@id":"https:\/\/www.proinca.es\/madridfansblog\/edvard-munch-aterriza-en-el-museo-thyssen-bornemisza-de-madrid\/#primaryimage"},"thumbnailUrl":"https:\/\/www.proinca.es\/madridfansblog\/wp-content\/uploads\/2015\/10\/proinca_madridfansblog_edvard_munch_museo_thyssen_bornemisza_arquetipos_1.jpg","datePublished":"2015-10-22T17:42:58+00:00","dateModified":"2025-05-28T13:59:04+00:00","description":"El museo Thyssen-Bornemisza de Madrid nos brinda la primera exposici\u00f3n dedicada al artista noruego Edvard Munch en la ciudad desde 1984. Por Madridfansblog","inLanguage":"es","potentialAction":[{"@type":"ReadAction","target":["https:\/\/www.proinca.es\/madridfansblog\/edvard-munch-aterriza-en-el-museo-thyssen-bornemisza-de-madrid\/"]}]},{"@type":"ImageObject","inLanguage":"es","@id":"https:\/\/www.proinca.es\/madridfansblog\/edvard-munch-aterriza-en-el-museo-thyssen-bornemisza-de-madrid\/#primaryimage","url":"https:\/\/www.proinca.es\/madridfansblog\/wp-content\/uploads\/2015\/10\/proinca_madridfansblog_edvard_munch_museo_thyssen_bornemisza_arquetipos_1.jpg","contentUrl":"https:\/\/www.proinca.es\/madridfansblog\/wp-content\/uploads\/2015\/10\/proinca_madridfansblog_edvard_munch_museo_thyssen_bornemisza_arquetipos_1.jpg","width":384,"height":506,"caption":"proinca madridfansblog edvard munch arquetipos museo thyssen bornemisza 1"},{"@type":"WebSite","@id":"https:\/\/www.proinca.es\/madridfansblog\/#website","url":"https:\/\/www.proinca.es\/madridfansblog\/","name":"Madrid Fans Blog Proinca","description":"Pisos y apartamentos de alquiler en Madrid","publisher":{"@id":"https:\/\/www.proinca.es\/madridfansblog\/#organization"},"potentialAction":[{"@type":"SearchAction","target":{"@type":"EntryPoint","urlTemplate":"https:\/\/www.proinca.es\/madridfansblog\/?s={search_term_string}"},"query-input":{"@type":"PropertyValueSpecification","valueRequired":true,"valueName":"search_term_string"}}],"inLanguage":"es"},{"@type":"Organization","@id":"https:\/\/www.proinca.es\/madridfansblog\/#organization","name":"Proinca","url":"https:\/\/www.proinca.es\/madridfansblog\/","logo":{"@type":"ImageObject","inLanguage":"es","@id":"https:\/\/www.proinca.es\/madridfansblog\/#\/schema\/logo\/image\/","url":"https:\/\/www.proinca.es\/madridfansblog\/wp-content\/uploads\/2022\/03\/logo-proinca.jpg","contentUrl":"https:\/\/www.proinca.es\/madridfansblog\/wp-content\/uploads\/2022\/03\/logo-proinca.jpg","width":522,"height":250,"caption":"Proinca"},"image":{"@id":"https:\/\/www.proinca.es\/madridfansblog\/#\/schema\/logo\/image\/"}},{"@type":"Person","@id":"https:\/\/www.proinca.es\/madridfansblog\/#\/schema\/person\/8401adc89c0a0f5a3574c43326247f1e","name":"Ana Calero","image":{"@type":"ImageObject","inLanguage":"es","@id":"https:\/\/www.proinca.es\/madridfansblog\/wp-content\/litespeed\/avatar\/ef51b25c0718910f475570320941ef46.jpg?ver=1777379772","url":"https:\/\/www.proinca.es\/madridfansblog\/wp-content\/litespeed\/avatar\/ef51b25c0718910f475570320941ef46.jpg?ver=1777379772","contentUrl":"https:\/\/www.proinca.es\/madridfansblog\/wp-content\/litespeed\/avatar\/ef51b25c0718910f475570320941ef46.jpg?ver=1777379772","caption":"Ana Calero"},"description":"Licenciada en Ciencias Empresariales por la Universidad Aut\u00f3noma de Madrid. Forma parte del equipo de Apartamentos Proinca y es una enamorada de Madrid","sameAs":["https:\/\/www.proinca.es\/madridfansblog\/ana-calero\/"]}]}},"_links":{"self":[{"href":"https:\/\/www.proinca.es\/madridfansblog\/wp-json\/wp\/v2\/posts\/4073","targetHints":{"allow":["GET"]}}],"collection":[{"href":"https:\/\/www.proinca.es\/madridfansblog\/wp-json\/wp\/v2\/posts"}],"about":[{"href":"https:\/\/www.proinca.es\/madridfansblog\/wp-json\/wp\/v2\/types\/post"}],"author":[{"embeddable":true,"href":"https:\/\/www.proinca.es\/madridfansblog\/wp-json\/wp\/v2\/users\/4"}],"replies":[{"embeddable":true,"href":"https:\/\/www.proinca.es\/madridfansblog\/wp-json\/wp\/v2\/comments?post=4073"}],"version-history":[{"count":11,"href":"https:\/\/www.proinca.es\/madridfansblog\/wp-json\/wp\/v2\/posts\/4073\/revisions"}],"predecessor-version":[{"id":7375,"href":"https:\/\/www.proinca.es\/madridfansblog\/wp-json\/wp\/v2\/posts\/4073\/revisions\/7375"}],"wp:featuredmedia":[{"embeddable":true,"href":"https:\/\/www.proinca.es\/madridfansblog\/wp-json\/wp\/v2\/media\/4080"}],"wp:attachment":[{"href":"https:\/\/www.proinca.es\/madridfansblog\/wp-json\/wp\/v2\/media?parent=4073"}],"wp:term":[{"taxonomy":"category","embeddable":true,"href":"https:\/\/www.proinca.es\/madridfansblog\/wp-json\/wp\/v2\/categories?post=4073"},{"taxonomy":"post_tag","embeddable":true,"href":"https:\/\/www.proinca.es\/madridfansblog\/wp-json\/wp\/v2\/tags?post=4073"}],"curies":[{"name":"wp","href":"https:\/\/api.w.org\/{rel}","templated":true}]}}