{"id":4145,"date":"2015-11-25T18:03:20","date_gmt":"2015-11-25T17:03:20","guid":{"rendered":"http:\/\/www.proinca.es\/madridfansblog\/?p=4145"},"modified":"2025-05-28T15:58:30","modified_gmt":"2025-05-28T13:58:30","slug":"ya-es-navidad-madrid-estrena-su-alumbrado-navideno","status":"publish","type":"post","link":"https:\/\/www.proinca.es\/madridfansblog\/ya-es-navidad-madrid-estrena-su-alumbrado-navideno\/","title":{"rendered":"\u00a1YA ES NAVIDAD! MADRID ESTRENA SU ALUMBRADO NAVIDE\u00d1O"},"content":{"rendered":"<p>La ciudad de<strong> Madrid<\/strong> inaugura este viernes la <strong>Navidad 2015\/2016<\/strong> con el tradicional <strong>encendido de su alumbrado<\/strong>, <!--more-->una cita que suele revolucionar a toda la ciudad porque da el pistoletazo de salida hacia la celebraci\u00f3n de fiestas, comidas y cenas, la compra de regalos, las citas familiares, el reencuentro con viejos amigos, la b\u00fasqueda de espect\u00e1culos con los que entretener a los m\u00e1s peque\u00f1os de la casa y ese largo etc\u00e9tera que tanto nos gusta a pesar del estr\u00e9s que nos genera.<\/p>\n<p>Como en ocasiones anteriores, el Ayuntamiento de<strong> Madrid<\/strong> se ha decantado por las creaciones de arquitectos, modistos y dise\u00f1adores famosos para iluminar el centro de la ciudad. Purificaci\u00f3n Garc\u00eda, Victorio &amp; Luchino o Adolfo Dom\u00ednguez son algunos de los profesionales que se har\u00e1n cargo, este a\u00f1o, de la iluminaci\u00f3n en lugares tan emblem\u00e1ticos como Goya, Serrano, Plaza Mayor, Gran V\u00eda, plaza de Chueca, Princesa, Fuencarral, el Barrio de las Letras, Alcal\u00e1\u2026 En definitiva, un entramado que acoge el centro hist\u00f3rico de <strong>Madrid<\/strong> y los barrios lim\u00edtrofes. A este se suma, como no, el tradicional \u00e1rbol de la Puerta del Sol.<\/p>\n<p>Por cierto, una buena forma de contemplar las<strong> luces navide\u00f1as en Madrid<\/strong> es a bordo del <strong>Navib\u00fas<\/strong>, un autob\u00fas descubierto que recorre las calles de la capital iluminadas con motivo de la <strong>navidad<\/strong>. Eso s\u00ed, desde aqu\u00ed os avisamos que las colas para coger estos autobuses (de 10.00 a 22.00 horas en la plaza de Col\u00f3n) suelen ser largas, sobre todo si esperamos a \u00faltima hora.<\/p>\n<p>La verdad es que el mes de diciembre es una de las \u00e9pocas m\u00e1s bonitas para frecuentar el centro de<strong> Madrid<\/strong>. A los adornos e <strong>iluminaci\u00f3n<\/strong> propia del Ayuntamiento se suman centenares de iniciativas a cargo de comerciantes y asociaciones que ponen su toque de originalidad en cada esquina de la ciudad, repleta de gente que va y bien, de m\u00fasica y de buen ambiente.<\/p>\n<p>Las<strong> luces navide\u00f1as<\/strong> permanecer\u00e1n encendidas hasta el 6 de enero del nuevo a\u00f1o.<\/p>\n<p>Informaci\u00f3n patrocinada por\u00a0<strong><a title=\"Proinca apartamentos de alquiler en Madrid\" href=\"http:\/\/www.proinca.es\" target=\"_blank\" rel=\"noopener\">Proinca: Apartamentos de alquiler en Madrid<\/a><\/strong><\/p>\n<p>Foto de maria herranz en Unsplash<\/p>\n<p>&nbsp;<\/p>\n\n\n<div class=\"kk-star-ratings kksr-auto kksr-align-left kksr-valign-bottom\"\n    data-payload='{&quot;align&quot;:&quot;left&quot;,&quot;id&quot;:&quot;4145&quot;,&quot;slug&quot;:&quot;default&quot;,&quot;valign&quot;:&quot;bottom&quot;,&quot;ignore&quot;:&quot;&quot;,&quot;reference&quot;:&quot;auto&quot;,&quot;class&quot;:&quot;&quot;,&quot;count&quot;:&quot;0&quot;,&quot;legendonly&quot;:&quot;&quot;,&quot;readonly&quot;:&quot;&quot;,&quot;score&quot;:&quot;0&quot;,&quot;starsonly&quot;:&quot;&quot;,&quot;best&quot;:&quot;5&quot;,&quot;gap&quot;:&quot;1&quot;,&quot;greet&quot;:&quot;Valora este art\u00edculo&quot;,&quot;legend&quot;:&quot;0\\\/5 - (0 votos)&quot;,&quot;size&quot;:&quot;24&quot;,&quot;title&quot;:&quot;\u00a1YA ES NAVIDAD! MADRID ESTRENA SU ALUMBRADO NAVIDE\u00d1O&quot;,&quot;width&quot;:&quot;0&quot;,&quot;_legend&quot;:&quot;{score}\\\/{best} - ({count} {votes})&quot;,&quot;font_factor&quot;:&quot;1.25&quot;}'>\n            \n<div class=\"kksr-stars\">\n    \n<div class=\"kksr-stars-inactive\">\n            <div class=\"kksr-star\" data-star=\"1\" style=\"padding-right: 1px\">\n            \n\n<div class=\"kksr-icon\" style=\"width: 24px; height: 24px;\"><\/div>\n        <\/div>\n            <div class=\"kksr-star\" data-star=\"2\" style=\"padding-right: 1px\">\n            \n\n<div class=\"kksr-icon\" style=\"width: 24px; height: 24px;\"><\/div>\n        <\/div>\n            <div class=\"kksr-star\" data-star=\"3\" style=\"padding-right: 1px\">\n            \n\n<div class=\"kksr-icon\" style=\"width: 24px; height: 24px;\"><\/div>\n        <\/div>\n            <div class=\"kksr-star\" data-star=\"4\" style=\"padding-right: 1px\">\n            \n\n<div class=\"kksr-icon\" style=\"width: 24px; height: 24px;\"><\/div>\n        <\/div>\n            <div class=\"kksr-star\" data-star=\"5\" style=\"padding-right: 1px\">\n            \n\n<div class=\"kksr-icon\" style=\"width: 24px; height: 24px;\"><\/div>\n        <\/div>\n    <\/div>\n    \n<div class=\"kksr-stars-active\" style=\"width: 0px;\">\n            <div class=\"kksr-star\" style=\"padding-right: 1px\">\n            \n\n<div class=\"kksr-icon\" style=\"width: 24px; height: 24px;\"><\/div>\n        <\/div>\n            <div class=\"kksr-star\" style=\"padding-right: 1px\">\n            \n\n<div class=\"kksr-icon\" style=\"width: 24px; height: 24px;\"><\/div>\n        <\/div>\n            <div class=\"kksr-star\" style=\"padding-right: 1px\">\n            \n\n<div class=\"kksr-icon\" style=\"width: 24px; height: 24px;\"><\/div>\n        <\/div>\n            <div class=\"kksr-star\" style=\"padding-right: 1px\">\n            \n\n<div class=\"kksr-icon\" style=\"width: 24px; height: 24px;\"><\/div>\n        <\/div>\n            <div class=\"kksr-star\" style=\"padding-right: 1px\">\n            \n\n<div class=\"kksr-icon\" style=\"width: 24px; height: 24px;\"><\/div>\n        <\/div>\n    <\/div>\n<\/div>\n                \n\n<div class=\"kksr-legend\" style=\"font-size: 19.2px;\">\n            <span class=\"kksr-muted\">Valora este art\u00edculo<\/span>\n    <\/div>\n    <\/div>\n","protected":false},"excerpt":{"rendered":"<p>La ciudad de Madrid inaugura este viernes la Navidad 2015\/2016  [&#8230;]<\/p>\n","protected":false},"author":4,"featured_media":7208,"comment_status":"closed","ping_status":"closed","sticky":false,"template":"","format":"standard","meta":{"footnotes":""},"categories":[79],"tags":[35,5,69,34],"class_list":["post-4145","post","type-post","status-publish","format-standard","has-post-thumbnail","hentry","category-vivir-madrid","tag-gratis","tag-madrid","tag-navidad","tag-tour-madrid"],"yoast_head":"<!-- This site is optimized with the Yoast SEO plugin v27.4 - https:\/\/yoast.com\/product\/yoast-seo-wordpress\/ -->\n<title>YA ES NAVIDAD!MADRID ESTRENA SU ALUMBRADO<\/title>\n<meta name=\"description\" content=\"Madrid inaugura este viernes la Navidad 2015\/2016 con el tradicional encendido de su alumbrado, el pistoletazo de salida hacia la Navidad .Por MadridFansblog\" \/>\n<meta name=\"robots\" content=\"index, follow, max-snippet:-1, max-image-preview:large, max-video-preview:-1\" \/>\n<link rel=\"canonical\" href=\"https:\/\/www.proinca.es\/madridfansblog\/ya-es-navidad-madrid-estrena-su-alumbrado-navideno\/\" \/>\n<meta property=\"og:locale\" content=\"es_ES\" \/>\n<meta property=\"og:type\" content=\"article\" \/>\n<meta property=\"og:title\" content=\"YA ES NAVIDAD!MADRID ESTRENA SU ALUMBRADO\" \/>\n<meta property=\"og:description\" content=\"Madrid inaugura este viernes la Navidad 2015\/2016 con el tradicional encendido de su alumbrado, el pistoletazo de salida hacia la Navidad .Por MadridFansblog\" \/>\n<meta property=\"og:url\" content=\"https:\/\/www.proinca.es\/madridfansblog\/ya-es-navidad-madrid-estrena-su-alumbrado-navideno\/\" \/>\n<meta property=\"og:site_name\" content=\"Blog Proinca Madrid\" \/>\n<meta property=\"article:published_time\" content=\"2015-11-25T17:03:20+00:00\" \/>\n<meta property=\"article:modified_time\" content=\"2025-05-28T13:58:30+00:00\" \/>\n<meta property=\"og:image\" content=\"https:\/\/www.proinca.es\/madridfansblog\/wp-content\/uploads\/2015\/11\/luces-navidad-2015.jpg\" \/>\n\t<meta property=\"og:image:width\" content=\"1000\" \/>\n\t<meta property=\"og:image:height\" content=\"667\" \/>\n\t<meta property=\"og:image:type\" content=\"image\/jpeg\" \/>\n<meta name=\"author\" content=\"Ana Calero\" \/>\n<script type=\"application\/ld+json\" class=\"yoast-schema-graph\">{\"@context\":\"https:\\\/\\\/schema.org\",\"@graph\":[{\"@type\":\"Article\",\"@id\":\"https:\\\/\\\/www.proinca.es\\\/madridfansblog\\\/ya-es-navidad-madrid-estrena-su-alumbrado-navideno\\\/#article\",\"isPartOf\":{\"@id\":\"https:\\\/\\\/www.proinca.es\\\/madridfansblog\\\/ya-es-navidad-madrid-estrena-su-alumbrado-navideno\\\/\"},\"author\":{\"name\":\"Ana Calero\",\"@id\":\"https:\\\/\\\/www.proinca.es\\\/madridfansblog\\\/#\\\/schema\\\/person\\\/8401adc89c0a0f5a3574c43326247f1e\"},\"headline\":\"\u00a1YA ES NAVIDAD! MADRID ESTRENA SU ALUMBRADO NAVIDE\u00d1O\",\"datePublished\":\"2015-11-25T17:03:20+00:00\",\"dateModified\":\"2025-05-28T13:58:30+00:00\",\"mainEntityOfPage\":{\"@id\":\"https:\\\/\\\/www.proinca.es\\\/madridfansblog\\\/ya-es-navidad-madrid-estrena-su-alumbrado-navideno\\\/\"},\"wordCount\":376,\"publisher\":{\"@id\":\"https:\\\/\\\/www.proinca.es\\\/madridfansblog\\\/#organization\"},\"image\":{\"@id\":\"https:\\\/\\\/www.proinca.es\\\/madridfansblog\\\/ya-es-navidad-madrid-estrena-su-alumbrado-navideno\\\/#primaryimage\"},\"thumbnailUrl\":\"https:\\\/\\\/www.proinca.es\\\/madridfansblog\\\/wp-content\\\/uploads\\\/2015\\\/11\\\/luces-navidad-2015.jpg\",\"keywords\":[\"Gratis\",\"Madrid\",\"Navidad\",\"Tour Madrid\"],\"articleSection\":[\"VIVIR MADRID\"],\"inLanguage\":\"es\"},{\"@type\":\"WebPage\",\"@id\":\"https:\\\/\\\/www.proinca.es\\\/madridfansblog\\\/ya-es-navidad-madrid-estrena-su-alumbrado-navideno\\\/\",\"url\":\"https:\\\/\\\/www.proinca.es\\\/madridfansblog\\\/ya-es-navidad-madrid-estrena-su-alumbrado-navideno\\\/\",\"name\":\"YA ES NAVIDAD!MADRID ESTRENA SU ALUMBRADO\",\"isPartOf\":{\"@id\":\"https:\\\/\\\/www.proinca.es\\\/madridfansblog\\\/#website\"},\"primaryImageOfPage\":{\"@id\":\"https:\\\/\\\/www.proinca.es\\\/madridfansblog\\\/ya-es-navidad-madrid-estrena-su-alumbrado-navideno\\\/#primaryimage\"},\"image\":{\"@id\":\"https:\\\/\\\/www.proinca.es\\\/madridfansblog\\\/ya-es-navidad-madrid-estrena-su-alumbrado-navideno\\\/#primaryimage\"},\"thumbnailUrl\":\"https:\\\/\\\/www.proinca.es\\\/madridfansblog\\\/wp-content\\\/uploads\\\/2015\\\/11\\\/luces-navidad-2015.jpg\",\"datePublished\":\"2015-11-25T17:03:20+00:00\",\"dateModified\":\"2025-05-28T13:58:30+00:00\",\"description\":\"Madrid inaugura este viernes la Navidad 2015\\\/2016 con el tradicional encendido de su alumbrado, el pistoletazo de salida hacia la Navidad .Por MadridFansblog\",\"inLanguage\":\"es\",\"potentialAction\":[{\"@type\":\"ReadAction\",\"target\":[\"https:\\\/\\\/www.proinca.es\\\/madridfansblog\\\/ya-es-navidad-madrid-estrena-su-alumbrado-navideno\\\/\"]}]},{\"@type\":\"ImageObject\",\"inLanguage\":\"es\",\"@id\":\"https:\\\/\\\/www.proinca.es\\\/madridfansblog\\\/ya-es-navidad-madrid-estrena-su-alumbrado-navideno\\\/#primaryimage\",\"url\":\"https:\\\/\\\/www.proinca.es\\\/madridfansblog\\\/wp-content\\\/uploads\\\/2015\\\/11\\\/luces-navidad-2015.jpg\",\"contentUrl\":\"https:\\\/\\\/www.proinca.es\\\/madridfansblog\\\/wp-content\\\/uploads\\\/2015\\\/11\\\/luces-navidad-2015.jpg\",\"width\":1000,\"height\":667,\"caption\":\"\u00a1Ya es navidad! Madrid estrena su alumbrado navide\u00f1o\"},{\"@type\":\"WebSite\",\"@id\":\"https:\\\/\\\/www.proinca.es\\\/madridfansblog\\\/#website\",\"url\":\"https:\\\/\\\/www.proinca.es\\\/madridfansblog\\\/\",\"name\":\"Madrid Fans Blog Proinca\",\"description\":\"Pisos y apartamentos de alquiler en Madrid\",\"publisher\":{\"@id\":\"https:\\\/\\\/www.proinca.es\\\/madridfansblog\\\/#organization\"},\"potentialAction\":[{\"@type\":\"SearchAction\",\"target\":{\"@type\":\"EntryPoint\",\"urlTemplate\":\"https:\\\/\\\/www.proinca.es\\\/madridfansblog\\\/?s={search_term_string}\"},\"query-input\":{\"@type\":\"PropertyValueSpecification\",\"valueRequired\":true,\"valueName\":\"search_term_string\"}}],\"inLanguage\":\"es\"},{\"@type\":\"Organization\",\"@id\":\"https:\\\/\\\/www.proinca.es\\\/madridfansblog\\\/#organization\",\"name\":\"Proinca\",\"url\":\"https:\\\/\\\/www.proinca.es\\\/madridfansblog\\\/\",\"logo\":{\"@type\":\"ImageObject\",\"inLanguage\":\"es\",\"@id\":\"https:\\\/\\\/www.proinca.es\\\/madridfansblog\\\/#\\\/schema\\\/logo\\\/image\\\/\",\"url\":\"https:\\\/\\\/www.proinca.es\\\/madridfansblog\\\/wp-content\\\/uploads\\\/2022\\\/03\\\/logo-proinca.jpg\",\"contentUrl\":\"https:\\\/\\\/www.proinca.es\\\/madridfansblog\\\/wp-content\\\/uploads\\\/2022\\\/03\\\/logo-proinca.jpg\",\"width\":522,\"height\":250,\"caption\":\"Proinca\"},\"image\":{\"@id\":\"https:\\\/\\\/www.proinca.es\\\/madridfansblog\\\/#\\\/schema\\\/logo\\\/image\\\/\"}},{\"@type\":\"Person\",\"@id\":\"https:\\\/\\\/www.proinca.es\\\/madridfansblog\\\/#\\\/schema\\\/person\\\/8401adc89c0a0f5a3574c43326247f1e\",\"name\":\"Ana Calero\",\"image\":{\"@type\":\"ImageObject\",\"inLanguage\":\"es\",\"@id\":\"https:\\\/\\\/www.proinca.es\\\/madridfansblog\\\/wp-content\\\/litespeed\\\/avatar\\\/ef51b25c0718910f475570320941ef46.jpg?ver=1777379772\",\"url\":\"https:\\\/\\\/www.proinca.es\\\/madridfansblog\\\/wp-content\\\/litespeed\\\/avatar\\\/ef51b25c0718910f475570320941ef46.jpg?ver=1777379772\",\"contentUrl\":\"https:\\\/\\\/www.proinca.es\\\/madridfansblog\\\/wp-content\\\/litespeed\\\/avatar\\\/ef51b25c0718910f475570320941ef46.jpg?ver=1777379772\",\"caption\":\"Ana Calero\"},\"description\":\"Licenciada en Ciencias Empresariales por la Universidad Aut\u00f3noma de Madrid. Forma parte del equipo de Apartamentos Proinca y es una enamorada de Madrid\",\"sameAs\":[\"https:\\\/\\\/www.proinca.es\\\/madridfansblog\\\/ana-calero\\\/\"]}]}<\/script>\n<!-- \/ Yoast SEO plugin. -->","yoast_head_json":{"title":"YA ES NAVIDAD!MADRID ESTRENA SU ALUMBRADO","description":"Madrid inaugura este viernes la Navidad 2015\/2016 con el tradicional encendido de su alumbrado, el pistoletazo de salida hacia la Navidad .Por MadridFansblog","robots":{"index":"index","follow":"follow","max-snippet":"max-snippet:-1","max-image-preview":"max-image-preview:large","max-video-preview":"max-video-preview:-1"},"canonical":"https:\/\/www.proinca.es\/madridfansblog\/ya-es-navidad-madrid-estrena-su-alumbrado-navideno\/","og_locale":"es_ES","og_type":"article","og_title":"YA ES NAVIDAD!MADRID ESTRENA SU ALUMBRADO","og_description":"Madrid inaugura este viernes la Navidad 2015\/2016 con el tradicional encendido de su alumbrado, el pistoletazo de salida hacia la Navidad .Por MadridFansblog","og_url":"https:\/\/www.proinca.es\/madridfansblog\/ya-es-navidad-madrid-estrena-su-alumbrado-navideno\/","og_site_name":"Blog Proinca Madrid","article_published_time":"2015-11-25T17:03:20+00:00","article_modified_time":"2025-05-28T13:58:30+00:00","og_image":[{"width":1000,"height":667,"url":"https:\/\/www.proinca.es\/madridfansblog\/wp-content\/uploads\/2015\/11\/luces-navidad-2015.jpg","type":"image\/jpeg"}],"author":"Ana Calero","schema":{"@context":"https:\/\/schema.org","@graph":[{"@type":"Article","@id":"https:\/\/www.proinca.es\/madridfansblog\/ya-es-navidad-madrid-estrena-su-alumbrado-navideno\/#article","isPartOf":{"@id":"https:\/\/www.proinca.es\/madridfansblog\/ya-es-navidad-madrid-estrena-su-alumbrado-navideno\/"},"author":{"name":"Ana Calero","@id":"https:\/\/www.proinca.es\/madridfansblog\/#\/schema\/person\/8401adc89c0a0f5a3574c43326247f1e"},"headline":"\u00a1YA ES NAVIDAD! MADRID ESTRENA SU ALUMBRADO NAVIDE\u00d1O","datePublished":"2015-11-25T17:03:20+00:00","dateModified":"2025-05-28T13:58:30+00:00","mainEntityOfPage":{"@id":"https:\/\/www.proinca.es\/madridfansblog\/ya-es-navidad-madrid-estrena-su-alumbrado-navideno\/"},"wordCount":376,"publisher":{"@id":"https:\/\/www.proinca.es\/madridfansblog\/#organization"},"image":{"@id":"https:\/\/www.proinca.es\/madridfansblog\/ya-es-navidad-madrid-estrena-su-alumbrado-navideno\/#primaryimage"},"thumbnailUrl":"https:\/\/www.proinca.es\/madridfansblog\/wp-content\/uploads\/2015\/11\/luces-navidad-2015.jpg","keywords":["Gratis","Madrid","Navidad","Tour Madrid"],"articleSection":["VIVIR MADRID"],"inLanguage":"es"},{"@type":"WebPage","@id":"https:\/\/www.proinca.es\/madridfansblog\/ya-es-navidad-madrid-estrena-su-alumbrado-navideno\/","url":"https:\/\/www.proinca.es\/madridfansblog\/ya-es-navidad-madrid-estrena-su-alumbrado-navideno\/","name":"YA ES NAVIDAD!MADRID ESTRENA SU ALUMBRADO","isPartOf":{"@id":"https:\/\/www.proinca.es\/madridfansblog\/#website"},"primaryImageOfPage":{"@id":"https:\/\/www.proinca.es\/madridfansblog\/ya-es-navidad-madrid-estrena-su-alumbrado-navideno\/#primaryimage"},"image":{"@id":"https:\/\/www.proinca.es\/madridfansblog\/ya-es-navidad-madrid-estrena-su-alumbrado-navideno\/#primaryimage"},"thumbnailUrl":"https:\/\/www.proinca.es\/madridfansblog\/wp-content\/uploads\/2015\/11\/luces-navidad-2015.jpg","datePublished":"2015-11-25T17:03:20+00:00","dateModified":"2025-05-28T13:58:30+00:00","description":"Madrid inaugura este viernes la Navidad 2015\/2016 con el tradicional encendido de su alumbrado, el pistoletazo de salida hacia la Navidad .Por MadridFansblog","inLanguage":"es","potentialAction":[{"@type":"ReadAction","target":["https:\/\/www.proinca.es\/madridfansblog\/ya-es-navidad-madrid-estrena-su-alumbrado-navideno\/"]}]},{"@type":"ImageObject","inLanguage":"es","@id":"https:\/\/www.proinca.es\/madridfansblog\/ya-es-navidad-madrid-estrena-su-alumbrado-navideno\/#primaryimage","url":"https:\/\/www.proinca.es\/madridfansblog\/wp-content\/uploads\/2015\/11\/luces-navidad-2015.jpg","contentUrl":"https:\/\/www.proinca.es\/madridfansblog\/wp-content\/uploads\/2015\/11\/luces-navidad-2015.jpg","width":1000,"height":667,"caption":"\u00a1Ya es navidad! Madrid estrena su alumbrado navide\u00f1o"},{"@type":"WebSite","@id":"https:\/\/www.proinca.es\/madridfansblog\/#website","url":"https:\/\/www.proinca.es\/madridfansblog\/","name":"Madrid Fans Blog Proinca","description":"Pisos y apartamentos de alquiler en Madrid","publisher":{"@id":"https:\/\/www.proinca.es\/madridfansblog\/#organization"},"potentialAction":[{"@type":"SearchAction","target":{"@type":"EntryPoint","urlTemplate":"https:\/\/www.proinca.es\/madridfansblog\/?s={search_term_string}"},"query-input":{"@type":"PropertyValueSpecification","valueRequired":true,"valueName":"search_term_string"}}],"inLanguage":"es"},{"@type":"Organization","@id":"https:\/\/www.proinca.es\/madridfansblog\/#organization","name":"Proinca","url":"https:\/\/www.proinca.es\/madridfansblog\/","logo":{"@type":"ImageObject","inLanguage":"es","@id":"https:\/\/www.proinca.es\/madridfansblog\/#\/schema\/logo\/image\/","url":"https:\/\/www.proinca.es\/madridfansblog\/wp-content\/uploads\/2022\/03\/logo-proinca.jpg","contentUrl":"https:\/\/www.proinca.es\/madridfansblog\/wp-content\/uploads\/2022\/03\/logo-proinca.jpg","width":522,"height":250,"caption":"Proinca"},"image":{"@id":"https:\/\/www.proinca.es\/madridfansblog\/#\/schema\/logo\/image\/"}},{"@type":"Person","@id":"https:\/\/www.proinca.es\/madridfansblog\/#\/schema\/person\/8401adc89c0a0f5a3574c43326247f1e","name":"Ana Calero","image":{"@type":"ImageObject","inLanguage":"es","@id":"https:\/\/www.proinca.es\/madridfansblog\/wp-content\/litespeed\/avatar\/ef51b25c0718910f475570320941ef46.jpg?ver=1777379772","url":"https:\/\/www.proinca.es\/madridfansblog\/wp-content\/litespeed\/avatar\/ef51b25c0718910f475570320941ef46.jpg?ver=1777379772","contentUrl":"https:\/\/www.proinca.es\/madridfansblog\/wp-content\/litespeed\/avatar\/ef51b25c0718910f475570320941ef46.jpg?ver=1777379772","caption":"Ana Calero"},"description":"Licenciada en Ciencias Empresariales por la Universidad Aut\u00f3noma de Madrid. Forma parte del equipo de Apartamentos Proinca y es una enamorada de Madrid","sameAs":["https:\/\/www.proinca.es\/madridfansblog\/ana-calero\/"]}]}},"_links":{"self":[{"href":"https:\/\/www.proinca.es\/madridfansblog\/wp-json\/wp\/v2\/posts\/4145","targetHints":{"allow":["GET"]}}],"collection":[{"href":"https:\/\/www.proinca.es\/madridfansblog\/wp-json\/wp\/v2\/posts"}],"about":[{"href":"https:\/\/www.proinca.es\/madridfansblog\/wp-json\/wp\/v2\/types\/post"}],"author":[{"embeddable":true,"href":"https:\/\/www.proinca.es\/madridfansblog\/wp-json\/wp\/v2\/users\/4"}],"replies":[{"embeddable":true,"href":"https:\/\/www.proinca.es\/madridfansblog\/wp-json\/wp\/v2\/comments?post=4145"}],"version-history":[{"count":12,"href":"https:\/\/www.proinca.es\/madridfansblog\/wp-json\/wp\/v2\/posts\/4145\/revisions"}],"predecessor-version":[{"id":7490,"href":"https:\/\/www.proinca.es\/madridfansblog\/wp-json\/wp\/v2\/posts\/4145\/revisions\/7490"}],"wp:featuredmedia":[{"embeddable":true,"href":"https:\/\/www.proinca.es\/madridfansblog\/wp-json\/wp\/v2\/media\/7208"}],"wp:attachment":[{"href":"https:\/\/www.proinca.es\/madridfansblog\/wp-json\/wp\/v2\/media?parent=4145"}],"wp:term":[{"taxonomy":"category","embeddable":true,"href":"https:\/\/www.proinca.es\/madridfansblog\/wp-json\/wp\/v2\/categories?post=4145"},{"taxonomy":"post_tag","embeddable":true,"href":"https:\/\/www.proinca.es\/madridfansblog\/wp-json\/wp\/v2\/tags?post=4145"}],"curies":[{"name":"wp","href":"https:\/\/api.w.org\/{rel}","templated":true}]}}