{"id":4171,"date":"2015-12-23T15:12:06","date_gmt":"2015-12-23T14:12:06","guid":{"rendered":"http:\/\/www.proinca.es\/madridfansblog\/?p=4171"},"modified":"2025-05-28T15:58:38","modified_gmt":"2025-05-28T13:58:38","slug":"mercadillos-madrilenos-para-las-ultimas-compras-de-navidad","status":"publish","type":"post","link":"https:\/\/www.proinca.es\/madridfansblog\/mercadillos-madrilenos-para-las-ultimas-compras-de-navidad\/","title":{"rendered":"MERCADILLOS MADRILE\u00d1OS PARA LAS \u00daLTIMAS COMPRAS DE NAVIDAD"},"content":{"rendered":"<p>De las cl\u00e1sicas apuestas a lo m\u00e1s innovador. En Madrid Fans Blog os presentamos un listado con algunos de los <strong>mercadillos y ferias de artesan\u00eda<\/strong> imprescindibles en estas <strong>Navidades<\/strong>.<!--more--> Disfruta del ambiente y consigue el regalo perfecto \u00a1A\u00fan est\u00e1s a tiempo!<\/p>\n<p>&#8211; El cl\u00e1sico por excelencia, <strong>el mercadillo de la plaza Mayor<\/strong>. Podr\u00e1s hacerte con todo tipo de productos tradicionales navide\u00f1os. El mercado permanecer\u00e1 abierto hasta el 31 de diciembre, de 10.00 a 22.00 horas entre semana y hasta las 23.00 horas el finde<em>.<\/em><\/p>\n<p>&#8211; <strong>Mercadillo de la plaza de Benavente<\/strong>. De los art\u00edculos navide\u00f1os pasamos a los productos artesanales. Este enclave de <strong>Madrid<\/strong>,\u00a0 acoge a\u00f1o tras a\u00f1o un pu\u00f1ado de casetas dedicadas a la comercializaci\u00f3n de productos ideales para hacer un regalo en estas fechas, por eso permanecen abiertas m\u00e1s tiempo, hasta el 10 de enero. En esta misma l\u00ednea encontramos los puestos que conforman los <strong>mercadillos de la plaza de Santo Domingo y plaza del Carmen.<\/strong><\/p>\n<p>&#8211; <strong>Mercado de Artesan\u00eda de la plaza de Espa\u00f1a<\/strong>. Los comerciantes que se dan cita aqu\u00ed venden objetos de artesan\u00eda de gran calidad y, normalmente, hechos por ellos mismos a mano. Cer\u00e1mica, cuero, juguetes de madera, art\u00edculos de vidrio, textiles\u2026 Suele permanece abierto hasta la Noche de Reyes.<\/p>\n<p>&#8211; <strong>Mercadillo Solidario de Mensajeros de la Paz<\/strong>, junto al intercambiador de Moncloa. Hasta el 6 de enero, 25 casetas de lo m\u00e1s variado ponen a la venta productos solidarios.<\/p>\n<p>&#8211; <strong>Feria Dulces de Navidad<\/strong> en la plaza Isabel II. El lugar es ideal, al ladito del Teatro Real, y el producto a la venta, a\u00fan m\u00e1s: dulces t\u00edpicos de Navidad. Abre hasta el 6 de enero y adem\u00e1s de dulces t\u00edpicos de <strong>Madrid<\/strong> podemos encontrar golosinas de muchos otros pa\u00edses.<\/p>\n<p>&#8211; <strong>Mercadillo del Gato<\/strong>, en el Centro Cultural de los Ej\u00e9rcitos (Gran V\u00eda, 13). Moda, juguetes, joyer\u00eda, arte, mobiliario y un largo etc\u00e9tera para este gran mercadillo de productos exclusivos que permanecer\u00e1 abierto hasta el 5 de enero.<\/p>\n<p>&#8211; <strong>Slow Revolution<\/strong> en el 24 de la calle N\u00fa\u00f1ez de Balboa. Federica &amp; Co, un proyecto al que dan vida varias comerciantes, ha decidido abrir las puertas de un <strong>mercadillo navide\u00f1o<\/strong> con sello propio.<\/p>\n<p>&#8211; <strong>Mercado Central de Dise\u00f1o<\/strong> en la calle San Lorenzo, 5. Este <em>pop-up<\/em> navide\u00f1o, al que dan vida 30 dise\u00f1adores con nombre propio, saca a la venta cosm\u00e9tica, papeler\u00eda, mobiliario, textil&#8230;, todo de creaci\u00f3n propia. Solo hasta el 24 diciembre. El lugar perfecto si lo que quieres es un regalo singular, de calidad y creativo.<\/p>\n<p>Informaci\u00f3n patrocinada por\u00a0<strong><a title=\"Proinca apartamentos de alquiler en Madrid\" href=\"http:\/\/www.proinca.es\" target=\"_blank\" rel=\"noopener\">Proinca: Apartamentos de alquiler en Madrid<\/a><\/strong><\/p>\n<p>Foto de Stella Tzertzeveli en Unsplash<\/p>\n\n\n<div class=\"kk-star-ratings kksr-auto kksr-align-left kksr-valign-bottom\"\n    data-payload='{&quot;align&quot;:&quot;left&quot;,&quot;id&quot;:&quot;4171&quot;,&quot;slug&quot;:&quot;default&quot;,&quot;valign&quot;:&quot;bottom&quot;,&quot;ignore&quot;:&quot;&quot;,&quot;reference&quot;:&quot;auto&quot;,&quot;class&quot;:&quot;&quot;,&quot;count&quot;:&quot;0&quot;,&quot;legendonly&quot;:&quot;&quot;,&quot;readonly&quot;:&quot;&quot;,&quot;score&quot;:&quot;0&quot;,&quot;starsonly&quot;:&quot;&quot;,&quot;best&quot;:&quot;5&quot;,&quot;gap&quot;:&quot;1&quot;,&quot;greet&quot;:&quot;Valora este art\u00edculo&quot;,&quot;legend&quot;:&quot;0\\\/5 - (0 votos)&quot;,&quot;size&quot;:&quot;24&quot;,&quot;title&quot;:&quot;MERCADILLOS MADRILE\u00d1OS PARA LAS \u00daLTIMAS COMPRAS DE NAVIDAD&quot;,&quot;width&quot;:&quot;0&quot;,&quot;_legend&quot;:&quot;{score}\\\/{best} - ({count} {votes})&quot;,&quot;font_factor&quot;:&quot;1.25&quot;}'>\n            \n<div class=\"kksr-stars\">\n    \n<div class=\"kksr-stars-inactive\">\n            <div class=\"kksr-star\" data-star=\"1\" style=\"padding-right: 1px\">\n            \n\n<div class=\"kksr-icon\" style=\"width: 24px; height: 24px;\"><\/div>\n        <\/div>\n            <div class=\"kksr-star\" data-star=\"2\" style=\"padding-right: 1px\">\n            \n\n<div class=\"kksr-icon\" style=\"width: 24px; height: 24px;\"><\/div>\n        <\/div>\n            <div class=\"kksr-star\" data-star=\"3\" style=\"padding-right: 1px\">\n            \n\n<div class=\"kksr-icon\" style=\"width: 24px; height: 24px;\"><\/div>\n        <\/div>\n            <div class=\"kksr-star\" data-star=\"4\" style=\"padding-right: 1px\">\n            \n\n<div class=\"kksr-icon\" style=\"width: 24px; height: 24px;\"><\/div>\n        <\/div>\n            <div class=\"kksr-star\" data-star=\"5\" style=\"padding-right: 1px\">\n            \n\n<div class=\"kksr-icon\" style=\"width: 24px; height: 24px;\"><\/div>\n        <\/div>\n    <\/div>\n    \n<div class=\"kksr-stars-active\" style=\"width: 0px;\">\n            <div class=\"kksr-star\" style=\"padding-right: 1px\">\n            \n\n<div class=\"kksr-icon\" style=\"width: 24px; height: 24px;\"><\/div>\n        <\/div>\n            <div class=\"kksr-star\" style=\"padding-right: 1px\">\n            \n\n<div class=\"kksr-icon\" style=\"width: 24px; height: 24px;\"><\/div>\n        <\/div>\n            <div class=\"kksr-star\" style=\"padding-right: 1px\">\n            \n\n<div class=\"kksr-icon\" style=\"width: 24px; height: 24px;\"><\/div>\n        <\/div>\n            <div class=\"kksr-star\" style=\"padding-right: 1px\">\n            \n\n<div class=\"kksr-icon\" style=\"width: 24px; height: 24px;\"><\/div>\n        <\/div>\n            <div class=\"kksr-star\" style=\"padding-right: 1px\">\n            \n\n<div class=\"kksr-icon\" style=\"width: 24px; height: 24px;\"><\/div>\n        <\/div>\n    <\/div>\n<\/div>\n                \n\n<div class=\"kksr-legend\" style=\"font-size: 19.2px;\">\n            <span class=\"kksr-muted\">Valora este art\u00edculo<\/span>\n    <\/div>\n    <\/div>\n","protected":false},"excerpt":{"rendered":"<p>De las cl\u00e1sicas apuestas a lo m\u00e1s innovador. En Madrid  [&#8230;]<\/p>\n","protected":false},"author":4,"featured_media":7213,"comment_status":"closed","ping_status":"closed","sticky":false,"template":"","format":"standard","meta":{"footnotes":""},"categories":[79],"tags":[5,69],"class_list":["post-4171","post","type-post","status-publish","format-standard","has-post-thumbnail","hentry","category-vivir-madrid","tag-madrid","tag-navidad"],"yoast_head":"<!-- This site is optimized with the Yoast SEO plugin v27.4 - https:\/\/yoast.com\/product\/yoast-seo-wordpress\/ -->\n<title>Mercadillos madrile\u00f1os de navidad<\/title>\n<meta name=\"description\" content=\"Algunos de los mercadillos y f\u00e9rias de artesan\u00eda de Madrid, imprescindibles en Navidad.Disfruta del ambiente y consigue el regalo perfecto.Por Madridfansblog\" \/>\n<meta name=\"robots\" content=\"index, follow, max-snippet:-1, max-image-preview:large, max-video-preview:-1\" \/>\n<link rel=\"canonical\" href=\"https:\/\/www.proinca.es\/madridfansblog\/mercadillos-madrilenos-para-las-ultimas-compras-de-navidad\/\" \/>\n<meta property=\"og:locale\" content=\"es_ES\" \/>\n<meta property=\"og:type\" content=\"article\" \/>\n<meta property=\"og:title\" content=\"Mercadillos madrile\u00f1os de navidad\" \/>\n<meta property=\"og:description\" content=\"Algunos de los mercadillos y f\u00e9rias de artesan\u00eda de Madrid, imprescindibles en Navidad.Disfruta del ambiente y consigue el regalo perfecto.Por Madridfansblog\" \/>\n<meta property=\"og:url\" content=\"https:\/\/www.proinca.es\/madridfansblog\/mercadillos-madrilenos-para-las-ultimas-compras-de-navidad\/\" \/>\n<meta property=\"og:site_name\" content=\"Blog Proinca Madrid\" \/>\n<meta property=\"article:published_time\" content=\"2015-12-23T14:12:06+00:00\" \/>\n<meta property=\"article:modified_time\" content=\"2025-05-28T13:58:38+00:00\" \/>\n<meta property=\"og:image\" content=\"https:\/\/www.proinca.es\/madridfansblog\/wp-content\/uploads\/2015\/12\/mercadillos-navidenos-madrid.jpg\" \/>\n\t<meta property=\"og:image:width\" content=\"1000\" \/>\n\t<meta property=\"og:image:height\" content=\"664\" \/>\n\t<meta property=\"og:image:type\" content=\"image\/jpeg\" \/>\n<meta name=\"author\" content=\"Ana Calero\" \/>\n<script type=\"application\/ld+json\" class=\"yoast-schema-graph\">{\"@context\":\"https:\\\/\\\/schema.org\",\"@graph\":[{\"@type\":\"Article\",\"@id\":\"https:\\\/\\\/www.proinca.es\\\/madridfansblog\\\/mercadillos-madrilenos-para-las-ultimas-compras-de-navidad\\\/#article\",\"isPartOf\":{\"@id\":\"https:\\\/\\\/www.proinca.es\\\/madridfansblog\\\/mercadillos-madrilenos-para-las-ultimas-compras-de-navidad\\\/\"},\"author\":{\"name\":\"Ana Calero\",\"@id\":\"https:\\\/\\\/www.proinca.es\\\/madridfansblog\\\/#\\\/schema\\\/person\\\/8401adc89c0a0f5a3574c43326247f1e\"},\"headline\":\"MERCADILLOS MADRILE\u00d1OS PARA LAS \u00daLTIMAS COMPRAS DE NAVIDAD\",\"datePublished\":\"2015-12-23T14:12:06+00:00\",\"dateModified\":\"2025-05-28T13:58:38+00:00\",\"mainEntityOfPage\":{\"@id\":\"https:\\\/\\\/www.proinca.es\\\/madridfansblog\\\/mercadillos-madrilenos-para-las-ultimas-compras-de-navidad\\\/\"},\"wordCount\":466,\"publisher\":{\"@id\":\"https:\\\/\\\/www.proinca.es\\\/madridfansblog\\\/#organization\"},\"image\":{\"@id\":\"https:\\\/\\\/www.proinca.es\\\/madridfansblog\\\/mercadillos-madrilenos-para-las-ultimas-compras-de-navidad\\\/#primaryimage\"},\"thumbnailUrl\":\"https:\\\/\\\/www.proinca.es\\\/madridfansblog\\\/wp-content\\\/uploads\\\/2015\\\/12\\\/mercadillos-navidenos-madrid.jpg\",\"keywords\":[\"Madrid\",\"Navidad\"],\"articleSection\":[\"VIVIR MADRID\"],\"inLanguage\":\"es\"},{\"@type\":\"WebPage\",\"@id\":\"https:\\\/\\\/www.proinca.es\\\/madridfansblog\\\/mercadillos-madrilenos-para-las-ultimas-compras-de-navidad\\\/\",\"url\":\"https:\\\/\\\/www.proinca.es\\\/madridfansblog\\\/mercadillos-madrilenos-para-las-ultimas-compras-de-navidad\\\/\",\"name\":\"Mercadillos madrile\u00f1os de navidad\",\"isPartOf\":{\"@id\":\"https:\\\/\\\/www.proinca.es\\\/madridfansblog\\\/#website\"},\"primaryImageOfPage\":{\"@id\":\"https:\\\/\\\/www.proinca.es\\\/madridfansblog\\\/mercadillos-madrilenos-para-las-ultimas-compras-de-navidad\\\/#primaryimage\"},\"image\":{\"@id\":\"https:\\\/\\\/www.proinca.es\\\/madridfansblog\\\/mercadillos-madrilenos-para-las-ultimas-compras-de-navidad\\\/#primaryimage\"},\"thumbnailUrl\":\"https:\\\/\\\/www.proinca.es\\\/madridfansblog\\\/wp-content\\\/uploads\\\/2015\\\/12\\\/mercadillos-navidenos-madrid.jpg\",\"datePublished\":\"2015-12-23T14:12:06+00:00\",\"dateModified\":\"2025-05-28T13:58:38+00:00\",\"description\":\"Algunos de los mercadillos y f\u00e9rias de artesan\u00eda de Madrid, imprescindibles en Navidad.Disfruta del ambiente y consigue el regalo perfecto.Por Madridfansblog\",\"inLanguage\":\"es\",\"potentialAction\":[{\"@type\":\"ReadAction\",\"target\":[\"https:\\\/\\\/www.proinca.es\\\/madridfansblog\\\/mercadillos-madrilenos-para-las-ultimas-compras-de-navidad\\\/\"]}]},{\"@type\":\"ImageObject\",\"inLanguage\":\"es\",\"@id\":\"https:\\\/\\\/www.proinca.es\\\/madridfansblog\\\/mercadillos-madrilenos-para-las-ultimas-compras-de-navidad\\\/#primaryimage\",\"url\":\"https:\\\/\\\/www.proinca.es\\\/madridfansblog\\\/wp-content\\\/uploads\\\/2015\\\/12\\\/mercadillos-navidenos-madrid.jpg\",\"contentUrl\":\"https:\\\/\\\/www.proinca.es\\\/madridfansblog\\\/wp-content\\\/uploads\\\/2015\\\/12\\\/mercadillos-navidenos-madrid.jpg\",\"width\":1000,\"height\":664,\"caption\":\"Mercadillos madrile\u00f1os para las \u00faltimas compras de navidad\"},{\"@type\":\"WebSite\",\"@id\":\"https:\\\/\\\/www.proinca.es\\\/madridfansblog\\\/#website\",\"url\":\"https:\\\/\\\/www.proinca.es\\\/madridfansblog\\\/\",\"name\":\"Madrid Fans Blog Proinca\",\"description\":\"Pisos y apartamentos de alquiler en Madrid\",\"publisher\":{\"@id\":\"https:\\\/\\\/www.proinca.es\\\/madridfansblog\\\/#organization\"},\"potentialAction\":[{\"@type\":\"SearchAction\",\"target\":{\"@type\":\"EntryPoint\",\"urlTemplate\":\"https:\\\/\\\/www.proinca.es\\\/madridfansblog\\\/?s={search_term_string}\"},\"query-input\":{\"@type\":\"PropertyValueSpecification\",\"valueRequired\":true,\"valueName\":\"search_term_string\"}}],\"inLanguage\":\"es\"},{\"@type\":\"Organization\",\"@id\":\"https:\\\/\\\/www.proinca.es\\\/madridfansblog\\\/#organization\",\"name\":\"Proinca\",\"url\":\"https:\\\/\\\/www.proinca.es\\\/madridfansblog\\\/\",\"logo\":{\"@type\":\"ImageObject\",\"inLanguage\":\"es\",\"@id\":\"https:\\\/\\\/www.proinca.es\\\/madridfansblog\\\/#\\\/schema\\\/logo\\\/image\\\/\",\"url\":\"https:\\\/\\\/www.proinca.es\\\/madridfansblog\\\/wp-content\\\/uploads\\\/2022\\\/03\\\/logo-proinca.jpg\",\"contentUrl\":\"https:\\\/\\\/www.proinca.es\\\/madridfansblog\\\/wp-content\\\/uploads\\\/2022\\\/03\\\/logo-proinca.jpg\",\"width\":522,\"height\":250,\"caption\":\"Proinca\"},\"image\":{\"@id\":\"https:\\\/\\\/www.proinca.es\\\/madridfansblog\\\/#\\\/schema\\\/logo\\\/image\\\/\"}},{\"@type\":\"Person\",\"@id\":\"https:\\\/\\\/www.proinca.es\\\/madridfansblog\\\/#\\\/schema\\\/person\\\/8401adc89c0a0f5a3574c43326247f1e\",\"name\":\"Ana Calero\",\"image\":{\"@type\":\"ImageObject\",\"inLanguage\":\"es\",\"@id\":\"https:\\\/\\\/www.proinca.es\\\/madridfansblog\\\/wp-content\\\/litespeed\\\/avatar\\\/ef51b25c0718910f475570320941ef46.jpg?ver=1777379772\",\"url\":\"https:\\\/\\\/www.proinca.es\\\/madridfansblog\\\/wp-content\\\/litespeed\\\/avatar\\\/ef51b25c0718910f475570320941ef46.jpg?ver=1777379772\",\"contentUrl\":\"https:\\\/\\\/www.proinca.es\\\/madridfansblog\\\/wp-content\\\/litespeed\\\/avatar\\\/ef51b25c0718910f475570320941ef46.jpg?ver=1777379772\",\"caption\":\"Ana Calero\"},\"description\":\"Licenciada en Ciencias Empresariales por la Universidad Aut\u00f3noma de Madrid. Forma parte del equipo de Apartamentos Proinca y es una enamorada de Madrid\",\"sameAs\":[\"https:\\\/\\\/www.proinca.es\\\/madridfansblog\\\/ana-calero\\\/\"]}]}<\/script>\n<!-- \/ Yoast SEO plugin. -->","yoast_head_json":{"title":"Mercadillos madrile\u00f1os de navidad","description":"Algunos de los mercadillos y f\u00e9rias de artesan\u00eda de Madrid, imprescindibles en Navidad.Disfruta del ambiente y consigue el regalo perfecto.Por Madridfansblog","robots":{"index":"index","follow":"follow","max-snippet":"max-snippet:-1","max-image-preview":"max-image-preview:large","max-video-preview":"max-video-preview:-1"},"canonical":"https:\/\/www.proinca.es\/madridfansblog\/mercadillos-madrilenos-para-las-ultimas-compras-de-navidad\/","og_locale":"es_ES","og_type":"article","og_title":"Mercadillos madrile\u00f1os de navidad","og_description":"Algunos de los mercadillos y f\u00e9rias de artesan\u00eda de Madrid, imprescindibles en Navidad.Disfruta del ambiente y consigue el regalo perfecto.Por Madridfansblog","og_url":"https:\/\/www.proinca.es\/madridfansblog\/mercadillos-madrilenos-para-las-ultimas-compras-de-navidad\/","og_site_name":"Blog Proinca Madrid","article_published_time":"2015-12-23T14:12:06+00:00","article_modified_time":"2025-05-28T13:58:38+00:00","og_image":[{"width":1000,"height":664,"url":"https:\/\/www.proinca.es\/madridfansblog\/wp-content\/uploads\/2015\/12\/mercadillos-navidenos-madrid.jpg","type":"image\/jpeg"}],"author":"Ana Calero","schema":{"@context":"https:\/\/schema.org","@graph":[{"@type":"Article","@id":"https:\/\/www.proinca.es\/madridfansblog\/mercadillos-madrilenos-para-las-ultimas-compras-de-navidad\/#article","isPartOf":{"@id":"https:\/\/www.proinca.es\/madridfansblog\/mercadillos-madrilenos-para-las-ultimas-compras-de-navidad\/"},"author":{"name":"Ana Calero","@id":"https:\/\/www.proinca.es\/madridfansblog\/#\/schema\/person\/8401adc89c0a0f5a3574c43326247f1e"},"headline":"MERCADILLOS MADRILE\u00d1OS PARA LAS \u00daLTIMAS COMPRAS DE NAVIDAD","datePublished":"2015-12-23T14:12:06+00:00","dateModified":"2025-05-28T13:58:38+00:00","mainEntityOfPage":{"@id":"https:\/\/www.proinca.es\/madridfansblog\/mercadillos-madrilenos-para-las-ultimas-compras-de-navidad\/"},"wordCount":466,"publisher":{"@id":"https:\/\/www.proinca.es\/madridfansblog\/#organization"},"image":{"@id":"https:\/\/www.proinca.es\/madridfansblog\/mercadillos-madrilenos-para-las-ultimas-compras-de-navidad\/#primaryimage"},"thumbnailUrl":"https:\/\/www.proinca.es\/madridfansblog\/wp-content\/uploads\/2015\/12\/mercadillos-navidenos-madrid.jpg","keywords":["Madrid","Navidad"],"articleSection":["VIVIR MADRID"],"inLanguage":"es"},{"@type":"WebPage","@id":"https:\/\/www.proinca.es\/madridfansblog\/mercadillos-madrilenos-para-las-ultimas-compras-de-navidad\/","url":"https:\/\/www.proinca.es\/madridfansblog\/mercadillos-madrilenos-para-las-ultimas-compras-de-navidad\/","name":"Mercadillos madrile\u00f1os de navidad","isPartOf":{"@id":"https:\/\/www.proinca.es\/madridfansblog\/#website"},"primaryImageOfPage":{"@id":"https:\/\/www.proinca.es\/madridfansblog\/mercadillos-madrilenos-para-las-ultimas-compras-de-navidad\/#primaryimage"},"image":{"@id":"https:\/\/www.proinca.es\/madridfansblog\/mercadillos-madrilenos-para-las-ultimas-compras-de-navidad\/#primaryimage"},"thumbnailUrl":"https:\/\/www.proinca.es\/madridfansblog\/wp-content\/uploads\/2015\/12\/mercadillos-navidenos-madrid.jpg","datePublished":"2015-12-23T14:12:06+00:00","dateModified":"2025-05-28T13:58:38+00:00","description":"Algunos de los mercadillos y f\u00e9rias de artesan\u00eda de Madrid, imprescindibles en Navidad.Disfruta del ambiente y consigue el regalo perfecto.Por Madridfansblog","inLanguage":"es","potentialAction":[{"@type":"ReadAction","target":["https:\/\/www.proinca.es\/madridfansblog\/mercadillos-madrilenos-para-las-ultimas-compras-de-navidad\/"]}]},{"@type":"ImageObject","inLanguage":"es","@id":"https:\/\/www.proinca.es\/madridfansblog\/mercadillos-madrilenos-para-las-ultimas-compras-de-navidad\/#primaryimage","url":"https:\/\/www.proinca.es\/madridfansblog\/wp-content\/uploads\/2015\/12\/mercadillos-navidenos-madrid.jpg","contentUrl":"https:\/\/www.proinca.es\/madridfansblog\/wp-content\/uploads\/2015\/12\/mercadillos-navidenos-madrid.jpg","width":1000,"height":664,"caption":"Mercadillos madrile\u00f1os para las \u00faltimas compras de navidad"},{"@type":"WebSite","@id":"https:\/\/www.proinca.es\/madridfansblog\/#website","url":"https:\/\/www.proinca.es\/madridfansblog\/","name":"Madrid Fans Blog Proinca","description":"Pisos y apartamentos de alquiler en Madrid","publisher":{"@id":"https:\/\/www.proinca.es\/madridfansblog\/#organization"},"potentialAction":[{"@type":"SearchAction","target":{"@type":"EntryPoint","urlTemplate":"https:\/\/www.proinca.es\/madridfansblog\/?s={search_term_string}"},"query-input":{"@type":"PropertyValueSpecification","valueRequired":true,"valueName":"search_term_string"}}],"inLanguage":"es"},{"@type":"Organization","@id":"https:\/\/www.proinca.es\/madridfansblog\/#organization","name":"Proinca","url":"https:\/\/www.proinca.es\/madridfansblog\/","logo":{"@type":"ImageObject","inLanguage":"es","@id":"https:\/\/www.proinca.es\/madridfansblog\/#\/schema\/logo\/image\/","url":"https:\/\/www.proinca.es\/madridfansblog\/wp-content\/uploads\/2022\/03\/logo-proinca.jpg","contentUrl":"https:\/\/www.proinca.es\/madridfansblog\/wp-content\/uploads\/2022\/03\/logo-proinca.jpg","width":522,"height":250,"caption":"Proinca"},"image":{"@id":"https:\/\/www.proinca.es\/madridfansblog\/#\/schema\/logo\/image\/"}},{"@type":"Person","@id":"https:\/\/www.proinca.es\/madridfansblog\/#\/schema\/person\/8401adc89c0a0f5a3574c43326247f1e","name":"Ana Calero","image":{"@type":"ImageObject","inLanguage":"es","@id":"https:\/\/www.proinca.es\/madridfansblog\/wp-content\/litespeed\/avatar\/ef51b25c0718910f475570320941ef46.jpg?ver=1777379772","url":"https:\/\/www.proinca.es\/madridfansblog\/wp-content\/litespeed\/avatar\/ef51b25c0718910f475570320941ef46.jpg?ver=1777379772","contentUrl":"https:\/\/www.proinca.es\/madridfansblog\/wp-content\/litespeed\/avatar\/ef51b25c0718910f475570320941ef46.jpg?ver=1777379772","caption":"Ana Calero"},"description":"Licenciada en Ciencias Empresariales por la Universidad Aut\u00f3noma de Madrid. Forma parte del equipo de Apartamentos Proinca y es una enamorada de Madrid","sameAs":["https:\/\/www.proinca.es\/madridfansblog\/ana-calero\/"]}]}},"_links":{"self":[{"href":"https:\/\/www.proinca.es\/madridfansblog\/wp-json\/wp\/v2\/posts\/4171","targetHints":{"allow":["GET"]}}],"collection":[{"href":"https:\/\/www.proinca.es\/madridfansblog\/wp-json\/wp\/v2\/posts"}],"about":[{"href":"https:\/\/www.proinca.es\/madridfansblog\/wp-json\/wp\/v2\/types\/post"}],"author":[{"embeddable":true,"href":"https:\/\/www.proinca.es\/madridfansblog\/wp-json\/wp\/v2\/users\/4"}],"replies":[{"embeddable":true,"href":"https:\/\/www.proinca.es\/madridfansblog\/wp-json\/wp\/v2\/comments?post=4171"}],"version-history":[{"count":9,"href":"https:\/\/www.proinca.es\/madridfansblog\/wp-json\/wp\/v2\/posts\/4171\/revisions"}],"predecessor-version":[{"id":7489,"href":"https:\/\/www.proinca.es\/madridfansblog\/wp-json\/wp\/v2\/posts\/4171\/revisions\/7489"}],"wp:featuredmedia":[{"embeddable":true,"href":"https:\/\/www.proinca.es\/madridfansblog\/wp-json\/wp\/v2\/media\/7213"}],"wp:attachment":[{"href":"https:\/\/www.proinca.es\/madridfansblog\/wp-json\/wp\/v2\/media?parent=4171"}],"wp:term":[{"taxonomy":"category","embeddable":true,"href":"https:\/\/www.proinca.es\/madridfansblog\/wp-json\/wp\/v2\/categories?post=4171"},{"taxonomy":"post_tag","embeddable":true,"href":"https:\/\/www.proinca.es\/madridfansblog\/wp-json\/wp\/v2\/tags?post=4171"}],"curies":[{"name":"wp","href":"https:\/\/api.w.org\/{rel}","templated":true}]}}