{"id":4182,"date":"2016-01-05T15:45:50","date_gmt":"2016-01-05T14:45:50","guid":{"rendered":"http:\/\/www.proinca.es\/madridfansblog\/?p=4182"},"modified":"2025-05-28T15:58:47","modified_gmt":"2025-05-28T13:58:47","slug":"un-dia-tipical-navideno-en-madrid","status":"publish","type":"post","link":"https:\/\/www.proinca.es\/madridfansblog\/un-dia-tipical-navideno-en-madrid\/","title":{"rendered":"UN D\u00cdA TIPICAL NAVIDE\u00d1O EN MADRID"},"content":{"rendered":"<p>Si son tus primeras <strong>Navidades <\/strong>en la ciudad de<strong> Madrid<\/strong> y te sientes perdido, no te angusties, en los siguientes p\u00e1rrafos te explicamos c\u00f3mo sacar el m\u00e1ximo partido a la capital en estas fechas tan vibrantes.<!--more--><\/p>\n<p>Topicazos imprescindibles para unas <strong>Navidades en Madrid<\/strong>:<\/p>\n<p>\u00bfEres de los que juega a\u00f1o tras a\u00f1o a la loter\u00eda en Navidad? \u00bfNo? Da igual, aun as\u00ed est\u00e1s obligado a comprar un d\u00e9cimo en <strong>Do\u00f1a Manolita<\/strong>, una administraci\u00f3n con mucha solera acompa\u00f1ada por una larga cola de gente, m\u00e1s o menos desde finales del mes de noviembre, venida desde todos los puntos del pa\u00eds. Se encuentra en el 22 de la calle del Carmen y te aconsejamos madrugar si no quieres perder una ma\u00f1ana entera a la intemperie.<\/p>\n<p><strong>Comprar una peluca en la plaza Mayor<\/strong>. S\u00ed, efectivamente, no estamos locos. Hace un pu\u00f1ado de a\u00f1os se extendi\u00f3 esta singular tradici\u00f3n, la de comprar una peluca, lo m\u00e1s llamativa posible, en el mercadillo <strong>navide\u00f1o<\/strong> por excelencia de la ciudad, enfund\u00e1rsela en la cabeza y pasear por el centro de<strong> Madrid<\/strong> como si tal cosa \u00bfQu\u00e9 no te lo crees? Sal a la calle y compru\u00e9balo tu mismo.<\/p>\n<p><strong>Visitar Cortylandia<\/strong>. No te enga\u00f1es, no se trata de una actividad infantil cualquiera, es \u201cla actividad infantil\u201d de la <strong>Navidad madrile\u00f1a<\/strong> y una visita obligada para un primerizo en la urbe. Si quieres disfrutar del espect\u00e1culo has de dirigirte a una de las fachadas de El Corte Ingl\u00e9s de Preciados, la que da a la calle Maestro Victoria, y esperar a que comience el espect\u00e1culo, normalmente a \u201clas y media\u201d o a \u201clas en punto\u201d, depende del d\u00eda.<\/p>\n<p><strong>Dulces y Belenes<\/strong>. Pasar la tarde recorriendo algunos de los Belenes m\u00e1s emblem\u00e1ticos de la ciudad mientras nos comemos unas yemas, un polvor\u00f3n artesano o una bolsa de frutas escarchadas es otro de los momentos que todo novato en <strong>Madrid<\/strong> deber\u00eda experimentar. Pasteler\u00edas como Casa Mira, en la Carrera de San Jer\u00f3nimo, o la famosa Mallorquina, en Puerta del Sol, son estos d\u00edas un hervidero de golosos en busca del mejor turr\u00f3n.<\/p>\n<p><strong>Salir de compras por Malasa\u00f1a<\/strong>. Una zona que ofrece numerosas alternativas a las grandes superficies gracias a iniciativas puestas en marcha por j\u00f3venes dise\u00f1adores y comerciantes con esp\u00edritu creativo. A los establecimientos consolidados se suman adem\u00e1s, en estas fechas, <em>pop-up<\/em> y mercadillos improvisados de car\u00e1cter ef\u00edmero que otorgan a este barrio un ambiente cosmopolita y original. El barrio de Chueca, con su mercado de San Ant\u00f3n, es otro de los barrios de merecida visita durante las <strong>Navidades<\/strong> para quienes buscan el regalo perfecto y buen ambiente.<\/p>\n<p><strong>Disfrutar de un espect\u00e1culo<\/strong>. C\u00f3mo sab\u00e9is, <strong>Madrid<\/strong> est\u00e1 repleto de teatros y salas de conciertos. Los musicales son uno de los grandes reclamos estos d\u00edas, pero como somos conscientes de que a estas alturas puede resultar dif\u00edcil conseguir entrada para alguno de ellos, os animamos a que indagu\u00e9is en la programaci\u00f3n alternativa que ofrecen otros espacios m\u00e1s humildes y no por ello menos ambiciosos en sus puestas en escena. La \u00e9poca navide\u00f1a de es una de las mejores\u00a0 del a\u00f1o para disfrutar de la vida cultural de la ciudad.<\/p>\n<p>Informaci\u00f3n patrocinada por\u00a0<strong><a title=\"Proinca apartamentos de alquiler en Madrid\" href=\"http:\/\/www.proinca.es\" target=\"_blank\" rel=\"noopener\">Proinca: Apartamentos de alquiler en Madrid<\/a><\/strong><\/p>\n<p>Foto de Alev Takil en Unsplash<\/p>\n\n\n<div class=\"kk-star-ratings kksr-auto kksr-align-left kksr-valign-bottom\"\n    data-payload='{&quot;align&quot;:&quot;left&quot;,&quot;id&quot;:&quot;4182&quot;,&quot;slug&quot;:&quot;default&quot;,&quot;valign&quot;:&quot;bottom&quot;,&quot;ignore&quot;:&quot;&quot;,&quot;reference&quot;:&quot;auto&quot;,&quot;class&quot;:&quot;&quot;,&quot;count&quot;:&quot;0&quot;,&quot;legendonly&quot;:&quot;&quot;,&quot;readonly&quot;:&quot;&quot;,&quot;score&quot;:&quot;0&quot;,&quot;starsonly&quot;:&quot;&quot;,&quot;best&quot;:&quot;5&quot;,&quot;gap&quot;:&quot;1&quot;,&quot;greet&quot;:&quot;Valora este art\u00edculo&quot;,&quot;legend&quot;:&quot;0\\\/5 - (0 votos)&quot;,&quot;size&quot;:&quot;24&quot;,&quot;title&quot;:&quot;UN D\u00cdA TIPICAL NAVIDE\u00d1O EN MADRID&quot;,&quot;width&quot;:&quot;0&quot;,&quot;_legend&quot;:&quot;{score}\\\/{best} - ({count} {votes})&quot;,&quot;font_factor&quot;:&quot;1.25&quot;}'>\n            \n<div class=\"kksr-stars\">\n    \n<div class=\"kksr-stars-inactive\">\n            <div class=\"kksr-star\" data-star=\"1\" style=\"padding-right: 1px\">\n            \n\n<div class=\"kksr-icon\" style=\"width: 24px; height: 24px;\"><\/div>\n        <\/div>\n            <div class=\"kksr-star\" data-star=\"2\" style=\"padding-right: 1px\">\n            \n\n<div class=\"kksr-icon\" style=\"width: 24px; height: 24px;\"><\/div>\n        <\/div>\n            <div class=\"kksr-star\" data-star=\"3\" style=\"padding-right: 1px\">\n            \n\n<div class=\"kksr-icon\" style=\"width: 24px; height: 24px;\"><\/div>\n        <\/div>\n            <div class=\"kksr-star\" data-star=\"4\" style=\"padding-right: 1px\">\n            \n\n<div class=\"kksr-icon\" style=\"width: 24px; height: 24px;\"><\/div>\n        <\/div>\n            <div class=\"kksr-star\" data-star=\"5\" style=\"padding-right: 1px\">\n            \n\n<div class=\"kksr-icon\" style=\"width: 24px; height: 24px;\"><\/div>\n        <\/div>\n    <\/div>\n    \n<div class=\"kksr-stars-active\" style=\"width: 0px;\">\n            <div class=\"kksr-star\" style=\"padding-right: 1px\">\n            \n\n<div class=\"kksr-icon\" style=\"width: 24px; height: 24px;\"><\/div>\n        <\/div>\n            <div class=\"kksr-star\" style=\"padding-right: 1px\">\n            \n\n<div class=\"kksr-icon\" style=\"width: 24px; height: 24px;\"><\/div>\n        <\/div>\n            <div class=\"kksr-star\" style=\"padding-right: 1px\">\n            \n\n<div class=\"kksr-icon\" style=\"width: 24px; height: 24px;\"><\/div>\n        <\/div>\n            <div class=\"kksr-star\" style=\"padding-right: 1px\">\n            \n\n<div class=\"kksr-icon\" style=\"width: 24px; height: 24px;\"><\/div>\n        <\/div>\n            <div class=\"kksr-star\" style=\"padding-right: 1px\">\n            \n\n<div class=\"kksr-icon\" style=\"width: 24px; height: 24px;\"><\/div>\n        <\/div>\n    <\/div>\n<\/div>\n                \n\n<div class=\"kksr-legend\" style=\"font-size: 19.2px;\">\n            <span class=\"kksr-muted\">Valora este art\u00edculo<\/span>\n    <\/div>\n    <\/div>\n","protected":false},"excerpt":{"rendered":"<p>Si son tus primeras Navidades en la ciudad de Madrid  [&#8230;]<\/p>\n","protected":false},"author":4,"featured_media":7215,"comment_status":"closed","ping_status":"closed","sticky":false,"template":"","format":"standard","meta":{"footnotes":""},"categories":[79],"tags":[63,35,69,20,43],"class_list":["post-4182","post","type-post","status-publish","format-standard","has-post-thumbnail","hentry","category-vivir-madrid","tag-cultura","tag-gratis","tag-navidad","tag-ocio","tag-shopping"],"yoast_head":"<!-- This site is optimized with the Yoast SEO plugin v27.4 - https:\/\/yoast.com\/product\/yoast-seo-wordpress\/ -->\n<title>Un d\u00eda tipical navide\u00f1o en Madrid<\/title>\n<meta name=\"description\" content=\"Topicazos imprescindibles para unas Navidades en Madrid, en los siguientes p\u00e1rrafos te explicamos c\u00f3mo sacar el m\u00e1ximo partido a la capital. Por Madridfansblog\" \/>\n<meta name=\"robots\" content=\"index, follow, max-snippet:-1, max-image-preview:large, max-video-preview:-1\" \/>\n<link rel=\"canonical\" href=\"https:\/\/www.proinca.es\/madridfansblog\/un-dia-tipical-navideno-en-madrid\/\" \/>\n<meta property=\"og:locale\" content=\"es_ES\" \/>\n<meta property=\"og:type\" content=\"article\" \/>\n<meta property=\"og:title\" content=\"Un d\u00eda tipical navide\u00f1o en Madrid\" \/>\n<meta property=\"og:description\" content=\"Topicazos imprescindibles para unas Navidades en Madrid, en los siguientes p\u00e1rrafos te explicamos c\u00f3mo sacar el m\u00e1ximo partido a la capital. Por Madridfansblog\" \/>\n<meta property=\"og:url\" content=\"https:\/\/www.proinca.es\/madridfansblog\/un-dia-tipical-navideno-en-madrid\/\" \/>\n<meta property=\"og:site_name\" content=\"Blog Proinca Madrid\" \/>\n<meta property=\"article:published_time\" content=\"2016-01-05T14:45:50+00:00\" \/>\n<meta property=\"article:modified_time\" content=\"2025-05-28T13:58:47+00:00\" \/>\n<meta property=\"og:image\" content=\"https:\/\/www.proinca.es\/madridfansblog\/wp-content\/uploads\/2016\/01\/tipica-navidad-madrid.jpg\" \/>\n\t<meta property=\"og:image:width\" content=\"1000\" \/>\n\t<meta property=\"og:image:height\" content=\"726\" \/>\n\t<meta property=\"og:image:type\" content=\"image\/jpeg\" \/>\n<meta name=\"author\" content=\"Ana Calero\" \/>\n<script type=\"application\/ld+json\" class=\"yoast-schema-graph\">{\"@context\":\"https:\\\/\\\/schema.org\",\"@graph\":[{\"@type\":\"Article\",\"@id\":\"https:\\\/\\\/www.proinca.es\\\/madridfansblog\\\/un-dia-tipical-navideno-en-madrid\\\/#article\",\"isPartOf\":{\"@id\":\"https:\\\/\\\/www.proinca.es\\\/madridfansblog\\\/un-dia-tipical-navideno-en-madrid\\\/\"},\"author\":{\"name\":\"Ana Calero\",\"@id\":\"https:\\\/\\\/www.proinca.es\\\/madridfansblog\\\/#\\\/schema\\\/person\\\/8401adc89c0a0f5a3574c43326247f1e\"},\"headline\":\"UN D\u00cdA TIPICAL NAVIDE\u00d1O EN MADRID\",\"datePublished\":\"2016-01-05T14:45:50+00:00\",\"dateModified\":\"2025-05-28T13:58:47+00:00\",\"mainEntityOfPage\":{\"@id\":\"https:\\\/\\\/www.proinca.es\\\/madridfansblog\\\/un-dia-tipical-navideno-en-madrid\\\/\"},\"wordCount\":591,\"publisher\":{\"@id\":\"https:\\\/\\\/www.proinca.es\\\/madridfansblog\\\/#organization\"},\"image\":{\"@id\":\"https:\\\/\\\/www.proinca.es\\\/madridfansblog\\\/un-dia-tipical-navideno-en-madrid\\\/#primaryimage\"},\"thumbnailUrl\":\"https:\\\/\\\/www.proinca.es\\\/madridfansblog\\\/wp-content\\\/uploads\\\/2016\\\/01\\\/tipica-navidad-madrid.jpg\",\"keywords\":[\"Cultura\",\"Gratis\",\"Navidad\",\"Ocio\",\"Shopping\"],\"articleSection\":[\"VIVIR MADRID\"],\"inLanguage\":\"es\"},{\"@type\":\"WebPage\",\"@id\":\"https:\\\/\\\/www.proinca.es\\\/madridfansblog\\\/un-dia-tipical-navideno-en-madrid\\\/\",\"url\":\"https:\\\/\\\/www.proinca.es\\\/madridfansblog\\\/un-dia-tipical-navideno-en-madrid\\\/\",\"name\":\"Un d\u00eda tipical navide\u00f1o en Madrid\",\"isPartOf\":{\"@id\":\"https:\\\/\\\/www.proinca.es\\\/madridfansblog\\\/#website\"},\"primaryImageOfPage\":{\"@id\":\"https:\\\/\\\/www.proinca.es\\\/madridfansblog\\\/un-dia-tipical-navideno-en-madrid\\\/#primaryimage\"},\"image\":{\"@id\":\"https:\\\/\\\/www.proinca.es\\\/madridfansblog\\\/un-dia-tipical-navideno-en-madrid\\\/#primaryimage\"},\"thumbnailUrl\":\"https:\\\/\\\/www.proinca.es\\\/madridfansblog\\\/wp-content\\\/uploads\\\/2016\\\/01\\\/tipica-navidad-madrid.jpg\",\"datePublished\":\"2016-01-05T14:45:50+00:00\",\"dateModified\":\"2025-05-28T13:58:47+00:00\",\"description\":\"Topicazos imprescindibles para unas Navidades en Madrid, en los siguientes p\u00e1rrafos te explicamos c\u00f3mo sacar el m\u00e1ximo partido a la capital. Por Madridfansblog\",\"inLanguage\":\"es\",\"potentialAction\":[{\"@type\":\"ReadAction\",\"target\":[\"https:\\\/\\\/www.proinca.es\\\/madridfansblog\\\/un-dia-tipical-navideno-en-madrid\\\/\"]}]},{\"@type\":\"ImageObject\",\"inLanguage\":\"es\",\"@id\":\"https:\\\/\\\/www.proinca.es\\\/madridfansblog\\\/un-dia-tipical-navideno-en-madrid\\\/#primaryimage\",\"url\":\"https:\\\/\\\/www.proinca.es\\\/madridfansblog\\\/wp-content\\\/uploads\\\/2016\\\/01\\\/tipica-navidad-madrid.jpg\",\"contentUrl\":\"https:\\\/\\\/www.proinca.es\\\/madridfansblog\\\/wp-content\\\/uploads\\\/2016\\\/01\\\/tipica-navidad-madrid.jpg\",\"width\":1000,\"height\":726,\"caption\":\"Un d\u00eda tipical navide\u00f1o en Madrid\"},{\"@type\":\"WebSite\",\"@id\":\"https:\\\/\\\/www.proinca.es\\\/madridfansblog\\\/#website\",\"url\":\"https:\\\/\\\/www.proinca.es\\\/madridfansblog\\\/\",\"name\":\"Madrid Fans Blog Proinca\",\"description\":\"Pisos y apartamentos de alquiler en Madrid\",\"publisher\":{\"@id\":\"https:\\\/\\\/www.proinca.es\\\/madridfansblog\\\/#organization\"},\"potentialAction\":[{\"@type\":\"SearchAction\",\"target\":{\"@type\":\"EntryPoint\",\"urlTemplate\":\"https:\\\/\\\/www.proinca.es\\\/madridfansblog\\\/?s={search_term_string}\"},\"query-input\":{\"@type\":\"PropertyValueSpecification\",\"valueRequired\":true,\"valueName\":\"search_term_string\"}}],\"inLanguage\":\"es\"},{\"@type\":\"Organization\",\"@id\":\"https:\\\/\\\/www.proinca.es\\\/madridfansblog\\\/#organization\",\"name\":\"Proinca\",\"url\":\"https:\\\/\\\/www.proinca.es\\\/madridfansblog\\\/\",\"logo\":{\"@type\":\"ImageObject\",\"inLanguage\":\"es\",\"@id\":\"https:\\\/\\\/www.proinca.es\\\/madridfansblog\\\/#\\\/schema\\\/logo\\\/image\\\/\",\"url\":\"https:\\\/\\\/www.proinca.es\\\/madridfansblog\\\/wp-content\\\/uploads\\\/2022\\\/03\\\/logo-proinca.jpg\",\"contentUrl\":\"https:\\\/\\\/www.proinca.es\\\/madridfansblog\\\/wp-content\\\/uploads\\\/2022\\\/03\\\/logo-proinca.jpg\",\"width\":522,\"height\":250,\"caption\":\"Proinca\"},\"image\":{\"@id\":\"https:\\\/\\\/www.proinca.es\\\/madridfansblog\\\/#\\\/schema\\\/logo\\\/image\\\/\"}},{\"@type\":\"Person\",\"@id\":\"https:\\\/\\\/www.proinca.es\\\/madridfansblog\\\/#\\\/schema\\\/person\\\/8401adc89c0a0f5a3574c43326247f1e\",\"name\":\"Ana Calero\",\"image\":{\"@type\":\"ImageObject\",\"inLanguage\":\"es\",\"@id\":\"https:\\\/\\\/www.proinca.es\\\/madridfansblog\\\/wp-content\\\/litespeed\\\/avatar\\\/ef51b25c0718910f475570320941ef46.jpg?ver=1777379772\",\"url\":\"https:\\\/\\\/www.proinca.es\\\/madridfansblog\\\/wp-content\\\/litespeed\\\/avatar\\\/ef51b25c0718910f475570320941ef46.jpg?ver=1777379772\",\"contentUrl\":\"https:\\\/\\\/www.proinca.es\\\/madridfansblog\\\/wp-content\\\/litespeed\\\/avatar\\\/ef51b25c0718910f475570320941ef46.jpg?ver=1777379772\",\"caption\":\"Ana Calero\"},\"description\":\"Licenciada en Ciencias Empresariales por la Universidad Aut\u00f3noma de Madrid. Forma parte del equipo de Apartamentos Proinca y es una enamorada de Madrid\",\"sameAs\":[\"https:\\\/\\\/www.proinca.es\\\/madridfansblog\\\/ana-calero\\\/\"]}]}<\/script>\n<!-- \/ Yoast SEO plugin. -->","yoast_head_json":{"title":"Un d\u00eda tipical navide\u00f1o en Madrid","description":"Topicazos imprescindibles para unas Navidades en Madrid, en los siguientes p\u00e1rrafos te explicamos c\u00f3mo sacar el m\u00e1ximo partido a la capital. Por Madridfansblog","robots":{"index":"index","follow":"follow","max-snippet":"max-snippet:-1","max-image-preview":"max-image-preview:large","max-video-preview":"max-video-preview:-1"},"canonical":"https:\/\/www.proinca.es\/madridfansblog\/un-dia-tipical-navideno-en-madrid\/","og_locale":"es_ES","og_type":"article","og_title":"Un d\u00eda tipical navide\u00f1o en Madrid","og_description":"Topicazos imprescindibles para unas Navidades en Madrid, en los siguientes p\u00e1rrafos te explicamos c\u00f3mo sacar el m\u00e1ximo partido a la capital. Por Madridfansblog","og_url":"https:\/\/www.proinca.es\/madridfansblog\/un-dia-tipical-navideno-en-madrid\/","og_site_name":"Blog Proinca Madrid","article_published_time":"2016-01-05T14:45:50+00:00","article_modified_time":"2025-05-28T13:58:47+00:00","og_image":[{"width":1000,"height":726,"url":"https:\/\/www.proinca.es\/madridfansblog\/wp-content\/uploads\/2016\/01\/tipica-navidad-madrid.jpg","type":"image\/jpeg"}],"author":"Ana Calero","schema":{"@context":"https:\/\/schema.org","@graph":[{"@type":"Article","@id":"https:\/\/www.proinca.es\/madridfansblog\/un-dia-tipical-navideno-en-madrid\/#article","isPartOf":{"@id":"https:\/\/www.proinca.es\/madridfansblog\/un-dia-tipical-navideno-en-madrid\/"},"author":{"name":"Ana Calero","@id":"https:\/\/www.proinca.es\/madridfansblog\/#\/schema\/person\/8401adc89c0a0f5a3574c43326247f1e"},"headline":"UN D\u00cdA TIPICAL NAVIDE\u00d1O EN MADRID","datePublished":"2016-01-05T14:45:50+00:00","dateModified":"2025-05-28T13:58:47+00:00","mainEntityOfPage":{"@id":"https:\/\/www.proinca.es\/madridfansblog\/un-dia-tipical-navideno-en-madrid\/"},"wordCount":591,"publisher":{"@id":"https:\/\/www.proinca.es\/madridfansblog\/#organization"},"image":{"@id":"https:\/\/www.proinca.es\/madridfansblog\/un-dia-tipical-navideno-en-madrid\/#primaryimage"},"thumbnailUrl":"https:\/\/www.proinca.es\/madridfansblog\/wp-content\/uploads\/2016\/01\/tipica-navidad-madrid.jpg","keywords":["Cultura","Gratis","Navidad","Ocio","Shopping"],"articleSection":["VIVIR MADRID"],"inLanguage":"es"},{"@type":"WebPage","@id":"https:\/\/www.proinca.es\/madridfansblog\/un-dia-tipical-navideno-en-madrid\/","url":"https:\/\/www.proinca.es\/madridfansblog\/un-dia-tipical-navideno-en-madrid\/","name":"Un d\u00eda tipical navide\u00f1o en Madrid","isPartOf":{"@id":"https:\/\/www.proinca.es\/madridfansblog\/#website"},"primaryImageOfPage":{"@id":"https:\/\/www.proinca.es\/madridfansblog\/un-dia-tipical-navideno-en-madrid\/#primaryimage"},"image":{"@id":"https:\/\/www.proinca.es\/madridfansblog\/un-dia-tipical-navideno-en-madrid\/#primaryimage"},"thumbnailUrl":"https:\/\/www.proinca.es\/madridfansblog\/wp-content\/uploads\/2016\/01\/tipica-navidad-madrid.jpg","datePublished":"2016-01-05T14:45:50+00:00","dateModified":"2025-05-28T13:58:47+00:00","description":"Topicazos imprescindibles para unas Navidades en Madrid, en los siguientes p\u00e1rrafos te explicamos c\u00f3mo sacar el m\u00e1ximo partido a la capital. Por Madridfansblog","inLanguage":"es","potentialAction":[{"@type":"ReadAction","target":["https:\/\/www.proinca.es\/madridfansblog\/un-dia-tipical-navideno-en-madrid\/"]}]},{"@type":"ImageObject","inLanguage":"es","@id":"https:\/\/www.proinca.es\/madridfansblog\/un-dia-tipical-navideno-en-madrid\/#primaryimage","url":"https:\/\/www.proinca.es\/madridfansblog\/wp-content\/uploads\/2016\/01\/tipica-navidad-madrid.jpg","contentUrl":"https:\/\/www.proinca.es\/madridfansblog\/wp-content\/uploads\/2016\/01\/tipica-navidad-madrid.jpg","width":1000,"height":726,"caption":"Un d\u00eda tipical navide\u00f1o en Madrid"},{"@type":"WebSite","@id":"https:\/\/www.proinca.es\/madridfansblog\/#website","url":"https:\/\/www.proinca.es\/madridfansblog\/","name":"Madrid Fans Blog Proinca","description":"Pisos y apartamentos de alquiler en Madrid","publisher":{"@id":"https:\/\/www.proinca.es\/madridfansblog\/#organization"},"potentialAction":[{"@type":"SearchAction","target":{"@type":"EntryPoint","urlTemplate":"https:\/\/www.proinca.es\/madridfansblog\/?s={search_term_string}"},"query-input":{"@type":"PropertyValueSpecification","valueRequired":true,"valueName":"search_term_string"}}],"inLanguage":"es"},{"@type":"Organization","@id":"https:\/\/www.proinca.es\/madridfansblog\/#organization","name":"Proinca","url":"https:\/\/www.proinca.es\/madridfansblog\/","logo":{"@type":"ImageObject","inLanguage":"es","@id":"https:\/\/www.proinca.es\/madridfansblog\/#\/schema\/logo\/image\/","url":"https:\/\/www.proinca.es\/madridfansblog\/wp-content\/uploads\/2022\/03\/logo-proinca.jpg","contentUrl":"https:\/\/www.proinca.es\/madridfansblog\/wp-content\/uploads\/2022\/03\/logo-proinca.jpg","width":522,"height":250,"caption":"Proinca"},"image":{"@id":"https:\/\/www.proinca.es\/madridfansblog\/#\/schema\/logo\/image\/"}},{"@type":"Person","@id":"https:\/\/www.proinca.es\/madridfansblog\/#\/schema\/person\/8401adc89c0a0f5a3574c43326247f1e","name":"Ana Calero","image":{"@type":"ImageObject","inLanguage":"es","@id":"https:\/\/www.proinca.es\/madridfansblog\/wp-content\/litespeed\/avatar\/ef51b25c0718910f475570320941ef46.jpg?ver=1777379772","url":"https:\/\/www.proinca.es\/madridfansblog\/wp-content\/litespeed\/avatar\/ef51b25c0718910f475570320941ef46.jpg?ver=1777379772","contentUrl":"https:\/\/www.proinca.es\/madridfansblog\/wp-content\/litespeed\/avatar\/ef51b25c0718910f475570320941ef46.jpg?ver=1777379772","caption":"Ana Calero"},"description":"Licenciada en Ciencias Empresariales por la Universidad Aut\u00f3noma de Madrid. Forma parte del equipo de Apartamentos Proinca y es una enamorada de Madrid","sameAs":["https:\/\/www.proinca.es\/madridfansblog\/ana-calero\/"]}]}},"_links":{"self":[{"href":"https:\/\/www.proinca.es\/madridfansblog\/wp-json\/wp\/v2\/posts\/4182","targetHints":{"allow":["GET"]}}],"collection":[{"href":"https:\/\/www.proinca.es\/madridfansblog\/wp-json\/wp\/v2\/posts"}],"about":[{"href":"https:\/\/www.proinca.es\/madridfansblog\/wp-json\/wp\/v2\/types\/post"}],"author":[{"embeddable":true,"href":"https:\/\/www.proinca.es\/madridfansblog\/wp-json\/wp\/v2\/users\/4"}],"replies":[{"embeddable":true,"href":"https:\/\/www.proinca.es\/madridfansblog\/wp-json\/wp\/v2\/comments?post=4182"}],"version-history":[{"count":11,"href":"https:\/\/www.proinca.es\/madridfansblog\/wp-json\/wp\/v2\/posts\/4182\/revisions"}],"predecessor-version":[{"id":7488,"href":"https:\/\/www.proinca.es\/madridfansblog\/wp-json\/wp\/v2\/posts\/4182\/revisions\/7488"}],"wp:featuredmedia":[{"embeddable":true,"href":"https:\/\/www.proinca.es\/madridfansblog\/wp-json\/wp\/v2\/media\/7215"}],"wp:attachment":[{"href":"https:\/\/www.proinca.es\/madridfansblog\/wp-json\/wp\/v2\/media?parent=4182"}],"wp:term":[{"taxonomy":"category","embeddable":true,"href":"https:\/\/www.proinca.es\/madridfansblog\/wp-json\/wp\/v2\/categories?post=4182"},{"taxonomy":"post_tag","embeddable":true,"href":"https:\/\/www.proinca.es\/madridfansblog\/wp-json\/wp\/v2\/tags?post=4182"}],"curies":[{"name":"wp","href":"https:\/\/api.w.org\/{rel}","templated":true}]}}