{"id":4188,"date":"2015-12-30T19:50:52","date_gmt":"2015-12-30T18:50:52","guid":{"rendered":"http:\/\/www.proinca.es\/madridfansblog\/?p=4188"},"modified":"2025-05-28T15:58:42","modified_gmt":"2025-05-28T13:58:42","slug":"preparado-para-la-carrera-mas-emocionante-del-ano-en-madrid-viva-la-san-silvestre","status":"publish","type":"post","link":"https:\/\/www.proinca.es\/madridfansblog\/preparado-para-la-carrera-mas-emocionante-del-ano-en-madrid-viva-la-san-silvestre\/","title":{"rendered":"\u00bfPREPARADO PARA LA CARRERA M\u00c1S EMOCIONANTE DEL A\u00d1O EN MADRID? \u00a1VIVA LA SAN SILVESTRE!"},"content":{"rendered":"<p>Quiz\u00e1s existan otras <strong>carreras<\/strong> m\u00e1s exigentes o comprometidas, pero estamos seguros de que no hay prueba tan divertida, multitudinaria y emocionante como la <strong>San Silvestre Vallecana de Madrid<\/strong>.<!--more--> Diez kil\u00f3metros entre la plaza de los Sagrados Corazones (al lado del estadio Santiago Bernab\u00e9u) y el cruce de Candilejas y Morena Clara (junto al estadio de Vallecas) para despedir el a\u00f1o en plena forma.<\/p>\n<p>Y es que, la <strong>carrera<\/strong> popular se celebra desde 1964 todos los 31 de diciembre a las 17.30 horas con altas cifras de participaci\u00f3n (35.000 corredores acreditados), pero sobre todo, altas cifras de buen ambiente, compa\u00f1erismo y ganas de pasarlo bien. De hecho, son un cl\u00e1sico de la cita los disfraces, los gorritos de Pap\u00e1 Noel, los brindis con sidra una vez acabada la carrera, el caldo calentito y esa marea de gente que no ha conseguido dorsal pero aun as\u00ed decide correr, convirtiendo la meta en una inabarcable lengua de corredores.<\/p>\n<p>Este a\u00f1o, adem\u00e1s, la marca Nike, patrocinadora de la prueba, ha creado la Nike+ Run Club 10k International, en la que 2.000 corredores y consumidores de la aplicaci\u00f3n Nike+ Running podr\u00e1n competir tras la<strong> carrera<\/strong> popular.<\/p>\n<p>As\u00ed que ya lo sabes, si eres de los que sale a <strong>correr<\/strong> todos los d\u00edas y quieres pasar 31 de diciembre diferente, no te lo pienses m\u00e1s, participa en <strong>la San Silvestre de Madrid<\/strong> y despedir\u00e1s el a\u00f1o con un subid\u00f3n de energ\u00eda, positivismo y buenas vibraciones como nunca antes hab\u00edas vivido.<\/p>\n<p>&nbsp;<\/p>\n<p>Informaci\u00f3n patrocinada por\u00a0<strong><a title=\"Proinca apartamentos de alquiler en Madrid\" href=\"http:\/\/www.proinca.es\" target=\"_blank\" rel=\"noopener\">Proinca: Apartamentos de alquiler en Madrid<\/a><\/strong><\/p>\n<p>Fuente imagen: www.esmadrid.com<\/p>\n\n\n<div class=\"kk-star-ratings kksr-auto kksr-align-left kksr-valign-bottom\"\n    data-payload='{&quot;align&quot;:&quot;left&quot;,&quot;id&quot;:&quot;4188&quot;,&quot;slug&quot;:&quot;default&quot;,&quot;valign&quot;:&quot;bottom&quot;,&quot;ignore&quot;:&quot;&quot;,&quot;reference&quot;:&quot;auto&quot;,&quot;class&quot;:&quot;&quot;,&quot;count&quot;:&quot;0&quot;,&quot;legendonly&quot;:&quot;&quot;,&quot;readonly&quot;:&quot;&quot;,&quot;score&quot;:&quot;0&quot;,&quot;starsonly&quot;:&quot;&quot;,&quot;best&quot;:&quot;5&quot;,&quot;gap&quot;:&quot;1&quot;,&quot;greet&quot;:&quot;Valora este art\u00edculo&quot;,&quot;legend&quot;:&quot;0\\\/5 - (0 votos)&quot;,&quot;size&quot;:&quot;24&quot;,&quot;title&quot;:&quot;\u00bfPREPARADO PARA LA CARRERA M\u00c1S EMOCIONANTE DEL A\u00d1O EN MADRID? \u00a1VIVA LA SAN SILVESTRE!&quot;,&quot;width&quot;:&quot;0&quot;,&quot;_legend&quot;:&quot;{score}\\\/{best} - ({count} {votes})&quot;,&quot;font_factor&quot;:&quot;1.25&quot;}'>\n            \n<div class=\"kksr-stars\">\n    \n<div class=\"kksr-stars-inactive\">\n            <div class=\"kksr-star\" data-star=\"1\" style=\"padding-right: 1px\">\n            \n\n<div class=\"kksr-icon\" style=\"width: 24px; height: 24px;\"><\/div>\n        <\/div>\n            <div class=\"kksr-star\" data-star=\"2\" style=\"padding-right: 1px\">\n            \n\n<div class=\"kksr-icon\" style=\"width: 24px; height: 24px;\"><\/div>\n        <\/div>\n            <div class=\"kksr-star\" data-star=\"3\" style=\"padding-right: 1px\">\n            \n\n<div class=\"kksr-icon\" style=\"width: 24px; height: 24px;\"><\/div>\n        <\/div>\n            <div class=\"kksr-star\" data-star=\"4\" style=\"padding-right: 1px\">\n            \n\n<div class=\"kksr-icon\" style=\"width: 24px; height: 24px;\"><\/div>\n        <\/div>\n            <div class=\"kksr-star\" data-star=\"5\" style=\"padding-right: 1px\">\n            \n\n<div class=\"kksr-icon\" style=\"width: 24px; height: 24px;\"><\/div>\n        <\/div>\n    <\/div>\n    \n<div class=\"kksr-stars-active\" style=\"width: 0px;\">\n            <div class=\"kksr-star\" style=\"padding-right: 1px\">\n            \n\n<div class=\"kksr-icon\" style=\"width: 24px; height: 24px;\"><\/div>\n        <\/div>\n            <div class=\"kksr-star\" style=\"padding-right: 1px\">\n            \n\n<div class=\"kksr-icon\" style=\"width: 24px; height: 24px;\"><\/div>\n        <\/div>\n            <div class=\"kksr-star\" style=\"padding-right: 1px\">\n            \n\n<div class=\"kksr-icon\" style=\"width: 24px; height: 24px;\"><\/div>\n        <\/div>\n            <div class=\"kksr-star\" style=\"padding-right: 1px\">\n            \n\n<div class=\"kksr-icon\" style=\"width: 24px; height: 24px;\"><\/div>\n        <\/div>\n            <div class=\"kksr-star\" style=\"padding-right: 1px\">\n            \n\n<div class=\"kksr-icon\" style=\"width: 24px; height: 24px;\"><\/div>\n        <\/div>\n    <\/div>\n<\/div>\n                \n\n<div class=\"kksr-legend\" style=\"font-size: 19.2px;\">\n            <span class=\"kksr-muted\">Valora este art\u00edculo<\/span>\n    <\/div>\n    <\/div>\n","protected":false},"excerpt":{"rendered":"<p>Quiz\u00e1s existan otras carreras m\u00e1s exigentes o comprometidas, pero estamos  [&#8230;]<\/p>\n","protected":false},"author":4,"featured_media":4197,"comment_status":"closed","ping_status":"closed","sticky":false,"template":"","format":"standard","meta":{"footnotes":""},"categories":[79],"tags":[5,69,56],"class_list":["post-4188","post","type-post","status-publish","format-standard","has-post-thumbnail","hentry","category-vivir-madrid","tag-madrid","tag-navidad","tag-running"],"yoast_head":"<!-- This site is optimized with the Yoast SEO plugin v27.4 - https:\/\/yoast.com\/product\/yoast-seo-wordpress\/ -->\n<title>La carrera San Silvestre de Madrid 2015<\/title>\n<meta name=\"description\" content=\"No hay prueba tan divertida, multitudinaria y emocionante como la San Silvestre Vallecanade Madrid..todos los 31 de diciembre desde 1964. Por MadridFansblog\" \/>\n<meta name=\"robots\" content=\"index, follow, max-snippet:-1, max-image-preview:large, max-video-preview:-1\" \/>\n<link rel=\"canonical\" href=\"https:\/\/www.proinca.es\/madridfansblog\/preparado-para-la-carrera-mas-emocionante-del-ano-en-madrid-viva-la-san-silvestre\/\" \/>\n<meta property=\"og:locale\" content=\"es_ES\" \/>\n<meta property=\"og:type\" content=\"article\" \/>\n<meta property=\"og:title\" content=\"La carrera San Silvestre de Madrid 2015\" \/>\n<meta property=\"og:description\" content=\"No hay prueba tan divertida, multitudinaria y emocionante como la San Silvestre Vallecanade Madrid..todos los 31 de diciembre desde 1964. Por MadridFansblog\" \/>\n<meta property=\"og:url\" content=\"https:\/\/www.proinca.es\/madridfansblog\/preparado-para-la-carrera-mas-emocionante-del-ano-en-madrid-viva-la-san-silvestre\/\" \/>\n<meta property=\"og:site_name\" content=\"Blog Proinca Madrid\" \/>\n<meta property=\"article:published_time\" content=\"2015-12-30T18:50:52+00:00\" \/>\n<meta property=\"article:modified_time\" content=\"2025-05-28T13:58:42+00:00\" \/>\n<meta property=\"og:image\" content=\"https:\/\/www.proinca.es\/madridfansblog\/wp-content\/uploads\/2015\/12\/proinca_madridfansblog_carrera_san_silvestre_vallecana_madrid_2.jpg\" \/>\n\t<meta property=\"og:image:width\" content=\"670\" \/>\n\t<meta property=\"og:image:height\" content=\"219\" \/>\n\t<meta property=\"og:image:type\" content=\"image\/jpeg\" \/>\n<meta name=\"author\" content=\"Ana Calero\" \/>\n<script type=\"application\/ld+json\" class=\"yoast-schema-graph\">{\"@context\":\"https:\\\/\\\/schema.org\",\"@graph\":[{\"@type\":\"Article\",\"@id\":\"https:\\\/\\\/www.proinca.es\\\/madridfansblog\\\/preparado-para-la-carrera-mas-emocionante-del-ano-en-madrid-viva-la-san-silvestre\\\/#article\",\"isPartOf\":{\"@id\":\"https:\\\/\\\/www.proinca.es\\\/madridfansblog\\\/preparado-para-la-carrera-mas-emocionante-del-ano-en-madrid-viva-la-san-silvestre\\\/\"},\"author\":{\"name\":\"Ana Calero\",\"@id\":\"https:\\\/\\\/www.proinca.es\\\/madridfansblog\\\/#\\\/schema\\\/person\\\/8401adc89c0a0f5a3574c43326247f1e\"},\"headline\":\"\u00bfPREPARADO PARA LA CARRERA M\u00c1S EMOCIONANTE DEL A\u00d1O EN MADRID? \u00a1VIVA LA SAN SILVESTRE!\",\"datePublished\":\"2015-12-30T18:50:52+00:00\",\"dateModified\":\"2025-05-28T13:58:42+00:00\",\"mainEntityOfPage\":{\"@id\":\"https:\\\/\\\/www.proinca.es\\\/madridfansblog\\\/preparado-para-la-carrera-mas-emocionante-del-ano-en-madrid-viva-la-san-silvestre\\\/\"},\"wordCount\":289,\"publisher\":{\"@id\":\"https:\\\/\\\/www.proinca.es\\\/madridfansblog\\\/#organization\"},\"image\":{\"@id\":\"https:\\\/\\\/www.proinca.es\\\/madridfansblog\\\/preparado-para-la-carrera-mas-emocionante-del-ano-en-madrid-viva-la-san-silvestre\\\/#primaryimage\"},\"thumbnailUrl\":\"https:\\\/\\\/www.proinca.es\\\/madridfansblog\\\/wp-content\\\/uploads\\\/2015\\\/12\\\/proinca_madridfansblog_carrera_san_silvestre_vallecana_madrid_2.jpg\",\"keywords\":[\"Madrid\",\"Navidad\",\"Running\"],\"articleSection\":[\"VIVIR MADRID\"],\"inLanguage\":\"es\"},{\"@type\":\"WebPage\",\"@id\":\"https:\\\/\\\/www.proinca.es\\\/madridfansblog\\\/preparado-para-la-carrera-mas-emocionante-del-ano-en-madrid-viva-la-san-silvestre\\\/\",\"url\":\"https:\\\/\\\/www.proinca.es\\\/madridfansblog\\\/preparado-para-la-carrera-mas-emocionante-del-ano-en-madrid-viva-la-san-silvestre\\\/\",\"name\":\"La carrera San Silvestre de Madrid 2015\",\"isPartOf\":{\"@id\":\"https:\\\/\\\/www.proinca.es\\\/madridfansblog\\\/#website\"},\"primaryImageOfPage\":{\"@id\":\"https:\\\/\\\/www.proinca.es\\\/madridfansblog\\\/preparado-para-la-carrera-mas-emocionante-del-ano-en-madrid-viva-la-san-silvestre\\\/#primaryimage\"},\"image\":{\"@id\":\"https:\\\/\\\/www.proinca.es\\\/madridfansblog\\\/preparado-para-la-carrera-mas-emocionante-del-ano-en-madrid-viva-la-san-silvestre\\\/#primaryimage\"},\"thumbnailUrl\":\"https:\\\/\\\/www.proinca.es\\\/madridfansblog\\\/wp-content\\\/uploads\\\/2015\\\/12\\\/proinca_madridfansblog_carrera_san_silvestre_vallecana_madrid_2.jpg\",\"datePublished\":\"2015-12-30T18:50:52+00:00\",\"dateModified\":\"2025-05-28T13:58:42+00:00\",\"description\":\"No hay prueba tan divertida, multitudinaria y emocionante como la San Silvestre Vallecanade Madrid..todos los 31 de diciembre desde 1964. Por MadridFansblog\",\"inLanguage\":\"es\",\"potentialAction\":[{\"@type\":\"ReadAction\",\"target\":[\"https:\\\/\\\/www.proinca.es\\\/madridfansblog\\\/preparado-para-la-carrera-mas-emocionante-del-ano-en-madrid-viva-la-san-silvestre\\\/\"]}]},{\"@type\":\"ImageObject\",\"inLanguage\":\"es\",\"@id\":\"https:\\\/\\\/www.proinca.es\\\/madridfansblog\\\/preparado-para-la-carrera-mas-emocionante-del-ano-en-madrid-viva-la-san-silvestre\\\/#primaryimage\",\"url\":\"https:\\\/\\\/www.proinca.es\\\/madridfansblog\\\/wp-content\\\/uploads\\\/2015\\\/12\\\/proinca_madridfansblog_carrera_san_silvestre_vallecana_madrid_2.jpg\",\"contentUrl\":\"https:\\\/\\\/www.proinca.es\\\/madridfansblog\\\/wp-content\\\/uploads\\\/2015\\\/12\\\/proinca_madridfansblog_carrera_san_silvestre_vallecana_madrid_2.jpg\",\"width\":670,\"height\":219,\"caption\":\"proinca madridfansblog carrera san silvestre vallecana 2\"},{\"@type\":\"WebSite\",\"@id\":\"https:\\\/\\\/www.proinca.es\\\/madridfansblog\\\/#website\",\"url\":\"https:\\\/\\\/www.proinca.es\\\/madridfansblog\\\/\",\"name\":\"Madrid Fans Blog Proinca\",\"description\":\"Pisos y apartamentos de alquiler en Madrid\",\"publisher\":{\"@id\":\"https:\\\/\\\/www.proinca.es\\\/madridfansblog\\\/#organization\"},\"potentialAction\":[{\"@type\":\"SearchAction\",\"target\":{\"@type\":\"EntryPoint\",\"urlTemplate\":\"https:\\\/\\\/www.proinca.es\\\/madridfansblog\\\/?s={search_term_string}\"},\"query-input\":{\"@type\":\"PropertyValueSpecification\",\"valueRequired\":true,\"valueName\":\"search_term_string\"}}],\"inLanguage\":\"es\"},{\"@type\":\"Organization\",\"@id\":\"https:\\\/\\\/www.proinca.es\\\/madridfansblog\\\/#organization\",\"name\":\"Proinca\",\"url\":\"https:\\\/\\\/www.proinca.es\\\/madridfansblog\\\/\",\"logo\":{\"@type\":\"ImageObject\",\"inLanguage\":\"es\",\"@id\":\"https:\\\/\\\/www.proinca.es\\\/madridfansblog\\\/#\\\/schema\\\/logo\\\/image\\\/\",\"url\":\"https:\\\/\\\/www.proinca.es\\\/madridfansblog\\\/wp-content\\\/uploads\\\/2022\\\/03\\\/logo-proinca.jpg\",\"contentUrl\":\"https:\\\/\\\/www.proinca.es\\\/madridfansblog\\\/wp-content\\\/uploads\\\/2022\\\/03\\\/logo-proinca.jpg\",\"width\":522,\"height\":250,\"caption\":\"Proinca\"},\"image\":{\"@id\":\"https:\\\/\\\/www.proinca.es\\\/madridfansblog\\\/#\\\/schema\\\/logo\\\/image\\\/\"}},{\"@type\":\"Person\",\"@id\":\"https:\\\/\\\/www.proinca.es\\\/madridfansblog\\\/#\\\/schema\\\/person\\\/8401adc89c0a0f5a3574c43326247f1e\",\"name\":\"Ana Calero\",\"image\":{\"@type\":\"ImageObject\",\"inLanguage\":\"es\",\"@id\":\"https:\\\/\\\/www.proinca.es\\\/madridfansblog\\\/wp-content\\\/litespeed\\\/avatar\\\/ef51b25c0718910f475570320941ef46.jpg?ver=1777379772\",\"url\":\"https:\\\/\\\/www.proinca.es\\\/madridfansblog\\\/wp-content\\\/litespeed\\\/avatar\\\/ef51b25c0718910f475570320941ef46.jpg?ver=1777379772\",\"contentUrl\":\"https:\\\/\\\/www.proinca.es\\\/madridfansblog\\\/wp-content\\\/litespeed\\\/avatar\\\/ef51b25c0718910f475570320941ef46.jpg?ver=1777379772\",\"caption\":\"Ana Calero\"},\"description\":\"Licenciada en Ciencias Empresariales por la Universidad Aut\u00f3noma de Madrid. Forma parte del equipo de Apartamentos Proinca y es una enamorada de Madrid\",\"sameAs\":[\"https:\\\/\\\/www.proinca.es\\\/madridfansblog\\\/ana-calero\\\/\"]}]}<\/script>\n<!-- \/ Yoast SEO plugin. -->","yoast_head_json":{"title":"La carrera San Silvestre de Madrid 2015","description":"No hay prueba tan divertida, multitudinaria y emocionante como la San Silvestre Vallecanade Madrid..todos los 31 de diciembre desde 1964. Por MadridFansblog","robots":{"index":"index","follow":"follow","max-snippet":"max-snippet:-1","max-image-preview":"max-image-preview:large","max-video-preview":"max-video-preview:-1"},"canonical":"https:\/\/www.proinca.es\/madridfansblog\/preparado-para-la-carrera-mas-emocionante-del-ano-en-madrid-viva-la-san-silvestre\/","og_locale":"es_ES","og_type":"article","og_title":"La carrera San Silvestre de Madrid 2015","og_description":"No hay prueba tan divertida, multitudinaria y emocionante como la San Silvestre Vallecanade Madrid..todos los 31 de diciembre desde 1964. Por MadridFansblog","og_url":"https:\/\/www.proinca.es\/madridfansblog\/preparado-para-la-carrera-mas-emocionante-del-ano-en-madrid-viva-la-san-silvestre\/","og_site_name":"Blog Proinca Madrid","article_published_time":"2015-12-30T18:50:52+00:00","article_modified_time":"2025-05-28T13:58:42+00:00","og_image":[{"width":670,"height":219,"url":"https:\/\/www.proinca.es\/madridfansblog\/wp-content\/uploads\/2015\/12\/proinca_madridfansblog_carrera_san_silvestre_vallecana_madrid_2.jpg","type":"image\/jpeg"}],"author":"Ana Calero","schema":{"@context":"https:\/\/schema.org","@graph":[{"@type":"Article","@id":"https:\/\/www.proinca.es\/madridfansblog\/preparado-para-la-carrera-mas-emocionante-del-ano-en-madrid-viva-la-san-silvestre\/#article","isPartOf":{"@id":"https:\/\/www.proinca.es\/madridfansblog\/preparado-para-la-carrera-mas-emocionante-del-ano-en-madrid-viva-la-san-silvestre\/"},"author":{"name":"Ana Calero","@id":"https:\/\/www.proinca.es\/madridfansblog\/#\/schema\/person\/8401adc89c0a0f5a3574c43326247f1e"},"headline":"\u00bfPREPARADO PARA LA CARRERA M\u00c1S EMOCIONANTE DEL A\u00d1O EN MADRID? \u00a1VIVA LA SAN SILVESTRE!","datePublished":"2015-12-30T18:50:52+00:00","dateModified":"2025-05-28T13:58:42+00:00","mainEntityOfPage":{"@id":"https:\/\/www.proinca.es\/madridfansblog\/preparado-para-la-carrera-mas-emocionante-del-ano-en-madrid-viva-la-san-silvestre\/"},"wordCount":289,"publisher":{"@id":"https:\/\/www.proinca.es\/madridfansblog\/#organization"},"image":{"@id":"https:\/\/www.proinca.es\/madridfansblog\/preparado-para-la-carrera-mas-emocionante-del-ano-en-madrid-viva-la-san-silvestre\/#primaryimage"},"thumbnailUrl":"https:\/\/www.proinca.es\/madridfansblog\/wp-content\/uploads\/2015\/12\/proinca_madridfansblog_carrera_san_silvestre_vallecana_madrid_2.jpg","keywords":["Madrid","Navidad","Running"],"articleSection":["VIVIR MADRID"],"inLanguage":"es"},{"@type":"WebPage","@id":"https:\/\/www.proinca.es\/madridfansblog\/preparado-para-la-carrera-mas-emocionante-del-ano-en-madrid-viva-la-san-silvestre\/","url":"https:\/\/www.proinca.es\/madridfansblog\/preparado-para-la-carrera-mas-emocionante-del-ano-en-madrid-viva-la-san-silvestre\/","name":"La carrera San Silvestre de Madrid 2015","isPartOf":{"@id":"https:\/\/www.proinca.es\/madridfansblog\/#website"},"primaryImageOfPage":{"@id":"https:\/\/www.proinca.es\/madridfansblog\/preparado-para-la-carrera-mas-emocionante-del-ano-en-madrid-viva-la-san-silvestre\/#primaryimage"},"image":{"@id":"https:\/\/www.proinca.es\/madridfansblog\/preparado-para-la-carrera-mas-emocionante-del-ano-en-madrid-viva-la-san-silvestre\/#primaryimage"},"thumbnailUrl":"https:\/\/www.proinca.es\/madridfansblog\/wp-content\/uploads\/2015\/12\/proinca_madridfansblog_carrera_san_silvestre_vallecana_madrid_2.jpg","datePublished":"2015-12-30T18:50:52+00:00","dateModified":"2025-05-28T13:58:42+00:00","description":"No hay prueba tan divertida, multitudinaria y emocionante como la San Silvestre Vallecanade Madrid..todos los 31 de diciembre desde 1964. Por MadridFansblog","inLanguage":"es","potentialAction":[{"@type":"ReadAction","target":["https:\/\/www.proinca.es\/madridfansblog\/preparado-para-la-carrera-mas-emocionante-del-ano-en-madrid-viva-la-san-silvestre\/"]}]},{"@type":"ImageObject","inLanguage":"es","@id":"https:\/\/www.proinca.es\/madridfansblog\/preparado-para-la-carrera-mas-emocionante-del-ano-en-madrid-viva-la-san-silvestre\/#primaryimage","url":"https:\/\/www.proinca.es\/madridfansblog\/wp-content\/uploads\/2015\/12\/proinca_madridfansblog_carrera_san_silvestre_vallecana_madrid_2.jpg","contentUrl":"https:\/\/www.proinca.es\/madridfansblog\/wp-content\/uploads\/2015\/12\/proinca_madridfansblog_carrera_san_silvestre_vallecana_madrid_2.jpg","width":670,"height":219,"caption":"proinca madridfansblog carrera san silvestre vallecana 2"},{"@type":"WebSite","@id":"https:\/\/www.proinca.es\/madridfansblog\/#website","url":"https:\/\/www.proinca.es\/madridfansblog\/","name":"Madrid Fans Blog Proinca","description":"Pisos y apartamentos de alquiler en Madrid","publisher":{"@id":"https:\/\/www.proinca.es\/madridfansblog\/#organization"},"potentialAction":[{"@type":"SearchAction","target":{"@type":"EntryPoint","urlTemplate":"https:\/\/www.proinca.es\/madridfansblog\/?s={search_term_string}"},"query-input":{"@type":"PropertyValueSpecification","valueRequired":true,"valueName":"search_term_string"}}],"inLanguage":"es"},{"@type":"Organization","@id":"https:\/\/www.proinca.es\/madridfansblog\/#organization","name":"Proinca","url":"https:\/\/www.proinca.es\/madridfansblog\/","logo":{"@type":"ImageObject","inLanguage":"es","@id":"https:\/\/www.proinca.es\/madridfansblog\/#\/schema\/logo\/image\/","url":"https:\/\/www.proinca.es\/madridfansblog\/wp-content\/uploads\/2022\/03\/logo-proinca.jpg","contentUrl":"https:\/\/www.proinca.es\/madridfansblog\/wp-content\/uploads\/2022\/03\/logo-proinca.jpg","width":522,"height":250,"caption":"Proinca"},"image":{"@id":"https:\/\/www.proinca.es\/madridfansblog\/#\/schema\/logo\/image\/"}},{"@type":"Person","@id":"https:\/\/www.proinca.es\/madridfansblog\/#\/schema\/person\/8401adc89c0a0f5a3574c43326247f1e","name":"Ana Calero","image":{"@type":"ImageObject","inLanguage":"es","@id":"https:\/\/www.proinca.es\/madridfansblog\/wp-content\/litespeed\/avatar\/ef51b25c0718910f475570320941ef46.jpg?ver=1777379772","url":"https:\/\/www.proinca.es\/madridfansblog\/wp-content\/litespeed\/avatar\/ef51b25c0718910f475570320941ef46.jpg?ver=1777379772","contentUrl":"https:\/\/www.proinca.es\/madridfansblog\/wp-content\/litespeed\/avatar\/ef51b25c0718910f475570320941ef46.jpg?ver=1777379772","caption":"Ana Calero"},"description":"Licenciada en Ciencias Empresariales por la Universidad Aut\u00f3noma de Madrid. Forma parte del equipo de Apartamentos Proinca y es una enamorada de Madrid","sameAs":["https:\/\/www.proinca.es\/madridfansblog\/ana-calero\/"]}]}},"_links":{"self":[{"href":"https:\/\/www.proinca.es\/madridfansblog\/wp-json\/wp\/v2\/posts\/4188","targetHints":{"allow":["GET"]}}],"collection":[{"href":"https:\/\/www.proinca.es\/madridfansblog\/wp-json\/wp\/v2\/posts"}],"about":[{"href":"https:\/\/www.proinca.es\/madridfansblog\/wp-json\/wp\/v2\/types\/post"}],"author":[{"embeddable":true,"href":"https:\/\/www.proinca.es\/madridfansblog\/wp-json\/wp\/v2\/users\/4"}],"replies":[{"embeddable":true,"href":"https:\/\/www.proinca.es\/madridfansblog\/wp-json\/wp\/v2\/comments?post=4188"}],"version-history":[{"count":10,"href":"https:\/\/www.proinca.es\/madridfansblog\/wp-json\/wp\/v2\/posts\/4188\/revisions"}],"predecessor-version":[{"id":7372,"href":"https:\/\/www.proinca.es\/madridfansblog\/wp-json\/wp\/v2\/posts\/4188\/revisions\/7372"}],"wp:featuredmedia":[{"embeddable":true,"href":"https:\/\/www.proinca.es\/madridfansblog\/wp-json\/wp\/v2\/media\/4197"}],"wp:attachment":[{"href":"https:\/\/www.proinca.es\/madridfansblog\/wp-json\/wp\/v2\/media?parent=4188"}],"wp:term":[{"taxonomy":"category","embeddable":true,"href":"https:\/\/www.proinca.es\/madridfansblog\/wp-json\/wp\/v2\/categories?post=4188"},{"taxonomy":"post_tag","embeddable":true,"href":"https:\/\/www.proinca.es\/madridfansblog\/wp-json\/wp\/v2\/tags?post=4188"}],"curies":[{"name":"wp","href":"https:\/\/api.w.org\/{rel}","templated":true}]}}