{"id":4225,"date":"2016-01-27T18:55:07","date_gmt":"2016-01-27T17:55:07","guid":{"rendered":"http:\/\/www.proinca.es\/madridfansblog\/?p=4225"},"modified":"2025-05-28T15:58:03","modified_gmt":"2025-05-28T13:58:03","slug":"escapadas-madrilenas-museo-casa-natal-de-cervantes-en-alcala-de-henares","status":"publish","type":"post","link":"https:\/\/www.proinca.es\/madridfansblog\/escapadas-madrilenas-museo-casa-natal-de-cervantes-en-alcala-de-henares\/","title":{"rendered":"ESCAPADAS MADRILE\u00d1AS: MUSEO CASA NATAL DE CERVANTES EN ALCAL\u00c1 DE HENARES"},"content":{"rendered":"<p>Nada mejor que esas peque\u00f1as <strong>escapadas<\/strong> de fin de semana para sobrellevar el duro invierno una vez finalizadas las Navidades.<!--more--><\/p>\n<p>&nbsp;<\/p>\n<p><strong>Madrid<\/strong> nos da la oportunidad de conocer maravillosos enclaves a tan solo una hora de distancia, ya sean naturales, arquitect\u00f3nicos o hist\u00f3ricos, como el <strong>Museo Casa Natal de Cervantes<\/strong>, en la maravillosa <strong>ciudad madrile\u00f1a de Alcal\u00e1 de Henares<\/strong>, famosa por su casco antiguo, su historia literaria y sus bares de tapeo, a la que podemos llegar en cuesti\u00f3n de media hora desde el centro de Madrid ya sea en coche, autob\u00fas o tren de Cercan\u00edas.<\/p>\n<p>Situada en la calle Mayor, famosa por sus soportales, la <strong>Casa Natal de Cervantes<\/strong> se alza en el lugar exacto en el que, al parecer, se situaba la casa familiar de Miguel de Cervantes Saavedra (1547-1616), es decir, donde el escritor naci\u00f3 y vivi\u00f3 sus primeros a\u00f1os; una vivienda que nos transporta a los siglos XVI y XVII gracias a un cuidado mobiliario y utensilios que nos hablan de las costumbres de entonces. Estancias como el patio, la botica o el estrado de las damas son dignas de admirar.<\/p>\n<p>Sin embargo, <strong>la Casa Natal de Cervantes <\/strong>no se conforma solo con brindar al visitante una simple estancia muse\u00edstica, sino que organiza peri\u00f3dicamente talleres, espect\u00e1culos, charlas, conferencias y un largo etc\u00e9tera que a\u00f1o tras a\u00f1o cosecha mayor \u00e9xito de p\u00fablico, sobre todo infantil y juvenil, sin mencionar el estupendo fondo bibliogr\u00e1fico que guarda.<\/p>\n<p>&nbsp;<\/p>\n<p>La <strong>Casa Natal de Cervantes<\/strong> abre al p\u00fablico de martes a domingo de 10.00 a 18.00 horas, aunque el horario puede variar con la celebraci\u00f3n de actividades extraordinarias, y la entrada es gratuita.<\/p>\n<p>Informaci\u00f3n patrocinada por\u00a0<strong><a title=\"Proinca apartamentos de alquiler en Madrid\" href=\"http:\/\/www.proinca.es\" target=\"_blank\" rel=\"noopener\">Proinca: Apartamentos de alquiler en Madrid<\/a><\/strong><\/p>\n<p>Foto de Koke Mayayo (TheVisualKiller) en Unsplash<\/p>\n\n\n<div class=\"kk-star-ratings kksr-auto kksr-align-left kksr-valign-bottom\"\n    data-payload='{&quot;align&quot;:&quot;left&quot;,&quot;id&quot;:&quot;4225&quot;,&quot;slug&quot;:&quot;default&quot;,&quot;valign&quot;:&quot;bottom&quot;,&quot;ignore&quot;:&quot;&quot;,&quot;reference&quot;:&quot;auto&quot;,&quot;class&quot;:&quot;&quot;,&quot;count&quot;:&quot;0&quot;,&quot;legendonly&quot;:&quot;&quot;,&quot;readonly&quot;:&quot;&quot;,&quot;score&quot;:&quot;0&quot;,&quot;starsonly&quot;:&quot;&quot;,&quot;best&quot;:&quot;5&quot;,&quot;gap&quot;:&quot;1&quot;,&quot;greet&quot;:&quot;Valora este art\u00edculo&quot;,&quot;legend&quot;:&quot;0\\\/5 - (0 votos)&quot;,&quot;size&quot;:&quot;24&quot;,&quot;title&quot;:&quot;ESCAPADAS MADRILE\u00d1AS: MUSEO CASA NATAL DE CERVANTES EN ALCAL\u00c1 DE HENARES&quot;,&quot;width&quot;:&quot;0&quot;,&quot;_legend&quot;:&quot;{score}\\\/{best} - ({count} {votes})&quot;,&quot;font_factor&quot;:&quot;1.25&quot;}'>\n            \n<div class=\"kksr-stars\">\n    \n<div class=\"kksr-stars-inactive\">\n            <div class=\"kksr-star\" data-star=\"1\" style=\"padding-right: 1px\">\n            \n\n<div class=\"kksr-icon\" style=\"width: 24px; height: 24px;\"><\/div>\n        <\/div>\n            <div class=\"kksr-star\" data-star=\"2\" style=\"padding-right: 1px\">\n            \n\n<div class=\"kksr-icon\" style=\"width: 24px; height: 24px;\"><\/div>\n        <\/div>\n            <div class=\"kksr-star\" data-star=\"3\" style=\"padding-right: 1px\">\n            \n\n<div class=\"kksr-icon\" style=\"width: 24px; height: 24px;\"><\/div>\n        <\/div>\n            <div class=\"kksr-star\" data-star=\"4\" style=\"padding-right: 1px\">\n            \n\n<div class=\"kksr-icon\" style=\"width: 24px; height: 24px;\"><\/div>\n        <\/div>\n            <div class=\"kksr-star\" data-star=\"5\" style=\"padding-right: 1px\">\n            \n\n<div class=\"kksr-icon\" style=\"width: 24px; height: 24px;\"><\/div>\n        <\/div>\n    <\/div>\n    \n<div class=\"kksr-stars-active\" style=\"width: 0px;\">\n            <div class=\"kksr-star\" style=\"padding-right: 1px\">\n            \n\n<div class=\"kksr-icon\" style=\"width: 24px; height: 24px;\"><\/div>\n        <\/div>\n            <div class=\"kksr-star\" style=\"padding-right: 1px\">\n            \n\n<div class=\"kksr-icon\" style=\"width: 24px; height: 24px;\"><\/div>\n        <\/div>\n            <div class=\"kksr-star\" style=\"padding-right: 1px\">\n            \n\n<div class=\"kksr-icon\" style=\"width: 24px; height: 24px;\"><\/div>\n        <\/div>\n            <div class=\"kksr-star\" style=\"padding-right: 1px\">\n            \n\n<div class=\"kksr-icon\" style=\"width: 24px; height: 24px;\"><\/div>\n        <\/div>\n            <div class=\"kksr-star\" style=\"padding-right: 1px\">\n            \n\n<div class=\"kksr-icon\" style=\"width: 24px; height: 24px;\"><\/div>\n        <\/div>\n    <\/div>\n<\/div>\n                \n\n<div class=\"kksr-legend\" style=\"font-size: 19.2px;\">\n            <span class=\"kksr-muted\">Valora este art\u00edculo<\/span>\n    <\/div>\n    <\/div>\n","protected":false},"excerpt":{"rendered":"<p>Nada mejor que esas peque\u00f1as escapadas de fin de semana  [&#8230;]<\/p>\n","protected":false},"author":4,"featured_media":7221,"comment_status":"closed","ping_status":"closed","sticky":false,"template":"","format":"standard","meta":{"footnotes":""},"categories":[79],"tags":[63,23,35,5],"class_list":["post-4225","post","type-post","status-publish","format-standard","has-post-thumbnail","hentry","category-vivir-madrid","tag-cultura","tag-free","tag-gratis","tag-madrid"],"yoast_head":"<!-- This site is optimized with the Yoast SEO plugin v27.4 - https:\/\/yoast.com\/product\/yoast-seo-wordpress\/ -->\n<title>Escapadas madrid:Museo Casa Cervantes<\/title>\n<meta name=\"description\" content=\"Nada mejor que esas peque\u00f1as escapadas de fin de semana para sobrellevar el duro invierno:Museo Casa Natal de Cervantes en Alcal\u00e1 de Henares .Por MadridFansblog\" \/>\n<meta name=\"robots\" content=\"index, follow, max-snippet:-1, max-image-preview:large, max-video-preview:-1\" \/>\n<link rel=\"canonical\" href=\"https:\/\/www.proinca.es\/madridfansblog\/escapadas-madrilenas-museo-casa-natal-de-cervantes-en-alcala-de-henares\/\" \/>\n<meta property=\"og:locale\" content=\"es_ES\" \/>\n<meta property=\"og:type\" content=\"article\" \/>\n<meta property=\"og:title\" content=\"Escapadas madrid:Museo Casa Cervantes\" \/>\n<meta property=\"og:description\" content=\"Nada mejor que esas peque\u00f1as escapadas de fin de semana para sobrellevar el duro invierno:Museo Casa Natal de Cervantes en Alcal\u00e1 de Henares .Por MadridFansblog\" \/>\n<meta property=\"og:url\" content=\"https:\/\/www.proinca.es\/madridfansblog\/escapadas-madrilenas-museo-casa-natal-de-cervantes-en-alcala-de-henares\/\" \/>\n<meta property=\"og:site_name\" content=\"Blog Proinca Madrid\" \/>\n<meta property=\"article:published_time\" content=\"2016-01-27T17:55:07+00:00\" \/>\n<meta property=\"article:modified_time\" content=\"2025-05-28T13:58:03+00:00\" \/>\n<meta property=\"og:image\" content=\"https:\/\/www.proinca.es\/madridfansblog\/wp-content\/uploads\/2016\/01\/cervantes-alacala-de-henares.jpg\" \/>\n\t<meta property=\"og:image:width\" content=\"1000\" \/>\n\t<meta property=\"og:image:height\" content=\"667\" \/>\n\t<meta property=\"og:image:type\" content=\"image\/jpeg\" \/>\n<meta name=\"author\" content=\"Ana Calero\" \/>\n<script type=\"application\/ld+json\" class=\"yoast-schema-graph\">{\"@context\":\"https:\\\/\\\/schema.org\",\"@graph\":[{\"@type\":\"Article\",\"@id\":\"https:\\\/\\\/www.proinca.es\\\/madridfansblog\\\/escapadas-madrilenas-museo-casa-natal-de-cervantes-en-alcala-de-henares\\\/#article\",\"isPartOf\":{\"@id\":\"https:\\\/\\\/www.proinca.es\\\/madridfansblog\\\/escapadas-madrilenas-museo-casa-natal-de-cervantes-en-alcala-de-henares\\\/\"},\"author\":{\"name\":\"Ana Calero\",\"@id\":\"https:\\\/\\\/www.proinca.es\\\/madridfansblog\\\/#\\\/schema\\\/person\\\/8401adc89c0a0f5a3574c43326247f1e\"},\"headline\":\"ESCAPADAS MADRILE\u00d1AS: MUSEO CASA NATAL DE CERVANTES EN ALCAL\u00c1 DE HENARES\",\"datePublished\":\"2016-01-27T17:55:07+00:00\",\"dateModified\":\"2025-05-28T13:58:03+00:00\",\"mainEntityOfPage\":{\"@id\":\"https:\\\/\\\/www.proinca.es\\\/madridfansblog\\\/escapadas-madrilenas-museo-casa-natal-de-cervantes-en-alcala-de-henares\\\/\"},\"wordCount\":317,\"publisher\":{\"@id\":\"https:\\\/\\\/www.proinca.es\\\/madridfansblog\\\/#organization\"},\"image\":{\"@id\":\"https:\\\/\\\/www.proinca.es\\\/madridfansblog\\\/escapadas-madrilenas-museo-casa-natal-de-cervantes-en-alcala-de-henares\\\/#primaryimage\"},\"thumbnailUrl\":\"https:\\\/\\\/www.proinca.es\\\/madridfansblog\\\/wp-content\\\/uploads\\\/2016\\\/01\\\/cervantes-alacala-de-henares.jpg\",\"keywords\":[\"Cultura\",\"Free\",\"Gratis\",\"Madrid\"],\"articleSection\":[\"VIVIR MADRID\"],\"inLanguage\":\"es\"},{\"@type\":\"WebPage\",\"@id\":\"https:\\\/\\\/www.proinca.es\\\/madridfansblog\\\/escapadas-madrilenas-museo-casa-natal-de-cervantes-en-alcala-de-henares\\\/\",\"url\":\"https:\\\/\\\/www.proinca.es\\\/madridfansblog\\\/escapadas-madrilenas-museo-casa-natal-de-cervantes-en-alcala-de-henares\\\/\",\"name\":\"Escapadas madrid:Museo Casa Cervantes\",\"isPartOf\":{\"@id\":\"https:\\\/\\\/www.proinca.es\\\/madridfansblog\\\/#website\"},\"primaryImageOfPage\":{\"@id\":\"https:\\\/\\\/www.proinca.es\\\/madridfansblog\\\/escapadas-madrilenas-museo-casa-natal-de-cervantes-en-alcala-de-henares\\\/#primaryimage\"},\"image\":{\"@id\":\"https:\\\/\\\/www.proinca.es\\\/madridfansblog\\\/escapadas-madrilenas-museo-casa-natal-de-cervantes-en-alcala-de-henares\\\/#primaryimage\"},\"thumbnailUrl\":\"https:\\\/\\\/www.proinca.es\\\/madridfansblog\\\/wp-content\\\/uploads\\\/2016\\\/01\\\/cervantes-alacala-de-henares.jpg\",\"datePublished\":\"2016-01-27T17:55:07+00:00\",\"dateModified\":\"2025-05-28T13:58:03+00:00\",\"description\":\"Nada mejor que esas peque\u00f1as escapadas de fin de semana para sobrellevar el duro invierno:Museo Casa Natal de Cervantes en Alcal\u00e1 de Henares .Por MadridFansblog\",\"inLanguage\":\"es\",\"potentialAction\":[{\"@type\":\"ReadAction\",\"target\":[\"https:\\\/\\\/www.proinca.es\\\/madridfansblog\\\/escapadas-madrilenas-museo-casa-natal-de-cervantes-en-alcala-de-henares\\\/\"]}]},{\"@type\":\"ImageObject\",\"inLanguage\":\"es\",\"@id\":\"https:\\\/\\\/www.proinca.es\\\/madridfansblog\\\/escapadas-madrilenas-museo-casa-natal-de-cervantes-en-alcala-de-henares\\\/#primaryimage\",\"url\":\"https:\\\/\\\/www.proinca.es\\\/madridfansblog\\\/wp-content\\\/uploads\\\/2016\\\/01\\\/cervantes-alacala-de-henares.jpg\",\"contentUrl\":\"https:\\\/\\\/www.proinca.es\\\/madridfansblog\\\/wp-content\\\/uploads\\\/2016\\\/01\\\/cervantes-alacala-de-henares.jpg\",\"width\":1000,\"height\":667,\"caption\":\"Escapadas madrile\u00f1as: museo casa natal de cervantes en Alcal\u00e1 de Henares\"},{\"@type\":\"WebSite\",\"@id\":\"https:\\\/\\\/www.proinca.es\\\/madridfansblog\\\/#website\",\"url\":\"https:\\\/\\\/www.proinca.es\\\/madridfansblog\\\/\",\"name\":\"Madrid Fans Blog Proinca\",\"description\":\"Pisos y apartamentos de alquiler en Madrid\",\"publisher\":{\"@id\":\"https:\\\/\\\/www.proinca.es\\\/madridfansblog\\\/#organization\"},\"potentialAction\":[{\"@type\":\"SearchAction\",\"target\":{\"@type\":\"EntryPoint\",\"urlTemplate\":\"https:\\\/\\\/www.proinca.es\\\/madridfansblog\\\/?s={search_term_string}\"},\"query-input\":{\"@type\":\"PropertyValueSpecification\",\"valueRequired\":true,\"valueName\":\"search_term_string\"}}],\"inLanguage\":\"es\"},{\"@type\":\"Organization\",\"@id\":\"https:\\\/\\\/www.proinca.es\\\/madridfansblog\\\/#organization\",\"name\":\"Proinca\",\"url\":\"https:\\\/\\\/www.proinca.es\\\/madridfansblog\\\/\",\"logo\":{\"@type\":\"ImageObject\",\"inLanguage\":\"es\",\"@id\":\"https:\\\/\\\/www.proinca.es\\\/madridfansblog\\\/#\\\/schema\\\/logo\\\/image\\\/\",\"url\":\"https:\\\/\\\/www.proinca.es\\\/madridfansblog\\\/wp-content\\\/uploads\\\/2022\\\/03\\\/logo-proinca.jpg\",\"contentUrl\":\"https:\\\/\\\/www.proinca.es\\\/madridfansblog\\\/wp-content\\\/uploads\\\/2022\\\/03\\\/logo-proinca.jpg\",\"width\":522,\"height\":250,\"caption\":\"Proinca\"},\"image\":{\"@id\":\"https:\\\/\\\/www.proinca.es\\\/madridfansblog\\\/#\\\/schema\\\/logo\\\/image\\\/\"}},{\"@type\":\"Person\",\"@id\":\"https:\\\/\\\/www.proinca.es\\\/madridfansblog\\\/#\\\/schema\\\/person\\\/8401adc89c0a0f5a3574c43326247f1e\",\"name\":\"Ana Calero\",\"image\":{\"@type\":\"ImageObject\",\"inLanguage\":\"es\",\"@id\":\"https:\\\/\\\/www.proinca.es\\\/madridfansblog\\\/wp-content\\\/litespeed\\\/avatar\\\/ef51b25c0718910f475570320941ef46.jpg?ver=1777379772\",\"url\":\"https:\\\/\\\/www.proinca.es\\\/madridfansblog\\\/wp-content\\\/litespeed\\\/avatar\\\/ef51b25c0718910f475570320941ef46.jpg?ver=1777379772\",\"contentUrl\":\"https:\\\/\\\/www.proinca.es\\\/madridfansblog\\\/wp-content\\\/litespeed\\\/avatar\\\/ef51b25c0718910f475570320941ef46.jpg?ver=1777379772\",\"caption\":\"Ana Calero\"},\"description\":\"Licenciada en Ciencias Empresariales por la Universidad Aut\u00f3noma de Madrid. Forma parte del equipo de Apartamentos Proinca y es una enamorada de Madrid\",\"sameAs\":[\"https:\\\/\\\/www.proinca.es\\\/madridfansblog\\\/ana-calero\\\/\"]}]}<\/script>\n<!-- \/ Yoast SEO plugin. -->","yoast_head_json":{"title":"Escapadas madrid:Museo Casa Cervantes","description":"Nada mejor que esas peque\u00f1as escapadas de fin de semana para sobrellevar el duro invierno:Museo Casa Natal de Cervantes en Alcal\u00e1 de Henares .Por MadridFansblog","robots":{"index":"index","follow":"follow","max-snippet":"max-snippet:-1","max-image-preview":"max-image-preview:large","max-video-preview":"max-video-preview:-1"},"canonical":"https:\/\/www.proinca.es\/madridfansblog\/escapadas-madrilenas-museo-casa-natal-de-cervantes-en-alcala-de-henares\/","og_locale":"es_ES","og_type":"article","og_title":"Escapadas madrid:Museo Casa Cervantes","og_description":"Nada mejor que esas peque\u00f1as escapadas de fin de semana para sobrellevar el duro invierno:Museo Casa Natal de Cervantes en Alcal\u00e1 de Henares .Por MadridFansblog","og_url":"https:\/\/www.proinca.es\/madridfansblog\/escapadas-madrilenas-museo-casa-natal-de-cervantes-en-alcala-de-henares\/","og_site_name":"Blog Proinca Madrid","article_published_time":"2016-01-27T17:55:07+00:00","article_modified_time":"2025-05-28T13:58:03+00:00","og_image":[{"width":1000,"height":667,"url":"https:\/\/www.proinca.es\/madridfansblog\/wp-content\/uploads\/2016\/01\/cervantes-alacala-de-henares.jpg","type":"image\/jpeg"}],"author":"Ana Calero","schema":{"@context":"https:\/\/schema.org","@graph":[{"@type":"Article","@id":"https:\/\/www.proinca.es\/madridfansblog\/escapadas-madrilenas-museo-casa-natal-de-cervantes-en-alcala-de-henares\/#article","isPartOf":{"@id":"https:\/\/www.proinca.es\/madridfansblog\/escapadas-madrilenas-museo-casa-natal-de-cervantes-en-alcala-de-henares\/"},"author":{"name":"Ana Calero","@id":"https:\/\/www.proinca.es\/madridfansblog\/#\/schema\/person\/8401adc89c0a0f5a3574c43326247f1e"},"headline":"ESCAPADAS MADRILE\u00d1AS: MUSEO CASA NATAL DE CERVANTES EN ALCAL\u00c1 DE HENARES","datePublished":"2016-01-27T17:55:07+00:00","dateModified":"2025-05-28T13:58:03+00:00","mainEntityOfPage":{"@id":"https:\/\/www.proinca.es\/madridfansblog\/escapadas-madrilenas-museo-casa-natal-de-cervantes-en-alcala-de-henares\/"},"wordCount":317,"publisher":{"@id":"https:\/\/www.proinca.es\/madridfansblog\/#organization"},"image":{"@id":"https:\/\/www.proinca.es\/madridfansblog\/escapadas-madrilenas-museo-casa-natal-de-cervantes-en-alcala-de-henares\/#primaryimage"},"thumbnailUrl":"https:\/\/www.proinca.es\/madridfansblog\/wp-content\/uploads\/2016\/01\/cervantes-alacala-de-henares.jpg","keywords":["Cultura","Free","Gratis","Madrid"],"articleSection":["VIVIR MADRID"],"inLanguage":"es"},{"@type":"WebPage","@id":"https:\/\/www.proinca.es\/madridfansblog\/escapadas-madrilenas-museo-casa-natal-de-cervantes-en-alcala-de-henares\/","url":"https:\/\/www.proinca.es\/madridfansblog\/escapadas-madrilenas-museo-casa-natal-de-cervantes-en-alcala-de-henares\/","name":"Escapadas madrid:Museo Casa Cervantes","isPartOf":{"@id":"https:\/\/www.proinca.es\/madridfansblog\/#website"},"primaryImageOfPage":{"@id":"https:\/\/www.proinca.es\/madridfansblog\/escapadas-madrilenas-museo-casa-natal-de-cervantes-en-alcala-de-henares\/#primaryimage"},"image":{"@id":"https:\/\/www.proinca.es\/madridfansblog\/escapadas-madrilenas-museo-casa-natal-de-cervantes-en-alcala-de-henares\/#primaryimage"},"thumbnailUrl":"https:\/\/www.proinca.es\/madridfansblog\/wp-content\/uploads\/2016\/01\/cervantes-alacala-de-henares.jpg","datePublished":"2016-01-27T17:55:07+00:00","dateModified":"2025-05-28T13:58:03+00:00","description":"Nada mejor que esas peque\u00f1as escapadas de fin de semana para sobrellevar el duro invierno:Museo Casa Natal de Cervantes en Alcal\u00e1 de Henares .Por MadridFansblog","inLanguage":"es","potentialAction":[{"@type":"ReadAction","target":["https:\/\/www.proinca.es\/madridfansblog\/escapadas-madrilenas-museo-casa-natal-de-cervantes-en-alcala-de-henares\/"]}]},{"@type":"ImageObject","inLanguage":"es","@id":"https:\/\/www.proinca.es\/madridfansblog\/escapadas-madrilenas-museo-casa-natal-de-cervantes-en-alcala-de-henares\/#primaryimage","url":"https:\/\/www.proinca.es\/madridfansblog\/wp-content\/uploads\/2016\/01\/cervantes-alacala-de-henares.jpg","contentUrl":"https:\/\/www.proinca.es\/madridfansblog\/wp-content\/uploads\/2016\/01\/cervantes-alacala-de-henares.jpg","width":1000,"height":667,"caption":"Escapadas madrile\u00f1as: museo casa natal de cervantes en Alcal\u00e1 de Henares"},{"@type":"WebSite","@id":"https:\/\/www.proinca.es\/madridfansblog\/#website","url":"https:\/\/www.proinca.es\/madridfansblog\/","name":"Madrid Fans Blog Proinca","description":"Pisos y apartamentos de alquiler en Madrid","publisher":{"@id":"https:\/\/www.proinca.es\/madridfansblog\/#organization"},"potentialAction":[{"@type":"SearchAction","target":{"@type":"EntryPoint","urlTemplate":"https:\/\/www.proinca.es\/madridfansblog\/?s={search_term_string}"},"query-input":{"@type":"PropertyValueSpecification","valueRequired":true,"valueName":"search_term_string"}}],"inLanguage":"es"},{"@type":"Organization","@id":"https:\/\/www.proinca.es\/madridfansblog\/#organization","name":"Proinca","url":"https:\/\/www.proinca.es\/madridfansblog\/","logo":{"@type":"ImageObject","inLanguage":"es","@id":"https:\/\/www.proinca.es\/madridfansblog\/#\/schema\/logo\/image\/","url":"https:\/\/www.proinca.es\/madridfansblog\/wp-content\/uploads\/2022\/03\/logo-proinca.jpg","contentUrl":"https:\/\/www.proinca.es\/madridfansblog\/wp-content\/uploads\/2022\/03\/logo-proinca.jpg","width":522,"height":250,"caption":"Proinca"},"image":{"@id":"https:\/\/www.proinca.es\/madridfansblog\/#\/schema\/logo\/image\/"}},{"@type":"Person","@id":"https:\/\/www.proinca.es\/madridfansblog\/#\/schema\/person\/8401adc89c0a0f5a3574c43326247f1e","name":"Ana Calero","image":{"@type":"ImageObject","inLanguage":"es","@id":"https:\/\/www.proinca.es\/madridfansblog\/wp-content\/litespeed\/avatar\/ef51b25c0718910f475570320941ef46.jpg?ver=1777379772","url":"https:\/\/www.proinca.es\/madridfansblog\/wp-content\/litespeed\/avatar\/ef51b25c0718910f475570320941ef46.jpg?ver=1777379772","contentUrl":"https:\/\/www.proinca.es\/madridfansblog\/wp-content\/litespeed\/avatar\/ef51b25c0718910f475570320941ef46.jpg?ver=1777379772","caption":"Ana Calero"},"description":"Licenciada en Ciencias Empresariales por la Universidad Aut\u00f3noma de Madrid. Forma parte del equipo de Apartamentos Proinca y es una enamorada de Madrid","sameAs":["https:\/\/www.proinca.es\/madridfansblog\/ana-calero\/"]}]}},"_links":{"self":[{"href":"https:\/\/www.proinca.es\/madridfansblog\/wp-json\/wp\/v2\/posts\/4225","targetHints":{"allow":["GET"]}}],"collection":[{"href":"https:\/\/www.proinca.es\/madridfansblog\/wp-json\/wp\/v2\/posts"}],"about":[{"href":"https:\/\/www.proinca.es\/madridfansblog\/wp-json\/wp\/v2\/types\/post"}],"author":[{"embeddable":true,"href":"https:\/\/www.proinca.es\/madridfansblog\/wp-json\/wp\/v2\/users\/4"}],"replies":[{"embeddable":true,"href":"https:\/\/www.proinca.es\/madridfansblog\/wp-json\/wp\/v2\/comments?post=4225"}],"version-history":[{"count":11,"href":"https:\/\/www.proinca.es\/madridfansblog\/wp-json\/wp\/v2\/posts\/4225\/revisions"}],"predecessor-version":[{"id":7485,"href":"https:\/\/www.proinca.es\/madridfansblog\/wp-json\/wp\/v2\/posts\/4225\/revisions\/7485"}],"wp:featuredmedia":[{"embeddable":true,"href":"https:\/\/www.proinca.es\/madridfansblog\/wp-json\/wp\/v2\/media\/7221"}],"wp:attachment":[{"href":"https:\/\/www.proinca.es\/madridfansblog\/wp-json\/wp\/v2\/media?parent=4225"}],"wp:term":[{"taxonomy":"category","embeddable":true,"href":"https:\/\/www.proinca.es\/madridfansblog\/wp-json\/wp\/v2\/categories?post=4225"},{"taxonomy":"post_tag","embeddable":true,"href":"https:\/\/www.proinca.es\/madridfansblog\/wp-json\/wp\/v2\/tags?post=4225"}],"curies":[{"name":"wp","href":"https:\/\/api.w.org\/{rel}","templated":true}]}}