{"id":4235,"date":"2016-02-08T17:18:52","date_gmt":"2016-02-08T16:18:52","guid":{"rendered":"http:\/\/www.proinca.es\/madridfansblog\/?p=4235"},"modified":"2025-05-28T15:58:07","modified_gmt":"2025-05-28T13:58:07","slug":"el-titanic-atraca-en-el-centro-cultural-de-la-villa-de-madrid","status":"publish","type":"post","link":"https:\/\/www.proinca.es\/madridfansblog\/el-titanic-atraca-en-el-centro-cultural-de-la-villa-de-madrid\/","title":{"rendered":"EL TITANIC ATRACA EN EL CENTRO CULTURAL DE LA VILLA DE MADRID"},"content":{"rendered":"<p>El Fern\u00e1n G\u00f3mez<strong> Centro Cultural de la Villa de Madrid<\/strong> acoge hasta el pr\u00f3ximo 6 de marzo una de las exposiciones m\u00e1s sorprendentes del a\u00f1o, <strong>Titanic<\/strong>. <strong>The exhibition<\/strong>,<!--more--> una muestra con 200 objetos originales cedidos por los familiares de la tragedia o rescatados de las profundidades marinas, donde descansa el transatl\u00e1ntico m\u00e1s famoso de la historia.<\/p>\n<p>Para los amantes de los tesoros marinos y los hechos hist\u00f3ricos inexplicables, esta exposici\u00f3n supone una inmersi\u00f3n total en la historia del barco y en su tr\u00e1gico devenir. Pero no solo eso, nos ayuda a humanizar aquel ins\u00f3lito episodio en la primavera de 1912, el que protagonizaron m\u00e1s de 2.000 pasajeros en medio del Atl\u00e1ntico Norte, pues sus rostros, historias vitales, haza\u00f1as y cobard\u00edas quedan reflejadas en numerosos objetos personales que nos acercan a los d\u00edas previos al naufragio y al fatal desenlace, como las cartas escritas por varios pasajeros a sus familiares o incluso por el primer oficial William Murdoch.<\/p>\n<p>La exposici\u00f3n nos brinda adem\u00e1s varias recreaciones de las partes interiores del <strong>Titanic<\/strong> que nos acercan a las entra\u00f1as del coloso, por ejemplo, un pasillo de primera clase o un camarote de tercera, de esta manera, resulta f\u00e1cil hacernos una idea de c\u00f3mo era la vida a bordo. Y tambi\u00e9n objetos que nos ponen los pelos de punta, como relojes parados en la hora exacta del hundimiento.<\/p>\n<p>&nbsp;<\/p>\n<p>Sin duda, una muestra m\u00e1s que recomendable, pues pocas veces en <strong>Madrid<\/strong> podemos disfrutar de exhibiciones tan impactantes y sobrecogedoras como esta. No en vano,<strong> Titanic The Exhibition<\/strong> es una exposici\u00f3n itinerante de car\u00e1cter internacional que han visto ya m\u00e1s de dos millones de personas, un pedazo de uno de los momentos m\u00e1s tr\u00e1gicos de nuestra historia que no dejar\u00e1 indiferente al visitante.<\/p>\n<p>La exposici\u00f3n permanece abierta de lunes a domingo de 10.00 a 20.00 h. Los precios de las entradas var\u00edan seg\u00fan el d\u00eda de visita, 6 \u20ac los lunes, 10 \u20ac de martes a viernes y 12 \u20ac los fines de semana y festivos.<\/p>\n<p>&nbsp;<\/p>\n<p>Informaci\u00f3n patrocinada por\u00a0<strong><a title=\"Proinca apartamentos de alquiler en Madrid\" href=\"http:\/\/www.proinca.es\" target=\"_blank\" rel=\"noopener\">Proinca: Apartamentos de alquiler en Madrid<\/a><\/strong><\/p>\n<p>Fuente imagen: www.titanic.eu<\/p>\n\n\n<div class=\"kk-star-ratings kksr-auto kksr-align-left kksr-valign-bottom\"\n    data-payload='{&quot;align&quot;:&quot;left&quot;,&quot;id&quot;:&quot;4235&quot;,&quot;slug&quot;:&quot;default&quot;,&quot;valign&quot;:&quot;bottom&quot;,&quot;ignore&quot;:&quot;&quot;,&quot;reference&quot;:&quot;auto&quot;,&quot;class&quot;:&quot;&quot;,&quot;count&quot;:&quot;0&quot;,&quot;legendonly&quot;:&quot;&quot;,&quot;readonly&quot;:&quot;&quot;,&quot;score&quot;:&quot;0&quot;,&quot;starsonly&quot;:&quot;&quot;,&quot;best&quot;:&quot;5&quot;,&quot;gap&quot;:&quot;1&quot;,&quot;greet&quot;:&quot;Valora este art\u00edculo&quot;,&quot;legend&quot;:&quot;0\\\/5 - (0 votos)&quot;,&quot;size&quot;:&quot;24&quot;,&quot;title&quot;:&quot;EL TITANIC ATRACA EN EL CENTRO CULTURAL DE LA VILLA DE MADRID&quot;,&quot;width&quot;:&quot;0&quot;,&quot;_legend&quot;:&quot;{score}\\\/{best} - ({count} {votes})&quot;,&quot;font_factor&quot;:&quot;1.25&quot;}'>\n            \n<div class=\"kksr-stars\">\n    \n<div class=\"kksr-stars-inactive\">\n            <div class=\"kksr-star\" data-star=\"1\" style=\"padding-right: 1px\">\n            \n\n<div class=\"kksr-icon\" style=\"width: 24px; height: 24px;\"><\/div>\n        <\/div>\n            <div class=\"kksr-star\" data-star=\"2\" style=\"padding-right: 1px\">\n            \n\n<div class=\"kksr-icon\" style=\"width: 24px; height: 24px;\"><\/div>\n        <\/div>\n            <div class=\"kksr-star\" data-star=\"3\" style=\"padding-right: 1px\">\n            \n\n<div class=\"kksr-icon\" style=\"width: 24px; height: 24px;\"><\/div>\n        <\/div>\n            <div class=\"kksr-star\" data-star=\"4\" style=\"padding-right: 1px\">\n            \n\n<div class=\"kksr-icon\" style=\"width: 24px; height: 24px;\"><\/div>\n        <\/div>\n            <div class=\"kksr-star\" data-star=\"5\" style=\"padding-right: 1px\">\n            \n\n<div class=\"kksr-icon\" style=\"width: 24px; height: 24px;\"><\/div>\n        <\/div>\n    <\/div>\n    \n<div class=\"kksr-stars-active\" style=\"width: 0px;\">\n            <div class=\"kksr-star\" style=\"padding-right: 1px\">\n            \n\n<div class=\"kksr-icon\" style=\"width: 24px; height: 24px;\"><\/div>\n        <\/div>\n            <div class=\"kksr-star\" style=\"padding-right: 1px\">\n            \n\n<div class=\"kksr-icon\" style=\"width: 24px; height: 24px;\"><\/div>\n        <\/div>\n            <div class=\"kksr-star\" style=\"padding-right: 1px\">\n            \n\n<div class=\"kksr-icon\" style=\"width: 24px; height: 24px;\"><\/div>\n        <\/div>\n            <div class=\"kksr-star\" style=\"padding-right: 1px\">\n            \n\n<div class=\"kksr-icon\" style=\"width: 24px; height: 24px;\"><\/div>\n        <\/div>\n            <div class=\"kksr-star\" style=\"padding-right: 1px\">\n            \n\n<div class=\"kksr-icon\" style=\"width: 24px; height: 24px;\"><\/div>\n        <\/div>\n    <\/div>\n<\/div>\n                \n\n<div class=\"kksr-legend\" style=\"font-size: 19.2px;\">\n            <span class=\"kksr-muted\">Valora este art\u00edculo<\/span>\n    <\/div>\n    <\/div>\n","protected":false},"excerpt":{"rendered":"<p>El Fern\u00e1n G\u00f3mez Centro Cultural de la Villa de Madrid  [&#8230;]<\/p>\n","protected":false},"author":4,"featured_media":4240,"comment_status":"closed","ping_status":"closed","sticky":false,"template":"","format":"standard","meta":{"footnotes":""},"categories":[79],"tags":[24,5],"class_list":["post-4235","post","type-post","status-publish","format-standard","has-post-thumbnail","hentry","category-vivir-madrid","tag-exposiciones","tag-madrid"],"yoast_head":"<!-- This site is optimized with the Yoast SEO plugin v27.4 - https:\/\/yoast.com\/product\/yoast-seo-wordpress\/ -->\n<title>TITANIC THE EXHIBITION ATRACA EN MADRID<\/title>\n<meta name=\"description\" content=\"Para los amantes de los tesoros marinos y los hechos hist\u00f3ricos, &quot;Titanic The exhibition&quot; supone una inmersi\u00f3n en la historia del barco y en su tr\u00e1gico final.\" \/>\n<meta name=\"robots\" content=\"index, follow, max-snippet:-1, max-image-preview:large, max-video-preview:-1\" \/>\n<link rel=\"canonical\" href=\"https:\/\/www.proinca.es\/madridfansblog\/el-titanic-atraca-en-el-centro-cultural-de-la-villa-de-madrid\/\" \/>\n<meta property=\"og:locale\" content=\"es_ES\" \/>\n<meta property=\"og:type\" content=\"article\" \/>\n<meta property=\"og:title\" content=\"TITANIC THE EXHIBITION ATRACA EN MADRID\" \/>\n<meta property=\"og:description\" content=\"Para los amantes de los tesoros marinos y los hechos hist\u00f3ricos, &quot;Titanic The exhibition&quot; supone una inmersi\u00f3n en la historia del barco y en su tr\u00e1gico final.\" \/>\n<meta property=\"og:url\" content=\"https:\/\/www.proinca.es\/madridfansblog\/el-titanic-atraca-en-el-centro-cultural-de-la-villa-de-madrid\/\" \/>\n<meta property=\"og:site_name\" content=\"Blog Proinca Madrid\" \/>\n<meta property=\"article:published_time\" content=\"2016-02-08T16:18:52+00:00\" \/>\n<meta property=\"article:modified_time\" content=\"2025-05-28T13:58:07+00:00\" \/>\n<meta property=\"og:image\" content=\"https:\/\/www.proinca.es\/madridfansblog\/wp-content\/uploads\/2016\/01\/proinca_madridfansblog_titanic_centro_cultural_madrid_1.jpg\" \/>\n\t<meta property=\"og:image:width\" content=\"600\" \/>\n\t<meta property=\"og:image:height\" content=\"937\" \/>\n\t<meta property=\"og:image:type\" content=\"image\/jpeg\" \/>\n<meta name=\"author\" content=\"Ana Calero\" \/>\n<script type=\"application\/ld+json\" class=\"yoast-schema-graph\">{\"@context\":\"https:\\\/\\\/schema.org\",\"@graph\":[{\"@type\":\"Article\",\"@id\":\"https:\\\/\\\/www.proinca.es\\\/madridfansblog\\\/el-titanic-atraca-en-el-centro-cultural-de-la-villa-de-madrid\\\/#article\",\"isPartOf\":{\"@id\":\"https:\\\/\\\/www.proinca.es\\\/madridfansblog\\\/el-titanic-atraca-en-el-centro-cultural-de-la-villa-de-madrid\\\/\"},\"author\":{\"name\":\"Ana Calero\",\"@id\":\"https:\\\/\\\/www.proinca.es\\\/madridfansblog\\\/#\\\/schema\\\/person\\\/8401adc89c0a0f5a3574c43326247f1e\"},\"headline\":\"EL TITANIC ATRACA EN EL CENTRO CULTURAL DE LA VILLA DE MADRID\",\"datePublished\":\"2016-02-08T16:18:52+00:00\",\"dateModified\":\"2025-05-28T13:58:07+00:00\",\"mainEntityOfPage\":{\"@id\":\"https:\\\/\\\/www.proinca.es\\\/madridfansblog\\\/el-titanic-atraca-en-el-centro-cultural-de-la-villa-de-madrid\\\/\"},\"wordCount\":380,\"publisher\":{\"@id\":\"https:\\\/\\\/www.proinca.es\\\/madridfansblog\\\/#organization\"},\"image\":{\"@id\":\"https:\\\/\\\/www.proinca.es\\\/madridfansblog\\\/el-titanic-atraca-en-el-centro-cultural-de-la-villa-de-madrid\\\/#primaryimage\"},\"thumbnailUrl\":\"https:\\\/\\\/www.proinca.es\\\/madridfansblog\\\/wp-content\\\/uploads\\\/2016\\\/01\\\/proinca_madridfansblog_titanic_centro_cultural_madrid_1.jpg\",\"keywords\":[\"Exposiciones\",\"Madrid\"],\"articleSection\":[\"VIVIR MADRID\"],\"inLanguage\":\"es\"},{\"@type\":\"WebPage\",\"@id\":\"https:\\\/\\\/www.proinca.es\\\/madridfansblog\\\/el-titanic-atraca-en-el-centro-cultural-de-la-villa-de-madrid\\\/\",\"url\":\"https:\\\/\\\/www.proinca.es\\\/madridfansblog\\\/el-titanic-atraca-en-el-centro-cultural-de-la-villa-de-madrid\\\/\",\"name\":\"TITANIC THE EXHIBITION ATRACA EN MADRID\",\"isPartOf\":{\"@id\":\"https:\\\/\\\/www.proinca.es\\\/madridfansblog\\\/#website\"},\"primaryImageOfPage\":{\"@id\":\"https:\\\/\\\/www.proinca.es\\\/madridfansblog\\\/el-titanic-atraca-en-el-centro-cultural-de-la-villa-de-madrid\\\/#primaryimage\"},\"image\":{\"@id\":\"https:\\\/\\\/www.proinca.es\\\/madridfansblog\\\/el-titanic-atraca-en-el-centro-cultural-de-la-villa-de-madrid\\\/#primaryimage\"},\"thumbnailUrl\":\"https:\\\/\\\/www.proinca.es\\\/madridfansblog\\\/wp-content\\\/uploads\\\/2016\\\/01\\\/proinca_madridfansblog_titanic_centro_cultural_madrid_1.jpg\",\"datePublished\":\"2016-02-08T16:18:52+00:00\",\"dateModified\":\"2025-05-28T13:58:07+00:00\",\"description\":\"Para los amantes de los tesoros marinos y los hechos hist\u00f3ricos, \\\"Titanic The exhibition\\\" supone una inmersi\u00f3n en la historia del barco y en su tr\u00e1gico final.\",\"inLanguage\":\"es\",\"potentialAction\":[{\"@type\":\"ReadAction\",\"target\":[\"https:\\\/\\\/www.proinca.es\\\/madridfansblog\\\/el-titanic-atraca-en-el-centro-cultural-de-la-villa-de-madrid\\\/\"]}]},{\"@type\":\"ImageObject\",\"inLanguage\":\"es\",\"@id\":\"https:\\\/\\\/www.proinca.es\\\/madridfansblog\\\/el-titanic-atraca-en-el-centro-cultural-de-la-villa-de-madrid\\\/#primaryimage\",\"url\":\"https:\\\/\\\/www.proinca.es\\\/madridfansblog\\\/wp-content\\\/uploads\\\/2016\\\/01\\\/proinca_madridfansblog_titanic_centro_cultural_madrid_1.jpg\",\"contentUrl\":\"https:\\\/\\\/www.proinca.es\\\/madridfansblog\\\/wp-content\\\/uploads\\\/2016\\\/01\\\/proinca_madridfansblog_titanic_centro_cultural_madrid_1.jpg\",\"width\":600,\"height\":937,\"caption\":\"proinca madridfansblog titanic centro cultural madrid 1\"},{\"@type\":\"WebSite\",\"@id\":\"https:\\\/\\\/www.proinca.es\\\/madridfansblog\\\/#website\",\"url\":\"https:\\\/\\\/www.proinca.es\\\/madridfansblog\\\/\",\"name\":\"Madrid Fans Blog Proinca\",\"description\":\"Pisos y apartamentos de alquiler en Madrid\",\"publisher\":{\"@id\":\"https:\\\/\\\/www.proinca.es\\\/madridfansblog\\\/#organization\"},\"potentialAction\":[{\"@type\":\"SearchAction\",\"target\":{\"@type\":\"EntryPoint\",\"urlTemplate\":\"https:\\\/\\\/www.proinca.es\\\/madridfansblog\\\/?s={search_term_string}\"},\"query-input\":{\"@type\":\"PropertyValueSpecification\",\"valueRequired\":true,\"valueName\":\"search_term_string\"}}],\"inLanguage\":\"es\"},{\"@type\":\"Organization\",\"@id\":\"https:\\\/\\\/www.proinca.es\\\/madridfansblog\\\/#organization\",\"name\":\"Proinca\",\"url\":\"https:\\\/\\\/www.proinca.es\\\/madridfansblog\\\/\",\"logo\":{\"@type\":\"ImageObject\",\"inLanguage\":\"es\",\"@id\":\"https:\\\/\\\/www.proinca.es\\\/madridfansblog\\\/#\\\/schema\\\/logo\\\/image\\\/\",\"url\":\"https:\\\/\\\/www.proinca.es\\\/madridfansblog\\\/wp-content\\\/uploads\\\/2022\\\/03\\\/logo-proinca.jpg\",\"contentUrl\":\"https:\\\/\\\/www.proinca.es\\\/madridfansblog\\\/wp-content\\\/uploads\\\/2022\\\/03\\\/logo-proinca.jpg\",\"width\":522,\"height\":250,\"caption\":\"Proinca\"},\"image\":{\"@id\":\"https:\\\/\\\/www.proinca.es\\\/madridfansblog\\\/#\\\/schema\\\/logo\\\/image\\\/\"}},{\"@type\":\"Person\",\"@id\":\"https:\\\/\\\/www.proinca.es\\\/madridfansblog\\\/#\\\/schema\\\/person\\\/8401adc89c0a0f5a3574c43326247f1e\",\"name\":\"Ana Calero\",\"image\":{\"@type\":\"ImageObject\",\"inLanguage\":\"es\",\"@id\":\"https:\\\/\\\/www.proinca.es\\\/madridfansblog\\\/wp-content\\\/litespeed\\\/avatar\\\/ef51b25c0718910f475570320941ef46.jpg?ver=1777379772\",\"url\":\"https:\\\/\\\/www.proinca.es\\\/madridfansblog\\\/wp-content\\\/litespeed\\\/avatar\\\/ef51b25c0718910f475570320941ef46.jpg?ver=1777379772\",\"contentUrl\":\"https:\\\/\\\/www.proinca.es\\\/madridfansblog\\\/wp-content\\\/litespeed\\\/avatar\\\/ef51b25c0718910f475570320941ef46.jpg?ver=1777379772\",\"caption\":\"Ana Calero\"},\"description\":\"Licenciada en Ciencias Empresariales por la Universidad Aut\u00f3noma de Madrid. Forma parte del equipo de Apartamentos Proinca y es una enamorada de Madrid\",\"sameAs\":[\"https:\\\/\\\/www.proinca.es\\\/madridfansblog\\\/ana-calero\\\/\"]}]}<\/script>\n<!-- \/ Yoast SEO plugin. -->","yoast_head_json":{"title":"TITANIC THE EXHIBITION ATRACA EN MADRID","description":"Para los amantes de los tesoros marinos y los hechos hist\u00f3ricos, \"Titanic The exhibition\" supone una inmersi\u00f3n en la historia del barco y en su tr\u00e1gico final.","robots":{"index":"index","follow":"follow","max-snippet":"max-snippet:-1","max-image-preview":"max-image-preview:large","max-video-preview":"max-video-preview:-1"},"canonical":"https:\/\/www.proinca.es\/madridfansblog\/el-titanic-atraca-en-el-centro-cultural-de-la-villa-de-madrid\/","og_locale":"es_ES","og_type":"article","og_title":"TITANIC THE EXHIBITION ATRACA EN MADRID","og_description":"Para los amantes de los tesoros marinos y los hechos hist\u00f3ricos, \"Titanic The exhibition\" supone una inmersi\u00f3n en la historia del barco y en su tr\u00e1gico final.","og_url":"https:\/\/www.proinca.es\/madridfansblog\/el-titanic-atraca-en-el-centro-cultural-de-la-villa-de-madrid\/","og_site_name":"Blog Proinca Madrid","article_published_time":"2016-02-08T16:18:52+00:00","article_modified_time":"2025-05-28T13:58:07+00:00","og_image":[{"width":600,"height":937,"url":"https:\/\/www.proinca.es\/madridfansblog\/wp-content\/uploads\/2016\/01\/proinca_madridfansblog_titanic_centro_cultural_madrid_1.jpg","type":"image\/jpeg"}],"author":"Ana Calero","schema":{"@context":"https:\/\/schema.org","@graph":[{"@type":"Article","@id":"https:\/\/www.proinca.es\/madridfansblog\/el-titanic-atraca-en-el-centro-cultural-de-la-villa-de-madrid\/#article","isPartOf":{"@id":"https:\/\/www.proinca.es\/madridfansblog\/el-titanic-atraca-en-el-centro-cultural-de-la-villa-de-madrid\/"},"author":{"name":"Ana Calero","@id":"https:\/\/www.proinca.es\/madridfansblog\/#\/schema\/person\/8401adc89c0a0f5a3574c43326247f1e"},"headline":"EL TITANIC ATRACA EN EL CENTRO CULTURAL DE LA VILLA DE MADRID","datePublished":"2016-02-08T16:18:52+00:00","dateModified":"2025-05-28T13:58:07+00:00","mainEntityOfPage":{"@id":"https:\/\/www.proinca.es\/madridfansblog\/el-titanic-atraca-en-el-centro-cultural-de-la-villa-de-madrid\/"},"wordCount":380,"publisher":{"@id":"https:\/\/www.proinca.es\/madridfansblog\/#organization"},"image":{"@id":"https:\/\/www.proinca.es\/madridfansblog\/el-titanic-atraca-en-el-centro-cultural-de-la-villa-de-madrid\/#primaryimage"},"thumbnailUrl":"https:\/\/www.proinca.es\/madridfansblog\/wp-content\/uploads\/2016\/01\/proinca_madridfansblog_titanic_centro_cultural_madrid_1.jpg","keywords":["Exposiciones","Madrid"],"articleSection":["VIVIR MADRID"],"inLanguage":"es"},{"@type":"WebPage","@id":"https:\/\/www.proinca.es\/madridfansblog\/el-titanic-atraca-en-el-centro-cultural-de-la-villa-de-madrid\/","url":"https:\/\/www.proinca.es\/madridfansblog\/el-titanic-atraca-en-el-centro-cultural-de-la-villa-de-madrid\/","name":"TITANIC THE EXHIBITION ATRACA EN MADRID","isPartOf":{"@id":"https:\/\/www.proinca.es\/madridfansblog\/#website"},"primaryImageOfPage":{"@id":"https:\/\/www.proinca.es\/madridfansblog\/el-titanic-atraca-en-el-centro-cultural-de-la-villa-de-madrid\/#primaryimage"},"image":{"@id":"https:\/\/www.proinca.es\/madridfansblog\/el-titanic-atraca-en-el-centro-cultural-de-la-villa-de-madrid\/#primaryimage"},"thumbnailUrl":"https:\/\/www.proinca.es\/madridfansblog\/wp-content\/uploads\/2016\/01\/proinca_madridfansblog_titanic_centro_cultural_madrid_1.jpg","datePublished":"2016-02-08T16:18:52+00:00","dateModified":"2025-05-28T13:58:07+00:00","description":"Para los amantes de los tesoros marinos y los hechos hist\u00f3ricos, \"Titanic The exhibition\" supone una inmersi\u00f3n en la historia del barco y en su tr\u00e1gico final.","inLanguage":"es","potentialAction":[{"@type":"ReadAction","target":["https:\/\/www.proinca.es\/madridfansblog\/el-titanic-atraca-en-el-centro-cultural-de-la-villa-de-madrid\/"]}]},{"@type":"ImageObject","inLanguage":"es","@id":"https:\/\/www.proinca.es\/madridfansblog\/el-titanic-atraca-en-el-centro-cultural-de-la-villa-de-madrid\/#primaryimage","url":"https:\/\/www.proinca.es\/madridfansblog\/wp-content\/uploads\/2016\/01\/proinca_madridfansblog_titanic_centro_cultural_madrid_1.jpg","contentUrl":"https:\/\/www.proinca.es\/madridfansblog\/wp-content\/uploads\/2016\/01\/proinca_madridfansblog_titanic_centro_cultural_madrid_1.jpg","width":600,"height":937,"caption":"proinca madridfansblog titanic centro cultural madrid 1"},{"@type":"WebSite","@id":"https:\/\/www.proinca.es\/madridfansblog\/#website","url":"https:\/\/www.proinca.es\/madridfansblog\/","name":"Madrid Fans Blog Proinca","description":"Pisos y apartamentos de alquiler en Madrid","publisher":{"@id":"https:\/\/www.proinca.es\/madridfansblog\/#organization"},"potentialAction":[{"@type":"SearchAction","target":{"@type":"EntryPoint","urlTemplate":"https:\/\/www.proinca.es\/madridfansblog\/?s={search_term_string}"},"query-input":{"@type":"PropertyValueSpecification","valueRequired":true,"valueName":"search_term_string"}}],"inLanguage":"es"},{"@type":"Organization","@id":"https:\/\/www.proinca.es\/madridfansblog\/#organization","name":"Proinca","url":"https:\/\/www.proinca.es\/madridfansblog\/","logo":{"@type":"ImageObject","inLanguage":"es","@id":"https:\/\/www.proinca.es\/madridfansblog\/#\/schema\/logo\/image\/","url":"https:\/\/www.proinca.es\/madridfansblog\/wp-content\/uploads\/2022\/03\/logo-proinca.jpg","contentUrl":"https:\/\/www.proinca.es\/madridfansblog\/wp-content\/uploads\/2022\/03\/logo-proinca.jpg","width":522,"height":250,"caption":"Proinca"},"image":{"@id":"https:\/\/www.proinca.es\/madridfansblog\/#\/schema\/logo\/image\/"}},{"@type":"Person","@id":"https:\/\/www.proinca.es\/madridfansblog\/#\/schema\/person\/8401adc89c0a0f5a3574c43326247f1e","name":"Ana Calero","image":{"@type":"ImageObject","inLanguage":"es","@id":"https:\/\/www.proinca.es\/madridfansblog\/wp-content\/litespeed\/avatar\/ef51b25c0718910f475570320941ef46.jpg?ver=1777379772","url":"https:\/\/www.proinca.es\/madridfansblog\/wp-content\/litespeed\/avatar\/ef51b25c0718910f475570320941ef46.jpg?ver=1777379772","contentUrl":"https:\/\/www.proinca.es\/madridfansblog\/wp-content\/litespeed\/avatar\/ef51b25c0718910f475570320941ef46.jpg?ver=1777379772","caption":"Ana Calero"},"description":"Licenciada en Ciencias Empresariales por la Universidad Aut\u00f3noma de Madrid. Forma parte del equipo de Apartamentos Proinca y es una enamorada de Madrid","sameAs":["https:\/\/www.proinca.es\/madridfansblog\/ana-calero\/"]}]}},"_links":{"self":[{"href":"https:\/\/www.proinca.es\/madridfansblog\/wp-json\/wp\/v2\/posts\/4235","targetHints":{"allow":["GET"]}}],"collection":[{"href":"https:\/\/www.proinca.es\/madridfansblog\/wp-json\/wp\/v2\/posts"}],"about":[{"href":"https:\/\/www.proinca.es\/madridfansblog\/wp-json\/wp\/v2\/types\/post"}],"author":[{"embeddable":true,"href":"https:\/\/www.proinca.es\/madridfansblog\/wp-json\/wp\/v2\/users\/4"}],"replies":[{"embeddable":true,"href":"https:\/\/www.proinca.es\/madridfansblog\/wp-json\/wp\/v2\/comments?post=4235"}],"version-history":[{"count":11,"href":"https:\/\/www.proinca.es\/madridfansblog\/wp-json\/wp\/v2\/posts\/4235\/revisions"}],"predecessor-version":[{"id":7371,"href":"https:\/\/www.proinca.es\/madridfansblog\/wp-json\/wp\/v2\/posts\/4235\/revisions\/7371"}],"wp:featuredmedia":[{"embeddable":true,"href":"https:\/\/www.proinca.es\/madridfansblog\/wp-json\/wp\/v2\/media\/4240"}],"wp:attachment":[{"href":"https:\/\/www.proinca.es\/madridfansblog\/wp-json\/wp\/v2\/media?parent=4235"}],"wp:term":[{"taxonomy":"category","embeddable":true,"href":"https:\/\/www.proinca.es\/madridfansblog\/wp-json\/wp\/v2\/categories?post=4235"},{"taxonomy":"post_tag","embeddable":true,"href":"https:\/\/www.proinca.es\/madridfansblog\/wp-json\/wp\/v2\/tags?post=4235"}],"curies":[{"name":"wp","href":"https:\/\/api.w.org\/{rel}","templated":true}]}}