{"id":4249,"date":"2016-02-19T21:36:49","date_gmt":"2016-02-19T20:36:49","guid":{"rendered":"http:\/\/www.proinca.es\/madridfansblog\/?p=4249"},"modified":"2025-05-28T15:58:11","modified_gmt":"2025-05-28T13:58:11","slug":"de-tapas-por-la-latina-el-mejor-plan-para-un-domingo-en-madrid","status":"publish","type":"post","link":"https:\/\/www.proinca.es\/madridfansblog\/de-tapas-por-la-latina-el-mejor-plan-para-un-domingo-en-madrid\/","title":{"rendered":"DE TAPAS POR LA LATINA, EL MEJOR PLAN PARA UN DOMINGO EN MADRID"},"content":{"rendered":"<p>Hay ciertas tradiciones a las que debes pleites\u00eda si quieres ser un madrile\u00f1o de pro<!--more-->, como la de acudir al <strong>barrio de La Latina<\/strong> un domingo por la ma\u00f1ana para disfrutar de sus <strong>tapas<\/strong>, ca\u00f1as, vinos, vermuts, mojitos y terrazas. Si a\u00fan no te has dejado caer por este barrio de <strong>Madrid,<\/strong> no sabes lo que te est\u00e1s perdiendo.<\/p>\n<p>Con epicentro en el Mercado de la Cebada y un entramado de callejuelas que dificulta la b\u00fasqueda de ese bar que tanto nos han recomendado, <strong>La Latina<\/strong> es uno de esos barrios del <strong>Madrid<\/strong> castizo, populares y con mucha alma que se ve envuelto cada fin de semana en un marem\u00e1gnum de amantes de los bares de ca\u00f1as y del buen ambiente. Calles como la Cava Alta y la Cava Baja dan cobijo a locales de toda la vida, de esos \u201ccon solera\u201d, y a nuevas apuestas protagonizadas por j\u00f3venes emprendedores que se abren paso en la hosteler\u00eda madrile\u00f1a a base de<strong> tapas<\/strong> deliciosas, vinos de autor y cerveza artesanal bien fresquita.<\/p>\n<p>Tomarte un vermut en Bodegas Ricla, en la calle Cuchilleros; un estupendo pincho de tortilla en Txirimiri, en la calle Humilladero; degustar un buen queso en Casa Dani, calle Calatrava, y como no, comer unos huevos rotos \u201ccomo Dios manda\u201d en Casa Lucio, en el 35 de la Cava Alta, son algunos de los pasos ceremoniosos que deber\u00edas respetar en tu primera incursi\u00f3n por <strong>La Latina<\/strong>. Aunque para ser sinceros, lo mejor es dejarse llevar, callejear, probar y disfrutar, solo as\u00ed descubrir\u00e1s sitios tan atractivos como La Nieta Carmela, en Humilladero, o el Caf\u00e9 Anglona, en Pr\u00edncipe de Anglona.<\/p>\n<p>Eso s\u00ed, hay que ser cautos, algunos bares se han puesto tan de moda entre la comunidad extranjera que visita <strong>Madrid,<\/strong> que han disparado el precio de las ca\u00f1as a cotas insospechadas, por eso os aconsejamos que no os dej\u00e9is intimidar, en <strong>La Latina<\/strong> hay de todo para todos, solo hay que probar.<\/p>\n<p>&nbsp;<\/p>\n<p>Informaci\u00f3n patrocinada por\u00a0<strong><a title=\"Proinca apartamentos de alquiler en Madrid\" href=\"http:\/\/www.proinca.es\" target=\"_blank\" rel=\"noopener\">Proinca: Apartamentos de alquiler en Madrid<\/a><\/strong><\/p>\n<p>Foto de Agent J en Unsplash<\/p>\n\n\n<div class=\"kk-star-ratings kksr-auto kksr-align-left kksr-valign-bottom\"\n    data-payload='{&quot;align&quot;:&quot;left&quot;,&quot;id&quot;:&quot;4249&quot;,&quot;slug&quot;:&quot;default&quot;,&quot;valign&quot;:&quot;bottom&quot;,&quot;ignore&quot;:&quot;&quot;,&quot;reference&quot;:&quot;auto&quot;,&quot;class&quot;:&quot;&quot;,&quot;count&quot;:&quot;0&quot;,&quot;legendonly&quot;:&quot;&quot;,&quot;readonly&quot;:&quot;&quot;,&quot;score&quot;:&quot;0&quot;,&quot;starsonly&quot;:&quot;&quot;,&quot;best&quot;:&quot;5&quot;,&quot;gap&quot;:&quot;1&quot;,&quot;greet&quot;:&quot;Valora este art\u00edculo&quot;,&quot;legend&quot;:&quot;0\\\/5 - (0 votos)&quot;,&quot;size&quot;:&quot;24&quot;,&quot;title&quot;:&quot;DE TAPAS POR LA LATINA, EL MEJOR PLAN PARA UN DOMINGO EN MADRID&quot;,&quot;width&quot;:&quot;0&quot;,&quot;_legend&quot;:&quot;{score}\\\/{best} - ({count} {votes})&quot;,&quot;font_factor&quot;:&quot;1.25&quot;}'>\n            \n<div class=\"kksr-stars\">\n    \n<div class=\"kksr-stars-inactive\">\n            <div class=\"kksr-star\" data-star=\"1\" style=\"padding-right: 1px\">\n            \n\n<div class=\"kksr-icon\" style=\"width: 24px; height: 24px;\"><\/div>\n        <\/div>\n            <div class=\"kksr-star\" data-star=\"2\" style=\"padding-right: 1px\">\n            \n\n<div class=\"kksr-icon\" style=\"width: 24px; height: 24px;\"><\/div>\n        <\/div>\n            <div class=\"kksr-star\" data-star=\"3\" style=\"padding-right: 1px\">\n            \n\n<div class=\"kksr-icon\" style=\"width: 24px; height: 24px;\"><\/div>\n        <\/div>\n            <div class=\"kksr-star\" data-star=\"4\" style=\"padding-right: 1px\">\n            \n\n<div class=\"kksr-icon\" style=\"width: 24px; height: 24px;\"><\/div>\n        <\/div>\n            <div class=\"kksr-star\" data-star=\"5\" style=\"padding-right: 1px\">\n            \n\n<div class=\"kksr-icon\" style=\"width: 24px; height: 24px;\"><\/div>\n        <\/div>\n    <\/div>\n    \n<div class=\"kksr-stars-active\" style=\"width: 0px;\">\n            <div class=\"kksr-star\" style=\"padding-right: 1px\">\n            \n\n<div class=\"kksr-icon\" style=\"width: 24px; height: 24px;\"><\/div>\n        <\/div>\n            <div class=\"kksr-star\" style=\"padding-right: 1px\">\n            \n\n<div class=\"kksr-icon\" style=\"width: 24px; height: 24px;\"><\/div>\n        <\/div>\n            <div class=\"kksr-star\" style=\"padding-right: 1px\">\n            \n\n<div class=\"kksr-icon\" style=\"width: 24px; height: 24px;\"><\/div>\n        <\/div>\n            <div class=\"kksr-star\" style=\"padding-right: 1px\">\n            \n\n<div class=\"kksr-icon\" style=\"width: 24px; height: 24px;\"><\/div>\n        <\/div>\n            <div class=\"kksr-star\" style=\"padding-right: 1px\">\n            \n\n<div class=\"kksr-icon\" style=\"width: 24px; height: 24px;\"><\/div>\n        <\/div>\n    <\/div>\n<\/div>\n                \n\n<div class=\"kksr-legend\" style=\"font-size: 19.2px;\">\n            <span class=\"kksr-muted\">Valora este art\u00edculo<\/span>\n    <\/div>\n    <\/div>\n","protected":false},"excerpt":{"rendered":"<p>Hay ciertas tradiciones a las que debes pleites\u00eda si quieres  [&#8230;]<\/p>\n","protected":false},"author":4,"featured_media":7223,"comment_status":"closed","ping_status":"closed","sticky":false,"template":"","format":"standard","meta":{"footnotes":""},"categories":[79],"tags":[30,5,31,46],"class_list":["post-4249","post","type-post","status-publish","format-standard","has-post-thumbnail","hentry","category-vivir-madrid","tag-gastronomia","tag-madrid","tag-restaurantes","tag-terrazas"],"yoast_head":"<!-- This site is optimized with the Yoast SEO plugin v27.4 - https:\/\/yoast.com\/product\/yoast-seo-wordpress\/ -->\n<title>De tapas por la latina en Madrid<\/title>\n<meta name=\"description\" content=\"El barrio de La Latina un domingo por la ma\u00f1ana es el lugar ideal para disfrutar de unas buenas tapas, ca\u00f1as, vinos, vermuts, y buen ambiente.Por Madridfansblog\" \/>\n<meta name=\"robots\" content=\"index, follow, max-snippet:-1, max-image-preview:large, max-video-preview:-1\" \/>\n<link rel=\"canonical\" href=\"https:\/\/www.proinca.es\/madridfansblog\/de-tapas-por-la-latina-el-mejor-plan-para-un-domingo-en-madrid\/\" \/>\n<meta property=\"og:locale\" content=\"es_ES\" \/>\n<meta property=\"og:type\" content=\"article\" \/>\n<meta property=\"og:title\" content=\"De tapas por la latina en Madrid\" \/>\n<meta property=\"og:description\" content=\"El barrio de La Latina un domingo por la ma\u00f1ana es el lugar ideal para disfrutar de unas buenas tapas, ca\u00f1as, vinos, vermuts, y buen ambiente.Por Madridfansblog\" \/>\n<meta property=\"og:url\" content=\"https:\/\/www.proinca.es\/madridfansblog\/de-tapas-por-la-latina-el-mejor-plan-para-un-domingo-en-madrid\/\" \/>\n<meta property=\"og:site_name\" content=\"Blog Proinca Madrid\" \/>\n<meta property=\"article:published_time\" content=\"2016-02-19T20:36:49+00:00\" \/>\n<meta property=\"article:modified_time\" content=\"2025-05-28T13:58:11+00:00\" \/>\n<meta property=\"og:image\" content=\"https:\/\/www.proinca.es\/madridfansblog\/wp-content\/uploads\/2016\/02\/tapas-por-la-latina.jpg\" \/>\n\t<meta property=\"og:image:width\" content=\"1000\" \/>\n\t<meta property=\"og:image:height\" content=\"750\" \/>\n\t<meta property=\"og:image:type\" content=\"image\/jpeg\" \/>\n<meta name=\"author\" content=\"Ana Calero\" \/>\n<script type=\"application\/ld+json\" class=\"yoast-schema-graph\">{\"@context\":\"https:\\\/\\\/schema.org\",\"@graph\":[{\"@type\":\"Article\",\"@id\":\"https:\\\/\\\/www.proinca.es\\\/madridfansblog\\\/de-tapas-por-la-latina-el-mejor-plan-para-un-domingo-en-madrid\\\/#article\",\"isPartOf\":{\"@id\":\"https:\\\/\\\/www.proinca.es\\\/madridfansblog\\\/de-tapas-por-la-latina-el-mejor-plan-para-un-domingo-en-madrid\\\/\"},\"author\":{\"name\":\"Ana Calero\",\"@id\":\"https:\\\/\\\/www.proinca.es\\\/madridfansblog\\\/#\\\/schema\\\/person\\\/8401adc89c0a0f5a3574c43326247f1e\"},\"headline\":\"DE TAPAS POR LA LATINA, EL MEJOR PLAN PARA UN DOMINGO EN MADRID\",\"datePublished\":\"2016-02-19T20:36:49+00:00\",\"dateModified\":\"2025-05-28T13:58:11+00:00\",\"mainEntityOfPage\":{\"@id\":\"https:\\\/\\\/www.proinca.es\\\/madridfansblog\\\/de-tapas-por-la-latina-el-mejor-plan-para-un-domingo-en-madrid\\\/\"},\"wordCount\":370,\"publisher\":{\"@id\":\"https:\\\/\\\/www.proinca.es\\\/madridfansblog\\\/#organization\"},\"image\":{\"@id\":\"https:\\\/\\\/www.proinca.es\\\/madridfansblog\\\/de-tapas-por-la-latina-el-mejor-plan-para-un-domingo-en-madrid\\\/#primaryimage\"},\"thumbnailUrl\":\"https:\\\/\\\/www.proinca.es\\\/madridfansblog\\\/wp-content\\\/uploads\\\/2016\\\/02\\\/tapas-por-la-latina.jpg\",\"keywords\":[\"Gastronom\u00eda\",\"Madrid\",\"Restaurantes\",\"Terrazas\"],\"articleSection\":[\"VIVIR MADRID\"],\"inLanguage\":\"es\"},{\"@type\":\"WebPage\",\"@id\":\"https:\\\/\\\/www.proinca.es\\\/madridfansblog\\\/de-tapas-por-la-latina-el-mejor-plan-para-un-domingo-en-madrid\\\/\",\"url\":\"https:\\\/\\\/www.proinca.es\\\/madridfansblog\\\/de-tapas-por-la-latina-el-mejor-plan-para-un-domingo-en-madrid\\\/\",\"name\":\"De tapas por la latina en Madrid\",\"isPartOf\":{\"@id\":\"https:\\\/\\\/www.proinca.es\\\/madridfansblog\\\/#website\"},\"primaryImageOfPage\":{\"@id\":\"https:\\\/\\\/www.proinca.es\\\/madridfansblog\\\/de-tapas-por-la-latina-el-mejor-plan-para-un-domingo-en-madrid\\\/#primaryimage\"},\"image\":{\"@id\":\"https:\\\/\\\/www.proinca.es\\\/madridfansblog\\\/de-tapas-por-la-latina-el-mejor-plan-para-un-domingo-en-madrid\\\/#primaryimage\"},\"thumbnailUrl\":\"https:\\\/\\\/www.proinca.es\\\/madridfansblog\\\/wp-content\\\/uploads\\\/2016\\\/02\\\/tapas-por-la-latina.jpg\",\"datePublished\":\"2016-02-19T20:36:49+00:00\",\"dateModified\":\"2025-05-28T13:58:11+00:00\",\"description\":\"El barrio de La Latina un domingo por la ma\u00f1ana es el lugar ideal para disfrutar de unas buenas tapas, ca\u00f1as, vinos, vermuts, y buen ambiente.Por Madridfansblog\",\"inLanguage\":\"es\",\"potentialAction\":[{\"@type\":\"ReadAction\",\"target\":[\"https:\\\/\\\/www.proinca.es\\\/madridfansblog\\\/de-tapas-por-la-latina-el-mejor-plan-para-un-domingo-en-madrid\\\/\"]}]},{\"@type\":\"ImageObject\",\"inLanguage\":\"es\",\"@id\":\"https:\\\/\\\/www.proinca.es\\\/madridfansblog\\\/de-tapas-por-la-latina-el-mejor-plan-para-un-domingo-en-madrid\\\/#primaryimage\",\"url\":\"https:\\\/\\\/www.proinca.es\\\/madridfansblog\\\/wp-content\\\/uploads\\\/2016\\\/02\\\/tapas-por-la-latina.jpg\",\"contentUrl\":\"https:\\\/\\\/www.proinca.es\\\/madridfansblog\\\/wp-content\\\/uploads\\\/2016\\\/02\\\/tapas-por-la-latina.jpg\",\"width\":1000,\"height\":750,\"caption\":\"De tapas por la latina, el mejor plan para un domingo en Madrid\"},{\"@type\":\"WebSite\",\"@id\":\"https:\\\/\\\/www.proinca.es\\\/madridfansblog\\\/#website\",\"url\":\"https:\\\/\\\/www.proinca.es\\\/madridfansblog\\\/\",\"name\":\"Madrid Fans Blog Proinca\",\"description\":\"Pisos y apartamentos de alquiler en Madrid\",\"publisher\":{\"@id\":\"https:\\\/\\\/www.proinca.es\\\/madridfansblog\\\/#organization\"},\"potentialAction\":[{\"@type\":\"SearchAction\",\"target\":{\"@type\":\"EntryPoint\",\"urlTemplate\":\"https:\\\/\\\/www.proinca.es\\\/madridfansblog\\\/?s={search_term_string}\"},\"query-input\":{\"@type\":\"PropertyValueSpecification\",\"valueRequired\":true,\"valueName\":\"search_term_string\"}}],\"inLanguage\":\"es\"},{\"@type\":\"Organization\",\"@id\":\"https:\\\/\\\/www.proinca.es\\\/madridfansblog\\\/#organization\",\"name\":\"Proinca\",\"url\":\"https:\\\/\\\/www.proinca.es\\\/madridfansblog\\\/\",\"logo\":{\"@type\":\"ImageObject\",\"inLanguage\":\"es\",\"@id\":\"https:\\\/\\\/www.proinca.es\\\/madridfansblog\\\/#\\\/schema\\\/logo\\\/image\\\/\",\"url\":\"https:\\\/\\\/www.proinca.es\\\/madridfansblog\\\/wp-content\\\/uploads\\\/2022\\\/03\\\/logo-proinca.jpg\",\"contentUrl\":\"https:\\\/\\\/www.proinca.es\\\/madridfansblog\\\/wp-content\\\/uploads\\\/2022\\\/03\\\/logo-proinca.jpg\",\"width\":522,\"height\":250,\"caption\":\"Proinca\"},\"image\":{\"@id\":\"https:\\\/\\\/www.proinca.es\\\/madridfansblog\\\/#\\\/schema\\\/logo\\\/image\\\/\"}},{\"@type\":\"Person\",\"@id\":\"https:\\\/\\\/www.proinca.es\\\/madridfansblog\\\/#\\\/schema\\\/person\\\/8401adc89c0a0f5a3574c43326247f1e\",\"name\":\"Ana Calero\",\"image\":{\"@type\":\"ImageObject\",\"inLanguage\":\"es\",\"@id\":\"https:\\\/\\\/www.proinca.es\\\/madridfansblog\\\/wp-content\\\/litespeed\\\/avatar\\\/ef51b25c0718910f475570320941ef46.jpg?ver=1777379772\",\"url\":\"https:\\\/\\\/www.proinca.es\\\/madridfansblog\\\/wp-content\\\/litespeed\\\/avatar\\\/ef51b25c0718910f475570320941ef46.jpg?ver=1777379772\",\"contentUrl\":\"https:\\\/\\\/www.proinca.es\\\/madridfansblog\\\/wp-content\\\/litespeed\\\/avatar\\\/ef51b25c0718910f475570320941ef46.jpg?ver=1777379772\",\"caption\":\"Ana Calero\"},\"description\":\"Licenciada en Ciencias Empresariales por la Universidad Aut\u00f3noma de Madrid. Forma parte del equipo de Apartamentos Proinca y es una enamorada de Madrid\",\"sameAs\":[\"https:\\\/\\\/www.proinca.es\\\/madridfansblog\\\/ana-calero\\\/\"]}]}<\/script>\n<!-- \/ Yoast SEO plugin. -->","yoast_head_json":{"title":"De tapas por la latina en Madrid","description":"El barrio de La Latina un domingo por la ma\u00f1ana es el lugar ideal para disfrutar de unas buenas tapas, ca\u00f1as, vinos, vermuts, y buen ambiente.Por Madridfansblog","robots":{"index":"index","follow":"follow","max-snippet":"max-snippet:-1","max-image-preview":"max-image-preview:large","max-video-preview":"max-video-preview:-1"},"canonical":"https:\/\/www.proinca.es\/madridfansblog\/de-tapas-por-la-latina-el-mejor-plan-para-un-domingo-en-madrid\/","og_locale":"es_ES","og_type":"article","og_title":"De tapas por la latina en Madrid","og_description":"El barrio de La Latina un domingo por la ma\u00f1ana es el lugar ideal para disfrutar de unas buenas tapas, ca\u00f1as, vinos, vermuts, y buen ambiente.Por Madridfansblog","og_url":"https:\/\/www.proinca.es\/madridfansblog\/de-tapas-por-la-latina-el-mejor-plan-para-un-domingo-en-madrid\/","og_site_name":"Blog Proinca Madrid","article_published_time":"2016-02-19T20:36:49+00:00","article_modified_time":"2025-05-28T13:58:11+00:00","og_image":[{"width":1000,"height":750,"url":"https:\/\/www.proinca.es\/madridfansblog\/wp-content\/uploads\/2016\/02\/tapas-por-la-latina.jpg","type":"image\/jpeg"}],"author":"Ana Calero","schema":{"@context":"https:\/\/schema.org","@graph":[{"@type":"Article","@id":"https:\/\/www.proinca.es\/madridfansblog\/de-tapas-por-la-latina-el-mejor-plan-para-un-domingo-en-madrid\/#article","isPartOf":{"@id":"https:\/\/www.proinca.es\/madridfansblog\/de-tapas-por-la-latina-el-mejor-plan-para-un-domingo-en-madrid\/"},"author":{"name":"Ana Calero","@id":"https:\/\/www.proinca.es\/madridfansblog\/#\/schema\/person\/8401adc89c0a0f5a3574c43326247f1e"},"headline":"DE TAPAS POR LA LATINA, EL MEJOR PLAN PARA UN DOMINGO EN MADRID","datePublished":"2016-02-19T20:36:49+00:00","dateModified":"2025-05-28T13:58:11+00:00","mainEntityOfPage":{"@id":"https:\/\/www.proinca.es\/madridfansblog\/de-tapas-por-la-latina-el-mejor-plan-para-un-domingo-en-madrid\/"},"wordCount":370,"publisher":{"@id":"https:\/\/www.proinca.es\/madridfansblog\/#organization"},"image":{"@id":"https:\/\/www.proinca.es\/madridfansblog\/de-tapas-por-la-latina-el-mejor-plan-para-un-domingo-en-madrid\/#primaryimage"},"thumbnailUrl":"https:\/\/www.proinca.es\/madridfansblog\/wp-content\/uploads\/2016\/02\/tapas-por-la-latina.jpg","keywords":["Gastronom\u00eda","Madrid","Restaurantes","Terrazas"],"articleSection":["VIVIR MADRID"],"inLanguage":"es"},{"@type":"WebPage","@id":"https:\/\/www.proinca.es\/madridfansblog\/de-tapas-por-la-latina-el-mejor-plan-para-un-domingo-en-madrid\/","url":"https:\/\/www.proinca.es\/madridfansblog\/de-tapas-por-la-latina-el-mejor-plan-para-un-domingo-en-madrid\/","name":"De tapas por la latina en Madrid","isPartOf":{"@id":"https:\/\/www.proinca.es\/madridfansblog\/#website"},"primaryImageOfPage":{"@id":"https:\/\/www.proinca.es\/madridfansblog\/de-tapas-por-la-latina-el-mejor-plan-para-un-domingo-en-madrid\/#primaryimage"},"image":{"@id":"https:\/\/www.proinca.es\/madridfansblog\/de-tapas-por-la-latina-el-mejor-plan-para-un-domingo-en-madrid\/#primaryimage"},"thumbnailUrl":"https:\/\/www.proinca.es\/madridfansblog\/wp-content\/uploads\/2016\/02\/tapas-por-la-latina.jpg","datePublished":"2016-02-19T20:36:49+00:00","dateModified":"2025-05-28T13:58:11+00:00","description":"El barrio de La Latina un domingo por la ma\u00f1ana es el lugar ideal para disfrutar de unas buenas tapas, ca\u00f1as, vinos, vermuts, y buen ambiente.Por Madridfansblog","inLanguage":"es","potentialAction":[{"@type":"ReadAction","target":["https:\/\/www.proinca.es\/madridfansblog\/de-tapas-por-la-latina-el-mejor-plan-para-un-domingo-en-madrid\/"]}]},{"@type":"ImageObject","inLanguage":"es","@id":"https:\/\/www.proinca.es\/madridfansblog\/de-tapas-por-la-latina-el-mejor-plan-para-un-domingo-en-madrid\/#primaryimage","url":"https:\/\/www.proinca.es\/madridfansblog\/wp-content\/uploads\/2016\/02\/tapas-por-la-latina.jpg","contentUrl":"https:\/\/www.proinca.es\/madridfansblog\/wp-content\/uploads\/2016\/02\/tapas-por-la-latina.jpg","width":1000,"height":750,"caption":"De tapas por la latina, el mejor plan para un domingo en Madrid"},{"@type":"WebSite","@id":"https:\/\/www.proinca.es\/madridfansblog\/#website","url":"https:\/\/www.proinca.es\/madridfansblog\/","name":"Madrid Fans Blog Proinca","description":"Pisos y apartamentos de alquiler en Madrid","publisher":{"@id":"https:\/\/www.proinca.es\/madridfansblog\/#organization"},"potentialAction":[{"@type":"SearchAction","target":{"@type":"EntryPoint","urlTemplate":"https:\/\/www.proinca.es\/madridfansblog\/?s={search_term_string}"},"query-input":{"@type":"PropertyValueSpecification","valueRequired":true,"valueName":"search_term_string"}}],"inLanguage":"es"},{"@type":"Organization","@id":"https:\/\/www.proinca.es\/madridfansblog\/#organization","name":"Proinca","url":"https:\/\/www.proinca.es\/madridfansblog\/","logo":{"@type":"ImageObject","inLanguage":"es","@id":"https:\/\/www.proinca.es\/madridfansblog\/#\/schema\/logo\/image\/","url":"https:\/\/www.proinca.es\/madridfansblog\/wp-content\/uploads\/2022\/03\/logo-proinca.jpg","contentUrl":"https:\/\/www.proinca.es\/madridfansblog\/wp-content\/uploads\/2022\/03\/logo-proinca.jpg","width":522,"height":250,"caption":"Proinca"},"image":{"@id":"https:\/\/www.proinca.es\/madridfansblog\/#\/schema\/logo\/image\/"}},{"@type":"Person","@id":"https:\/\/www.proinca.es\/madridfansblog\/#\/schema\/person\/8401adc89c0a0f5a3574c43326247f1e","name":"Ana Calero","image":{"@type":"ImageObject","inLanguage":"es","@id":"https:\/\/www.proinca.es\/madridfansblog\/wp-content\/litespeed\/avatar\/ef51b25c0718910f475570320941ef46.jpg?ver=1777379772","url":"https:\/\/www.proinca.es\/madridfansblog\/wp-content\/litespeed\/avatar\/ef51b25c0718910f475570320941ef46.jpg?ver=1777379772","contentUrl":"https:\/\/www.proinca.es\/madridfansblog\/wp-content\/litespeed\/avatar\/ef51b25c0718910f475570320941ef46.jpg?ver=1777379772","caption":"Ana Calero"},"description":"Licenciada en Ciencias Empresariales por la Universidad Aut\u00f3noma de Madrid. Forma parte del equipo de Apartamentos Proinca y es una enamorada de Madrid","sameAs":["https:\/\/www.proinca.es\/madridfansblog\/ana-calero\/"]}]}},"_links":{"self":[{"href":"https:\/\/www.proinca.es\/madridfansblog\/wp-json\/wp\/v2\/posts\/4249","targetHints":{"allow":["GET"]}}],"collection":[{"href":"https:\/\/www.proinca.es\/madridfansblog\/wp-json\/wp\/v2\/posts"}],"about":[{"href":"https:\/\/www.proinca.es\/madridfansblog\/wp-json\/wp\/v2\/types\/post"}],"author":[{"embeddable":true,"href":"https:\/\/www.proinca.es\/madridfansblog\/wp-json\/wp\/v2\/users\/4"}],"replies":[{"embeddable":true,"href":"https:\/\/www.proinca.es\/madridfansblog\/wp-json\/wp\/v2\/comments?post=4249"}],"version-history":[{"count":15,"href":"https:\/\/www.proinca.es\/madridfansblog\/wp-json\/wp\/v2\/posts\/4249\/revisions"}],"predecessor-version":[{"id":7484,"href":"https:\/\/www.proinca.es\/madridfansblog\/wp-json\/wp\/v2\/posts\/4249\/revisions\/7484"}],"wp:featuredmedia":[{"embeddable":true,"href":"https:\/\/www.proinca.es\/madridfansblog\/wp-json\/wp\/v2\/media\/7223"}],"wp:attachment":[{"href":"https:\/\/www.proinca.es\/madridfansblog\/wp-json\/wp\/v2\/media?parent=4249"}],"wp:term":[{"taxonomy":"category","embeddable":true,"href":"https:\/\/www.proinca.es\/madridfansblog\/wp-json\/wp\/v2\/categories?post=4249"},{"taxonomy":"post_tag","embeddable":true,"href":"https:\/\/www.proinca.es\/madridfansblog\/wp-json\/wp\/v2\/tags?post=4249"}],"curies":[{"name":"wp","href":"https:\/\/api.w.org\/{rel}","templated":true}]}}