{"id":4382,"date":"2016-05-19T17:41:08","date_gmt":"2016-05-19T15:41:08","guid":{"rendered":"http:\/\/www.proinca.es\/madridfansblog\/?p=4382"},"modified":"2025-05-28T15:54:41","modified_gmt":"2025-05-28T13:54:41","slug":"colegio-de-arquitectos-de-madrid-un-nuevo-referente-de-diseno-y-cocina-italiana","status":"publish","type":"post","link":"https:\/\/www.proinca.es\/madridfansblog\/colegio-de-arquitectos-de-madrid-un-nuevo-referente-de-diseno-y-cocina-italiana\/","title":{"rendered":"COLEGIO DE ARQUITECTOS DE MADRID: UN NUEVO REFERENTE DE DISE\u00d1O Y COCINA ITALIANA"},"content":{"rendered":"<p>Como muchas veces os hemos advertido, lo mejor para conocer <strong>Madrid,<\/strong> es dejarse llevar por sus callejuelas, sin rumbo aparente, descubriendo comercios, caf\u00e9s, museos<!--more--> y un sinf\u00edn de rincones \u00fanicos a los que, sin duda, uno vuelve.<\/p>\n<p>Esa es precisamente la maravillosa forma en la que descubrimos, sin quererlo, el nuevo edificio sede del <strong>Colegio Oficial de Arquitectos de Madrid<\/strong>, en el 63 de la m\u00edtica calle Hortaleza.<\/p>\n<p>El inmueble, levantado donde antes estaban las Escuelas P\u00edas de San Ant\u00f3n, llama la atenci\u00f3n por fuera y enamora por dentro. Una estructura totalmente acristalada, con un gran espacio verde en su interior, una sala de exposiciones abierta al p\u00fablico e incluso un gimnasio con piscina cubierta en lo m\u00e1s alto del edificio hacen de este lugar un verdadero deleite para los sentidos de quienes aman la vanguardia, la sencillez, la practicidad y ese gusto por hacer del rudo coraz\u00f3n urbano un lugar m\u00e1s habitable.<\/p>\n<p>El magn\u00edfico restaurante que alberga en su interior y la agenda cultural son otros dos de los platos fuertes de la sede del COAM en <strong>Madrid<\/strong>, obra del arquitecto Gonzalo Moure (ganador del concurso de ideas convocado para la construcci\u00f3n de la sede) e inaugurada en 2012 con la pretensi\u00f3n de convertir este lugar en un aut\u00e9ntico epicentro de ideas y tendencias en torno a la arquitectura, siempre abierto a la ciudadan\u00eda madrile\u00f1a.<\/p>\n<p>Como hemos comentado, uno de los mayores reclamos de estas dependencias es la propuesta culinaria que alberga en su interior, al que acuden trabajadores de la zona, turistas y curiosos. Bosco de Lobos, el restaurante italiano del <strong>Colegio de Arquitectos de Madrid<\/strong>, cuenta con una maravillosa terraza que muchos han querido disfrutar hasta la fecha y goza de una luminosidad casi inaudita para un restaurante de la zona, adem\u00e1s de una carta a base de especialidades italianas que no deja indiferente a los amantes de la gastronom\u00eda mediterr\u00e1nea.<\/p>\n<p>Informaci\u00f3n patrocinada por\u00a0<strong><a title=\"Proinca apartamentos de alquiler en Madrid\" href=\"http:\/\/www.proinca.es\" target=\"_blank\" rel=\"noopener\">Proinca: Apartamentos de alquiler en Madrid<\/a><\/strong><\/p>\n<p>Foto de Daniel McCullough en Unsplash<\/p>\n<p>&nbsp;<\/p>\n\n\n<div class=\"kk-star-ratings kksr-auto kksr-align-left kksr-valign-bottom\"\n    data-payload='{&quot;align&quot;:&quot;left&quot;,&quot;id&quot;:&quot;4382&quot;,&quot;slug&quot;:&quot;default&quot;,&quot;valign&quot;:&quot;bottom&quot;,&quot;ignore&quot;:&quot;&quot;,&quot;reference&quot;:&quot;auto&quot;,&quot;class&quot;:&quot;&quot;,&quot;count&quot;:&quot;0&quot;,&quot;legendonly&quot;:&quot;&quot;,&quot;readonly&quot;:&quot;&quot;,&quot;score&quot;:&quot;0&quot;,&quot;starsonly&quot;:&quot;&quot;,&quot;best&quot;:&quot;5&quot;,&quot;gap&quot;:&quot;1&quot;,&quot;greet&quot;:&quot;Valora este art\u00edculo&quot;,&quot;legend&quot;:&quot;0\\\/5 - (0 votos)&quot;,&quot;size&quot;:&quot;24&quot;,&quot;title&quot;:&quot;COLEGIO DE ARQUITECTOS DE MADRID: UN NUEVO REFERENTE DE DISE\u00d1O Y COCINA ITALIANA&quot;,&quot;width&quot;:&quot;0&quot;,&quot;_legend&quot;:&quot;{score}\\\/{best} - ({count} {votes})&quot;,&quot;font_factor&quot;:&quot;1.25&quot;}'>\n            \n<div class=\"kksr-stars\">\n    \n<div class=\"kksr-stars-inactive\">\n            <div class=\"kksr-star\" data-star=\"1\" style=\"padding-right: 1px\">\n            \n\n<div class=\"kksr-icon\" style=\"width: 24px; height: 24px;\"><\/div>\n        <\/div>\n            <div class=\"kksr-star\" data-star=\"2\" style=\"padding-right: 1px\">\n            \n\n<div class=\"kksr-icon\" style=\"width: 24px; height: 24px;\"><\/div>\n        <\/div>\n            <div class=\"kksr-star\" data-star=\"3\" style=\"padding-right: 1px\">\n            \n\n<div class=\"kksr-icon\" style=\"width: 24px; height: 24px;\"><\/div>\n        <\/div>\n            <div class=\"kksr-star\" data-star=\"4\" style=\"padding-right: 1px\">\n            \n\n<div class=\"kksr-icon\" style=\"width: 24px; height: 24px;\"><\/div>\n        <\/div>\n            <div class=\"kksr-star\" data-star=\"5\" style=\"padding-right: 1px\">\n            \n\n<div class=\"kksr-icon\" style=\"width: 24px; height: 24px;\"><\/div>\n        <\/div>\n    <\/div>\n    \n<div class=\"kksr-stars-active\" style=\"width: 0px;\">\n            <div class=\"kksr-star\" style=\"padding-right: 1px\">\n            \n\n<div class=\"kksr-icon\" style=\"width: 24px; height: 24px;\"><\/div>\n        <\/div>\n            <div class=\"kksr-star\" style=\"padding-right: 1px\">\n            \n\n<div class=\"kksr-icon\" style=\"width: 24px; height: 24px;\"><\/div>\n        <\/div>\n            <div class=\"kksr-star\" style=\"padding-right: 1px\">\n            \n\n<div class=\"kksr-icon\" style=\"width: 24px; height: 24px;\"><\/div>\n        <\/div>\n            <div class=\"kksr-star\" style=\"padding-right: 1px\">\n            \n\n<div class=\"kksr-icon\" style=\"width: 24px; height: 24px;\"><\/div>\n        <\/div>\n            <div class=\"kksr-star\" style=\"padding-right: 1px\">\n            \n\n<div class=\"kksr-icon\" style=\"width: 24px; height: 24px;\"><\/div>\n        <\/div>\n    <\/div>\n<\/div>\n                \n\n<div class=\"kksr-legend\" style=\"font-size: 19.2px;\">\n            <span class=\"kksr-muted\">Valora este art\u00edculo<\/span>\n    <\/div>\n    <\/div>\n","protected":false},"excerpt":{"rendered":"<p>Como muchas veces os hemos advertido, lo mejor para conocer  [&#8230;]<\/p>\n","protected":false},"author":4,"featured_media":7231,"comment_status":"closed","ping_status":"closed","sticky":false,"template":"","format":"standard","meta":{"footnotes":""},"categories":[79],"tags":[38,31,46],"class_list":["post-4382","post","type-post","status-publish","format-standard","has-post-thumbnail","hentry","category-vivir-madrid","tag-arquitectura","tag-restaurantes","tag-terrazas"],"yoast_head":"<!-- This site is optimized with the Yoast SEO plugin v27.4 - https:\/\/yoast.com\/product\/yoast-seo-wordpress\/ -->\n<title>Colegio de Arquitectos de Madrid<\/title>\n<meta name=\"description\" content=\"El Colegio de Arquitectos de Madrid, obra del arquitecto Gonzalo Moure, llama la atenci\u00f3n por fuera y enamora por dentro.Por MadridFansblog\" \/>\n<meta name=\"robots\" content=\"index, follow, max-snippet:-1, max-image-preview:large, max-video-preview:-1\" \/>\n<link rel=\"canonical\" href=\"https:\/\/www.proinca.es\/madridfansblog\/colegio-de-arquitectos-de-madrid-un-nuevo-referente-de-diseno-y-cocina-italiana\/\" \/>\n<meta property=\"og:locale\" content=\"es_ES\" \/>\n<meta property=\"og:type\" content=\"article\" \/>\n<meta property=\"og:title\" content=\"Colegio de Arquitectos de Madrid\" \/>\n<meta property=\"og:description\" content=\"El Colegio de Arquitectos de Madrid, obra del arquitecto Gonzalo Moure, llama la atenci\u00f3n por fuera y enamora por dentro.Por MadridFansblog\" \/>\n<meta property=\"og:url\" content=\"https:\/\/www.proinca.es\/madridfansblog\/colegio-de-arquitectos-de-madrid-un-nuevo-referente-de-diseno-y-cocina-italiana\/\" \/>\n<meta property=\"og:site_name\" content=\"Blog Proinca Madrid\" \/>\n<meta property=\"article:published_time\" content=\"2016-05-19T15:41:08+00:00\" \/>\n<meta property=\"article:modified_time\" content=\"2025-05-28T13:54:41+00:00\" \/>\n<meta property=\"og:image\" content=\"https:\/\/www.proinca.es\/madridfansblog\/wp-content\/uploads\/2016\/05\/colegio-arquitectos.jpg\" \/>\n\t<meta property=\"og:image:width\" content=\"1000\" \/>\n\t<meta property=\"og:image:height\" content=\"563\" \/>\n\t<meta property=\"og:image:type\" content=\"image\/jpeg\" \/>\n<meta name=\"author\" content=\"Ana Calero\" \/>\n<script type=\"application\/ld+json\" class=\"yoast-schema-graph\">{\"@context\":\"https:\\\/\\\/schema.org\",\"@graph\":[{\"@type\":\"Article\",\"@id\":\"https:\\\/\\\/www.proinca.es\\\/madridfansblog\\\/colegio-de-arquitectos-de-madrid-un-nuevo-referente-de-diseno-y-cocina-italiana\\\/#article\",\"isPartOf\":{\"@id\":\"https:\\\/\\\/www.proinca.es\\\/madridfansblog\\\/colegio-de-arquitectos-de-madrid-un-nuevo-referente-de-diseno-y-cocina-italiana\\\/\"},\"author\":{\"name\":\"Ana Calero\",\"@id\":\"https:\\\/\\\/www.proinca.es\\\/madridfansblog\\\/#\\\/schema\\\/person\\\/8401adc89c0a0f5a3574c43326247f1e\"},\"headline\":\"COLEGIO DE ARQUITECTOS DE MADRID: UN NUEVO REFERENTE DE DISE\u00d1O Y COCINA ITALIANA\",\"datePublished\":\"2016-05-19T15:41:08+00:00\",\"dateModified\":\"2025-05-28T13:54:41+00:00\",\"mainEntityOfPage\":{\"@id\":\"https:\\\/\\\/www.proinca.es\\\/madridfansblog\\\/colegio-de-arquitectos-de-madrid-un-nuevo-referente-de-diseno-y-cocina-italiana\\\/\"},\"wordCount\":362,\"publisher\":{\"@id\":\"https:\\\/\\\/www.proinca.es\\\/madridfansblog\\\/#organization\"},\"image\":{\"@id\":\"https:\\\/\\\/www.proinca.es\\\/madridfansblog\\\/colegio-de-arquitectos-de-madrid-un-nuevo-referente-de-diseno-y-cocina-italiana\\\/#primaryimage\"},\"thumbnailUrl\":\"https:\\\/\\\/www.proinca.es\\\/madridfansblog\\\/wp-content\\\/uploads\\\/2016\\\/05\\\/colegio-arquitectos.jpg\",\"keywords\":[\"Arquitectura\",\"Restaurantes\",\"Terrazas\"],\"articleSection\":[\"VIVIR MADRID\"],\"inLanguage\":\"es\"},{\"@type\":\"WebPage\",\"@id\":\"https:\\\/\\\/www.proinca.es\\\/madridfansblog\\\/colegio-de-arquitectos-de-madrid-un-nuevo-referente-de-diseno-y-cocina-italiana\\\/\",\"url\":\"https:\\\/\\\/www.proinca.es\\\/madridfansblog\\\/colegio-de-arquitectos-de-madrid-un-nuevo-referente-de-diseno-y-cocina-italiana\\\/\",\"name\":\"Colegio de Arquitectos de Madrid\",\"isPartOf\":{\"@id\":\"https:\\\/\\\/www.proinca.es\\\/madridfansblog\\\/#website\"},\"primaryImageOfPage\":{\"@id\":\"https:\\\/\\\/www.proinca.es\\\/madridfansblog\\\/colegio-de-arquitectos-de-madrid-un-nuevo-referente-de-diseno-y-cocina-italiana\\\/#primaryimage\"},\"image\":{\"@id\":\"https:\\\/\\\/www.proinca.es\\\/madridfansblog\\\/colegio-de-arquitectos-de-madrid-un-nuevo-referente-de-diseno-y-cocina-italiana\\\/#primaryimage\"},\"thumbnailUrl\":\"https:\\\/\\\/www.proinca.es\\\/madridfansblog\\\/wp-content\\\/uploads\\\/2016\\\/05\\\/colegio-arquitectos.jpg\",\"datePublished\":\"2016-05-19T15:41:08+00:00\",\"dateModified\":\"2025-05-28T13:54:41+00:00\",\"description\":\"El Colegio de Arquitectos de Madrid, obra del arquitecto Gonzalo Moure, llama la atenci\u00f3n por fuera y enamora por dentro.Por MadridFansblog\",\"inLanguage\":\"es\",\"potentialAction\":[{\"@type\":\"ReadAction\",\"target\":[\"https:\\\/\\\/www.proinca.es\\\/madridfansblog\\\/colegio-de-arquitectos-de-madrid-un-nuevo-referente-de-diseno-y-cocina-italiana\\\/\"]}]},{\"@type\":\"ImageObject\",\"inLanguage\":\"es\",\"@id\":\"https:\\\/\\\/www.proinca.es\\\/madridfansblog\\\/colegio-de-arquitectos-de-madrid-un-nuevo-referente-de-diseno-y-cocina-italiana\\\/#primaryimage\",\"url\":\"https:\\\/\\\/www.proinca.es\\\/madridfansblog\\\/wp-content\\\/uploads\\\/2016\\\/05\\\/colegio-arquitectos.jpg\",\"contentUrl\":\"https:\\\/\\\/www.proinca.es\\\/madridfansblog\\\/wp-content\\\/uploads\\\/2016\\\/05\\\/colegio-arquitectos.jpg\",\"width\":1000,\"height\":563,\"caption\":\"Colegio de arquitectos de Madrid: un nuevo referente de dise\u00f1o y cocina italiana\"},{\"@type\":\"WebSite\",\"@id\":\"https:\\\/\\\/www.proinca.es\\\/madridfansblog\\\/#website\",\"url\":\"https:\\\/\\\/www.proinca.es\\\/madridfansblog\\\/\",\"name\":\"Madrid Fans Blog Proinca\",\"description\":\"Pisos y apartamentos de alquiler en Madrid\",\"publisher\":{\"@id\":\"https:\\\/\\\/www.proinca.es\\\/madridfansblog\\\/#organization\"},\"potentialAction\":[{\"@type\":\"SearchAction\",\"target\":{\"@type\":\"EntryPoint\",\"urlTemplate\":\"https:\\\/\\\/www.proinca.es\\\/madridfansblog\\\/?s={search_term_string}\"},\"query-input\":{\"@type\":\"PropertyValueSpecification\",\"valueRequired\":true,\"valueName\":\"search_term_string\"}}],\"inLanguage\":\"es\"},{\"@type\":\"Organization\",\"@id\":\"https:\\\/\\\/www.proinca.es\\\/madridfansblog\\\/#organization\",\"name\":\"Proinca\",\"url\":\"https:\\\/\\\/www.proinca.es\\\/madridfansblog\\\/\",\"logo\":{\"@type\":\"ImageObject\",\"inLanguage\":\"es\",\"@id\":\"https:\\\/\\\/www.proinca.es\\\/madridfansblog\\\/#\\\/schema\\\/logo\\\/image\\\/\",\"url\":\"https:\\\/\\\/www.proinca.es\\\/madridfansblog\\\/wp-content\\\/uploads\\\/2022\\\/03\\\/logo-proinca.jpg\",\"contentUrl\":\"https:\\\/\\\/www.proinca.es\\\/madridfansblog\\\/wp-content\\\/uploads\\\/2022\\\/03\\\/logo-proinca.jpg\",\"width\":522,\"height\":250,\"caption\":\"Proinca\"},\"image\":{\"@id\":\"https:\\\/\\\/www.proinca.es\\\/madridfansblog\\\/#\\\/schema\\\/logo\\\/image\\\/\"}},{\"@type\":\"Person\",\"@id\":\"https:\\\/\\\/www.proinca.es\\\/madridfansblog\\\/#\\\/schema\\\/person\\\/8401adc89c0a0f5a3574c43326247f1e\",\"name\":\"Ana Calero\",\"image\":{\"@type\":\"ImageObject\",\"inLanguage\":\"es\",\"@id\":\"https:\\\/\\\/www.proinca.es\\\/madridfansblog\\\/wp-content\\\/litespeed\\\/avatar\\\/ef51b25c0718910f475570320941ef46.jpg?ver=1777379772\",\"url\":\"https:\\\/\\\/www.proinca.es\\\/madridfansblog\\\/wp-content\\\/litespeed\\\/avatar\\\/ef51b25c0718910f475570320941ef46.jpg?ver=1777379772\",\"contentUrl\":\"https:\\\/\\\/www.proinca.es\\\/madridfansblog\\\/wp-content\\\/litespeed\\\/avatar\\\/ef51b25c0718910f475570320941ef46.jpg?ver=1777379772\",\"caption\":\"Ana Calero\"},\"description\":\"Licenciada en Ciencias Empresariales por la Universidad Aut\u00f3noma de Madrid. Forma parte del equipo de Apartamentos Proinca y es una enamorada de Madrid\",\"sameAs\":[\"https:\\\/\\\/www.proinca.es\\\/madridfansblog\\\/ana-calero\\\/\"]}]}<\/script>\n<!-- \/ Yoast SEO plugin. -->","yoast_head_json":{"title":"Colegio de Arquitectos de Madrid","description":"El Colegio de Arquitectos de Madrid, obra del arquitecto Gonzalo Moure, llama la atenci\u00f3n por fuera y enamora por dentro.Por MadridFansblog","robots":{"index":"index","follow":"follow","max-snippet":"max-snippet:-1","max-image-preview":"max-image-preview:large","max-video-preview":"max-video-preview:-1"},"canonical":"https:\/\/www.proinca.es\/madridfansblog\/colegio-de-arquitectos-de-madrid-un-nuevo-referente-de-diseno-y-cocina-italiana\/","og_locale":"es_ES","og_type":"article","og_title":"Colegio de Arquitectos de Madrid","og_description":"El Colegio de Arquitectos de Madrid, obra del arquitecto Gonzalo Moure, llama la atenci\u00f3n por fuera y enamora por dentro.Por MadridFansblog","og_url":"https:\/\/www.proinca.es\/madridfansblog\/colegio-de-arquitectos-de-madrid-un-nuevo-referente-de-diseno-y-cocina-italiana\/","og_site_name":"Blog Proinca Madrid","article_published_time":"2016-05-19T15:41:08+00:00","article_modified_time":"2025-05-28T13:54:41+00:00","og_image":[{"width":1000,"height":563,"url":"https:\/\/www.proinca.es\/madridfansblog\/wp-content\/uploads\/2016\/05\/colegio-arquitectos.jpg","type":"image\/jpeg"}],"author":"Ana Calero","schema":{"@context":"https:\/\/schema.org","@graph":[{"@type":"Article","@id":"https:\/\/www.proinca.es\/madridfansblog\/colegio-de-arquitectos-de-madrid-un-nuevo-referente-de-diseno-y-cocina-italiana\/#article","isPartOf":{"@id":"https:\/\/www.proinca.es\/madridfansblog\/colegio-de-arquitectos-de-madrid-un-nuevo-referente-de-diseno-y-cocina-italiana\/"},"author":{"name":"Ana Calero","@id":"https:\/\/www.proinca.es\/madridfansblog\/#\/schema\/person\/8401adc89c0a0f5a3574c43326247f1e"},"headline":"COLEGIO DE ARQUITECTOS DE MADRID: UN NUEVO REFERENTE DE DISE\u00d1O Y COCINA ITALIANA","datePublished":"2016-05-19T15:41:08+00:00","dateModified":"2025-05-28T13:54:41+00:00","mainEntityOfPage":{"@id":"https:\/\/www.proinca.es\/madridfansblog\/colegio-de-arquitectos-de-madrid-un-nuevo-referente-de-diseno-y-cocina-italiana\/"},"wordCount":362,"publisher":{"@id":"https:\/\/www.proinca.es\/madridfansblog\/#organization"},"image":{"@id":"https:\/\/www.proinca.es\/madridfansblog\/colegio-de-arquitectos-de-madrid-un-nuevo-referente-de-diseno-y-cocina-italiana\/#primaryimage"},"thumbnailUrl":"https:\/\/www.proinca.es\/madridfansblog\/wp-content\/uploads\/2016\/05\/colegio-arquitectos.jpg","keywords":["Arquitectura","Restaurantes","Terrazas"],"articleSection":["VIVIR MADRID"],"inLanguage":"es"},{"@type":"WebPage","@id":"https:\/\/www.proinca.es\/madridfansblog\/colegio-de-arquitectos-de-madrid-un-nuevo-referente-de-diseno-y-cocina-italiana\/","url":"https:\/\/www.proinca.es\/madridfansblog\/colegio-de-arquitectos-de-madrid-un-nuevo-referente-de-diseno-y-cocina-italiana\/","name":"Colegio de Arquitectos de Madrid","isPartOf":{"@id":"https:\/\/www.proinca.es\/madridfansblog\/#website"},"primaryImageOfPage":{"@id":"https:\/\/www.proinca.es\/madridfansblog\/colegio-de-arquitectos-de-madrid-un-nuevo-referente-de-diseno-y-cocina-italiana\/#primaryimage"},"image":{"@id":"https:\/\/www.proinca.es\/madridfansblog\/colegio-de-arquitectos-de-madrid-un-nuevo-referente-de-diseno-y-cocina-italiana\/#primaryimage"},"thumbnailUrl":"https:\/\/www.proinca.es\/madridfansblog\/wp-content\/uploads\/2016\/05\/colegio-arquitectos.jpg","datePublished":"2016-05-19T15:41:08+00:00","dateModified":"2025-05-28T13:54:41+00:00","description":"El Colegio de Arquitectos de Madrid, obra del arquitecto Gonzalo Moure, llama la atenci\u00f3n por fuera y enamora por dentro.Por MadridFansblog","inLanguage":"es","potentialAction":[{"@type":"ReadAction","target":["https:\/\/www.proinca.es\/madridfansblog\/colegio-de-arquitectos-de-madrid-un-nuevo-referente-de-diseno-y-cocina-italiana\/"]}]},{"@type":"ImageObject","inLanguage":"es","@id":"https:\/\/www.proinca.es\/madridfansblog\/colegio-de-arquitectos-de-madrid-un-nuevo-referente-de-diseno-y-cocina-italiana\/#primaryimage","url":"https:\/\/www.proinca.es\/madridfansblog\/wp-content\/uploads\/2016\/05\/colegio-arquitectos.jpg","contentUrl":"https:\/\/www.proinca.es\/madridfansblog\/wp-content\/uploads\/2016\/05\/colegio-arquitectos.jpg","width":1000,"height":563,"caption":"Colegio de arquitectos de Madrid: un nuevo referente de dise\u00f1o y cocina italiana"},{"@type":"WebSite","@id":"https:\/\/www.proinca.es\/madridfansblog\/#website","url":"https:\/\/www.proinca.es\/madridfansblog\/","name":"Madrid Fans Blog Proinca","description":"Pisos y apartamentos de alquiler en Madrid","publisher":{"@id":"https:\/\/www.proinca.es\/madridfansblog\/#organization"},"potentialAction":[{"@type":"SearchAction","target":{"@type":"EntryPoint","urlTemplate":"https:\/\/www.proinca.es\/madridfansblog\/?s={search_term_string}"},"query-input":{"@type":"PropertyValueSpecification","valueRequired":true,"valueName":"search_term_string"}}],"inLanguage":"es"},{"@type":"Organization","@id":"https:\/\/www.proinca.es\/madridfansblog\/#organization","name":"Proinca","url":"https:\/\/www.proinca.es\/madridfansblog\/","logo":{"@type":"ImageObject","inLanguage":"es","@id":"https:\/\/www.proinca.es\/madridfansblog\/#\/schema\/logo\/image\/","url":"https:\/\/www.proinca.es\/madridfansblog\/wp-content\/uploads\/2022\/03\/logo-proinca.jpg","contentUrl":"https:\/\/www.proinca.es\/madridfansblog\/wp-content\/uploads\/2022\/03\/logo-proinca.jpg","width":522,"height":250,"caption":"Proinca"},"image":{"@id":"https:\/\/www.proinca.es\/madridfansblog\/#\/schema\/logo\/image\/"}},{"@type":"Person","@id":"https:\/\/www.proinca.es\/madridfansblog\/#\/schema\/person\/8401adc89c0a0f5a3574c43326247f1e","name":"Ana Calero","image":{"@type":"ImageObject","inLanguage":"es","@id":"https:\/\/www.proinca.es\/madridfansblog\/wp-content\/litespeed\/avatar\/ef51b25c0718910f475570320941ef46.jpg?ver=1777379772","url":"https:\/\/www.proinca.es\/madridfansblog\/wp-content\/litespeed\/avatar\/ef51b25c0718910f475570320941ef46.jpg?ver=1777379772","contentUrl":"https:\/\/www.proinca.es\/madridfansblog\/wp-content\/litespeed\/avatar\/ef51b25c0718910f475570320941ef46.jpg?ver=1777379772","caption":"Ana Calero"},"description":"Licenciada en Ciencias Empresariales por la Universidad Aut\u00f3noma de Madrid. Forma parte del equipo de Apartamentos Proinca y es una enamorada de Madrid","sameAs":["https:\/\/www.proinca.es\/madridfansblog\/ana-calero\/"]}]}},"_links":{"self":[{"href":"https:\/\/www.proinca.es\/madridfansblog\/wp-json\/wp\/v2\/posts\/4382","targetHints":{"allow":["GET"]}}],"collection":[{"href":"https:\/\/www.proinca.es\/madridfansblog\/wp-json\/wp\/v2\/posts"}],"about":[{"href":"https:\/\/www.proinca.es\/madridfansblog\/wp-json\/wp\/v2\/types\/post"}],"author":[{"embeddable":true,"href":"https:\/\/www.proinca.es\/madridfansblog\/wp-json\/wp\/v2\/users\/4"}],"replies":[{"embeddable":true,"href":"https:\/\/www.proinca.es\/madridfansblog\/wp-json\/wp\/v2\/comments?post=4382"}],"version-history":[{"count":20,"href":"https:\/\/www.proinca.es\/madridfansblog\/wp-json\/wp\/v2\/posts\/4382\/revisions"}],"predecessor-version":[{"id":7480,"href":"https:\/\/www.proinca.es\/madridfansblog\/wp-json\/wp\/v2\/posts\/4382\/revisions\/7480"}],"wp:featuredmedia":[{"embeddable":true,"href":"https:\/\/www.proinca.es\/madridfansblog\/wp-json\/wp\/v2\/media\/7231"}],"wp:attachment":[{"href":"https:\/\/www.proinca.es\/madridfansblog\/wp-json\/wp\/v2\/media?parent=4382"}],"wp:term":[{"taxonomy":"category","embeddable":true,"href":"https:\/\/www.proinca.es\/madridfansblog\/wp-json\/wp\/v2\/categories?post=4382"},{"taxonomy":"post_tag","embeddable":true,"href":"https:\/\/www.proinca.es\/madridfansblog\/wp-json\/wp\/v2\/tags?post=4382"}],"curies":[{"name":"wp","href":"https:\/\/api.w.org\/{rel}","templated":true}]}}