{"id":4404,"date":"2016-05-27T18:04:53","date_gmt":"2016-05-27T16:04:53","guid":{"rendered":"http:\/\/www.proinca.es\/madridfansblog\/?p=4404"},"modified":"2025-05-28T15:54:45","modified_gmt":"2025-05-28T13:54:45","slug":"preparate-para-un-verano-de-musica-en-madrid","status":"publish","type":"post","link":"https:\/\/www.proinca.es\/madridfansblog\/preparate-para-un-verano-de-musica-en-madrid\/","title":{"rendered":"PREP\u00c1RATE PARA UN VERANO DE M\u00daSICA EN MADRID"},"content":{"rendered":"<p>\u00a1Qui\u00e9n dijo que <strong>Madrid<\/strong> resultaba aburrido en<strong> verano<\/strong>!<!--more--><\/p>\n<p>El periodo estival es uno de nuestros favoritos. No solo porque disminuye considerablemente el n\u00famero personas y veh\u00edculos rodados que transitan por la calle, sino porque podemos disfrutar del cine, los restaurantes de moda y el teatro sin colas ni problemas de disponibilidad. Pero sobre todo nos gusta <strong>Madrid en verano<\/strong> por la oferta musical que brinda a quienes nos quedamos en el interior.<\/p>\n<p>Este a\u00f1o, sin ir m\u00e1s lejos, contamos con una agenda de lo m\u00e1s variada que comienza con el <strong>Mad Cool Festival 2016<\/strong> el jueves 16 del pr\u00f3ximo mes de junio. The Who, Neil Young, The Prodigy, Vetusta Morla o Lori Meyers son algunos de los solistas y grupos que sonar\u00e1n en la Caja M\u00e1gica en el Mad Cool \u00bfAcaso hay mejor manera de inaugurar el <strong>verano<\/strong>?<\/p>\n<p>Al anterior le sigue muy de cerca el <strong>Madrid Music City 2016<\/strong>, el 25 de junio, D\u00eda Europeo de la M\u00fasica, en el Matadero de Madrid. Molotov Jukebox o Imelda May aparecen en el cartel hasta ahora confirmado de esta cita musical que se enmarca dentro de un festival mucho m\u00e1s potente, con mucho cine, encuentros, etc.<\/p>\n<p>El <strong>Clazz Continental Latin Jazz 2016<\/strong> se prolongar\u00e1 del 25 al 26 de junio en los Teatros del Canal y se estrenar\u00e1 con un programa doble a cargo de los dos \u00faltimos Premios Nacionales de las M\u00fasicas Actuales, Carmen Par\u00eds (2014) y Jorge Pardo (2015), entre otros.<\/p>\n<p><strong>A Summer Story 2016<\/strong>, m\u00fasica electr\u00f3nica y djs del 24 al 25 de junio; <strong>The Rock Festival<\/strong>, el s\u00e1bado 25 de junio tambi\u00e9n, y el <strong>MulaFest<\/strong>, del 24 al 26 del mismo mes, engrosan una jugosa lista de eventos para todo tipo de p\u00fablicos que convierten el inicio del verano en uno de los m\u00e1s fren\u00e9ticos vividos en la ciudad musicalmente hablando.<\/p>\n<p>El 27 de junio comienzan tambi\u00e9n las maravillosas <strong>Noches del Bot\u00e1nico<\/strong>. Como se\u00f1alan sus propios organizadores: \u201c<strong>m\u00fasica<\/strong> de calidad en un ambiente \u00fanico, el Real Jard\u00edn Bot\u00e1nico Alfonso XIII\u201d, en pleno coraz\u00f3n de <strong>Madrid<\/strong>. Y dando paso al mes de julio,<strong> Cultura Inquieta 2016<\/strong>, un mix de flamenco, pop y m\u00fasica \u00e9tnica al que dar\u00e1n vida artistas como Estopa, Enrique Iglesias, David Bisbal, Muchachito o el violinista Ara Malikian en el Polideportivo de San Isidro de Getafe.<\/p>\n<p><strong>Universal Music Festival 2016<\/strong> se encargar\u00e1 de que no falte la m\u00fasica en todo el mes de julio gracias a un cartel con citas m\u00e1s que recomendables para su segunda edici\u00f3n en el Teatro Real. Nombres como Ron Steward o Bumbury lo dicen todo.<\/p>\n<p>Y cerrando la temporada festivalera de verano, uno de los grandes: <strong>Dcode Festival 2016<\/strong>, en el Campus de la Universidad Complutense de <strong>Madrid<\/strong> el s\u00e1bado 10 de septiembre.<\/p>\n<p>Sin embargo, <strong>Madrid en verano<\/strong> no se limita a los festivales de<strong> m\u00fasic<\/strong>a. La ciudad acoger\u00e1 durante los pr\u00f3ximos meses las actuaciones de cantantes imprescindibles como Andr\u00e9s Calamaro, Miguel Poveda o Raphael.<\/p>\n<p>&nbsp;<\/p>\n<p>\u00bfEst\u00e1s preparado? Pues coge aliento\u2026<\/p>\n<p>&nbsp;<\/p>\n<p>Informaci\u00f3n patrocinada por\u00a0<strong><a title=\"Proinca apartamentos de alquiler en Madrid\" href=\"http:\/\/www.proinca.es\" target=\"_blank\" rel=\"noopener\">Proinca: Apartamentos de alquiler en Madrid<\/a><\/strong><\/p>\n\n\n<div class=\"kk-star-ratings kksr-auto kksr-align-left kksr-valign-bottom\"\n    data-payload='{&quot;align&quot;:&quot;left&quot;,&quot;id&quot;:&quot;4404&quot;,&quot;slug&quot;:&quot;default&quot;,&quot;valign&quot;:&quot;bottom&quot;,&quot;ignore&quot;:&quot;&quot;,&quot;reference&quot;:&quot;auto&quot;,&quot;class&quot;:&quot;&quot;,&quot;count&quot;:&quot;0&quot;,&quot;legendonly&quot;:&quot;&quot;,&quot;readonly&quot;:&quot;&quot;,&quot;score&quot;:&quot;0&quot;,&quot;starsonly&quot;:&quot;&quot;,&quot;best&quot;:&quot;5&quot;,&quot;gap&quot;:&quot;1&quot;,&quot;greet&quot;:&quot;Valora este art\u00edculo&quot;,&quot;legend&quot;:&quot;0\\\/5 - (0 votos)&quot;,&quot;size&quot;:&quot;24&quot;,&quot;title&quot;:&quot;PREP\u00c1RATE PARA UN VERANO DE M\u00daSICA EN MADRID&quot;,&quot;width&quot;:&quot;0&quot;,&quot;_legend&quot;:&quot;{score}\\\/{best} - ({count} {votes})&quot;,&quot;font_factor&quot;:&quot;1.25&quot;}'>\n            \n<div class=\"kksr-stars\">\n    \n<div class=\"kksr-stars-inactive\">\n            <div class=\"kksr-star\" data-star=\"1\" style=\"padding-right: 1px\">\n            \n\n<div class=\"kksr-icon\" style=\"width: 24px; height: 24px;\"><\/div>\n        <\/div>\n            <div class=\"kksr-star\" data-star=\"2\" style=\"padding-right: 1px\">\n            \n\n<div class=\"kksr-icon\" style=\"width: 24px; height: 24px;\"><\/div>\n        <\/div>\n            <div class=\"kksr-star\" data-star=\"3\" style=\"padding-right: 1px\">\n            \n\n<div class=\"kksr-icon\" style=\"width: 24px; height: 24px;\"><\/div>\n        <\/div>\n            <div class=\"kksr-star\" data-star=\"4\" style=\"padding-right: 1px\">\n            \n\n<div class=\"kksr-icon\" style=\"width: 24px; height: 24px;\"><\/div>\n        <\/div>\n            <div class=\"kksr-star\" data-star=\"5\" style=\"padding-right: 1px\">\n            \n\n<div class=\"kksr-icon\" style=\"width: 24px; height: 24px;\"><\/div>\n        <\/div>\n    <\/div>\n    \n<div class=\"kksr-stars-active\" style=\"width: 0px;\">\n            <div class=\"kksr-star\" style=\"padding-right: 1px\">\n            \n\n<div class=\"kksr-icon\" style=\"width: 24px; height: 24px;\"><\/div>\n        <\/div>\n            <div class=\"kksr-star\" style=\"padding-right: 1px\">\n            \n\n<div class=\"kksr-icon\" style=\"width: 24px; height: 24px;\"><\/div>\n        <\/div>\n            <div class=\"kksr-star\" style=\"padding-right: 1px\">\n            \n\n<div class=\"kksr-icon\" style=\"width: 24px; height: 24px;\"><\/div>\n        <\/div>\n            <div class=\"kksr-star\" style=\"padding-right: 1px\">\n            \n\n<div class=\"kksr-icon\" style=\"width: 24px; height: 24px;\"><\/div>\n        <\/div>\n            <div class=\"kksr-star\" style=\"padding-right: 1px\">\n            \n\n<div class=\"kksr-icon\" style=\"width: 24px; height: 24px;\"><\/div>\n        <\/div>\n    <\/div>\n<\/div>\n                \n\n<div class=\"kksr-legend\" style=\"font-size: 19.2px;\">\n            <span class=\"kksr-muted\">Valora este art\u00edculo<\/span>\n    <\/div>\n    <\/div>\n","protected":false},"excerpt":{"rendered":"<p>\u00a1Qui\u00e9n dijo que Madrid resultaba aburrido en verano!<\/p>\n","protected":false},"author":4,"featured_media":4407,"comment_status":"closed","ping_status":"closed","sticky":false,"template":"","format":"standard","meta":{"footnotes":""},"categories":[79],"tags":[70,5,71],"class_list":["post-4404","post","type-post","status-publish","format-standard","has-post-thumbnail","hentry","category-vivir-madrid","tag-festivales","tag-madrid","tag-musica"],"yoast_head":"<!-- This site is optimized with the Yoast SEO plugin v27.4 - https:\/\/yoast.com\/product\/yoast-seo-wordpress\/ -->\n<title>Preparate para un verano de m\u00fasica Madrid<\/title>\n<meta name=\"description\" content=\"El verano en Madrid nos gusta por la oferta musical que nos brinda, una agenda de lo mas variada entre festivales y actuaciones de cantantes.Por MadridFansblog\" \/>\n<meta name=\"robots\" content=\"index, follow, max-snippet:-1, max-image-preview:large, max-video-preview:-1\" \/>\n<link rel=\"canonical\" href=\"https:\/\/www.proinca.es\/madridfansblog\/preparate-para-un-verano-de-musica-en-madrid\/\" \/>\n<meta property=\"og:locale\" content=\"es_ES\" \/>\n<meta property=\"og:type\" content=\"article\" \/>\n<meta property=\"og:title\" content=\"Preparate para un verano de m\u00fasica Madrid\" \/>\n<meta property=\"og:description\" content=\"El verano en Madrid nos gusta por la oferta musical que nos brinda, una agenda de lo mas variada entre festivales y actuaciones de cantantes.Por MadridFansblog\" \/>\n<meta property=\"og:url\" content=\"https:\/\/www.proinca.es\/madridfansblog\/preparate-para-un-verano-de-musica-en-madrid\/\" \/>\n<meta property=\"og:site_name\" content=\"Blog Proinca Madrid\" \/>\n<meta property=\"article:published_time\" content=\"2016-05-27T16:04:53+00:00\" \/>\n<meta property=\"article:modified_time\" content=\"2025-05-28T13:54:45+00:00\" \/>\n<meta property=\"og:image\" content=\"https:\/\/www.proinca.es\/madridfansblog\/wp-content\/uploads\/2016\/05\/proinca_madridfansblog_verano_musica_madrid_1.jpg\" \/>\n\t<meta property=\"og:image:width\" content=\"660\" \/>\n\t<meta property=\"og:image:height\" content=\"335\" \/>\n\t<meta property=\"og:image:type\" content=\"image\/jpeg\" \/>\n<meta name=\"author\" content=\"Ana Calero\" \/>\n<script type=\"application\/ld+json\" class=\"yoast-schema-graph\">{\"@context\":\"https:\\\/\\\/schema.org\",\"@graph\":[{\"@type\":\"Article\",\"@id\":\"https:\\\/\\\/www.proinca.es\\\/madridfansblog\\\/preparate-para-un-verano-de-musica-en-madrid\\\/#article\",\"isPartOf\":{\"@id\":\"https:\\\/\\\/www.proinca.es\\\/madridfansblog\\\/preparate-para-un-verano-de-musica-en-madrid\\\/\"},\"author\":{\"name\":\"Ana Calero\",\"@id\":\"https:\\\/\\\/www.proinca.es\\\/madridfansblog\\\/#\\\/schema\\\/person\\\/8401adc89c0a0f5a3574c43326247f1e\"},\"headline\":\"PREP\u00c1RATE PARA UN VERANO DE M\u00daSICA EN MADRID\",\"datePublished\":\"2016-05-27T16:04:53+00:00\",\"dateModified\":\"2025-05-28T13:54:45+00:00\",\"mainEntityOfPage\":{\"@id\":\"https:\\\/\\\/www.proinca.es\\\/madridfansblog\\\/preparate-para-un-verano-de-musica-en-madrid\\\/\"},\"wordCount\":530,\"publisher\":{\"@id\":\"https:\\\/\\\/www.proinca.es\\\/madridfansblog\\\/#organization\"},\"image\":{\"@id\":\"https:\\\/\\\/www.proinca.es\\\/madridfansblog\\\/preparate-para-un-verano-de-musica-en-madrid\\\/#primaryimage\"},\"thumbnailUrl\":\"https:\\\/\\\/www.proinca.es\\\/madridfansblog\\\/wp-content\\\/uploads\\\/2016\\\/05\\\/proinca_madridfansblog_verano_musica_madrid_1.jpg\",\"keywords\":[\"Festivales\",\"Madrid\",\"M\u00fasica\"],\"articleSection\":[\"VIVIR MADRID\"],\"inLanguage\":\"es\"},{\"@type\":\"WebPage\",\"@id\":\"https:\\\/\\\/www.proinca.es\\\/madridfansblog\\\/preparate-para-un-verano-de-musica-en-madrid\\\/\",\"url\":\"https:\\\/\\\/www.proinca.es\\\/madridfansblog\\\/preparate-para-un-verano-de-musica-en-madrid\\\/\",\"name\":\"Preparate para un verano de m\u00fasica Madrid\",\"isPartOf\":{\"@id\":\"https:\\\/\\\/www.proinca.es\\\/madridfansblog\\\/#website\"},\"primaryImageOfPage\":{\"@id\":\"https:\\\/\\\/www.proinca.es\\\/madridfansblog\\\/preparate-para-un-verano-de-musica-en-madrid\\\/#primaryimage\"},\"image\":{\"@id\":\"https:\\\/\\\/www.proinca.es\\\/madridfansblog\\\/preparate-para-un-verano-de-musica-en-madrid\\\/#primaryimage\"},\"thumbnailUrl\":\"https:\\\/\\\/www.proinca.es\\\/madridfansblog\\\/wp-content\\\/uploads\\\/2016\\\/05\\\/proinca_madridfansblog_verano_musica_madrid_1.jpg\",\"datePublished\":\"2016-05-27T16:04:53+00:00\",\"dateModified\":\"2025-05-28T13:54:45+00:00\",\"description\":\"El verano en Madrid nos gusta por la oferta musical que nos brinda, una agenda de lo mas variada entre festivales y actuaciones de cantantes.Por MadridFansblog\",\"inLanguage\":\"es\",\"potentialAction\":[{\"@type\":\"ReadAction\",\"target\":[\"https:\\\/\\\/www.proinca.es\\\/madridfansblog\\\/preparate-para-un-verano-de-musica-en-madrid\\\/\"]}]},{\"@type\":\"ImageObject\",\"inLanguage\":\"es\",\"@id\":\"https:\\\/\\\/www.proinca.es\\\/madridfansblog\\\/preparate-para-un-verano-de-musica-en-madrid\\\/#primaryimage\",\"url\":\"https:\\\/\\\/www.proinca.es\\\/madridfansblog\\\/wp-content\\\/uploads\\\/2016\\\/05\\\/proinca_madridfansblog_verano_musica_madrid_1.jpg\",\"contentUrl\":\"https:\\\/\\\/www.proinca.es\\\/madridfansblog\\\/wp-content\\\/uploads\\\/2016\\\/05\\\/proinca_madridfansblog_verano_musica_madrid_1.jpg\",\"width\":660,\"height\":335,\"caption\":\"proinca madridfansblog verano musica madrid 1\"},{\"@type\":\"WebSite\",\"@id\":\"https:\\\/\\\/www.proinca.es\\\/madridfansblog\\\/#website\",\"url\":\"https:\\\/\\\/www.proinca.es\\\/madridfansblog\\\/\",\"name\":\"Madrid Fans Blog Proinca\",\"description\":\"Pisos y apartamentos de alquiler en Madrid\",\"publisher\":{\"@id\":\"https:\\\/\\\/www.proinca.es\\\/madridfansblog\\\/#organization\"},\"potentialAction\":[{\"@type\":\"SearchAction\",\"target\":{\"@type\":\"EntryPoint\",\"urlTemplate\":\"https:\\\/\\\/www.proinca.es\\\/madridfansblog\\\/?s={search_term_string}\"},\"query-input\":{\"@type\":\"PropertyValueSpecification\",\"valueRequired\":true,\"valueName\":\"search_term_string\"}}],\"inLanguage\":\"es\"},{\"@type\":\"Organization\",\"@id\":\"https:\\\/\\\/www.proinca.es\\\/madridfansblog\\\/#organization\",\"name\":\"Proinca\",\"url\":\"https:\\\/\\\/www.proinca.es\\\/madridfansblog\\\/\",\"logo\":{\"@type\":\"ImageObject\",\"inLanguage\":\"es\",\"@id\":\"https:\\\/\\\/www.proinca.es\\\/madridfansblog\\\/#\\\/schema\\\/logo\\\/image\\\/\",\"url\":\"https:\\\/\\\/www.proinca.es\\\/madridfansblog\\\/wp-content\\\/uploads\\\/2022\\\/03\\\/logo-proinca.jpg\",\"contentUrl\":\"https:\\\/\\\/www.proinca.es\\\/madridfansblog\\\/wp-content\\\/uploads\\\/2022\\\/03\\\/logo-proinca.jpg\",\"width\":522,\"height\":250,\"caption\":\"Proinca\"},\"image\":{\"@id\":\"https:\\\/\\\/www.proinca.es\\\/madridfansblog\\\/#\\\/schema\\\/logo\\\/image\\\/\"}},{\"@type\":\"Person\",\"@id\":\"https:\\\/\\\/www.proinca.es\\\/madridfansblog\\\/#\\\/schema\\\/person\\\/8401adc89c0a0f5a3574c43326247f1e\",\"name\":\"Ana Calero\",\"image\":{\"@type\":\"ImageObject\",\"inLanguage\":\"es\",\"@id\":\"https:\\\/\\\/www.proinca.es\\\/madridfansblog\\\/wp-content\\\/litespeed\\\/avatar\\\/ef51b25c0718910f475570320941ef46.jpg?ver=1777379772\",\"url\":\"https:\\\/\\\/www.proinca.es\\\/madridfansblog\\\/wp-content\\\/litespeed\\\/avatar\\\/ef51b25c0718910f475570320941ef46.jpg?ver=1777379772\",\"contentUrl\":\"https:\\\/\\\/www.proinca.es\\\/madridfansblog\\\/wp-content\\\/litespeed\\\/avatar\\\/ef51b25c0718910f475570320941ef46.jpg?ver=1777379772\",\"caption\":\"Ana Calero\"},\"description\":\"Licenciada en Ciencias Empresariales por la Universidad Aut\u00f3noma de Madrid. Forma parte del equipo de Apartamentos Proinca y es una enamorada de Madrid\",\"sameAs\":[\"https:\\\/\\\/www.proinca.es\\\/madridfansblog\\\/ana-calero\\\/\"]}]}<\/script>\n<!-- \/ Yoast SEO plugin. -->","yoast_head_json":{"title":"Preparate para un verano de m\u00fasica Madrid","description":"El verano en Madrid nos gusta por la oferta musical que nos brinda, una agenda de lo mas variada entre festivales y actuaciones de cantantes.Por MadridFansblog","robots":{"index":"index","follow":"follow","max-snippet":"max-snippet:-1","max-image-preview":"max-image-preview:large","max-video-preview":"max-video-preview:-1"},"canonical":"https:\/\/www.proinca.es\/madridfansblog\/preparate-para-un-verano-de-musica-en-madrid\/","og_locale":"es_ES","og_type":"article","og_title":"Preparate para un verano de m\u00fasica Madrid","og_description":"El verano en Madrid nos gusta por la oferta musical que nos brinda, una agenda de lo mas variada entre festivales y actuaciones de cantantes.Por MadridFansblog","og_url":"https:\/\/www.proinca.es\/madridfansblog\/preparate-para-un-verano-de-musica-en-madrid\/","og_site_name":"Blog Proinca Madrid","article_published_time":"2016-05-27T16:04:53+00:00","article_modified_time":"2025-05-28T13:54:45+00:00","og_image":[{"width":660,"height":335,"url":"https:\/\/www.proinca.es\/madridfansblog\/wp-content\/uploads\/2016\/05\/proinca_madridfansblog_verano_musica_madrid_1.jpg","type":"image\/jpeg"}],"author":"Ana Calero","schema":{"@context":"https:\/\/schema.org","@graph":[{"@type":"Article","@id":"https:\/\/www.proinca.es\/madridfansblog\/preparate-para-un-verano-de-musica-en-madrid\/#article","isPartOf":{"@id":"https:\/\/www.proinca.es\/madridfansblog\/preparate-para-un-verano-de-musica-en-madrid\/"},"author":{"name":"Ana Calero","@id":"https:\/\/www.proinca.es\/madridfansblog\/#\/schema\/person\/8401adc89c0a0f5a3574c43326247f1e"},"headline":"PREP\u00c1RATE PARA UN VERANO DE M\u00daSICA EN MADRID","datePublished":"2016-05-27T16:04:53+00:00","dateModified":"2025-05-28T13:54:45+00:00","mainEntityOfPage":{"@id":"https:\/\/www.proinca.es\/madridfansblog\/preparate-para-un-verano-de-musica-en-madrid\/"},"wordCount":530,"publisher":{"@id":"https:\/\/www.proinca.es\/madridfansblog\/#organization"},"image":{"@id":"https:\/\/www.proinca.es\/madridfansblog\/preparate-para-un-verano-de-musica-en-madrid\/#primaryimage"},"thumbnailUrl":"https:\/\/www.proinca.es\/madridfansblog\/wp-content\/uploads\/2016\/05\/proinca_madridfansblog_verano_musica_madrid_1.jpg","keywords":["Festivales","Madrid","M\u00fasica"],"articleSection":["VIVIR MADRID"],"inLanguage":"es"},{"@type":"WebPage","@id":"https:\/\/www.proinca.es\/madridfansblog\/preparate-para-un-verano-de-musica-en-madrid\/","url":"https:\/\/www.proinca.es\/madridfansblog\/preparate-para-un-verano-de-musica-en-madrid\/","name":"Preparate para un verano de m\u00fasica Madrid","isPartOf":{"@id":"https:\/\/www.proinca.es\/madridfansblog\/#website"},"primaryImageOfPage":{"@id":"https:\/\/www.proinca.es\/madridfansblog\/preparate-para-un-verano-de-musica-en-madrid\/#primaryimage"},"image":{"@id":"https:\/\/www.proinca.es\/madridfansblog\/preparate-para-un-verano-de-musica-en-madrid\/#primaryimage"},"thumbnailUrl":"https:\/\/www.proinca.es\/madridfansblog\/wp-content\/uploads\/2016\/05\/proinca_madridfansblog_verano_musica_madrid_1.jpg","datePublished":"2016-05-27T16:04:53+00:00","dateModified":"2025-05-28T13:54:45+00:00","description":"El verano en Madrid nos gusta por la oferta musical que nos brinda, una agenda de lo mas variada entre festivales y actuaciones de cantantes.Por MadridFansblog","inLanguage":"es","potentialAction":[{"@type":"ReadAction","target":["https:\/\/www.proinca.es\/madridfansblog\/preparate-para-un-verano-de-musica-en-madrid\/"]}]},{"@type":"ImageObject","inLanguage":"es","@id":"https:\/\/www.proinca.es\/madridfansblog\/preparate-para-un-verano-de-musica-en-madrid\/#primaryimage","url":"https:\/\/www.proinca.es\/madridfansblog\/wp-content\/uploads\/2016\/05\/proinca_madridfansblog_verano_musica_madrid_1.jpg","contentUrl":"https:\/\/www.proinca.es\/madridfansblog\/wp-content\/uploads\/2016\/05\/proinca_madridfansblog_verano_musica_madrid_1.jpg","width":660,"height":335,"caption":"proinca madridfansblog verano musica madrid 1"},{"@type":"WebSite","@id":"https:\/\/www.proinca.es\/madridfansblog\/#website","url":"https:\/\/www.proinca.es\/madridfansblog\/","name":"Madrid Fans Blog Proinca","description":"Pisos y apartamentos de alquiler en Madrid","publisher":{"@id":"https:\/\/www.proinca.es\/madridfansblog\/#organization"},"potentialAction":[{"@type":"SearchAction","target":{"@type":"EntryPoint","urlTemplate":"https:\/\/www.proinca.es\/madridfansblog\/?s={search_term_string}"},"query-input":{"@type":"PropertyValueSpecification","valueRequired":true,"valueName":"search_term_string"}}],"inLanguage":"es"},{"@type":"Organization","@id":"https:\/\/www.proinca.es\/madridfansblog\/#organization","name":"Proinca","url":"https:\/\/www.proinca.es\/madridfansblog\/","logo":{"@type":"ImageObject","inLanguage":"es","@id":"https:\/\/www.proinca.es\/madridfansblog\/#\/schema\/logo\/image\/","url":"https:\/\/www.proinca.es\/madridfansblog\/wp-content\/uploads\/2022\/03\/logo-proinca.jpg","contentUrl":"https:\/\/www.proinca.es\/madridfansblog\/wp-content\/uploads\/2022\/03\/logo-proinca.jpg","width":522,"height":250,"caption":"Proinca"},"image":{"@id":"https:\/\/www.proinca.es\/madridfansblog\/#\/schema\/logo\/image\/"}},{"@type":"Person","@id":"https:\/\/www.proinca.es\/madridfansblog\/#\/schema\/person\/8401adc89c0a0f5a3574c43326247f1e","name":"Ana Calero","image":{"@type":"ImageObject","inLanguage":"es","@id":"https:\/\/www.proinca.es\/madridfansblog\/wp-content\/litespeed\/avatar\/ef51b25c0718910f475570320941ef46.jpg?ver=1777379772","url":"https:\/\/www.proinca.es\/madridfansblog\/wp-content\/litespeed\/avatar\/ef51b25c0718910f475570320941ef46.jpg?ver=1777379772","contentUrl":"https:\/\/www.proinca.es\/madridfansblog\/wp-content\/litespeed\/avatar\/ef51b25c0718910f475570320941ef46.jpg?ver=1777379772","caption":"Ana Calero"},"description":"Licenciada en Ciencias Empresariales por la Universidad Aut\u00f3noma de Madrid. Forma parte del equipo de Apartamentos Proinca y es una enamorada de Madrid","sameAs":["https:\/\/www.proinca.es\/madridfansblog\/ana-calero\/"]}]}},"_links":{"self":[{"href":"https:\/\/www.proinca.es\/madridfansblog\/wp-json\/wp\/v2\/posts\/4404","targetHints":{"allow":["GET"]}}],"collection":[{"href":"https:\/\/www.proinca.es\/madridfansblog\/wp-json\/wp\/v2\/posts"}],"about":[{"href":"https:\/\/www.proinca.es\/madridfansblog\/wp-json\/wp\/v2\/types\/post"}],"author":[{"embeddable":true,"href":"https:\/\/www.proinca.es\/madridfansblog\/wp-json\/wp\/v2\/users\/4"}],"replies":[{"embeddable":true,"href":"https:\/\/www.proinca.es\/madridfansblog\/wp-json\/wp\/v2\/comments?post=4404"}],"version-history":[{"count":27,"href":"https:\/\/www.proinca.es\/madridfansblog\/wp-json\/wp\/v2\/posts\/4404\/revisions"}],"predecessor-version":[{"id":6786,"href":"https:\/\/www.proinca.es\/madridfansblog\/wp-json\/wp\/v2\/posts\/4404\/revisions\/6786"}],"wp:featuredmedia":[{"embeddable":true,"href":"https:\/\/www.proinca.es\/madridfansblog\/wp-json\/wp\/v2\/media\/4407"}],"wp:attachment":[{"href":"https:\/\/www.proinca.es\/madridfansblog\/wp-json\/wp\/v2\/media?parent=4404"}],"wp:term":[{"taxonomy":"category","embeddable":true,"href":"https:\/\/www.proinca.es\/madridfansblog\/wp-json\/wp\/v2\/categories?post=4404"},{"taxonomy":"post_tag","embeddable":true,"href":"https:\/\/www.proinca.es\/madridfansblog\/wp-json\/wp\/v2\/tags?post=4404"}],"curies":[{"name":"wp","href":"https:\/\/api.w.org\/{rel}","templated":true}]}}