{"id":450,"date":"2012-07-20T11:23:15","date_gmt":"2012-07-20T11:23:15","guid":{"rendered":"http:\/\/www.proinca.es\/madridfansblog\/?p=450"},"modified":"2025-05-28T15:34:51","modified_gmt":"2025-05-28T13:34:51","slug":"arte-aire-acondicionado-cultura-para-huir-del-calor","status":"publish","type":"post","link":"https:\/\/www.proinca.es\/madridfansblog\/arte-aire-acondicionado-cultura-para-huir-del-calor\/","title":{"rendered":"ARTE + AIRE ACONDICIONADO: CULTURA PARA HUIR DEL CALOR&#8230;"},"content":{"rendered":"<p>Seamos sinceros, con las abrasantes temperaturas que azotan <strong>Madrid<\/strong> este verano, es posible que m\u00e1s de uno caiga en la tentaci\u00f3n de encerrarse durante semanas en el sal\u00f3n con un ventilador y toneladas de agua bien fr\u00eda. Pero qui\u00e9n se deje atrapar por el sof\u00e1 se estar\u00e1 perdiendo algunas de las mejores y m\u00e1s excitantes <strong>exposiciones de pintura y fotograf\u00eda <\/strong>que iluminan la ciudad durante los meses estivales. <!--more-->La idea de ali\u00f1ar el verano con un poco de <strong>cultura<\/strong> deber\u00eda seducir por s\u00ed misma pero, como argumento definitivo para los m\u00e1s reticentes, a\u00f1adiremos que estas muestras cuentan con potentes sistemas de aire acondicionado en sus instalaciones, por lo que adem\u00e1s de alimentar la mente, refrescan el cuerpo.<\/p>\n<p>Madrid ofrece <strong>exposiciones <\/strong>para todos los gustos. Los amantes de la <strong>fotograf\u00eda <\/strong>deben darse prisa, pues estamos ya en la recta final para disfrutar del impresionante festival <strong>PhotoEspa\u00f1a 2012<\/strong>. Entre las muchas muestras que ofrece este evento, encontramos retratos de intimidad con <strong><em>Aqu\u00ed estamos <\/em>(C\u00edrculo de Bellas Artes)<\/strong>, un recorrido por los \u00faltimos 50 a\u00f1os de <em>La tierra m\u00e1s hermosa, Cuba <\/em>de la mano de los c\u00e9lebres Enrique Meneses, Alberto Garc\u00eda-\u00c1lix y Cristina Rodero, entre otros (Casa Am\u00e9rica), o la retrospectiva m\u00e1s importante hecha en Europa de <strong>Sharon Hayes (Museo Reina Sof\u00eda)<\/strong>. Para los m\u00e1s fetichistas, <strong>PhotoEspa\u00f1a<\/strong> incluye este a\u00f1o una muestra del fot\u00f3grafo de moda en la calle m\u00e1s c\u00e9lebre y una de las personas m\u00e1s influyentes en el mundo de la moda actualmente, <strong>Scott Schuman<\/strong>. Su muestra, bajo el t\u00edtulo <strong><em>The Sartioralist<\/em><\/strong>, se exhibe en la exclusiva tienda Loewe de Gran V\u00eda hasta el 5 de agosto.<\/p>\n<p>Los m\u00e1s cl\u00e1sicos tambi\u00e9n tienen su lugar en esta ruta por las exposiciones de la capital. As\u00ed, el <strong>Museo del Prado<\/strong> ofrece la muestra <strong>El \u00faltimo Rafael<\/strong>, en la que se ofrece un esbozo de la etapa de madurez del pintor renacentista a trav\u00e9s de 64 obras, muchas de ellas nunca mostradas en Espa\u00f1a. Otra opci\u00f3n es visitar en <strong>CaixaForum<\/strong> la retrospectiva dedicada al artista brit\u00e1nico <strong>William Blake<\/strong>, que ofrece m\u00e1s de 80 obras procedentes de la Tate Britain de Londres en las que se recogen los temas caracter\u00edsticos del artista: mitolog\u00edas propias, fantas\u00edas y delirios en torno a la sociedad, la religi\u00f3n y la pol\u00edtica.<\/p>\n<p>Y os lo anunciamos hace unos d\u00edas, \u00a0tanto para quienes se sientan atra\u00eddos por la pintura como para quienes no tengan especial inter\u00e9s en este g\u00e9nero, deben dejarse caer por la <strong>exposici\u00f3n Hopper en el Museo Thyssen<\/strong>. En ella, el pintor estadounidense cautiva con maestr\u00eda a trav\u00e9s de un realismo que mantiene cierta atm\u00f3sfera de intriga y que influy\u00f3 a cineastas como Hitchcock. Especial atenci\u00f3n merecen sus c\u00e9lebres retratos de mujeres perdidas en su propia soledad.<\/p>\n<p>Y para aquellos que se inclinen por el <strong>humor gr\u00e1fico<\/strong>, no deben perderse la exposici\u00f3n del <strong>Museo ABC<\/strong> en honor a <strong>Mingote<\/strong>. La muestra est\u00e1 formada por 316 originales de su publicaci\u00f3n <em>Historia de la gente<\/em>, nacida en 1955.<\/p>\n<p>No tard\u00e9is m\u00e1s, elegid la exposici\u00f3n que m\u00e1s os fascine y preparaos para convertir salas y museos en oasis urbanos en pleno desierto de asfalto.<\/p>\n<p>Foto de Ashkan Forouzani en Unsplash<\/p>\n<p>&nbsp;<\/p>\n\n\n<div class=\"kk-star-ratings kksr-auto kksr-align-left kksr-valign-bottom\"\n    data-payload='{&quot;align&quot;:&quot;left&quot;,&quot;id&quot;:&quot;450&quot;,&quot;slug&quot;:&quot;default&quot;,&quot;valign&quot;:&quot;bottom&quot;,&quot;ignore&quot;:&quot;&quot;,&quot;reference&quot;:&quot;auto&quot;,&quot;class&quot;:&quot;&quot;,&quot;count&quot;:&quot;0&quot;,&quot;legendonly&quot;:&quot;&quot;,&quot;readonly&quot;:&quot;&quot;,&quot;score&quot;:&quot;0&quot;,&quot;starsonly&quot;:&quot;&quot;,&quot;best&quot;:&quot;5&quot;,&quot;gap&quot;:&quot;1&quot;,&quot;greet&quot;:&quot;Valora este art\u00edculo&quot;,&quot;legend&quot;:&quot;0\\\/5 - (0 votos)&quot;,&quot;size&quot;:&quot;24&quot;,&quot;title&quot;:&quot;ARTE + AIRE ACONDICIONADO: CULTURA PARA HUIR DEL CALOR...&quot;,&quot;width&quot;:&quot;0&quot;,&quot;_legend&quot;:&quot;{score}\\\/{best} - ({count} {votes})&quot;,&quot;font_factor&quot;:&quot;1.25&quot;}'>\n            \n<div class=\"kksr-stars\">\n    \n<div class=\"kksr-stars-inactive\">\n            <div class=\"kksr-star\" data-star=\"1\" style=\"padding-right: 1px\">\n            \n\n<div class=\"kksr-icon\" style=\"width: 24px; height: 24px;\"><\/div>\n        <\/div>\n            <div class=\"kksr-star\" data-star=\"2\" style=\"padding-right: 1px\">\n            \n\n<div class=\"kksr-icon\" style=\"width: 24px; height: 24px;\"><\/div>\n        <\/div>\n            <div class=\"kksr-star\" data-star=\"3\" style=\"padding-right: 1px\">\n            \n\n<div class=\"kksr-icon\" style=\"width: 24px; height: 24px;\"><\/div>\n        <\/div>\n            <div class=\"kksr-star\" data-star=\"4\" style=\"padding-right: 1px\">\n            \n\n<div class=\"kksr-icon\" style=\"width: 24px; height: 24px;\"><\/div>\n        <\/div>\n            <div class=\"kksr-star\" data-star=\"5\" style=\"padding-right: 1px\">\n            \n\n<div class=\"kksr-icon\" style=\"width: 24px; height: 24px;\"><\/div>\n        <\/div>\n    <\/div>\n    \n<div class=\"kksr-stars-active\" style=\"width: 0px;\">\n            <div class=\"kksr-star\" style=\"padding-right: 1px\">\n            \n\n<div class=\"kksr-icon\" style=\"width: 24px; height: 24px;\"><\/div>\n        <\/div>\n            <div class=\"kksr-star\" style=\"padding-right: 1px\">\n            \n\n<div class=\"kksr-icon\" style=\"width: 24px; height: 24px;\"><\/div>\n        <\/div>\n            <div class=\"kksr-star\" style=\"padding-right: 1px\">\n            \n\n<div class=\"kksr-icon\" style=\"width: 24px; height: 24px;\"><\/div>\n        <\/div>\n            <div class=\"kksr-star\" style=\"padding-right: 1px\">\n            \n\n<div class=\"kksr-icon\" style=\"width: 24px; height: 24px;\"><\/div>\n        <\/div>\n            <div class=\"kksr-star\" style=\"padding-right: 1px\">\n            \n\n<div class=\"kksr-icon\" style=\"width: 24px; height: 24px;\"><\/div>\n        <\/div>\n    <\/div>\n<\/div>\n                \n\n<div class=\"kksr-legend\" style=\"font-size: 19.2px;\">\n            <span class=\"kksr-muted\">Valora este art\u00edculo<\/span>\n    <\/div>\n    <\/div>\n","protected":false},"excerpt":{"rendered":"<p>Seamos sinceros, con las abrasantes temperaturas que azotan Madrid este  [&#8230;]<\/p>\n","protected":false},"author":4,"featured_media":6998,"comment_status":"closed","ping_status":"closed","sticky":false,"template":"","format":"standard","meta":{"footnotes":""},"categories":[79],"tags":[36,27,24,25,5,20],"class_list":["post-450","post","type-post","status-publish","format-standard","has-post-thumbnail","hentry","category-vivir-madrid","tag-afterwork","tag-arte","tag-exposiciones","tag-fotografia","tag-madrid","tag-ocio"],"yoast_head":"<!-- This site is optimized with the Yoast SEO plugin v27.4 - https:\/\/yoast.com\/product\/yoast-seo-wordpress\/ -->\n<title>Propuestas culturales y exposiciones en Madrid este verano<\/title>\n<meta name=\"description\" content=\"Exposiciones en Madrid para todos los gustos: para los amantes de la fotograf\u00eda PhotoEspa\u00f1a2012, para los m\u00e1s cl\u00e1sicos El \u00faltimo Rafael - Museo del Parado...\" \/>\n<meta name=\"robots\" content=\"index, follow, max-snippet:-1, max-image-preview:large, max-video-preview:-1\" \/>\n<link rel=\"canonical\" href=\"https:\/\/www.proinca.es\/madridfansblog\/arte-aire-acondicionado-cultura-para-huir-del-calor\/\" \/>\n<meta property=\"og:locale\" content=\"es_ES\" \/>\n<meta property=\"og:type\" content=\"article\" \/>\n<meta property=\"og:title\" content=\"Propuestas culturales y exposiciones en Madrid este verano\" \/>\n<meta property=\"og:description\" content=\"Exposiciones en Madrid para todos los gustos: para los amantes de la fotograf\u00eda PhotoEspa\u00f1a2012, para los m\u00e1s cl\u00e1sicos El \u00faltimo Rafael - Museo del Parado...\" \/>\n<meta property=\"og:url\" content=\"https:\/\/www.proinca.es\/madridfansblog\/arte-aire-acondicionado-cultura-para-huir-del-calor\/\" \/>\n<meta property=\"og:site_name\" content=\"Blog Proinca Madrid\" \/>\n<meta property=\"article:published_time\" content=\"2012-07-20T11:23:15+00:00\" \/>\n<meta property=\"article:modified_time\" content=\"2025-05-28T13:34:51+00:00\" \/>\n<meta property=\"og:image\" content=\"https:\/\/www.proinca.es\/madridfansblog\/wp-content\/uploads\/2012\/07\/arte-y-aire-acondicionado.jpg\" \/>\n\t<meta property=\"og:image:width\" content=\"1000\" \/>\n\t<meta property=\"og:image:height\" content=\"648\" \/>\n\t<meta property=\"og:image:type\" content=\"image\/jpeg\" \/>\n<meta name=\"author\" content=\"Ana Calero\" \/>\n<script type=\"application\/ld+json\" class=\"yoast-schema-graph\">{\"@context\":\"https:\\\/\\\/schema.org\",\"@graph\":[{\"@type\":\"Article\",\"@id\":\"https:\\\/\\\/www.proinca.es\\\/madridfansblog\\\/arte-aire-acondicionado-cultura-para-huir-del-calor\\\/#article\",\"isPartOf\":{\"@id\":\"https:\\\/\\\/www.proinca.es\\\/madridfansblog\\\/arte-aire-acondicionado-cultura-para-huir-del-calor\\\/\"},\"author\":{\"name\":\"Ana Calero\",\"@id\":\"https:\\\/\\\/www.proinca.es\\\/madridfansblog\\\/#\\\/schema\\\/person\\\/8401adc89c0a0f5a3574c43326247f1e\"},\"headline\":\"ARTE + AIRE ACONDICIONADO: CULTURA PARA HUIR DEL CALOR&#8230;\",\"datePublished\":\"2012-07-20T11:23:15+00:00\",\"dateModified\":\"2025-05-28T13:34:51+00:00\",\"mainEntityOfPage\":{\"@id\":\"https:\\\/\\\/www.proinca.es\\\/madridfansblog\\\/arte-aire-acondicionado-cultura-para-huir-del-calor\\\/\"},\"wordCount\":582,\"publisher\":{\"@id\":\"https:\\\/\\\/www.proinca.es\\\/madridfansblog\\\/#organization\"},\"image\":{\"@id\":\"https:\\\/\\\/www.proinca.es\\\/madridfansblog\\\/arte-aire-acondicionado-cultura-para-huir-del-calor\\\/#primaryimage\"},\"thumbnailUrl\":\"https:\\\/\\\/www.proinca.es\\\/madridfansblog\\\/wp-content\\\/uploads\\\/2012\\\/07\\\/arte-y-aire-acondicionado.jpg\",\"keywords\":[\"Afterwork\",\"Arte\",\"Exposiciones\",\"Fotograf\u00eda\",\"Madrid\",\"Ocio\"],\"articleSection\":[\"VIVIR MADRID\"],\"inLanguage\":\"es\"},{\"@type\":\"WebPage\",\"@id\":\"https:\\\/\\\/www.proinca.es\\\/madridfansblog\\\/arte-aire-acondicionado-cultura-para-huir-del-calor\\\/\",\"url\":\"https:\\\/\\\/www.proinca.es\\\/madridfansblog\\\/arte-aire-acondicionado-cultura-para-huir-del-calor\\\/\",\"name\":\"Propuestas culturales y exposiciones en Madrid este verano\",\"isPartOf\":{\"@id\":\"https:\\\/\\\/www.proinca.es\\\/madridfansblog\\\/#website\"},\"primaryImageOfPage\":{\"@id\":\"https:\\\/\\\/www.proinca.es\\\/madridfansblog\\\/arte-aire-acondicionado-cultura-para-huir-del-calor\\\/#primaryimage\"},\"image\":{\"@id\":\"https:\\\/\\\/www.proinca.es\\\/madridfansblog\\\/arte-aire-acondicionado-cultura-para-huir-del-calor\\\/#primaryimage\"},\"thumbnailUrl\":\"https:\\\/\\\/www.proinca.es\\\/madridfansblog\\\/wp-content\\\/uploads\\\/2012\\\/07\\\/arte-y-aire-acondicionado.jpg\",\"datePublished\":\"2012-07-20T11:23:15+00:00\",\"dateModified\":\"2025-05-28T13:34:51+00:00\",\"description\":\"Exposiciones en Madrid para todos los gustos: para los amantes de la fotograf\u00eda PhotoEspa\u00f1a2012, para los m\u00e1s cl\u00e1sicos El \u00faltimo Rafael - Museo del Parado...\",\"inLanguage\":\"es\",\"potentialAction\":[{\"@type\":\"ReadAction\",\"target\":[\"https:\\\/\\\/www.proinca.es\\\/madridfansblog\\\/arte-aire-acondicionado-cultura-para-huir-del-calor\\\/\"]}]},{\"@type\":\"ImageObject\",\"inLanguage\":\"es\",\"@id\":\"https:\\\/\\\/www.proinca.es\\\/madridfansblog\\\/arte-aire-acondicionado-cultura-para-huir-del-calor\\\/#primaryimage\",\"url\":\"https:\\\/\\\/www.proinca.es\\\/madridfansblog\\\/wp-content\\\/uploads\\\/2012\\\/07\\\/arte-y-aire-acondicionado.jpg\",\"contentUrl\":\"https:\\\/\\\/www.proinca.es\\\/madridfansblog\\\/wp-content\\\/uploads\\\/2012\\\/07\\\/arte-y-aire-acondicionado.jpg\",\"width\":1000,\"height\":648,\"caption\":\"Arte + aire acondicionado: cultura para huir del calor\u2026\"},{\"@type\":\"WebSite\",\"@id\":\"https:\\\/\\\/www.proinca.es\\\/madridfansblog\\\/#website\",\"url\":\"https:\\\/\\\/www.proinca.es\\\/madridfansblog\\\/\",\"name\":\"Madrid Fans Blog Proinca\",\"description\":\"Pisos y apartamentos de alquiler en Madrid\",\"publisher\":{\"@id\":\"https:\\\/\\\/www.proinca.es\\\/madridfansblog\\\/#organization\"},\"potentialAction\":[{\"@type\":\"SearchAction\",\"target\":{\"@type\":\"EntryPoint\",\"urlTemplate\":\"https:\\\/\\\/www.proinca.es\\\/madridfansblog\\\/?s={search_term_string}\"},\"query-input\":{\"@type\":\"PropertyValueSpecification\",\"valueRequired\":true,\"valueName\":\"search_term_string\"}}],\"inLanguage\":\"es\"},{\"@type\":\"Organization\",\"@id\":\"https:\\\/\\\/www.proinca.es\\\/madridfansblog\\\/#organization\",\"name\":\"Proinca\",\"url\":\"https:\\\/\\\/www.proinca.es\\\/madridfansblog\\\/\",\"logo\":{\"@type\":\"ImageObject\",\"inLanguage\":\"es\",\"@id\":\"https:\\\/\\\/www.proinca.es\\\/madridfansblog\\\/#\\\/schema\\\/logo\\\/image\\\/\",\"url\":\"https:\\\/\\\/www.proinca.es\\\/madridfansblog\\\/wp-content\\\/uploads\\\/2022\\\/03\\\/logo-proinca.jpg\",\"contentUrl\":\"https:\\\/\\\/www.proinca.es\\\/madridfansblog\\\/wp-content\\\/uploads\\\/2022\\\/03\\\/logo-proinca.jpg\",\"width\":522,\"height\":250,\"caption\":\"Proinca\"},\"image\":{\"@id\":\"https:\\\/\\\/www.proinca.es\\\/madridfansblog\\\/#\\\/schema\\\/logo\\\/image\\\/\"}},{\"@type\":\"Person\",\"@id\":\"https:\\\/\\\/www.proinca.es\\\/madridfansblog\\\/#\\\/schema\\\/person\\\/8401adc89c0a0f5a3574c43326247f1e\",\"name\":\"Ana Calero\",\"image\":{\"@type\":\"ImageObject\",\"inLanguage\":\"es\",\"@id\":\"https:\\\/\\\/www.proinca.es\\\/madridfansblog\\\/wp-content\\\/litespeed\\\/avatar\\\/ef51b25c0718910f475570320941ef46.jpg?ver=1777379772\",\"url\":\"https:\\\/\\\/www.proinca.es\\\/madridfansblog\\\/wp-content\\\/litespeed\\\/avatar\\\/ef51b25c0718910f475570320941ef46.jpg?ver=1777379772\",\"contentUrl\":\"https:\\\/\\\/www.proinca.es\\\/madridfansblog\\\/wp-content\\\/litespeed\\\/avatar\\\/ef51b25c0718910f475570320941ef46.jpg?ver=1777379772\",\"caption\":\"Ana Calero\"},\"description\":\"Licenciada en Ciencias Empresariales por la Universidad Aut\u00f3noma de Madrid. Forma parte del equipo de Apartamentos Proinca y es una enamorada de Madrid\",\"sameAs\":[\"https:\\\/\\\/www.proinca.es\\\/madridfansblog\\\/ana-calero\\\/\"]}]}<\/script>\n<!-- \/ Yoast SEO plugin. -->","yoast_head_json":{"title":"Propuestas culturales y exposiciones en Madrid este verano","description":"Exposiciones en Madrid para todos los gustos: para los amantes de la fotograf\u00eda PhotoEspa\u00f1a2012, para los m\u00e1s cl\u00e1sicos El \u00faltimo Rafael - Museo del Parado...","robots":{"index":"index","follow":"follow","max-snippet":"max-snippet:-1","max-image-preview":"max-image-preview:large","max-video-preview":"max-video-preview:-1"},"canonical":"https:\/\/www.proinca.es\/madridfansblog\/arte-aire-acondicionado-cultura-para-huir-del-calor\/","og_locale":"es_ES","og_type":"article","og_title":"Propuestas culturales y exposiciones en Madrid este verano","og_description":"Exposiciones en Madrid para todos los gustos: para los amantes de la fotograf\u00eda PhotoEspa\u00f1a2012, para los m\u00e1s cl\u00e1sicos El \u00faltimo Rafael - Museo del Parado...","og_url":"https:\/\/www.proinca.es\/madridfansblog\/arte-aire-acondicionado-cultura-para-huir-del-calor\/","og_site_name":"Blog Proinca Madrid","article_published_time":"2012-07-20T11:23:15+00:00","article_modified_time":"2025-05-28T13:34:51+00:00","og_image":[{"width":1000,"height":648,"url":"https:\/\/www.proinca.es\/madridfansblog\/wp-content\/uploads\/2012\/07\/arte-y-aire-acondicionado.jpg","type":"image\/jpeg"}],"author":"Ana Calero","schema":{"@context":"https:\/\/schema.org","@graph":[{"@type":"Article","@id":"https:\/\/www.proinca.es\/madridfansblog\/arte-aire-acondicionado-cultura-para-huir-del-calor\/#article","isPartOf":{"@id":"https:\/\/www.proinca.es\/madridfansblog\/arte-aire-acondicionado-cultura-para-huir-del-calor\/"},"author":{"name":"Ana Calero","@id":"https:\/\/www.proinca.es\/madridfansblog\/#\/schema\/person\/8401adc89c0a0f5a3574c43326247f1e"},"headline":"ARTE + AIRE ACONDICIONADO: CULTURA PARA HUIR DEL CALOR&#8230;","datePublished":"2012-07-20T11:23:15+00:00","dateModified":"2025-05-28T13:34:51+00:00","mainEntityOfPage":{"@id":"https:\/\/www.proinca.es\/madridfansblog\/arte-aire-acondicionado-cultura-para-huir-del-calor\/"},"wordCount":582,"publisher":{"@id":"https:\/\/www.proinca.es\/madridfansblog\/#organization"},"image":{"@id":"https:\/\/www.proinca.es\/madridfansblog\/arte-aire-acondicionado-cultura-para-huir-del-calor\/#primaryimage"},"thumbnailUrl":"https:\/\/www.proinca.es\/madridfansblog\/wp-content\/uploads\/2012\/07\/arte-y-aire-acondicionado.jpg","keywords":["Afterwork","Arte","Exposiciones","Fotograf\u00eda","Madrid","Ocio"],"articleSection":["VIVIR MADRID"],"inLanguage":"es"},{"@type":"WebPage","@id":"https:\/\/www.proinca.es\/madridfansblog\/arte-aire-acondicionado-cultura-para-huir-del-calor\/","url":"https:\/\/www.proinca.es\/madridfansblog\/arte-aire-acondicionado-cultura-para-huir-del-calor\/","name":"Propuestas culturales y exposiciones en Madrid este verano","isPartOf":{"@id":"https:\/\/www.proinca.es\/madridfansblog\/#website"},"primaryImageOfPage":{"@id":"https:\/\/www.proinca.es\/madridfansblog\/arte-aire-acondicionado-cultura-para-huir-del-calor\/#primaryimage"},"image":{"@id":"https:\/\/www.proinca.es\/madridfansblog\/arte-aire-acondicionado-cultura-para-huir-del-calor\/#primaryimage"},"thumbnailUrl":"https:\/\/www.proinca.es\/madridfansblog\/wp-content\/uploads\/2012\/07\/arte-y-aire-acondicionado.jpg","datePublished":"2012-07-20T11:23:15+00:00","dateModified":"2025-05-28T13:34:51+00:00","description":"Exposiciones en Madrid para todos los gustos: para los amantes de la fotograf\u00eda PhotoEspa\u00f1a2012, para los m\u00e1s cl\u00e1sicos El \u00faltimo Rafael - Museo del Parado...","inLanguage":"es","potentialAction":[{"@type":"ReadAction","target":["https:\/\/www.proinca.es\/madridfansblog\/arte-aire-acondicionado-cultura-para-huir-del-calor\/"]}]},{"@type":"ImageObject","inLanguage":"es","@id":"https:\/\/www.proinca.es\/madridfansblog\/arte-aire-acondicionado-cultura-para-huir-del-calor\/#primaryimage","url":"https:\/\/www.proinca.es\/madridfansblog\/wp-content\/uploads\/2012\/07\/arte-y-aire-acondicionado.jpg","contentUrl":"https:\/\/www.proinca.es\/madridfansblog\/wp-content\/uploads\/2012\/07\/arte-y-aire-acondicionado.jpg","width":1000,"height":648,"caption":"Arte + aire acondicionado: cultura para huir del calor\u2026"},{"@type":"WebSite","@id":"https:\/\/www.proinca.es\/madridfansblog\/#website","url":"https:\/\/www.proinca.es\/madridfansblog\/","name":"Madrid Fans Blog Proinca","description":"Pisos y apartamentos de alquiler en Madrid","publisher":{"@id":"https:\/\/www.proinca.es\/madridfansblog\/#organization"},"potentialAction":[{"@type":"SearchAction","target":{"@type":"EntryPoint","urlTemplate":"https:\/\/www.proinca.es\/madridfansblog\/?s={search_term_string}"},"query-input":{"@type":"PropertyValueSpecification","valueRequired":true,"valueName":"search_term_string"}}],"inLanguage":"es"},{"@type":"Organization","@id":"https:\/\/www.proinca.es\/madridfansblog\/#organization","name":"Proinca","url":"https:\/\/www.proinca.es\/madridfansblog\/","logo":{"@type":"ImageObject","inLanguage":"es","@id":"https:\/\/www.proinca.es\/madridfansblog\/#\/schema\/logo\/image\/","url":"https:\/\/www.proinca.es\/madridfansblog\/wp-content\/uploads\/2022\/03\/logo-proinca.jpg","contentUrl":"https:\/\/www.proinca.es\/madridfansblog\/wp-content\/uploads\/2022\/03\/logo-proinca.jpg","width":522,"height":250,"caption":"Proinca"},"image":{"@id":"https:\/\/www.proinca.es\/madridfansblog\/#\/schema\/logo\/image\/"}},{"@type":"Person","@id":"https:\/\/www.proinca.es\/madridfansblog\/#\/schema\/person\/8401adc89c0a0f5a3574c43326247f1e","name":"Ana Calero","image":{"@type":"ImageObject","inLanguage":"es","@id":"https:\/\/www.proinca.es\/madridfansblog\/wp-content\/litespeed\/avatar\/ef51b25c0718910f475570320941ef46.jpg?ver=1777379772","url":"https:\/\/www.proinca.es\/madridfansblog\/wp-content\/litespeed\/avatar\/ef51b25c0718910f475570320941ef46.jpg?ver=1777379772","contentUrl":"https:\/\/www.proinca.es\/madridfansblog\/wp-content\/litespeed\/avatar\/ef51b25c0718910f475570320941ef46.jpg?ver=1777379772","caption":"Ana Calero"},"description":"Licenciada en Ciencias Empresariales por la Universidad Aut\u00f3noma de Madrid. Forma parte del equipo de Apartamentos Proinca y es una enamorada de Madrid","sameAs":["https:\/\/www.proinca.es\/madridfansblog\/ana-calero\/"]}]}},"_links":{"self":[{"href":"https:\/\/www.proinca.es\/madridfansblog\/wp-json\/wp\/v2\/posts\/450","targetHints":{"allow":["GET"]}}],"collection":[{"href":"https:\/\/www.proinca.es\/madridfansblog\/wp-json\/wp\/v2\/posts"}],"about":[{"href":"https:\/\/www.proinca.es\/madridfansblog\/wp-json\/wp\/v2\/types\/post"}],"author":[{"embeddable":true,"href":"https:\/\/www.proinca.es\/madridfansblog\/wp-json\/wp\/v2\/users\/4"}],"replies":[{"embeddable":true,"href":"https:\/\/www.proinca.es\/madridfansblog\/wp-json\/wp\/v2\/comments?post=450"}],"version-history":[{"count":18,"href":"https:\/\/www.proinca.es\/madridfansblog\/wp-json\/wp\/v2\/posts\/450\/revisions"}],"predecessor-version":[{"id":7720,"href":"https:\/\/www.proinca.es\/madridfansblog\/wp-json\/wp\/v2\/posts\/450\/revisions\/7720"}],"wp:featuredmedia":[{"embeddable":true,"href":"https:\/\/www.proinca.es\/madridfansblog\/wp-json\/wp\/v2\/media\/6998"}],"wp:attachment":[{"href":"https:\/\/www.proinca.es\/madridfansblog\/wp-json\/wp\/v2\/media?parent=450"}],"wp:term":[{"taxonomy":"category","embeddable":true,"href":"https:\/\/www.proinca.es\/madridfansblog\/wp-json\/wp\/v2\/categories?post=450"},{"taxonomy":"post_tag","embeddable":true,"href":"https:\/\/www.proinca.es\/madridfansblog\/wp-json\/wp\/v2\/tags?post=450"}],"curies":[{"name":"wp","href":"https:\/\/api.w.org\/{rel}","templated":true}]}}