{"id":4509,"date":"2016-07-27T10:04:21","date_gmt":"2016-07-27T08:04:21","guid":{"rendered":"http:\/\/www.proinca.es\/madridfansblog\/?p=4509"},"modified":"2025-05-28T15:54:10","modified_gmt":"2025-05-28T13:54:10","slug":"un-plan-divertido-de-verano-en-madrid-cabanas-en-arboles-para-todos","status":"publish","type":"post","link":"https:\/\/www.proinca.es\/madridfansblog\/un-plan-divertido-de-verano-en-madrid-cabanas-en-arboles-para-todos\/","title":{"rendered":"UN PLAN DIVERTIDO DE VERANO EN MADRID: CABA\u00d1AS EN \u00c1RBOLES PARA TODOS"},"content":{"rendered":"<p><strong>Madrid<\/strong> es una ciudad inundada por extranjeros en los meses de verano<!--more-->, grupos de turistas a los que no les importa el calor, deseosos de disfrutar del patrimonio arquitect\u00f3nico, cultural, gastron\u00f3mico y pict\u00f3rico de la ciudad. Sin embargo, quienes viven en la capital durante todo el a\u00f1o, prefieren salir de ella, aunque sea por unas horas, para evadirse de la rutina. Uno de los lugares favoritos para hacerlo es el Parque Nacional Sierra de Guadarrama, con 11 ecosistemas diferentes, de f\u00e1cil acceso en transporte p\u00fablico, y con numerosas opciones de ocio. Y es en este magn\u00edfico espacio natural donde se encuentra la propuesta que os presentamos hoy: un camping con <strong>caba\u00f1as<\/strong> instaladas en las copas de los \u00e1rboles. Sin duda, una divertida y rom\u00e1ntica experiencia para disfrutar de la naturaleza en<strong> verano<\/strong>.<\/p>\n<p>El camping dedicado al ecoturismo y la multiaventura Monte Holiday es el responsable de esta nueva aventura cerca de la ciudad de <strong>Madrid<\/strong>. Sus <strong>caba\u00f1as<\/strong> son de lo m\u00e1s acogedoras, de madera por dentro y por fuera, con bonitos textiles y todos los servicios que uno pueda necesitar, adem\u00e1s de unas vistas incre\u00edbles sobre el valle del Lozoya.<\/p>\n<p>Junto a estas peculiares <strong>caba\u00f1as<\/strong>, el camping ofrece actividades para toda la familia como rutas guiadas de senderismo, recorridos fotogr\u00e1ficos, escalada, barranquismo, pirag\u00fcismo o incluso puenting. Diversi\u00f3n asegurada para quienes no temen los retos y les gusta disfrutar del <strong>verano<\/strong>.<\/p>\n<p>Informaci\u00f3n patrocinada por\u00a0<strong><a title=\"Proinca apartamentos de alquiler en Madrid\" href=\"http:\/\/www.proinca.es\" target=\"_blank\" rel=\"noopener\">Proinca: Apartamentos de alquiler en Madrid<\/a><\/strong><\/p>\n<p>Foto de Gaurav Pikale en Unsplash<\/p>\n\n\n<div class=\"kk-star-ratings kksr-auto kksr-align-left kksr-valign-bottom\"\n    data-payload='{&quot;align&quot;:&quot;left&quot;,&quot;id&quot;:&quot;4509&quot;,&quot;slug&quot;:&quot;default&quot;,&quot;valign&quot;:&quot;bottom&quot;,&quot;ignore&quot;:&quot;&quot;,&quot;reference&quot;:&quot;auto&quot;,&quot;class&quot;:&quot;&quot;,&quot;count&quot;:&quot;0&quot;,&quot;legendonly&quot;:&quot;&quot;,&quot;readonly&quot;:&quot;&quot;,&quot;score&quot;:&quot;0&quot;,&quot;starsonly&quot;:&quot;&quot;,&quot;best&quot;:&quot;5&quot;,&quot;gap&quot;:&quot;1&quot;,&quot;greet&quot;:&quot;Valora este art\u00edculo&quot;,&quot;legend&quot;:&quot;0\\\/5 - (0 votos)&quot;,&quot;size&quot;:&quot;24&quot;,&quot;title&quot;:&quot;UN PLAN DIVERTIDO DE VERANO EN MADRID: CABA\u00d1AS EN \u00c1RBOLES PARA TODOS&quot;,&quot;width&quot;:&quot;0&quot;,&quot;_legend&quot;:&quot;{score}\\\/{best} - ({count} {votes})&quot;,&quot;font_factor&quot;:&quot;1.25&quot;}'>\n            \n<div class=\"kksr-stars\">\n    \n<div class=\"kksr-stars-inactive\">\n            <div class=\"kksr-star\" data-star=\"1\" style=\"padding-right: 1px\">\n            \n\n<div class=\"kksr-icon\" style=\"width: 24px; height: 24px;\"><\/div>\n        <\/div>\n            <div class=\"kksr-star\" data-star=\"2\" style=\"padding-right: 1px\">\n            \n\n<div class=\"kksr-icon\" style=\"width: 24px; height: 24px;\"><\/div>\n        <\/div>\n            <div class=\"kksr-star\" data-star=\"3\" style=\"padding-right: 1px\">\n            \n\n<div class=\"kksr-icon\" style=\"width: 24px; height: 24px;\"><\/div>\n        <\/div>\n            <div class=\"kksr-star\" data-star=\"4\" style=\"padding-right: 1px\">\n            \n\n<div class=\"kksr-icon\" style=\"width: 24px; height: 24px;\"><\/div>\n        <\/div>\n            <div class=\"kksr-star\" data-star=\"5\" style=\"padding-right: 1px\">\n            \n\n<div class=\"kksr-icon\" style=\"width: 24px; height: 24px;\"><\/div>\n        <\/div>\n    <\/div>\n    \n<div class=\"kksr-stars-active\" style=\"width: 0px;\">\n            <div class=\"kksr-star\" style=\"padding-right: 1px\">\n            \n\n<div class=\"kksr-icon\" style=\"width: 24px; height: 24px;\"><\/div>\n        <\/div>\n            <div class=\"kksr-star\" style=\"padding-right: 1px\">\n            \n\n<div class=\"kksr-icon\" style=\"width: 24px; height: 24px;\"><\/div>\n        <\/div>\n            <div class=\"kksr-star\" style=\"padding-right: 1px\">\n            \n\n<div class=\"kksr-icon\" style=\"width: 24px; height: 24px;\"><\/div>\n        <\/div>\n            <div class=\"kksr-star\" style=\"padding-right: 1px\">\n            \n\n<div class=\"kksr-icon\" style=\"width: 24px; height: 24px;\"><\/div>\n        <\/div>\n            <div class=\"kksr-star\" style=\"padding-right: 1px\">\n            \n\n<div class=\"kksr-icon\" style=\"width: 24px; height: 24px;\"><\/div>\n        <\/div>\n    <\/div>\n<\/div>\n                \n\n<div class=\"kksr-legend\" style=\"font-size: 19.2px;\">\n            <span class=\"kksr-muted\">Valora este art\u00edculo<\/span>\n    <\/div>\n    <\/div>\n","protected":false},"excerpt":{"rendered":"<p>Madrid es una ciudad inundada por extranjeros en los meses  [&#8230;]<\/p>\n","protected":false},"author":4,"featured_media":7242,"comment_status":"closed","ping_status":"closed","sticky":false,"template":"","format":"standard","meta":{"footnotes":""},"categories":[79],"tags":[54,66,5],"class_list":["post-4509","post","type-post","status-publish","format-standard","has-post-thumbnail","hentry","category-vivir-madrid","tag-deporte","tag-ecologia","tag-madrid"],"yoast_head":"<!-- This site is optimized with the Yoast SEO plugin v27.4 - https:\/\/yoast.com\/product\/yoast-seo-wordpress\/ -->\n<title>Plan verano en Madrid: caba\u00f1as en \u00e1rboles<\/title>\n<meta name=\"description\" content=\"Una divertida y rom\u00e1ntica experiencia para disfrutar de la naturaleza en verano, caba\u00f1as en los \u00e1rboles, Camping multiaventura Monte Holiday.Por MadridFansblog\" \/>\n<meta name=\"robots\" content=\"index, follow, max-snippet:-1, max-image-preview:large, max-video-preview:-1\" \/>\n<link rel=\"canonical\" href=\"https:\/\/www.proinca.es\/madridfansblog\/un-plan-divertido-de-verano-en-madrid-cabanas-en-arboles-para-todos\/\" \/>\n<meta property=\"og:locale\" content=\"es_ES\" \/>\n<meta property=\"og:type\" content=\"article\" \/>\n<meta property=\"og:title\" content=\"Plan verano en Madrid: caba\u00f1as en \u00e1rboles\" \/>\n<meta property=\"og:description\" content=\"Una divertida y rom\u00e1ntica experiencia para disfrutar de la naturaleza en verano, caba\u00f1as en los \u00e1rboles, Camping multiaventura Monte Holiday.Por MadridFansblog\" \/>\n<meta property=\"og:url\" content=\"https:\/\/www.proinca.es\/madridfansblog\/un-plan-divertido-de-verano-en-madrid-cabanas-en-arboles-para-todos\/\" \/>\n<meta property=\"og:site_name\" content=\"Blog Proinca Madrid\" \/>\n<meta property=\"article:published_time\" content=\"2016-07-27T08:04:21+00:00\" \/>\n<meta property=\"article:modified_time\" content=\"2025-05-28T13:54:10+00:00\" \/>\n<meta property=\"og:image\" content=\"https:\/\/www.proinca.es\/madridfansblog\/wp-content\/uploads\/2016\/07\/CABANAS-EN-ARBOLES.jpg\" \/>\n\t<meta property=\"og:image:width\" content=\"1000\" \/>\n\t<meta property=\"og:image:height\" content=\"667\" \/>\n\t<meta property=\"og:image:type\" content=\"image\/jpeg\" \/>\n<meta name=\"author\" content=\"Ana Calero\" \/>\n<script type=\"application\/ld+json\" class=\"yoast-schema-graph\">{\"@context\":\"https:\\\/\\\/schema.org\",\"@graph\":[{\"@type\":\"Article\",\"@id\":\"https:\\\/\\\/www.proinca.es\\\/madridfansblog\\\/un-plan-divertido-de-verano-en-madrid-cabanas-en-arboles-para-todos\\\/#article\",\"isPartOf\":{\"@id\":\"https:\\\/\\\/www.proinca.es\\\/madridfansblog\\\/un-plan-divertido-de-verano-en-madrid-cabanas-en-arboles-para-todos\\\/\"},\"author\":{\"name\":\"Ana Calero\",\"@id\":\"https:\\\/\\\/www.proinca.es\\\/madridfansblog\\\/#\\\/schema\\\/person\\\/8401adc89c0a0f5a3574c43326247f1e\"},\"headline\":\"UN PLAN DIVERTIDO DE VERANO EN MADRID: CABA\u00d1AS EN \u00c1RBOLES PARA TODOS\",\"datePublished\":\"2016-07-27T08:04:21+00:00\",\"dateModified\":\"2025-05-28T13:54:10+00:00\",\"mainEntityOfPage\":{\"@id\":\"https:\\\/\\\/www.proinca.es\\\/madridfansblog\\\/un-plan-divertido-de-verano-en-madrid-cabanas-en-arboles-para-todos\\\/\"},\"wordCount\":275,\"publisher\":{\"@id\":\"https:\\\/\\\/www.proinca.es\\\/madridfansblog\\\/#organization\"},\"image\":{\"@id\":\"https:\\\/\\\/www.proinca.es\\\/madridfansblog\\\/un-plan-divertido-de-verano-en-madrid-cabanas-en-arboles-para-todos\\\/#primaryimage\"},\"thumbnailUrl\":\"https:\\\/\\\/www.proinca.es\\\/madridfansblog\\\/wp-content\\\/uploads\\\/2016\\\/07\\\/CABANAS-EN-ARBOLES.jpg\",\"keywords\":[\"Deporte\",\"Ecolog\u00eda\",\"Madrid\"],\"articleSection\":[\"VIVIR MADRID\"],\"inLanguage\":\"es\"},{\"@type\":\"WebPage\",\"@id\":\"https:\\\/\\\/www.proinca.es\\\/madridfansblog\\\/un-plan-divertido-de-verano-en-madrid-cabanas-en-arboles-para-todos\\\/\",\"url\":\"https:\\\/\\\/www.proinca.es\\\/madridfansblog\\\/un-plan-divertido-de-verano-en-madrid-cabanas-en-arboles-para-todos\\\/\",\"name\":\"Plan verano en Madrid: caba\u00f1as en \u00e1rboles\",\"isPartOf\":{\"@id\":\"https:\\\/\\\/www.proinca.es\\\/madridfansblog\\\/#website\"},\"primaryImageOfPage\":{\"@id\":\"https:\\\/\\\/www.proinca.es\\\/madridfansblog\\\/un-plan-divertido-de-verano-en-madrid-cabanas-en-arboles-para-todos\\\/#primaryimage\"},\"image\":{\"@id\":\"https:\\\/\\\/www.proinca.es\\\/madridfansblog\\\/un-plan-divertido-de-verano-en-madrid-cabanas-en-arboles-para-todos\\\/#primaryimage\"},\"thumbnailUrl\":\"https:\\\/\\\/www.proinca.es\\\/madridfansblog\\\/wp-content\\\/uploads\\\/2016\\\/07\\\/CABANAS-EN-ARBOLES.jpg\",\"datePublished\":\"2016-07-27T08:04:21+00:00\",\"dateModified\":\"2025-05-28T13:54:10+00:00\",\"description\":\"Una divertida y rom\u00e1ntica experiencia para disfrutar de la naturaleza en verano, caba\u00f1as en los \u00e1rboles, Camping multiaventura Monte Holiday.Por MadridFansblog\",\"inLanguage\":\"es\",\"potentialAction\":[{\"@type\":\"ReadAction\",\"target\":[\"https:\\\/\\\/www.proinca.es\\\/madridfansblog\\\/un-plan-divertido-de-verano-en-madrid-cabanas-en-arboles-para-todos\\\/\"]}]},{\"@type\":\"ImageObject\",\"inLanguage\":\"es\",\"@id\":\"https:\\\/\\\/www.proinca.es\\\/madridfansblog\\\/un-plan-divertido-de-verano-en-madrid-cabanas-en-arboles-para-todos\\\/#primaryimage\",\"url\":\"https:\\\/\\\/www.proinca.es\\\/madridfansblog\\\/wp-content\\\/uploads\\\/2016\\\/07\\\/CABANAS-EN-ARBOLES.jpg\",\"contentUrl\":\"https:\\\/\\\/www.proinca.es\\\/madridfansblog\\\/wp-content\\\/uploads\\\/2016\\\/07\\\/CABANAS-EN-ARBOLES.jpg\",\"width\":1000,\"height\":667,\"caption\":\"Un plan divertido de verano en Madrid caba\u00f1as en \u00e1rboles para todos\"},{\"@type\":\"WebSite\",\"@id\":\"https:\\\/\\\/www.proinca.es\\\/madridfansblog\\\/#website\",\"url\":\"https:\\\/\\\/www.proinca.es\\\/madridfansblog\\\/\",\"name\":\"Madrid Fans Blog Proinca\",\"description\":\"Pisos y apartamentos de alquiler en Madrid\",\"publisher\":{\"@id\":\"https:\\\/\\\/www.proinca.es\\\/madridfansblog\\\/#organization\"},\"potentialAction\":[{\"@type\":\"SearchAction\",\"target\":{\"@type\":\"EntryPoint\",\"urlTemplate\":\"https:\\\/\\\/www.proinca.es\\\/madridfansblog\\\/?s={search_term_string}\"},\"query-input\":{\"@type\":\"PropertyValueSpecification\",\"valueRequired\":true,\"valueName\":\"search_term_string\"}}],\"inLanguage\":\"es\"},{\"@type\":\"Organization\",\"@id\":\"https:\\\/\\\/www.proinca.es\\\/madridfansblog\\\/#organization\",\"name\":\"Proinca\",\"url\":\"https:\\\/\\\/www.proinca.es\\\/madridfansblog\\\/\",\"logo\":{\"@type\":\"ImageObject\",\"inLanguage\":\"es\",\"@id\":\"https:\\\/\\\/www.proinca.es\\\/madridfansblog\\\/#\\\/schema\\\/logo\\\/image\\\/\",\"url\":\"https:\\\/\\\/www.proinca.es\\\/madridfansblog\\\/wp-content\\\/uploads\\\/2022\\\/03\\\/logo-proinca.jpg\",\"contentUrl\":\"https:\\\/\\\/www.proinca.es\\\/madridfansblog\\\/wp-content\\\/uploads\\\/2022\\\/03\\\/logo-proinca.jpg\",\"width\":522,\"height\":250,\"caption\":\"Proinca\"},\"image\":{\"@id\":\"https:\\\/\\\/www.proinca.es\\\/madridfansblog\\\/#\\\/schema\\\/logo\\\/image\\\/\"}},{\"@type\":\"Person\",\"@id\":\"https:\\\/\\\/www.proinca.es\\\/madridfansblog\\\/#\\\/schema\\\/person\\\/8401adc89c0a0f5a3574c43326247f1e\",\"name\":\"Ana Calero\",\"image\":{\"@type\":\"ImageObject\",\"inLanguage\":\"es\",\"@id\":\"https:\\\/\\\/www.proinca.es\\\/madridfansblog\\\/wp-content\\\/litespeed\\\/avatar\\\/ef51b25c0718910f475570320941ef46.jpg?ver=1777379772\",\"url\":\"https:\\\/\\\/www.proinca.es\\\/madridfansblog\\\/wp-content\\\/litespeed\\\/avatar\\\/ef51b25c0718910f475570320941ef46.jpg?ver=1777379772\",\"contentUrl\":\"https:\\\/\\\/www.proinca.es\\\/madridfansblog\\\/wp-content\\\/litespeed\\\/avatar\\\/ef51b25c0718910f475570320941ef46.jpg?ver=1777379772\",\"caption\":\"Ana Calero\"},\"description\":\"Licenciada en Ciencias Empresariales por la Universidad Aut\u00f3noma de Madrid. Forma parte del equipo de Apartamentos Proinca y es una enamorada de Madrid\",\"sameAs\":[\"https:\\\/\\\/www.proinca.es\\\/madridfansblog\\\/ana-calero\\\/\"]}]}<\/script>\n<!-- \/ Yoast SEO plugin. -->","yoast_head_json":{"title":"Plan verano en Madrid: caba\u00f1as en \u00e1rboles","description":"Una divertida y rom\u00e1ntica experiencia para disfrutar de la naturaleza en verano, caba\u00f1as en los \u00e1rboles, Camping multiaventura Monte Holiday.Por MadridFansblog","robots":{"index":"index","follow":"follow","max-snippet":"max-snippet:-1","max-image-preview":"max-image-preview:large","max-video-preview":"max-video-preview:-1"},"canonical":"https:\/\/www.proinca.es\/madridfansblog\/un-plan-divertido-de-verano-en-madrid-cabanas-en-arboles-para-todos\/","og_locale":"es_ES","og_type":"article","og_title":"Plan verano en Madrid: caba\u00f1as en \u00e1rboles","og_description":"Una divertida y rom\u00e1ntica experiencia para disfrutar de la naturaleza en verano, caba\u00f1as en los \u00e1rboles, Camping multiaventura Monte Holiday.Por MadridFansblog","og_url":"https:\/\/www.proinca.es\/madridfansblog\/un-plan-divertido-de-verano-en-madrid-cabanas-en-arboles-para-todos\/","og_site_name":"Blog Proinca Madrid","article_published_time":"2016-07-27T08:04:21+00:00","article_modified_time":"2025-05-28T13:54:10+00:00","og_image":[{"width":1000,"height":667,"url":"https:\/\/www.proinca.es\/madridfansblog\/wp-content\/uploads\/2016\/07\/CABANAS-EN-ARBOLES.jpg","type":"image\/jpeg"}],"author":"Ana Calero","schema":{"@context":"https:\/\/schema.org","@graph":[{"@type":"Article","@id":"https:\/\/www.proinca.es\/madridfansblog\/un-plan-divertido-de-verano-en-madrid-cabanas-en-arboles-para-todos\/#article","isPartOf":{"@id":"https:\/\/www.proinca.es\/madridfansblog\/un-plan-divertido-de-verano-en-madrid-cabanas-en-arboles-para-todos\/"},"author":{"name":"Ana Calero","@id":"https:\/\/www.proinca.es\/madridfansblog\/#\/schema\/person\/8401adc89c0a0f5a3574c43326247f1e"},"headline":"UN PLAN DIVERTIDO DE VERANO EN MADRID: CABA\u00d1AS EN \u00c1RBOLES PARA TODOS","datePublished":"2016-07-27T08:04:21+00:00","dateModified":"2025-05-28T13:54:10+00:00","mainEntityOfPage":{"@id":"https:\/\/www.proinca.es\/madridfansblog\/un-plan-divertido-de-verano-en-madrid-cabanas-en-arboles-para-todos\/"},"wordCount":275,"publisher":{"@id":"https:\/\/www.proinca.es\/madridfansblog\/#organization"},"image":{"@id":"https:\/\/www.proinca.es\/madridfansblog\/un-plan-divertido-de-verano-en-madrid-cabanas-en-arboles-para-todos\/#primaryimage"},"thumbnailUrl":"https:\/\/www.proinca.es\/madridfansblog\/wp-content\/uploads\/2016\/07\/CABANAS-EN-ARBOLES.jpg","keywords":["Deporte","Ecolog\u00eda","Madrid"],"articleSection":["VIVIR MADRID"],"inLanguage":"es"},{"@type":"WebPage","@id":"https:\/\/www.proinca.es\/madridfansblog\/un-plan-divertido-de-verano-en-madrid-cabanas-en-arboles-para-todos\/","url":"https:\/\/www.proinca.es\/madridfansblog\/un-plan-divertido-de-verano-en-madrid-cabanas-en-arboles-para-todos\/","name":"Plan verano en Madrid: caba\u00f1as en \u00e1rboles","isPartOf":{"@id":"https:\/\/www.proinca.es\/madridfansblog\/#website"},"primaryImageOfPage":{"@id":"https:\/\/www.proinca.es\/madridfansblog\/un-plan-divertido-de-verano-en-madrid-cabanas-en-arboles-para-todos\/#primaryimage"},"image":{"@id":"https:\/\/www.proinca.es\/madridfansblog\/un-plan-divertido-de-verano-en-madrid-cabanas-en-arboles-para-todos\/#primaryimage"},"thumbnailUrl":"https:\/\/www.proinca.es\/madridfansblog\/wp-content\/uploads\/2016\/07\/CABANAS-EN-ARBOLES.jpg","datePublished":"2016-07-27T08:04:21+00:00","dateModified":"2025-05-28T13:54:10+00:00","description":"Una divertida y rom\u00e1ntica experiencia para disfrutar de la naturaleza en verano, caba\u00f1as en los \u00e1rboles, Camping multiaventura Monte Holiday.Por MadridFansblog","inLanguage":"es","potentialAction":[{"@type":"ReadAction","target":["https:\/\/www.proinca.es\/madridfansblog\/un-plan-divertido-de-verano-en-madrid-cabanas-en-arboles-para-todos\/"]}]},{"@type":"ImageObject","inLanguage":"es","@id":"https:\/\/www.proinca.es\/madridfansblog\/un-plan-divertido-de-verano-en-madrid-cabanas-en-arboles-para-todos\/#primaryimage","url":"https:\/\/www.proinca.es\/madridfansblog\/wp-content\/uploads\/2016\/07\/CABANAS-EN-ARBOLES.jpg","contentUrl":"https:\/\/www.proinca.es\/madridfansblog\/wp-content\/uploads\/2016\/07\/CABANAS-EN-ARBOLES.jpg","width":1000,"height":667,"caption":"Un plan divertido de verano en Madrid caba\u00f1as en \u00e1rboles para todos"},{"@type":"WebSite","@id":"https:\/\/www.proinca.es\/madridfansblog\/#website","url":"https:\/\/www.proinca.es\/madridfansblog\/","name":"Madrid Fans Blog Proinca","description":"Pisos y apartamentos de alquiler en Madrid","publisher":{"@id":"https:\/\/www.proinca.es\/madridfansblog\/#organization"},"potentialAction":[{"@type":"SearchAction","target":{"@type":"EntryPoint","urlTemplate":"https:\/\/www.proinca.es\/madridfansblog\/?s={search_term_string}"},"query-input":{"@type":"PropertyValueSpecification","valueRequired":true,"valueName":"search_term_string"}}],"inLanguage":"es"},{"@type":"Organization","@id":"https:\/\/www.proinca.es\/madridfansblog\/#organization","name":"Proinca","url":"https:\/\/www.proinca.es\/madridfansblog\/","logo":{"@type":"ImageObject","inLanguage":"es","@id":"https:\/\/www.proinca.es\/madridfansblog\/#\/schema\/logo\/image\/","url":"https:\/\/www.proinca.es\/madridfansblog\/wp-content\/uploads\/2022\/03\/logo-proinca.jpg","contentUrl":"https:\/\/www.proinca.es\/madridfansblog\/wp-content\/uploads\/2022\/03\/logo-proinca.jpg","width":522,"height":250,"caption":"Proinca"},"image":{"@id":"https:\/\/www.proinca.es\/madridfansblog\/#\/schema\/logo\/image\/"}},{"@type":"Person","@id":"https:\/\/www.proinca.es\/madridfansblog\/#\/schema\/person\/8401adc89c0a0f5a3574c43326247f1e","name":"Ana Calero","image":{"@type":"ImageObject","inLanguage":"es","@id":"https:\/\/www.proinca.es\/madridfansblog\/wp-content\/litespeed\/avatar\/ef51b25c0718910f475570320941ef46.jpg?ver=1777379772","url":"https:\/\/www.proinca.es\/madridfansblog\/wp-content\/litespeed\/avatar\/ef51b25c0718910f475570320941ef46.jpg?ver=1777379772","contentUrl":"https:\/\/www.proinca.es\/madridfansblog\/wp-content\/litespeed\/avatar\/ef51b25c0718910f475570320941ef46.jpg?ver=1777379772","caption":"Ana Calero"},"description":"Licenciada en Ciencias Empresariales por la Universidad Aut\u00f3noma de Madrid. Forma parte del equipo de Apartamentos Proinca y es una enamorada de Madrid","sameAs":["https:\/\/www.proinca.es\/madridfansblog\/ana-calero\/"]}]}},"_links":{"self":[{"href":"https:\/\/www.proinca.es\/madridfansblog\/wp-json\/wp\/v2\/posts\/4509","targetHints":{"allow":["GET"]}}],"collection":[{"href":"https:\/\/www.proinca.es\/madridfansblog\/wp-json\/wp\/v2\/posts"}],"about":[{"href":"https:\/\/www.proinca.es\/madridfansblog\/wp-json\/wp\/v2\/types\/post"}],"author":[{"embeddable":true,"href":"https:\/\/www.proinca.es\/madridfansblog\/wp-json\/wp\/v2\/users\/4"}],"replies":[{"embeddable":true,"href":"https:\/\/www.proinca.es\/madridfansblog\/wp-json\/wp\/v2\/comments?post=4509"}],"version-history":[{"count":12,"href":"https:\/\/www.proinca.es\/madridfansblog\/wp-json\/wp\/v2\/posts\/4509\/revisions"}],"predecessor-version":[{"id":7475,"href":"https:\/\/www.proinca.es\/madridfansblog\/wp-json\/wp\/v2\/posts\/4509\/revisions\/7475"}],"wp:featuredmedia":[{"embeddable":true,"href":"https:\/\/www.proinca.es\/madridfansblog\/wp-json\/wp\/v2\/media\/7242"}],"wp:attachment":[{"href":"https:\/\/www.proinca.es\/madridfansblog\/wp-json\/wp\/v2\/media?parent=4509"}],"wp:term":[{"taxonomy":"category","embeddable":true,"href":"https:\/\/www.proinca.es\/madridfansblog\/wp-json\/wp\/v2\/categories?post=4509"},{"taxonomy":"post_tag","embeddable":true,"href":"https:\/\/www.proinca.es\/madridfansblog\/wp-json\/wp\/v2\/tags?post=4509"}],"curies":[{"name":"wp","href":"https:\/\/api.w.org\/{rel}","templated":true}]}}