{"id":4520,"date":"2016-08-04T09:06:25","date_gmt":"2016-08-04T07:06:25","guid":{"rendered":"http:\/\/www.proinca.es\/madridfansblog\/?p=4520"},"modified":"2025-05-28T15:54:03","modified_gmt":"2025-05-28T13:54:03","slug":"porque-nos-encanta-el-parque-de-atracciones-de-madrid","status":"publish","type":"post","link":"https:\/\/www.proinca.es\/madridfansblog\/porque-nos-encanta-el-parque-de-atracciones-de-madrid\/","title":{"rendered":"\u00bf POR QU\u00c9 NOS ENCANTA EL PARQUE DE ATRACCIONES DE MADRID ?"},"content":{"rendered":"<p>Cualquier persona que haya pasado su infancia en <strong>Madrid<\/strong> y alrededores recordar\u00e1 con nostalgia \u201clas alfombras voladoras\u201d, \u201cla casa imantada\u201d, \u201cla casa del terror\u201d <!--more-->y esos conciertos multitudinarios al atardecer con los n\u00fameros uno de la lista de Los 40 Principales. Y es que, el <strong>Parque de Atracciones de Madrid<\/strong> marc\u00f3 a toda una generaci\u00f3n que vuelve ahora con sus hijos para recordar aquellos maravillosos a\u00f1os.<\/p>\n<p>El Parque ha cambiado mucho, pero sigue manteniendo la esencia de entonces: diversi\u00f3n, adrenalina, agua y, eso s\u00ed, grandes colas, sobre todo ahora en verano, cuando el <strong>Parque de Atracciones de Madrid<\/strong> se convierte en un destino perfecto para quienes no pueden salir de vacaciones o no saben como entretener a sus hijos un caluroso d\u00eda de verano.<\/p>\n<p>&nbsp;<\/p>\n<p>Entre las nuevas incorporaciones a este Parque que trata de renovarse a\u00f1o tras a\u00f1o est\u00e1n, entre otras, la visita de La Patrulla Canina o la presencia de Bob Esponja. La \u00faltima atracci\u00f3n inaugurada en el recinto: El Abismo, una monta\u00f1a rusa de 49 metros de altura con un impresionante recorrido con tirabuzones, inversiones, colinas y un largo etc\u00e9tera.<\/p>\n<p>Aunque, para nosotros, nada como El Aserradero o Los Fiordos, atracciones de toda la vida donde empaparte de agua entre gritos y risas. Y por supuesto, el rom\u00e1ntico T\u00edo vivo de 1927 y el popular carrusel de sillas voladoras. Imposible irte del <strong>Parque de Atracciones<\/strong> sin montar en ellas.<\/p>\n<p>Y es que, esa es una de las mejores cosas del Parque, que cuenta con atracciones de mucha solera que nos transportan a nuestra infancia y lo m\u00e1s novedoso en monta\u00f1as rusas, con atracciones de v\u00e9rtigo para los m\u00e1s maduritos e infantiles para quienes se inician en las alturas y la velocidad, y con muchos espacios verdes donde descansar y pararse a comer.<\/p>\n<p>No es que queramos hacer publicidad del <strong>Parque de Atracciones de Madrid<\/strong>, es que forma parte del ADN de la ciudad y de los recuerdos de millones de ni\u00f1as y ni\u00f1os de Madrid y alrededores, y si no, comprobadlo por vosotros mismos.<\/p>\n<p>&nbsp;<\/p>\n<p>Informaci\u00f3n patrocinada por\u00a0<strong><a title=\"Proinca apartamentos de alquiler en Madrid\" href=\"http:\/\/www.proinca.es\" target=\"_blank\" rel=\"noopener\">Proinca: Apartamentos de alquiler en Madrid<\/a><\/strong><\/p>\n<p>Fuente imagen: parquedeatracciones.es<\/p>\n<p>&nbsp;<\/p>\n\n\n<div class=\"kk-star-ratings kksr-auto kksr-align-left kksr-valign-bottom\"\n    data-payload='{&quot;align&quot;:&quot;left&quot;,&quot;id&quot;:&quot;4520&quot;,&quot;slug&quot;:&quot;default&quot;,&quot;valign&quot;:&quot;bottom&quot;,&quot;ignore&quot;:&quot;&quot;,&quot;reference&quot;:&quot;auto&quot;,&quot;class&quot;:&quot;&quot;,&quot;count&quot;:&quot;0&quot;,&quot;legendonly&quot;:&quot;&quot;,&quot;readonly&quot;:&quot;&quot;,&quot;score&quot;:&quot;0&quot;,&quot;starsonly&quot;:&quot;&quot;,&quot;best&quot;:&quot;5&quot;,&quot;gap&quot;:&quot;1&quot;,&quot;greet&quot;:&quot;Valora este art\u00edculo&quot;,&quot;legend&quot;:&quot;0\\\/5 - (0 votos)&quot;,&quot;size&quot;:&quot;24&quot;,&quot;title&quot;:&quot;\u00bf POR QU\u00c9 NOS ENCANTA EL PARQUE DE ATRACCIONES DE MADRID ?&quot;,&quot;width&quot;:&quot;0&quot;,&quot;_legend&quot;:&quot;{score}\\\/{best} - ({count} {votes})&quot;,&quot;font_factor&quot;:&quot;1.25&quot;}'>\n            \n<div class=\"kksr-stars\">\n    \n<div class=\"kksr-stars-inactive\">\n            <div class=\"kksr-star\" data-star=\"1\" style=\"padding-right: 1px\">\n            \n\n<div class=\"kksr-icon\" style=\"width: 24px; height: 24px;\"><\/div>\n        <\/div>\n            <div class=\"kksr-star\" data-star=\"2\" style=\"padding-right: 1px\">\n            \n\n<div class=\"kksr-icon\" style=\"width: 24px; height: 24px;\"><\/div>\n        <\/div>\n            <div class=\"kksr-star\" data-star=\"3\" style=\"padding-right: 1px\">\n            \n\n<div class=\"kksr-icon\" style=\"width: 24px; height: 24px;\"><\/div>\n        <\/div>\n            <div class=\"kksr-star\" data-star=\"4\" style=\"padding-right: 1px\">\n            \n\n<div class=\"kksr-icon\" style=\"width: 24px; height: 24px;\"><\/div>\n        <\/div>\n            <div class=\"kksr-star\" data-star=\"5\" style=\"padding-right: 1px\">\n            \n\n<div class=\"kksr-icon\" style=\"width: 24px; height: 24px;\"><\/div>\n        <\/div>\n    <\/div>\n    \n<div class=\"kksr-stars-active\" style=\"width: 0px;\">\n            <div class=\"kksr-star\" style=\"padding-right: 1px\">\n            \n\n<div class=\"kksr-icon\" style=\"width: 24px; height: 24px;\"><\/div>\n        <\/div>\n            <div class=\"kksr-star\" style=\"padding-right: 1px\">\n            \n\n<div class=\"kksr-icon\" style=\"width: 24px; height: 24px;\"><\/div>\n        <\/div>\n            <div class=\"kksr-star\" style=\"padding-right: 1px\">\n            \n\n<div class=\"kksr-icon\" style=\"width: 24px; height: 24px;\"><\/div>\n        <\/div>\n            <div class=\"kksr-star\" style=\"padding-right: 1px\">\n            \n\n<div class=\"kksr-icon\" style=\"width: 24px; height: 24px;\"><\/div>\n        <\/div>\n            <div class=\"kksr-star\" style=\"padding-right: 1px\">\n            \n\n<div class=\"kksr-icon\" style=\"width: 24px; height: 24px;\"><\/div>\n        <\/div>\n    <\/div>\n<\/div>\n                \n\n<div class=\"kksr-legend\" style=\"font-size: 19.2px;\">\n            <span class=\"kksr-muted\">Valora este art\u00edculo<\/span>\n    <\/div>\n    <\/div>\n","protected":false},"excerpt":{"rendered":"<p>Cualquier persona que haya pasado su infancia en Madrid y  [&#8230;]<\/p>\n","protected":false},"author":4,"featured_media":4522,"comment_status":"closed","ping_status":"closed","sticky":false,"template":"","format":"standard","meta":{"footnotes":""},"categories":[79],"tags":[5,20],"class_list":["post-4520","post","type-post","status-publish","format-standard","has-post-thumbnail","hentry","category-vivir-madrid","tag-madrid","tag-ocio"],"yoast_head":"<!-- This site is optimized with the Yoast SEO plugin v27.4 - https:\/\/yoast.com\/product\/yoast-seo-wordpress\/ -->\n<title>Parque de Atracciones de Madrid<\/title>\n<meta name=\"description\" content=\"Diversi\u00f3n, adrenalina, agua,el Parque de Atracciones de Madrid se convierte en un destino perfecto para quienes no pueden salir de vacaciones.Por MadridFansblog\" \/>\n<meta name=\"robots\" content=\"index, follow, max-snippet:-1, max-image-preview:large, max-video-preview:-1\" \/>\n<link rel=\"canonical\" href=\"https:\/\/www.proinca.es\/madridfansblog\/porque-nos-encanta-el-parque-de-atracciones-de-madrid\/\" \/>\n<meta property=\"og:locale\" content=\"es_ES\" \/>\n<meta property=\"og:type\" content=\"article\" \/>\n<meta property=\"og:title\" content=\"Parque de Atracciones de Madrid\" \/>\n<meta property=\"og:description\" content=\"Diversi\u00f3n, adrenalina, agua,el Parque de Atracciones de Madrid se convierte en un destino perfecto para quienes no pueden salir de vacaciones.Por MadridFansblog\" \/>\n<meta property=\"og:url\" content=\"https:\/\/www.proinca.es\/madridfansblog\/porque-nos-encanta-el-parque-de-atracciones-de-madrid\/\" \/>\n<meta property=\"og:site_name\" content=\"Blog Proinca Madrid\" \/>\n<meta property=\"article:published_time\" content=\"2016-08-04T07:06:25+00:00\" \/>\n<meta property=\"article:modified_time\" content=\"2025-05-28T13:54:03+00:00\" \/>\n<meta property=\"og:image\" content=\"https:\/\/www.proinca.es\/madridfansblog\/wp-content\/uploads\/2016\/07\/proinca_madridfansblog_parque_atracciones_madrid.jpg\" \/>\n\t<meta property=\"og:image:width\" content=\"330\" \/>\n\t<meta property=\"og:image:height\" content=\"275\" \/>\n\t<meta property=\"og:image:type\" content=\"image\/jpeg\" \/>\n<meta name=\"author\" content=\"Ana Calero\" \/>\n<script type=\"application\/ld+json\" class=\"yoast-schema-graph\">{\"@context\":\"https:\\\/\\\/schema.org\",\"@graph\":[{\"@type\":\"Article\",\"@id\":\"https:\\\/\\\/www.proinca.es\\\/madridfansblog\\\/porque-nos-encanta-el-parque-de-atracciones-de-madrid\\\/#article\",\"isPartOf\":{\"@id\":\"https:\\\/\\\/www.proinca.es\\\/madridfansblog\\\/porque-nos-encanta-el-parque-de-atracciones-de-madrid\\\/\"},\"author\":{\"name\":\"Ana Calero\",\"@id\":\"https:\\\/\\\/www.proinca.es\\\/madridfansblog\\\/#\\\/schema\\\/person\\\/8401adc89c0a0f5a3574c43326247f1e\"},\"headline\":\"\u00bf POR QU\u00c9 NOS ENCANTA EL PARQUE DE ATRACCIONES DE MADRID ?\",\"datePublished\":\"2016-08-04T07:06:25+00:00\",\"dateModified\":\"2025-05-28T13:54:03+00:00\",\"mainEntityOfPage\":{\"@id\":\"https:\\\/\\\/www.proinca.es\\\/madridfansblog\\\/porque-nos-encanta-el-parque-de-atracciones-de-madrid\\\/\"},\"wordCount\":379,\"publisher\":{\"@id\":\"https:\\\/\\\/www.proinca.es\\\/madridfansblog\\\/#organization\"},\"image\":{\"@id\":\"https:\\\/\\\/www.proinca.es\\\/madridfansblog\\\/porque-nos-encanta-el-parque-de-atracciones-de-madrid\\\/#primaryimage\"},\"thumbnailUrl\":\"https:\\\/\\\/www.proinca.es\\\/madridfansblog\\\/wp-content\\\/uploads\\\/2016\\\/07\\\/proinca_madridfansblog_parque_atracciones_madrid.jpg\",\"keywords\":[\"Madrid\",\"Ocio\"],\"articleSection\":[\"VIVIR MADRID\"],\"inLanguage\":\"es\"},{\"@type\":\"WebPage\",\"@id\":\"https:\\\/\\\/www.proinca.es\\\/madridfansblog\\\/porque-nos-encanta-el-parque-de-atracciones-de-madrid\\\/\",\"url\":\"https:\\\/\\\/www.proinca.es\\\/madridfansblog\\\/porque-nos-encanta-el-parque-de-atracciones-de-madrid\\\/\",\"name\":\"Parque de Atracciones de Madrid\",\"isPartOf\":{\"@id\":\"https:\\\/\\\/www.proinca.es\\\/madridfansblog\\\/#website\"},\"primaryImageOfPage\":{\"@id\":\"https:\\\/\\\/www.proinca.es\\\/madridfansblog\\\/porque-nos-encanta-el-parque-de-atracciones-de-madrid\\\/#primaryimage\"},\"image\":{\"@id\":\"https:\\\/\\\/www.proinca.es\\\/madridfansblog\\\/porque-nos-encanta-el-parque-de-atracciones-de-madrid\\\/#primaryimage\"},\"thumbnailUrl\":\"https:\\\/\\\/www.proinca.es\\\/madridfansblog\\\/wp-content\\\/uploads\\\/2016\\\/07\\\/proinca_madridfansblog_parque_atracciones_madrid.jpg\",\"datePublished\":\"2016-08-04T07:06:25+00:00\",\"dateModified\":\"2025-05-28T13:54:03+00:00\",\"description\":\"Diversi\u00f3n, adrenalina, agua,el Parque de Atracciones de Madrid se convierte en un destino perfecto para quienes no pueden salir de vacaciones.Por MadridFansblog\",\"inLanguage\":\"es\",\"potentialAction\":[{\"@type\":\"ReadAction\",\"target\":[\"https:\\\/\\\/www.proinca.es\\\/madridfansblog\\\/porque-nos-encanta-el-parque-de-atracciones-de-madrid\\\/\"]}]},{\"@type\":\"ImageObject\",\"inLanguage\":\"es\",\"@id\":\"https:\\\/\\\/www.proinca.es\\\/madridfansblog\\\/porque-nos-encanta-el-parque-de-atracciones-de-madrid\\\/#primaryimage\",\"url\":\"https:\\\/\\\/www.proinca.es\\\/madridfansblog\\\/wp-content\\\/uploads\\\/2016\\\/07\\\/proinca_madridfansblog_parque_atracciones_madrid.jpg\",\"contentUrl\":\"https:\\\/\\\/www.proinca.es\\\/madridfansblog\\\/wp-content\\\/uploads\\\/2016\\\/07\\\/proinca_madridfansblog_parque_atracciones_madrid.jpg\",\"width\":330,\"height\":275,\"caption\":\"proinca madridfansblog madrid parque de atracciones\"},{\"@type\":\"WebSite\",\"@id\":\"https:\\\/\\\/www.proinca.es\\\/madridfansblog\\\/#website\",\"url\":\"https:\\\/\\\/www.proinca.es\\\/madridfansblog\\\/\",\"name\":\"Madrid Fans Blog Proinca\",\"description\":\"Pisos y apartamentos de alquiler en Madrid\",\"publisher\":{\"@id\":\"https:\\\/\\\/www.proinca.es\\\/madridfansblog\\\/#organization\"},\"potentialAction\":[{\"@type\":\"SearchAction\",\"target\":{\"@type\":\"EntryPoint\",\"urlTemplate\":\"https:\\\/\\\/www.proinca.es\\\/madridfansblog\\\/?s={search_term_string}\"},\"query-input\":{\"@type\":\"PropertyValueSpecification\",\"valueRequired\":true,\"valueName\":\"search_term_string\"}}],\"inLanguage\":\"es\"},{\"@type\":\"Organization\",\"@id\":\"https:\\\/\\\/www.proinca.es\\\/madridfansblog\\\/#organization\",\"name\":\"Proinca\",\"url\":\"https:\\\/\\\/www.proinca.es\\\/madridfansblog\\\/\",\"logo\":{\"@type\":\"ImageObject\",\"inLanguage\":\"es\",\"@id\":\"https:\\\/\\\/www.proinca.es\\\/madridfansblog\\\/#\\\/schema\\\/logo\\\/image\\\/\",\"url\":\"https:\\\/\\\/www.proinca.es\\\/madridfansblog\\\/wp-content\\\/uploads\\\/2022\\\/03\\\/logo-proinca.jpg\",\"contentUrl\":\"https:\\\/\\\/www.proinca.es\\\/madridfansblog\\\/wp-content\\\/uploads\\\/2022\\\/03\\\/logo-proinca.jpg\",\"width\":522,\"height\":250,\"caption\":\"Proinca\"},\"image\":{\"@id\":\"https:\\\/\\\/www.proinca.es\\\/madridfansblog\\\/#\\\/schema\\\/logo\\\/image\\\/\"}},{\"@type\":\"Person\",\"@id\":\"https:\\\/\\\/www.proinca.es\\\/madridfansblog\\\/#\\\/schema\\\/person\\\/8401adc89c0a0f5a3574c43326247f1e\",\"name\":\"Ana Calero\",\"image\":{\"@type\":\"ImageObject\",\"inLanguage\":\"es\",\"@id\":\"https:\\\/\\\/www.proinca.es\\\/madridfansblog\\\/wp-content\\\/litespeed\\\/avatar\\\/ef51b25c0718910f475570320941ef46.jpg?ver=1777379772\",\"url\":\"https:\\\/\\\/www.proinca.es\\\/madridfansblog\\\/wp-content\\\/litespeed\\\/avatar\\\/ef51b25c0718910f475570320941ef46.jpg?ver=1777379772\",\"contentUrl\":\"https:\\\/\\\/www.proinca.es\\\/madridfansblog\\\/wp-content\\\/litespeed\\\/avatar\\\/ef51b25c0718910f475570320941ef46.jpg?ver=1777379772\",\"caption\":\"Ana Calero\"},\"description\":\"Licenciada en Ciencias Empresariales por la Universidad Aut\u00f3noma de Madrid. Forma parte del equipo de Apartamentos Proinca y es una enamorada de Madrid\",\"sameAs\":[\"https:\\\/\\\/www.proinca.es\\\/madridfansblog\\\/ana-calero\\\/\"]}]}<\/script>\n<!-- \/ Yoast SEO plugin. -->","yoast_head_json":{"title":"Parque de Atracciones de Madrid","description":"Diversi\u00f3n, adrenalina, agua,el Parque de Atracciones de Madrid se convierte en un destino perfecto para quienes no pueden salir de vacaciones.Por MadridFansblog","robots":{"index":"index","follow":"follow","max-snippet":"max-snippet:-1","max-image-preview":"max-image-preview:large","max-video-preview":"max-video-preview:-1"},"canonical":"https:\/\/www.proinca.es\/madridfansblog\/porque-nos-encanta-el-parque-de-atracciones-de-madrid\/","og_locale":"es_ES","og_type":"article","og_title":"Parque de Atracciones de Madrid","og_description":"Diversi\u00f3n, adrenalina, agua,el Parque de Atracciones de Madrid se convierte en un destino perfecto para quienes no pueden salir de vacaciones.Por MadridFansblog","og_url":"https:\/\/www.proinca.es\/madridfansblog\/porque-nos-encanta-el-parque-de-atracciones-de-madrid\/","og_site_name":"Blog Proinca Madrid","article_published_time":"2016-08-04T07:06:25+00:00","article_modified_time":"2025-05-28T13:54:03+00:00","og_image":[{"width":330,"height":275,"url":"https:\/\/www.proinca.es\/madridfansblog\/wp-content\/uploads\/2016\/07\/proinca_madridfansblog_parque_atracciones_madrid.jpg","type":"image\/jpeg"}],"author":"Ana Calero","schema":{"@context":"https:\/\/schema.org","@graph":[{"@type":"Article","@id":"https:\/\/www.proinca.es\/madridfansblog\/porque-nos-encanta-el-parque-de-atracciones-de-madrid\/#article","isPartOf":{"@id":"https:\/\/www.proinca.es\/madridfansblog\/porque-nos-encanta-el-parque-de-atracciones-de-madrid\/"},"author":{"name":"Ana Calero","@id":"https:\/\/www.proinca.es\/madridfansblog\/#\/schema\/person\/8401adc89c0a0f5a3574c43326247f1e"},"headline":"\u00bf POR QU\u00c9 NOS ENCANTA EL PARQUE DE ATRACCIONES DE MADRID ?","datePublished":"2016-08-04T07:06:25+00:00","dateModified":"2025-05-28T13:54:03+00:00","mainEntityOfPage":{"@id":"https:\/\/www.proinca.es\/madridfansblog\/porque-nos-encanta-el-parque-de-atracciones-de-madrid\/"},"wordCount":379,"publisher":{"@id":"https:\/\/www.proinca.es\/madridfansblog\/#organization"},"image":{"@id":"https:\/\/www.proinca.es\/madridfansblog\/porque-nos-encanta-el-parque-de-atracciones-de-madrid\/#primaryimage"},"thumbnailUrl":"https:\/\/www.proinca.es\/madridfansblog\/wp-content\/uploads\/2016\/07\/proinca_madridfansblog_parque_atracciones_madrid.jpg","keywords":["Madrid","Ocio"],"articleSection":["VIVIR MADRID"],"inLanguage":"es"},{"@type":"WebPage","@id":"https:\/\/www.proinca.es\/madridfansblog\/porque-nos-encanta-el-parque-de-atracciones-de-madrid\/","url":"https:\/\/www.proinca.es\/madridfansblog\/porque-nos-encanta-el-parque-de-atracciones-de-madrid\/","name":"Parque de Atracciones de Madrid","isPartOf":{"@id":"https:\/\/www.proinca.es\/madridfansblog\/#website"},"primaryImageOfPage":{"@id":"https:\/\/www.proinca.es\/madridfansblog\/porque-nos-encanta-el-parque-de-atracciones-de-madrid\/#primaryimage"},"image":{"@id":"https:\/\/www.proinca.es\/madridfansblog\/porque-nos-encanta-el-parque-de-atracciones-de-madrid\/#primaryimage"},"thumbnailUrl":"https:\/\/www.proinca.es\/madridfansblog\/wp-content\/uploads\/2016\/07\/proinca_madridfansblog_parque_atracciones_madrid.jpg","datePublished":"2016-08-04T07:06:25+00:00","dateModified":"2025-05-28T13:54:03+00:00","description":"Diversi\u00f3n, adrenalina, agua,el Parque de Atracciones de Madrid se convierte en un destino perfecto para quienes no pueden salir de vacaciones.Por MadridFansblog","inLanguage":"es","potentialAction":[{"@type":"ReadAction","target":["https:\/\/www.proinca.es\/madridfansblog\/porque-nos-encanta-el-parque-de-atracciones-de-madrid\/"]}]},{"@type":"ImageObject","inLanguage":"es","@id":"https:\/\/www.proinca.es\/madridfansblog\/porque-nos-encanta-el-parque-de-atracciones-de-madrid\/#primaryimage","url":"https:\/\/www.proinca.es\/madridfansblog\/wp-content\/uploads\/2016\/07\/proinca_madridfansblog_parque_atracciones_madrid.jpg","contentUrl":"https:\/\/www.proinca.es\/madridfansblog\/wp-content\/uploads\/2016\/07\/proinca_madridfansblog_parque_atracciones_madrid.jpg","width":330,"height":275,"caption":"proinca madridfansblog madrid parque de atracciones"},{"@type":"WebSite","@id":"https:\/\/www.proinca.es\/madridfansblog\/#website","url":"https:\/\/www.proinca.es\/madridfansblog\/","name":"Madrid Fans Blog Proinca","description":"Pisos y apartamentos de alquiler en Madrid","publisher":{"@id":"https:\/\/www.proinca.es\/madridfansblog\/#organization"},"potentialAction":[{"@type":"SearchAction","target":{"@type":"EntryPoint","urlTemplate":"https:\/\/www.proinca.es\/madridfansblog\/?s={search_term_string}"},"query-input":{"@type":"PropertyValueSpecification","valueRequired":true,"valueName":"search_term_string"}}],"inLanguage":"es"},{"@type":"Organization","@id":"https:\/\/www.proinca.es\/madridfansblog\/#organization","name":"Proinca","url":"https:\/\/www.proinca.es\/madridfansblog\/","logo":{"@type":"ImageObject","inLanguage":"es","@id":"https:\/\/www.proinca.es\/madridfansblog\/#\/schema\/logo\/image\/","url":"https:\/\/www.proinca.es\/madridfansblog\/wp-content\/uploads\/2022\/03\/logo-proinca.jpg","contentUrl":"https:\/\/www.proinca.es\/madridfansblog\/wp-content\/uploads\/2022\/03\/logo-proinca.jpg","width":522,"height":250,"caption":"Proinca"},"image":{"@id":"https:\/\/www.proinca.es\/madridfansblog\/#\/schema\/logo\/image\/"}},{"@type":"Person","@id":"https:\/\/www.proinca.es\/madridfansblog\/#\/schema\/person\/8401adc89c0a0f5a3574c43326247f1e","name":"Ana Calero","image":{"@type":"ImageObject","inLanguage":"es","@id":"https:\/\/www.proinca.es\/madridfansblog\/wp-content\/litespeed\/avatar\/ef51b25c0718910f475570320941ef46.jpg?ver=1777379772","url":"https:\/\/www.proinca.es\/madridfansblog\/wp-content\/litespeed\/avatar\/ef51b25c0718910f475570320941ef46.jpg?ver=1777379772","contentUrl":"https:\/\/www.proinca.es\/madridfansblog\/wp-content\/litespeed\/avatar\/ef51b25c0718910f475570320941ef46.jpg?ver=1777379772","caption":"Ana Calero"},"description":"Licenciada en Ciencias Empresariales por la Universidad Aut\u00f3noma de Madrid. Forma parte del equipo de Apartamentos Proinca y es una enamorada de Madrid","sameAs":["https:\/\/www.proinca.es\/madridfansblog\/ana-calero\/"]}]}},"_links":{"self":[{"href":"https:\/\/www.proinca.es\/madridfansblog\/wp-json\/wp\/v2\/posts\/4520","targetHints":{"allow":["GET"]}}],"collection":[{"href":"https:\/\/www.proinca.es\/madridfansblog\/wp-json\/wp\/v2\/posts"}],"about":[{"href":"https:\/\/www.proinca.es\/madridfansblog\/wp-json\/wp\/v2\/types\/post"}],"author":[{"embeddable":true,"href":"https:\/\/www.proinca.es\/madridfansblog\/wp-json\/wp\/v2\/users\/4"}],"replies":[{"embeddable":true,"href":"https:\/\/www.proinca.es\/madridfansblog\/wp-json\/wp\/v2\/comments?post=4520"}],"version-history":[{"count":8,"href":"https:\/\/www.proinca.es\/madridfansblog\/wp-json\/wp\/v2\/posts\/4520\/revisions"}],"predecessor-version":[{"id":7367,"href":"https:\/\/www.proinca.es\/madridfansblog\/wp-json\/wp\/v2\/posts\/4520\/revisions\/7367"}],"wp:featuredmedia":[{"embeddable":true,"href":"https:\/\/www.proinca.es\/madridfansblog\/wp-json\/wp\/v2\/media\/4522"}],"wp:attachment":[{"href":"https:\/\/www.proinca.es\/madridfansblog\/wp-json\/wp\/v2\/media?parent=4520"}],"wp:term":[{"taxonomy":"category","embeddable":true,"href":"https:\/\/www.proinca.es\/madridfansblog\/wp-json\/wp\/v2\/categories?post=4520"},{"taxonomy":"post_tag","embeddable":true,"href":"https:\/\/www.proinca.es\/madridfansblog\/wp-json\/wp\/v2\/tags?post=4520"}],"curies":[{"name":"wp","href":"https:\/\/api.w.org\/{rel}","templated":true}]}}