{"id":4530,"date":"2016-09-05T19:42:39","date_gmt":"2016-09-05T17:42:39","guid":{"rendered":"http:\/\/www.proinca.es\/madridfansblog\/?p=4530"},"modified":"2025-05-28T15:57:33","modified_gmt":"2025-05-28T13:57:33","slug":"mercados-de-barrio-en-madrid-para-comer-sano-y-fresco","status":"publish","type":"post","link":"https:\/\/www.proinca.es\/madridfansblog\/mercados-de-barrio-en-madrid-para-comer-sano-y-fresco\/","title":{"rendered":"MERCADOS DE BARRIO EN MADRID PARA COMER SANO Y FRESCO"},"content":{"rendered":"<p>Nos hemos declarado fans absolutos de los <strong>mercados de barrio<\/strong> en<strong> Madrid<\/strong>.<!--more--> Quienes nos le\u00e9is con asiduidad, lo sab\u00e9is. Y es que, los distintos distritos de la capital est\u00e1n salpicados por mercados de abastos que han sabido reinventarse para adaptarse a una nueva clientela joven, comprometida, ahorradora, exigente con su salud y con el cuidado del medio ambiente, a la que le gusta alternar, descubrir nuevas tendencias y dejarse llevar por el centro de la ciudad de <strong>Madrid<\/strong>.<\/p>\n<p>Un buen ejemplo de estos mercados es el de <strong>San Fernando<\/strong>, en el 41 de la castiza calle de Embajadores, un establecimiento que ha sabido conjugar el comercio tradicional de frescos con ideas innovadoras de mano de j\u00f3venes artesanos y empresarios dedicados a la venta de libros, textil, a la restauraci\u00f3n y al dise\u00f1o. Adem\u00e1s, este <strong>mercado<\/strong> est\u00e1 provisto de un patio central a modo de plaza donde sentarse c\u00f3modamente a tomar una ca\u00f1a y dejar que los ni\u00f1os se esparzan.<\/p>\n<p><strong>Los mercados de San Miguel<\/strong>, en la plaza de mismo nombre, y <strong>San Ant\u00f3n<\/strong>, en el 24 de la calle Augusto Figueroa, han virado hacia la tendencia m\u00e1s chic del momento en lo que a mercados se refiere, dedic\u00e1ndose casi por completo a la venta de delicatessen y a la degustaci\u00f3n, convirti\u00e9ndose as\u00ed en espacios culinarios innovadores.<\/p>\n<p><strong>Los mercados de Ant\u00f3n Mart\u00edn<\/strong>, en el 5 de Santa Isabel, con m\u00e1s de 60 puestos y una agitada vida multicultural; y el <strong>mercado de Maravillas<\/strong>, en el 122 de Bravo Murillo, uno de los m\u00e1s grandes que hemos visto jam\u00e1s en una ciudad espa\u00f1ola, cierran la lista de los que son, para nosotros, los mejores mercados de la ciudad de<strong> Madrid<\/strong>.<\/p>\n<p>Lo que s\u00ed tienen en com\u00fan todos estos mercados es que son espacios donde se mima la calidad, el producto local y fresco, y el buen ambiente, por eso se convierten en lugares perfectos donde pasar las tardes y noches de verano en <strong>Madrid<\/strong>, bien fresquitos al abrigo de sus modernas y remodeladas instalaciones.<\/p>\n<p>Informaci\u00f3n patrocinada por\u00a0<strong><a title=\"Proinca apartamentos de alquiler en Madrid\" href=\"http:\/\/www.proinca.es\" target=\"_blank\" rel=\"noopener\">Proinca: Apartamentos de alquiler en Madrid<\/a><\/strong><\/p>\n<p>Foto de Milada Vigerova en Unsplash<\/p>\n<p>&nbsp;<\/p>\n\n\n<div class=\"kk-star-ratings kksr-auto kksr-align-left kksr-valign-bottom\"\n    data-payload='{&quot;align&quot;:&quot;left&quot;,&quot;id&quot;:&quot;4530&quot;,&quot;slug&quot;:&quot;default&quot;,&quot;valign&quot;:&quot;bottom&quot;,&quot;ignore&quot;:&quot;&quot;,&quot;reference&quot;:&quot;auto&quot;,&quot;class&quot;:&quot;&quot;,&quot;count&quot;:&quot;0&quot;,&quot;legendonly&quot;:&quot;&quot;,&quot;readonly&quot;:&quot;&quot;,&quot;score&quot;:&quot;0&quot;,&quot;starsonly&quot;:&quot;&quot;,&quot;best&quot;:&quot;5&quot;,&quot;gap&quot;:&quot;1&quot;,&quot;greet&quot;:&quot;Valora este art\u00edculo&quot;,&quot;legend&quot;:&quot;0\\\/5 - (0 votos)&quot;,&quot;size&quot;:&quot;24&quot;,&quot;title&quot;:&quot;MERCADOS DE BARRIO EN MADRID PARA COMER SANO Y FRESCO&quot;,&quot;width&quot;:&quot;0&quot;,&quot;_legend&quot;:&quot;{score}\\\/{best} - ({count} {votes})&quot;,&quot;font_factor&quot;:&quot;1.25&quot;}'>\n            \n<div class=\"kksr-stars\">\n    \n<div class=\"kksr-stars-inactive\">\n            <div class=\"kksr-star\" data-star=\"1\" style=\"padding-right: 1px\">\n            \n\n<div class=\"kksr-icon\" style=\"width: 24px; height: 24px;\"><\/div>\n        <\/div>\n            <div class=\"kksr-star\" data-star=\"2\" style=\"padding-right: 1px\">\n            \n\n<div class=\"kksr-icon\" style=\"width: 24px; height: 24px;\"><\/div>\n        <\/div>\n            <div class=\"kksr-star\" data-star=\"3\" style=\"padding-right: 1px\">\n            \n\n<div class=\"kksr-icon\" style=\"width: 24px; height: 24px;\"><\/div>\n        <\/div>\n            <div class=\"kksr-star\" data-star=\"4\" style=\"padding-right: 1px\">\n            \n\n<div class=\"kksr-icon\" style=\"width: 24px; height: 24px;\"><\/div>\n        <\/div>\n            <div class=\"kksr-star\" data-star=\"5\" style=\"padding-right: 1px\">\n            \n\n<div class=\"kksr-icon\" style=\"width: 24px; height: 24px;\"><\/div>\n        <\/div>\n    <\/div>\n    \n<div class=\"kksr-stars-active\" style=\"width: 0px;\">\n            <div class=\"kksr-star\" style=\"padding-right: 1px\">\n            \n\n<div class=\"kksr-icon\" style=\"width: 24px; height: 24px;\"><\/div>\n        <\/div>\n            <div class=\"kksr-star\" style=\"padding-right: 1px\">\n            \n\n<div class=\"kksr-icon\" style=\"width: 24px; height: 24px;\"><\/div>\n        <\/div>\n            <div class=\"kksr-star\" style=\"padding-right: 1px\">\n            \n\n<div class=\"kksr-icon\" style=\"width: 24px; height: 24px;\"><\/div>\n        <\/div>\n            <div class=\"kksr-star\" style=\"padding-right: 1px\">\n            \n\n<div class=\"kksr-icon\" style=\"width: 24px; height: 24px;\"><\/div>\n        <\/div>\n            <div class=\"kksr-star\" style=\"padding-right: 1px\">\n            \n\n<div class=\"kksr-icon\" style=\"width: 24px; height: 24px;\"><\/div>\n        <\/div>\n    <\/div>\n<\/div>\n                \n\n<div class=\"kksr-legend\" style=\"font-size: 19.2px;\">\n            <span class=\"kksr-muted\">Valora este art\u00edculo<\/span>\n    <\/div>\n    <\/div>\n","protected":false},"excerpt":{"rendered":"<p>Nos hemos declarado fans absolutos de los mercados de barrio  [&#8230;]<\/p>\n","protected":false},"author":4,"featured_media":7245,"comment_status":"closed","ping_status":"closed","sticky":false,"template":"","format":"standard","meta":{"footnotes":""},"categories":[79],"tags":[30,5],"class_list":["post-4530","post","type-post","status-publish","format-standard","has-post-thumbnail","hentry","category-vivir-madrid","tag-gastronomia","tag-madrid"],"yoast_head":"<!-- This site is optimized with the Yoast SEO plugin v27.4 - https:\/\/yoast.com\/product\/yoast-seo-wordpress\/ -->\n<title>Mercados de barrio en Madrid para comer<\/title>\n<meta name=\"description\" content=\"Mercados de barrio en Madrid que han sabido reinventarse para adaptarse a una nueva clientela joven y exigente:San Miguel,San Fernando,.....Por MadridfansBlog\" \/>\n<meta name=\"robots\" content=\"index, follow, max-snippet:-1, max-image-preview:large, max-video-preview:-1\" \/>\n<link rel=\"canonical\" href=\"https:\/\/www.proinca.es\/madridfansblog\/mercados-de-barrio-en-madrid-para-comer-sano-y-fresco\/\" \/>\n<meta property=\"og:locale\" content=\"es_ES\" \/>\n<meta property=\"og:type\" content=\"article\" \/>\n<meta property=\"og:title\" content=\"Mercados de barrio en Madrid para comer\" \/>\n<meta property=\"og:description\" content=\"Mercados de barrio en Madrid que han sabido reinventarse para adaptarse a una nueva clientela joven y exigente:San Miguel,San Fernando,.....Por MadridfansBlog\" \/>\n<meta property=\"og:url\" content=\"https:\/\/www.proinca.es\/madridfansblog\/mercados-de-barrio-en-madrid-para-comer-sano-y-fresco\/\" \/>\n<meta property=\"og:site_name\" content=\"Blog Proinca Madrid\" \/>\n<meta property=\"article:published_time\" content=\"2016-09-05T17:42:39+00:00\" \/>\n<meta property=\"article:modified_time\" content=\"2025-05-28T13:57:33+00:00\" \/>\n<meta property=\"og:image\" content=\"https:\/\/www.proinca.es\/madridfansblog\/wp-content\/uploads\/2016\/09\/mercados-de-barrio.jpg\" \/>\n\t<meta property=\"og:image:width\" content=\"1000\" \/>\n\t<meta property=\"og:image:height\" content=\"667\" \/>\n\t<meta property=\"og:image:type\" content=\"image\/jpeg\" \/>\n<meta name=\"author\" content=\"Ana Calero\" \/>\n<script type=\"application\/ld+json\" class=\"yoast-schema-graph\">{\"@context\":\"https:\\\/\\\/schema.org\",\"@graph\":[{\"@type\":\"Article\",\"@id\":\"https:\\\/\\\/www.proinca.es\\\/madridfansblog\\\/mercados-de-barrio-en-madrid-para-comer-sano-y-fresco\\\/#article\",\"isPartOf\":{\"@id\":\"https:\\\/\\\/www.proinca.es\\\/madridfansblog\\\/mercados-de-barrio-en-madrid-para-comer-sano-y-fresco\\\/\"},\"author\":{\"name\":\"Ana Calero\",\"@id\":\"https:\\\/\\\/www.proinca.es\\\/madridfansblog\\\/#\\\/schema\\\/person\\\/8401adc89c0a0f5a3574c43326247f1e\"},\"headline\":\"MERCADOS DE BARRIO EN MADRID PARA COMER SANO Y FRESCO\",\"datePublished\":\"2016-09-05T17:42:39+00:00\",\"dateModified\":\"2025-05-28T13:57:33+00:00\",\"mainEntityOfPage\":{\"@id\":\"https:\\\/\\\/www.proinca.es\\\/madridfansblog\\\/mercados-de-barrio-en-madrid-para-comer-sano-y-fresco\\\/\"},\"wordCount\":376,\"publisher\":{\"@id\":\"https:\\\/\\\/www.proinca.es\\\/madridfansblog\\\/#organization\"},\"image\":{\"@id\":\"https:\\\/\\\/www.proinca.es\\\/madridfansblog\\\/mercados-de-barrio-en-madrid-para-comer-sano-y-fresco\\\/#primaryimage\"},\"thumbnailUrl\":\"https:\\\/\\\/www.proinca.es\\\/madridfansblog\\\/wp-content\\\/uploads\\\/2016\\\/09\\\/mercados-de-barrio.jpg\",\"keywords\":[\"Gastronom\u00eda\",\"Madrid\"],\"articleSection\":[\"VIVIR MADRID\"],\"inLanguage\":\"es\"},{\"@type\":\"WebPage\",\"@id\":\"https:\\\/\\\/www.proinca.es\\\/madridfansblog\\\/mercados-de-barrio-en-madrid-para-comer-sano-y-fresco\\\/\",\"url\":\"https:\\\/\\\/www.proinca.es\\\/madridfansblog\\\/mercados-de-barrio-en-madrid-para-comer-sano-y-fresco\\\/\",\"name\":\"Mercados de barrio en Madrid para comer\",\"isPartOf\":{\"@id\":\"https:\\\/\\\/www.proinca.es\\\/madridfansblog\\\/#website\"},\"primaryImageOfPage\":{\"@id\":\"https:\\\/\\\/www.proinca.es\\\/madridfansblog\\\/mercados-de-barrio-en-madrid-para-comer-sano-y-fresco\\\/#primaryimage\"},\"image\":{\"@id\":\"https:\\\/\\\/www.proinca.es\\\/madridfansblog\\\/mercados-de-barrio-en-madrid-para-comer-sano-y-fresco\\\/#primaryimage\"},\"thumbnailUrl\":\"https:\\\/\\\/www.proinca.es\\\/madridfansblog\\\/wp-content\\\/uploads\\\/2016\\\/09\\\/mercados-de-barrio.jpg\",\"datePublished\":\"2016-09-05T17:42:39+00:00\",\"dateModified\":\"2025-05-28T13:57:33+00:00\",\"description\":\"Mercados de barrio en Madrid que han sabido reinventarse para adaptarse a una nueva clientela joven y exigente:San Miguel,San Fernando,.....Por MadridfansBlog\",\"inLanguage\":\"es\",\"potentialAction\":[{\"@type\":\"ReadAction\",\"target\":[\"https:\\\/\\\/www.proinca.es\\\/madridfansblog\\\/mercados-de-barrio-en-madrid-para-comer-sano-y-fresco\\\/\"]}]},{\"@type\":\"ImageObject\",\"inLanguage\":\"es\",\"@id\":\"https:\\\/\\\/www.proinca.es\\\/madridfansblog\\\/mercados-de-barrio-en-madrid-para-comer-sano-y-fresco\\\/#primaryimage\",\"url\":\"https:\\\/\\\/www.proinca.es\\\/madridfansblog\\\/wp-content\\\/uploads\\\/2016\\\/09\\\/mercados-de-barrio.jpg\",\"contentUrl\":\"https:\\\/\\\/www.proinca.es\\\/madridfansblog\\\/wp-content\\\/uploads\\\/2016\\\/09\\\/mercados-de-barrio.jpg\",\"width\":1000,\"height\":667,\"caption\":\"Mercados de barrio en Madrid para comer sano y fresco\"},{\"@type\":\"WebSite\",\"@id\":\"https:\\\/\\\/www.proinca.es\\\/madridfansblog\\\/#website\",\"url\":\"https:\\\/\\\/www.proinca.es\\\/madridfansblog\\\/\",\"name\":\"Madrid Fans Blog Proinca\",\"description\":\"Pisos y apartamentos de alquiler en Madrid\",\"publisher\":{\"@id\":\"https:\\\/\\\/www.proinca.es\\\/madridfansblog\\\/#organization\"},\"potentialAction\":[{\"@type\":\"SearchAction\",\"target\":{\"@type\":\"EntryPoint\",\"urlTemplate\":\"https:\\\/\\\/www.proinca.es\\\/madridfansblog\\\/?s={search_term_string}\"},\"query-input\":{\"@type\":\"PropertyValueSpecification\",\"valueRequired\":true,\"valueName\":\"search_term_string\"}}],\"inLanguage\":\"es\"},{\"@type\":\"Organization\",\"@id\":\"https:\\\/\\\/www.proinca.es\\\/madridfansblog\\\/#organization\",\"name\":\"Proinca\",\"url\":\"https:\\\/\\\/www.proinca.es\\\/madridfansblog\\\/\",\"logo\":{\"@type\":\"ImageObject\",\"inLanguage\":\"es\",\"@id\":\"https:\\\/\\\/www.proinca.es\\\/madridfansblog\\\/#\\\/schema\\\/logo\\\/image\\\/\",\"url\":\"https:\\\/\\\/www.proinca.es\\\/madridfansblog\\\/wp-content\\\/uploads\\\/2022\\\/03\\\/logo-proinca.jpg\",\"contentUrl\":\"https:\\\/\\\/www.proinca.es\\\/madridfansblog\\\/wp-content\\\/uploads\\\/2022\\\/03\\\/logo-proinca.jpg\",\"width\":522,\"height\":250,\"caption\":\"Proinca\"},\"image\":{\"@id\":\"https:\\\/\\\/www.proinca.es\\\/madridfansblog\\\/#\\\/schema\\\/logo\\\/image\\\/\"}},{\"@type\":\"Person\",\"@id\":\"https:\\\/\\\/www.proinca.es\\\/madridfansblog\\\/#\\\/schema\\\/person\\\/8401adc89c0a0f5a3574c43326247f1e\",\"name\":\"Ana Calero\",\"image\":{\"@type\":\"ImageObject\",\"inLanguage\":\"es\",\"@id\":\"https:\\\/\\\/www.proinca.es\\\/madridfansblog\\\/wp-content\\\/litespeed\\\/avatar\\\/ef51b25c0718910f475570320941ef46.jpg?ver=1777379772\",\"url\":\"https:\\\/\\\/www.proinca.es\\\/madridfansblog\\\/wp-content\\\/litespeed\\\/avatar\\\/ef51b25c0718910f475570320941ef46.jpg?ver=1777379772\",\"contentUrl\":\"https:\\\/\\\/www.proinca.es\\\/madridfansblog\\\/wp-content\\\/litespeed\\\/avatar\\\/ef51b25c0718910f475570320941ef46.jpg?ver=1777379772\",\"caption\":\"Ana Calero\"},\"description\":\"Licenciada en Ciencias Empresariales por la Universidad Aut\u00f3noma de Madrid. Forma parte del equipo de Apartamentos Proinca y es una enamorada de Madrid\",\"sameAs\":[\"https:\\\/\\\/www.proinca.es\\\/madridfansblog\\\/ana-calero\\\/\"]}]}<\/script>\n<!-- \/ Yoast SEO plugin. -->","yoast_head_json":{"title":"Mercados de barrio en Madrid para comer","description":"Mercados de barrio en Madrid que han sabido reinventarse para adaptarse a una nueva clientela joven y exigente:San Miguel,San Fernando,.....Por MadridfansBlog","robots":{"index":"index","follow":"follow","max-snippet":"max-snippet:-1","max-image-preview":"max-image-preview:large","max-video-preview":"max-video-preview:-1"},"canonical":"https:\/\/www.proinca.es\/madridfansblog\/mercados-de-barrio-en-madrid-para-comer-sano-y-fresco\/","og_locale":"es_ES","og_type":"article","og_title":"Mercados de barrio en Madrid para comer","og_description":"Mercados de barrio en Madrid que han sabido reinventarse para adaptarse a una nueva clientela joven y exigente:San Miguel,San Fernando,.....Por MadridfansBlog","og_url":"https:\/\/www.proinca.es\/madridfansblog\/mercados-de-barrio-en-madrid-para-comer-sano-y-fresco\/","og_site_name":"Blog Proinca Madrid","article_published_time":"2016-09-05T17:42:39+00:00","article_modified_time":"2025-05-28T13:57:33+00:00","og_image":[{"width":1000,"height":667,"url":"https:\/\/www.proinca.es\/madridfansblog\/wp-content\/uploads\/2016\/09\/mercados-de-barrio.jpg","type":"image\/jpeg"}],"author":"Ana Calero","schema":{"@context":"https:\/\/schema.org","@graph":[{"@type":"Article","@id":"https:\/\/www.proinca.es\/madridfansblog\/mercados-de-barrio-en-madrid-para-comer-sano-y-fresco\/#article","isPartOf":{"@id":"https:\/\/www.proinca.es\/madridfansblog\/mercados-de-barrio-en-madrid-para-comer-sano-y-fresco\/"},"author":{"name":"Ana Calero","@id":"https:\/\/www.proinca.es\/madridfansblog\/#\/schema\/person\/8401adc89c0a0f5a3574c43326247f1e"},"headline":"MERCADOS DE BARRIO EN MADRID PARA COMER SANO Y FRESCO","datePublished":"2016-09-05T17:42:39+00:00","dateModified":"2025-05-28T13:57:33+00:00","mainEntityOfPage":{"@id":"https:\/\/www.proinca.es\/madridfansblog\/mercados-de-barrio-en-madrid-para-comer-sano-y-fresco\/"},"wordCount":376,"publisher":{"@id":"https:\/\/www.proinca.es\/madridfansblog\/#organization"},"image":{"@id":"https:\/\/www.proinca.es\/madridfansblog\/mercados-de-barrio-en-madrid-para-comer-sano-y-fresco\/#primaryimage"},"thumbnailUrl":"https:\/\/www.proinca.es\/madridfansblog\/wp-content\/uploads\/2016\/09\/mercados-de-barrio.jpg","keywords":["Gastronom\u00eda","Madrid"],"articleSection":["VIVIR MADRID"],"inLanguage":"es"},{"@type":"WebPage","@id":"https:\/\/www.proinca.es\/madridfansblog\/mercados-de-barrio-en-madrid-para-comer-sano-y-fresco\/","url":"https:\/\/www.proinca.es\/madridfansblog\/mercados-de-barrio-en-madrid-para-comer-sano-y-fresco\/","name":"Mercados de barrio en Madrid para comer","isPartOf":{"@id":"https:\/\/www.proinca.es\/madridfansblog\/#website"},"primaryImageOfPage":{"@id":"https:\/\/www.proinca.es\/madridfansblog\/mercados-de-barrio-en-madrid-para-comer-sano-y-fresco\/#primaryimage"},"image":{"@id":"https:\/\/www.proinca.es\/madridfansblog\/mercados-de-barrio-en-madrid-para-comer-sano-y-fresco\/#primaryimage"},"thumbnailUrl":"https:\/\/www.proinca.es\/madridfansblog\/wp-content\/uploads\/2016\/09\/mercados-de-barrio.jpg","datePublished":"2016-09-05T17:42:39+00:00","dateModified":"2025-05-28T13:57:33+00:00","description":"Mercados de barrio en Madrid que han sabido reinventarse para adaptarse a una nueva clientela joven y exigente:San Miguel,San Fernando,.....Por MadridfansBlog","inLanguage":"es","potentialAction":[{"@type":"ReadAction","target":["https:\/\/www.proinca.es\/madridfansblog\/mercados-de-barrio-en-madrid-para-comer-sano-y-fresco\/"]}]},{"@type":"ImageObject","inLanguage":"es","@id":"https:\/\/www.proinca.es\/madridfansblog\/mercados-de-barrio-en-madrid-para-comer-sano-y-fresco\/#primaryimage","url":"https:\/\/www.proinca.es\/madridfansblog\/wp-content\/uploads\/2016\/09\/mercados-de-barrio.jpg","contentUrl":"https:\/\/www.proinca.es\/madridfansblog\/wp-content\/uploads\/2016\/09\/mercados-de-barrio.jpg","width":1000,"height":667,"caption":"Mercados de barrio en Madrid para comer sano y fresco"},{"@type":"WebSite","@id":"https:\/\/www.proinca.es\/madridfansblog\/#website","url":"https:\/\/www.proinca.es\/madridfansblog\/","name":"Madrid Fans Blog Proinca","description":"Pisos y apartamentos de alquiler en Madrid","publisher":{"@id":"https:\/\/www.proinca.es\/madridfansblog\/#organization"},"potentialAction":[{"@type":"SearchAction","target":{"@type":"EntryPoint","urlTemplate":"https:\/\/www.proinca.es\/madridfansblog\/?s={search_term_string}"},"query-input":{"@type":"PropertyValueSpecification","valueRequired":true,"valueName":"search_term_string"}}],"inLanguage":"es"},{"@type":"Organization","@id":"https:\/\/www.proinca.es\/madridfansblog\/#organization","name":"Proinca","url":"https:\/\/www.proinca.es\/madridfansblog\/","logo":{"@type":"ImageObject","inLanguage":"es","@id":"https:\/\/www.proinca.es\/madridfansblog\/#\/schema\/logo\/image\/","url":"https:\/\/www.proinca.es\/madridfansblog\/wp-content\/uploads\/2022\/03\/logo-proinca.jpg","contentUrl":"https:\/\/www.proinca.es\/madridfansblog\/wp-content\/uploads\/2022\/03\/logo-proinca.jpg","width":522,"height":250,"caption":"Proinca"},"image":{"@id":"https:\/\/www.proinca.es\/madridfansblog\/#\/schema\/logo\/image\/"}},{"@type":"Person","@id":"https:\/\/www.proinca.es\/madridfansblog\/#\/schema\/person\/8401adc89c0a0f5a3574c43326247f1e","name":"Ana Calero","image":{"@type":"ImageObject","inLanguage":"es","@id":"https:\/\/www.proinca.es\/madridfansblog\/wp-content\/litespeed\/avatar\/ef51b25c0718910f475570320941ef46.jpg?ver=1777379772","url":"https:\/\/www.proinca.es\/madridfansblog\/wp-content\/litespeed\/avatar\/ef51b25c0718910f475570320941ef46.jpg?ver=1777379772","contentUrl":"https:\/\/www.proinca.es\/madridfansblog\/wp-content\/litespeed\/avatar\/ef51b25c0718910f475570320941ef46.jpg?ver=1777379772","caption":"Ana Calero"},"description":"Licenciada en Ciencias Empresariales por la Universidad Aut\u00f3noma de Madrid. Forma parte del equipo de Apartamentos Proinca y es una enamorada de Madrid","sameAs":["https:\/\/www.proinca.es\/madridfansblog\/ana-calero\/"]}]}},"_links":{"self":[{"href":"https:\/\/www.proinca.es\/madridfansblog\/wp-json\/wp\/v2\/posts\/4530","targetHints":{"allow":["GET"]}}],"collection":[{"href":"https:\/\/www.proinca.es\/madridfansblog\/wp-json\/wp\/v2\/posts"}],"about":[{"href":"https:\/\/www.proinca.es\/madridfansblog\/wp-json\/wp\/v2\/types\/post"}],"author":[{"embeddable":true,"href":"https:\/\/www.proinca.es\/madridfansblog\/wp-json\/wp\/v2\/users\/4"}],"replies":[{"embeddable":true,"href":"https:\/\/www.proinca.es\/madridfansblog\/wp-json\/wp\/v2\/comments?post=4530"}],"version-history":[{"count":17,"href":"https:\/\/www.proinca.es\/madridfansblog\/wp-json\/wp\/v2\/posts\/4530\/revisions"}],"predecessor-version":[{"id":7473,"href":"https:\/\/www.proinca.es\/madridfansblog\/wp-json\/wp\/v2\/posts\/4530\/revisions\/7473"}],"wp:featuredmedia":[{"embeddable":true,"href":"https:\/\/www.proinca.es\/madridfansblog\/wp-json\/wp\/v2\/media\/7245"}],"wp:attachment":[{"href":"https:\/\/www.proinca.es\/madridfansblog\/wp-json\/wp\/v2\/media?parent=4530"}],"wp:term":[{"taxonomy":"category","embeddable":true,"href":"https:\/\/www.proinca.es\/madridfansblog\/wp-json\/wp\/v2\/categories?post=4530"},{"taxonomy":"post_tag","embeddable":true,"href":"https:\/\/www.proinca.es\/madridfansblog\/wp-json\/wp\/v2\/tags?post=4530"}],"curies":[{"name":"wp","href":"https:\/\/api.w.org\/{rel}","templated":true}]}}