{"id":4535,"date":"2016-08-28T23:06:17","date_gmt":"2016-08-28T21:06:17","guid":{"rendered":"http:\/\/www.proinca.es\/madridfansblog\/?p=4535"},"modified":"2025-05-28T15:53:57","modified_gmt":"2025-05-28T13:53:57","slug":"centros-comerciales-en-madrid-con-mucho-ocio-para-los-que-no-tienen-pueblo","status":"publish","type":"post","link":"https:\/\/www.proinca.es\/madridfansblog\/centros-comerciales-en-madrid-con-mucho-ocio-para-los-que-no-tienen-pueblo\/","title":{"rendered":"CENTROS COMERCIALES EN MADRID CON MUCHO OCIO PARA LOS QUE NO TIENEN PUEBLO"},"content":{"rendered":"<p>No todo el mundo tiene pueblo para escapar de la rutina en la capital madrile\u00f1a durante las vacaciones de verano ni un apartamento en primer l\u00ednea de playa o un unifamiliar en la sierra<!--more-->, hay quienes han de conformarse con la gran ciudad durante todas las \u00e9pocas del a\u00f1o. Podr\u00eda parecer que estas personas deben despertar en nosotros un sentimiento de compasi\u00f3n, nada m\u00e1s lejos de la realidad trat\u00e1ndose de la ciudad de <strong>Madrid<\/strong>, pues las opciones de ocio son infinitas incluso en la \u00e9poca estival. Un buen ejemplo: los <strong>centros comerciales<\/strong>. Los hay a pu\u00f1ados y con una oferta impresionante. Ah\u00ed van algunas grandes superficies que deber\u00edais visitar este verano, sobre todo si eres aventurero, deportista o tienes ni\u00f1os peque\u00f1os:<\/p>\n<p>&#8211; <strong>Vertical Park en Plenilunio<\/strong>. Tirolinas, roc\u00f3dromo y mucha adrenalina para quienes buscan emociones fuertes. En el centro comercial Plenilunio de Madrid encontrar\u00e9is un parque de aventura indoor con cuatro circuitos elevados y gran variedad de juegos.<\/p>\n<p>&#8211;<strong> Nieve en Xanad\u00fa<\/strong>. La \u00fanica pista de esqu\u00ed cubierta de Espa\u00f1a se encuentra en el interior de esta gran superficie que cuenta adem\u00e1s con bolera, minigolf, tirolina de 200 metros a 50 kil\u00f3metros por hora y espacio infantil Nickelodeon. Una opci\u00f3n perfecta para quienes quieren estrenarse este invierno como esquiadores y necesitan nociones b\u00e1sicas antes de arrancar.<\/p>\n<p>&#8211; <strong>Micr\u00f3polis<\/strong>. Cierra sus puertas en agosto, pero las abre de nuevo el 2 de septiembre. Se trata de una aut\u00e9ntica ciudad para ni\u00f1os con m\u00e1s de 30 espacios tematizados donde los peques aprenden el valor del trabajo a trav\u00e9s del juego. Una opci\u00f3n divertida y de lo m\u00e1s original en la que los ni\u00f1os aprenden a vivir como adultos ya que deben comprar alimentos, desempe\u00f1ar distintas profesiones (como periodista, bombero, polic\u00eda..), sacarse el carnet de conducir, etc. De hecho, los \u00fanicos ciudadanos son los propios ni\u00f1os, encargados de hacer que la ciudad funcione como debe.<\/p>\n<p>Informaci\u00f3n patrocinada por\u00a0<strong><a title=\"Proinca apartamentos de alquiler en Madrid\" href=\"http:\/\/www.proinca.es\" target=\"_blank\" rel=\"noopener\">Proinca: Apartamentos de alquiler en Madrid<\/a><\/strong><\/p>\n<p>Foto de Kentaro Toma en Unsplash<\/p>\n\n\n<div class=\"kk-star-ratings kksr-auto kksr-align-left kksr-valign-bottom\"\n    data-payload='{&quot;align&quot;:&quot;left&quot;,&quot;id&quot;:&quot;4535&quot;,&quot;slug&quot;:&quot;default&quot;,&quot;valign&quot;:&quot;bottom&quot;,&quot;ignore&quot;:&quot;&quot;,&quot;reference&quot;:&quot;auto&quot;,&quot;class&quot;:&quot;&quot;,&quot;count&quot;:&quot;0&quot;,&quot;legendonly&quot;:&quot;&quot;,&quot;readonly&quot;:&quot;&quot;,&quot;score&quot;:&quot;0&quot;,&quot;starsonly&quot;:&quot;&quot;,&quot;best&quot;:&quot;5&quot;,&quot;gap&quot;:&quot;1&quot;,&quot;greet&quot;:&quot;Valora este art\u00edculo&quot;,&quot;legend&quot;:&quot;0\\\/5 - (0 votos)&quot;,&quot;size&quot;:&quot;24&quot;,&quot;title&quot;:&quot;CENTROS COMERCIALES EN MADRID CON MUCHO OCIO PARA LOS QUE NO TIENEN PUEBLO&quot;,&quot;width&quot;:&quot;0&quot;,&quot;_legend&quot;:&quot;{score}\\\/{best} - ({count} {votes})&quot;,&quot;font_factor&quot;:&quot;1.25&quot;}'>\n            \n<div class=\"kksr-stars\">\n    \n<div class=\"kksr-stars-inactive\">\n            <div class=\"kksr-star\" data-star=\"1\" style=\"padding-right: 1px\">\n            \n\n<div class=\"kksr-icon\" style=\"width: 24px; height: 24px;\"><\/div>\n        <\/div>\n            <div class=\"kksr-star\" data-star=\"2\" style=\"padding-right: 1px\">\n            \n\n<div class=\"kksr-icon\" style=\"width: 24px; height: 24px;\"><\/div>\n        <\/div>\n            <div class=\"kksr-star\" data-star=\"3\" style=\"padding-right: 1px\">\n            \n\n<div class=\"kksr-icon\" style=\"width: 24px; height: 24px;\"><\/div>\n        <\/div>\n            <div class=\"kksr-star\" data-star=\"4\" style=\"padding-right: 1px\">\n            \n\n<div class=\"kksr-icon\" style=\"width: 24px; height: 24px;\"><\/div>\n        <\/div>\n            <div class=\"kksr-star\" data-star=\"5\" style=\"padding-right: 1px\">\n            \n\n<div class=\"kksr-icon\" style=\"width: 24px; height: 24px;\"><\/div>\n        <\/div>\n    <\/div>\n    \n<div class=\"kksr-stars-active\" style=\"width: 0px;\">\n            <div class=\"kksr-star\" style=\"padding-right: 1px\">\n            \n\n<div class=\"kksr-icon\" style=\"width: 24px; height: 24px;\"><\/div>\n        <\/div>\n            <div class=\"kksr-star\" style=\"padding-right: 1px\">\n            \n\n<div class=\"kksr-icon\" style=\"width: 24px; height: 24px;\"><\/div>\n        <\/div>\n            <div class=\"kksr-star\" style=\"padding-right: 1px\">\n            \n\n<div class=\"kksr-icon\" style=\"width: 24px; height: 24px;\"><\/div>\n        <\/div>\n            <div class=\"kksr-star\" style=\"padding-right: 1px\">\n            \n\n<div class=\"kksr-icon\" style=\"width: 24px; height: 24px;\"><\/div>\n        <\/div>\n            <div class=\"kksr-star\" style=\"padding-right: 1px\">\n            \n\n<div class=\"kksr-icon\" style=\"width: 24px; height: 24px;\"><\/div>\n        <\/div>\n    <\/div>\n<\/div>\n                \n\n<div class=\"kksr-legend\" style=\"font-size: 19.2px;\">\n            <span class=\"kksr-muted\">Valora este art\u00edculo<\/span>\n    <\/div>\n    <\/div>\n","protected":false},"excerpt":{"rendered":"<p>No todo el mundo tiene pueblo para escapar de la  [&#8230;]<\/p>\n","protected":false},"author":4,"featured_media":7239,"comment_status":"closed","ping_status":"closed","sticky":false,"template":"","format":"standard","meta":{"footnotes":""},"categories":[79],"tags":[54,5,20],"class_list":["post-4535","post","type-post","status-publish","format-standard","has-post-thumbnail","hentry","category-vivir-madrid","tag-deporte","tag-madrid","tag-ocio"],"yoast_head":"<!-- This site is optimized with the Yoast SEO plugin v27.4 - https:\/\/yoast.com\/product\/yoast-seo-wordpress\/ -->\n<title>Centros comerciales de Madrid en verano<\/title>\n<meta name=\"description\" content=\"Centros Comerciales de Madrid que deber\u00edais visitar este verano, sobre todo si eres aventurero, deportista o tienes ni\u00f1os peque\u00f1os: Por MadridFansblog\" \/>\n<meta name=\"robots\" content=\"index, follow, max-snippet:-1, max-image-preview:large, max-video-preview:-1\" \/>\n<link rel=\"canonical\" href=\"https:\/\/www.proinca.es\/madridfansblog\/centros-comerciales-en-madrid-con-mucho-ocio-para-los-que-no-tienen-pueblo\/\" \/>\n<meta property=\"og:locale\" content=\"es_ES\" \/>\n<meta property=\"og:type\" content=\"article\" \/>\n<meta property=\"og:title\" content=\"Centros comerciales de Madrid en verano\" \/>\n<meta property=\"og:description\" content=\"Centros Comerciales de Madrid que deber\u00edais visitar este verano, sobre todo si eres aventurero, deportista o tienes ni\u00f1os peque\u00f1os: Por MadridFansblog\" \/>\n<meta property=\"og:url\" content=\"https:\/\/www.proinca.es\/madridfansblog\/centros-comerciales-en-madrid-con-mucho-ocio-para-los-que-no-tienen-pueblo\/\" \/>\n<meta property=\"og:site_name\" content=\"Blog Proinca Madrid\" \/>\n<meta property=\"article:published_time\" content=\"2016-08-28T21:06:17+00:00\" \/>\n<meta property=\"article:modified_time\" content=\"2025-05-28T13:53:57+00:00\" \/>\n<meta property=\"og:image\" content=\"https:\/\/www.proinca.es\/madridfansblog\/wp-content\/uploads\/2016\/07\/centros-comerciales.jpg\" \/>\n\t<meta property=\"og:image:width\" content=\"1000\" \/>\n\t<meta property=\"og:image:height\" content=\"1500\" \/>\n\t<meta property=\"og:image:type\" content=\"image\/jpeg\" \/>\n<meta name=\"author\" content=\"Ana Calero\" \/>\n<script type=\"application\/ld+json\" class=\"yoast-schema-graph\">{\"@context\":\"https:\\\/\\\/schema.org\",\"@graph\":[{\"@type\":\"Article\",\"@id\":\"https:\\\/\\\/www.proinca.es\\\/madridfansblog\\\/centros-comerciales-en-madrid-con-mucho-ocio-para-los-que-no-tienen-pueblo\\\/#article\",\"isPartOf\":{\"@id\":\"https:\\\/\\\/www.proinca.es\\\/madridfansblog\\\/centros-comerciales-en-madrid-con-mucho-ocio-para-los-que-no-tienen-pueblo\\\/\"},\"author\":{\"name\":\"Ana Calero\",\"@id\":\"https:\\\/\\\/www.proinca.es\\\/madridfansblog\\\/#\\\/schema\\\/person\\\/8401adc89c0a0f5a3574c43326247f1e\"},\"headline\":\"CENTROS COMERCIALES EN MADRID CON MUCHO OCIO PARA LOS QUE NO TIENEN PUEBLO\",\"datePublished\":\"2016-08-28T21:06:17+00:00\",\"dateModified\":\"2025-05-28T13:53:57+00:00\",\"mainEntityOfPage\":{\"@id\":\"https:\\\/\\\/www.proinca.es\\\/madridfansblog\\\/centros-comerciales-en-madrid-con-mucho-ocio-para-los-que-no-tienen-pueblo\\\/\"},\"wordCount\":366,\"publisher\":{\"@id\":\"https:\\\/\\\/www.proinca.es\\\/madridfansblog\\\/#organization\"},\"image\":{\"@id\":\"https:\\\/\\\/www.proinca.es\\\/madridfansblog\\\/centros-comerciales-en-madrid-con-mucho-ocio-para-los-que-no-tienen-pueblo\\\/#primaryimage\"},\"thumbnailUrl\":\"https:\\\/\\\/www.proinca.es\\\/madridfansblog\\\/wp-content\\\/uploads\\\/2016\\\/07\\\/centros-comerciales.jpg\",\"keywords\":[\"Deporte\",\"Madrid\",\"Ocio\"],\"articleSection\":[\"VIVIR MADRID\"],\"inLanguage\":\"es\"},{\"@type\":\"WebPage\",\"@id\":\"https:\\\/\\\/www.proinca.es\\\/madridfansblog\\\/centros-comerciales-en-madrid-con-mucho-ocio-para-los-que-no-tienen-pueblo\\\/\",\"url\":\"https:\\\/\\\/www.proinca.es\\\/madridfansblog\\\/centros-comerciales-en-madrid-con-mucho-ocio-para-los-que-no-tienen-pueblo\\\/\",\"name\":\"Centros comerciales de Madrid en verano\",\"isPartOf\":{\"@id\":\"https:\\\/\\\/www.proinca.es\\\/madridfansblog\\\/#website\"},\"primaryImageOfPage\":{\"@id\":\"https:\\\/\\\/www.proinca.es\\\/madridfansblog\\\/centros-comerciales-en-madrid-con-mucho-ocio-para-los-que-no-tienen-pueblo\\\/#primaryimage\"},\"image\":{\"@id\":\"https:\\\/\\\/www.proinca.es\\\/madridfansblog\\\/centros-comerciales-en-madrid-con-mucho-ocio-para-los-que-no-tienen-pueblo\\\/#primaryimage\"},\"thumbnailUrl\":\"https:\\\/\\\/www.proinca.es\\\/madridfansblog\\\/wp-content\\\/uploads\\\/2016\\\/07\\\/centros-comerciales.jpg\",\"datePublished\":\"2016-08-28T21:06:17+00:00\",\"dateModified\":\"2025-05-28T13:53:57+00:00\",\"description\":\"Centros Comerciales de Madrid que deber\u00edais visitar este verano, sobre todo si eres aventurero, deportista o tienes ni\u00f1os peque\u00f1os: Por MadridFansblog\",\"inLanguage\":\"es\",\"potentialAction\":[{\"@type\":\"ReadAction\",\"target\":[\"https:\\\/\\\/www.proinca.es\\\/madridfansblog\\\/centros-comerciales-en-madrid-con-mucho-ocio-para-los-que-no-tienen-pueblo\\\/\"]}]},{\"@type\":\"ImageObject\",\"inLanguage\":\"es\",\"@id\":\"https:\\\/\\\/www.proinca.es\\\/madridfansblog\\\/centros-comerciales-en-madrid-con-mucho-ocio-para-los-que-no-tienen-pueblo\\\/#primaryimage\",\"url\":\"https:\\\/\\\/www.proinca.es\\\/madridfansblog\\\/wp-content\\\/uploads\\\/2016\\\/07\\\/centros-comerciales.jpg\",\"contentUrl\":\"https:\\\/\\\/www.proinca.es\\\/madridfansblog\\\/wp-content\\\/uploads\\\/2016\\\/07\\\/centros-comerciales.jpg\",\"width\":1000,\"height\":1500,\"caption\":\"Un plan divertido de verano en Madrid: caba\u00f1as en \u00e1rboles para todos\"},{\"@type\":\"WebSite\",\"@id\":\"https:\\\/\\\/www.proinca.es\\\/madridfansblog\\\/#website\",\"url\":\"https:\\\/\\\/www.proinca.es\\\/madridfansblog\\\/\",\"name\":\"Madrid Fans Blog Proinca\",\"description\":\"Pisos y apartamentos de alquiler en Madrid\",\"publisher\":{\"@id\":\"https:\\\/\\\/www.proinca.es\\\/madridfansblog\\\/#organization\"},\"potentialAction\":[{\"@type\":\"SearchAction\",\"target\":{\"@type\":\"EntryPoint\",\"urlTemplate\":\"https:\\\/\\\/www.proinca.es\\\/madridfansblog\\\/?s={search_term_string}\"},\"query-input\":{\"@type\":\"PropertyValueSpecification\",\"valueRequired\":true,\"valueName\":\"search_term_string\"}}],\"inLanguage\":\"es\"},{\"@type\":\"Organization\",\"@id\":\"https:\\\/\\\/www.proinca.es\\\/madridfansblog\\\/#organization\",\"name\":\"Proinca\",\"url\":\"https:\\\/\\\/www.proinca.es\\\/madridfansblog\\\/\",\"logo\":{\"@type\":\"ImageObject\",\"inLanguage\":\"es\",\"@id\":\"https:\\\/\\\/www.proinca.es\\\/madridfansblog\\\/#\\\/schema\\\/logo\\\/image\\\/\",\"url\":\"https:\\\/\\\/www.proinca.es\\\/madridfansblog\\\/wp-content\\\/uploads\\\/2022\\\/03\\\/logo-proinca.jpg\",\"contentUrl\":\"https:\\\/\\\/www.proinca.es\\\/madridfansblog\\\/wp-content\\\/uploads\\\/2022\\\/03\\\/logo-proinca.jpg\",\"width\":522,\"height\":250,\"caption\":\"Proinca\"},\"image\":{\"@id\":\"https:\\\/\\\/www.proinca.es\\\/madridfansblog\\\/#\\\/schema\\\/logo\\\/image\\\/\"}},{\"@type\":\"Person\",\"@id\":\"https:\\\/\\\/www.proinca.es\\\/madridfansblog\\\/#\\\/schema\\\/person\\\/8401adc89c0a0f5a3574c43326247f1e\",\"name\":\"Ana Calero\",\"image\":{\"@type\":\"ImageObject\",\"inLanguage\":\"es\",\"@id\":\"https:\\\/\\\/www.proinca.es\\\/madridfansblog\\\/wp-content\\\/litespeed\\\/avatar\\\/ef51b25c0718910f475570320941ef46.jpg?ver=1777379772\",\"url\":\"https:\\\/\\\/www.proinca.es\\\/madridfansblog\\\/wp-content\\\/litespeed\\\/avatar\\\/ef51b25c0718910f475570320941ef46.jpg?ver=1777379772\",\"contentUrl\":\"https:\\\/\\\/www.proinca.es\\\/madridfansblog\\\/wp-content\\\/litespeed\\\/avatar\\\/ef51b25c0718910f475570320941ef46.jpg?ver=1777379772\",\"caption\":\"Ana Calero\"},\"description\":\"Licenciada en Ciencias Empresariales por la Universidad Aut\u00f3noma de Madrid. Forma parte del equipo de Apartamentos Proinca y es una enamorada de Madrid\",\"sameAs\":[\"https:\\\/\\\/www.proinca.es\\\/madridfansblog\\\/ana-calero\\\/\"]}]}<\/script>\n<!-- \/ Yoast SEO plugin. -->","yoast_head_json":{"title":"Centros comerciales de Madrid en verano","description":"Centros Comerciales de Madrid que deber\u00edais visitar este verano, sobre todo si eres aventurero, deportista o tienes ni\u00f1os peque\u00f1os: Por MadridFansblog","robots":{"index":"index","follow":"follow","max-snippet":"max-snippet:-1","max-image-preview":"max-image-preview:large","max-video-preview":"max-video-preview:-1"},"canonical":"https:\/\/www.proinca.es\/madridfansblog\/centros-comerciales-en-madrid-con-mucho-ocio-para-los-que-no-tienen-pueblo\/","og_locale":"es_ES","og_type":"article","og_title":"Centros comerciales de Madrid en verano","og_description":"Centros Comerciales de Madrid que deber\u00edais visitar este verano, sobre todo si eres aventurero, deportista o tienes ni\u00f1os peque\u00f1os: Por MadridFansblog","og_url":"https:\/\/www.proinca.es\/madridfansblog\/centros-comerciales-en-madrid-con-mucho-ocio-para-los-que-no-tienen-pueblo\/","og_site_name":"Blog Proinca Madrid","article_published_time":"2016-08-28T21:06:17+00:00","article_modified_time":"2025-05-28T13:53:57+00:00","og_image":[{"width":1000,"height":1500,"url":"https:\/\/www.proinca.es\/madridfansblog\/wp-content\/uploads\/2016\/07\/centros-comerciales.jpg","type":"image\/jpeg"}],"author":"Ana Calero","schema":{"@context":"https:\/\/schema.org","@graph":[{"@type":"Article","@id":"https:\/\/www.proinca.es\/madridfansblog\/centros-comerciales-en-madrid-con-mucho-ocio-para-los-que-no-tienen-pueblo\/#article","isPartOf":{"@id":"https:\/\/www.proinca.es\/madridfansblog\/centros-comerciales-en-madrid-con-mucho-ocio-para-los-que-no-tienen-pueblo\/"},"author":{"name":"Ana Calero","@id":"https:\/\/www.proinca.es\/madridfansblog\/#\/schema\/person\/8401adc89c0a0f5a3574c43326247f1e"},"headline":"CENTROS COMERCIALES EN MADRID CON MUCHO OCIO PARA LOS QUE NO TIENEN PUEBLO","datePublished":"2016-08-28T21:06:17+00:00","dateModified":"2025-05-28T13:53:57+00:00","mainEntityOfPage":{"@id":"https:\/\/www.proinca.es\/madridfansblog\/centros-comerciales-en-madrid-con-mucho-ocio-para-los-que-no-tienen-pueblo\/"},"wordCount":366,"publisher":{"@id":"https:\/\/www.proinca.es\/madridfansblog\/#organization"},"image":{"@id":"https:\/\/www.proinca.es\/madridfansblog\/centros-comerciales-en-madrid-con-mucho-ocio-para-los-que-no-tienen-pueblo\/#primaryimage"},"thumbnailUrl":"https:\/\/www.proinca.es\/madridfansblog\/wp-content\/uploads\/2016\/07\/centros-comerciales.jpg","keywords":["Deporte","Madrid","Ocio"],"articleSection":["VIVIR MADRID"],"inLanguage":"es"},{"@type":"WebPage","@id":"https:\/\/www.proinca.es\/madridfansblog\/centros-comerciales-en-madrid-con-mucho-ocio-para-los-que-no-tienen-pueblo\/","url":"https:\/\/www.proinca.es\/madridfansblog\/centros-comerciales-en-madrid-con-mucho-ocio-para-los-que-no-tienen-pueblo\/","name":"Centros comerciales de Madrid en verano","isPartOf":{"@id":"https:\/\/www.proinca.es\/madridfansblog\/#website"},"primaryImageOfPage":{"@id":"https:\/\/www.proinca.es\/madridfansblog\/centros-comerciales-en-madrid-con-mucho-ocio-para-los-que-no-tienen-pueblo\/#primaryimage"},"image":{"@id":"https:\/\/www.proinca.es\/madridfansblog\/centros-comerciales-en-madrid-con-mucho-ocio-para-los-que-no-tienen-pueblo\/#primaryimage"},"thumbnailUrl":"https:\/\/www.proinca.es\/madridfansblog\/wp-content\/uploads\/2016\/07\/centros-comerciales.jpg","datePublished":"2016-08-28T21:06:17+00:00","dateModified":"2025-05-28T13:53:57+00:00","description":"Centros Comerciales de Madrid que deber\u00edais visitar este verano, sobre todo si eres aventurero, deportista o tienes ni\u00f1os peque\u00f1os: Por MadridFansblog","inLanguage":"es","potentialAction":[{"@type":"ReadAction","target":["https:\/\/www.proinca.es\/madridfansblog\/centros-comerciales-en-madrid-con-mucho-ocio-para-los-que-no-tienen-pueblo\/"]}]},{"@type":"ImageObject","inLanguage":"es","@id":"https:\/\/www.proinca.es\/madridfansblog\/centros-comerciales-en-madrid-con-mucho-ocio-para-los-que-no-tienen-pueblo\/#primaryimage","url":"https:\/\/www.proinca.es\/madridfansblog\/wp-content\/uploads\/2016\/07\/centros-comerciales.jpg","contentUrl":"https:\/\/www.proinca.es\/madridfansblog\/wp-content\/uploads\/2016\/07\/centros-comerciales.jpg","width":1000,"height":1500,"caption":"Un plan divertido de verano en Madrid: caba\u00f1as en \u00e1rboles para todos"},{"@type":"WebSite","@id":"https:\/\/www.proinca.es\/madridfansblog\/#website","url":"https:\/\/www.proinca.es\/madridfansblog\/","name":"Madrid Fans Blog Proinca","description":"Pisos y apartamentos de alquiler en Madrid","publisher":{"@id":"https:\/\/www.proinca.es\/madridfansblog\/#organization"},"potentialAction":[{"@type":"SearchAction","target":{"@type":"EntryPoint","urlTemplate":"https:\/\/www.proinca.es\/madridfansblog\/?s={search_term_string}"},"query-input":{"@type":"PropertyValueSpecification","valueRequired":true,"valueName":"search_term_string"}}],"inLanguage":"es"},{"@type":"Organization","@id":"https:\/\/www.proinca.es\/madridfansblog\/#organization","name":"Proinca","url":"https:\/\/www.proinca.es\/madridfansblog\/","logo":{"@type":"ImageObject","inLanguage":"es","@id":"https:\/\/www.proinca.es\/madridfansblog\/#\/schema\/logo\/image\/","url":"https:\/\/www.proinca.es\/madridfansblog\/wp-content\/uploads\/2022\/03\/logo-proinca.jpg","contentUrl":"https:\/\/www.proinca.es\/madridfansblog\/wp-content\/uploads\/2022\/03\/logo-proinca.jpg","width":522,"height":250,"caption":"Proinca"},"image":{"@id":"https:\/\/www.proinca.es\/madridfansblog\/#\/schema\/logo\/image\/"}},{"@type":"Person","@id":"https:\/\/www.proinca.es\/madridfansblog\/#\/schema\/person\/8401adc89c0a0f5a3574c43326247f1e","name":"Ana Calero","image":{"@type":"ImageObject","inLanguage":"es","@id":"https:\/\/www.proinca.es\/madridfansblog\/wp-content\/litespeed\/avatar\/ef51b25c0718910f475570320941ef46.jpg?ver=1777379772","url":"https:\/\/www.proinca.es\/madridfansblog\/wp-content\/litespeed\/avatar\/ef51b25c0718910f475570320941ef46.jpg?ver=1777379772","contentUrl":"https:\/\/www.proinca.es\/madridfansblog\/wp-content\/litespeed\/avatar\/ef51b25c0718910f475570320941ef46.jpg?ver=1777379772","caption":"Ana Calero"},"description":"Licenciada en Ciencias Empresariales por la Universidad Aut\u00f3noma de Madrid. Forma parte del equipo de Apartamentos Proinca y es una enamorada de Madrid","sameAs":["https:\/\/www.proinca.es\/madridfansblog\/ana-calero\/"]}]}},"_links":{"self":[{"href":"https:\/\/www.proinca.es\/madridfansblog\/wp-json\/wp\/v2\/posts\/4535","targetHints":{"allow":["GET"]}}],"collection":[{"href":"https:\/\/www.proinca.es\/madridfansblog\/wp-json\/wp\/v2\/posts"}],"about":[{"href":"https:\/\/www.proinca.es\/madridfansblog\/wp-json\/wp\/v2\/types\/post"}],"author":[{"embeddable":true,"href":"https:\/\/www.proinca.es\/madridfansblog\/wp-json\/wp\/v2\/users\/4"}],"replies":[{"embeddable":true,"href":"https:\/\/www.proinca.es\/madridfansblog\/wp-json\/wp\/v2\/comments?post=4535"}],"version-history":[{"count":14,"href":"https:\/\/www.proinca.es\/madridfansblog\/wp-json\/wp\/v2\/posts\/4535\/revisions"}],"predecessor-version":[{"id":7474,"href":"https:\/\/www.proinca.es\/madridfansblog\/wp-json\/wp\/v2\/posts\/4535\/revisions\/7474"}],"wp:featuredmedia":[{"embeddable":true,"href":"https:\/\/www.proinca.es\/madridfansblog\/wp-json\/wp\/v2\/media\/7239"}],"wp:attachment":[{"href":"https:\/\/www.proinca.es\/madridfansblog\/wp-json\/wp\/v2\/media?parent=4535"}],"wp:term":[{"taxonomy":"category","embeddable":true,"href":"https:\/\/www.proinca.es\/madridfansblog\/wp-json\/wp\/v2\/categories?post=4535"},{"taxonomy":"post_tag","embeddable":true,"href":"https:\/\/www.proinca.es\/madridfansblog\/wp-json\/wp\/v2\/tags?post=4535"}],"curies":[{"name":"wp","href":"https:\/\/api.w.org\/{rel}","templated":true}]}}