{"id":4629,"date":"2016-10-25T17:53:28","date_gmt":"2016-10-25T15:53:28","guid":{"rendered":"http:\/\/www.proinca.es\/madridfansblog\/?p=4629"},"modified":"2025-05-28T15:53:36","modified_gmt":"2025-05-28T13:53:36","slug":"tapapies-2016-te-estabamos-esperando","status":"publish","type":"post","link":"https:\/\/www.proinca.es\/madridfansblog\/tapapies-2016-te-estabamos-esperando\/","title":{"rendered":"TAPAPI\u00c9S 2016 \u00a1 TE EST\u00c1BAMOS ESPERANDO !"},"content":{"rendered":"<p>La sexta edici\u00f3n de la ruta multicultural de las tapas y m\u00fasica en Lavapi\u00e9s \u00ab<strong> Tapapi\u00e9s 2016<\/strong>\u00bb ha comenzado para deleite de quienes est\u00e1bamos impacientes por estrenar esta nueva convocatoria<!--more-->, una de las mejores citas de la ciudad de<strong> Madrid<\/strong> en lo que ha peque\u00f1a gastronom\u00eda y espect\u00e1culos se refiere.<\/p>\n<p>&nbsp;<\/p>\n<p><strong>Tapapi\u00e9s 2016<\/strong> tendr\u00e1 lugar hasta el pr\u00f3ximo 30 de octubre, diez d\u00edas en los que el barrio m\u00e1s castizo y multirracial de <strong>Madrid<\/strong> se convertir\u00e1 en un hervidero de gente y en los que podremos degustar hasta 120 tapas en varios establecimientos de la zona (entre ellos los locales y tiendas gourmet de los mercados de abastos San Fernando y Ant\u00f3n Mart\u00edn) y 63 actuaciones musicales y de animaci\u00f3n al aire libre.<\/p>\n<p>La cocina fusi\u00f3n pretende ser la protagonista de esta edici\u00f3n en la que podremos poner a prueba nuestros paladares por 1,5 euros la tapa, un euro m\u00e1s si la acompa\u00f1amos de un botell\u00edn o ca\u00f1a Estrella Damm, marca patrocinadora del evento.<\/p>\n<p>Adem\u00e1s de fusi\u00f3n en la cocina, disfrutaremos de fusi\u00f3n musical, ya que las actuaciones correr\u00e1n a cargo de una treintena de bandas nacionales que conjugar\u00e1n desde rap a capella, swing, rock\u2019n roll o reggae.<\/p>\n<p>Este a\u00f1o, el p\u00fablico infantil tendr\u00e1 tambi\u00e9n su espacio en <strong>Tapapi\u00e9s<\/strong> <strong>2016<\/strong> con teatro y circo callejero destinado a los m\u00e1s peques. Adem\u00e1s, salas y comercios de la zona han querido sumarse a la iniciativa con diferentes ventajas, por ejemplo, algunas de las salas de teatro de este barrio de <strong>Madrid<\/strong> ofrecen descuentos en sus actuaciones para sumarse as\u00ed a esta iniciativa cultural y diferentes comercios de textil, decoraci\u00f3n, etc. de Lavapi\u00e9s practican descuentos por compra.<\/p>\n<p>Para no perderte en el mar de tapas y actuaciones de <strong>Tapapi\u00e9s 2016<\/strong>, puedes descargarte la aplicaci\u00f3n m\u00f3vil del evento y visualizar todos los detalles desde su p\u00e1gina web.<\/p>\n<p>Informaci\u00f3n patrocinada por\u00a0<strong><a title=\"Proinca apartamentos de alquiler en Madrid\" href=\"http:\/\/www.proinca.es\" target=\"_blank\" rel=\"noopener\">Proinca: Apartamentos de alquiler en Madrid<\/a><\/strong><\/p>\n<p>Fuente imagen: www.tapapies.com<\/p>\n\n\n<div class=\"kk-star-ratings kksr-auto kksr-align-left kksr-valign-bottom\"\n    data-payload='{&quot;align&quot;:&quot;left&quot;,&quot;id&quot;:&quot;4629&quot;,&quot;slug&quot;:&quot;default&quot;,&quot;valign&quot;:&quot;bottom&quot;,&quot;ignore&quot;:&quot;&quot;,&quot;reference&quot;:&quot;auto&quot;,&quot;class&quot;:&quot;&quot;,&quot;count&quot;:&quot;0&quot;,&quot;legendonly&quot;:&quot;&quot;,&quot;readonly&quot;:&quot;&quot;,&quot;score&quot;:&quot;0&quot;,&quot;starsonly&quot;:&quot;&quot;,&quot;best&quot;:&quot;5&quot;,&quot;gap&quot;:&quot;1&quot;,&quot;greet&quot;:&quot;Valora este art\u00edculo&quot;,&quot;legend&quot;:&quot;0\\\/5 - (0 votos)&quot;,&quot;size&quot;:&quot;24&quot;,&quot;title&quot;:&quot;TAPAPI\u00c9S 2016 \u00a1 TE EST\u00c1BAMOS ESPERANDO !&quot;,&quot;width&quot;:&quot;0&quot;,&quot;_legend&quot;:&quot;{score}\\\/{best} - ({count} {votes})&quot;,&quot;font_factor&quot;:&quot;1.25&quot;}'>\n            \n<div class=\"kksr-stars\">\n    \n<div class=\"kksr-stars-inactive\">\n            <div class=\"kksr-star\" data-star=\"1\" style=\"padding-right: 1px\">\n            \n\n<div class=\"kksr-icon\" style=\"width: 24px; height: 24px;\"><\/div>\n        <\/div>\n            <div class=\"kksr-star\" data-star=\"2\" style=\"padding-right: 1px\">\n            \n\n<div class=\"kksr-icon\" style=\"width: 24px; height: 24px;\"><\/div>\n        <\/div>\n            <div class=\"kksr-star\" data-star=\"3\" style=\"padding-right: 1px\">\n            \n\n<div class=\"kksr-icon\" style=\"width: 24px; height: 24px;\"><\/div>\n        <\/div>\n            <div class=\"kksr-star\" data-star=\"4\" style=\"padding-right: 1px\">\n            \n\n<div class=\"kksr-icon\" style=\"width: 24px; height: 24px;\"><\/div>\n        <\/div>\n            <div class=\"kksr-star\" data-star=\"5\" style=\"padding-right: 1px\">\n            \n\n<div class=\"kksr-icon\" style=\"width: 24px; height: 24px;\"><\/div>\n        <\/div>\n    <\/div>\n    \n<div class=\"kksr-stars-active\" style=\"width: 0px;\">\n            <div class=\"kksr-star\" style=\"padding-right: 1px\">\n            \n\n<div class=\"kksr-icon\" style=\"width: 24px; height: 24px;\"><\/div>\n        <\/div>\n            <div class=\"kksr-star\" style=\"padding-right: 1px\">\n            \n\n<div class=\"kksr-icon\" style=\"width: 24px; height: 24px;\"><\/div>\n        <\/div>\n            <div class=\"kksr-star\" style=\"padding-right: 1px\">\n            \n\n<div class=\"kksr-icon\" style=\"width: 24px; height: 24px;\"><\/div>\n        <\/div>\n            <div class=\"kksr-star\" style=\"padding-right: 1px\">\n            \n\n<div class=\"kksr-icon\" style=\"width: 24px; height: 24px;\"><\/div>\n        <\/div>\n            <div class=\"kksr-star\" style=\"padding-right: 1px\">\n            \n\n<div class=\"kksr-icon\" style=\"width: 24px; height: 24px;\"><\/div>\n        <\/div>\n    <\/div>\n<\/div>\n                \n\n<div class=\"kksr-legend\" style=\"font-size: 19.2px;\">\n            <span class=\"kksr-muted\">Valora este art\u00edculo<\/span>\n    <\/div>\n    <\/div>\n","protected":false},"excerpt":{"rendered":"<p>La sexta edici\u00f3n de la ruta multicultural de las tapas  [&#8230;]<\/p>\n","protected":false},"author":4,"featured_media":4640,"comment_status":"closed","ping_status":"closed","sticky":false,"template":"","format":"standard","meta":{"footnotes":""},"categories":[79],"tags":[70,30,5],"class_list":["post-4629","post","type-post","status-publish","format-standard","has-post-thumbnail","hentry","category-vivir-madrid","tag-festivales","tag-gastronomia","tag-madrid"],"yoast_head":"<!-- This site is optimized with the Yoast SEO plugin v27.4 - https:\/\/yoast.com\/product\/yoast-seo-wordpress\/ -->\n<title>Tapap\u00edes 2016 \u00a1Te est\u00e1bamos esperando!<\/title>\n<meta name=\"description\" content=\"La sexta edici\u00f3n de la ruta multicultural de las tapas y m\u00fasica en Lavapi\u00e9s ha comenzado,&quot;Tapapi\u00e9s 2016&quot;.Una de las mejores citas de Madrid .Por MadridfansBlog\" \/>\n<meta name=\"robots\" content=\"index, follow, max-snippet:-1, max-image-preview:large, max-video-preview:-1\" \/>\n<link rel=\"canonical\" href=\"https:\/\/www.proinca.es\/madridfansblog\/tapapies-2016-te-estabamos-esperando\/\" \/>\n<meta property=\"og:locale\" content=\"es_ES\" \/>\n<meta property=\"og:type\" content=\"article\" \/>\n<meta property=\"og:title\" content=\"Tapap\u00edes 2016 \u00a1Te est\u00e1bamos esperando!\" \/>\n<meta property=\"og:description\" content=\"La sexta edici\u00f3n de la ruta multicultural de las tapas y m\u00fasica en Lavapi\u00e9s ha comenzado,&quot;Tapapi\u00e9s 2016&quot;.Una de las mejores citas de Madrid .Por MadridfansBlog\" \/>\n<meta property=\"og:url\" content=\"https:\/\/www.proinca.es\/madridfansblog\/tapapies-2016-te-estabamos-esperando\/\" \/>\n<meta property=\"og:site_name\" content=\"Blog Proinca Madrid\" \/>\n<meta property=\"article:published_time\" content=\"2016-10-25T15:53:28+00:00\" \/>\n<meta property=\"article:modified_time\" content=\"2025-05-28T13:53:36+00:00\" \/>\n<meta property=\"og:image\" content=\"https:\/\/www.proinca.es\/madridfansblog\/wp-content\/uploads\/2016\/10\/proinca_madridfansblog_tapapies_2016_-6.jpg\" \/>\n\t<meta property=\"og:image:width\" content=\"600\" \/>\n\t<meta property=\"og:image:height\" content=\"270\" \/>\n\t<meta property=\"og:image:type\" content=\"image\/jpeg\" \/>\n<meta name=\"author\" content=\"Ana Calero\" \/>\n<script type=\"application\/ld+json\" class=\"yoast-schema-graph\">{\"@context\":\"https:\\\/\\\/schema.org\",\"@graph\":[{\"@type\":\"Article\",\"@id\":\"https:\\\/\\\/www.proinca.es\\\/madridfansblog\\\/tapapies-2016-te-estabamos-esperando\\\/#article\",\"isPartOf\":{\"@id\":\"https:\\\/\\\/www.proinca.es\\\/madridfansblog\\\/tapapies-2016-te-estabamos-esperando\\\/\"},\"author\":{\"name\":\"Ana Calero\",\"@id\":\"https:\\\/\\\/www.proinca.es\\\/madridfansblog\\\/#\\\/schema\\\/person\\\/8401adc89c0a0f5a3574c43326247f1e\"},\"headline\":\"TAPAPI\u00c9S 2016 \u00a1 TE EST\u00c1BAMOS ESPERANDO !\",\"datePublished\":\"2016-10-25T15:53:28+00:00\",\"dateModified\":\"2025-05-28T13:53:36+00:00\",\"mainEntityOfPage\":{\"@id\":\"https:\\\/\\\/www.proinca.es\\\/madridfansblog\\\/tapapies-2016-te-estabamos-esperando\\\/\"},\"wordCount\":354,\"publisher\":{\"@id\":\"https:\\\/\\\/www.proinca.es\\\/madridfansblog\\\/#organization\"},\"image\":{\"@id\":\"https:\\\/\\\/www.proinca.es\\\/madridfansblog\\\/tapapies-2016-te-estabamos-esperando\\\/#primaryimage\"},\"thumbnailUrl\":\"https:\\\/\\\/www.proinca.es\\\/madridfansblog\\\/wp-content\\\/uploads\\\/2016\\\/10\\\/proinca_madridfansblog_tapapies_2016_-6.jpg\",\"keywords\":[\"Festivales\",\"Gastronom\u00eda\",\"Madrid\"],\"articleSection\":[\"VIVIR MADRID\"],\"inLanguage\":\"es\"},{\"@type\":\"WebPage\",\"@id\":\"https:\\\/\\\/www.proinca.es\\\/madridfansblog\\\/tapapies-2016-te-estabamos-esperando\\\/\",\"url\":\"https:\\\/\\\/www.proinca.es\\\/madridfansblog\\\/tapapies-2016-te-estabamos-esperando\\\/\",\"name\":\"Tapap\u00edes 2016 \u00a1Te est\u00e1bamos esperando!\",\"isPartOf\":{\"@id\":\"https:\\\/\\\/www.proinca.es\\\/madridfansblog\\\/#website\"},\"primaryImageOfPage\":{\"@id\":\"https:\\\/\\\/www.proinca.es\\\/madridfansblog\\\/tapapies-2016-te-estabamos-esperando\\\/#primaryimage\"},\"image\":{\"@id\":\"https:\\\/\\\/www.proinca.es\\\/madridfansblog\\\/tapapies-2016-te-estabamos-esperando\\\/#primaryimage\"},\"thumbnailUrl\":\"https:\\\/\\\/www.proinca.es\\\/madridfansblog\\\/wp-content\\\/uploads\\\/2016\\\/10\\\/proinca_madridfansblog_tapapies_2016_-6.jpg\",\"datePublished\":\"2016-10-25T15:53:28+00:00\",\"dateModified\":\"2025-05-28T13:53:36+00:00\",\"description\":\"La sexta edici\u00f3n de la ruta multicultural de las tapas y m\u00fasica en Lavapi\u00e9s ha comenzado,\\\"Tapapi\u00e9s 2016\\\".Una de las mejores citas de Madrid .Por MadridfansBlog\",\"inLanguage\":\"es\",\"potentialAction\":[{\"@type\":\"ReadAction\",\"target\":[\"https:\\\/\\\/www.proinca.es\\\/madridfansblog\\\/tapapies-2016-te-estabamos-esperando\\\/\"]}]},{\"@type\":\"ImageObject\",\"inLanguage\":\"es\",\"@id\":\"https:\\\/\\\/www.proinca.es\\\/madridfansblog\\\/tapapies-2016-te-estabamos-esperando\\\/#primaryimage\",\"url\":\"https:\\\/\\\/www.proinca.es\\\/madridfansblog\\\/wp-content\\\/uploads\\\/2016\\\/10\\\/proinca_madridfansblog_tapapies_2016_-6.jpg\",\"contentUrl\":\"https:\\\/\\\/www.proinca.es\\\/madridfansblog\\\/wp-content\\\/uploads\\\/2016\\\/10\\\/proinca_madridfansblog_tapapies_2016_-6.jpg\",\"width\":600,\"height\":270,\"caption\":\"proinca madridfansblog tapapies 2016 6\"},{\"@type\":\"WebSite\",\"@id\":\"https:\\\/\\\/www.proinca.es\\\/madridfansblog\\\/#website\",\"url\":\"https:\\\/\\\/www.proinca.es\\\/madridfansblog\\\/\",\"name\":\"Madrid Fans Blog Proinca\",\"description\":\"Pisos y apartamentos de alquiler en Madrid\",\"publisher\":{\"@id\":\"https:\\\/\\\/www.proinca.es\\\/madridfansblog\\\/#organization\"},\"potentialAction\":[{\"@type\":\"SearchAction\",\"target\":{\"@type\":\"EntryPoint\",\"urlTemplate\":\"https:\\\/\\\/www.proinca.es\\\/madridfansblog\\\/?s={search_term_string}\"},\"query-input\":{\"@type\":\"PropertyValueSpecification\",\"valueRequired\":true,\"valueName\":\"search_term_string\"}}],\"inLanguage\":\"es\"},{\"@type\":\"Organization\",\"@id\":\"https:\\\/\\\/www.proinca.es\\\/madridfansblog\\\/#organization\",\"name\":\"Proinca\",\"url\":\"https:\\\/\\\/www.proinca.es\\\/madridfansblog\\\/\",\"logo\":{\"@type\":\"ImageObject\",\"inLanguage\":\"es\",\"@id\":\"https:\\\/\\\/www.proinca.es\\\/madridfansblog\\\/#\\\/schema\\\/logo\\\/image\\\/\",\"url\":\"https:\\\/\\\/www.proinca.es\\\/madridfansblog\\\/wp-content\\\/uploads\\\/2022\\\/03\\\/logo-proinca.jpg\",\"contentUrl\":\"https:\\\/\\\/www.proinca.es\\\/madridfansblog\\\/wp-content\\\/uploads\\\/2022\\\/03\\\/logo-proinca.jpg\",\"width\":522,\"height\":250,\"caption\":\"Proinca\"},\"image\":{\"@id\":\"https:\\\/\\\/www.proinca.es\\\/madridfansblog\\\/#\\\/schema\\\/logo\\\/image\\\/\"}},{\"@type\":\"Person\",\"@id\":\"https:\\\/\\\/www.proinca.es\\\/madridfansblog\\\/#\\\/schema\\\/person\\\/8401adc89c0a0f5a3574c43326247f1e\",\"name\":\"Ana Calero\",\"image\":{\"@type\":\"ImageObject\",\"inLanguage\":\"es\",\"@id\":\"https:\\\/\\\/www.proinca.es\\\/madridfansblog\\\/wp-content\\\/litespeed\\\/avatar\\\/ef51b25c0718910f475570320941ef46.jpg?ver=1777379772\",\"url\":\"https:\\\/\\\/www.proinca.es\\\/madridfansblog\\\/wp-content\\\/litespeed\\\/avatar\\\/ef51b25c0718910f475570320941ef46.jpg?ver=1777379772\",\"contentUrl\":\"https:\\\/\\\/www.proinca.es\\\/madridfansblog\\\/wp-content\\\/litespeed\\\/avatar\\\/ef51b25c0718910f475570320941ef46.jpg?ver=1777379772\",\"caption\":\"Ana Calero\"},\"description\":\"Licenciada en Ciencias Empresariales por la Universidad Aut\u00f3noma de Madrid. Forma parte del equipo de Apartamentos Proinca y es una enamorada de Madrid\",\"sameAs\":[\"https:\\\/\\\/www.proinca.es\\\/madridfansblog\\\/ana-calero\\\/\"]}]}<\/script>\n<!-- \/ Yoast SEO plugin. -->","yoast_head_json":{"title":"Tapap\u00edes 2016 \u00a1Te est\u00e1bamos esperando!","description":"La sexta edici\u00f3n de la ruta multicultural de las tapas y m\u00fasica en Lavapi\u00e9s ha comenzado,\"Tapapi\u00e9s 2016\".Una de las mejores citas de Madrid .Por MadridfansBlog","robots":{"index":"index","follow":"follow","max-snippet":"max-snippet:-1","max-image-preview":"max-image-preview:large","max-video-preview":"max-video-preview:-1"},"canonical":"https:\/\/www.proinca.es\/madridfansblog\/tapapies-2016-te-estabamos-esperando\/","og_locale":"es_ES","og_type":"article","og_title":"Tapap\u00edes 2016 \u00a1Te est\u00e1bamos esperando!","og_description":"La sexta edici\u00f3n de la ruta multicultural de las tapas y m\u00fasica en Lavapi\u00e9s ha comenzado,\"Tapapi\u00e9s 2016\".Una de las mejores citas de Madrid .Por MadridfansBlog","og_url":"https:\/\/www.proinca.es\/madridfansblog\/tapapies-2016-te-estabamos-esperando\/","og_site_name":"Blog Proinca Madrid","article_published_time":"2016-10-25T15:53:28+00:00","article_modified_time":"2025-05-28T13:53:36+00:00","og_image":[{"width":600,"height":270,"url":"https:\/\/www.proinca.es\/madridfansblog\/wp-content\/uploads\/2016\/10\/proinca_madridfansblog_tapapies_2016_-6.jpg","type":"image\/jpeg"}],"author":"Ana Calero","schema":{"@context":"https:\/\/schema.org","@graph":[{"@type":"Article","@id":"https:\/\/www.proinca.es\/madridfansblog\/tapapies-2016-te-estabamos-esperando\/#article","isPartOf":{"@id":"https:\/\/www.proinca.es\/madridfansblog\/tapapies-2016-te-estabamos-esperando\/"},"author":{"name":"Ana Calero","@id":"https:\/\/www.proinca.es\/madridfansblog\/#\/schema\/person\/8401adc89c0a0f5a3574c43326247f1e"},"headline":"TAPAPI\u00c9S 2016 \u00a1 TE EST\u00c1BAMOS ESPERANDO !","datePublished":"2016-10-25T15:53:28+00:00","dateModified":"2025-05-28T13:53:36+00:00","mainEntityOfPage":{"@id":"https:\/\/www.proinca.es\/madridfansblog\/tapapies-2016-te-estabamos-esperando\/"},"wordCount":354,"publisher":{"@id":"https:\/\/www.proinca.es\/madridfansblog\/#organization"},"image":{"@id":"https:\/\/www.proinca.es\/madridfansblog\/tapapies-2016-te-estabamos-esperando\/#primaryimage"},"thumbnailUrl":"https:\/\/www.proinca.es\/madridfansblog\/wp-content\/uploads\/2016\/10\/proinca_madridfansblog_tapapies_2016_-6.jpg","keywords":["Festivales","Gastronom\u00eda","Madrid"],"articleSection":["VIVIR MADRID"],"inLanguage":"es"},{"@type":"WebPage","@id":"https:\/\/www.proinca.es\/madridfansblog\/tapapies-2016-te-estabamos-esperando\/","url":"https:\/\/www.proinca.es\/madridfansblog\/tapapies-2016-te-estabamos-esperando\/","name":"Tapap\u00edes 2016 \u00a1Te est\u00e1bamos esperando!","isPartOf":{"@id":"https:\/\/www.proinca.es\/madridfansblog\/#website"},"primaryImageOfPage":{"@id":"https:\/\/www.proinca.es\/madridfansblog\/tapapies-2016-te-estabamos-esperando\/#primaryimage"},"image":{"@id":"https:\/\/www.proinca.es\/madridfansblog\/tapapies-2016-te-estabamos-esperando\/#primaryimage"},"thumbnailUrl":"https:\/\/www.proinca.es\/madridfansblog\/wp-content\/uploads\/2016\/10\/proinca_madridfansblog_tapapies_2016_-6.jpg","datePublished":"2016-10-25T15:53:28+00:00","dateModified":"2025-05-28T13:53:36+00:00","description":"La sexta edici\u00f3n de la ruta multicultural de las tapas y m\u00fasica en Lavapi\u00e9s ha comenzado,\"Tapapi\u00e9s 2016\".Una de las mejores citas de Madrid .Por MadridfansBlog","inLanguage":"es","potentialAction":[{"@type":"ReadAction","target":["https:\/\/www.proinca.es\/madridfansblog\/tapapies-2016-te-estabamos-esperando\/"]}]},{"@type":"ImageObject","inLanguage":"es","@id":"https:\/\/www.proinca.es\/madridfansblog\/tapapies-2016-te-estabamos-esperando\/#primaryimage","url":"https:\/\/www.proinca.es\/madridfansblog\/wp-content\/uploads\/2016\/10\/proinca_madridfansblog_tapapies_2016_-6.jpg","contentUrl":"https:\/\/www.proinca.es\/madridfansblog\/wp-content\/uploads\/2016\/10\/proinca_madridfansblog_tapapies_2016_-6.jpg","width":600,"height":270,"caption":"proinca madridfansblog tapapies 2016 6"},{"@type":"WebSite","@id":"https:\/\/www.proinca.es\/madridfansblog\/#website","url":"https:\/\/www.proinca.es\/madridfansblog\/","name":"Madrid Fans Blog Proinca","description":"Pisos y apartamentos de alquiler en Madrid","publisher":{"@id":"https:\/\/www.proinca.es\/madridfansblog\/#organization"},"potentialAction":[{"@type":"SearchAction","target":{"@type":"EntryPoint","urlTemplate":"https:\/\/www.proinca.es\/madridfansblog\/?s={search_term_string}"},"query-input":{"@type":"PropertyValueSpecification","valueRequired":true,"valueName":"search_term_string"}}],"inLanguage":"es"},{"@type":"Organization","@id":"https:\/\/www.proinca.es\/madridfansblog\/#organization","name":"Proinca","url":"https:\/\/www.proinca.es\/madridfansblog\/","logo":{"@type":"ImageObject","inLanguage":"es","@id":"https:\/\/www.proinca.es\/madridfansblog\/#\/schema\/logo\/image\/","url":"https:\/\/www.proinca.es\/madridfansblog\/wp-content\/uploads\/2022\/03\/logo-proinca.jpg","contentUrl":"https:\/\/www.proinca.es\/madridfansblog\/wp-content\/uploads\/2022\/03\/logo-proinca.jpg","width":522,"height":250,"caption":"Proinca"},"image":{"@id":"https:\/\/www.proinca.es\/madridfansblog\/#\/schema\/logo\/image\/"}},{"@type":"Person","@id":"https:\/\/www.proinca.es\/madridfansblog\/#\/schema\/person\/8401adc89c0a0f5a3574c43326247f1e","name":"Ana Calero","image":{"@type":"ImageObject","inLanguage":"es","@id":"https:\/\/www.proinca.es\/madridfansblog\/wp-content\/litespeed\/avatar\/ef51b25c0718910f475570320941ef46.jpg?ver=1777379772","url":"https:\/\/www.proinca.es\/madridfansblog\/wp-content\/litespeed\/avatar\/ef51b25c0718910f475570320941ef46.jpg?ver=1777379772","contentUrl":"https:\/\/www.proinca.es\/madridfansblog\/wp-content\/litespeed\/avatar\/ef51b25c0718910f475570320941ef46.jpg?ver=1777379772","caption":"Ana Calero"},"description":"Licenciada en Ciencias Empresariales por la Universidad Aut\u00f3noma de Madrid. Forma parte del equipo de Apartamentos Proinca y es una enamorada de Madrid","sameAs":["https:\/\/www.proinca.es\/madridfansblog\/ana-calero\/"]}]}},"_links":{"self":[{"href":"https:\/\/www.proinca.es\/madridfansblog\/wp-json\/wp\/v2\/posts\/4629","targetHints":{"allow":["GET"]}}],"collection":[{"href":"https:\/\/www.proinca.es\/madridfansblog\/wp-json\/wp\/v2\/posts"}],"about":[{"href":"https:\/\/www.proinca.es\/madridfansblog\/wp-json\/wp\/v2\/types\/post"}],"author":[{"embeddable":true,"href":"https:\/\/www.proinca.es\/madridfansblog\/wp-json\/wp\/v2\/users\/4"}],"replies":[{"embeddable":true,"href":"https:\/\/www.proinca.es\/madridfansblog\/wp-json\/wp\/v2\/comments?post=4629"}],"version-history":[{"count":9,"href":"https:\/\/www.proinca.es\/madridfansblog\/wp-json\/wp\/v2\/posts\/4629\/revisions"}],"predecessor-version":[{"id":7366,"href":"https:\/\/www.proinca.es\/madridfansblog\/wp-json\/wp\/v2\/posts\/4629\/revisions\/7366"}],"wp:featuredmedia":[{"embeddable":true,"href":"https:\/\/www.proinca.es\/madridfansblog\/wp-json\/wp\/v2\/media\/4640"}],"wp:attachment":[{"href":"https:\/\/www.proinca.es\/madridfansblog\/wp-json\/wp\/v2\/media?parent=4629"}],"wp:term":[{"taxonomy":"category","embeddable":true,"href":"https:\/\/www.proinca.es\/madridfansblog\/wp-json\/wp\/v2\/categories?post=4629"},{"taxonomy":"post_tag","embeddable":true,"href":"https:\/\/www.proinca.es\/madridfansblog\/wp-json\/wp\/v2\/tags?post=4629"}],"curies":[{"name":"wp","href":"https:\/\/api.w.org\/{rel}","templated":true}]}}