{"id":4657,"date":"2016-11-09T20:16:48","date_gmt":"2016-11-09T19:16:48","guid":{"rendered":"http:\/\/www.proinca.es\/madridfansblog\/?p=4657"},"modified":"2025-05-28T15:48:51","modified_gmt":"2025-05-28T13:48:51","slug":"mujeres-afganistan-nueva-exposicion-en-el-conde-duque-de-madrid","status":"publish","type":"post","link":"https:\/\/www.proinca.es\/madridfansblog\/mujeres-afganistan-nueva-exposicion-en-el-conde-duque-de-madrid\/","title":{"rendered":"\u00abMUJERES. AFGANIST\u00c1N\u00bb. NUEVA EXPOSICI\u00d3N EN EL CONDE DUQUE DE MADRID"},"content":{"rendered":"<p>Sabemos que os encanta la vida cultural de <strong>Madrid<\/strong> <!--more-->y que normalmente visit\u00e1is blogs como el nuestro para interesaros por aquellas <strong>exposiciones<\/strong> que merecen la pena, pues bien, hoy os vamos a animar a que os acerqu\u00e9is hasta el n\u00famero 11 de la calle <strong>Conde Duque<\/strong> para descubrir una de las muestras fotogr\u00e1ficas m\u00e1s interesantes del momento: <strong>Mujeres. Afganist\u00e1n<\/strong>, exposici\u00f3n a cargo del magn\u00edfico Gervasio S\u00e1nchez, fotoperiodista cuya trayectoria seguimos habitualmente y que nos regala retrospectivas \u00fanicas y reivindicativas.<\/p>\n<p>En esta ocasi\u00f3n, Gervasio S\u00e1nchez utiliza su destreza tras el objetivo para presentarnos la dif\u00edcil situaci\u00f3n de la mujer afgana. Los textos que acompa\u00f1an las im\u00e1genes pertenecen a M\u00f3nica Bernab\u00e9, periodista y fundadora de la Asociaci\u00f3n para los Derechos Humanos en Afganist\u00e1n.<strong><br \/>\n<\/strong><\/p>\n<p>La violencia que se ejerce contra las <strong>mujeres<\/strong> en este pa\u00eds se ha convertido en un problema end\u00e9mico al que muy poco contribuyen la guerra, al represi\u00f3n pol\u00edtica y la dif\u00edcil situaci\u00f3n econ\u00f3mica que atraviesa <strong>Afganist\u00e1n<\/strong>, un mal muy arraigado en la sociedad al que Gervasio S\u00e1nchez pone rostro a trav\u00e9s de m\u00e1s de 150 im\u00e1genes en las que se tratan temas tan delicados como el matrimonio forzado, la drogodependencia o el suicidio.<\/p>\n<p>La<strong> exposici\u00f3n<\/strong> puede visitarse en el Centro Cultural <strong>Conde Duque<\/strong> de <strong>Madrid<\/strong> hasta el pr\u00f3ximo 27 de noviembre.<\/p>\n<p>Informaci\u00f3n patrocinada por\u00a0<strong><a title=\"Proinca apartamentos de alquiler en Madrid\" href=\"http:\/\/www.proinca.es\" target=\"_blank\" rel=\"noopener\">Proinca: Apartamentos de alquiler en Madrid<\/a><\/strong><\/p>\n<p>Fuente imagen: condeduquemadrid.es\/evento\/afganistan-mujeres<\/p>\n\n\n<div class=\"kk-star-ratings kksr-auto kksr-align-left kksr-valign-bottom\"\n    data-payload='{&quot;align&quot;:&quot;left&quot;,&quot;id&quot;:&quot;4657&quot;,&quot;slug&quot;:&quot;default&quot;,&quot;valign&quot;:&quot;bottom&quot;,&quot;ignore&quot;:&quot;&quot;,&quot;reference&quot;:&quot;auto&quot;,&quot;class&quot;:&quot;&quot;,&quot;count&quot;:&quot;0&quot;,&quot;legendonly&quot;:&quot;&quot;,&quot;readonly&quot;:&quot;&quot;,&quot;score&quot;:&quot;0&quot;,&quot;starsonly&quot;:&quot;&quot;,&quot;best&quot;:&quot;5&quot;,&quot;gap&quot;:&quot;1&quot;,&quot;greet&quot;:&quot;Valora este art\u00edculo&quot;,&quot;legend&quot;:&quot;0\\\/5 - (0 votos)&quot;,&quot;size&quot;:&quot;24&quot;,&quot;title&quot;:&quot;\\u0026quot;MUJERES. AFGANIST\u00c1N\\u0026quot;. NUEVA EXPOSICI\u00d3N EN EL CONDE DUQUE DE MADRID&quot;,&quot;width&quot;:&quot;0&quot;,&quot;_legend&quot;:&quot;{score}\\\/{best} - ({count} {votes})&quot;,&quot;font_factor&quot;:&quot;1.25&quot;}'>\n            \n<div class=\"kksr-stars\">\n    \n<div class=\"kksr-stars-inactive\">\n            <div class=\"kksr-star\" data-star=\"1\" style=\"padding-right: 1px\">\n            \n\n<div class=\"kksr-icon\" style=\"width: 24px; height: 24px;\"><\/div>\n        <\/div>\n            <div class=\"kksr-star\" data-star=\"2\" style=\"padding-right: 1px\">\n            \n\n<div class=\"kksr-icon\" style=\"width: 24px; height: 24px;\"><\/div>\n        <\/div>\n            <div class=\"kksr-star\" data-star=\"3\" style=\"padding-right: 1px\">\n            \n\n<div class=\"kksr-icon\" style=\"width: 24px; height: 24px;\"><\/div>\n        <\/div>\n            <div class=\"kksr-star\" data-star=\"4\" style=\"padding-right: 1px\">\n            \n\n<div class=\"kksr-icon\" style=\"width: 24px; height: 24px;\"><\/div>\n        <\/div>\n            <div class=\"kksr-star\" data-star=\"5\" style=\"padding-right: 1px\">\n            \n\n<div class=\"kksr-icon\" style=\"width: 24px; height: 24px;\"><\/div>\n        <\/div>\n    <\/div>\n    \n<div class=\"kksr-stars-active\" style=\"width: 0px;\">\n            <div class=\"kksr-star\" style=\"padding-right: 1px\">\n            \n\n<div class=\"kksr-icon\" style=\"width: 24px; height: 24px;\"><\/div>\n        <\/div>\n            <div class=\"kksr-star\" style=\"padding-right: 1px\">\n            \n\n<div class=\"kksr-icon\" style=\"width: 24px; height: 24px;\"><\/div>\n        <\/div>\n            <div class=\"kksr-star\" style=\"padding-right: 1px\">\n            \n\n<div class=\"kksr-icon\" style=\"width: 24px; height: 24px;\"><\/div>\n        <\/div>\n            <div class=\"kksr-star\" style=\"padding-right: 1px\">\n            \n\n<div class=\"kksr-icon\" style=\"width: 24px; height: 24px;\"><\/div>\n        <\/div>\n            <div class=\"kksr-star\" style=\"padding-right: 1px\">\n            \n\n<div class=\"kksr-icon\" style=\"width: 24px; height: 24px;\"><\/div>\n        <\/div>\n    <\/div>\n<\/div>\n                \n\n<div class=\"kksr-legend\" style=\"font-size: 19.2px;\">\n            <span class=\"kksr-muted\">Valora este art\u00edculo<\/span>\n    <\/div>\n    <\/div>\n","protected":false},"excerpt":{"rendered":"<p>Sabemos que os encanta la vida cultural de Madrid<\/p>\n","protected":false},"author":4,"featured_media":4660,"comment_status":"closed","ping_status":"closed","sticky":false,"template":"","format":"standard","meta":{"footnotes":""},"categories":[79],"tags":[63,24,25,5],"class_list":["post-4657","post","type-post","status-publish","format-standard","has-post-thumbnail","hentry","category-vivir-madrid","tag-cultura","tag-exposiciones","tag-fotografia","tag-madrid"],"yoast_head":"<!-- This site is optimized with the Yoast SEO plugin v27.4 - https:\/\/yoast.com\/product\/yoast-seo-wordpress\/ -->\n<title>Mujeres.Afganist\u00e1n.Exposici\u00f3n Conde Duque<\/title>\n<meta name=\"description\" content=\"Una de las muestras fotogr\u00e1ficas m\u00e1s interesantes del momento: &quot;Mujeres. Afganist\u00e1n&quot;,exposici\u00f3n de Gervasio S\u00e1nchez con textos M\u00f3nica Bernab\u00e9.Por MadridFansblog\" \/>\n<meta name=\"robots\" content=\"index, follow, max-snippet:-1, max-image-preview:large, max-video-preview:-1\" \/>\n<link rel=\"canonical\" href=\"https:\/\/www.proinca.es\/madridfansblog\/mujeres-afganistan-nueva-exposicion-en-el-conde-duque-de-madrid\/\" \/>\n<meta property=\"og:locale\" content=\"es_ES\" \/>\n<meta property=\"og:type\" content=\"article\" \/>\n<meta property=\"og:title\" content=\"Mujeres.Afganist\u00e1n.Exposici\u00f3n Conde Duque\" \/>\n<meta property=\"og:description\" content=\"Una de las muestras fotogr\u00e1ficas m\u00e1s interesantes del momento: &quot;Mujeres. Afganist\u00e1n&quot;,exposici\u00f3n de Gervasio S\u00e1nchez con textos M\u00f3nica Bernab\u00e9.Por MadridFansblog\" \/>\n<meta property=\"og:url\" content=\"https:\/\/www.proinca.es\/madridfansblog\/mujeres-afganistan-nueva-exposicion-en-el-conde-duque-de-madrid\/\" \/>\n<meta property=\"og:site_name\" content=\"Blog Proinca Madrid\" \/>\n<meta property=\"article:published_time\" content=\"2016-11-09T19:16:48+00:00\" \/>\n<meta property=\"article:modified_time\" content=\"2025-05-28T13:48:51+00:00\" \/>\n<meta property=\"og:image\" content=\"https:\/\/www.proinca.es\/madridfansblog\/wp-content\/uploads\/2016\/11\/proinca_madridfansblog_mujeres_afganistan_exposicion_conde_duque_madrid.jpg\" \/>\n\t<meta property=\"og:image:width\" content=\"550\" \/>\n\t<meta property=\"og:image:height\" content=\"367\" \/>\n\t<meta property=\"og:image:type\" content=\"image\/jpeg\" \/>\n<meta name=\"author\" content=\"Ana Calero\" \/>\n<script type=\"application\/ld+json\" class=\"yoast-schema-graph\">{\"@context\":\"https:\\\/\\\/schema.org\",\"@graph\":[{\"@type\":\"Article\",\"@id\":\"https:\\\/\\\/www.proinca.es\\\/madridfansblog\\\/mujeres-afganistan-nueva-exposicion-en-el-conde-duque-de-madrid\\\/#article\",\"isPartOf\":{\"@id\":\"https:\\\/\\\/www.proinca.es\\\/madridfansblog\\\/mujeres-afganistan-nueva-exposicion-en-el-conde-duque-de-madrid\\\/\"},\"author\":{\"name\":\"Ana Calero\",\"@id\":\"https:\\\/\\\/www.proinca.es\\\/madridfansblog\\\/#\\\/schema\\\/person\\\/8401adc89c0a0f5a3574c43326247f1e\"},\"headline\":\"\u00abMUJERES. AFGANIST\u00c1N\u00bb. NUEVA EXPOSICI\u00d3N EN EL CONDE DUQUE DE MADRID\",\"datePublished\":\"2016-11-09T19:16:48+00:00\",\"dateModified\":\"2025-05-28T13:48:51+00:00\",\"mainEntityOfPage\":{\"@id\":\"https:\\\/\\\/www.proinca.es\\\/madridfansblog\\\/mujeres-afganistan-nueva-exposicion-en-el-conde-duque-de-madrid\\\/\"},\"wordCount\":269,\"publisher\":{\"@id\":\"https:\\\/\\\/www.proinca.es\\\/madridfansblog\\\/#organization\"},\"image\":{\"@id\":\"https:\\\/\\\/www.proinca.es\\\/madridfansblog\\\/mujeres-afganistan-nueva-exposicion-en-el-conde-duque-de-madrid\\\/#primaryimage\"},\"thumbnailUrl\":\"https:\\\/\\\/www.proinca.es\\\/madridfansblog\\\/wp-content\\\/uploads\\\/2016\\\/11\\\/proinca_madridfansblog_mujeres_afganistan_exposicion_conde_duque_madrid.jpg\",\"keywords\":[\"Cultura\",\"Exposiciones\",\"Fotograf\u00eda\",\"Madrid\"],\"articleSection\":[\"VIVIR MADRID\"],\"inLanguage\":\"es\"},{\"@type\":\"WebPage\",\"@id\":\"https:\\\/\\\/www.proinca.es\\\/madridfansblog\\\/mujeres-afganistan-nueva-exposicion-en-el-conde-duque-de-madrid\\\/\",\"url\":\"https:\\\/\\\/www.proinca.es\\\/madridfansblog\\\/mujeres-afganistan-nueva-exposicion-en-el-conde-duque-de-madrid\\\/\",\"name\":\"Mujeres.Afganist\u00e1n.Exposici\u00f3n Conde Duque\",\"isPartOf\":{\"@id\":\"https:\\\/\\\/www.proinca.es\\\/madridfansblog\\\/#website\"},\"primaryImageOfPage\":{\"@id\":\"https:\\\/\\\/www.proinca.es\\\/madridfansblog\\\/mujeres-afganistan-nueva-exposicion-en-el-conde-duque-de-madrid\\\/#primaryimage\"},\"image\":{\"@id\":\"https:\\\/\\\/www.proinca.es\\\/madridfansblog\\\/mujeres-afganistan-nueva-exposicion-en-el-conde-duque-de-madrid\\\/#primaryimage\"},\"thumbnailUrl\":\"https:\\\/\\\/www.proinca.es\\\/madridfansblog\\\/wp-content\\\/uploads\\\/2016\\\/11\\\/proinca_madridfansblog_mujeres_afganistan_exposicion_conde_duque_madrid.jpg\",\"datePublished\":\"2016-11-09T19:16:48+00:00\",\"dateModified\":\"2025-05-28T13:48:51+00:00\",\"description\":\"Una de las muestras fotogr\u00e1ficas m\u00e1s interesantes del momento: \\\"Mujeres. Afganist\u00e1n\\\",exposici\u00f3n de Gervasio S\u00e1nchez con textos M\u00f3nica Bernab\u00e9.Por MadridFansblog\",\"inLanguage\":\"es\",\"potentialAction\":[{\"@type\":\"ReadAction\",\"target\":[\"https:\\\/\\\/www.proinca.es\\\/madridfansblog\\\/mujeres-afganistan-nueva-exposicion-en-el-conde-duque-de-madrid\\\/\"]}]},{\"@type\":\"ImageObject\",\"inLanguage\":\"es\",\"@id\":\"https:\\\/\\\/www.proinca.es\\\/madridfansblog\\\/mujeres-afganistan-nueva-exposicion-en-el-conde-duque-de-madrid\\\/#primaryimage\",\"url\":\"https:\\\/\\\/www.proinca.es\\\/madridfansblog\\\/wp-content\\\/uploads\\\/2016\\\/11\\\/proinca_madridfansblog_mujeres_afganistan_exposicion_conde_duque_madrid.jpg\",\"contentUrl\":\"https:\\\/\\\/www.proinca.es\\\/madridfansblog\\\/wp-content\\\/uploads\\\/2016\\\/11\\\/proinca_madridfansblog_mujeres_afganistan_exposicion_conde_duque_madrid.jpg\",\"width\":550,\"height\":367,\"caption\":\"proinca madridfansblog mujeres afganistan exposicion conde duque madrid\"},{\"@type\":\"WebSite\",\"@id\":\"https:\\\/\\\/www.proinca.es\\\/madridfansblog\\\/#website\",\"url\":\"https:\\\/\\\/www.proinca.es\\\/madridfansblog\\\/\",\"name\":\"Madrid Fans Blog Proinca\",\"description\":\"Pisos y apartamentos de alquiler en Madrid\",\"publisher\":{\"@id\":\"https:\\\/\\\/www.proinca.es\\\/madridfansblog\\\/#organization\"},\"potentialAction\":[{\"@type\":\"SearchAction\",\"target\":{\"@type\":\"EntryPoint\",\"urlTemplate\":\"https:\\\/\\\/www.proinca.es\\\/madridfansblog\\\/?s={search_term_string}\"},\"query-input\":{\"@type\":\"PropertyValueSpecification\",\"valueRequired\":true,\"valueName\":\"search_term_string\"}}],\"inLanguage\":\"es\"},{\"@type\":\"Organization\",\"@id\":\"https:\\\/\\\/www.proinca.es\\\/madridfansblog\\\/#organization\",\"name\":\"Proinca\",\"url\":\"https:\\\/\\\/www.proinca.es\\\/madridfansblog\\\/\",\"logo\":{\"@type\":\"ImageObject\",\"inLanguage\":\"es\",\"@id\":\"https:\\\/\\\/www.proinca.es\\\/madridfansblog\\\/#\\\/schema\\\/logo\\\/image\\\/\",\"url\":\"https:\\\/\\\/www.proinca.es\\\/madridfansblog\\\/wp-content\\\/uploads\\\/2022\\\/03\\\/logo-proinca.jpg\",\"contentUrl\":\"https:\\\/\\\/www.proinca.es\\\/madridfansblog\\\/wp-content\\\/uploads\\\/2022\\\/03\\\/logo-proinca.jpg\",\"width\":522,\"height\":250,\"caption\":\"Proinca\"},\"image\":{\"@id\":\"https:\\\/\\\/www.proinca.es\\\/madridfansblog\\\/#\\\/schema\\\/logo\\\/image\\\/\"}},{\"@type\":\"Person\",\"@id\":\"https:\\\/\\\/www.proinca.es\\\/madridfansblog\\\/#\\\/schema\\\/person\\\/8401adc89c0a0f5a3574c43326247f1e\",\"name\":\"Ana Calero\",\"image\":{\"@type\":\"ImageObject\",\"inLanguage\":\"es\",\"@id\":\"https:\\\/\\\/www.proinca.es\\\/madridfansblog\\\/wp-content\\\/litespeed\\\/avatar\\\/ef51b25c0718910f475570320941ef46.jpg?ver=1777379772\",\"url\":\"https:\\\/\\\/www.proinca.es\\\/madridfansblog\\\/wp-content\\\/litespeed\\\/avatar\\\/ef51b25c0718910f475570320941ef46.jpg?ver=1777379772\",\"contentUrl\":\"https:\\\/\\\/www.proinca.es\\\/madridfansblog\\\/wp-content\\\/litespeed\\\/avatar\\\/ef51b25c0718910f475570320941ef46.jpg?ver=1777379772\",\"caption\":\"Ana Calero\"},\"description\":\"Licenciada en Ciencias Empresariales por la Universidad Aut\u00f3noma de Madrid. Forma parte del equipo de Apartamentos Proinca y es una enamorada de Madrid\",\"sameAs\":[\"https:\\\/\\\/www.proinca.es\\\/madridfansblog\\\/ana-calero\\\/\"]}]}<\/script>\n<!-- \/ Yoast SEO plugin. -->","yoast_head_json":{"title":"Mujeres.Afganist\u00e1n.Exposici\u00f3n Conde Duque","description":"Una de las muestras fotogr\u00e1ficas m\u00e1s interesantes del momento: \"Mujeres. Afganist\u00e1n\",exposici\u00f3n de Gervasio S\u00e1nchez con textos M\u00f3nica Bernab\u00e9.Por MadridFansblog","robots":{"index":"index","follow":"follow","max-snippet":"max-snippet:-1","max-image-preview":"max-image-preview:large","max-video-preview":"max-video-preview:-1"},"canonical":"https:\/\/www.proinca.es\/madridfansblog\/mujeres-afganistan-nueva-exposicion-en-el-conde-duque-de-madrid\/","og_locale":"es_ES","og_type":"article","og_title":"Mujeres.Afganist\u00e1n.Exposici\u00f3n Conde Duque","og_description":"Una de las muestras fotogr\u00e1ficas m\u00e1s interesantes del momento: \"Mujeres. Afganist\u00e1n\",exposici\u00f3n de Gervasio S\u00e1nchez con textos M\u00f3nica Bernab\u00e9.Por MadridFansblog","og_url":"https:\/\/www.proinca.es\/madridfansblog\/mujeres-afganistan-nueva-exposicion-en-el-conde-duque-de-madrid\/","og_site_name":"Blog Proinca Madrid","article_published_time":"2016-11-09T19:16:48+00:00","article_modified_time":"2025-05-28T13:48:51+00:00","og_image":[{"width":550,"height":367,"url":"https:\/\/www.proinca.es\/madridfansblog\/wp-content\/uploads\/2016\/11\/proinca_madridfansblog_mujeres_afganistan_exposicion_conde_duque_madrid.jpg","type":"image\/jpeg"}],"author":"Ana Calero","schema":{"@context":"https:\/\/schema.org","@graph":[{"@type":"Article","@id":"https:\/\/www.proinca.es\/madridfansblog\/mujeres-afganistan-nueva-exposicion-en-el-conde-duque-de-madrid\/#article","isPartOf":{"@id":"https:\/\/www.proinca.es\/madridfansblog\/mujeres-afganistan-nueva-exposicion-en-el-conde-duque-de-madrid\/"},"author":{"name":"Ana Calero","@id":"https:\/\/www.proinca.es\/madridfansblog\/#\/schema\/person\/8401adc89c0a0f5a3574c43326247f1e"},"headline":"\u00abMUJERES. AFGANIST\u00c1N\u00bb. NUEVA EXPOSICI\u00d3N EN EL CONDE DUQUE DE MADRID","datePublished":"2016-11-09T19:16:48+00:00","dateModified":"2025-05-28T13:48:51+00:00","mainEntityOfPage":{"@id":"https:\/\/www.proinca.es\/madridfansblog\/mujeres-afganistan-nueva-exposicion-en-el-conde-duque-de-madrid\/"},"wordCount":269,"publisher":{"@id":"https:\/\/www.proinca.es\/madridfansblog\/#organization"},"image":{"@id":"https:\/\/www.proinca.es\/madridfansblog\/mujeres-afganistan-nueva-exposicion-en-el-conde-duque-de-madrid\/#primaryimage"},"thumbnailUrl":"https:\/\/www.proinca.es\/madridfansblog\/wp-content\/uploads\/2016\/11\/proinca_madridfansblog_mujeres_afganistan_exposicion_conde_duque_madrid.jpg","keywords":["Cultura","Exposiciones","Fotograf\u00eda","Madrid"],"articleSection":["VIVIR MADRID"],"inLanguage":"es"},{"@type":"WebPage","@id":"https:\/\/www.proinca.es\/madridfansblog\/mujeres-afganistan-nueva-exposicion-en-el-conde-duque-de-madrid\/","url":"https:\/\/www.proinca.es\/madridfansblog\/mujeres-afganistan-nueva-exposicion-en-el-conde-duque-de-madrid\/","name":"Mujeres.Afganist\u00e1n.Exposici\u00f3n Conde Duque","isPartOf":{"@id":"https:\/\/www.proinca.es\/madridfansblog\/#website"},"primaryImageOfPage":{"@id":"https:\/\/www.proinca.es\/madridfansblog\/mujeres-afganistan-nueva-exposicion-en-el-conde-duque-de-madrid\/#primaryimage"},"image":{"@id":"https:\/\/www.proinca.es\/madridfansblog\/mujeres-afganistan-nueva-exposicion-en-el-conde-duque-de-madrid\/#primaryimage"},"thumbnailUrl":"https:\/\/www.proinca.es\/madridfansblog\/wp-content\/uploads\/2016\/11\/proinca_madridfansblog_mujeres_afganistan_exposicion_conde_duque_madrid.jpg","datePublished":"2016-11-09T19:16:48+00:00","dateModified":"2025-05-28T13:48:51+00:00","description":"Una de las muestras fotogr\u00e1ficas m\u00e1s interesantes del momento: \"Mujeres. Afganist\u00e1n\",exposici\u00f3n de Gervasio S\u00e1nchez con textos M\u00f3nica Bernab\u00e9.Por MadridFansblog","inLanguage":"es","potentialAction":[{"@type":"ReadAction","target":["https:\/\/www.proinca.es\/madridfansblog\/mujeres-afganistan-nueva-exposicion-en-el-conde-duque-de-madrid\/"]}]},{"@type":"ImageObject","inLanguage":"es","@id":"https:\/\/www.proinca.es\/madridfansblog\/mujeres-afganistan-nueva-exposicion-en-el-conde-duque-de-madrid\/#primaryimage","url":"https:\/\/www.proinca.es\/madridfansblog\/wp-content\/uploads\/2016\/11\/proinca_madridfansblog_mujeres_afganistan_exposicion_conde_duque_madrid.jpg","contentUrl":"https:\/\/www.proinca.es\/madridfansblog\/wp-content\/uploads\/2016\/11\/proinca_madridfansblog_mujeres_afganistan_exposicion_conde_duque_madrid.jpg","width":550,"height":367,"caption":"proinca madridfansblog mujeres afganistan exposicion conde duque madrid"},{"@type":"WebSite","@id":"https:\/\/www.proinca.es\/madridfansblog\/#website","url":"https:\/\/www.proinca.es\/madridfansblog\/","name":"Madrid Fans Blog Proinca","description":"Pisos y apartamentos de alquiler en Madrid","publisher":{"@id":"https:\/\/www.proinca.es\/madridfansblog\/#organization"},"potentialAction":[{"@type":"SearchAction","target":{"@type":"EntryPoint","urlTemplate":"https:\/\/www.proinca.es\/madridfansblog\/?s={search_term_string}"},"query-input":{"@type":"PropertyValueSpecification","valueRequired":true,"valueName":"search_term_string"}}],"inLanguage":"es"},{"@type":"Organization","@id":"https:\/\/www.proinca.es\/madridfansblog\/#organization","name":"Proinca","url":"https:\/\/www.proinca.es\/madridfansblog\/","logo":{"@type":"ImageObject","inLanguage":"es","@id":"https:\/\/www.proinca.es\/madridfansblog\/#\/schema\/logo\/image\/","url":"https:\/\/www.proinca.es\/madridfansblog\/wp-content\/uploads\/2022\/03\/logo-proinca.jpg","contentUrl":"https:\/\/www.proinca.es\/madridfansblog\/wp-content\/uploads\/2022\/03\/logo-proinca.jpg","width":522,"height":250,"caption":"Proinca"},"image":{"@id":"https:\/\/www.proinca.es\/madridfansblog\/#\/schema\/logo\/image\/"}},{"@type":"Person","@id":"https:\/\/www.proinca.es\/madridfansblog\/#\/schema\/person\/8401adc89c0a0f5a3574c43326247f1e","name":"Ana Calero","image":{"@type":"ImageObject","inLanguage":"es","@id":"https:\/\/www.proinca.es\/madridfansblog\/wp-content\/litespeed\/avatar\/ef51b25c0718910f475570320941ef46.jpg?ver=1777379772","url":"https:\/\/www.proinca.es\/madridfansblog\/wp-content\/litespeed\/avatar\/ef51b25c0718910f475570320941ef46.jpg?ver=1777379772","contentUrl":"https:\/\/www.proinca.es\/madridfansblog\/wp-content\/litespeed\/avatar\/ef51b25c0718910f475570320941ef46.jpg?ver=1777379772","caption":"Ana Calero"},"description":"Licenciada en Ciencias Empresariales por la Universidad Aut\u00f3noma de Madrid. Forma parte del equipo de Apartamentos Proinca y es una enamorada de Madrid","sameAs":["https:\/\/www.proinca.es\/madridfansblog\/ana-calero\/"]}]}},"_links":{"self":[{"href":"https:\/\/www.proinca.es\/madridfansblog\/wp-json\/wp\/v2\/posts\/4657","targetHints":{"allow":["GET"]}}],"collection":[{"href":"https:\/\/www.proinca.es\/madridfansblog\/wp-json\/wp\/v2\/posts"}],"about":[{"href":"https:\/\/www.proinca.es\/madridfansblog\/wp-json\/wp\/v2\/types\/post"}],"author":[{"embeddable":true,"href":"https:\/\/www.proinca.es\/madridfansblog\/wp-json\/wp\/v2\/users\/4"}],"replies":[{"embeddable":true,"href":"https:\/\/www.proinca.es\/madridfansblog\/wp-json\/wp\/v2\/comments?post=4657"}],"version-history":[{"count":11,"href":"https:\/\/www.proinca.es\/madridfansblog\/wp-json\/wp\/v2\/posts\/4657\/revisions"}],"predecessor-version":[{"id":7365,"href":"https:\/\/www.proinca.es\/madridfansblog\/wp-json\/wp\/v2\/posts\/4657\/revisions\/7365"}],"wp:featuredmedia":[{"embeddable":true,"href":"https:\/\/www.proinca.es\/madridfansblog\/wp-json\/wp\/v2\/media\/4660"}],"wp:attachment":[{"href":"https:\/\/www.proinca.es\/madridfansblog\/wp-json\/wp\/v2\/media?parent=4657"}],"wp:term":[{"taxonomy":"category","embeddable":true,"href":"https:\/\/www.proinca.es\/madridfansblog\/wp-json\/wp\/v2\/categories?post=4657"},{"taxonomy":"post_tag","embeddable":true,"href":"https:\/\/www.proinca.es\/madridfansblog\/wp-json\/wp\/v2\/tags?post=4657"}],"curies":[{"name":"wp","href":"https:\/\/api.w.org\/{rel}","templated":true}]}}