{"id":467,"date":"2012-07-23T11:00:01","date_gmt":"2012-07-23T09:00:01","guid":{"rendered":"http:\/\/www.proinca.es\/madridfansblog\/?p=467"},"modified":"2025-05-28T15:34:59","modified_gmt":"2025-05-28T13:34:59","slug":"alerta-en-madrid-nos-invaden-los-pinguinos","status":"publish","type":"post","link":"https:\/\/www.proinca.es\/madridfansblog\/alerta-en-madrid-nos-invaden-los-pinguinos\/","title":{"rendered":"ALERTA EN MADRID: \u00a1NOS INVADEN LOS PING\u00dcINOS!"},"content":{"rendered":"<p>Est\u00e1 claro que Madrid no es el habitat natural del ping\u00fcino rey pero 20 ejemplares estar\u00e1n hasta el <strong>30 de Agosto<\/strong> rondando por las principales calles de la ciudad. \u00a0Y no son ping\u00fcinos comunes, pertenecen a la especie de ping\u00fcino rey, miden 2,15 mts de altura y cada uno de ellos es una aut\u00e9ntica obra de arte \u00fanica e irrepetible. \u00bfPor qu\u00e9? <!--more-->Pues porque\u00a0<strong>Joaqu\u00edn Torres, Rafael Llamazares, Victorio y Lucchino, \u00c1ngel Schlesser, Francis Montesinos, Carolina Mach\u00edn, Ouka Leele, Devota &amp; Lomba, Alberto Coraz\u00f3n, Okuda o Pascua Ortega <\/strong>son s\u00f3lo algunos de los artistas y dise\u00f1adores que han volcado su arte en cada ping\u00fcino. Desde el m\u00e1s colorido, al m\u00e1s elegante, pasando por el m\u00e1s cool, todos tienen adem\u00e1s su padrino o madrina como\u00a0<strong>Simoneta G\u00f3mez-Acebo, Anne Igartiburu, Mill\u00e1n Salcedo, Juanma L\u00f3pez Iturriaga, Alberto Contador, Lola Herrera, Pedro Garc\u00eda, Edurne, Luis P\u00e9rez-Sala, &#8230;<\/strong><\/p>\n<p>La &#8216;invasi\u00f3n&#8217; de los 20 ping\u00fcinos se debe a una buena causa. Penguin Madrid es una iniciativa de\u00a0<strong>Faunia<\/strong>, en colaboraci\u00f3n con el <strong>Ayuntamiento de Madrid<\/strong>, para recaudar fondos para diversas <strong>ong&#8217;s<\/strong> relacionadas con proyectos que van dirigidos a\u00a0colectivos con necesidades especiales, sobretodo los relacionados con <strong>la infancia y la discapacidad<\/strong>.<\/p>\n<p>Cada ping\u00fcino tiene asignado\u00a0un <strong>c\u00f3digo SMS<\/strong> para hacer donaciones\u00a0a trav\u00e9s del m\u00f3vil. M\u00e1s f\u00e1cil imposible. Y lo mejor, si te enamoras de cualquiera de ellos, al finalizar la exposici\u00f3n se subastar\u00e1n. (la fecha y el lugar de la subasta se publicar\u00e1n en la web de Faunia).<\/p>\n<p>Puedes consultar aqu\u00ed las ubicaciones exactas de los 20 ping\u00fcinos y sus creadores. Esperemos que con las altas temperaturas a ninguno le de un jamacuco!<\/p>\n\n\n<div class=\"kk-star-ratings kksr-auto kksr-align-left kksr-valign-bottom\"\n    data-payload='{&quot;align&quot;:&quot;left&quot;,&quot;id&quot;:&quot;467&quot;,&quot;slug&quot;:&quot;default&quot;,&quot;valign&quot;:&quot;bottom&quot;,&quot;ignore&quot;:&quot;&quot;,&quot;reference&quot;:&quot;auto&quot;,&quot;class&quot;:&quot;&quot;,&quot;count&quot;:&quot;0&quot;,&quot;legendonly&quot;:&quot;&quot;,&quot;readonly&quot;:&quot;&quot;,&quot;score&quot;:&quot;0&quot;,&quot;starsonly&quot;:&quot;&quot;,&quot;best&quot;:&quot;5&quot;,&quot;gap&quot;:&quot;1&quot;,&quot;greet&quot;:&quot;Valora este art\u00edculo&quot;,&quot;legend&quot;:&quot;0\\\/5 - (0 votos)&quot;,&quot;size&quot;:&quot;24&quot;,&quot;title&quot;:&quot;ALERTA EN MADRID: \u00a1NOS INVADEN LOS PING\u00dcINOS!&quot;,&quot;width&quot;:&quot;0&quot;,&quot;_legend&quot;:&quot;{score}\\\/{best} - ({count} {votes})&quot;,&quot;font_factor&quot;:&quot;1.25&quot;}'>\n            \n<div class=\"kksr-stars\">\n    \n<div class=\"kksr-stars-inactive\">\n            <div class=\"kksr-star\" data-star=\"1\" style=\"padding-right: 1px\">\n            \n\n<div class=\"kksr-icon\" style=\"width: 24px; height: 24px;\"><\/div>\n        <\/div>\n            <div class=\"kksr-star\" data-star=\"2\" style=\"padding-right: 1px\">\n            \n\n<div class=\"kksr-icon\" style=\"width: 24px; height: 24px;\"><\/div>\n        <\/div>\n            <div class=\"kksr-star\" data-star=\"3\" style=\"padding-right: 1px\">\n            \n\n<div class=\"kksr-icon\" style=\"width: 24px; height: 24px;\"><\/div>\n        <\/div>\n            <div class=\"kksr-star\" data-star=\"4\" style=\"padding-right: 1px\">\n            \n\n<div class=\"kksr-icon\" style=\"width: 24px; height: 24px;\"><\/div>\n        <\/div>\n            <div class=\"kksr-star\" data-star=\"5\" style=\"padding-right: 1px\">\n            \n\n<div class=\"kksr-icon\" style=\"width: 24px; height: 24px;\"><\/div>\n        <\/div>\n    <\/div>\n    \n<div class=\"kksr-stars-active\" style=\"width: 0px;\">\n            <div class=\"kksr-star\" style=\"padding-right: 1px\">\n            \n\n<div class=\"kksr-icon\" style=\"width: 24px; height: 24px;\"><\/div>\n        <\/div>\n            <div class=\"kksr-star\" style=\"padding-right: 1px\">\n            \n\n<div class=\"kksr-icon\" style=\"width: 24px; height: 24px;\"><\/div>\n        <\/div>\n            <div class=\"kksr-star\" style=\"padding-right: 1px\">\n            \n\n<div class=\"kksr-icon\" style=\"width: 24px; height: 24px;\"><\/div>\n        <\/div>\n            <div class=\"kksr-star\" style=\"padding-right: 1px\">\n            \n\n<div class=\"kksr-icon\" style=\"width: 24px; height: 24px;\"><\/div>\n        <\/div>\n            <div class=\"kksr-star\" style=\"padding-right: 1px\">\n            \n\n<div class=\"kksr-icon\" style=\"width: 24px; height: 24px;\"><\/div>\n        <\/div>\n    <\/div>\n<\/div>\n                \n\n<div class=\"kksr-legend\" style=\"font-size: 19.2px;\">\n            <span class=\"kksr-muted\">Valora este art\u00edculo<\/span>\n    <\/div>\n    <\/div>\n","protected":false},"excerpt":{"rendered":"<p>Est\u00e1 claro que Madrid no es el habitat natural del  [&#8230;]<\/p>\n","protected":false},"author":4,"featured_media":488,"comment_status":"closed","ping_status":"closed","sticky":false,"template":"","format":"standard","meta":{"footnotes":""},"categories":[79],"tags":[],"class_list":["post-467","post","type-post","status-publish","format-standard","has-post-thumbnail","hentry","category-vivir-madrid"],"yoast_head":"<!-- This site is optimized with the Yoast SEO plugin v27.4 - https:\/\/yoast.com\/product\/yoast-seo-wordpress\/ -->\n<title>20 ping\u00fcinos exposici\u00f3n en Madrid por una buena causa<\/title>\n<meta name=\"description\" content=\"En las principales calles de Madrid encontrar\u00e1s los 20 ping\u00fcinos decorados por reconocidos artistas y dise\u00f1adores para recaudar fondos para diversas ong&#039;s\" \/>\n<meta name=\"robots\" content=\"index, follow, max-snippet:-1, max-image-preview:large, max-video-preview:-1\" \/>\n<link rel=\"canonical\" href=\"https:\/\/www.proinca.es\/madridfansblog\/alerta-en-madrid-nos-invaden-los-pinguinos\/\" \/>\n<meta property=\"og:locale\" content=\"es_ES\" \/>\n<meta property=\"og:type\" content=\"article\" \/>\n<meta property=\"og:title\" content=\"20 ping\u00fcinos exposici\u00f3n en Madrid por una buena causa\" \/>\n<meta property=\"og:description\" content=\"En las principales calles de Madrid encontrar\u00e1s los 20 ping\u00fcinos decorados por reconocidos artistas y dise\u00f1adores para recaudar fondos para diversas ong&#039;s\" \/>\n<meta property=\"og:url\" content=\"https:\/\/www.proinca.es\/madridfansblog\/alerta-en-madrid-nos-invaden-los-pinguinos\/\" \/>\n<meta property=\"og:site_name\" content=\"Blog Proinca Madrid\" \/>\n<meta property=\"article:published_time\" content=\"2012-07-23T09:00:01+00:00\" \/>\n<meta property=\"article:modified_time\" content=\"2025-05-28T13:34:59+00:00\" \/>\n<meta property=\"og:image\" content=\"https:\/\/www.proinca.es\/madridfansblog\/wp-content\/uploads\/2012\/07\/Madridfansblog-3pinguinos-450x270.jpg\" \/>\n\t<meta property=\"og:image:width\" content=\"450\" \/>\n\t<meta property=\"og:image:height\" content=\"270\" \/>\n\t<meta property=\"og:image:type\" content=\"image\/jpeg\" \/>\n<meta name=\"author\" content=\"Ana Calero\" \/>\n<script type=\"application\/ld+json\" class=\"yoast-schema-graph\">{\"@context\":\"https:\\\/\\\/schema.org\",\"@graph\":[{\"@type\":\"Article\",\"@id\":\"https:\\\/\\\/www.proinca.es\\\/madridfansblog\\\/alerta-en-madrid-nos-invaden-los-pinguinos\\\/#article\",\"isPartOf\":{\"@id\":\"https:\\\/\\\/www.proinca.es\\\/madridfansblog\\\/alerta-en-madrid-nos-invaden-los-pinguinos\\\/\"},\"author\":{\"name\":\"Ana Calero\",\"@id\":\"https:\\\/\\\/www.proinca.es\\\/madridfansblog\\\/#\\\/schema\\\/person\\\/8401adc89c0a0f5a3574c43326247f1e\"},\"headline\":\"ALERTA EN MADRID: \u00a1NOS INVADEN LOS PING\u00dcINOS!\",\"datePublished\":\"2012-07-23T09:00:01+00:00\",\"dateModified\":\"2025-05-28T13:34:59+00:00\",\"mainEntityOfPage\":{\"@id\":\"https:\\\/\\\/www.proinca.es\\\/madridfansblog\\\/alerta-en-madrid-nos-invaden-los-pinguinos\\\/\"},\"wordCount\":304,\"publisher\":{\"@id\":\"https:\\\/\\\/www.proinca.es\\\/madridfansblog\\\/#organization\"},\"image\":{\"@id\":\"https:\\\/\\\/www.proinca.es\\\/madridfansblog\\\/alerta-en-madrid-nos-invaden-los-pinguinos\\\/#primaryimage\"},\"thumbnailUrl\":\"https:\\\/\\\/www.proinca.es\\\/madridfansblog\\\/wp-content\\\/uploads\\\/2012\\\/07\\\/Madridfansblog-3pinguinos-450x270.jpg\",\"articleSection\":[\"VIVIR MADRID\"],\"inLanguage\":\"es\"},{\"@type\":\"WebPage\",\"@id\":\"https:\\\/\\\/www.proinca.es\\\/madridfansblog\\\/alerta-en-madrid-nos-invaden-los-pinguinos\\\/\",\"url\":\"https:\\\/\\\/www.proinca.es\\\/madridfansblog\\\/alerta-en-madrid-nos-invaden-los-pinguinos\\\/\",\"name\":\"20 ping\u00fcinos exposici\u00f3n en Madrid por una buena causa\",\"isPartOf\":{\"@id\":\"https:\\\/\\\/www.proinca.es\\\/madridfansblog\\\/#website\"},\"primaryImageOfPage\":{\"@id\":\"https:\\\/\\\/www.proinca.es\\\/madridfansblog\\\/alerta-en-madrid-nos-invaden-los-pinguinos\\\/#primaryimage\"},\"image\":{\"@id\":\"https:\\\/\\\/www.proinca.es\\\/madridfansblog\\\/alerta-en-madrid-nos-invaden-los-pinguinos\\\/#primaryimage\"},\"thumbnailUrl\":\"https:\\\/\\\/www.proinca.es\\\/madridfansblog\\\/wp-content\\\/uploads\\\/2012\\\/07\\\/Madridfansblog-3pinguinos-450x270.jpg\",\"datePublished\":\"2012-07-23T09:00:01+00:00\",\"dateModified\":\"2025-05-28T13:34:59+00:00\",\"description\":\"En las principales calles de Madrid encontrar\u00e1s los 20 ping\u00fcinos decorados por reconocidos artistas y dise\u00f1adores para recaudar fondos para diversas ong's\",\"inLanguage\":\"es\",\"potentialAction\":[{\"@type\":\"ReadAction\",\"target\":[\"https:\\\/\\\/www.proinca.es\\\/madridfansblog\\\/alerta-en-madrid-nos-invaden-los-pinguinos\\\/\"]}]},{\"@type\":\"ImageObject\",\"inLanguage\":\"es\",\"@id\":\"https:\\\/\\\/www.proinca.es\\\/madridfansblog\\\/alerta-en-madrid-nos-invaden-los-pinguinos\\\/#primaryimage\",\"url\":\"https:\\\/\\\/www.proinca.es\\\/madridfansblog\\\/wp-content\\\/uploads\\\/2012\\\/07\\\/Madridfansblog-3pinguinos-450x270.jpg\",\"contentUrl\":\"https:\\\/\\\/www.proinca.es\\\/madridfansblog\\\/wp-content\\\/uploads\\\/2012\\\/07\\\/Madridfansblog-3pinguinos-450x270.jpg\",\"width\":\"450\",\"height\":\"270\"},{\"@type\":\"WebSite\",\"@id\":\"https:\\\/\\\/www.proinca.es\\\/madridfansblog\\\/#website\",\"url\":\"https:\\\/\\\/www.proinca.es\\\/madridfansblog\\\/\",\"name\":\"Madrid Fans Blog Proinca\",\"description\":\"Pisos y apartamentos de alquiler en Madrid\",\"publisher\":{\"@id\":\"https:\\\/\\\/www.proinca.es\\\/madridfansblog\\\/#organization\"},\"potentialAction\":[{\"@type\":\"SearchAction\",\"target\":{\"@type\":\"EntryPoint\",\"urlTemplate\":\"https:\\\/\\\/www.proinca.es\\\/madridfansblog\\\/?s={search_term_string}\"},\"query-input\":{\"@type\":\"PropertyValueSpecification\",\"valueRequired\":true,\"valueName\":\"search_term_string\"}}],\"inLanguage\":\"es\"},{\"@type\":\"Organization\",\"@id\":\"https:\\\/\\\/www.proinca.es\\\/madridfansblog\\\/#organization\",\"name\":\"Proinca\",\"url\":\"https:\\\/\\\/www.proinca.es\\\/madridfansblog\\\/\",\"logo\":{\"@type\":\"ImageObject\",\"inLanguage\":\"es\",\"@id\":\"https:\\\/\\\/www.proinca.es\\\/madridfansblog\\\/#\\\/schema\\\/logo\\\/image\\\/\",\"url\":\"https:\\\/\\\/www.proinca.es\\\/madridfansblog\\\/wp-content\\\/uploads\\\/2022\\\/03\\\/logo-proinca.jpg\",\"contentUrl\":\"https:\\\/\\\/www.proinca.es\\\/madridfansblog\\\/wp-content\\\/uploads\\\/2022\\\/03\\\/logo-proinca.jpg\",\"width\":522,\"height\":250,\"caption\":\"Proinca\"},\"image\":{\"@id\":\"https:\\\/\\\/www.proinca.es\\\/madridfansblog\\\/#\\\/schema\\\/logo\\\/image\\\/\"}},{\"@type\":\"Person\",\"@id\":\"https:\\\/\\\/www.proinca.es\\\/madridfansblog\\\/#\\\/schema\\\/person\\\/8401adc89c0a0f5a3574c43326247f1e\",\"name\":\"Ana Calero\",\"image\":{\"@type\":\"ImageObject\",\"inLanguage\":\"es\",\"@id\":\"https:\\\/\\\/www.proinca.es\\\/madridfansblog\\\/wp-content\\\/litespeed\\\/avatar\\\/ef51b25c0718910f475570320941ef46.jpg?ver=1777379772\",\"url\":\"https:\\\/\\\/www.proinca.es\\\/madridfansblog\\\/wp-content\\\/litespeed\\\/avatar\\\/ef51b25c0718910f475570320941ef46.jpg?ver=1777379772\",\"contentUrl\":\"https:\\\/\\\/www.proinca.es\\\/madridfansblog\\\/wp-content\\\/litespeed\\\/avatar\\\/ef51b25c0718910f475570320941ef46.jpg?ver=1777379772\",\"caption\":\"Ana Calero\"},\"description\":\"Licenciada en Ciencias Empresariales por la Universidad Aut\u00f3noma de Madrid. Forma parte del equipo de Apartamentos Proinca y es una enamorada de Madrid\",\"sameAs\":[\"https:\\\/\\\/www.proinca.es\\\/madridfansblog\\\/ana-calero\\\/\"]}]}<\/script>\n<!-- \/ Yoast SEO plugin. -->","yoast_head_json":{"title":"20 ping\u00fcinos exposici\u00f3n en Madrid por una buena causa","description":"En las principales calles de Madrid encontrar\u00e1s los 20 ping\u00fcinos decorados por reconocidos artistas y dise\u00f1adores para recaudar fondos para diversas ong's","robots":{"index":"index","follow":"follow","max-snippet":"max-snippet:-1","max-image-preview":"max-image-preview:large","max-video-preview":"max-video-preview:-1"},"canonical":"https:\/\/www.proinca.es\/madridfansblog\/alerta-en-madrid-nos-invaden-los-pinguinos\/","og_locale":"es_ES","og_type":"article","og_title":"20 ping\u00fcinos exposici\u00f3n en Madrid por una buena causa","og_description":"En las principales calles de Madrid encontrar\u00e1s los 20 ping\u00fcinos decorados por reconocidos artistas y dise\u00f1adores para recaudar fondos para diversas ong's","og_url":"https:\/\/www.proinca.es\/madridfansblog\/alerta-en-madrid-nos-invaden-los-pinguinos\/","og_site_name":"Blog Proinca Madrid","article_published_time":"2012-07-23T09:00:01+00:00","article_modified_time":"2025-05-28T13:34:59+00:00","og_image":[{"width":450,"height":270,"url":"https:\/\/www.proinca.es\/madridfansblog\/wp-content\/uploads\/2012\/07\/Madridfansblog-3pinguinos-450x270.jpg","type":"image\/jpeg"}],"author":"Ana Calero","schema":{"@context":"https:\/\/schema.org","@graph":[{"@type":"Article","@id":"https:\/\/www.proinca.es\/madridfansblog\/alerta-en-madrid-nos-invaden-los-pinguinos\/#article","isPartOf":{"@id":"https:\/\/www.proinca.es\/madridfansblog\/alerta-en-madrid-nos-invaden-los-pinguinos\/"},"author":{"name":"Ana Calero","@id":"https:\/\/www.proinca.es\/madridfansblog\/#\/schema\/person\/8401adc89c0a0f5a3574c43326247f1e"},"headline":"ALERTA EN MADRID: \u00a1NOS INVADEN LOS PING\u00dcINOS!","datePublished":"2012-07-23T09:00:01+00:00","dateModified":"2025-05-28T13:34:59+00:00","mainEntityOfPage":{"@id":"https:\/\/www.proinca.es\/madridfansblog\/alerta-en-madrid-nos-invaden-los-pinguinos\/"},"wordCount":304,"publisher":{"@id":"https:\/\/www.proinca.es\/madridfansblog\/#organization"},"image":{"@id":"https:\/\/www.proinca.es\/madridfansblog\/alerta-en-madrid-nos-invaden-los-pinguinos\/#primaryimage"},"thumbnailUrl":"https:\/\/www.proinca.es\/madridfansblog\/wp-content\/uploads\/2012\/07\/Madridfansblog-3pinguinos-450x270.jpg","articleSection":["VIVIR MADRID"],"inLanguage":"es"},{"@type":"WebPage","@id":"https:\/\/www.proinca.es\/madridfansblog\/alerta-en-madrid-nos-invaden-los-pinguinos\/","url":"https:\/\/www.proinca.es\/madridfansblog\/alerta-en-madrid-nos-invaden-los-pinguinos\/","name":"20 ping\u00fcinos exposici\u00f3n en Madrid por una buena causa","isPartOf":{"@id":"https:\/\/www.proinca.es\/madridfansblog\/#website"},"primaryImageOfPage":{"@id":"https:\/\/www.proinca.es\/madridfansblog\/alerta-en-madrid-nos-invaden-los-pinguinos\/#primaryimage"},"image":{"@id":"https:\/\/www.proinca.es\/madridfansblog\/alerta-en-madrid-nos-invaden-los-pinguinos\/#primaryimage"},"thumbnailUrl":"https:\/\/www.proinca.es\/madridfansblog\/wp-content\/uploads\/2012\/07\/Madridfansblog-3pinguinos-450x270.jpg","datePublished":"2012-07-23T09:00:01+00:00","dateModified":"2025-05-28T13:34:59+00:00","description":"En las principales calles de Madrid encontrar\u00e1s los 20 ping\u00fcinos decorados por reconocidos artistas y dise\u00f1adores para recaudar fondos para diversas ong's","inLanguage":"es","potentialAction":[{"@type":"ReadAction","target":["https:\/\/www.proinca.es\/madridfansblog\/alerta-en-madrid-nos-invaden-los-pinguinos\/"]}]},{"@type":"ImageObject","inLanguage":"es","@id":"https:\/\/www.proinca.es\/madridfansblog\/alerta-en-madrid-nos-invaden-los-pinguinos\/#primaryimage","url":"https:\/\/www.proinca.es\/madridfansblog\/wp-content\/uploads\/2012\/07\/Madridfansblog-3pinguinos-450x270.jpg","contentUrl":"https:\/\/www.proinca.es\/madridfansblog\/wp-content\/uploads\/2012\/07\/Madridfansblog-3pinguinos-450x270.jpg","width":"450","height":"270"},{"@type":"WebSite","@id":"https:\/\/www.proinca.es\/madridfansblog\/#website","url":"https:\/\/www.proinca.es\/madridfansblog\/","name":"Madrid Fans Blog Proinca","description":"Pisos y apartamentos de alquiler en Madrid","publisher":{"@id":"https:\/\/www.proinca.es\/madridfansblog\/#organization"},"potentialAction":[{"@type":"SearchAction","target":{"@type":"EntryPoint","urlTemplate":"https:\/\/www.proinca.es\/madridfansblog\/?s={search_term_string}"},"query-input":{"@type":"PropertyValueSpecification","valueRequired":true,"valueName":"search_term_string"}}],"inLanguage":"es"},{"@type":"Organization","@id":"https:\/\/www.proinca.es\/madridfansblog\/#organization","name":"Proinca","url":"https:\/\/www.proinca.es\/madridfansblog\/","logo":{"@type":"ImageObject","inLanguage":"es","@id":"https:\/\/www.proinca.es\/madridfansblog\/#\/schema\/logo\/image\/","url":"https:\/\/www.proinca.es\/madridfansblog\/wp-content\/uploads\/2022\/03\/logo-proinca.jpg","contentUrl":"https:\/\/www.proinca.es\/madridfansblog\/wp-content\/uploads\/2022\/03\/logo-proinca.jpg","width":522,"height":250,"caption":"Proinca"},"image":{"@id":"https:\/\/www.proinca.es\/madridfansblog\/#\/schema\/logo\/image\/"}},{"@type":"Person","@id":"https:\/\/www.proinca.es\/madridfansblog\/#\/schema\/person\/8401adc89c0a0f5a3574c43326247f1e","name":"Ana Calero","image":{"@type":"ImageObject","inLanguage":"es","@id":"https:\/\/www.proinca.es\/madridfansblog\/wp-content\/litespeed\/avatar\/ef51b25c0718910f475570320941ef46.jpg?ver=1777379772","url":"https:\/\/www.proinca.es\/madridfansblog\/wp-content\/litespeed\/avatar\/ef51b25c0718910f475570320941ef46.jpg?ver=1777379772","contentUrl":"https:\/\/www.proinca.es\/madridfansblog\/wp-content\/litespeed\/avatar\/ef51b25c0718910f475570320941ef46.jpg?ver=1777379772","caption":"Ana Calero"},"description":"Licenciada en Ciencias Empresariales por la Universidad Aut\u00f3noma de Madrid. Forma parte del equipo de Apartamentos Proinca y es una enamorada de Madrid","sameAs":["https:\/\/www.proinca.es\/madridfansblog\/ana-calero\/"]}]}},"_links":{"self":[{"href":"https:\/\/www.proinca.es\/madridfansblog\/wp-json\/wp\/v2\/posts\/467","targetHints":{"allow":["GET"]}}],"collection":[{"href":"https:\/\/www.proinca.es\/madridfansblog\/wp-json\/wp\/v2\/posts"}],"about":[{"href":"https:\/\/www.proinca.es\/madridfansblog\/wp-json\/wp\/v2\/types\/post"}],"author":[{"embeddable":true,"href":"https:\/\/www.proinca.es\/madridfansblog\/wp-json\/wp\/v2\/users\/4"}],"replies":[{"embeddable":true,"href":"https:\/\/www.proinca.es\/madridfansblog\/wp-json\/wp\/v2\/comments?post=467"}],"version-history":[{"count":34,"href":"https:\/\/www.proinca.es\/madridfansblog\/wp-json\/wp\/v2\/posts\/467\/revisions"}],"predecessor-version":[{"id":7719,"href":"https:\/\/www.proinca.es\/madridfansblog\/wp-json\/wp\/v2\/posts\/467\/revisions\/7719"}],"wp:featuredmedia":[{"embeddable":true,"href":"https:\/\/www.proinca.es\/madridfansblog\/wp-json\/wp\/v2\/media\/488"}],"wp:attachment":[{"href":"https:\/\/www.proinca.es\/madridfansblog\/wp-json\/wp\/v2\/media?parent=467"}],"wp:term":[{"taxonomy":"category","embeddable":true,"href":"https:\/\/www.proinca.es\/madridfansblog\/wp-json\/wp\/v2\/categories?post=467"},{"taxonomy":"post_tag","embeddable":true,"href":"https:\/\/www.proinca.es\/madridfansblog\/wp-json\/wp\/v2\/tags?post=467"}],"curies":[{"name":"wp","href":"https:\/\/api.w.org\/{rel}","templated":true}]}}