{"id":4670,"date":"2016-11-17T13:42:55","date_gmt":"2016-11-17T12:42:55","guid":{"rendered":"http:\/\/www.proinca.es\/madridfansblog\/?p=4670"},"modified":"2025-05-28T15:53:30","modified_gmt":"2025-05-28T13:53:30","slug":"bibliotecas-para-hacer-turismo-en-madrid-ii","status":"publish","type":"post","link":"https:\/\/www.proinca.es\/madridfansblog\/bibliotecas-para-hacer-turismo-en-madrid-ii\/","title":{"rendered":"BIBLIOTECAS PARA HACER TURISMO EN MADRID II"},"content":{"rendered":"<p>C\u00f3mo sabemos que os encanta el arte y la arquitectura, continuamos esta semana con nuestro repaso a las <strong>bibliotecas<\/strong> m\u00e1s bonitas de <strong>Madrid<\/strong>. <!--more-->Apuntad que todav\u00eda quedan unas cuantas \u00a1Qu\u00e9 os pensabais!<\/p>\n<p>&#8211; N\u00famero 8 de la plaza de la Marina Espa\u00f1ola. Ubicada en un antiguo claustro de estilo g\u00f3tico ingl\u00e9s, <strong>la biblioteca del Senado<\/strong> resulta espectacular para quien la visita por vez primera, pues uno no sabe si se encuentra en el interior de una capilla catedralicia o de un lugar dedicado a la lectura y consulta de ejemplares. Dise\u00f1ada en 1882 por Emilio Rodr\u00edguez Ayuso, fue construida en hierro y consta de dos plantas comunicadas por sendas escaleras de caracol. La Biblioteca del Senado est\u00e1 especializada en el \u00e1mbito tem\u00e1tico de una biblioteca parlamentaria y cuenta con un fondo bibliogr\u00e1fico total de unos 300.000 vol\u00famenes.<\/p>\n<p>&#8211; N\u00famero 21 de la calle del Prado. <strong>La <\/strong><strong>biblioteca del Ateneo de Madrid<\/strong>, fundado en 1835, es de car\u00e1cter privado, aunque puede visitarse con gu\u00eda. Sus fondos guardan buena parte de la historia intelectual de la instituci\u00f3n, sin embargo, no solo merece reconocimiento su contenido, tambi\u00e9n su continente.<\/p>\n<p>&#8211; N\u00famero 3 de la calle de Ram\u00edrez de Prado. <strong>La Biblioteca Regional Joaqu\u00edn Leguina<\/strong> se encuentra en el interior de un edificio emblem\u00e1tico de la arquitectura industrial de Madrid: las instalaciones de la antigua f\u00e1brica de cervezas El \u00c1guila. Cuenta tambi\u00e9n con visitas guiadas.<\/p>\n<p>&#8211; N\u00famero 30 de la calle de los Comuneros de Castilla (Carabanchel). <strong>La Biblioteca P\u00fablica Municipal Ana Mar\u00eda Matute<\/strong> es sin duda la m\u00e1s moderna de nuestro listado, ya que fue inaugurada en 2013. Obra del estudio RSP arquitectos, el edificio, de car\u00e1cter modernista, se divide en tres vol\u00famenes di\u00e1fanos de vidrio y hormig\u00f3n que buscan la luz y la funcionalidad. El resultado est\u00e9tico, por dentro y por fuera, es espectacular.<\/p>\n<p>Seguro que conoc\u00e9is alguna otra <strong>biblioteca<\/strong> que merezca la pena visitar, sabemos que los museos, como la pinacoteca del Reina Sof\u00eda, cuenta con espectaculares espacios para la lectura, estudio y consulta de vol\u00famenes destinados al arte, as\u00ed que, \u00bfpor qu\u00e9 no nos dej\u00e1is en los comentarios alguna buena sugerencia?<\/p>\n<p>&nbsp;<\/p>\n<p>Informaci\u00f3n patrocinada por\u00a0<strong><a title=\"Proinca apartamentos de alquiler en Madrid\" href=\"http:\/\/www.proinca.es\" target=\"_blank\" rel=\"noopener\">Proinca: Apartamentos de alquiler en Madrid<\/a><\/strong><\/p>\n<p>Foto de Tobias Messer en Unsplash<\/p>\n\n\n<div class=\"kk-star-ratings kksr-auto kksr-align-left kksr-valign-bottom\"\n    data-payload='{&quot;align&quot;:&quot;left&quot;,&quot;id&quot;:&quot;4670&quot;,&quot;slug&quot;:&quot;default&quot;,&quot;valign&quot;:&quot;bottom&quot;,&quot;ignore&quot;:&quot;&quot;,&quot;reference&quot;:&quot;auto&quot;,&quot;class&quot;:&quot;&quot;,&quot;count&quot;:&quot;0&quot;,&quot;legendonly&quot;:&quot;&quot;,&quot;readonly&quot;:&quot;&quot;,&quot;score&quot;:&quot;0&quot;,&quot;starsonly&quot;:&quot;&quot;,&quot;best&quot;:&quot;5&quot;,&quot;gap&quot;:&quot;1&quot;,&quot;greet&quot;:&quot;Valora este art\u00edculo&quot;,&quot;legend&quot;:&quot;0\\\/5 - (0 votos)&quot;,&quot;size&quot;:&quot;24&quot;,&quot;title&quot;:&quot;BIBLIOTECAS PARA HACER TURISMO EN MADRID II&quot;,&quot;width&quot;:&quot;0&quot;,&quot;_legend&quot;:&quot;{score}\\\/{best} - ({count} {votes})&quot;,&quot;font_factor&quot;:&quot;1.25&quot;}'>\n            \n<div class=\"kksr-stars\">\n    \n<div class=\"kksr-stars-inactive\">\n            <div class=\"kksr-star\" data-star=\"1\" style=\"padding-right: 1px\">\n            \n\n<div class=\"kksr-icon\" style=\"width: 24px; height: 24px;\"><\/div>\n        <\/div>\n            <div class=\"kksr-star\" data-star=\"2\" style=\"padding-right: 1px\">\n            \n\n<div class=\"kksr-icon\" style=\"width: 24px; height: 24px;\"><\/div>\n        <\/div>\n            <div class=\"kksr-star\" data-star=\"3\" style=\"padding-right: 1px\">\n            \n\n<div class=\"kksr-icon\" style=\"width: 24px; height: 24px;\"><\/div>\n        <\/div>\n            <div class=\"kksr-star\" data-star=\"4\" style=\"padding-right: 1px\">\n            \n\n<div class=\"kksr-icon\" style=\"width: 24px; height: 24px;\"><\/div>\n        <\/div>\n            <div class=\"kksr-star\" data-star=\"5\" style=\"padding-right: 1px\">\n            \n\n<div class=\"kksr-icon\" style=\"width: 24px; height: 24px;\"><\/div>\n        <\/div>\n    <\/div>\n    \n<div class=\"kksr-stars-active\" style=\"width: 0px;\">\n            <div class=\"kksr-star\" style=\"padding-right: 1px\">\n            \n\n<div class=\"kksr-icon\" style=\"width: 24px; height: 24px;\"><\/div>\n        <\/div>\n            <div class=\"kksr-star\" style=\"padding-right: 1px\">\n            \n\n<div class=\"kksr-icon\" style=\"width: 24px; height: 24px;\"><\/div>\n        <\/div>\n            <div class=\"kksr-star\" style=\"padding-right: 1px\">\n            \n\n<div class=\"kksr-icon\" style=\"width: 24px; height: 24px;\"><\/div>\n        <\/div>\n            <div class=\"kksr-star\" style=\"padding-right: 1px\">\n            \n\n<div class=\"kksr-icon\" style=\"width: 24px; height: 24px;\"><\/div>\n        <\/div>\n            <div class=\"kksr-star\" style=\"padding-right: 1px\">\n            \n\n<div class=\"kksr-icon\" style=\"width: 24px; height: 24px;\"><\/div>\n        <\/div>\n    <\/div>\n<\/div>\n                \n\n<div class=\"kksr-legend\" style=\"font-size: 19.2px;\">\n            <span class=\"kksr-muted\">Valora este art\u00edculo<\/span>\n    <\/div>\n    <\/div>\n","protected":false},"excerpt":{"rendered":"<p>C\u00f3mo sabemos que os encanta el arte y la arquitectura,  [&#8230;]<\/p>\n","protected":false},"author":4,"featured_media":7255,"comment_status":"closed","ping_status":"closed","sticky":false,"template":"","format":"standard","meta":{"footnotes":""},"categories":[79],"tags":[38,64,5],"class_list":["post-4670","post","type-post","status-publish","format-standard","has-post-thumbnail","hentry","category-vivir-madrid","tag-arquitectura","tag-libros","tag-madrid"],"yoast_head":"<!-- This site is optimized with the Yoast SEO plugin v27.4 - https:\/\/yoast.com\/product\/yoast-seo-wordpress\/ -->\n<title>Bibliotecas para hacer turismo Madrid II<\/title>\n<meta name=\"description\" content=\"Continuamos esta semana con nuestro repaso a las bibliotecas m\u00e1s bonitas de Madrid:La del Senado,el Ateneo,Regional J. Leguina,Ana.M\u00aaMatute.Por MadridFansblog\" \/>\n<meta name=\"robots\" content=\"index, follow, max-snippet:-1, max-image-preview:large, max-video-preview:-1\" \/>\n<link rel=\"canonical\" href=\"https:\/\/www.proinca.es\/madridfansblog\/bibliotecas-para-hacer-turismo-en-madrid-ii\/\" \/>\n<meta property=\"og:locale\" content=\"es_ES\" \/>\n<meta property=\"og:type\" content=\"article\" \/>\n<meta property=\"og:title\" content=\"Bibliotecas para hacer turismo Madrid II\" \/>\n<meta property=\"og:description\" content=\"Continuamos esta semana con nuestro repaso a las bibliotecas m\u00e1s bonitas de Madrid:La del Senado,el Ateneo,Regional J. Leguina,Ana.M\u00aaMatute.Por MadridFansblog\" \/>\n<meta property=\"og:url\" content=\"https:\/\/www.proinca.es\/madridfansblog\/bibliotecas-para-hacer-turismo-en-madrid-ii\/\" \/>\n<meta property=\"og:site_name\" content=\"Blog Proinca Madrid\" \/>\n<meta property=\"article:published_time\" content=\"2016-11-17T12:42:55+00:00\" \/>\n<meta property=\"article:modified_time\" content=\"2025-05-28T13:53:30+00:00\" \/>\n<meta property=\"og:image\" content=\"https:\/\/www.proinca.es\/madridfansblog\/wp-content\/uploads\/2016\/11\/bibliotecas-turisticas.jpg\" \/>\n\t<meta property=\"og:image:width\" content=\"1000\" \/>\n\t<meta property=\"og:image:height\" content=\"1000\" \/>\n\t<meta property=\"og:image:type\" content=\"image\/jpeg\" \/>\n<meta name=\"author\" content=\"Ana Calero\" \/>\n<script type=\"application\/ld+json\" class=\"yoast-schema-graph\">{\"@context\":\"https:\\\/\\\/schema.org\",\"@graph\":[{\"@type\":\"Article\",\"@id\":\"https:\\\/\\\/www.proinca.es\\\/madridfansblog\\\/bibliotecas-para-hacer-turismo-en-madrid-ii\\\/#article\",\"isPartOf\":{\"@id\":\"https:\\\/\\\/www.proinca.es\\\/madridfansblog\\\/bibliotecas-para-hacer-turismo-en-madrid-ii\\\/\"},\"author\":{\"name\":\"Ana Calero\",\"@id\":\"https:\\\/\\\/www.proinca.es\\\/madridfansblog\\\/#\\\/schema\\\/person\\\/8401adc89c0a0f5a3574c43326247f1e\"},\"headline\":\"BIBLIOTECAS PARA HACER TURISMO EN MADRID II\",\"datePublished\":\"2016-11-17T12:42:55+00:00\",\"dateModified\":\"2025-05-28T13:53:30+00:00\",\"mainEntityOfPage\":{\"@id\":\"https:\\\/\\\/www.proinca.es\\\/madridfansblog\\\/bibliotecas-para-hacer-turismo-en-madrid-ii\\\/\"},\"wordCount\":403,\"publisher\":{\"@id\":\"https:\\\/\\\/www.proinca.es\\\/madridfansblog\\\/#organization\"},\"image\":{\"@id\":\"https:\\\/\\\/www.proinca.es\\\/madridfansblog\\\/bibliotecas-para-hacer-turismo-en-madrid-ii\\\/#primaryimage\"},\"thumbnailUrl\":\"https:\\\/\\\/www.proinca.es\\\/madridfansblog\\\/wp-content\\\/uploads\\\/2016\\\/11\\\/bibliotecas-turisticas.jpg\",\"keywords\":[\"Arquitectura\",\"Libros\",\"Madrid\"],\"articleSection\":[\"VIVIR MADRID\"],\"inLanguage\":\"es\"},{\"@type\":\"WebPage\",\"@id\":\"https:\\\/\\\/www.proinca.es\\\/madridfansblog\\\/bibliotecas-para-hacer-turismo-en-madrid-ii\\\/\",\"url\":\"https:\\\/\\\/www.proinca.es\\\/madridfansblog\\\/bibliotecas-para-hacer-turismo-en-madrid-ii\\\/\",\"name\":\"Bibliotecas para hacer turismo Madrid II\",\"isPartOf\":{\"@id\":\"https:\\\/\\\/www.proinca.es\\\/madridfansblog\\\/#website\"},\"primaryImageOfPage\":{\"@id\":\"https:\\\/\\\/www.proinca.es\\\/madridfansblog\\\/bibliotecas-para-hacer-turismo-en-madrid-ii\\\/#primaryimage\"},\"image\":{\"@id\":\"https:\\\/\\\/www.proinca.es\\\/madridfansblog\\\/bibliotecas-para-hacer-turismo-en-madrid-ii\\\/#primaryimage\"},\"thumbnailUrl\":\"https:\\\/\\\/www.proinca.es\\\/madridfansblog\\\/wp-content\\\/uploads\\\/2016\\\/11\\\/bibliotecas-turisticas.jpg\",\"datePublished\":\"2016-11-17T12:42:55+00:00\",\"dateModified\":\"2025-05-28T13:53:30+00:00\",\"description\":\"Continuamos esta semana con nuestro repaso a las bibliotecas m\u00e1s bonitas de Madrid:La del Senado,el Ateneo,Regional J. Leguina,Ana.M\u00aaMatute.Por MadridFansblog\",\"inLanguage\":\"es\",\"potentialAction\":[{\"@type\":\"ReadAction\",\"target\":[\"https:\\\/\\\/www.proinca.es\\\/madridfansblog\\\/bibliotecas-para-hacer-turismo-en-madrid-ii\\\/\"]}]},{\"@type\":\"ImageObject\",\"inLanguage\":\"es\",\"@id\":\"https:\\\/\\\/www.proinca.es\\\/madridfansblog\\\/bibliotecas-para-hacer-turismo-en-madrid-ii\\\/#primaryimage\",\"url\":\"https:\\\/\\\/www.proinca.es\\\/madridfansblog\\\/wp-content\\\/uploads\\\/2016\\\/11\\\/bibliotecas-turisticas.jpg\",\"contentUrl\":\"https:\\\/\\\/www.proinca.es\\\/madridfansblog\\\/wp-content\\\/uploads\\\/2016\\\/11\\\/bibliotecas-turisticas.jpg\",\"width\":1000,\"height\":1000,\"caption\":\"Bibliotecas para hacer turismo en Madrid\"},{\"@type\":\"WebSite\",\"@id\":\"https:\\\/\\\/www.proinca.es\\\/madridfansblog\\\/#website\",\"url\":\"https:\\\/\\\/www.proinca.es\\\/madridfansblog\\\/\",\"name\":\"Madrid Fans Blog Proinca\",\"description\":\"Pisos y apartamentos de alquiler en Madrid\",\"publisher\":{\"@id\":\"https:\\\/\\\/www.proinca.es\\\/madridfansblog\\\/#organization\"},\"potentialAction\":[{\"@type\":\"SearchAction\",\"target\":{\"@type\":\"EntryPoint\",\"urlTemplate\":\"https:\\\/\\\/www.proinca.es\\\/madridfansblog\\\/?s={search_term_string}\"},\"query-input\":{\"@type\":\"PropertyValueSpecification\",\"valueRequired\":true,\"valueName\":\"search_term_string\"}}],\"inLanguage\":\"es\"},{\"@type\":\"Organization\",\"@id\":\"https:\\\/\\\/www.proinca.es\\\/madridfansblog\\\/#organization\",\"name\":\"Proinca\",\"url\":\"https:\\\/\\\/www.proinca.es\\\/madridfansblog\\\/\",\"logo\":{\"@type\":\"ImageObject\",\"inLanguage\":\"es\",\"@id\":\"https:\\\/\\\/www.proinca.es\\\/madridfansblog\\\/#\\\/schema\\\/logo\\\/image\\\/\",\"url\":\"https:\\\/\\\/www.proinca.es\\\/madridfansblog\\\/wp-content\\\/uploads\\\/2022\\\/03\\\/logo-proinca.jpg\",\"contentUrl\":\"https:\\\/\\\/www.proinca.es\\\/madridfansblog\\\/wp-content\\\/uploads\\\/2022\\\/03\\\/logo-proinca.jpg\",\"width\":522,\"height\":250,\"caption\":\"Proinca\"},\"image\":{\"@id\":\"https:\\\/\\\/www.proinca.es\\\/madridfansblog\\\/#\\\/schema\\\/logo\\\/image\\\/\"}},{\"@type\":\"Person\",\"@id\":\"https:\\\/\\\/www.proinca.es\\\/madridfansblog\\\/#\\\/schema\\\/person\\\/8401adc89c0a0f5a3574c43326247f1e\",\"name\":\"Ana Calero\",\"image\":{\"@type\":\"ImageObject\",\"inLanguage\":\"es\",\"@id\":\"https:\\\/\\\/www.proinca.es\\\/madridfansblog\\\/wp-content\\\/litespeed\\\/avatar\\\/ef51b25c0718910f475570320941ef46.jpg?ver=1777379772\",\"url\":\"https:\\\/\\\/www.proinca.es\\\/madridfansblog\\\/wp-content\\\/litespeed\\\/avatar\\\/ef51b25c0718910f475570320941ef46.jpg?ver=1777379772\",\"contentUrl\":\"https:\\\/\\\/www.proinca.es\\\/madridfansblog\\\/wp-content\\\/litespeed\\\/avatar\\\/ef51b25c0718910f475570320941ef46.jpg?ver=1777379772\",\"caption\":\"Ana Calero\"},\"description\":\"Licenciada en Ciencias Empresariales por la Universidad Aut\u00f3noma de Madrid. Forma parte del equipo de Apartamentos Proinca y es una enamorada de Madrid\",\"sameAs\":[\"https:\\\/\\\/www.proinca.es\\\/madridfansblog\\\/ana-calero\\\/\"]}]}<\/script>\n<!-- \/ Yoast SEO plugin. -->","yoast_head_json":{"title":"Bibliotecas para hacer turismo Madrid II","description":"Continuamos esta semana con nuestro repaso a las bibliotecas m\u00e1s bonitas de Madrid:La del Senado,el Ateneo,Regional J. Leguina,Ana.M\u00aaMatute.Por MadridFansblog","robots":{"index":"index","follow":"follow","max-snippet":"max-snippet:-1","max-image-preview":"max-image-preview:large","max-video-preview":"max-video-preview:-1"},"canonical":"https:\/\/www.proinca.es\/madridfansblog\/bibliotecas-para-hacer-turismo-en-madrid-ii\/","og_locale":"es_ES","og_type":"article","og_title":"Bibliotecas para hacer turismo Madrid II","og_description":"Continuamos esta semana con nuestro repaso a las bibliotecas m\u00e1s bonitas de Madrid:La del Senado,el Ateneo,Regional J. Leguina,Ana.M\u00aaMatute.Por MadridFansblog","og_url":"https:\/\/www.proinca.es\/madridfansblog\/bibliotecas-para-hacer-turismo-en-madrid-ii\/","og_site_name":"Blog Proinca Madrid","article_published_time":"2016-11-17T12:42:55+00:00","article_modified_time":"2025-05-28T13:53:30+00:00","og_image":[{"width":1000,"height":1000,"url":"https:\/\/www.proinca.es\/madridfansblog\/wp-content\/uploads\/2016\/11\/bibliotecas-turisticas.jpg","type":"image\/jpeg"}],"author":"Ana Calero","schema":{"@context":"https:\/\/schema.org","@graph":[{"@type":"Article","@id":"https:\/\/www.proinca.es\/madridfansblog\/bibliotecas-para-hacer-turismo-en-madrid-ii\/#article","isPartOf":{"@id":"https:\/\/www.proinca.es\/madridfansblog\/bibliotecas-para-hacer-turismo-en-madrid-ii\/"},"author":{"name":"Ana Calero","@id":"https:\/\/www.proinca.es\/madridfansblog\/#\/schema\/person\/8401adc89c0a0f5a3574c43326247f1e"},"headline":"BIBLIOTECAS PARA HACER TURISMO EN MADRID II","datePublished":"2016-11-17T12:42:55+00:00","dateModified":"2025-05-28T13:53:30+00:00","mainEntityOfPage":{"@id":"https:\/\/www.proinca.es\/madridfansblog\/bibliotecas-para-hacer-turismo-en-madrid-ii\/"},"wordCount":403,"publisher":{"@id":"https:\/\/www.proinca.es\/madridfansblog\/#organization"},"image":{"@id":"https:\/\/www.proinca.es\/madridfansblog\/bibliotecas-para-hacer-turismo-en-madrid-ii\/#primaryimage"},"thumbnailUrl":"https:\/\/www.proinca.es\/madridfansblog\/wp-content\/uploads\/2016\/11\/bibliotecas-turisticas.jpg","keywords":["Arquitectura","Libros","Madrid"],"articleSection":["VIVIR MADRID"],"inLanguage":"es"},{"@type":"WebPage","@id":"https:\/\/www.proinca.es\/madridfansblog\/bibliotecas-para-hacer-turismo-en-madrid-ii\/","url":"https:\/\/www.proinca.es\/madridfansblog\/bibliotecas-para-hacer-turismo-en-madrid-ii\/","name":"Bibliotecas para hacer turismo Madrid II","isPartOf":{"@id":"https:\/\/www.proinca.es\/madridfansblog\/#website"},"primaryImageOfPage":{"@id":"https:\/\/www.proinca.es\/madridfansblog\/bibliotecas-para-hacer-turismo-en-madrid-ii\/#primaryimage"},"image":{"@id":"https:\/\/www.proinca.es\/madridfansblog\/bibliotecas-para-hacer-turismo-en-madrid-ii\/#primaryimage"},"thumbnailUrl":"https:\/\/www.proinca.es\/madridfansblog\/wp-content\/uploads\/2016\/11\/bibliotecas-turisticas.jpg","datePublished":"2016-11-17T12:42:55+00:00","dateModified":"2025-05-28T13:53:30+00:00","description":"Continuamos esta semana con nuestro repaso a las bibliotecas m\u00e1s bonitas de Madrid:La del Senado,el Ateneo,Regional J. Leguina,Ana.M\u00aaMatute.Por MadridFansblog","inLanguage":"es","potentialAction":[{"@type":"ReadAction","target":["https:\/\/www.proinca.es\/madridfansblog\/bibliotecas-para-hacer-turismo-en-madrid-ii\/"]}]},{"@type":"ImageObject","inLanguage":"es","@id":"https:\/\/www.proinca.es\/madridfansblog\/bibliotecas-para-hacer-turismo-en-madrid-ii\/#primaryimage","url":"https:\/\/www.proinca.es\/madridfansblog\/wp-content\/uploads\/2016\/11\/bibliotecas-turisticas.jpg","contentUrl":"https:\/\/www.proinca.es\/madridfansblog\/wp-content\/uploads\/2016\/11\/bibliotecas-turisticas.jpg","width":1000,"height":1000,"caption":"Bibliotecas para hacer turismo en Madrid"},{"@type":"WebSite","@id":"https:\/\/www.proinca.es\/madridfansblog\/#website","url":"https:\/\/www.proinca.es\/madridfansblog\/","name":"Madrid Fans Blog Proinca","description":"Pisos y apartamentos de alquiler en Madrid","publisher":{"@id":"https:\/\/www.proinca.es\/madridfansblog\/#organization"},"potentialAction":[{"@type":"SearchAction","target":{"@type":"EntryPoint","urlTemplate":"https:\/\/www.proinca.es\/madridfansblog\/?s={search_term_string}"},"query-input":{"@type":"PropertyValueSpecification","valueRequired":true,"valueName":"search_term_string"}}],"inLanguage":"es"},{"@type":"Organization","@id":"https:\/\/www.proinca.es\/madridfansblog\/#organization","name":"Proinca","url":"https:\/\/www.proinca.es\/madridfansblog\/","logo":{"@type":"ImageObject","inLanguage":"es","@id":"https:\/\/www.proinca.es\/madridfansblog\/#\/schema\/logo\/image\/","url":"https:\/\/www.proinca.es\/madridfansblog\/wp-content\/uploads\/2022\/03\/logo-proinca.jpg","contentUrl":"https:\/\/www.proinca.es\/madridfansblog\/wp-content\/uploads\/2022\/03\/logo-proinca.jpg","width":522,"height":250,"caption":"Proinca"},"image":{"@id":"https:\/\/www.proinca.es\/madridfansblog\/#\/schema\/logo\/image\/"}},{"@type":"Person","@id":"https:\/\/www.proinca.es\/madridfansblog\/#\/schema\/person\/8401adc89c0a0f5a3574c43326247f1e","name":"Ana Calero","image":{"@type":"ImageObject","inLanguage":"es","@id":"https:\/\/www.proinca.es\/madridfansblog\/wp-content\/litespeed\/avatar\/ef51b25c0718910f475570320941ef46.jpg?ver=1777379772","url":"https:\/\/www.proinca.es\/madridfansblog\/wp-content\/litespeed\/avatar\/ef51b25c0718910f475570320941ef46.jpg?ver=1777379772","contentUrl":"https:\/\/www.proinca.es\/madridfansblog\/wp-content\/litespeed\/avatar\/ef51b25c0718910f475570320941ef46.jpg?ver=1777379772","caption":"Ana Calero"},"description":"Licenciada en Ciencias Empresariales por la Universidad Aut\u00f3noma de Madrid. Forma parte del equipo de Apartamentos Proinca y es una enamorada de Madrid","sameAs":["https:\/\/www.proinca.es\/madridfansblog\/ana-calero\/"]}]}},"_links":{"self":[{"href":"https:\/\/www.proinca.es\/madridfansblog\/wp-json\/wp\/v2\/posts\/4670","targetHints":{"allow":["GET"]}}],"collection":[{"href":"https:\/\/www.proinca.es\/madridfansblog\/wp-json\/wp\/v2\/posts"}],"about":[{"href":"https:\/\/www.proinca.es\/madridfansblog\/wp-json\/wp\/v2\/types\/post"}],"author":[{"embeddable":true,"href":"https:\/\/www.proinca.es\/madridfansblog\/wp-json\/wp\/v2\/users\/4"}],"replies":[{"embeddable":true,"href":"https:\/\/www.proinca.es\/madridfansblog\/wp-json\/wp\/v2\/comments?post=4670"}],"version-history":[{"count":15,"href":"https:\/\/www.proinca.es\/madridfansblog\/wp-json\/wp\/v2\/posts\/4670\/revisions"}],"predecessor-version":[{"id":7468,"href":"https:\/\/www.proinca.es\/madridfansblog\/wp-json\/wp\/v2\/posts\/4670\/revisions\/7468"}],"wp:featuredmedia":[{"embeddable":true,"href":"https:\/\/www.proinca.es\/madridfansblog\/wp-json\/wp\/v2\/media\/7255"}],"wp:attachment":[{"href":"https:\/\/www.proinca.es\/madridfansblog\/wp-json\/wp\/v2\/media?parent=4670"}],"wp:term":[{"taxonomy":"category","embeddable":true,"href":"https:\/\/www.proinca.es\/madridfansblog\/wp-json\/wp\/v2\/categories?post=4670"},{"taxonomy":"post_tag","embeddable":true,"href":"https:\/\/www.proinca.es\/madridfansblog\/wp-json\/wp\/v2\/tags?post=4670"}],"curies":[{"name":"wp","href":"https:\/\/api.w.org\/{rel}","templated":true}]}}