{"id":4695,"date":"2016-12-15T13:53:48","date_gmt":"2016-12-15T12:53:48","guid":{"rendered":"http:\/\/www.proinca.es\/madridfansblog\/?p=4695"},"modified":"2025-05-28T15:48:42","modified_gmt":"2025-05-28T13:48:42","slug":"luces-y-accion-navidad-en-madrid","status":"publish","type":"post","link":"https:\/\/www.proinca.es\/madridfansblog\/luces-y-accion-navidad-en-madrid\/","title":{"rendered":"\u00a1 LUCES Y ACCI\u00d3N ! NAVIDAD EN MADRID"},"content":{"rendered":"<p>Quiz\u00e1s la <strong>Navidad<\/strong> madrile\u00f1a no sea como la de Copenhague, Praga, Viena o Paris, pero se asemeja cada a\u00f1o m\u00e1s a estas y otras capitales europeas famosas por vivir la <strong>Navidad<\/strong> de forma intensa.<!--more--><\/p>\n<p>Los mercadillos y muestras de artesan\u00eda (que crecen en n\u00famero), los espect\u00e1culos en plena v\u00eda urbana, la puesta en escena de los comercios del centro de la ciudad (m\u00e1s cuidada que nunca), el trasiego de viandantes que compran los \u00faltimos regalos apresuradamente y una bonita iluminaci\u00f3n logran hacer de la ciudad de <strong>Madrid<\/strong> un destino cada vez m\u00e1s solicitado por quienes desean disfrutar al m\u00e1ximo de estas fiestas en una capital europea con decenas de alternativas culturales y de ocio.<\/p>\n<p>En <strong>Madrid<\/strong>, como es tradici\u00f3n, el encendido de<strong> luces<\/strong> marca el comienzo de la <strong>Navidad<\/strong>. Desde el pasado 24 de noviembre podemos disfrutar del alumbrado que adorna las calles, edificios hist\u00f3ricos y plazas del centro, cuyo dise\u00f1o corre a cargo de modistos, arquitectos y dise\u00f1adores gr\u00e1ficos espa\u00f1oles y extranjeros tan relevantes como Purificaci\u00f3n Garc\u00eda, Victorio &amp; Lucchino o Adolfo Dom\u00ednguez, como ya hicieran en a\u00f1os anteriores. Adem\u00e1s, cuentan con dise\u00f1os nuevos las calles Arenal, Carmen, Preciados, la Puerta de Alcal\u00e1, la plaza Mayor y el popular abeto de la Puerta del Sol, donde miles de turistas se fotograf\u00edan cada Navidad en Madrid bajo los hashtags #puertadelsol, #solmadrid o #madridnavidad.<\/p>\n<p>Informaci\u00f3n patrocinada por\u00a0<strong><a title=\"Proinca apartamentos de alquiler en Madrid\" href=\"http:\/\/www.proinca.es\" target=\"_blank\" rel=\"noopener\">Proinca: Apartamentos de alquiler en Madrid<\/a><\/strong><\/p>\n<p>Foto de Kelly Sikkema en Unsplash<\/p>\n\n\n<div class=\"kk-star-ratings kksr-auto kksr-align-left kksr-valign-bottom\"\n    data-payload='{&quot;align&quot;:&quot;left&quot;,&quot;id&quot;:&quot;4695&quot;,&quot;slug&quot;:&quot;default&quot;,&quot;valign&quot;:&quot;bottom&quot;,&quot;ignore&quot;:&quot;&quot;,&quot;reference&quot;:&quot;auto&quot;,&quot;class&quot;:&quot;&quot;,&quot;count&quot;:&quot;0&quot;,&quot;legendonly&quot;:&quot;&quot;,&quot;readonly&quot;:&quot;&quot;,&quot;score&quot;:&quot;0&quot;,&quot;starsonly&quot;:&quot;&quot;,&quot;best&quot;:&quot;5&quot;,&quot;gap&quot;:&quot;1&quot;,&quot;greet&quot;:&quot;Valora este art\u00edculo&quot;,&quot;legend&quot;:&quot;0\\\/5 - (0 votos)&quot;,&quot;size&quot;:&quot;24&quot;,&quot;title&quot;:&quot;\u00a1 LUCES Y ACCI\u00d3N ! NAVIDAD EN MADRID&quot;,&quot;width&quot;:&quot;0&quot;,&quot;_legend&quot;:&quot;{score}\\\/{best} - ({count} {votes})&quot;,&quot;font_factor&quot;:&quot;1.25&quot;}'>\n            \n<div class=\"kksr-stars\">\n    \n<div class=\"kksr-stars-inactive\">\n            <div class=\"kksr-star\" data-star=\"1\" style=\"padding-right: 1px\">\n            \n\n<div class=\"kksr-icon\" style=\"width: 24px; height: 24px;\"><\/div>\n        <\/div>\n            <div class=\"kksr-star\" data-star=\"2\" style=\"padding-right: 1px\">\n            \n\n<div class=\"kksr-icon\" style=\"width: 24px; height: 24px;\"><\/div>\n        <\/div>\n            <div class=\"kksr-star\" data-star=\"3\" style=\"padding-right: 1px\">\n            \n\n<div class=\"kksr-icon\" style=\"width: 24px; height: 24px;\"><\/div>\n        <\/div>\n            <div class=\"kksr-star\" data-star=\"4\" style=\"padding-right: 1px\">\n            \n\n<div class=\"kksr-icon\" style=\"width: 24px; height: 24px;\"><\/div>\n        <\/div>\n            <div class=\"kksr-star\" data-star=\"5\" style=\"padding-right: 1px\">\n            \n\n<div class=\"kksr-icon\" style=\"width: 24px; height: 24px;\"><\/div>\n        <\/div>\n    <\/div>\n    \n<div class=\"kksr-stars-active\" style=\"width: 0px;\">\n            <div class=\"kksr-star\" style=\"padding-right: 1px\">\n            \n\n<div class=\"kksr-icon\" style=\"width: 24px; height: 24px;\"><\/div>\n        <\/div>\n            <div class=\"kksr-star\" style=\"padding-right: 1px\">\n            \n\n<div class=\"kksr-icon\" style=\"width: 24px; height: 24px;\"><\/div>\n        <\/div>\n            <div class=\"kksr-star\" style=\"padding-right: 1px\">\n            \n\n<div class=\"kksr-icon\" style=\"width: 24px; height: 24px;\"><\/div>\n        <\/div>\n            <div class=\"kksr-star\" style=\"padding-right: 1px\">\n            \n\n<div class=\"kksr-icon\" style=\"width: 24px; height: 24px;\"><\/div>\n        <\/div>\n            <div class=\"kksr-star\" style=\"padding-right: 1px\">\n            \n\n<div class=\"kksr-icon\" style=\"width: 24px; height: 24px;\"><\/div>\n        <\/div>\n    <\/div>\n<\/div>\n                \n\n<div class=\"kksr-legend\" style=\"font-size: 19.2px;\">\n            <span class=\"kksr-muted\">Valora este art\u00edculo<\/span>\n    <\/div>\n    <\/div>\n","protected":false},"excerpt":{"rendered":"<p>Quiz\u00e1s la Navidad madrile\u00f1a no sea como la de Copenhague,  [&#8230;]<\/p>\n","protected":false},"author":4,"featured_media":7257,"comment_status":"closed","ping_status":"closed","sticky":false,"template":"","format":"standard","meta":{"footnotes":""},"categories":[79],"tags":[5,69],"class_list":["post-4695","post","type-post","status-publish","format-standard","has-post-thumbnail","hentry","category-vivir-madrid","tag-madrid","tag-navidad"],"yoast_head":"<!-- This site is optimized with the Yoast SEO plugin v27.4 - https:\/\/yoast.com\/product\/yoast-seo-wordpress\/ -->\n<title>\u00a1Luces y acci\u00f3n! Navidad en Madrid<\/title>\n<meta name=\"description\" content=\"Desde el pasado 24 de noviembre podemos disfrutar del alumbrado que adorna las calles, edificios hist\u00f3ricos y plazas del centro de Madrid.Por MadridFansblog\" \/>\n<meta name=\"robots\" content=\"index, follow, max-snippet:-1, max-image-preview:large, max-video-preview:-1\" \/>\n<link rel=\"canonical\" href=\"https:\/\/www.proinca.es\/madridfansblog\/luces-y-accion-navidad-en-madrid\/\" \/>\n<meta property=\"og:locale\" content=\"es_ES\" \/>\n<meta property=\"og:type\" content=\"article\" \/>\n<meta property=\"og:title\" content=\"\u00a1Luces y acci\u00f3n! Navidad en Madrid\" \/>\n<meta property=\"og:description\" content=\"Desde el pasado 24 de noviembre podemos disfrutar del alumbrado que adorna las calles, edificios hist\u00f3ricos y plazas del centro de Madrid.Por MadridFansblog\" \/>\n<meta property=\"og:url\" content=\"https:\/\/www.proinca.es\/madridfansblog\/luces-y-accion-navidad-en-madrid\/\" \/>\n<meta property=\"og:site_name\" content=\"Blog Proinca Madrid\" \/>\n<meta property=\"article:published_time\" content=\"2016-12-15T12:53:48+00:00\" \/>\n<meta property=\"article:modified_time\" content=\"2025-05-28T13:48:42+00:00\" \/>\n<meta property=\"og:image\" content=\"https:\/\/www.proinca.es\/madridfansblog\/wp-content\/uploads\/2016\/12\/luces-navidad-2016.jpg\" \/>\n\t<meta property=\"og:image:width\" content=\"1000\" \/>\n\t<meta property=\"og:image:height\" content=\"649\" \/>\n\t<meta property=\"og:image:type\" content=\"image\/jpeg\" \/>\n<meta name=\"author\" content=\"Ana Calero\" \/>\n<script type=\"application\/ld+json\" class=\"yoast-schema-graph\">{\"@context\":\"https:\\\/\\\/schema.org\",\"@graph\":[{\"@type\":\"Article\",\"@id\":\"https:\\\/\\\/www.proinca.es\\\/madridfansblog\\\/luces-y-accion-navidad-en-madrid\\\/#article\",\"isPartOf\":{\"@id\":\"https:\\\/\\\/www.proinca.es\\\/madridfansblog\\\/luces-y-accion-navidad-en-madrid\\\/\"},\"author\":{\"name\":\"Ana Calero\",\"@id\":\"https:\\\/\\\/www.proinca.es\\\/madridfansblog\\\/#\\\/schema\\\/person\\\/8401adc89c0a0f5a3574c43326247f1e\"},\"headline\":\"\u00a1 LUCES Y ACCI\u00d3N ! NAVIDAD EN MADRID\",\"datePublished\":\"2016-12-15T12:53:48+00:00\",\"dateModified\":\"2025-05-28T13:48:42+00:00\",\"mainEntityOfPage\":{\"@id\":\"https:\\\/\\\/www.proinca.es\\\/madridfansblog\\\/luces-y-accion-navidad-en-madrid\\\/\"},\"wordCount\":270,\"publisher\":{\"@id\":\"https:\\\/\\\/www.proinca.es\\\/madridfansblog\\\/#organization\"},\"image\":{\"@id\":\"https:\\\/\\\/www.proinca.es\\\/madridfansblog\\\/luces-y-accion-navidad-en-madrid\\\/#primaryimage\"},\"thumbnailUrl\":\"https:\\\/\\\/www.proinca.es\\\/madridfansblog\\\/wp-content\\\/uploads\\\/2016\\\/12\\\/luces-navidad-2016.jpg\",\"keywords\":[\"Madrid\",\"Navidad\"],\"articleSection\":[\"VIVIR MADRID\"],\"inLanguage\":\"es\"},{\"@type\":\"WebPage\",\"@id\":\"https:\\\/\\\/www.proinca.es\\\/madridfansblog\\\/luces-y-accion-navidad-en-madrid\\\/\",\"url\":\"https:\\\/\\\/www.proinca.es\\\/madridfansblog\\\/luces-y-accion-navidad-en-madrid\\\/\",\"name\":\"\u00a1Luces y acci\u00f3n! Navidad en Madrid\",\"isPartOf\":{\"@id\":\"https:\\\/\\\/www.proinca.es\\\/madridfansblog\\\/#website\"},\"primaryImageOfPage\":{\"@id\":\"https:\\\/\\\/www.proinca.es\\\/madridfansblog\\\/luces-y-accion-navidad-en-madrid\\\/#primaryimage\"},\"image\":{\"@id\":\"https:\\\/\\\/www.proinca.es\\\/madridfansblog\\\/luces-y-accion-navidad-en-madrid\\\/#primaryimage\"},\"thumbnailUrl\":\"https:\\\/\\\/www.proinca.es\\\/madridfansblog\\\/wp-content\\\/uploads\\\/2016\\\/12\\\/luces-navidad-2016.jpg\",\"datePublished\":\"2016-12-15T12:53:48+00:00\",\"dateModified\":\"2025-05-28T13:48:42+00:00\",\"description\":\"Desde el pasado 24 de noviembre podemos disfrutar del alumbrado que adorna las calles, edificios hist\u00f3ricos y plazas del centro de Madrid.Por MadridFansblog\",\"inLanguage\":\"es\",\"potentialAction\":[{\"@type\":\"ReadAction\",\"target\":[\"https:\\\/\\\/www.proinca.es\\\/madridfansblog\\\/luces-y-accion-navidad-en-madrid\\\/\"]}]},{\"@type\":\"ImageObject\",\"inLanguage\":\"es\",\"@id\":\"https:\\\/\\\/www.proinca.es\\\/madridfansblog\\\/luces-y-accion-navidad-en-madrid\\\/#primaryimage\",\"url\":\"https:\\\/\\\/www.proinca.es\\\/madridfansblog\\\/wp-content\\\/uploads\\\/2016\\\/12\\\/luces-navidad-2016.jpg\",\"contentUrl\":\"https:\\\/\\\/www.proinca.es\\\/madridfansblog\\\/wp-content\\\/uploads\\\/2016\\\/12\\\/luces-navidad-2016.jpg\",\"width\":1000,\"height\":649,\"caption\":\"\u00a1 Luces y acci\u00f3n ! Navidad en Madrid\"},{\"@type\":\"WebSite\",\"@id\":\"https:\\\/\\\/www.proinca.es\\\/madridfansblog\\\/#website\",\"url\":\"https:\\\/\\\/www.proinca.es\\\/madridfansblog\\\/\",\"name\":\"Madrid Fans Blog Proinca\",\"description\":\"Pisos y apartamentos de alquiler en Madrid\",\"publisher\":{\"@id\":\"https:\\\/\\\/www.proinca.es\\\/madridfansblog\\\/#organization\"},\"potentialAction\":[{\"@type\":\"SearchAction\",\"target\":{\"@type\":\"EntryPoint\",\"urlTemplate\":\"https:\\\/\\\/www.proinca.es\\\/madridfansblog\\\/?s={search_term_string}\"},\"query-input\":{\"@type\":\"PropertyValueSpecification\",\"valueRequired\":true,\"valueName\":\"search_term_string\"}}],\"inLanguage\":\"es\"},{\"@type\":\"Organization\",\"@id\":\"https:\\\/\\\/www.proinca.es\\\/madridfansblog\\\/#organization\",\"name\":\"Proinca\",\"url\":\"https:\\\/\\\/www.proinca.es\\\/madridfansblog\\\/\",\"logo\":{\"@type\":\"ImageObject\",\"inLanguage\":\"es\",\"@id\":\"https:\\\/\\\/www.proinca.es\\\/madridfansblog\\\/#\\\/schema\\\/logo\\\/image\\\/\",\"url\":\"https:\\\/\\\/www.proinca.es\\\/madridfansblog\\\/wp-content\\\/uploads\\\/2022\\\/03\\\/logo-proinca.jpg\",\"contentUrl\":\"https:\\\/\\\/www.proinca.es\\\/madridfansblog\\\/wp-content\\\/uploads\\\/2022\\\/03\\\/logo-proinca.jpg\",\"width\":522,\"height\":250,\"caption\":\"Proinca\"},\"image\":{\"@id\":\"https:\\\/\\\/www.proinca.es\\\/madridfansblog\\\/#\\\/schema\\\/logo\\\/image\\\/\"}},{\"@type\":\"Person\",\"@id\":\"https:\\\/\\\/www.proinca.es\\\/madridfansblog\\\/#\\\/schema\\\/person\\\/8401adc89c0a0f5a3574c43326247f1e\",\"name\":\"Ana Calero\",\"image\":{\"@type\":\"ImageObject\",\"inLanguage\":\"es\",\"@id\":\"https:\\\/\\\/www.proinca.es\\\/madridfansblog\\\/wp-content\\\/litespeed\\\/avatar\\\/ef51b25c0718910f475570320941ef46.jpg?ver=1777379772\",\"url\":\"https:\\\/\\\/www.proinca.es\\\/madridfansblog\\\/wp-content\\\/litespeed\\\/avatar\\\/ef51b25c0718910f475570320941ef46.jpg?ver=1777379772\",\"contentUrl\":\"https:\\\/\\\/www.proinca.es\\\/madridfansblog\\\/wp-content\\\/litespeed\\\/avatar\\\/ef51b25c0718910f475570320941ef46.jpg?ver=1777379772\",\"caption\":\"Ana Calero\"},\"description\":\"Licenciada en Ciencias Empresariales por la Universidad Aut\u00f3noma de Madrid. Forma parte del equipo de Apartamentos Proinca y es una enamorada de Madrid\",\"sameAs\":[\"https:\\\/\\\/www.proinca.es\\\/madridfansblog\\\/ana-calero\\\/\"]}]}<\/script>\n<!-- \/ Yoast SEO plugin. -->","yoast_head_json":{"title":"\u00a1Luces y acci\u00f3n! Navidad en Madrid","description":"Desde el pasado 24 de noviembre podemos disfrutar del alumbrado que adorna las calles, edificios hist\u00f3ricos y plazas del centro de Madrid.Por MadridFansblog","robots":{"index":"index","follow":"follow","max-snippet":"max-snippet:-1","max-image-preview":"max-image-preview:large","max-video-preview":"max-video-preview:-1"},"canonical":"https:\/\/www.proinca.es\/madridfansblog\/luces-y-accion-navidad-en-madrid\/","og_locale":"es_ES","og_type":"article","og_title":"\u00a1Luces y acci\u00f3n! Navidad en Madrid","og_description":"Desde el pasado 24 de noviembre podemos disfrutar del alumbrado que adorna las calles, edificios hist\u00f3ricos y plazas del centro de Madrid.Por MadridFansblog","og_url":"https:\/\/www.proinca.es\/madridfansblog\/luces-y-accion-navidad-en-madrid\/","og_site_name":"Blog Proinca Madrid","article_published_time":"2016-12-15T12:53:48+00:00","article_modified_time":"2025-05-28T13:48:42+00:00","og_image":[{"width":1000,"height":649,"url":"https:\/\/www.proinca.es\/madridfansblog\/wp-content\/uploads\/2016\/12\/luces-navidad-2016.jpg","type":"image\/jpeg"}],"author":"Ana Calero","schema":{"@context":"https:\/\/schema.org","@graph":[{"@type":"Article","@id":"https:\/\/www.proinca.es\/madridfansblog\/luces-y-accion-navidad-en-madrid\/#article","isPartOf":{"@id":"https:\/\/www.proinca.es\/madridfansblog\/luces-y-accion-navidad-en-madrid\/"},"author":{"name":"Ana Calero","@id":"https:\/\/www.proinca.es\/madridfansblog\/#\/schema\/person\/8401adc89c0a0f5a3574c43326247f1e"},"headline":"\u00a1 LUCES Y ACCI\u00d3N ! NAVIDAD EN MADRID","datePublished":"2016-12-15T12:53:48+00:00","dateModified":"2025-05-28T13:48:42+00:00","mainEntityOfPage":{"@id":"https:\/\/www.proinca.es\/madridfansblog\/luces-y-accion-navidad-en-madrid\/"},"wordCount":270,"publisher":{"@id":"https:\/\/www.proinca.es\/madridfansblog\/#organization"},"image":{"@id":"https:\/\/www.proinca.es\/madridfansblog\/luces-y-accion-navidad-en-madrid\/#primaryimage"},"thumbnailUrl":"https:\/\/www.proinca.es\/madridfansblog\/wp-content\/uploads\/2016\/12\/luces-navidad-2016.jpg","keywords":["Madrid","Navidad"],"articleSection":["VIVIR MADRID"],"inLanguage":"es"},{"@type":"WebPage","@id":"https:\/\/www.proinca.es\/madridfansblog\/luces-y-accion-navidad-en-madrid\/","url":"https:\/\/www.proinca.es\/madridfansblog\/luces-y-accion-navidad-en-madrid\/","name":"\u00a1Luces y acci\u00f3n! Navidad en Madrid","isPartOf":{"@id":"https:\/\/www.proinca.es\/madridfansblog\/#website"},"primaryImageOfPage":{"@id":"https:\/\/www.proinca.es\/madridfansblog\/luces-y-accion-navidad-en-madrid\/#primaryimage"},"image":{"@id":"https:\/\/www.proinca.es\/madridfansblog\/luces-y-accion-navidad-en-madrid\/#primaryimage"},"thumbnailUrl":"https:\/\/www.proinca.es\/madridfansblog\/wp-content\/uploads\/2016\/12\/luces-navidad-2016.jpg","datePublished":"2016-12-15T12:53:48+00:00","dateModified":"2025-05-28T13:48:42+00:00","description":"Desde el pasado 24 de noviembre podemos disfrutar del alumbrado que adorna las calles, edificios hist\u00f3ricos y plazas del centro de Madrid.Por MadridFansblog","inLanguage":"es","potentialAction":[{"@type":"ReadAction","target":["https:\/\/www.proinca.es\/madridfansblog\/luces-y-accion-navidad-en-madrid\/"]}]},{"@type":"ImageObject","inLanguage":"es","@id":"https:\/\/www.proinca.es\/madridfansblog\/luces-y-accion-navidad-en-madrid\/#primaryimage","url":"https:\/\/www.proinca.es\/madridfansblog\/wp-content\/uploads\/2016\/12\/luces-navidad-2016.jpg","contentUrl":"https:\/\/www.proinca.es\/madridfansblog\/wp-content\/uploads\/2016\/12\/luces-navidad-2016.jpg","width":1000,"height":649,"caption":"\u00a1 Luces y acci\u00f3n ! Navidad en Madrid"},{"@type":"WebSite","@id":"https:\/\/www.proinca.es\/madridfansblog\/#website","url":"https:\/\/www.proinca.es\/madridfansblog\/","name":"Madrid Fans Blog Proinca","description":"Pisos y apartamentos de alquiler en Madrid","publisher":{"@id":"https:\/\/www.proinca.es\/madridfansblog\/#organization"},"potentialAction":[{"@type":"SearchAction","target":{"@type":"EntryPoint","urlTemplate":"https:\/\/www.proinca.es\/madridfansblog\/?s={search_term_string}"},"query-input":{"@type":"PropertyValueSpecification","valueRequired":true,"valueName":"search_term_string"}}],"inLanguage":"es"},{"@type":"Organization","@id":"https:\/\/www.proinca.es\/madridfansblog\/#organization","name":"Proinca","url":"https:\/\/www.proinca.es\/madridfansblog\/","logo":{"@type":"ImageObject","inLanguage":"es","@id":"https:\/\/www.proinca.es\/madridfansblog\/#\/schema\/logo\/image\/","url":"https:\/\/www.proinca.es\/madridfansblog\/wp-content\/uploads\/2022\/03\/logo-proinca.jpg","contentUrl":"https:\/\/www.proinca.es\/madridfansblog\/wp-content\/uploads\/2022\/03\/logo-proinca.jpg","width":522,"height":250,"caption":"Proinca"},"image":{"@id":"https:\/\/www.proinca.es\/madridfansblog\/#\/schema\/logo\/image\/"}},{"@type":"Person","@id":"https:\/\/www.proinca.es\/madridfansblog\/#\/schema\/person\/8401adc89c0a0f5a3574c43326247f1e","name":"Ana Calero","image":{"@type":"ImageObject","inLanguage":"es","@id":"https:\/\/www.proinca.es\/madridfansblog\/wp-content\/litespeed\/avatar\/ef51b25c0718910f475570320941ef46.jpg?ver=1777379772","url":"https:\/\/www.proinca.es\/madridfansblog\/wp-content\/litespeed\/avatar\/ef51b25c0718910f475570320941ef46.jpg?ver=1777379772","contentUrl":"https:\/\/www.proinca.es\/madridfansblog\/wp-content\/litespeed\/avatar\/ef51b25c0718910f475570320941ef46.jpg?ver=1777379772","caption":"Ana Calero"},"description":"Licenciada en Ciencias Empresariales por la Universidad Aut\u00f3noma de Madrid. Forma parte del equipo de Apartamentos Proinca y es una enamorada de Madrid","sameAs":["https:\/\/www.proinca.es\/madridfansblog\/ana-calero\/"]}]}},"_links":{"self":[{"href":"https:\/\/www.proinca.es\/madridfansblog\/wp-json\/wp\/v2\/posts\/4695","targetHints":{"allow":["GET"]}}],"collection":[{"href":"https:\/\/www.proinca.es\/madridfansblog\/wp-json\/wp\/v2\/posts"}],"about":[{"href":"https:\/\/www.proinca.es\/madridfansblog\/wp-json\/wp\/v2\/types\/post"}],"author":[{"embeddable":true,"href":"https:\/\/www.proinca.es\/madridfansblog\/wp-json\/wp\/v2\/users\/4"}],"replies":[{"embeddable":true,"href":"https:\/\/www.proinca.es\/madridfansblog\/wp-json\/wp\/v2\/comments?post=4695"}],"version-history":[{"count":11,"href":"https:\/\/www.proinca.es\/madridfansblog\/wp-json\/wp\/v2\/posts\/4695\/revisions"}],"predecessor-version":[{"id":7467,"href":"https:\/\/www.proinca.es\/madridfansblog\/wp-json\/wp\/v2\/posts\/4695\/revisions\/7467"}],"wp:featuredmedia":[{"embeddable":true,"href":"https:\/\/www.proinca.es\/madridfansblog\/wp-json\/wp\/v2\/media\/7257"}],"wp:attachment":[{"href":"https:\/\/www.proinca.es\/madridfansblog\/wp-json\/wp\/v2\/media?parent=4695"}],"wp:term":[{"taxonomy":"category","embeddable":true,"href":"https:\/\/www.proinca.es\/madridfansblog\/wp-json\/wp\/v2\/categories?post=4695"},{"taxonomy":"post_tag","embeddable":true,"href":"https:\/\/www.proinca.es\/madridfansblog\/wp-json\/wp\/v2\/tags?post=4695"}],"curies":[{"name":"wp","href":"https:\/\/api.w.org\/{rel}","templated":true}]}}