{"id":4704,"date":"2016-12-27T11:09:35","date_gmt":"2016-12-27T10:09:35","guid":{"rendered":"http:\/\/www.proinca.es\/madridfansblog\/?p=4704"},"modified":"2025-05-28T15:48:37","modified_gmt":"2025-05-28T13:48:37","slug":"naviluz-el-autobus-de-la-navidad","status":"publish","type":"post","link":"https:\/\/www.proinca.es\/madridfansblog\/naviluz-el-autobus-de-la-navidad\/","title":{"rendered":"NAVILUZ, EL AUTOB\u00daS DE LA NAVIDAD"},"content":{"rendered":"<p>Y como cada a\u00f1o, la EMT pone a nuestra disposici\u00f3n <strong>Naviluz<\/strong>,<!--more--> un <strong>autob\u00fas<\/strong> que nos permite ver las principales <strong>luces de Navidad<\/strong> de la ciudad en 40 minutos. El servicio funciona diariamente hasta el 6 de enero en horarios de 18.00 a 23.00 horas (salvo el 24, el 31 y el 5 de enero, que permanece interrumpido). La tarifa es de 2 euros por persona (1,5 euros los mayores de 65 a\u00f1os y gratis los menores de siete) y las salidas y llegadas, en la Plaza de Col\u00f3n (calle Serrano, frente al n\u00ba 30).Sin embargo, <strong>Naviluz<\/strong> no es el \u00fanico servicio que nos brinda la posibilidad de ver las <strong>luces de Navidad<\/strong> de <strong>Madrid<\/strong> c\u00f3modamente, la empresa BusVisi\u00f3n dispone de su propio Navibus, un autob\u00fas tur\u00edstico de Madrid que funciona a partir de las seis de la tarde, momento en el que el alumbrado navide\u00f1o se pone en marcha. El punto de salida en este caso es la plaza de C\u00e1novas del Castillo, Fuente de Neptuno.<\/p>\n<p><strong>Horario de alumbrado navide\u00f1o en Madrid 2016-2017<\/strong>:<\/p>\n<p>Domingos, lunes, martes y mi\u00e9rcoles, de 18.00 a 23.00 horas.<\/p>\n<p>Jueves, viernes y s\u00e1bados, de 18.00 a 24:00 horas.<\/p>\n<p>25 de diciembre, 1 de enero y 6 de enero, de 18.00 a 24:00 horas.<\/p>\n<p>24 de diciembre y 5 de enero, de 18 horas hasta 03:00 horas.<\/p>\n<p>31 de diciembre, de 18 horas a las 06:00 horas.<\/p>\n<p>Informaci\u00f3n patrocinada por\u00a0<strong><a title=\"Proinca apartamentos de alquiler en Madrid\" href=\"http:\/\/www.proinca.es\" target=\"_blank\" rel=\"noopener\">Proinca: Apartamentos de alquiler en Madrid<\/a><\/strong><\/p>\n<p>Fuente imagen: www.emtmadrid.es\/<\/p>\n\n\n<div class=\"kk-star-ratings kksr-auto kksr-align-left kksr-valign-bottom\"\n    data-payload='{&quot;align&quot;:&quot;left&quot;,&quot;id&quot;:&quot;4704&quot;,&quot;slug&quot;:&quot;default&quot;,&quot;valign&quot;:&quot;bottom&quot;,&quot;ignore&quot;:&quot;&quot;,&quot;reference&quot;:&quot;auto&quot;,&quot;class&quot;:&quot;&quot;,&quot;count&quot;:&quot;0&quot;,&quot;legendonly&quot;:&quot;&quot;,&quot;readonly&quot;:&quot;&quot;,&quot;score&quot;:&quot;0&quot;,&quot;starsonly&quot;:&quot;&quot;,&quot;best&quot;:&quot;5&quot;,&quot;gap&quot;:&quot;1&quot;,&quot;greet&quot;:&quot;Valora este art\u00edculo&quot;,&quot;legend&quot;:&quot;0\\\/5 - (0 votos)&quot;,&quot;size&quot;:&quot;24&quot;,&quot;title&quot;:&quot;NAVILUZ, EL AUTOB\u00daS DE LA NAVIDAD&quot;,&quot;width&quot;:&quot;0&quot;,&quot;_legend&quot;:&quot;{score}\\\/{best} - ({count} {votes})&quot;,&quot;font_factor&quot;:&quot;1.25&quot;}'>\n            \n<div class=\"kksr-stars\">\n    \n<div class=\"kksr-stars-inactive\">\n            <div class=\"kksr-star\" data-star=\"1\" style=\"padding-right: 1px\">\n            \n\n<div class=\"kksr-icon\" style=\"width: 24px; height: 24px;\"><\/div>\n        <\/div>\n            <div class=\"kksr-star\" data-star=\"2\" style=\"padding-right: 1px\">\n            \n\n<div class=\"kksr-icon\" style=\"width: 24px; height: 24px;\"><\/div>\n        <\/div>\n            <div class=\"kksr-star\" data-star=\"3\" style=\"padding-right: 1px\">\n            \n\n<div class=\"kksr-icon\" style=\"width: 24px; height: 24px;\"><\/div>\n        <\/div>\n            <div class=\"kksr-star\" data-star=\"4\" style=\"padding-right: 1px\">\n            \n\n<div class=\"kksr-icon\" style=\"width: 24px; height: 24px;\"><\/div>\n        <\/div>\n            <div class=\"kksr-star\" data-star=\"5\" style=\"padding-right: 1px\">\n            \n\n<div class=\"kksr-icon\" style=\"width: 24px; height: 24px;\"><\/div>\n        <\/div>\n    <\/div>\n    \n<div class=\"kksr-stars-active\" style=\"width: 0px;\">\n            <div class=\"kksr-star\" style=\"padding-right: 1px\">\n            \n\n<div class=\"kksr-icon\" style=\"width: 24px; height: 24px;\"><\/div>\n        <\/div>\n            <div class=\"kksr-star\" style=\"padding-right: 1px\">\n            \n\n<div class=\"kksr-icon\" style=\"width: 24px; height: 24px;\"><\/div>\n        <\/div>\n            <div class=\"kksr-star\" style=\"padding-right: 1px\">\n            \n\n<div class=\"kksr-icon\" style=\"width: 24px; height: 24px;\"><\/div>\n        <\/div>\n            <div class=\"kksr-star\" style=\"padding-right: 1px\">\n            \n\n<div class=\"kksr-icon\" style=\"width: 24px; height: 24px;\"><\/div>\n        <\/div>\n            <div class=\"kksr-star\" style=\"padding-right: 1px\">\n            \n\n<div class=\"kksr-icon\" style=\"width: 24px; height: 24px;\"><\/div>\n        <\/div>\n    <\/div>\n<\/div>\n                \n\n<div class=\"kksr-legend\" style=\"font-size: 19.2px;\">\n            <span class=\"kksr-muted\">Valora este art\u00edculo<\/span>\n    <\/div>\n    <\/div>\n","protected":false},"excerpt":{"rendered":"<p>Y como cada a\u00f1o, la EMT pone a nuestra disposici\u00f3n  [&#8230;]<\/p>\n","protected":false},"author":4,"featured_media":4714,"comment_status":"closed","ping_status":"closed","sticky":false,"template":"","format":"standard","meta":{"footnotes":""},"categories":[79],"tags":[5,69,34],"class_list":["post-4704","post","type-post","status-publish","format-standard","has-post-thumbnail","hentry","category-vivir-madrid","tag-madrid","tag-navidad","tag-tour-madrid"],"yoast_head":"<!-- This site is optimized with the Yoast SEO plugin v27.4 - https:\/\/yoast.com\/product\/yoast-seo-wordpress\/ -->\n<title>Naviluz, el autob\u00fas de la Navidad<\/title>\n<meta name=\"description\" content=\"La EMT pone a nuestra disposici\u00f3n Naviluz, un autob\u00fas que nos permite ver las principales luces de Navidad de Madrid en 40 minutos.Por Madridfansblog\" \/>\n<meta name=\"robots\" content=\"index, follow, max-snippet:-1, max-image-preview:large, max-video-preview:-1\" \/>\n<link rel=\"canonical\" href=\"https:\/\/www.proinca.es\/madridfansblog\/naviluz-el-autobus-de-la-navidad\/\" \/>\n<meta property=\"og:locale\" content=\"es_ES\" \/>\n<meta property=\"og:type\" content=\"article\" \/>\n<meta property=\"og:title\" content=\"Naviluz, el autob\u00fas de la Navidad\" \/>\n<meta property=\"og:description\" content=\"La EMT pone a nuestra disposici\u00f3n Naviluz, un autob\u00fas que nos permite ver las principales luces de Navidad de Madrid en 40 minutos.Por Madridfansblog\" \/>\n<meta property=\"og:url\" content=\"https:\/\/www.proinca.es\/madridfansblog\/naviluz-el-autobus-de-la-navidad\/\" \/>\n<meta property=\"og:site_name\" content=\"Blog Proinca Madrid\" \/>\n<meta property=\"article:published_time\" content=\"2016-12-27T10:09:35+00:00\" \/>\n<meta property=\"article:modified_time\" content=\"2025-05-28T13:48:37+00:00\" \/>\n<meta property=\"og:image\" content=\"https:\/\/www.proinca.es\/madridfansblog\/wp-content\/uploads\/2016\/12\/proinca_madridfansblog_naviluz_luces_autobus_madrid_1.jpg\" \/>\n\t<meta property=\"og:image:width\" content=\"501\" \/>\n\t<meta property=\"og:image:height\" content=\"93\" \/>\n\t<meta property=\"og:image:type\" content=\"image\/jpeg\" \/>\n<meta name=\"author\" content=\"Ana Calero\" \/>\n<script type=\"application\/ld+json\" class=\"yoast-schema-graph\">{\"@context\":\"https:\\\/\\\/schema.org\",\"@graph\":[{\"@type\":\"Article\",\"@id\":\"https:\\\/\\\/www.proinca.es\\\/madridfansblog\\\/naviluz-el-autobus-de-la-navidad\\\/#article\",\"isPartOf\":{\"@id\":\"https:\\\/\\\/www.proinca.es\\\/madridfansblog\\\/naviluz-el-autobus-de-la-navidad\\\/\"},\"author\":{\"name\":\"Ana Calero\",\"@id\":\"https:\\\/\\\/www.proinca.es\\\/madridfansblog\\\/#\\\/schema\\\/person\\\/8401adc89c0a0f5a3574c43326247f1e\"},\"headline\":\"NAVILUZ, EL AUTOB\u00daS DE LA NAVIDAD\",\"datePublished\":\"2016-12-27T10:09:35+00:00\",\"dateModified\":\"2025-05-28T13:48:37+00:00\",\"mainEntityOfPage\":{\"@id\":\"https:\\\/\\\/www.proinca.es\\\/madridfansblog\\\/naviluz-el-autobus-de-la-navidad\\\/\"},\"wordCount\":240,\"publisher\":{\"@id\":\"https:\\\/\\\/www.proinca.es\\\/madridfansblog\\\/#organization\"},\"image\":{\"@id\":\"https:\\\/\\\/www.proinca.es\\\/madridfansblog\\\/naviluz-el-autobus-de-la-navidad\\\/#primaryimage\"},\"thumbnailUrl\":\"https:\\\/\\\/www.proinca.es\\\/madridfansblog\\\/wp-content\\\/uploads\\\/2016\\\/12\\\/proinca_madridfansblog_naviluz_luces_autobus_madrid_1.jpg\",\"keywords\":[\"Madrid\",\"Navidad\",\"Tour Madrid\"],\"articleSection\":[\"VIVIR MADRID\"],\"inLanguage\":\"es\"},{\"@type\":\"WebPage\",\"@id\":\"https:\\\/\\\/www.proinca.es\\\/madridfansblog\\\/naviluz-el-autobus-de-la-navidad\\\/\",\"url\":\"https:\\\/\\\/www.proinca.es\\\/madridfansblog\\\/naviluz-el-autobus-de-la-navidad\\\/\",\"name\":\"Naviluz, el autob\u00fas de la Navidad\",\"isPartOf\":{\"@id\":\"https:\\\/\\\/www.proinca.es\\\/madridfansblog\\\/#website\"},\"primaryImageOfPage\":{\"@id\":\"https:\\\/\\\/www.proinca.es\\\/madridfansblog\\\/naviluz-el-autobus-de-la-navidad\\\/#primaryimage\"},\"image\":{\"@id\":\"https:\\\/\\\/www.proinca.es\\\/madridfansblog\\\/naviluz-el-autobus-de-la-navidad\\\/#primaryimage\"},\"thumbnailUrl\":\"https:\\\/\\\/www.proinca.es\\\/madridfansblog\\\/wp-content\\\/uploads\\\/2016\\\/12\\\/proinca_madridfansblog_naviluz_luces_autobus_madrid_1.jpg\",\"datePublished\":\"2016-12-27T10:09:35+00:00\",\"dateModified\":\"2025-05-28T13:48:37+00:00\",\"description\":\"La EMT pone a nuestra disposici\u00f3n Naviluz, un autob\u00fas que nos permite ver las principales luces de Navidad de Madrid en 40 minutos.Por Madridfansblog\",\"inLanguage\":\"es\",\"potentialAction\":[{\"@type\":\"ReadAction\",\"target\":[\"https:\\\/\\\/www.proinca.es\\\/madridfansblog\\\/naviluz-el-autobus-de-la-navidad\\\/\"]}]},{\"@type\":\"ImageObject\",\"inLanguage\":\"es\",\"@id\":\"https:\\\/\\\/www.proinca.es\\\/madridfansblog\\\/naviluz-el-autobus-de-la-navidad\\\/#primaryimage\",\"url\":\"https:\\\/\\\/www.proinca.es\\\/madridfansblog\\\/wp-content\\\/uploads\\\/2016\\\/12\\\/proinca_madridfansblog_naviluz_luces_autobus_madrid_1.jpg\",\"contentUrl\":\"https:\\\/\\\/www.proinca.es\\\/madridfansblog\\\/wp-content\\\/uploads\\\/2016\\\/12\\\/proinca_madridfansblog_naviluz_luces_autobus_madrid_1.jpg\",\"width\":501,\"height\":93,\"caption\":\"proinca madridfansblog naviluz luces autobus madrid 1\"},{\"@type\":\"WebSite\",\"@id\":\"https:\\\/\\\/www.proinca.es\\\/madridfansblog\\\/#website\",\"url\":\"https:\\\/\\\/www.proinca.es\\\/madridfansblog\\\/\",\"name\":\"Madrid Fans Blog Proinca\",\"description\":\"Pisos y apartamentos de alquiler en Madrid\",\"publisher\":{\"@id\":\"https:\\\/\\\/www.proinca.es\\\/madridfansblog\\\/#organization\"},\"potentialAction\":[{\"@type\":\"SearchAction\",\"target\":{\"@type\":\"EntryPoint\",\"urlTemplate\":\"https:\\\/\\\/www.proinca.es\\\/madridfansblog\\\/?s={search_term_string}\"},\"query-input\":{\"@type\":\"PropertyValueSpecification\",\"valueRequired\":true,\"valueName\":\"search_term_string\"}}],\"inLanguage\":\"es\"},{\"@type\":\"Organization\",\"@id\":\"https:\\\/\\\/www.proinca.es\\\/madridfansblog\\\/#organization\",\"name\":\"Proinca\",\"url\":\"https:\\\/\\\/www.proinca.es\\\/madridfansblog\\\/\",\"logo\":{\"@type\":\"ImageObject\",\"inLanguage\":\"es\",\"@id\":\"https:\\\/\\\/www.proinca.es\\\/madridfansblog\\\/#\\\/schema\\\/logo\\\/image\\\/\",\"url\":\"https:\\\/\\\/www.proinca.es\\\/madridfansblog\\\/wp-content\\\/uploads\\\/2022\\\/03\\\/logo-proinca.jpg\",\"contentUrl\":\"https:\\\/\\\/www.proinca.es\\\/madridfansblog\\\/wp-content\\\/uploads\\\/2022\\\/03\\\/logo-proinca.jpg\",\"width\":522,\"height\":250,\"caption\":\"Proinca\"},\"image\":{\"@id\":\"https:\\\/\\\/www.proinca.es\\\/madridfansblog\\\/#\\\/schema\\\/logo\\\/image\\\/\"}},{\"@type\":\"Person\",\"@id\":\"https:\\\/\\\/www.proinca.es\\\/madridfansblog\\\/#\\\/schema\\\/person\\\/8401adc89c0a0f5a3574c43326247f1e\",\"name\":\"Ana Calero\",\"image\":{\"@type\":\"ImageObject\",\"inLanguage\":\"es\",\"@id\":\"https:\\\/\\\/www.proinca.es\\\/madridfansblog\\\/wp-content\\\/litespeed\\\/avatar\\\/ef51b25c0718910f475570320941ef46.jpg?ver=1777379772\",\"url\":\"https:\\\/\\\/www.proinca.es\\\/madridfansblog\\\/wp-content\\\/litespeed\\\/avatar\\\/ef51b25c0718910f475570320941ef46.jpg?ver=1777379772\",\"contentUrl\":\"https:\\\/\\\/www.proinca.es\\\/madridfansblog\\\/wp-content\\\/litespeed\\\/avatar\\\/ef51b25c0718910f475570320941ef46.jpg?ver=1777379772\",\"caption\":\"Ana Calero\"},\"description\":\"Licenciada en Ciencias Empresariales por la Universidad Aut\u00f3noma de Madrid. Forma parte del equipo de Apartamentos Proinca y es una enamorada de Madrid\",\"sameAs\":[\"https:\\\/\\\/www.proinca.es\\\/madridfansblog\\\/ana-calero\\\/\"]}]}<\/script>\n<!-- \/ Yoast SEO plugin. -->","yoast_head_json":{"title":"Naviluz, el autob\u00fas de la Navidad","description":"La EMT pone a nuestra disposici\u00f3n Naviluz, un autob\u00fas que nos permite ver las principales luces de Navidad de Madrid en 40 minutos.Por Madridfansblog","robots":{"index":"index","follow":"follow","max-snippet":"max-snippet:-1","max-image-preview":"max-image-preview:large","max-video-preview":"max-video-preview:-1"},"canonical":"https:\/\/www.proinca.es\/madridfansblog\/naviluz-el-autobus-de-la-navidad\/","og_locale":"es_ES","og_type":"article","og_title":"Naviluz, el autob\u00fas de la Navidad","og_description":"La EMT pone a nuestra disposici\u00f3n Naviluz, un autob\u00fas que nos permite ver las principales luces de Navidad de Madrid en 40 minutos.Por Madridfansblog","og_url":"https:\/\/www.proinca.es\/madridfansblog\/naviluz-el-autobus-de-la-navidad\/","og_site_name":"Blog Proinca Madrid","article_published_time":"2016-12-27T10:09:35+00:00","article_modified_time":"2025-05-28T13:48:37+00:00","og_image":[{"width":501,"height":93,"url":"https:\/\/www.proinca.es\/madridfansblog\/wp-content\/uploads\/2016\/12\/proinca_madridfansblog_naviluz_luces_autobus_madrid_1.jpg","type":"image\/jpeg"}],"author":"Ana Calero","schema":{"@context":"https:\/\/schema.org","@graph":[{"@type":"Article","@id":"https:\/\/www.proinca.es\/madridfansblog\/naviluz-el-autobus-de-la-navidad\/#article","isPartOf":{"@id":"https:\/\/www.proinca.es\/madridfansblog\/naviluz-el-autobus-de-la-navidad\/"},"author":{"name":"Ana Calero","@id":"https:\/\/www.proinca.es\/madridfansblog\/#\/schema\/person\/8401adc89c0a0f5a3574c43326247f1e"},"headline":"NAVILUZ, EL AUTOB\u00daS DE LA NAVIDAD","datePublished":"2016-12-27T10:09:35+00:00","dateModified":"2025-05-28T13:48:37+00:00","mainEntityOfPage":{"@id":"https:\/\/www.proinca.es\/madridfansblog\/naviluz-el-autobus-de-la-navidad\/"},"wordCount":240,"publisher":{"@id":"https:\/\/www.proinca.es\/madridfansblog\/#organization"},"image":{"@id":"https:\/\/www.proinca.es\/madridfansblog\/naviluz-el-autobus-de-la-navidad\/#primaryimage"},"thumbnailUrl":"https:\/\/www.proinca.es\/madridfansblog\/wp-content\/uploads\/2016\/12\/proinca_madridfansblog_naviluz_luces_autobus_madrid_1.jpg","keywords":["Madrid","Navidad","Tour Madrid"],"articleSection":["VIVIR MADRID"],"inLanguage":"es"},{"@type":"WebPage","@id":"https:\/\/www.proinca.es\/madridfansblog\/naviluz-el-autobus-de-la-navidad\/","url":"https:\/\/www.proinca.es\/madridfansblog\/naviluz-el-autobus-de-la-navidad\/","name":"Naviluz, el autob\u00fas de la Navidad","isPartOf":{"@id":"https:\/\/www.proinca.es\/madridfansblog\/#website"},"primaryImageOfPage":{"@id":"https:\/\/www.proinca.es\/madridfansblog\/naviluz-el-autobus-de-la-navidad\/#primaryimage"},"image":{"@id":"https:\/\/www.proinca.es\/madridfansblog\/naviluz-el-autobus-de-la-navidad\/#primaryimage"},"thumbnailUrl":"https:\/\/www.proinca.es\/madridfansblog\/wp-content\/uploads\/2016\/12\/proinca_madridfansblog_naviluz_luces_autobus_madrid_1.jpg","datePublished":"2016-12-27T10:09:35+00:00","dateModified":"2025-05-28T13:48:37+00:00","description":"La EMT pone a nuestra disposici\u00f3n Naviluz, un autob\u00fas que nos permite ver las principales luces de Navidad de Madrid en 40 minutos.Por Madridfansblog","inLanguage":"es","potentialAction":[{"@type":"ReadAction","target":["https:\/\/www.proinca.es\/madridfansblog\/naviluz-el-autobus-de-la-navidad\/"]}]},{"@type":"ImageObject","inLanguage":"es","@id":"https:\/\/www.proinca.es\/madridfansblog\/naviluz-el-autobus-de-la-navidad\/#primaryimage","url":"https:\/\/www.proinca.es\/madridfansblog\/wp-content\/uploads\/2016\/12\/proinca_madridfansblog_naviluz_luces_autobus_madrid_1.jpg","contentUrl":"https:\/\/www.proinca.es\/madridfansblog\/wp-content\/uploads\/2016\/12\/proinca_madridfansblog_naviluz_luces_autobus_madrid_1.jpg","width":501,"height":93,"caption":"proinca madridfansblog naviluz luces autobus madrid 1"},{"@type":"WebSite","@id":"https:\/\/www.proinca.es\/madridfansblog\/#website","url":"https:\/\/www.proinca.es\/madridfansblog\/","name":"Madrid Fans Blog Proinca","description":"Pisos y apartamentos de alquiler en Madrid","publisher":{"@id":"https:\/\/www.proinca.es\/madridfansblog\/#organization"},"potentialAction":[{"@type":"SearchAction","target":{"@type":"EntryPoint","urlTemplate":"https:\/\/www.proinca.es\/madridfansblog\/?s={search_term_string}"},"query-input":{"@type":"PropertyValueSpecification","valueRequired":true,"valueName":"search_term_string"}}],"inLanguage":"es"},{"@type":"Organization","@id":"https:\/\/www.proinca.es\/madridfansblog\/#organization","name":"Proinca","url":"https:\/\/www.proinca.es\/madridfansblog\/","logo":{"@type":"ImageObject","inLanguage":"es","@id":"https:\/\/www.proinca.es\/madridfansblog\/#\/schema\/logo\/image\/","url":"https:\/\/www.proinca.es\/madridfansblog\/wp-content\/uploads\/2022\/03\/logo-proinca.jpg","contentUrl":"https:\/\/www.proinca.es\/madridfansblog\/wp-content\/uploads\/2022\/03\/logo-proinca.jpg","width":522,"height":250,"caption":"Proinca"},"image":{"@id":"https:\/\/www.proinca.es\/madridfansblog\/#\/schema\/logo\/image\/"}},{"@type":"Person","@id":"https:\/\/www.proinca.es\/madridfansblog\/#\/schema\/person\/8401adc89c0a0f5a3574c43326247f1e","name":"Ana Calero","image":{"@type":"ImageObject","inLanguage":"es","@id":"https:\/\/www.proinca.es\/madridfansblog\/wp-content\/litespeed\/avatar\/ef51b25c0718910f475570320941ef46.jpg?ver=1777379772","url":"https:\/\/www.proinca.es\/madridfansblog\/wp-content\/litespeed\/avatar\/ef51b25c0718910f475570320941ef46.jpg?ver=1777379772","contentUrl":"https:\/\/www.proinca.es\/madridfansblog\/wp-content\/litespeed\/avatar\/ef51b25c0718910f475570320941ef46.jpg?ver=1777379772","caption":"Ana Calero"},"description":"Licenciada en Ciencias Empresariales por la Universidad Aut\u00f3noma de Madrid. Forma parte del equipo de Apartamentos Proinca y es una enamorada de Madrid","sameAs":["https:\/\/www.proinca.es\/madridfansblog\/ana-calero\/"]}]}},"_links":{"self":[{"href":"https:\/\/www.proinca.es\/madridfansblog\/wp-json\/wp\/v2\/posts\/4704","targetHints":{"allow":["GET"]}}],"collection":[{"href":"https:\/\/www.proinca.es\/madridfansblog\/wp-json\/wp\/v2\/posts"}],"about":[{"href":"https:\/\/www.proinca.es\/madridfansblog\/wp-json\/wp\/v2\/types\/post"}],"author":[{"embeddable":true,"href":"https:\/\/www.proinca.es\/madridfansblog\/wp-json\/wp\/v2\/users\/4"}],"replies":[{"embeddable":true,"href":"https:\/\/www.proinca.es\/madridfansblog\/wp-json\/wp\/v2\/comments?post=4704"}],"version-history":[{"count":12,"href":"https:\/\/www.proinca.es\/madridfansblog\/wp-json\/wp\/v2\/posts\/4704\/revisions"}],"predecessor-version":[{"id":7364,"href":"https:\/\/www.proinca.es\/madridfansblog\/wp-json\/wp\/v2\/posts\/4704\/revisions\/7364"}],"wp:featuredmedia":[{"embeddable":true,"href":"https:\/\/www.proinca.es\/madridfansblog\/wp-json\/wp\/v2\/media\/4714"}],"wp:attachment":[{"href":"https:\/\/www.proinca.es\/madridfansblog\/wp-json\/wp\/v2\/media?parent=4704"}],"wp:term":[{"taxonomy":"category","embeddable":true,"href":"https:\/\/www.proinca.es\/madridfansblog\/wp-json\/wp\/v2\/categories?post=4704"},{"taxonomy":"post_tag","embeddable":true,"href":"https:\/\/www.proinca.es\/madridfansblog\/wp-json\/wp\/v2\/tags?post=4704"}],"curies":[{"name":"wp","href":"https:\/\/api.w.org\/{rel}","templated":true}]}}