{"id":4710,"date":"2017-01-04T20:56:47","date_gmt":"2017-01-04T19:56:47","guid":{"rendered":"http:\/\/www.proinca.es\/madridfansblog\/?p=4710"},"modified":"2025-05-28T15:48:31","modified_gmt":"2025-05-28T13:48:31","slug":"clasicos-navidenos-en-madrid-los-mercadillos","status":"publish","type":"post","link":"https:\/\/www.proinca.es\/madridfansblog\/clasicos-navidenos-en-madrid-los-mercadillos\/","title":{"rendered":"CL\u00c1SICOS NAVIDE\u00d1OS EN MADRID, LOS MERCADILLOS"},"content":{"rendered":"<p>No hay <strong>Navidad<\/strong> en <strong>Madrid<\/strong> que se precie sin un paseo por sus belenes, una taza de chocolate calentito con porras, una foto en el abeto de Sol y la aut\u00e9ntica locura que supone ultimar las compras navide\u00f1as en alguno de los m\u00faltiples<strong> mercadillos<\/strong> que salpican el entramado urbano del coraz\u00f3n madrile\u00f1o.<!--more--><\/p>\n<p>S\u00ed, ya sabemos que puede resultar agobiante; s\u00ed, tambi\u00e9n que acabas comprando m\u00e1s de lo necesario, pero\u2026 \u00bfa qui\u00e9n no le gusta dejarse caer por los puestos que cada a\u00f1o invaden <strong>Madrid<\/strong> en estas fechas? Como resistirse a la tentaci\u00f3n es pr\u00e1cticamente imposible en <strong>Navidad<\/strong>, aqu\u00ed van algunas propuestas para este a\u00f1o, de las antiguas a las m\u00e1s novedosas:<\/p>\n<p>&#8211; El cl\u00e1sico de los cl\u00e1sicos, <strong>el mercadillo de la plaza Mayor<\/strong>. Todos los elementos de decoraci\u00f3n que puedas imaginar para que en tu hogar reine el esp\u00edritu de la Navidad. Abierto hasta el 31 de diciembre, de 10.00 a 22.00 horas entre semana y hasta las 23.00 horas el s\u00e1bado y el domingo.<\/p>\n<p>&#8211; <strong>Mercadillo de la plaza de Benavente<\/strong>. Productos artesanales llegados de otros pa\u00edses para hacer un regalo especial. Abierto hasta el 8 de enero de 10.00 a 22.00 horas.<\/p>\n<p>&#8211; <strong>Mercadillos de la plaza de Santo Domingo y plaza del Carmen<\/strong>. Bisuter\u00eda, textil, todo tipo de complementos y decoraci\u00f3n en dos mercadillos muy frecuentados. Abiertos hasta el 8 de enero de 10.00 a 22.00 horas.<\/p>\n<p>&#8211; <strong>Feria de Artesan\u00eda de la plaza de Espa\u00f1a<\/strong>. Objetos de gran calidad dise\u00f1ados y elaborados por artesanos espa\u00f1oles que, normalmente, regentan su propio espacio expositivo. Cer\u00e1mica, cuero, juguetes de madera, art\u00edculos de vidrio, etc. Abierto hasta la Noche de Reyes de 10.00 a 21.00 horas (excepto los d\u00edas 25 de diciembre y 1 de enero, que no abre, y los d\u00edas 24 y 31 de diciembre, que cierra a las 15.00 horas). En esta nueva edici\u00f3n tomar\u00e1n parte 170 talleres artesanos provenientes en su mayor\u00eda de la Comunidad de Madrid.<\/p>\n<p>&#8211; <strong>Mercadillo del Gato<\/strong>, en el n\u00famero 13 de Gran V\u00eda. Moda infantil y vintage, alta cosm\u00e9tica, complementos, decoraci\u00f3n, arte, joyer\u00eda de autor\u2026, adem\u00e1s de una zona gourmet y una exposici\u00f3n de belenes en miniatura de diferentes partes del mundo. Abierto hasta el 5 de enero de 11.00 a 21.00 horas.<\/p>\n<p>&#8211; <strong>Feria de Artesan\u00eda en la Plaza de Moncloa<\/strong>. Una gran variedad de productos artesanos, sobre todo bisuter\u00eda, textil y complementos, en uno de los mercadillos t\u00edpicos de la ciudad al que acude, sobre todo, un p\u00fablico joven. Abierto hasta el 12 de enero de 10.00 a 14.30 horas y de 17.00 a 20.00 horas.<\/p>\n<p>&#8211; <strong>New Town Market<\/strong>. En el n\u00famero 66 de la calle Princesa encontramos este nuevo mercadillo dedicado a \u00faltimas tendencias en firmas textiles que poco a poco se va haciendo un hueco en el panorama comercial madrile\u00f1o. Abierto hasta el 5 de enero (excepto 24, 25, 26 y 31 de diciembre, y 1 de enero) de 11.30 a 21.00 horas.<\/p>\n<p>Informaci\u00f3n patrocinada por\u00a0<strong><a title=\"Proinca apartamentos de alquiler en Madrid\" href=\"http:\/\/www.proinca.es\" target=\"_blank\" rel=\"noopener\">Proinca: Apartamentos de alquiler en Madrid<\/a><\/strong><\/p>\n<p>Foto de Mari Vlassi en Unsplash<\/p>\n\n\n<div class=\"kk-star-ratings kksr-auto kksr-align-left kksr-valign-bottom\"\n    data-payload='{&quot;align&quot;:&quot;left&quot;,&quot;id&quot;:&quot;4710&quot;,&quot;slug&quot;:&quot;default&quot;,&quot;valign&quot;:&quot;bottom&quot;,&quot;ignore&quot;:&quot;&quot;,&quot;reference&quot;:&quot;auto&quot;,&quot;class&quot;:&quot;&quot;,&quot;count&quot;:&quot;0&quot;,&quot;legendonly&quot;:&quot;&quot;,&quot;readonly&quot;:&quot;&quot;,&quot;score&quot;:&quot;0&quot;,&quot;starsonly&quot;:&quot;&quot;,&quot;best&quot;:&quot;5&quot;,&quot;gap&quot;:&quot;1&quot;,&quot;greet&quot;:&quot;Valora este art\u00edculo&quot;,&quot;legend&quot;:&quot;0\\\/5 - (0 votos)&quot;,&quot;size&quot;:&quot;24&quot;,&quot;title&quot;:&quot;CL\u00c1SICOS NAVIDE\u00d1OS EN MADRID, LOS MERCADILLOS&quot;,&quot;width&quot;:&quot;0&quot;,&quot;_legend&quot;:&quot;{score}\\\/{best} - ({count} {votes})&quot;,&quot;font_factor&quot;:&quot;1.25&quot;}'>\n            \n<div class=\"kksr-stars\">\n    \n<div class=\"kksr-stars-inactive\">\n            <div class=\"kksr-star\" data-star=\"1\" style=\"padding-right: 1px\">\n            \n\n<div class=\"kksr-icon\" style=\"width: 24px; height: 24px;\"><\/div>\n        <\/div>\n            <div class=\"kksr-star\" data-star=\"2\" style=\"padding-right: 1px\">\n            \n\n<div class=\"kksr-icon\" style=\"width: 24px; height: 24px;\"><\/div>\n        <\/div>\n            <div class=\"kksr-star\" data-star=\"3\" style=\"padding-right: 1px\">\n            \n\n<div class=\"kksr-icon\" style=\"width: 24px; height: 24px;\"><\/div>\n        <\/div>\n            <div class=\"kksr-star\" data-star=\"4\" style=\"padding-right: 1px\">\n            \n\n<div class=\"kksr-icon\" style=\"width: 24px; height: 24px;\"><\/div>\n        <\/div>\n            <div class=\"kksr-star\" data-star=\"5\" style=\"padding-right: 1px\">\n            \n\n<div class=\"kksr-icon\" style=\"width: 24px; height: 24px;\"><\/div>\n        <\/div>\n    <\/div>\n    \n<div class=\"kksr-stars-active\" style=\"width: 0px;\">\n            <div class=\"kksr-star\" style=\"padding-right: 1px\">\n            \n\n<div class=\"kksr-icon\" style=\"width: 24px; height: 24px;\"><\/div>\n        <\/div>\n            <div class=\"kksr-star\" style=\"padding-right: 1px\">\n            \n\n<div class=\"kksr-icon\" style=\"width: 24px; height: 24px;\"><\/div>\n        <\/div>\n            <div class=\"kksr-star\" style=\"padding-right: 1px\">\n            \n\n<div class=\"kksr-icon\" style=\"width: 24px; height: 24px;\"><\/div>\n        <\/div>\n            <div class=\"kksr-star\" style=\"padding-right: 1px\">\n            \n\n<div class=\"kksr-icon\" style=\"width: 24px; height: 24px;\"><\/div>\n        <\/div>\n            <div class=\"kksr-star\" style=\"padding-right: 1px\">\n            \n\n<div class=\"kksr-icon\" style=\"width: 24px; height: 24px;\"><\/div>\n        <\/div>\n    <\/div>\n<\/div>\n                \n\n<div class=\"kksr-legend\" style=\"font-size: 19.2px;\">\n            <span class=\"kksr-muted\">Valora este art\u00edculo<\/span>\n    <\/div>\n    <\/div>\n","protected":false},"excerpt":{"rendered":"<p>No hay Navidad en Madrid que se precie sin un  [&#8230;]<\/p>\n","protected":false},"author":4,"featured_media":7259,"comment_status":"closed","ping_status":"closed","sticky":false,"template":"","format":"standard","meta":{"footnotes":""},"categories":[79],"tags":[72,5,69,43],"class_list":["post-4710","post","type-post","status-publish","format-standard","has-post-thumbnail","hentry","category-vivir-madrid","tag-handmade","tag-madrid","tag-navidad","tag-shopping"],"yoast_head":"<!-- This site is optimized with the Yoast SEO plugin v27.4 - https:\/\/yoast.com\/product\/yoast-seo-wordpress\/ -->\n<title>Cl\u00e1sicos navide\u00f1os Madrid,los mercadillos<\/title>\n<meta name=\"description\" content=\"Los mercadillos navide\u00f1os son un cl\u00e1sico que salpican el centro urbano del coraz\u00f3n de Madrid:Plaza Mayor,New Town Market,Mercadillo del gato..Por MadridFansblog\" \/>\n<meta name=\"robots\" content=\"index, follow, max-snippet:-1, max-image-preview:large, max-video-preview:-1\" \/>\n<link rel=\"canonical\" href=\"https:\/\/www.proinca.es\/madridfansblog\/clasicos-navidenos-en-madrid-los-mercadillos\/\" \/>\n<meta property=\"og:locale\" content=\"es_ES\" \/>\n<meta property=\"og:type\" content=\"article\" \/>\n<meta property=\"og:title\" content=\"Cl\u00e1sicos navide\u00f1os Madrid,los mercadillos\" \/>\n<meta property=\"og:description\" content=\"Los mercadillos navide\u00f1os son un cl\u00e1sico que salpican el centro urbano del coraz\u00f3n de Madrid:Plaza Mayor,New Town Market,Mercadillo del gato..Por MadridFansblog\" \/>\n<meta property=\"og:url\" content=\"https:\/\/www.proinca.es\/madridfansblog\/clasicos-navidenos-en-madrid-los-mercadillos\/\" \/>\n<meta property=\"og:site_name\" content=\"Blog Proinca Madrid\" \/>\n<meta property=\"article:published_time\" content=\"2017-01-04T19:56:47+00:00\" \/>\n<meta property=\"article:modified_time\" content=\"2025-05-28T13:48:31+00:00\" \/>\n<meta property=\"og:image\" content=\"https:\/\/www.proinca.es\/madridfansblog\/wp-content\/uploads\/2017\/01\/mercadillos-navidad.jpg\" \/>\n\t<meta property=\"og:image:width\" content=\"1000\" \/>\n\t<meta property=\"og:image:height\" content=\"561\" \/>\n\t<meta property=\"og:image:type\" content=\"image\/jpeg\" \/>\n<meta name=\"author\" content=\"Ana Calero\" \/>\n<script type=\"application\/ld+json\" class=\"yoast-schema-graph\">{\"@context\":\"https:\\\/\\\/schema.org\",\"@graph\":[{\"@type\":\"Article\",\"@id\":\"https:\\\/\\\/www.proinca.es\\\/madridfansblog\\\/clasicos-navidenos-en-madrid-los-mercadillos\\\/#article\",\"isPartOf\":{\"@id\":\"https:\\\/\\\/www.proinca.es\\\/madridfansblog\\\/clasicos-navidenos-en-madrid-los-mercadillos\\\/\"},\"author\":{\"name\":\"Ana Calero\",\"@id\":\"https:\\\/\\\/www.proinca.es\\\/madridfansblog\\\/#\\\/schema\\\/person\\\/8401adc89c0a0f5a3574c43326247f1e\"},\"headline\":\"CL\u00c1SICOS NAVIDE\u00d1OS EN MADRID, LOS MERCADILLOS\",\"datePublished\":\"2017-01-04T19:56:47+00:00\",\"dateModified\":\"2025-05-28T13:48:31+00:00\",\"mainEntityOfPage\":{\"@id\":\"https:\\\/\\\/www.proinca.es\\\/madridfansblog\\\/clasicos-navidenos-en-madrid-los-mercadillos\\\/\"},\"wordCount\":520,\"publisher\":{\"@id\":\"https:\\\/\\\/www.proinca.es\\\/madridfansblog\\\/#organization\"},\"image\":{\"@id\":\"https:\\\/\\\/www.proinca.es\\\/madridfansblog\\\/clasicos-navidenos-en-madrid-los-mercadillos\\\/#primaryimage\"},\"thumbnailUrl\":\"https:\\\/\\\/www.proinca.es\\\/madridfansblog\\\/wp-content\\\/uploads\\\/2017\\\/01\\\/mercadillos-navidad.jpg\",\"keywords\":[\"Handmade\",\"Madrid\",\"Navidad\",\"Shopping\"],\"articleSection\":[\"VIVIR MADRID\"],\"inLanguage\":\"es\"},{\"@type\":\"WebPage\",\"@id\":\"https:\\\/\\\/www.proinca.es\\\/madridfansblog\\\/clasicos-navidenos-en-madrid-los-mercadillos\\\/\",\"url\":\"https:\\\/\\\/www.proinca.es\\\/madridfansblog\\\/clasicos-navidenos-en-madrid-los-mercadillos\\\/\",\"name\":\"Cl\u00e1sicos navide\u00f1os Madrid,los mercadillos\",\"isPartOf\":{\"@id\":\"https:\\\/\\\/www.proinca.es\\\/madridfansblog\\\/#website\"},\"primaryImageOfPage\":{\"@id\":\"https:\\\/\\\/www.proinca.es\\\/madridfansblog\\\/clasicos-navidenos-en-madrid-los-mercadillos\\\/#primaryimage\"},\"image\":{\"@id\":\"https:\\\/\\\/www.proinca.es\\\/madridfansblog\\\/clasicos-navidenos-en-madrid-los-mercadillos\\\/#primaryimage\"},\"thumbnailUrl\":\"https:\\\/\\\/www.proinca.es\\\/madridfansblog\\\/wp-content\\\/uploads\\\/2017\\\/01\\\/mercadillos-navidad.jpg\",\"datePublished\":\"2017-01-04T19:56:47+00:00\",\"dateModified\":\"2025-05-28T13:48:31+00:00\",\"description\":\"Los mercadillos navide\u00f1os son un cl\u00e1sico que salpican el centro urbano del coraz\u00f3n de Madrid:Plaza Mayor,New Town Market,Mercadillo del gato..Por MadridFansblog\",\"inLanguage\":\"es\",\"potentialAction\":[{\"@type\":\"ReadAction\",\"target\":[\"https:\\\/\\\/www.proinca.es\\\/madridfansblog\\\/clasicos-navidenos-en-madrid-los-mercadillos\\\/\"]}]},{\"@type\":\"ImageObject\",\"inLanguage\":\"es\",\"@id\":\"https:\\\/\\\/www.proinca.es\\\/madridfansblog\\\/clasicos-navidenos-en-madrid-los-mercadillos\\\/#primaryimage\",\"url\":\"https:\\\/\\\/www.proinca.es\\\/madridfansblog\\\/wp-content\\\/uploads\\\/2017\\\/01\\\/mercadillos-navidad.jpg\",\"contentUrl\":\"https:\\\/\\\/www.proinca.es\\\/madridfansblog\\\/wp-content\\\/uploads\\\/2017\\\/01\\\/mercadillos-navidad.jpg\",\"width\":1000,\"height\":561,\"caption\":\"Cl\u00e1sicos navide\u00f1os en Madrid, los mercadillos\"},{\"@type\":\"WebSite\",\"@id\":\"https:\\\/\\\/www.proinca.es\\\/madridfansblog\\\/#website\",\"url\":\"https:\\\/\\\/www.proinca.es\\\/madridfansblog\\\/\",\"name\":\"Madrid Fans Blog Proinca\",\"description\":\"Pisos y apartamentos de alquiler en Madrid\",\"publisher\":{\"@id\":\"https:\\\/\\\/www.proinca.es\\\/madridfansblog\\\/#organization\"},\"potentialAction\":[{\"@type\":\"SearchAction\",\"target\":{\"@type\":\"EntryPoint\",\"urlTemplate\":\"https:\\\/\\\/www.proinca.es\\\/madridfansblog\\\/?s={search_term_string}\"},\"query-input\":{\"@type\":\"PropertyValueSpecification\",\"valueRequired\":true,\"valueName\":\"search_term_string\"}}],\"inLanguage\":\"es\"},{\"@type\":\"Organization\",\"@id\":\"https:\\\/\\\/www.proinca.es\\\/madridfansblog\\\/#organization\",\"name\":\"Proinca\",\"url\":\"https:\\\/\\\/www.proinca.es\\\/madridfansblog\\\/\",\"logo\":{\"@type\":\"ImageObject\",\"inLanguage\":\"es\",\"@id\":\"https:\\\/\\\/www.proinca.es\\\/madridfansblog\\\/#\\\/schema\\\/logo\\\/image\\\/\",\"url\":\"https:\\\/\\\/www.proinca.es\\\/madridfansblog\\\/wp-content\\\/uploads\\\/2022\\\/03\\\/logo-proinca.jpg\",\"contentUrl\":\"https:\\\/\\\/www.proinca.es\\\/madridfansblog\\\/wp-content\\\/uploads\\\/2022\\\/03\\\/logo-proinca.jpg\",\"width\":522,\"height\":250,\"caption\":\"Proinca\"},\"image\":{\"@id\":\"https:\\\/\\\/www.proinca.es\\\/madridfansblog\\\/#\\\/schema\\\/logo\\\/image\\\/\"}},{\"@type\":\"Person\",\"@id\":\"https:\\\/\\\/www.proinca.es\\\/madridfansblog\\\/#\\\/schema\\\/person\\\/8401adc89c0a0f5a3574c43326247f1e\",\"name\":\"Ana Calero\",\"image\":{\"@type\":\"ImageObject\",\"inLanguage\":\"es\",\"@id\":\"https:\\\/\\\/www.proinca.es\\\/madridfansblog\\\/wp-content\\\/litespeed\\\/avatar\\\/ef51b25c0718910f475570320941ef46.jpg?ver=1777379772\",\"url\":\"https:\\\/\\\/www.proinca.es\\\/madridfansblog\\\/wp-content\\\/litespeed\\\/avatar\\\/ef51b25c0718910f475570320941ef46.jpg?ver=1777379772\",\"contentUrl\":\"https:\\\/\\\/www.proinca.es\\\/madridfansblog\\\/wp-content\\\/litespeed\\\/avatar\\\/ef51b25c0718910f475570320941ef46.jpg?ver=1777379772\",\"caption\":\"Ana Calero\"},\"description\":\"Licenciada en Ciencias Empresariales por la Universidad Aut\u00f3noma de Madrid. Forma parte del equipo de Apartamentos Proinca y es una enamorada de Madrid\",\"sameAs\":[\"https:\\\/\\\/www.proinca.es\\\/madridfansblog\\\/ana-calero\\\/\"]}]}<\/script>\n<!-- \/ Yoast SEO plugin. -->","yoast_head_json":{"title":"Cl\u00e1sicos navide\u00f1os Madrid,los mercadillos","description":"Los mercadillos navide\u00f1os son un cl\u00e1sico que salpican el centro urbano del coraz\u00f3n de Madrid:Plaza Mayor,New Town Market,Mercadillo del gato..Por MadridFansblog","robots":{"index":"index","follow":"follow","max-snippet":"max-snippet:-1","max-image-preview":"max-image-preview:large","max-video-preview":"max-video-preview:-1"},"canonical":"https:\/\/www.proinca.es\/madridfansblog\/clasicos-navidenos-en-madrid-los-mercadillos\/","og_locale":"es_ES","og_type":"article","og_title":"Cl\u00e1sicos navide\u00f1os Madrid,los mercadillos","og_description":"Los mercadillos navide\u00f1os son un cl\u00e1sico que salpican el centro urbano del coraz\u00f3n de Madrid:Plaza Mayor,New Town Market,Mercadillo del gato..Por MadridFansblog","og_url":"https:\/\/www.proinca.es\/madridfansblog\/clasicos-navidenos-en-madrid-los-mercadillos\/","og_site_name":"Blog Proinca Madrid","article_published_time":"2017-01-04T19:56:47+00:00","article_modified_time":"2025-05-28T13:48:31+00:00","og_image":[{"width":1000,"height":561,"url":"https:\/\/www.proinca.es\/madridfansblog\/wp-content\/uploads\/2017\/01\/mercadillos-navidad.jpg","type":"image\/jpeg"}],"author":"Ana Calero","schema":{"@context":"https:\/\/schema.org","@graph":[{"@type":"Article","@id":"https:\/\/www.proinca.es\/madridfansblog\/clasicos-navidenos-en-madrid-los-mercadillos\/#article","isPartOf":{"@id":"https:\/\/www.proinca.es\/madridfansblog\/clasicos-navidenos-en-madrid-los-mercadillos\/"},"author":{"name":"Ana Calero","@id":"https:\/\/www.proinca.es\/madridfansblog\/#\/schema\/person\/8401adc89c0a0f5a3574c43326247f1e"},"headline":"CL\u00c1SICOS NAVIDE\u00d1OS EN MADRID, LOS MERCADILLOS","datePublished":"2017-01-04T19:56:47+00:00","dateModified":"2025-05-28T13:48:31+00:00","mainEntityOfPage":{"@id":"https:\/\/www.proinca.es\/madridfansblog\/clasicos-navidenos-en-madrid-los-mercadillos\/"},"wordCount":520,"publisher":{"@id":"https:\/\/www.proinca.es\/madridfansblog\/#organization"},"image":{"@id":"https:\/\/www.proinca.es\/madridfansblog\/clasicos-navidenos-en-madrid-los-mercadillos\/#primaryimage"},"thumbnailUrl":"https:\/\/www.proinca.es\/madridfansblog\/wp-content\/uploads\/2017\/01\/mercadillos-navidad.jpg","keywords":["Handmade","Madrid","Navidad","Shopping"],"articleSection":["VIVIR MADRID"],"inLanguage":"es"},{"@type":"WebPage","@id":"https:\/\/www.proinca.es\/madridfansblog\/clasicos-navidenos-en-madrid-los-mercadillos\/","url":"https:\/\/www.proinca.es\/madridfansblog\/clasicos-navidenos-en-madrid-los-mercadillos\/","name":"Cl\u00e1sicos navide\u00f1os Madrid,los mercadillos","isPartOf":{"@id":"https:\/\/www.proinca.es\/madridfansblog\/#website"},"primaryImageOfPage":{"@id":"https:\/\/www.proinca.es\/madridfansblog\/clasicos-navidenos-en-madrid-los-mercadillos\/#primaryimage"},"image":{"@id":"https:\/\/www.proinca.es\/madridfansblog\/clasicos-navidenos-en-madrid-los-mercadillos\/#primaryimage"},"thumbnailUrl":"https:\/\/www.proinca.es\/madridfansblog\/wp-content\/uploads\/2017\/01\/mercadillos-navidad.jpg","datePublished":"2017-01-04T19:56:47+00:00","dateModified":"2025-05-28T13:48:31+00:00","description":"Los mercadillos navide\u00f1os son un cl\u00e1sico que salpican el centro urbano del coraz\u00f3n de Madrid:Plaza Mayor,New Town Market,Mercadillo del gato..Por MadridFansblog","inLanguage":"es","potentialAction":[{"@type":"ReadAction","target":["https:\/\/www.proinca.es\/madridfansblog\/clasicos-navidenos-en-madrid-los-mercadillos\/"]}]},{"@type":"ImageObject","inLanguage":"es","@id":"https:\/\/www.proinca.es\/madridfansblog\/clasicos-navidenos-en-madrid-los-mercadillos\/#primaryimage","url":"https:\/\/www.proinca.es\/madridfansblog\/wp-content\/uploads\/2017\/01\/mercadillos-navidad.jpg","contentUrl":"https:\/\/www.proinca.es\/madridfansblog\/wp-content\/uploads\/2017\/01\/mercadillos-navidad.jpg","width":1000,"height":561,"caption":"Cl\u00e1sicos navide\u00f1os en Madrid, los mercadillos"},{"@type":"WebSite","@id":"https:\/\/www.proinca.es\/madridfansblog\/#website","url":"https:\/\/www.proinca.es\/madridfansblog\/","name":"Madrid Fans Blog Proinca","description":"Pisos y apartamentos de alquiler en Madrid","publisher":{"@id":"https:\/\/www.proinca.es\/madridfansblog\/#organization"},"potentialAction":[{"@type":"SearchAction","target":{"@type":"EntryPoint","urlTemplate":"https:\/\/www.proinca.es\/madridfansblog\/?s={search_term_string}"},"query-input":{"@type":"PropertyValueSpecification","valueRequired":true,"valueName":"search_term_string"}}],"inLanguage":"es"},{"@type":"Organization","@id":"https:\/\/www.proinca.es\/madridfansblog\/#organization","name":"Proinca","url":"https:\/\/www.proinca.es\/madridfansblog\/","logo":{"@type":"ImageObject","inLanguage":"es","@id":"https:\/\/www.proinca.es\/madridfansblog\/#\/schema\/logo\/image\/","url":"https:\/\/www.proinca.es\/madridfansblog\/wp-content\/uploads\/2022\/03\/logo-proinca.jpg","contentUrl":"https:\/\/www.proinca.es\/madridfansblog\/wp-content\/uploads\/2022\/03\/logo-proinca.jpg","width":522,"height":250,"caption":"Proinca"},"image":{"@id":"https:\/\/www.proinca.es\/madridfansblog\/#\/schema\/logo\/image\/"}},{"@type":"Person","@id":"https:\/\/www.proinca.es\/madridfansblog\/#\/schema\/person\/8401adc89c0a0f5a3574c43326247f1e","name":"Ana Calero","image":{"@type":"ImageObject","inLanguage":"es","@id":"https:\/\/www.proinca.es\/madridfansblog\/wp-content\/litespeed\/avatar\/ef51b25c0718910f475570320941ef46.jpg?ver=1777379772","url":"https:\/\/www.proinca.es\/madridfansblog\/wp-content\/litespeed\/avatar\/ef51b25c0718910f475570320941ef46.jpg?ver=1777379772","contentUrl":"https:\/\/www.proinca.es\/madridfansblog\/wp-content\/litespeed\/avatar\/ef51b25c0718910f475570320941ef46.jpg?ver=1777379772","caption":"Ana Calero"},"description":"Licenciada en Ciencias Empresariales por la Universidad Aut\u00f3noma de Madrid. Forma parte del equipo de Apartamentos Proinca y es una enamorada de Madrid","sameAs":["https:\/\/www.proinca.es\/madridfansblog\/ana-calero\/"]}]}},"_links":{"self":[{"href":"https:\/\/www.proinca.es\/madridfansblog\/wp-json\/wp\/v2\/posts\/4710","targetHints":{"allow":["GET"]}}],"collection":[{"href":"https:\/\/www.proinca.es\/madridfansblog\/wp-json\/wp\/v2\/posts"}],"about":[{"href":"https:\/\/www.proinca.es\/madridfansblog\/wp-json\/wp\/v2\/types\/post"}],"author":[{"embeddable":true,"href":"https:\/\/www.proinca.es\/madridfansblog\/wp-json\/wp\/v2\/users\/4"}],"replies":[{"embeddable":true,"href":"https:\/\/www.proinca.es\/madridfansblog\/wp-json\/wp\/v2\/comments?post=4710"}],"version-history":[{"count":9,"href":"https:\/\/www.proinca.es\/madridfansblog\/wp-json\/wp\/v2\/posts\/4710\/revisions"}],"predecessor-version":[{"id":7466,"href":"https:\/\/www.proinca.es\/madridfansblog\/wp-json\/wp\/v2\/posts\/4710\/revisions\/7466"}],"wp:featuredmedia":[{"embeddable":true,"href":"https:\/\/www.proinca.es\/madridfansblog\/wp-json\/wp\/v2\/media\/7259"}],"wp:attachment":[{"href":"https:\/\/www.proinca.es\/madridfansblog\/wp-json\/wp\/v2\/media?parent=4710"}],"wp:term":[{"taxonomy":"category","embeddable":true,"href":"https:\/\/www.proinca.es\/madridfansblog\/wp-json\/wp\/v2\/categories?post=4710"},{"taxonomy":"post_tag","embeddable":true,"href":"https:\/\/www.proinca.es\/madridfansblog\/wp-json\/wp\/v2\/tags?post=4710"}],"curies":[{"name":"wp","href":"https:\/\/api.w.org\/{rel}","templated":true}]}}