{"id":4744,"date":"2017-01-13T18:49:47","date_gmt":"2017-01-13T17:49:47","guid":{"rendered":"http:\/\/www.proinca.es\/madridfansblog\/?p=4744"},"modified":"2025-05-28T15:48:19","modified_gmt":"2025-05-28T13:48:19","slug":"espectaculos-teatrales-infantiles-en-madrid-para-ninos-que-no-se-agotan","status":"publish","type":"post","link":"https:\/\/www.proinca.es\/madridfansblog\/espectaculos-teatrales-infantiles-en-madrid-para-ninos-que-no-se-agotan\/","title":{"rendered":"ESPECT\u00c1CULOS TEATRALES INFANTILES EN MADRID PARA NI\u00d1OS QUE NO SE AGOTAN"},"content":{"rendered":"<p>Acaban las Navidades pero no las ansias de conocimiento de tus hijos.<!--more--> Lo sabemos, queda un duro invierno por delante y unos padres preparados deben guardar algunos ases en la manga para dar salida a tanta energ\u00eda acumulada, as\u00ed que, para todos vosotros, aqu\u00ed van algunas recomendaciones sobre los mejores <strong>espect\u00e1culos infantiles<\/strong> en<strong> Madrid<\/strong> para los pr\u00f3ximos d\u00edas:<\/p>\n<p>&#8211; <strong>La Escalera de Jacob<\/strong> (9, Lavapi\u00e9s). En estos momentos pod\u00e9is acudir a siete <strong>espect\u00e1culos<\/strong> distintos de magia infantil, familiar y teatro, dos de ellos destinados a un p\u00fablico muy menudo, es decir, a beb\u00e9s, acompa\u00f1ados por sus padres y madres. Las obras destinadas a <strong>ni\u00f1os<\/strong> de 0 a 3 a\u00f1os son \u00abI love you\u00bb y \u00abTe amo teatro.<\/p>\n<p>&#8211; <strong>El Teatro Luchana<\/strong> (38, Luchana) nos brinda varios <strong>espect\u00e1culos<\/strong>: Milonga bajo el mar<em>,<\/em> tambi\u00e9n para beb\u00e9s, es un espect\u00e1culo centrado en el respeto a la diversidad y a la naturaleza. Adem\u00e1s, este teatro mantiene en su cartelera cuatro espect\u00e1culos <strong>infantiles<\/strong> de magia para divertirse y \u201calucinar\u201d como nunca.<\/p>\n<p>&#8211; <strong>El Teatro Circo Price de Madrid<\/strong> contar\u00e1 el 29 de este mes con el espect\u00e1culo Chumi Chuma, Bailar sin parar! para menores de 14 a\u00f1os, un compendio de rock bailable en directo, audiovisuales y la presencia de un monstruo interdimensional muy peludo que no dejar\u00e1 indiferente a nadie.<\/p>\n<p>&#8211; <strong>PlotPoint<\/strong> (29, Ercilla) tambi\u00e9n ofrece muchas alternativas <strong>infantiles<\/strong> para este mes, entre otros t\u00edtulos destacan El beb\u00e9 extraterrestre o El pirata Malapata.<\/p>\n<p>&#8211; <strong>Teatro Sanpol<\/strong> (1, plaza San Pol de Mar). Este teatro centra toda su programaci\u00f3n en los espect\u00e1culos<strong> infantiles<\/strong> as\u00ed que es un buen lugar de referencia para quienes am\u00e1is el ocio en familia. El musical m\u00e1s pr\u00f3ximo en cartelera es Los Tres Cerditos.<\/p>\n<p>Adem\u00e1s, cuentan con obras infantiles en cartelera los teatros Pr\u00edncipe Gran V\u00eda, con el musical de Alicia en el Pa\u00eds de las Maravillas, El Jorobado de Notre Dame y El Gato con Botas; Bellas Artes, con La Flauta M\u00e1gica, Mi Primera \u00d3pera; Nuevo Teatro Alcal\u00e1, con una revisi\u00f3n musical de Hansel y Grete<em>l, <\/em>y Peque\u00f1o Teatro Gran V\u00eda, con DolceClaveKids!!<\/p>\n<p>Informaci\u00f3n patrocinada por\u00a0<strong><a title=\"Proinca apartamentos de alquiler en Madrid\" href=\"http:\/\/www.proinca.es\" target=\"_blank\" rel=\"noopener\">Proinca: Apartamentos de alquiler en Madrid<\/a><\/strong><\/p>\n<p>Foto de Kyle Head en Unsplash<\/p>\n\n\n<div class=\"kk-star-ratings kksr-auto kksr-align-left kksr-valign-bottom\"\n    data-payload='{&quot;align&quot;:&quot;left&quot;,&quot;id&quot;:&quot;4744&quot;,&quot;slug&quot;:&quot;default&quot;,&quot;valign&quot;:&quot;bottom&quot;,&quot;ignore&quot;:&quot;&quot;,&quot;reference&quot;:&quot;auto&quot;,&quot;class&quot;:&quot;&quot;,&quot;count&quot;:&quot;0&quot;,&quot;legendonly&quot;:&quot;&quot;,&quot;readonly&quot;:&quot;&quot;,&quot;score&quot;:&quot;0&quot;,&quot;starsonly&quot;:&quot;&quot;,&quot;best&quot;:&quot;5&quot;,&quot;gap&quot;:&quot;1&quot;,&quot;greet&quot;:&quot;Valora este art\u00edculo&quot;,&quot;legend&quot;:&quot;0\\\/5 - (0 votos)&quot;,&quot;size&quot;:&quot;24&quot;,&quot;title&quot;:&quot;ESPECT\u00c1CULOS TEATRALES INFANTILES EN MADRID PARA NI\u00d1OS QUE NO SE AGOTAN&quot;,&quot;width&quot;:&quot;0&quot;,&quot;_legend&quot;:&quot;{score}\\\/{best} - ({count} {votes})&quot;,&quot;font_factor&quot;:&quot;1.25&quot;}'>\n            \n<div class=\"kksr-stars\">\n    \n<div class=\"kksr-stars-inactive\">\n            <div class=\"kksr-star\" data-star=\"1\" style=\"padding-right: 1px\">\n            \n\n<div class=\"kksr-icon\" style=\"width: 24px; height: 24px;\"><\/div>\n        <\/div>\n            <div class=\"kksr-star\" data-star=\"2\" style=\"padding-right: 1px\">\n            \n\n<div class=\"kksr-icon\" style=\"width: 24px; height: 24px;\"><\/div>\n        <\/div>\n            <div class=\"kksr-star\" data-star=\"3\" style=\"padding-right: 1px\">\n            \n\n<div class=\"kksr-icon\" style=\"width: 24px; height: 24px;\"><\/div>\n        <\/div>\n            <div class=\"kksr-star\" data-star=\"4\" style=\"padding-right: 1px\">\n            \n\n<div class=\"kksr-icon\" style=\"width: 24px; height: 24px;\"><\/div>\n        <\/div>\n            <div class=\"kksr-star\" data-star=\"5\" style=\"padding-right: 1px\">\n            \n\n<div class=\"kksr-icon\" style=\"width: 24px; height: 24px;\"><\/div>\n        <\/div>\n    <\/div>\n    \n<div class=\"kksr-stars-active\" style=\"width: 0px;\">\n            <div class=\"kksr-star\" style=\"padding-right: 1px\">\n            \n\n<div class=\"kksr-icon\" style=\"width: 24px; height: 24px;\"><\/div>\n        <\/div>\n            <div class=\"kksr-star\" style=\"padding-right: 1px\">\n            \n\n<div class=\"kksr-icon\" style=\"width: 24px; height: 24px;\"><\/div>\n        <\/div>\n            <div class=\"kksr-star\" style=\"padding-right: 1px\">\n            \n\n<div class=\"kksr-icon\" style=\"width: 24px; height: 24px;\"><\/div>\n        <\/div>\n            <div class=\"kksr-star\" style=\"padding-right: 1px\">\n            \n\n<div class=\"kksr-icon\" style=\"width: 24px; height: 24px;\"><\/div>\n        <\/div>\n            <div class=\"kksr-star\" style=\"padding-right: 1px\">\n            \n\n<div class=\"kksr-icon\" style=\"width: 24px; height: 24px;\"><\/div>\n        <\/div>\n    <\/div>\n<\/div>\n                \n\n<div class=\"kksr-legend\" style=\"font-size: 19.2px;\">\n            <span class=\"kksr-muted\">Valora este art\u00edculo<\/span>\n    <\/div>\n    <\/div>\n","protected":false},"excerpt":{"rendered":"<p>Acaban las Navidades pero no las ansias de conocimiento de  [&#8230;]<\/p>\n","protected":false},"author":4,"featured_media":7261,"comment_status":"closed","ping_status":"closed","sticky":false,"template":"","format":"standard","meta":{"footnotes":""},"categories":[79],"tags":[63,5,22],"class_list":["post-4744","post","type-post","status-publish","format-standard","has-post-thumbnail","hentry","category-vivir-madrid","tag-cultura","tag-madrid","tag-teatro"],"yoast_head":"<!-- This site is optimized with the Yoast SEO plugin v27.4 - https:\/\/yoast.com\/product\/yoast-seo-wordpress\/ -->\n<title>Espect\u00e1culos teatrales infantiles Madrid<\/title>\n<meta name=\"description\" content=\"Recomendaciones sobre los mejores espect\u00e1culos infantiles en Madrid para los pr\u00f3ximos d\u00edas: Teatro Luchana,Teatro Sanpol,La Escalera de Jacob.Por madridFansblog\" \/>\n<meta name=\"robots\" content=\"index, follow, max-snippet:-1, max-image-preview:large, max-video-preview:-1\" \/>\n<link rel=\"canonical\" href=\"https:\/\/www.proinca.es\/madridfansblog\/espectaculos-teatrales-infantiles-en-madrid-para-ninos-que-no-se-agotan\/\" \/>\n<meta property=\"og:locale\" content=\"es_ES\" \/>\n<meta property=\"og:type\" content=\"article\" \/>\n<meta property=\"og:title\" content=\"Espect\u00e1culos teatrales infantiles Madrid\" \/>\n<meta property=\"og:description\" content=\"Recomendaciones sobre los mejores espect\u00e1culos infantiles en Madrid para los pr\u00f3ximos d\u00edas: Teatro Luchana,Teatro Sanpol,La Escalera de Jacob.Por madridFansblog\" \/>\n<meta property=\"og:url\" content=\"https:\/\/www.proinca.es\/madridfansblog\/espectaculos-teatrales-infantiles-en-madrid-para-ninos-que-no-se-agotan\/\" \/>\n<meta property=\"og:site_name\" content=\"Blog Proinca Madrid\" \/>\n<meta property=\"article:published_time\" content=\"2017-01-13T17:49:47+00:00\" \/>\n<meta property=\"article:modified_time\" content=\"2025-05-28T13:48:19+00:00\" \/>\n<meta property=\"og:image\" content=\"https:\/\/www.proinca.es\/madridfansblog\/wp-content\/uploads\/2017\/01\/teatro-infantil.jpg\" \/>\n\t<meta property=\"og:image:width\" content=\"1000\" \/>\n\t<meta property=\"og:image:height\" content=\"667\" \/>\n\t<meta property=\"og:image:type\" content=\"image\/jpeg\" \/>\n<meta name=\"author\" content=\"Ana Calero\" \/>\n<script type=\"application\/ld+json\" class=\"yoast-schema-graph\">{\"@context\":\"https:\\\/\\\/schema.org\",\"@graph\":[{\"@type\":\"Article\",\"@id\":\"https:\\\/\\\/www.proinca.es\\\/madridfansblog\\\/espectaculos-teatrales-infantiles-en-madrid-para-ninos-que-no-se-agotan\\\/#article\",\"isPartOf\":{\"@id\":\"https:\\\/\\\/www.proinca.es\\\/madridfansblog\\\/espectaculos-teatrales-infantiles-en-madrid-para-ninos-que-no-se-agotan\\\/\"},\"author\":{\"name\":\"Ana Calero\",\"@id\":\"https:\\\/\\\/www.proinca.es\\\/madridfansblog\\\/#\\\/schema\\\/person\\\/8401adc89c0a0f5a3574c43326247f1e\"},\"headline\":\"ESPECT\u00c1CULOS TEATRALES INFANTILES EN MADRID PARA NI\u00d1OS QUE NO SE AGOTAN\",\"datePublished\":\"2017-01-13T17:49:47+00:00\",\"dateModified\":\"2025-05-28T13:48:19+00:00\",\"mainEntityOfPage\":{\"@id\":\"https:\\\/\\\/www.proinca.es\\\/madridfansblog\\\/espectaculos-teatrales-infantiles-en-madrid-para-ninos-que-no-se-agotan\\\/\"},\"wordCount\":398,\"publisher\":{\"@id\":\"https:\\\/\\\/www.proinca.es\\\/madridfansblog\\\/#organization\"},\"image\":{\"@id\":\"https:\\\/\\\/www.proinca.es\\\/madridfansblog\\\/espectaculos-teatrales-infantiles-en-madrid-para-ninos-que-no-se-agotan\\\/#primaryimage\"},\"thumbnailUrl\":\"https:\\\/\\\/www.proinca.es\\\/madridfansblog\\\/wp-content\\\/uploads\\\/2017\\\/01\\\/teatro-infantil.jpg\",\"keywords\":[\"Cultura\",\"Madrid\",\"Teatro\"],\"articleSection\":[\"VIVIR MADRID\"],\"inLanguage\":\"es\"},{\"@type\":\"WebPage\",\"@id\":\"https:\\\/\\\/www.proinca.es\\\/madridfansblog\\\/espectaculos-teatrales-infantiles-en-madrid-para-ninos-que-no-se-agotan\\\/\",\"url\":\"https:\\\/\\\/www.proinca.es\\\/madridfansblog\\\/espectaculos-teatrales-infantiles-en-madrid-para-ninos-que-no-se-agotan\\\/\",\"name\":\"Espect\u00e1culos teatrales infantiles Madrid\",\"isPartOf\":{\"@id\":\"https:\\\/\\\/www.proinca.es\\\/madridfansblog\\\/#website\"},\"primaryImageOfPage\":{\"@id\":\"https:\\\/\\\/www.proinca.es\\\/madridfansblog\\\/espectaculos-teatrales-infantiles-en-madrid-para-ninos-que-no-se-agotan\\\/#primaryimage\"},\"image\":{\"@id\":\"https:\\\/\\\/www.proinca.es\\\/madridfansblog\\\/espectaculos-teatrales-infantiles-en-madrid-para-ninos-que-no-se-agotan\\\/#primaryimage\"},\"thumbnailUrl\":\"https:\\\/\\\/www.proinca.es\\\/madridfansblog\\\/wp-content\\\/uploads\\\/2017\\\/01\\\/teatro-infantil.jpg\",\"datePublished\":\"2017-01-13T17:49:47+00:00\",\"dateModified\":\"2025-05-28T13:48:19+00:00\",\"description\":\"Recomendaciones sobre los mejores espect\u00e1culos infantiles en Madrid para los pr\u00f3ximos d\u00edas: Teatro Luchana,Teatro Sanpol,La Escalera de Jacob.Por madridFansblog\",\"inLanguage\":\"es\",\"potentialAction\":[{\"@type\":\"ReadAction\",\"target\":[\"https:\\\/\\\/www.proinca.es\\\/madridfansblog\\\/espectaculos-teatrales-infantiles-en-madrid-para-ninos-que-no-se-agotan\\\/\"]}]},{\"@type\":\"ImageObject\",\"inLanguage\":\"es\",\"@id\":\"https:\\\/\\\/www.proinca.es\\\/madridfansblog\\\/espectaculos-teatrales-infantiles-en-madrid-para-ninos-que-no-se-agotan\\\/#primaryimage\",\"url\":\"https:\\\/\\\/www.proinca.es\\\/madridfansblog\\\/wp-content\\\/uploads\\\/2017\\\/01\\\/teatro-infantil.jpg\",\"contentUrl\":\"https:\\\/\\\/www.proinca.es\\\/madridfansblog\\\/wp-content\\\/uploads\\\/2017\\\/01\\\/teatro-infantil.jpg\",\"width\":1000,\"height\":667,\"caption\":\"Espect\u00e1culos teatrales infantiles en Madrid para ni\u00f1os que no se agotan\"},{\"@type\":\"WebSite\",\"@id\":\"https:\\\/\\\/www.proinca.es\\\/madridfansblog\\\/#website\",\"url\":\"https:\\\/\\\/www.proinca.es\\\/madridfansblog\\\/\",\"name\":\"Madrid Fans Blog Proinca\",\"description\":\"Pisos y apartamentos de alquiler en Madrid\",\"publisher\":{\"@id\":\"https:\\\/\\\/www.proinca.es\\\/madridfansblog\\\/#organization\"},\"potentialAction\":[{\"@type\":\"SearchAction\",\"target\":{\"@type\":\"EntryPoint\",\"urlTemplate\":\"https:\\\/\\\/www.proinca.es\\\/madridfansblog\\\/?s={search_term_string}\"},\"query-input\":{\"@type\":\"PropertyValueSpecification\",\"valueRequired\":true,\"valueName\":\"search_term_string\"}}],\"inLanguage\":\"es\"},{\"@type\":\"Organization\",\"@id\":\"https:\\\/\\\/www.proinca.es\\\/madridfansblog\\\/#organization\",\"name\":\"Proinca\",\"url\":\"https:\\\/\\\/www.proinca.es\\\/madridfansblog\\\/\",\"logo\":{\"@type\":\"ImageObject\",\"inLanguage\":\"es\",\"@id\":\"https:\\\/\\\/www.proinca.es\\\/madridfansblog\\\/#\\\/schema\\\/logo\\\/image\\\/\",\"url\":\"https:\\\/\\\/www.proinca.es\\\/madridfansblog\\\/wp-content\\\/uploads\\\/2022\\\/03\\\/logo-proinca.jpg\",\"contentUrl\":\"https:\\\/\\\/www.proinca.es\\\/madridfansblog\\\/wp-content\\\/uploads\\\/2022\\\/03\\\/logo-proinca.jpg\",\"width\":522,\"height\":250,\"caption\":\"Proinca\"},\"image\":{\"@id\":\"https:\\\/\\\/www.proinca.es\\\/madridfansblog\\\/#\\\/schema\\\/logo\\\/image\\\/\"}},{\"@type\":\"Person\",\"@id\":\"https:\\\/\\\/www.proinca.es\\\/madridfansblog\\\/#\\\/schema\\\/person\\\/8401adc89c0a0f5a3574c43326247f1e\",\"name\":\"Ana Calero\",\"image\":{\"@type\":\"ImageObject\",\"inLanguage\":\"es\",\"@id\":\"https:\\\/\\\/www.proinca.es\\\/madridfansblog\\\/wp-content\\\/litespeed\\\/avatar\\\/ef51b25c0718910f475570320941ef46.jpg?ver=1777379772\",\"url\":\"https:\\\/\\\/www.proinca.es\\\/madridfansblog\\\/wp-content\\\/litespeed\\\/avatar\\\/ef51b25c0718910f475570320941ef46.jpg?ver=1777379772\",\"contentUrl\":\"https:\\\/\\\/www.proinca.es\\\/madridfansblog\\\/wp-content\\\/litespeed\\\/avatar\\\/ef51b25c0718910f475570320941ef46.jpg?ver=1777379772\",\"caption\":\"Ana Calero\"},\"description\":\"Licenciada en Ciencias Empresariales por la Universidad Aut\u00f3noma de Madrid. Forma parte del equipo de Apartamentos Proinca y es una enamorada de Madrid\",\"sameAs\":[\"https:\\\/\\\/www.proinca.es\\\/madridfansblog\\\/ana-calero\\\/\"]}]}<\/script>\n<!-- \/ Yoast SEO plugin. -->","yoast_head_json":{"title":"Espect\u00e1culos teatrales infantiles Madrid","description":"Recomendaciones sobre los mejores espect\u00e1culos infantiles en Madrid para los pr\u00f3ximos d\u00edas: Teatro Luchana,Teatro Sanpol,La Escalera de Jacob.Por madridFansblog","robots":{"index":"index","follow":"follow","max-snippet":"max-snippet:-1","max-image-preview":"max-image-preview:large","max-video-preview":"max-video-preview:-1"},"canonical":"https:\/\/www.proinca.es\/madridfansblog\/espectaculos-teatrales-infantiles-en-madrid-para-ninos-que-no-se-agotan\/","og_locale":"es_ES","og_type":"article","og_title":"Espect\u00e1culos teatrales infantiles Madrid","og_description":"Recomendaciones sobre los mejores espect\u00e1culos infantiles en Madrid para los pr\u00f3ximos d\u00edas: Teatro Luchana,Teatro Sanpol,La Escalera de Jacob.Por madridFansblog","og_url":"https:\/\/www.proinca.es\/madridfansblog\/espectaculos-teatrales-infantiles-en-madrid-para-ninos-que-no-se-agotan\/","og_site_name":"Blog Proinca Madrid","article_published_time":"2017-01-13T17:49:47+00:00","article_modified_time":"2025-05-28T13:48:19+00:00","og_image":[{"width":1000,"height":667,"url":"https:\/\/www.proinca.es\/madridfansblog\/wp-content\/uploads\/2017\/01\/teatro-infantil.jpg","type":"image\/jpeg"}],"author":"Ana Calero","schema":{"@context":"https:\/\/schema.org","@graph":[{"@type":"Article","@id":"https:\/\/www.proinca.es\/madridfansblog\/espectaculos-teatrales-infantiles-en-madrid-para-ninos-que-no-se-agotan\/#article","isPartOf":{"@id":"https:\/\/www.proinca.es\/madridfansblog\/espectaculos-teatrales-infantiles-en-madrid-para-ninos-que-no-se-agotan\/"},"author":{"name":"Ana Calero","@id":"https:\/\/www.proinca.es\/madridfansblog\/#\/schema\/person\/8401adc89c0a0f5a3574c43326247f1e"},"headline":"ESPECT\u00c1CULOS TEATRALES INFANTILES EN MADRID PARA NI\u00d1OS QUE NO SE AGOTAN","datePublished":"2017-01-13T17:49:47+00:00","dateModified":"2025-05-28T13:48:19+00:00","mainEntityOfPage":{"@id":"https:\/\/www.proinca.es\/madridfansblog\/espectaculos-teatrales-infantiles-en-madrid-para-ninos-que-no-se-agotan\/"},"wordCount":398,"publisher":{"@id":"https:\/\/www.proinca.es\/madridfansblog\/#organization"},"image":{"@id":"https:\/\/www.proinca.es\/madridfansblog\/espectaculos-teatrales-infantiles-en-madrid-para-ninos-que-no-se-agotan\/#primaryimage"},"thumbnailUrl":"https:\/\/www.proinca.es\/madridfansblog\/wp-content\/uploads\/2017\/01\/teatro-infantil.jpg","keywords":["Cultura","Madrid","Teatro"],"articleSection":["VIVIR MADRID"],"inLanguage":"es"},{"@type":"WebPage","@id":"https:\/\/www.proinca.es\/madridfansblog\/espectaculos-teatrales-infantiles-en-madrid-para-ninos-que-no-se-agotan\/","url":"https:\/\/www.proinca.es\/madridfansblog\/espectaculos-teatrales-infantiles-en-madrid-para-ninos-que-no-se-agotan\/","name":"Espect\u00e1culos teatrales infantiles Madrid","isPartOf":{"@id":"https:\/\/www.proinca.es\/madridfansblog\/#website"},"primaryImageOfPage":{"@id":"https:\/\/www.proinca.es\/madridfansblog\/espectaculos-teatrales-infantiles-en-madrid-para-ninos-que-no-se-agotan\/#primaryimage"},"image":{"@id":"https:\/\/www.proinca.es\/madridfansblog\/espectaculos-teatrales-infantiles-en-madrid-para-ninos-que-no-se-agotan\/#primaryimage"},"thumbnailUrl":"https:\/\/www.proinca.es\/madridfansblog\/wp-content\/uploads\/2017\/01\/teatro-infantil.jpg","datePublished":"2017-01-13T17:49:47+00:00","dateModified":"2025-05-28T13:48:19+00:00","description":"Recomendaciones sobre los mejores espect\u00e1culos infantiles en Madrid para los pr\u00f3ximos d\u00edas: Teatro Luchana,Teatro Sanpol,La Escalera de Jacob.Por madridFansblog","inLanguage":"es","potentialAction":[{"@type":"ReadAction","target":["https:\/\/www.proinca.es\/madridfansblog\/espectaculos-teatrales-infantiles-en-madrid-para-ninos-que-no-se-agotan\/"]}]},{"@type":"ImageObject","inLanguage":"es","@id":"https:\/\/www.proinca.es\/madridfansblog\/espectaculos-teatrales-infantiles-en-madrid-para-ninos-que-no-se-agotan\/#primaryimage","url":"https:\/\/www.proinca.es\/madridfansblog\/wp-content\/uploads\/2017\/01\/teatro-infantil.jpg","contentUrl":"https:\/\/www.proinca.es\/madridfansblog\/wp-content\/uploads\/2017\/01\/teatro-infantil.jpg","width":1000,"height":667,"caption":"Espect\u00e1culos teatrales infantiles en Madrid para ni\u00f1os que no se agotan"},{"@type":"WebSite","@id":"https:\/\/www.proinca.es\/madridfansblog\/#website","url":"https:\/\/www.proinca.es\/madridfansblog\/","name":"Madrid Fans Blog Proinca","description":"Pisos y apartamentos de alquiler en Madrid","publisher":{"@id":"https:\/\/www.proinca.es\/madridfansblog\/#organization"},"potentialAction":[{"@type":"SearchAction","target":{"@type":"EntryPoint","urlTemplate":"https:\/\/www.proinca.es\/madridfansblog\/?s={search_term_string}"},"query-input":{"@type":"PropertyValueSpecification","valueRequired":true,"valueName":"search_term_string"}}],"inLanguage":"es"},{"@type":"Organization","@id":"https:\/\/www.proinca.es\/madridfansblog\/#organization","name":"Proinca","url":"https:\/\/www.proinca.es\/madridfansblog\/","logo":{"@type":"ImageObject","inLanguage":"es","@id":"https:\/\/www.proinca.es\/madridfansblog\/#\/schema\/logo\/image\/","url":"https:\/\/www.proinca.es\/madridfansblog\/wp-content\/uploads\/2022\/03\/logo-proinca.jpg","contentUrl":"https:\/\/www.proinca.es\/madridfansblog\/wp-content\/uploads\/2022\/03\/logo-proinca.jpg","width":522,"height":250,"caption":"Proinca"},"image":{"@id":"https:\/\/www.proinca.es\/madridfansblog\/#\/schema\/logo\/image\/"}},{"@type":"Person","@id":"https:\/\/www.proinca.es\/madridfansblog\/#\/schema\/person\/8401adc89c0a0f5a3574c43326247f1e","name":"Ana Calero","image":{"@type":"ImageObject","inLanguage":"es","@id":"https:\/\/www.proinca.es\/madridfansblog\/wp-content\/litespeed\/avatar\/ef51b25c0718910f475570320941ef46.jpg?ver=1777379772","url":"https:\/\/www.proinca.es\/madridfansblog\/wp-content\/litespeed\/avatar\/ef51b25c0718910f475570320941ef46.jpg?ver=1777379772","contentUrl":"https:\/\/www.proinca.es\/madridfansblog\/wp-content\/litespeed\/avatar\/ef51b25c0718910f475570320941ef46.jpg?ver=1777379772","caption":"Ana Calero"},"description":"Licenciada en Ciencias Empresariales por la Universidad Aut\u00f3noma de Madrid. Forma parte del equipo de Apartamentos Proinca y es una enamorada de Madrid","sameAs":["https:\/\/www.proinca.es\/madridfansblog\/ana-calero\/"]}]}},"_links":{"self":[{"href":"https:\/\/www.proinca.es\/madridfansblog\/wp-json\/wp\/v2\/posts\/4744","targetHints":{"allow":["GET"]}}],"collection":[{"href":"https:\/\/www.proinca.es\/madridfansblog\/wp-json\/wp\/v2\/posts"}],"about":[{"href":"https:\/\/www.proinca.es\/madridfansblog\/wp-json\/wp\/v2\/types\/post"}],"author":[{"embeddable":true,"href":"https:\/\/www.proinca.es\/madridfansblog\/wp-json\/wp\/v2\/users\/4"}],"replies":[{"embeddable":true,"href":"https:\/\/www.proinca.es\/madridfansblog\/wp-json\/wp\/v2\/comments?post=4744"}],"version-history":[{"count":11,"href":"https:\/\/www.proinca.es\/madridfansblog\/wp-json\/wp\/v2\/posts\/4744\/revisions"}],"predecessor-version":[{"id":7464,"href":"https:\/\/www.proinca.es\/madridfansblog\/wp-json\/wp\/v2\/posts\/4744\/revisions\/7464"}],"wp:featuredmedia":[{"embeddable":true,"href":"https:\/\/www.proinca.es\/madridfansblog\/wp-json\/wp\/v2\/media\/7261"}],"wp:attachment":[{"href":"https:\/\/www.proinca.es\/madridfansblog\/wp-json\/wp\/v2\/media?parent=4744"}],"wp:term":[{"taxonomy":"category","embeddable":true,"href":"https:\/\/www.proinca.es\/madridfansblog\/wp-json\/wp\/v2\/categories?post=4744"},{"taxonomy":"post_tag","embeddable":true,"href":"https:\/\/www.proinca.es\/madridfansblog\/wp-json\/wp\/v2\/tags?post=4744"}],"curies":[{"name":"wp","href":"https:\/\/api.w.org\/{rel}","templated":true}]}}