{"id":4755,"date":"2017-01-18T18:48:06","date_gmt":"2017-01-18T17:48:06","guid":{"rendered":"http:\/\/www.proinca.es\/madridfansblog\/?p=4755"},"modified":"2025-05-28T15:48:13","modified_gmt":"2025-05-28T13:48:13","slug":"tres-citas-gastronomicas-en-madrid-que-no-querras-perderte","status":"publish","type":"post","link":"https:\/\/www.proinca.es\/madridfansblog\/tres-citas-gastronomicas-en-madrid-que-no-querras-perderte\/","title":{"rendered":"TRES CITAS GASTRON\u00d3MICAS EN MADRID QUE NO QUERR\u00c1S PERDERTE"},"content":{"rendered":"<p>Foodies, cocinillas o simplemente amantes del buen comer est\u00e1is m\u00e1s que de enhorabuena<!--more--> porque <strong>Madrid<\/strong> os brinda este fin de semana y d\u00edas sucesivos tres<strong> citas gastron\u00f3micas<\/strong> irrenunciables: <strong>MadrEat Market, Gastrofestival y Madrid Fusi\u00f3n.<\/strong><\/p>\n<p>La primera de las convocatorias aludidas, <strong>MadrEat Market<\/strong>, tendr\u00e1 lugar de viernes a domingo en el 89 del paseo de la Castellana (zona Azca). La cita promete ser toda una fiesta para quienes adoran comer en la calle, ya sab\u00e9is, viandas al m\u00e1s puro estilo americano de la mano de hamburguesas y perritos calientes elaborados de manera diferente y, adem\u00e1s, empanadas gallegas, tapas, reposter\u00eda, comida \u00e9tnica&#8230;, todo con ese toque tan \u201cde autor\u201d que nos encanta .<\/p>\n<p>Para los que nunca antes hab\u00e9is acudido al evento, sabed que se trata del mercado gastron\u00f3mico m\u00e1s trendy del momento, repleto de food tracks con todo tipo de tendencias <strong>gastron\u00f3micas<\/strong> y muy buen ambiente.<\/p>\n<p>www.madreat.org<\/p>\n<p>La verdad es que para quienes viven en el coraz\u00f3n de la capital, esta <strong>cita<\/strong> no requiere presentaci\u00f3n, <strong>Gastrofestival Madrid<\/strong> es ya un tradicional del ocio madrile\u00f1o.<\/p>\n<p>Esta vez se celebra del 21 de enero al 5 de febrero con un programa cargadito de experiencias sensoriales como nunca. Muy atentos a las actividades programadas en torno a la enocultura y gastrocultura, es decir, a los talleres sobre vinos y platos cardiosaludables, gastronom\u00eda en el cine, ni\u00f1os en la cocina\u2026 Las experiencias culinarias se cuentan por decenas gracias a los m\u00e1s de 400 establecimientos que participan en el gastrofestival.<\/p>\n<p>www.gastrofestivalmadrid.com<\/p>\n<p>Y por \u00faltimo, pero no menos importante sino todo lo contrario, <strong>MadridFusi\u00f3n 2017<\/strong>, en el Palacio Municipal de Congresos, en Campo de las Naciones, del 23 al 25 de enero. Se trata de la cita culinaria pos excelencia, donde los mejores chefs del momento presentan sus \u00faltimas innovaciones<strong> gastron\u00f3micas<\/strong> mediante demostraciones p\u00fablicas, talleres, degustaciones y conferencias.<\/p>\n<p>Si te interesa la cita y no puedes asistir, sigue toda la actualidad en tiempo real a trav\u00e9s de las redes sociales con el hashtag #amf17.<\/p>\n<p>www.madridfusion.net<\/p>\n<p>Informaci\u00f3n patrocinada por\u00a0<strong><a title=\"Proinca apartamentos de alquiler en Madrid\" href=\"http:\/\/www.proinca.es\" target=\"_blank\" rel=\"noopener\">Proinca: Apartamentos de alquiler en Madrid<\/a><\/strong><\/p>\n<p>Foto de Yoav Aziz en Unsplash<\/p>\n\n\n<div class=\"kk-star-ratings kksr-auto kksr-align-left kksr-valign-bottom\"\n    data-payload='{&quot;align&quot;:&quot;left&quot;,&quot;id&quot;:&quot;4755&quot;,&quot;slug&quot;:&quot;default&quot;,&quot;valign&quot;:&quot;bottom&quot;,&quot;ignore&quot;:&quot;&quot;,&quot;reference&quot;:&quot;auto&quot;,&quot;class&quot;:&quot;&quot;,&quot;count&quot;:&quot;0&quot;,&quot;legendonly&quot;:&quot;&quot;,&quot;readonly&quot;:&quot;&quot;,&quot;score&quot;:&quot;0&quot;,&quot;starsonly&quot;:&quot;&quot;,&quot;best&quot;:&quot;5&quot;,&quot;gap&quot;:&quot;1&quot;,&quot;greet&quot;:&quot;Valora este art\u00edculo&quot;,&quot;legend&quot;:&quot;0\\\/5 - (0 votos)&quot;,&quot;size&quot;:&quot;24&quot;,&quot;title&quot;:&quot;TRES CITAS GASTRON\u00d3MICAS EN MADRID QUE NO QUERR\u00c1S PERDERTE&quot;,&quot;width&quot;:&quot;0&quot;,&quot;_legend&quot;:&quot;{score}\\\/{best} - ({count} {votes})&quot;,&quot;font_factor&quot;:&quot;1.25&quot;}'>\n            \n<div class=\"kksr-stars\">\n    \n<div class=\"kksr-stars-inactive\">\n            <div class=\"kksr-star\" data-star=\"1\" style=\"padding-right: 1px\">\n            \n\n<div class=\"kksr-icon\" style=\"width: 24px; height: 24px;\"><\/div>\n        <\/div>\n            <div class=\"kksr-star\" data-star=\"2\" style=\"padding-right: 1px\">\n            \n\n<div class=\"kksr-icon\" style=\"width: 24px; height: 24px;\"><\/div>\n        <\/div>\n            <div class=\"kksr-star\" data-star=\"3\" style=\"padding-right: 1px\">\n            \n\n<div class=\"kksr-icon\" style=\"width: 24px; height: 24px;\"><\/div>\n        <\/div>\n            <div class=\"kksr-star\" data-star=\"4\" style=\"padding-right: 1px\">\n            \n\n<div class=\"kksr-icon\" style=\"width: 24px; height: 24px;\"><\/div>\n        <\/div>\n            <div class=\"kksr-star\" data-star=\"5\" style=\"padding-right: 1px\">\n            \n\n<div class=\"kksr-icon\" style=\"width: 24px; height: 24px;\"><\/div>\n        <\/div>\n    <\/div>\n    \n<div class=\"kksr-stars-active\" style=\"width: 0px;\">\n            <div class=\"kksr-star\" style=\"padding-right: 1px\">\n            \n\n<div class=\"kksr-icon\" style=\"width: 24px; height: 24px;\"><\/div>\n        <\/div>\n            <div class=\"kksr-star\" style=\"padding-right: 1px\">\n            \n\n<div class=\"kksr-icon\" style=\"width: 24px; height: 24px;\"><\/div>\n        <\/div>\n            <div class=\"kksr-star\" style=\"padding-right: 1px\">\n            \n\n<div class=\"kksr-icon\" style=\"width: 24px; height: 24px;\"><\/div>\n        <\/div>\n            <div class=\"kksr-star\" style=\"padding-right: 1px\">\n            \n\n<div class=\"kksr-icon\" style=\"width: 24px; height: 24px;\"><\/div>\n        <\/div>\n            <div class=\"kksr-star\" style=\"padding-right: 1px\">\n            \n\n<div class=\"kksr-icon\" style=\"width: 24px; height: 24px;\"><\/div>\n        <\/div>\n    <\/div>\n<\/div>\n                \n\n<div class=\"kksr-legend\" style=\"font-size: 19.2px;\">\n            <span class=\"kksr-muted\">Valora este art\u00edculo<\/span>\n    <\/div>\n    <\/div>\n","protected":false},"excerpt":{"rendered":"<p>Foodies, cocinillas o simplemente amantes del buen comer est\u00e1is m\u00e1s  [&#8230;]<\/p>\n","protected":false},"author":4,"featured_media":7263,"comment_status":"closed","ping_status":"closed","sticky":false,"template":"","format":"standard","meta":{"footnotes":""},"categories":[79],"tags":[30,5],"class_list":["post-4755","post","type-post","status-publish","format-standard","has-post-thumbnail","hentry","category-vivir-madrid","tag-gastronomia","tag-madrid"],"yoast_head":"<!-- This site is optimized with the Yoast SEO plugin v27.4 - https:\/\/yoast.com\/product\/yoast-seo-wordpress\/ -->\n<title>TRES CITAS GASTRON\u00d3MICAS EN MADRID<\/title>\n<meta name=\"description\" content=\"Madrid nos brinda este fin de semana y d\u00edas sucesivos tres citas gastron\u00f3micas irrenunciables: MadrEat Market, Gastrofestival y Madrid Fusi\u00f3n.Por MadridFansblog\" \/>\n<meta name=\"robots\" content=\"index, follow, max-snippet:-1, max-image-preview:large, max-video-preview:-1\" \/>\n<link rel=\"canonical\" href=\"https:\/\/www.proinca.es\/madridfansblog\/tres-citas-gastronomicas-en-madrid-que-no-querras-perderte\/\" \/>\n<meta property=\"og:locale\" content=\"es_ES\" \/>\n<meta property=\"og:type\" content=\"article\" \/>\n<meta property=\"og:title\" content=\"TRES CITAS GASTRON\u00d3MICAS EN MADRID\" \/>\n<meta property=\"og:description\" content=\"Madrid nos brinda este fin de semana y d\u00edas sucesivos tres citas gastron\u00f3micas irrenunciables: MadrEat Market, Gastrofestival y Madrid Fusi\u00f3n.Por MadridFansblog\" \/>\n<meta property=\"og:url\" content=\"https:\/\/www.proinca.es\/madridfansblog\/tres-citas-gastronomicas-en-madrid-que-no-querras-perderte\/\" \/>\n<meta property=\"og:site_name\" content=\"Blog Proinca Madrid\" \/>\n<meta property=\"article:published_time\" content=\"2017-01-18T17:48:06+00:00\" \/>\n<meta property=\"article:modified_time\" content=\"2025-05-28T13:48:13+00:00\" \/>\n<meta property=\"og:image\" content=\"https:\/\/www.proinca.es\/madridfansblog\/wp-content\/uploads\/2017\/01\/citas-gastronomicas.jpg\" \/>\n\t<meta property=\"og:image:width\" content=\"1000\" \/>\n\t<meta property=\"og:image:height\" content=\"874\" \/>\n\t<meta property=\"og:image:type\" content=\"image\/jpeg\" \/>\n<meta name=\"author\" content=\"Ana Calero\" \/>\n<script type=\"application\/ld+json\" class=\"yoast-schema-graph\">{\"@context\":\"https:\\\/\\\/schema.org\",\"@graph\":[{\"@type\":\"Article\",\"@id\":\"https:\\\/\\\/www.proinca.es\\\/madridfansblog\\\/tres-citas-gastronomicas-en-madrid-que-no-querras-perderte\\\/#article\",\"isPartOf\":{\"@id\":\"https:\\\/\\\/www.proinca.es\\\/madridfansblog\\\/tres-citas-gastronomicas-en-madrid-que-no-querras-perderte\\\/\"},\"author\":{\"name\":\"Ana Calero\",\"@id\":\"https:\\\/\\\/www.proinca.es\\\/madridfansblog\\\/#\\\/schema\\\/person\\\/8401adc89c0a0f5a3574c43326247f1e\"},\"headline\":\"TRES CITAS GASTRON\u00d3MICAS EN MADRID QUE NO QUERR\u00c1S PERDERTE\",\"datePublished\":\"2017-01-18T17:48:06+00:00\",\"dateModified\":\"2025-05-28T13:48:13+00:00\",\"mainEntityOfPage\":{\"@id\":\"https:\\\/\\\/www.proinca.es\\\/madridfansblog\\\/tres-citas-gastronomicas-en-madrid-que-no-querras-perderte\\\/\"},\"wordCount\":376,\"publisher\":{\"@id\":\"https:\\\/\\\/www.proinca.es\\\/madridfansblog\\\/#organization\"},\"image\":{\"@id\":\"https:\\\/\\\/www.proinca.es\\\/madridfansblog\\\/tres-citas-gastronomicas-en-madrid-que-no-querras-perderte\\\/#primaryimage\"},\"thumbnailUrl\":\"https:\\\/\\\/www.proinca.es\\\/madridfansblog\\\/wp-content\\\/uploads\\\/2017\\\/01\\\/citas-gastronomicas.jpg\",\"keywords\":[\"Gastronom\u00eda\",\"Madrid\"],\"articleSection\":[\"VIVIR MADRID\"],\"inLanguage\":\"es\"},{\"@type\":\"WebPage\",\"@id\":\"https:\\\/\\\/www.proinca.es\\\/madridfansblog\\\/tres-citas-gastronomicas-en-madrid-que-no-querras-perderte\\\/\",\"url\":\"https:\\\/\\\/www.proinca.es\\\/madridfansblog\\\/tres-citas-gastronomicas-en-madrid-que-no-querras-perderte\\\/\",\"name\":\"TRES CITAS GASTRON\u00d3MICAS EN MADRID\",\"isPartOf\":{\"@id\":\"https:\\\/\\\/www.proinca.es\\\/madridfansblog\\\/#website\"},\"primaryImageOfPage\":{\"@id\":\"https:\\\/\\\/www.proinca.es\\\/madridfansblog\\\/tres-citas-gastronomicas-en-madrid-que-no-querras-perderte\\\/#primaryimage\"},\"image\":{\"@id\":\"https:\\\/\\\/www.proinca.es\\\/madridfansblog\\\/tres-citas-gastronomicas-en-madrid-que-no-querras-perderte\\\/#primaryimage\"},\"thumbnailUrl\":\"https:\\\/\\\/www.proinca.es\\\/madridfansblog\\\/wp-content\\\/uploads\\\/2017\\\/01\\\/citas-gastronomicas.jpg\",\"datePublished\":\"2017-01-18T17:48:06+00:00\",\"dateModified\":\"2025-05-28T13:48:13+00:00\",\"description\":\"Madrid nos brinda este fin de semana y d\u00edas sucesivos tres citas gastron\u00f3micas irrenunciables: MadrEat Market, Gastrofestival y Madrid Fusi\u00f3n.Por MadridFansblog\",\"inLanguage\":\"es\",\"potentialAction\":[{\"@type\":\"ReadAction\",\"target\":[\"https:\\\/\\\/www.proinca.es\\\/madridfansblog\\\/tres-citas-gastronomicas-en-madrid-que-no-querras-perderte\\\/\"]}]},{\"@type\":\"ImageObject\",\"inLanguage\":\"es\",\"@id\":\"https:\\\/\\\/www.proinca.es\\\/madridfansblog\\\/tres-citas-gastronomicas-en-madrid-que-no-querras-perderte\\\/#primaryimage\",\"url\":\"https:\\\/\\\/www.proinca.es\\\/madridfansblog\\\/wp-content\\\/uploads\\\/2017\\\/01\\\/citas-gastronomicas.jpg\",\"contentUrl\":\"https:\\\/\\\/www.proinca.es\\\/madridfansblog\\\/wp-content\\\/uploads\\\/2017\\\/01\\\/citas-gastronomicas.jpg\",\"width\":1000,\"height\":874,\"caption\":\"Tres citas gastron\u00f3micas en Madrid que no querr\u00e1s perderte\"},{\"@type\":\"WebSite\",\"@id\":\"https:\\\/\\\/www.proinca.es\\\/madridfansblog\\\/#website\",\"url\":\"https:\\\/\\\/www.proinca.es\\\/madridfansblog\\\/\",\"name\":\"Madrid Fans Blog Proinca\",\"description\":\"Pisos y apartamentos de alquiler en Madrid\",\"publisher\":{\"@id\":\"https:\\\/\\\/www.proinca.es\\\/madridfansblog\\\/#organization\"},\"potentialAction\":[{\"@type\":\"SearchAction\",\"target\":{\"@type\":\"EntryPoint\",\"urlTemplate\":\"https:\\\/\\\/www.proinca.es\\\/madridfansblog\\\/?s={search_term_string}\"},\"query-input\":{\"@type\":\"PropertyValueSpecification\",\"valueRequired\":true,\"valueName\":\"search_term_string\"}}],\"inLanguage\":\"es\"},{\"@type\":\"Organization\",\"@id\":\"https:\\\/\\\/www.proinca.es\\\/madridfansblog\\\/#organization\",\"name\":\"Proinca\",\"url\":\"https:\\\/\\\/www.proinca.es\\\/madridfansblog\\\/\",\"logo\":{\"@type\":\"ImageObject\",\"inLanguage\":\"es\",\"@id\":\"https:\\\/\\\/www.proinca.es\\\/madridfansblog\\\/#\\\/schema\\\/logo\\\/image\\\/\",\"url\":\"https:\\\/\\\/www.proinca.es\\\/madridfansblog\\\/wp-content\\\/uploads\\\/2022\\\/03\\\/logo-proinca.jpg\",\"contentUrl\":\"https:\\\/\\\/www.proinca.es\\\/madridfansblog\\\/wp-content\\\/uploads\\\/2022\\\/03\\\/logo-proinca.jpg\",\"width\":522,\"height\":250,\"caption\":\"Proinca\"},\"image\":{\"@id\":\"https:\\\/\\\/www.proinca.es\\\/madridfansblog\\\/#\\\/schema\\\/logo\\\/image\\\/\"}},{\"@type\":\"Person\",\"@id\":\"https:\\\/\\\/www.proinca.es\\\/madridfansblog\\\/#\\\/schema\\\/person\\\/8401adc89c0a0f5a3574c43326247f1e\",\"name\":\"Ana Calero\",\"image\":{\"@type\":\"ImageObject\",\"inLanguage\":\"es\",\"@id\":\"https:\\\/\\\/www.proinca.es\\\/madridfansblog\\\/wp-content\\\/litespeed\\\/avatar\\\/ef51b25c0718910f475570320941ef46.jpg?ver=1777379772\",\"url\":\"https:\\\/\\\/www.proinca.es\\\/madridfansblog\\\/wp-content\\\/litespeed\\\/avatar\\\/ef51b25c0718910f475570320941ef46.jpg?ver=1777379772\",\"contentUrl\":\"https:\\\/\\\/www.proinca.es\\\/madridfansblog\\\/wp-content\\\/litespeed\\\/avatar\\\/ef51b25c0718910f475570320941ef46.jpg?ver=1777379772\",\"caption\":\"Ana Calero\"},\"description\":\"Licenciada en Ciencias Empresariales por la Universidad Aut\u00f3noma de Madrid. Forma parte del equipo de Apartamentos Proinca y es una enamorada de Madrid\",\"sameAs\":[\"https:\\\/\\\/www.proinca.es\\\/madridfansblog\\\/ana-calero\\\/\"]}]}<\/script>\n<!-- \/ Yoast SEO plugin. -->","yoast_head_json":{"title":"TRES CITAS GASTRON\u00d3MICAS EN MADRID","description":"Madrid nos brinda este fin de semana y d\u00edas sucesivos tres citas gastron\u00f3micas irrenunciables: MadrEat Market, Gastrofestival y Madrid Fusi\u00f3n.Por MadridFansblog","robots":{"index":"index","follow":"follow","max-snippet":"max-snippet:-1","max-image-preview":"max-image-preview:large","max-video-preview":"max-video-preview:-1"},"canonical":"https:\/\/www.proinca.es\/madridfansblog\/tres-citas-gastronomicas-en-madrid-que-no-querras-perderte\/","og_locale":"es_ES","og_type":"article","og_title":"TRES CITAS GASTRON\u00d3MICAS EN MADRID","og_description":"Madrid nos brinda este fin de semana y d\u00edas sucesivos tres citas gastron\u00f3micas irrenunciables: MadrEat Market, Gastrofestival y Madrid Fusi\u00f3n.Por MadridFansblog","og_url":"https:\/\/www.proinca.es\/madridfansblog\/tres-citas-gastronomicas-en-madrid-que-no-querras-perderte\/","og_site_name":"Blog Proinca Madrid","article_published_time":"2017-01-18T17:48:06+00:00","article_modified_time":"2025-05-28T13:48:13+00:00","og_image":[{"width":1000,"height":874,"url":"https:\/\/www.proinca.es\/madridfansblog\/wp-content\/uploads\/2017\/01\/citas-gastronomicas.jpg","type":"image\/jpeg"}],"author":"Ana Calero","schema":{"@context":"https:\/\/schema.org","@graph":[{"@type":"Article","@id":"https:\/\/www.proinca.es\/madridfansblog\/tres-citas-gastronomicas-en-madrid-que-no-querras-perderte\/#article","isPartOf":{"@id":"https:\/\/www.proinca.es\/madridfansblog\/tres-citas-gastronomicas-en-madrid-que-no-querras-perderte\/"},"author":{"name":"Ana Calero","@id":"https:\/\/www.proinca.es\/madridfansblog\/#\/schema\/person\/8401adc89c0a0f5a3574c43326247f1e"},"headline":"TRES CITAS GASTRON\u00d3MICAS EN MADRID QUE NO QUERR\u00c1S PERDERTE","datePublished":"2017-01-18T17:48:06+00:00","dateModified":"2025-05-28T13:48:13+00:00","mainEntityOfPage":{"@id":"https:\/\/www.proinca.es\/madridfansblog\/tres-citas-gastronomicas-en-madrid-que-no-querras-perderte\/"},"wordCount":376,"publisher":{"@id":"https:\/\/www.proinca.es\/madridfansblog\/#organization"},"image":{"@id":"https:\/\/www.proinca.es\/madridfansblog\/tres-citas-gastronomicas-en-madrid-que-no-querras-perderte\/#primaryimage"},"thumbnailUrl":"https:\/\/www.proinca.es\/madridfansblog\/wp-content\/uploads\/2017\/01\/citas-gastronomicas.jpg","keywords":["Gastronom\u00eda","Madrid"],"articleSection":["VIVIR MADRID"],"inLanguage":"es"},{"@type":"WebPage","@id":"https:\/\/www.proinca.es\/madridfansblog\/tres-citas-gastronomicas-en-madrid-que-no-querras-perderte\/","url":"https:\/\/www.proinca.es\/madridfansblog\/tres-citas-gastronomicas-en-madrid-que-no-querras-perderte\/","name":"TRES CITAS GASTRON\u00d3MICAS EN MADRID","isPartOf":{"@id":"https:\/\/www.proinca.es\/madridfansblog\/#website"},"primaryImageOfPage":{"@id":"https:\/\/www.proinca.es\/madridfansblog\/tres-citas-gastronomicas-en-madrid-que-no-querras-perderte\/#primaryimage"},"image":{"@id":"https:\/\/www.proinca.es\/madridfansblog\/tres-citas-gastronomicas-en-madrid-que-no-querras-perderte\/#primaryimage"},"thumbnailUrl":"https:\/\/www.proinca.es\/madridfansblog\/wp-content\/uploads\/2017\/01\/citas-gastronomicas.jpg","datePublished":"2017-01-18T17:48:06+00:00","dateModified":"2025-05-28T13:48:13+00:00","description":"Madrid nos brinda este fin de semana y d\u00edas sucesivos tres citas gastron\u00f3micas irrenunciables: MadrEat Market, Gastrofestival y Madrid Fusi\u00f3n.Por MadridFansblog","inLanguage":"es","potentialAction":[{"@type":"ReadAction","target":["https:\/\/www.proinca.es\/madridfansblog\/tres-citas-gastronomicas-en-madrid-que-no-querras-perderte\/"]}]},{"@type":"ImageObject","inLanguage":"es","@id":"https:\/\/www.proinca.es\/madridfansblog\/tres-citas-gastronomicas-en-madrid-que-no-querras-perderte\/#primaryimage","url":"https:\/\/www.proinca.es\/madridfansblog\/wp-content\/uploads\/2017\/01\/citas-gastronomicas.jpg","contentUrl":"https:\/\/www.proinca.es\/madridfansblog\/wp-content\/uploads\/2017\/01\/citas-gastronomicas.jpg","width":1000,"height":874,"caption":"Tres citas gastron\u00f3micas en Madrid que no querr\u00e1s perderte"},{"@type":"WebSite","@id":"https:\/\/www.proinca.es\/madridfansblog\/#website","url":"https:\/\/www.proinca.es\/madridfansblog\/","name":"Madrid Fans Blog Proinca","description":"Pisos y apartamentos de alquiler en Madrid","publisher":{"@id":"https:\/\/www.proinca.es\/madridfansblog\/#organization"},"potentialAction":[{"@type":"SearchAction","target":{"@type":"EntryPoint","urlTemplate":"https:\/\/www.proinca.es\/madridfansblog\/?s={search_term_string}"},"query-input":{"@type":"PropertyValueSpecification","valueRequired":true,"valueName":"search_term_string"}}],"inLanguage":"es"},{"@type":"Organization","@id":"https:\/\/www.proinca.es\/madridfansblog\/#organization","name":"Proinca","url":"https:\/\/www.proinca.es\/madridfansblog\/","logo":{"@type":"ImageObject","inLanguage":"es","@id":"https:\/\/www.proinca.es\/madridfansblog\/#\/schema\/logo\/image\/","url":"https:\/\/www.proinca.es\/madridfansblog\/wp-content\/uploads\/2022\/03\/logo-proinca.jpg","contentUrl":"https:\/\/www.proinca.es\/madridfansblog\/wp-content\/uploads\/2022\/03\/logo-proinca.jpg","width":522,"height":250,"caption":"Proinca"},"image":{"@id":"https:\/\/www.proinca.es\/madridfansblog\/#\/schema\/logo\/image\/"}},{"@type":"Person","@id":"https:\/\/www.proinca.es\/madridfansblog\/#\/schema\/person\/8401adc89c0a0f5a3574c43326247f1e","name":"Ana Calero","image":{"@type":"ImageObject","inLanguage":"es","@id":"https:\/\/www.proinca.es\/madridfansblog\/wp-content\/litespeed\/avatar\/ef51b25c0718910f475570320941ef46.jpg?ver=1777379772","url":"https:\/\/www.proinca.es\/madridfansblog\/wp-content\/litespeed\/avatar\/ef51b25c0718910f475570320941ef46.jpg?ver=1777379772","contentUrl":"https:\/\/www.proinca.es\/madridfansblog\/wp-content\/litespeed\/avatar\/ef51b25c0718910f475570320941ef46.jpg?ver=1777379772","caption":"Ana Calero"},"description":"Licenciada en Ciencias Empresariales por la Universidad Aut\u00f3noma de Madrid. Forma parte del equipo de Apartamentos Proinca y es una enamorada de Madrid","sameAs":["https:\/\/www.proinca.es\/madridfansblog\/ana-calero\/"]}]}},"_links":{"self":[{"href":"https:\/\/www.proinca.es\/madridfansblog\/wp-json\/wp\/v2\/posts\/4755","targetHints":{"allow":["GET"]}}],"collection":[{"href":"https:\/\/www.proinca.es\/madridfansblog\/wp-json\/wp\/v2\/posts"}],"about":[{"href":"https:\/\/www.proinca.es\/madridfansblog\/wp-json\/wp\/v2\/types\/post"}],"author":[{"embeddable":true,"href":"https:\/\/www.proinca.es\/madridfansblog\/wp-json\/wp\/v2\/users\/4"}],"replies":[{"embeddable":true,"href":"https:\/\/www.proinca.es\/madridfansblog\/wp-json\/wp\/v2\/comments?post=4755"}],"version-history":[{"count":14,"href":"https:\/\/www.proinca.es\/madridfansblog\/wp-json\/wp\/v2\/posts\/4755\/revisions"}],"predecessor-version":[{"id":7463,"href":"https:\/\/www.proinca.es\/madridfansblog\/wp-json\/wp\/v2\/posts\/4755\/revisions\/7463"}],"wp:featuredmedia":[{"embeddable":true,"href":"https:\/\/www.proinca.es\/madridfansblog\/wp-json\/wp\/v2\/media\/7263"}],"wp:attachment":[{"href":"https:\/\/www.proinca.es\/madridfansblog\/wp-json\/wp\/v2\/media?parent=4755"}],"wp:term":[{"taxonomy":"category","embeddable":true,"href":"https:\/\/www.proinca.es\/madridfansblog\/wp-json\/wp\/v2\/categories?post=4755"},{"taxonomy":"post_tag","embeddable":true,"href":"https:\/\/www.proinca.es\/madridfansblog\/wp-json\/wp\/v2\/tags?post=4755"}],"curies":[{"name":"wp","href":"https:\/\/api.w.org\/{rel}","templated":true}]}}