{"id":4834,"date":"2017-03-20T20:32:45","date_gmt":"2017-03-20T19:32:45","guid":{"rendered":"http:\/\/www.proinca.es\/madridfansblog\/?p=4834"},"modified":"2025-05-28T15:47:42","modified_gmt":"2025-05-28T13:47:42","slug":"chema-madoz-el-viajero-inmovil-en-el-conde-duque-de-madrid","status":"publish","type":"post","link":"https:\/\/www.proinca.es\/madridfansblog\/chema-madoz-el-viajero-inmovil-en-el-conde-duque-de-madrid\/","title":{"rendered":"\u00abCHEMA MADOZ. EL VIAJERO INM\u00d3VIL\u00bb EN EL CONDE DUQUE DE MADRID"},"content":{"rendered":"<p>Asturias a trav\u00e9s de los ojos del genial fot\u00f3grafo <strong>Chema Madoz<\/strong>.<!--more--> Sin duda, una apuesta cultural imprescindible para los amantes de la fotograf\u00eda y de los encantos de la Tierra Astur.<\/p>\n<p>La exposici\u00f3n, que acoge el centro cultural <strong>Conde Duque<\/strong> de <strong>Madrid<\/strong> bajo el t\u00edtulo <strong>Chema Madoz. El viajero inm\u00f3vil<\/strong>, forma parte de la muestra anual Miradas de Asturias que en su quinta edici\u00f3n recoge la personal perspectiva del Premio Nacional de Fotograf\u00eda en 2000 y m\u00faltiples veces galardonado fot\u00f3grafo.<\/p>\n<p>En total, 34 im\u00e1genes in\u00e9ditas y un v\u00eddeo con el sello distintivo del autor, cuya obra nace de la manipulaci\u00f3n de objetos cotidianos en busca de sus capacidades simb\u00f3licas.<\/p>\n<p><strong>Chema Madoz<\/strong> nos ofrece un viaje por la imaginaci\u00f3n para descubrir los elementos conceptuales e ic\u00f3nicos que conforman la idea de Asturias: paisaje y naturaleza salvaje, mar, lluvia, monta\u00f1a, tradici\u00f3n\u2026<\/p>\n<p>Podremos encontrar esta Asturias po\u00e9tica hasta el 16 de abril de forma totalmente gratuita en <strong>Madrid<\/strong>.<\/p>\n<p>Informaci\u00f3n patrocinada por\u00a0<strong><a title=\"Proinca apartamentos de alquiler en Madrid\" href=\"http:\/\/www.proinca.es\" target=\"_blank\" rel=\"noopener\">Proinca: Apartamentos de alquiler en Madrid<\/a><\/strong><\/p>\n<p>Fuente imagen: condeduquemadrid.es\/evento\/chema-madoz-viajero-inmovil<\/p>\n\n\n<div class=\"kk-star-ratings kksr-auto kksr-align-left kksr-valign-bottom\"\n    data-payload='{&quot;align&quot;:&quot;left&quot;,&quot;id&quot;:&quot;4834&quot;,&quot;slug&quot;:&quot;default&quot;,&quot;valign&quot;:&quot;bottom&quot;,&quot;ignore&quot;:&quot;&quot;,&quot;reference&quot;:&quot;auto&quot;,&quot;class&quot;:&quot;&quot;,&quot;count&quot;:&quot;0&quot;,&quot;legendonly&quot;:&quot;&quot;,&quot;readonly&quot;:&quot;&quot;,&quot;score&quot;:&quot;0&quot;,&quot;starsonly&quot;:&quot;&quot;,&quot;best&quot;:&quot;5&quot;,&quot;gap&quot;:&quot;1&quot;,&quot;greet&quot;:&quot;Valora este art\u00edculo&quot;,&quot;legend&quot;:&quot;0\\\/5 - (0 votos)&quot;,&quot;size&quot;:&quot;24&quot;,&quot;title&quot;:&quot;\\u0026quot;CHEMA MADOZ. EL VIAJERO INM\u00d3VIL\\u0026quot; EN EL CONDE DUQUE DE MADRID&quot;,&quot;width&quot;:&quot;0&quot;,&quot;_legend&quot;:&quot;{score}\\\/{best} - ({count} {votes})&quot;,&quot;font_factor&quot;:&quot;1.25&quot;}'>\n            \n<div class=\"kksr-stars\">\n    \n<div class=\"kksr-stars-inactive\">\n            <div class=\"kksr-star\" data-star=\"1\" style=\"padding-right: 1px\">\n            \n\n<div class=\"kksr-icon\" style=\"width: 24px; height: 24px;\"><\/div>\n        <\/div>\n            <div class=\"kksr-star\" data-star=\"2\" style=\"padding-right: 1px\">\n            \n\n<div class=\"kksr-icon\" style=\"width: 24px; height: 24px;\"><\/div>\n        <\/div>\n            <div class=\"kksr-star\" data-star=\"3\" style=\"padding-right: 1px\">\n            \n\n<div class=\"kksr-icon\" style=\"width: 24px; height: 24px;\"><\/div>\n        <\/div>\n            <div class=\"kksr-star\" data-star=\"4\" style=\"padding-right: 1px\">\n            \n\n<div class=\"kksr-icon\" style=\"width: 24px; height: 24px;\"><\/div>\n        <\/div>\n            <div class=\"kksr-star\" data-star=\"5\" style=\"padding-right: 1px\">\n            \n\n<div class=\"kksr-icon\" style=\"width: 24px; height: 24px;\"><\/div>\n        <\/div>\n    <\/div>\n    \n<div class=\"kksr-stars-active\" style=\"width: 0px;\">\n            <div class=\"kksr-star\" style=\"padding-right: 1px\">\n            \n\n<div class=\"kksr-icon\" style=\"width: 24px; height: 24px;\"><\/div>\n        <\/div>\n            <div class=\"kksr-star\" style=\"padding-right: 1px\">\n            \n\n<div class=\"kksr-icon\" style=\"width: 24px; height: 24px;\"><\/div>\n        <\/div>\n            <div class=\"kksr-star\" style=\"padding-right: 1px\">\n            \n\n<div class=\"kksr-icon\" style=\"width: 24px; height: 24px;\"><\/div>\n        <\/div>\n            <div class=\"kksr-star\" style=\"padding-right: 1px\">\n            \n\n<div class=\"kksr-icon\" style=\"width: 24px; height: 24px;\"><\/div>\n        <\/div>\n            <div class=\"kksr-star\" style=\"padding-right: 1px\">\n            \n\n<div class=\"kksr-icon\" style=\"width: 24px; height: 24px;\"><\/div>\n        <\/div>\n    <\/div>\n<\/div>\n                \n\n<div class=\"kksr-legend\" style=\"font-size: 19.2px;\">\n            <span class=\"kksr-muted\">Valora este art\u00edculo<\/span>\n    <\/div>\n    <\/div>\n","protected":false},"excerpt":{"rendered":"<p>Asturias a trav\u00e9s de los ojos del genial fot\u00f3grafo Chema  [&#8230;]<\/p>\n","protected":false},"author":4,"featured_media":4839,"comment_status":"closed","ping_status":"closed","sticky":false,"template":"","format":"standard","meta":{"footnotes":""},"categories":[79],"tags":[24,25,35],"class_list":["post-4834","post","type-post","status-publish","format-standard","has-post-thumbnail","hentry","category-vivir-madrid","tag-exposiciones","tag-fotografia","tag-gratis"],"yoast_head":"<!-- This site is optimized with the Yoast SEO plugin v27.4 - https:\/\/yoast.com\/product\/yoast-seo-wordpress\/ -->\n<title>&quot;Chema Madoz.El viajero inmovil&quot;en Madrid<\/title>\n<meta name=\"description\" content=\"&quot;Chema Madoz. El viajero inm\u00f3vil&quot; Exposici\u00f3n fotogr\u00e1fica en el centro cultural Conde Duque de Madrid. Por Madridfansblog\" \/>\n<meta name=\"robots\" content=\"index, follow, max-snippet:-1, max-image-preview:large, max-video-preview:-1\" \/>\n<link rel=\"canonical\" href=\"https:\/\/www.proinca.es\/madridfansblog\/chema-madoz-el-viajero-inmovil-en-el-conde-duque-de-madrid\/\" \/>\n<meta property=\"og:locale\" content=\"es_ES\" \/>\n<meta property=\"og:type\" content=\"article\" \/>\n<meta property=\"og:title\" content=\"&quot;Chema Madoz.El viajero inmovil&quot;en Madrid\" \/>\n<meta property=\"og:description\" content=\"&quot;Chema Madoz. El viajero inm\u00f3vil&quot; Exposici\u00f3n fotogr\u00e1fica en el centro cultural Conde Duque de Madrid. Por Madridfansblog\" \/>\n<meta property=\"og:url\" content=\"https:\/\/www.proinca.es\/madridfansblog\/chema-madoz-el-viajero-inmovil-en-el-conde-duque-de-madrid\/\" \/>\n<meta property=\"og:site_name\" content=\"Blog Proinca Madrid\" \/>\n<meta property=\"article:published_time\" content=\"2017-03-20T19:32:45+00:00\" \/>\n<meta property=\"article:modified_time\" content=\"2025-05-28T13:47:42+00:00\" \/>\n<meta property=\"og:image\" content=\"https:\/\/www.proinca.es\/madridfansblog\/wp-content\/uploads\/2017\/03\/proinca_madridfansblog_chema_madoz_Viajero_inmovil_conde_duque_madrid_1-1.jpg\" \/>\n\t<meta property=\"og:image:width\" content=\"300\" \/>\n\t<meta property=\"og:image:height\" content=\"373\" \/>\n\t<meta property=\"og:image:type\" content=\"image\/jpeg\" \/>\n<meta name=\"author\" content=\"Ana Calero\" \/>\n<script type=\"application\/ld+json\" class=\"yoast-schema-graph\">{\"@context\":\"https:\\\/\\\/schema.org\",\"@graph\":[{\"@type\":\"Article\",\"@id\":\"https:\\\/\\\/www.proinca.es\\\/madridfansblog\\\/chema-madoz-el-viajero-inmovil-en-el-conde-duque-de-madrid\\\/#article\",\"isPartOf\":{\"@id\":\"https:\\\/\\\/www.proinca.es\\\/madridfansblog\\\/chema-madoz-el-viajero-inmovil-en-el-conde-duque-de-madrid\\\/\"},\"author\":{\"name\":\"Ana Calero\",\"@id\":\"https:\\\/\\\/www.proinca.es\\\/madridfansblog\\\/#\\\/schema\\\/person\\\/8401adc89c0a0f5a3574c43326247f1e\"},\"headline\":\"\u00abCHEMA MADOZ. EL VIAJERO INM\u00d3VIL\u00bb EN EL CONDE DUQUE DE MADRID\",\"datePublished\":\"2017-03-20T19:32:45+00:00\",\"dateModified\":\"2025-05-28T13:47:42+00:00\",\"mainEntityOfPage\":{\"@id\":\"https:\\\/\\\/www.proinca.es\\\/madridfansblog\\\/chema-madoz-el-viajero-inmovil-en-el-conde-duque-de-madrid\\\/\"},\"wordCount\":200,\"publisher\":{\"@id\":\"https:\\\/\\\/www.proinca.es\\\/madridfansblog\\\/#organization\"},\"image\":{\"@id\":\"https:\\\/\\\/www.proinca.es\\\/madridfansblog\\\/chema-madoz-el-viajero-inmovil-en-el-conde-duque-de-madrid\\\/#primaryimage\"},\"thumbnailUrl\":\"https:\\\/\\\/www.proinca.es\\\/madridfansblog\\\/wp-content\\\/uploads\\\/2017\\\/03\\\/proinca_madridfansblog_chema_madoz_Viajero_inmovil_conde_duque_madrid_1-1.jpg\",\"keywords\":[\"Exposiciones\",\"Fotograf\u00eda\",\"Gratis\"],\"articleSection\":[\"VIVIR MADRID\"],\"inLanguage\":\"es\"},{\"@type\":\"WebPage\",\"@id\":\"https:\\\/\\\/www.proinca.es\\\/madridfansblog\\\/chema-madoz-el-viajero-inmovil-en-el-conde-duque-de-madrid\\\/\",\"url\":\"https:\\\/\\\/www.proinca.es\\\/madridfansblog\\\/chema-madoz-el-viajero-inmovil-en-el-conde-duque-de-madrid\\\/\",\"name\":\"\\\"Chema Madoz.El viajero inmovil\\\"en Madrid\",\"isPartOf\":{\"@id\":\"https:\\\/\\\/www.proinca.es\\\/madridfansblog\\\/#website\"},\"primaryImageOfPage\":{\"@id\":\"https:\\\/\\\/www.proinca.es\\\/madridfansblog\\\/chema-madoz-el-viajero-inmovil-en-el-conde-duque-de-madrid\\\/#primaryimage\"},\"image\":{\"@id\":\"https:\\\/\\\/www.proinca.es\\\/madridfansblog\\\/chema-madoz-el-viajero-inmovil-en-el-conde-duque-de-madrid\\\/#primaryimage\"},\"thumbnailUrl\":\"https:\\\/\\\/www.proinca.es\\\/madridfansblog\\\/wp-content\\\/uploads\\\/2017\\\/03\\\/proinca_madridfansblog_chema_madoz_Viajero_inmovil_conde_duque_madrid_1-1.jpg\",\"datePublished\":\"2017-03-20T19:32:45+00:00\",\"dateModified\":\"2025-05-28T13:47:42+00:00\",\"description\":\"\\\"Chema Madoz. El viajero inm\u00f3vil\\\" Exposici\u00f3n fotogr\u00e1fica en el centro cultural Conde Duque de Madrid. Por Madridfansblog\",\"inLanguage\":\"es\",\"potentialAction\":[{\"@type\":\"ReadAction\",\"target\":[\"https:\\\/\\\/www.proinca.es\\\/madridfansblog\\\/chema-madoz-el-viajero-inmovil-en-el-conde-duque-de-madrid\\\/\"]}]},{\"@type\":\"ImageObject\",\"inLanguage\":\"es\",\"@id\":\"https:\\\/\\\/www.proinca.es\\\/madridfansblog\\\/chema-madoz-el-viajero-inmovil-en-el-conde-duque-de-madrid\\\/#primaryimage\",\"url\":\"https:\\\/\\\/www.proinca.es\\\/madridfansblog\\\/wp-content\\\/uploads\\\/2017\\\/03\\\/proinca_madridfansblog_chema_madoz_Viajero_inmovil_conde_duque_madrid_1-1.jpg\",\"contentUrl\":\"https:\\\/\\\/www.proinca.es\\\/madridfansblog\\\/wp-content\\\/uploads\\\/2017\\\/03\\\/proinca_madridfansblog_chema_madoz_Viajero_inmovil_conde_duque_madrid_1-1.jpg\",\"width\":300,\"height\":373,\"caption\":\"proinca madridfansblog chema madoz viajero inmovil madrid conde duque\"},{\"@type\":\"WebSite\",\"@id\":\"https:\\\/\\\/www.proinca.es\\\/madridfansblog\\\/#website\",\"url\":\"https:\\\/\\\/www.proinca.es\\\/madridfansblog\\\/\",\"name\":\"Madrid Fans Blog Proinca\",\"description\":\"Pisos y apartamentos de alquiler en Madrid\",\"publisher\":{\"@id\":\"https:\\\/\\\/www.proinca.es\\\/madridfansblog\\\/#organization\"},\"potentialAction\":[{\"@type\":\"SearchAction\",\"target\":{\"@type\":\"EntryPoint\",\"urlTemplate\":\"https:\\\/\\\/www.proinca.es\\\/madridfansblog\\\/?s={search_term_string}\"},\"query-input\":{\"@type\":\"PropertyValueSpecification\",\"valueRequired\":true,\"valueName\":\"search_term_string\"}}],\"inLanguage\":\"es\"},{\"@type\":\"Organization\",\"@id\":\"https:\\\/\\\/www.proinca.es\\\/madridfansblog\\\/#organization\",\"name\":\"Proinca\",\"url\":\"https:\\\/\\\/www.proinca.es\\\/madridfansblog\\\/\",\"logo\":{\"@type\":\"ImageObject\",\"inLanguage\":\"es\",\"@id\":\"https:\\\/\\\/www.proinca.es\\\/madridfansblog\\\/#\\\/schema\\\/logo\\\/image\\\/\",\"url\":\"https:\\\/\\\/www.proinca.es\\\/madridfansblog\\\/wp-content\\\/uploads\\\/2022\\\/03\\\/logo-proinca.jpg\",\"contentUrl\":\"https:\\\/\\\/www.proinca.es\\\/madridfansblog\\\/wp-content\\\/uploads\\\/2022\\\/03\\\/logo-proinca.jpg\",\"width\":522,\"height\":250,\"caption\":\"Proinca\"},\"image\":{\"@id\":\"https:\\\/\\\/www.proinca.es\\\/madridfansblog\\\/#\\\/schema\\\/logo\\\/image\\\/\"}},{\"@type\":\"Person\",\"@id\":\"https:\\\/\\\/www.proinca.es\\\/madridfansblog\\\/#\\\/schema\\\/person\\\/8401adc89c0a0f5a3574c43326247f1e\",\"name\":\"Ana Calero\",\"image\":{\"@type\":\"ImageObject\",\"inLanguage\":\"es\",\"@id\":\"https:\\\/\\\/www.proinca.es\\\/madridfansblog\\\/wp-content\\\/litespeed\\\/avatar\\\/ef51b25c0718910f475570320941ef46.jpg?ver=1777379772\",\"url\":\"https:\\\/\\\/www.proinca.es\\\/madridfansblog\\\/wp-content\\\/litespeed\\\/avatar\\\/ef51b25c0718910f475570320941ef46.jpg?ver=1777379772\",\"contentUrl\":\"https:\\\/\\\/www.proinca.es\\\/madridfansblog\\\/wp-content\\\/litespeed\\\/avatar\\\/ef51b25c0718910f475570320941ef46.jpg?ver=1777379772\",\"caption\":\"Ana Calero\"},\"description\":\"Licenciada en Ciencias Empresariales por la Universidad Aut\u00f3noma de Madrid. Forma parte del equipo de Apartamentos Proinca y es una enamorada de Madrid\",\"sameAs\":[\"https:\\\/\\\/www.proinca.es\\\/madridfansblog\\\/ana-calero\\\/\"]}]}<\/script>\n<!-- \/ Yoast SEO plugin. -->","yoast_head_json":{"title":"\"Chema Madoz.El viajero inmovil\"en Madrid","description":"\"Chema Madoz. El viajero inm\u00f3vil\" Exposici\u00f3n fotogr\u00e1fica en el centro cultural Conde Duque de Madrid. Por Madridfansblog","robots":{"index":"index","follow":"follow","max-snippet":"max-snippet:-1","max-image-preview":"max-image-preview:large","max-video-preview":"max-video-preview:-1"},"canonical":"https:\/\/www.proinca.es\/madridfansblog\/chema-madoz-el-viajero-inmovil-en-el-conde-duque-de-madrid\/","og_locale":"es_ES","og_type":"article","og_title":"\"Chema Madoz.El viajero inmovil\"en Madrid","og_description":"\"Chema Madoz. El viajero inm\u00f3vil\" Exposici\u00f3n fotogr\u00e1fica en el centro cultural Conde Duque de Madrid. Por Madridfansblog","og_url":"https:\/\/www.proinca.es\/madridfansblog\/chema-madoz-el-viajero-inmovil-en-el-conde-duque-de-madrid\/","og_site_name":"Blog Proinca Madrid","article_published_time":"2017-03-20T19:32:45+00:00","article_modified_time":"2025-05-28T13:47:42+00:00","og_image":[{"width":300,"height":373,"url":"https:\/\/www.proinca.es\/madridfansblog\/wp-content\/uploads\/2017\/03\/proinca_madridfansblog_chema_madoz_Viajero_inmovil_conde_duque_madrid_1-1.jpg","type":"image\/jpeg"}],"author":"Ana Calero","schema":{"@context":"https:\/\/schema.org","@graph":[{"@type":"Article","@id":"https:\/\/www.proinca.es\/madridfansblog\/chema-madoz-el-viajero-inmovil-en-el-conde-duque-de-madrid\/#article","isPartOf":{"@id":"https:\/\/www.proinca.es\/madridfansblog\/chema-madoz-el-viajero-inmovil-en-el-conde-duque-de-madrid\/"},"author":{"name":"Ana Calero","@id":"https:\/\/www.proinca.es\/madridfansblog\/#\/schema\/person\/8401adc89c0a0f5a3574c43326247f1e"},"headline":"\u00abCHEMA MADOZ. EL VIAJERO INM\u00d3VIL\u00bb EN EL CONDE DUQUE DE MADRID","datePublished":"2017-03-20T19:32:45+00:00","dateModified":"2025-05-28T13:47:42+00:00","mainEntityOfPage":{"@id":"https:\/\/www.proinca.es\/madridfansblog\/chema-madoz-el-viajero-inmovil-en-el-conde-duque-de-madrid\/"},"wordCount":200,"publisher":{"@id":"https:\/\/www.proinca.es\/madridfansblog\/#organization"},"image":{"@id":"https:\/\/www.proinca.es\/madridfansblog\/chema-madoz-el-viajero-inmovil-en-el-conde-duque-de-madrid\/#primaryimage"},"thumbnailUrl":"https:\/\/www.proinca.es\/madridfansblog\/wp-content\/uploads\/2017\/03\/proinca_madridfansblog_chema_madoz_Viajero_inmovil_conde_duque_madrid_1-1.jpg","keywords":["Exposiciones","Fotograf\u00eda","Gratis"],"articleSection":["VIVIR MADRID"],"inLanguage":"es"},{"@type":"WebPage","@id":"https:\/\/www.proinca.es\/madridfansblog\/chema-madoz-el-viajero-inmovil-en-el-conde-duque-de-madrid\/","url":"https:\/\/www.proinca.es\/madridfansblog\/chema-madoz-el-viajero-inmovil-en-el-conde-duque-de-madrid\/","name":"\"Chema Madoz.El viajero inmovil\"en Madrid","isPartOf":{"@id":"https:\/\/www.proinca.es\/madridfansblog\/#website"},"primaryImageOfPage":{"@id":"https:\/\/www.proinca.es\/madridfansblog\/chema-madoz-el-viajero-inmovil-en-el-conde-duque-de-madrid\/#primaryimage"},"image":{"@id":"https:\/\/www.proinca.es\/madridfansblog\/chema-madoz-el-viajero-inmovil-en-el-conde-duque-de-madrid\/#primaryimage"},"thumbnailUrl":"https:\/\/www.proinca.es\/madridfansblog\/wp-content\/uploads\/2017\/03\/proinca_madridfansblog_chema_madoz_Viajero_inmovil_conde_duque_madrid_1-1.jpg","datePublished":"2017-03-20T19:32:45+00:00","dateModified":"2025-05-28T13:47:42+00:00","description":"\"Chema Madoz. El viajero inm\u00f3vil\" Exposici\u00f3n fotogr\u00e1fica en el centro cultural Conde Duque de Madrid. Por Madridfansblog","inLanguage":"es","potentialAction":[{"@type":"ReadAction","target":["https:\/\/www.proinca.es\/madridfansblog\/chema-madoz-el-viajero-inmovil-en-el-conde-duque-de-madrid\/"]}]},{"@type":"ImageObject","inLanguage":"es","@id":"https:\/\/www.proinca.es\/madridfansblog\/chema-madoz-el-viajero-inmovil-en-el-conde-duque-de-madrid\/#primaryimage","url":"https:\/\/www.proinca.es\/madridfansblog\/wp-content\/uploads\/2017\/03\/proinca_madridfansblog_chema_madoz_Viajero_inmovil_conde_duque_madrid_1-1.jpg","contentUrl":"https:\/\/www.proinca.es\/madridfansblog\/wp-content\/uploads\/2017\/03\/proinca_madridfansblog_chema_madoz_Viajero_inmovil_conde_duque_madrid_1-1.jpg","width":300,"height":373,"caption":"proinca madridfansblog chema madoz viajero inmovil madrid conde duque"},{"@type":"WebSite","@id":"https:\/\/www.proinca.es\/madridfansblog\/#website","url":"https:\/\/www.proinca.es\/madridfansblog\/","name":"Madrid Fans Blog Proinca","description":"Pisos y apartamentos de alquiler en Madrid","publisher":{"@id":"https:\/\/www.proinca.es\/madridfansblog\/#organization"},"potentialAction":[{"@type":"SearchAction","target":{"@type":"EntryPoint","urlTemplate":"https:\/\/www.proinca.es\/madridfansblog\/?s={search_term_string}"},"query-input":{"@type":"PropertyValueSpecification","valueRequired":true,"valueName":"search_term_string"}}],"inLanguage":"es"},{"@type":"Organization","@id":"https:\/\/www.proinca.es\/madridfansblog\/#organization","name":"Proinca","url":"https:\/\/www.proinca.es\/madridfansblog\/","logo":{"@type":"ImageObject","inLanguage":"es","@id":"https:\/\/www.proinca.es\/madridfansblog\/#\/schema\/logo\/image\/","url":"https:\/\/www.proinca.es\/madridfansblog\/wp-content\/uploads\/2022\/03\/logo-proinca.jpg","contentUrl":"https:\/\/www.proinca.es\/madridfansblog\/wp-content\/uploads\/2022\/03\/logo-proinca.jpg","width":522,"height":250,"caption":"Proinca"},"image":{"@id":"https:\/\/www.proinca.es\/madridfansblog\/#\/schema\/logo\/image\/"}},{"@type":"Person","@id":"https:\/\/www.proinca.es\/madridfansblog\/#\/schema\/person\/8401adc89c0a0f5a3574c43326247f1e","name":"Ana Calero","image":{"@type":"ImageObject","inLanguage":"es","@id":"https:\/\/www.proinca.es\/madridfansblog\/wp-content\/litespeed\/avatar\/ef51b25c0718910f475570320941ef46.jpg?ver=1777379772","url":"https:\/\/www.proinca.es\/madridfansblog\/wp-content\/litespeed\/avatar\/ef51b25c0718910f475570320941ef46.jpg?ver=1777379772","contentUrl":"https:\/\/www.proinca.es\/madridfansblog\/wp-content\/litespeed\/avatar\/ef51b25c0718910f475570320941ef46.jpg?ver=1777379772","caption":"Ana Calero"},"description":"Licenciada en Ciencias Empresariales por la Universidad Aut\u00f3noma de Madrid. Forma parte del equipo de Apartamentos Proinca y es una enamorada de Madrid","sameAs":["https:\/\/www.proinca.es\/madridfansblog\/ana-calero\/"]}]}},"_links":{"self":[{"href":"https:\/\/www.proinca.es\/madridfansblog\/wp-json\/wp\/v2\/posts\/4834","targetHints":{"allow":["GET"]}}],"collection":[{"href":"https:\/\/www.proinca.es\/madridfansblog\/wp-json\/wp\/v2\/posts"}],"about":[{"href":"https:\/\/www.proinca.es\/madridfansblog\/wp-json\/wp\/v2\/types\/post"}],"author":[{"embeddable":true,"href":"https:\/\/www.proinca.es\/madridfansblog\/wp-json\/wp\/v2\/users\/4"}],"replies":[{"embeddable":true,"href":"https:\/\/www.proinca.es\/madridfansblog\/wp-json\/wp\/v2\/comments?post=4834"}],"version-history":[{"count":10,"href":"https:\/\/www.proinca.es\/madridfansblog\/wp-json\/wp\/v2\/posts\/4834\/revisions"}],"predecessor-version":[{"id":7358,"href":"https:\/\/www.proinca.es\/madridfansblog\/wp-json\/wp\/v2\/posts\/4834\/revisions\/7358"}],"wp:featuredmedia":[{"embeddable":true,"href":"https:\/\/www.proinca.es\/madridfansblog\/wp-json\/wp\/v2\/media\/4839"}],"wp:attachment":[{"href":"https:\/\/www.proinca.es\/madridfansblog\/wp-json\/wp\/v2\/media?parent=4834"}],"wp:term":[{"taxonomy":"category","embeddable":true,"href":"https:\/\/www.proinca.es\/madridfansblog\/wp-json\/wp\/v2\/categories?post=4834"},{"taxonomy":"post_tag","embeddable":true,"href":"https:\/\/www.proinca.es\/madridfansblog\/wp-json\/wp\/v2\/tags?post=4834"}],"curies":[{"name":"wp","href":"https:\/\/api.w.org\/{rel}","templated":true}]}}