{"id":4868,"date":"2017-04-13T17:18:12","date_gmt":"2017-04-13T15:18:12","guid":{"rendered":"http:\/\/www.proinca.es\/madridfansblog\/?p=4868"},"modified":"2025-05-28T15:33:52","modified_gmt":"2025-05-28T13:33:52","slug":"semana-santa-tipical-madrilena","status":"publish","type":"post","link":"https:\/\/www.proinca.es\/madridfansblog\/semana-santa-tipical-madrilena\/","title":{"rendered":"SEMANA SANTA TIPICAL MADRILE\u00d1A"},"content":{"rendered":"<p>\u00bfTe vas a quedar en <strong>Semana Santa<\/strong> en <strong>Madrid<\/strong>? <!--more-->\u00a1Genial! Vas a vivir una de las festividades m\u00e1s emblem\u00e1ticas de la ciudad y con mayor movimiento cultural y de ocio de la capital. Ah\u00ed van algunas propuestas para poner a prueba todos tus sentidos:<\/p>\n<p>&nbsp;<\/p>\n<p>EL GUSTO: TORRIJAS<\/p>\n<p>Imprescindibles seas o no un fervoroso seguidor de la Semana Santa. En Madrid, las torrijas se desayunan, comen, meriendan y cenan por doquier. Las de La Mallorquina, en Sol, tienen merecida fama.<\/p>\n<p>LA VISTA: EXPOSICIONES VS PASOS<\/p>\n<p>Si eres de los que quiere aprovechar estos d\u00edas para consumir cultura, te recomendamos la expo Mujeres del Congo, de Isabel Mu\u00f1oz, premio Nacional de Fotograf\u00eda 2016,\u00a0en el Museo Nacional de Antropolog\u00eda de Madrid.<\/p>\n<p>Si, por el contrario, quieres sumergirte en lo m\u00e1s profundo de la tradici\u00f3n madrile\u00f1a en <strong>Semana Santa<\/strong>, no te pierdas las procesiones que recorren lugares tan emblem\u00e1ticos como el\u00a0Paseo del Prado, la\u00a0calle Alcal\u00e1\u00a0o la\u00a0Plaza Mayor. Para estremecerte de verdad, no te pierdas la denominada \u201cprocesi\u00f3n del Silencio\u201d en la tarde-noche del Viernes Santo en el Barrio de las Letras.<\/p>\n<p>EL OIDO: MUSICAL O TAMBORRADA<\/p>\n<p>Dirty Dancing, en Nuevo teatro Alcal\u00e1; La Bella Durmiente, en el Teatro Pr\u00edncipe Gran V\u00eda; La Flauta M\u00e1gica<em>, <\/em>mi primera \u00f3pera, en el Teatro Bellas Artes, y Sara Baras, Voces, en el Teatro Nuevo Apolo, son algunos de los musicales que podr\u00e1s encontrar en cartelera en Semana Santa.<\/p>\n<p>Si quieres experiencias m\u00e1s religiosas, esta <strong>Semana Santa<\/strong> te proponemos alguno de los conciertos de m\u00fasica sacra que organizan las parroquias madrile\u00f1as o la famosa tamborrada que tiene lugar el Domingo de Resurrecci\u00f3n en la Plaza Mayor de Madrid.<\/p>\n<p>EL TACTO: CIENCIA Y TECNOLOG\u00cdA<\/p>\n<p>El Museo Nacional de Ciencia y Tecnolog\u00eda de <strong>Madrid<\/strong>\u00a0cuenta con salas espec\u00edficas para que podamos experimentar y aprender tocando, una practica bastante singular en el interior de un museo. Esta propuesta es especialmente interesante si ten\u00e9is menores a los que entretener.<\/p>\n<p>&nbsp;<\/p>\n<p>EL OLFATO: ARTE CON AROMA<\/p>\n<p>La Galer\u00eda Elvira Gonz\u00e1lez inaugura la exposici\u00f3n Sentido del Olfato con obras de Olafur Eliasson, Ernesto Neto y Pae White, tres artistas que utilizan el sentido del olfato como elemento com\u00fan para percibir sus obras.<\/p>\n<p>Informaci\u00f3n patrocinada por\u00a0<strong><a title=\"Proinca apartamentos de alquiler en Madrid\" href=\"http:\/\/www.proinca.es\" target=\"_blank\" rel=\"noopener\">Proinca: Apartamentos de alquiler en Madrid<\/a><\/strong><\/p>\n<p>Foto de Daniil Shlive en Unsplash<\/p>\n\n\n<div class=\"kk-star-ratings kksr-auto kksr-align-left kksr-valign-bottom\"\n    data-payload='{&quot;align&quot;:&quot;left&quot;,&quot;id&quot;:&quot;4868&quot;,&quot;slug&quot;:&quot;default&quot;,&quot;valign&quot;:&quot;bottom&quot;,&quot;ignore&quot;:&quot;&quot;,&quot;reference&quot;:&quot;auto&quot;,&quot;class&quot;:&quot;&quot;,&quot;count&quot;:&quot;0&quot;,&quot;legendonly&quot;:&quot;&quot;,&quot;readonly&quot;:&quot;&quot;,&quot;score&quot;:&quot;0&quot;,&quot;starsonly&quot;:&quot;&quot;,&quot;best&quot;:&quot;5&quot;,&quot;gap&quot;:&quot;1&quot;,&quot;greet&quot;:&quot;Valora este art\u00edculo&quot;,&quot;legend&quot;:&quot;0\\\/5 - (0 votos)&quot;,&quot;size&quot;:&quot;24&quot;,&quot;title&quot;:&quot;SEMANA SANTA TIPICAL MADRILE\u00d1A&quot;,&quot;width&quot;:&quot;0&quot;,&quot;_legend&quot;:&quot;{score}\\\/{best} - ({count} {votes})&quot;,&quot;font_factor&quot;:&quot;1.25&quot;}'>\n            \n<div class=\"kksr-stars\">\n    \n<div class=\"kksr-stars-inactive\">\n            <div class=\"kksr-star\" data-star=\"1\" style=\"padding-right: 1px\">\n            \n\n<div class=\"kksr-icon\" style=\"width: 24px; height: 24px;\"><\/div>\n        <\/div>\n            <div class=\"kksr-star\" data-star=\"2\" style=\"padding-right: 1px\">\n            \n\n<div class=\"kksr-icon\" style=\"width: 24px; height: 24px;\"><\/div>\n        <\/div>\n            <div class=\"kksr-star\" data-star=\"3\" style=\"padding-right: 1px\">\n            \n\n<div class=\"kksr-icon\" style=\"width: 24px; height: 24px;\"><\/div>\n        <\/div>\n            <div class=\"kksr-star\" data-star=\"4\" style=\"padding-right: 1px\">\n            \n\n<div class=\"kksr-icon\" style=\"width: 24px; height: 24px;\"><\/div>\n        <\/div>\n            <div class=\"kksr-star\" data-star=\"5\" style=\"padding-right: 1px\">\n            \n\n<div class=\"kksr-icon\" style=\"width: 24px; height: 24px;\"><\/div>\n        <\/div>\n    <\/div>\n    \n<div class=\"kksr-stars-active\" style=\"width: 0px;\">\n            <div class=\"kksr-star\" style=\"padding-right: 1px\">\n            \n\n<div class=\"kksr-icon\" style=\"width: 24px; height: 24px;\"><\/div>\n        <\/div>\n            <div class=\"kksr-star\" style=\"padding-right: 1px\">\n            \n\n<div class=\"kksr-icon\" style=\"width: 24px; height: 24px;\"><\/div>\n        <\/div>\n            <div class=\"kksr-star\" style=\"padding-right: 1px\">\n            \n\n<div class=\"kksr-icon\" style=\"width: 24px; height: 24px;\"><\/div>\n        <\/div>\n            <div class=\"kksr-star\" style=\"padding-right: 1px\">\n            \n\n<div class=\"kksr-icon\" style=\"width: 24px; height: 24px;\"><\/div>\n        <\/div>\n            <div class=\"kksr-star\" style=\"padding-right: 1px\">\n            \n\n<div class=\"kksr-icon\" style=\"width: 24px; height: 24px;\"><\/div>\n        <\/div>\n    <\/div>\n<\/div>\n                \n\n<div class=\"kksr-legend\" style=\"font-size: 19.2px;\">\n            <span class=\"kksr-muted\">Valora este art\u00edculo<\/span>\n    <\/div>\n    <\/div>\n","protected":false},"excerpt":{"rendered":"<p>\u00bfTe vas a quedar en Semana Santa en Madrid?<\/p>\n","protected":false},"author":4,"featured_media":7272,"comment_status":"closed","ping_status":"closed","sticky":false,"template":"","format":"standard","meta":{"footnotes":""},"categories":[79],"tags":[63,5],"class_list":["post-4868","post","type-post","status-publish","format-standard","has-post-thumbnail","hentry","category-vivir-madrid","tag-cultura","tag-madrid"],"yoast_head":"<!-- This site is optimized with the Yoast SEO plugin v27.4 - https:\/\/yoast.com\/product\/yoast-seo-wordpress\/ -->\n<title>Semana Santa tipical madrile\u00f1a<\/title>\n<meta name=\"description\" content=\"\u00bfTe vas a quedar en Semana Santa en Madrid?Una de las festividades m\u00e1s emblem\u00e1ticas de Madrid y con mayor movimiento cultural y de ocio. Por Madridfansblog\" \/>\n<meta name=\"robots\" content=\"index, follow, max-snippet:-1, max-image-preview:large, max-video-preview:-1\" \/>\n<link rel=\"canonical\" href=\"https:\/\/www.proinca.es\/madridfansblog\/semana-santa-tipical-madrilena\/\" \/>\n<meta property=\"og:locale\" content=\"es_ES\" \/>\n<meta property=\"og:type\" content=\"article\" \/>\n<meta property=\"og:title\" content=\"Semana Santa tipical madrile\u00f1a\" \/>\n<meta property=\"og:description\" content=\"\u00bfTe vas a quedar en Semana Santa en Madrid?Una de las festividades m\u00e1s emblem\u00e1ticas de Madrid y con mayor movimiento cultural y de ocio. Por Madridfansblog\" \/>\n<meta property=\"og:url\" content=\"https:\/\/www.proinca.es\/madridfansblog\/semana-santa-tipical-madrilena\/\" \/>\n<meta property=\"og:site_name\" content=\"Blog Proinca Madrid\" \/>\n<meta property=\"article:published_time\" content=\"2017-04-13T15:18:12+00:00\" \/>\n<meta property=\"article:modified_time\" content=\"2025-05-28T13:33:52+00:00\" \/>\n<meta property=\"og:image\" content=\"https:\/\/www.proinca.es\/madridfansblog\/wp-content\/uploads\/2017\/04\/semana-santa.jpg\" \/>\n\t<meta property=\"og:image:width\" content=\"1000\" \/>\n\t<meta property=\"og:image:height\" content=\"1333\" \/>\n\t<meta property=\"og:image:type\" content=\"image\/jpeg\" \/>\n<meta name=\"author\" content=\"Ana Calero\" \/>\n<script type=\"application\/ld+json\" class=\"yoast-schema-graph\">{\"@context\":\"https:\\\/\\\/schema.org\",\"@graph\":[{\"@type\":\"Article\",\"@id\":\"https:\\\/\\\/www.proinca.es\\\/madridfansblog\\\/semana-santa-tipical-madrilena\\\/#article\",\"isPartOf\":{\"@id\":\"https:\\\/\\\/www.proinca.es\\\/madridfansblog\\\/semana-santa-tipical-madrilena\\\/\"},\"author\":{\"name\":\"Ana Calero\",\"@id\":\"https:\\\/\\\/www.proinca.es\\\/madridfansblog\\\/#\\\/schema\\\/person\\\/8401adc89c0a0f5a3574c43326247f1e\"},\"headline\":\"SEMANA SANTA TIPICAL MADRILE\u00d1A\",\"datePublished\":\"2017-04-13T15:18:12+00:00\",\"dateModified\":\"2025-05-28T13:33:52+00:00\",\"mainEntityOfPage\":{\"@id\":\"https:\\\/\\\/www.proinca.es\\\/madridfansblog\\\/semana-santa-tipical-madrilena\\\/\"},\"wordCount\":410,\"publisher\":{\"@id\":\"https:\\\/\\\/www.proinca.es\\\/madridfansblog\\\/#organization\"},\"image\":{\"@id\":\"https:\\\/\\\/www.proinca.es\\\/madridfansblog\\\/semana-santa-tipical-madrilena\\\/#primaryimage\"},\"thumbnailUrl\":\"https:\\\/\\\/www.proinca.es\\\/madridfansblog\\\/wp-content\\\/uploads\\\/2017\\\/04\\\/semana-santa.jpg\",\"keywords\":[\"Cultura\",\"Madrid\"],\"articleSection\":[\"VIVIR MADRID\"],\"inLanguage\":\"es\"},{\"@type\":\"WebPage\",\"@id\":\"https:\\\/\\\/www.proinca.es\\\/madridfansblog\\\/semana-santa-tipical-madrilena\\\/\",\"url\":\"https:\\\/\\\/www.proinca.es\\\/madridfansblog\\\/semana-santa-tipical-madrilena\\\/\",\"name\":\"Semana Santa tipical madrile\u00f1a\",\"isPartOf\":{\"@id\":\"https:\\\/\\\/www.proinca.es\\\/madridfansblog\\\/#website\"},\"primaryImageOfPage\":{\"@id\":\"https:\\\/\\\/www.proinca.es\\\/madridfansblog\\\/semana-santa-tipical-madrilena\\\/#primaryimage\"},\"image\":{\"@id\":\"https:\\\/\\\/www.proinca.es\\\/madridfansblog\\\/semana-santa-tipical-madrilena\\\/#primaryimage\"},\"thumbnailUrl\":\"https:\\\/\\\/www.proinca.es\\\/madridfansblog\\\/wp-content\\\/uploads\\\/2017\\\/04\\\/semana-santa.jpg\",\"datePublished\":\"2017-04-13T15:18:12+00:00\",\"dateModified\":\"2025-05-28T13:33:52+00:00\",\"description\":\"\u00bfTe vas a quedar en Semana Santa en Madrid?Una de las festividades m\u00e1s emblem\u00e1ticas de Madrid y con mayor movimiento cultural y de ocio. Por Madridfansblog\",\"inLanguage\":\"es\",\"potentialAction\":[{\"@type\":\"ReadAction\",\"target\":[\"https:\\\/\\\/www.proinca.es\\\/madridfansblog\\\/semana-santa-tipical-madrilena\\\/\"]}]},{\"@type\":\"ImageObject\",\"inLanguage\":\"es\",\"@id\":\"https:\\\/\\\/www.proinca.es\\\/madridfansblog\\\/semana-santa-tipical-madrilena\\\/#primaryimage\",\"url\":\"https:\\\/\\\/www.proinca.es\\\/madridfansblog\\\/wp-content\\\/uploads\\\/2017\\\/04\\\/semana-santa.jpg\",\"contentUrl\":\"https:\\\/\\\/www.proinca.es\\\/madridfansblog\\\/wp-content\\\/uploads\\\/2017\\\/04\\\/semana-santa.jpg\",\"width\":1000,\"height\":1333,\"caption\":\"Semana santa tipical madrile\u00f1a\"},{\"@type\":\"WebSite\",\"@id\":\"https:\\\/\\\/www.proinca.es\\\/madridfansblog\\\/#website\",\"url\":\"https:\\\/\\\/www.proinca.es\\\/madridfansblog\\\/\",\"name\":\"Madrid Fans Blog Proinca\",\"description\":\"Pisos y apartamentos de alquiler en Madrid\",\"publisher\":{\"@id\":\"https:\\\/\\\/www.proinca.es\\\/madridfansblog\\\/#organization\"},\"potentialAction\":[{\"@type\":\"SearchAction\",\"target\":{\"@type\":\"EntryPoint\",\"urlTemplate\":\"https:\\\/\\\/www.proinca.es\\\/madridfansblog\\\/?s={search_term_string}\"},\"query-input\":{\"@type\":\"PropertyValueSpecification\",\"valueRequired\":true,\"valueName\":\"search_term_string\"}}],\"inLanguage\":\"es\"},{\"@type\":\"Organization\",\"@id\":\"https:\\\/\\\/www.proinca.es\\\/madridfansblog\\\/#organization\",\"name\":\"Proinca\",\"url\":\"https:\\\/\\\/www.proinca.es\\\/madridfansblog\\\/\",\"logo\":{\"@type\":\"ImageObject\",\"inLanguage\":\"es\",\"@id\":\"https:\\\/\\\/www.proinca.es\\\/madridfansblog\\\/#\\\/schema\\\/logo\\\/image\\\/\",\"url\":\"https:\\\/\\\/www.proinca.es\\\/madridfansblog\\\/wp-content\\\/uploads\\\/2022\\\/03\\\/logo-proinca.jpg\",\"contentUrl\":\"https:\\\/\\\/www.proinca.es\\\/madridfansblog\\\/wp-content\\\/uploads\\\/2022\\\/03\\\/logo-proinca.jpg\",\"width\":522,\"height\":250,\"caption\":\"Proinca\"},\"image\":{\"@id\":\"https:\\\/\\\/www.proinca.es\\\/madridfansblog\\\/#\\\/schema\\\/logo\\\/image\\\/\"}},{\"@type\":\"Person\",\"@id\":\"https:\\\/\\\/www.proinca.es\\\/madridfansblog\\\/#\\\/schema\\\/person\\\/8401adc89c0a0f5a3574c43326247f1e\",\"name\":\"Ana Calero\",\"image\":{\"@type\":\"ImageObject\",\"inLanguage\":\"es\",\"@id\":\"https:\\\/\\\/www.proinca.es\\\/madridfansblog\\\/wp-content\\\/litespeed\\\/avatar\\\/ef51b25c0718910f475570320941ef46.jpg?ver=1777379772\",\"url\":\"https:\\\/\\\/www.proinca.es\\\/madridfansblog\\\/wp-content\\\/litespeed\\\/avatar\\\/ef51b25c0718910f475570320941ef46.jpg?ver=1777379772\",\"contentUrl\":\"https:\\\/\\\/www.proinca.es\\\/madridfansblog\\\/wp-content\\\/litespeed\\\/avatar\\\/ef51b25c0718910f475570320941ef46.jpg?ver=1777379772\",\"caption\":\"Ana Calero\"},\"description\":\"Licenciada en Ciencias Empresariales por la Universidad Aut\u00f3noma de Madrid. Forma parte del equipo de Apartamentos Proinca y es una enamorada de Madrid\",\"sameAs\":[\"https:\\\/\\\/www.proinca.es\\\/madridfansblog\\\/ana-calero\\\/\"]}]}<\/script>\n<!-- \/ Yoast SEO plugin. -->","yoast_head_json":{"title":"Semana Santa tipical madrile\u00f1a","description":"\u00bfTe vas a quedar en Semana Santa en Madrid?Una de las festividades m\u00e1s emblem\u00e1ticas de Madrid y con mayor movimiento cultural y de ocio. Por Madridfansblog","robots":{"index":"index","follow":"follow","max-snippet":"max-snippet:-1","max-image-preview":"max-image-preview:large","max-video-preview":"max-video-preview:-1"},"canonical":"https:\/\/www.proinca.es\/madridfansblog\/semana-santa-tipical-madrilena\/","og_locale":"es_ES","og_type":"article","og_title":"Semana Santa tipical madrile\u00f1a","og_description":"\u00bfTe vas a quedar en Semana Santa en Madrid?Una de las festividades m\u00e1s emblem\u00e1ticas de Madrid y con mayor movimiento cultural y de ocio. Por Madridfansblog","og_url":"https:\/\/www.proinca.es\/madridfansblog\/semana-santa-tipical-madrilena\/","og_site_name":"Blog Proinca Madrid","article_published_time":"2017-04-13T15:18:12+00:00","article_modified_time":"2025-05-28T13:33:52+00:00","og_image":[{"width":1000,"height":1333,"url":"https:\/\/www.proinca.es\/madridfansblog\/wp-content\/uploads\/2017\/04\/semana-santa.jpg","type":"image\/jpeg"}],"author":"Ana Calero","schema":{"@context":"https:\/\/schema.org","@graph":[{"@type":"Article","@id":"https:\/\/www.proinca.es\/madridfansblog\/semana-santa-tipical-madrilena\/#article","isPartOf":{"@id":"https:\/\/www.proinca.es\/madridfansblog\/semana-santa-tipical-madrilena\/"},"author":{"name":"Ana Calero","@id":"https:\/\/www.proinca.es\/madridfansblog\/#\/schema\/person\/8401adc89c0a0f5a3574c43326247f1e"},"headline":"SEMANA SANTA TIPICAL MADRILE\u00d1A","datePublished":"2017-04-13T15:18:12+00:00","dateModified":"2025-05-28T13:33:52+00:00","mainEntityOfPage":{"@id":"https:\/\/www.proinca.es\/madridfansblog\/semana-santa-tipical-madrilena\/"},"wordCount":410,"publisher":{"@id":"https:\/\/www.proinca.es\/madridfansblog\/#organization"},"image":{"@id":"https:\/\/www.proinca.es\/madridfansblog\/semana-santa-tipical-madrilena\/#primaryimage"},"thumbnailUrl":"https:\/\/www.proinca.es\/madridfansblog\/wp-content\/uploads\/2017\/04\/semana-santa.jpg","keywords":["Cultura","Madrid"],"articleSection":["VIVIR MADRID"],"inLanguage":"es"},{"@type":"WebPage","@id":"https:\/\/www.proinca.es\/madridfansblog\/semana-santa-tipical-madrilena\/","url":"https:\/\/www.proinca.es\/madridfansblog\/semana-santa-tipical-madrilena\/","name":"Semana Santa tipical madrile\u00f1a","isPartOf":{"@id":"https:\/\/www.proinca.es\/madridfansblog\/#website"},"primaryImageOfPage":{"@id":"https:\/\/www.proinca.es\/madridfansblog\/semana-santa-tipical-madrilena\/#primaryimage"},"image":{"@id":"https:\/\/www.proinca.es\/madridfansblog\/semana-santa-tipical-madrilena\/#primaryimage"},"thumbnailUrl":"https:\/\/www.proinca.es\/madridfansblog\/wp-content\/uploads\/2017\/04\/semana-santa.jpg","datePublished":"2017-04-13T15:18:12+00:00","dateModified":"2025-05-28T13:33:52+00:00","description":"\u00bfTe vas a quedar en Semana Santa en Madrid?Una de las festividades m\u00e1s emblem\u00e1ticas de Madrid y con mayor movimiento cultural y de ocio. Por Madridfansblog","inLanguage":"es","potentialAction":[{"@type":"ReadAction","target":["https:\/\/www.proinca.es\/madridfansblog\/semana-santa-tipical-madrilena\/"]}]},{"@type":"ImageObject","inLanguage":"es","@id":"https:\/\/www.proinca.es\/madridfansblog\/semana-santa-tipical-madrilena\/#primaryimage","url":"https:\/\/www.proinca.es\/madridfansblog\/wp-content\/uploads\/2017\/04\/semana-santa.jpg","contentUrl":"https:\/\/www.proinca.es\/madridfansblog\/wp-content\/uploads\/2017\/04\/semana-santa.jpg","width":1000,"height":1333,"caption":"Semana santa tipical madrile\u00f1a"},{"@type":"WebSite","@id":"https:\/\/www.proinca.es\/madridfansblog\/#website","url":"https:\/\/www.proinca.es\/madridfansblog\/","name":"Madrid Fans Blog Proinca","description":"Pisos y apartamentos de alquiler en Madrid","publisher":{"@id":"https:\/\/www.proinca.es\/madridfansblog\/#organization"},"potentialAction":[{"@type":"SearchAction","target":{"@type":"EntryPoint","urlTemplate":"https:\/\/www.proinca.es\/madridfansblog\/?s={search_term_string}"},"query-input":{"@type":"PropertyValueSpecification","valueRequired":true,"valueName":"search_term_string"}}],"inLanguage":"es"},{"@type":"Organization","@id":"https:\/\/www.proinca.es\/madridfansblog\/#organization","name":"Proinca","url":"https:\/\/www.proinca.es\/madridfansblog\/","logo":{"@type":"ImageObject","inLanguage":"es","@id":"https:\/\/www.proinca.es\/madridfansblog\/#\/schema\/logo\/image\/","url":"https:\/\/www.proinca.es\/madridfansblog\/wp-content\/uploads\/2022\/03\/logo-proinca.jpg","contentUrl":"https:\/\/www.proinca.es\/madridfansblog\/wp-content\/uploads\/2022\/03\/logo-proinca.jpg","width":522,"height":250,"caption":"Proinca"},"image":{"@id":"https:\/\/www.proinca.es\/madridfansblog\/#\/schema\/logo\/image\/"}},{"@type":"Person","@id":"https:\/\/www.proinca.es\/madridfansblog\/#\/schema\/person\/8401adc89c0a0f5a3574c43326247f1e","name":"Ana Calero","image":{"@type":"ImageObject","inLanguage":"es","@id":"https:\/\/www.proinca.es\/madridfansblog\/wp-content\/litespeed\/avatar\/ef51b25c0718910f475570320941ef46.jpg?ver=1777379772","url":"https:\/\/www.proinca.es\/madridfansblog\/wp-content\/litespeed\/avatar\/ef51b25c0718910f475570320941ef46.jpg?ver=1777379772","contentUrl":"https:\/\/www.proinca.es\/madridfansblog\/wp-content\/litespeed\/avatar\/ef51b25c0718910f475570320941ef46.jpg?ver=1777379772","caption":"Ana Calero"},"description":"Licenciada en Ciencias Empresariales por la Universidad Aut\u00f3noma de Madrid. Forma parte del equipo de Apartamentos Proinca y es una enamorada de Madrid","sameAs":["https:\/\/www.proinca.es\/madridfansblog\/ana-calero\/"]}]}},"_links":{"self":[{"href":"https:\/\/www.proinca.es\/madridfansblog\/wp-json\/wp\/v2\/posts\/4868","targetHints":{"allow":["GET"]}}],"collection":[{"href":"https:\/\/www.proinca.es\/madridfansblog\/wp-json\/wp\/v2\/posts"}],"about":[{"href":"https:\/\/www.proinca.es\/madridfansblog\/wp-json\/wp\/v2\/types\/post"}],"author":[{"embeddable":true,"href":"https:\/\/www.proinca.es\/madridfansblog\/wp-json\/wp\/v2\/users\/4"}],"replies":[{"embeddable":true,"href":"https:\/\/www.proinca.es\/madridfansblog\/wp-json\/wp\/v2\/comments?post=4868"}],"version-history":[{"count":11,"href":"https:\/\/www.proinca.es\/madridfansblog\/wp-json\/wp\/v2\/posts\/4868\/revisions"}],"predecessor-version":[{"id":7459,"href":"https:\/\/www.proinca.es\/madridfansblog\/wp-json\/wp\/v2\/posts\/4868\/revisions\/7459"}],"wp:featuredmedia":[{"embeddable":true,"href":"https:\/\/www.proinca.es\/madridfansblog\/wp-json\/wp\/v2\/media\/7272"}],"wp:attachment":[{"href":"https:\/\/www.proinca.es\/madridfansblog\/wp-json\/wp\/v2\/media?parent=4868"}],"wp:term":[{"taxonomy":"category","embeddable":true,"href":"https:\/\/www.proinca.es\/madridfansblog\/wp-json\/wp\/v2\/categories?post=4868"},{"taxonomy":"post_tag","embeddable":true,"href":"https:\/\/www.proinca.es\/madridfansblog\/wp-json\/wp\/v2\/tags?post=4868"}],"curies":[{"name":"wp","href":"https:\/\/api.w.org\/{rel}","templated":true}]}}