{"id":4924,"date":"2017-06-11T00:33:34","date_gmt":"2017-06-10T22:33:34","guid":{"rendered":"http:\/\/www.proinca.es\/madridfansblog\/?p=4924"},"modified":"2025-05-28T15:33:33","modified_gmt":"2025-05-28T13:33:33","slug":"las-mejores-terrazas-en-museos-de-madrid","status":"publish","type":"post","link":"https:\/\/www.proinca.es\/madridfansblog\/las-mejores-terrazas-en-museos-de-madrid\/","title":{"rendered":"LAS MEJORES TERRAZAS EN MUSEOS DE MADRID"},"content":{"rendered":"<p>Una de las formas m\u00e1s sencillas de disfrutar de la ciudad de <strong>Madrid<\/strong> en primavera y en verano es hacerlo de la mano de sus maravillosas <strong>terrazas<\/strong>.<!--more--> Y es que, en la capital, las hay a montones y para todos los gustos. Hoy, nos vamos a centrar en algunas de las terrazas m\u00e1s culturales de la urbe, aquellas que forman parte de pinacotecas madrile\u00f1as tan se\u00f1aladas como el Museo Nacional Centro de Arte Reina Sof\u00eda, el museo Thyssen-Bornemisza o el Museo Nacional del Romanticismo.<\/p>\n<p>Comenzamos nuestra tanda de recomendaciones con el restaurante y terraza <strong>El Mirador<\/strong><strong>, en el Museo Thyssen-Bornemisza<\/strong>, que abrir\u00e1 sus puertas el 29 de junio para ofrecer cenas desde la quinta planta del edificio con inmejorables vistas y una carta mediterr\u00e1nea m\u00e1s que sugerente. Si no podemos resistir la tentaci\u00f3n de disfrutar del espacio Thyssen hasta la fecha, podemos visitar Las Terrazas, un espacio de lo m\u00e1s original, pues est\u00e1 dividido en distintas zonas escalonadas con vistas al jard\u00edn. Podremos comer, merendar y, a partir del 29 de junio, tambi\u00e9n cenar.<\/p>\n<p>El <strong>Caf\u00e9 del Jard\u00edn, en el Museo del Romanticismo<\/strong>, en la calle de San Mateo, no es estrictamente una terraza, sino m\u00e1s bien un patio con jard\u00edn, sin embargo, es otro lugar que no te puedes perder esta primavera. El interior de un palacete del siglo XVIII se convierte en un rec\u00f3ndito y amable lugar donde disfrutar de un aperitivo sin agobios ni calores.<\/p>\n<p>El <strong>Restaurante Arz\u00e1bal, en el Museo Nacional Centro de Arte Reina Sof\u00eda<\/strong>, nos brinda una magn\u00edfica terraza arropada por mobiliario de madera y decoraci\u00f3n vegetal. Este rinc\u00f3n permanece abierta de lunes a domingo de 9.00 a 2.00 de la ma\u00f1ana y su cocina se define a s\u00ed misma como \u201cde mercado tradicional\u201d con un toque de sofisticaci\u00f3n.<\/p>\n<p>El <strong>Museo Arqueol\u00f3gico Nacional<\/strong>, en la calle Serrano, es otro de los centros consagrados a la historia y el arte en Madrid que, adem\u00e1s, incluye una terraza exterior con vistas a un bonito jard\u00edn. Ideal para tomar un buen desayuno.<\/p>\n<p>La Azotea, de la que ya os hemos hablado en alguna ocasi\u00f3n, en lo m\u00e1s alto del <strong>C\u00edrculo de Bellas Artes<\/strong> y con unas magnificas vistas sobre el centro neur\u00e1lgico de Madrid; La exclusiva terraza del <strong>restaurante Cien Llaves, en La Casa de Am\u00e9rica<\/strong>, muy cerquita de la anterior e ideada para disfrutar de las \u00faltimas horas de d\u00eda y las primeras de la noche; <strong>La Terraza<\/strong> <strong>de la Casa Encendida<\/strong>, que acoge normalmente ciclos de m\u00fasica en directo y cine, o La Terraza del Caf\u00e9 Teatro y El Patio de la Cantina en el <strong>Matadero de Madrid<\/strong> son otras de las terrazas con mucho arte que no puedes dejar de visitar este a\u00f1o.<\/p>\n<p>Informaci\u00f3n patrocinada por\u00a0<strong><a title=\"Proinca apartamentos de alquiler en Madrid\" href=\"http:\/\/www.proinca.es\" target=\"_blank\" rel=\"noopener\">Proinca: Apartamentos de alquiler en Madrid<\/a><\/strong><\/p>\n<p>Foto de Pelayo Arbu\u00e9s en Unsplash<\/p>\n\n\n<div class=\"kk-star-ratings kksr-auto kksr-align-left kksr-valign-bottom\"\n    data-payload='{&quot;align&quot;:&quot;left&quot;,&quot;id&quot;:&quot;4924&quot;,&quot;slug&quot;:&quot;default&quot;,&quot;valign&quot;:&quot;bottom&quot;,&quot;ignore&quot;:&quot;&quot;,&quot;reference&quot;:&quot;auto&quot;,&quot;class&quot;:&quot;&quot;,&quot;count&quot;:&quot;0&quot;,&quot;legendonly&quot;:&quot;&quot;,&quot;readonly&quot;:&quot;&quot;,&quot;score&quot;:&quot;0&quot;,&quot;starsonly&quot;:&quot;&quot;,&quot;best&quot;:&quot;5&quot;,&quot;gap&quot;:&quot;1&quot;,&quot;greet&quot;:&quot;Valora este art\u00edculo&quot;,&quot;legend&quot;:&quot;0\\\/5 - (0 votos)&quot;,&quot;size&quot;:&quot;24&quot;,&quot;title&quot;:&quot;LAS MEJORES TERRAZAS EN MUSEOS DE MADRID&quot;,&quot;width&quot;:&quot;0&quot;,&quot;_legend&quot;:&quot;{score}\\\/{best} - ({count} {votes})&quot;,&quot;font_factor&quot;:&quot;1.25&quot;}'>\n            \n<div class=\"kksr-stars\">\n    \n<div class=\"kksr-stars-inactive\">\n            <div class=\"kksr-star\" data-star=\"1\" style=\"padding-right: 1px\">\n            \n\n<div class=\"kksr-icon\" style=\"width: 24px; height: 24px;\"><\/div>\n        <\/div>\n            <div class=\"kksr-star\" data-star=\"2\" style=\"padding-right: 1px\">\n            \n\n<div class=\"kksr-icon\" style=\"width: 24px; height: 24px;\"><\/div>\n        <\/div>\n            <div class=\"kksr-star\" data-star=\"3\" style=\"padding-right: 1px\">\n            \n\n<div class=\"kksr-icon\" style=\"width: 24px; height: 24px;\"><\/div>\n        <\/div>\n            <div class=\"kksr-star\" data-star=\"4\" style=\"padding-right: 1px\">\n            \n\n<div class=\"kksr-icon\" style=\"width: 24px; height: 24px;\"><\/div>\n        <\/div>\n            <div class=\"kksr-star\" data-star=\"5\" style=\"padding-right: 1px\">\n            \n\n<div class=\"kksr-icon\" style=\"width: 24px; height: 24px;\"><\/div>\n        <\/div>\n    <\/div>\n    \n<div class=\"kksr-stars-active\" style=\"width: 0px;\">\n            <div class=\"kksr-star\" style=\"padding-right: 1px\">\n            \n\n<div class=\"kksr-icon\" style=\"width: 24px; height: 24px;\"><\/div>\n        <\/div>\n            <div class=\"kksr-star\" style=\"padding-right: 1px\">\n            \n\n<div class=\"kksr-icon\" style=\"width: 24px; height: 24px;\"><\/div>\n        <\/div>\n            <div class=\"kksr-star\" style=\"padding-right: 1px\">\n            \n\n<div class=\"kksr-icon\" style=\"width: 24px; height: 24px;\"><\/div>\n        <\/div>\n            <div class=\"kksr-star\" style=\"padding-right: 1px\">\n            \n\n<div class=\"kksr-icon\" style=\"width: 24px; height: 24px;\"><\/div>\n        <\/div>\n            <div class=\"kksr-star\" style=\"padding-right: 1px\">\n            \n\n<div class=\"kksr-icon\" style=\"width: 24px; height: 24px;\"><\/div>\n        <\/div>\n    <\/div>\n<\/div>\n                \n\n<div class=\"kksr-legend\" style=\"font-size: 19.2px;\">\n            <span class=\"kksr-muted\">Valora este art\u00edculo<\/span>\n    <\/div>\n    <\/div>\n","protected":false},"excerpt":{"rendered":"<p>Una de las formas m\u00e1s sencillas de disfrutar de la  [&#8230;]<\/p>\n","protected":false},"author":4,"featured_media":7274,"comment_status":"closed","ping_status":"closed","sticky":false,"template":"","format":"standard","meta":{"footnotes":""},"categories":[79],"tags":[5,57,46],"class_list":["post-4924","post","type-post","status-publish","format-standard","has-post-thumbnail","hentry","category-vivir-madrid","tag-madrid","tag-museos","tag-terrazas"],"yoast_head":"<!-- This site is optimized with the Yoast SEO plugin v27.4 - https:\/\/yoast.com\/product\/yoast-seo-wordpress\/ -->\n<title>Las mejores terrazas en museos de Madrid<\/title>\n<meta name=\"description\" content=\"Algunas de las terrazas m\u00e1s culturales de Madrid en el Museo Reina Sof\u00eda, el museo Thyssen-Bornemisza o el Museo Nacional del Romanticismo.Por MadridFansblog\" \/>\n<meta name=\"robots\" content=\"index, follow, max-snippet:-1, max-image-preview:large, max-video-preview:-1\" \/>\n<link rel=\"canonical\" href=\"https:\/\/www.proinca.es\/madridfansblog\/las-mejores-terrazas-en-museos-de-madrid\/\" \/>\n<meta property=\"og:locale\" content=\"es_ES\" \/>\n<meta property=\"og:type\" content=\"article\" \/>\n<meta property=\"og:title\" content=\"Las mejores terrazas en museos de Madrid\" \/>\n<meta property=\"og:description\" content=\"Algunas de las terrazas m\u00e1s culturales de Madrid en el Museo Reina Sof\u00eda, el museo Thyssen-Bornemisza o el Museo Nacional del Romanticismo.Por MadridFansblog\" \/>\n<meta property=\"og:url\" content=\"https:\/\/www.proinca.es\/madridfansblog\/las-mejores-terrazas-en-museos-de-madrid\/\" \/>\n<meta property=\"og:site_name\" content=\"Blog Proinca Madrid\" \/>\n<meta property=\"article:published_time\" content=\"2017-06-10T22:33:34+00:00\" \/>\n<meta property=\"article:modified_time\" content=\"2025-05-28T13:33:33+00:00\" \/>\n<meta property=\"og:image\" content=\"https:\/\/www.proinca.es\/madridfansblog\/wp-content\/uploads\/2017\/06\/terrazas-en-museos.jpg\" \/>\n\t<meta property=\"og:image:width\" content=\"1000\" \/>\n\t<meta property=\"og:image:height\" content=\"1008\" \/>\n\t<meta property=\"og:image:type\" content=\"image\/jpeg\" \/>\n<meta name=\"author\" content=\"Ana Calero\" \/>\n<script type=\"application\/ld+json\" class=\"yoast-schema-graph\">{\"@context\":\"https:\\\/\\\/schema.org\",\"@graph\":[{\"@type\":\"Article\",\"@id\":\"https:\\\/\\\/www.proinca.es\\\/madridfansblog\\\/las-mejores-terrazas-en-museos-de-madrid\\\/#article\",\"isPartOf\":{\"@id\":\"https:\\\/\\\/www.proinca.es\\\/madridfansblog\\\/las-mejores-terrazas-en-museos-de-madrid\\\/\"},\"author\":{\"name\":\"Ana Calero\",\"@id\":\"https:\\\/\\\/www.proinca.es\\\/madridfansblog\\\/#\\\/schema\\\/person\\\/8401adc89c0a0f5a3574c43326247f1e\"},\"headline\":\"LAS MEJORES TERRAZAS EN MUSEOS DE MADRID\",\"datePublished\":\"2017-06-10T22:33:34+00:00\",\"dateModified\":\"2025-05-28T13:33:33+00:00\",\"mainEntityOfPage\":{\"@id\":\"https:\\\/\\\/www.proinca.es\\\/madridfansblog\\\/las-mejores-terrazas-en-museos-de-madrid\\\/\"},\"wordCount\":502,\"publisher\":{\"@id\":\"https:\\\/\\\/www.proinca.es\\\/madridfansblog\\\/#organization\"},\"image\":{\"@id\":\"https:\\\/\\\/www.proinca.es\\\/madridfansblog\\\/las-mejores-terrazas-en-museos-de-madrid\\\/#primaryimage\"},\"thumbnailUrl\":\"https:\\\/\\\/www.proinca.es\\\/madridfansblog\\\/wp-content\\\/uploads\\\/2017\\\/06\\\/terrazas-en-museos.jpg\",\"keywords\":[\"Madrid\",\"Museos\",\"Terrazas\"],\"articleSection\":[\"VIVIR MADRID\"],\"inLanguage\":\"es\"},{\"@type\":\"WebPage\",\"@id\":\"https:\\\/\\\/www.proinca.es\\\/madridfansblog\\\/las-mejores-terrazas-en-museos-de-madrid\\\/\",\"url\":\"https:\\\/\\\/www.proinca.es\\\/madridfansblog\\\/las-mejores-terrazas-en-museos-de-madrid\\\/\",\"name\":\"Las mejores terrazas en museos de Madrid\",\"isPartOf\":{\"@id\":\"https:\\\/\\\/www.proinca.es\\\/madridfansblog\\\/#website\"},\"primaryImageOfPage\":{\"@id\":\"https:\\\/\\\/www.proinca.es\\\/madridfansblog\\\/las-mejores-terrazas-en-museos-de-madrid\\\/#primaryimage\"},\"image\":{\"@id\":\"https:\\\/\\\/www.proinca.es\\\/madridfansblog\\\/las-mejores-terrazas-en-museos-de-madrid\\\/#primaryimage\"},\"thumbnailUrl\":\"https:\\\/\\\/www.proinca.es\\\/madridfansblog\\\/wp-content\\\/uploads\\\/2017\\\/06\\\/terrazas-en-museos.jpg\",\"datePublished\":\"2017-06-10T22:33:34+00:00\",\"dateModified\":\"2025-05-28T13:33:33+00:00\",\"description\":\"Algunas de las terrazas m\u00e1s culturales de Madrid en el Museo Reina Sof\u00eda, el museo Thyssen-Bornemisza o el Museo Nacional del Romanticismo.Por MadridFansblog\",\"inLanguage\":\"es\",\"potentialAction\":[{\"@type\":\"ReadAction\",\"target\":[\"https:\\\/\\\/www.proinca.es\\\/madridfansblog\\\/las-mejores-terrazas-en-museos-de-madrid\\\/\"]}]},{\"@type\":\"ImageObject\",\"inLanguage\":\"es\",\"@id\":\"https:\\\/\\\/www.proinca.es\\\/madridfansblog\\\/las-mejores-terrazas-en-museos-de-madrid\\\/#primaryimage\",\"url\":\"https:\\\/\\\/www.proinca.es\\\/madridfansblog\\\/wp-content\\\/uploads\\\/2017\\\/06\\\/terrazas-en-museos.jpg\",\"contentUrl\":\"https:\\\/\\\/www.proinca.es\\\/madridfansblog\\\/wp-content\\\/uploads\\\/2017\\\/06\\\/terrazas-en-museos.jpg\",\"width\":1000,\"height\":1008,\"caption\":\"Las mejores terrazas en museos de Madrid\"},{\"@type\":\"WebSite\",\"@id\":\"https:\\\/\\\/www.proinca.es\\\/madridfansblog\\\/#website\",\"url\":\"https:\\\/\\\/www.proinca.es\\\/madridfansblog\\\/\",\"name\":\"Madrid Fans Blog Proinca\",\"description\":\"Pisos y apartamentos de alquiler en Madrid\",\"publisher\":{\"@id\":\"https:\\\/\\\/www.proinca.es\\\/madridfansblog\\\/#organization\"},\"potentialAction\":[{\"@type\":\"SearchAction\",\"target\":{\"@type\":\"EntryPoint\",\"urlTemplate\":\"https:\\\/\\\/www.proinca.es\\\/madridfansblog\\\/?s={search_term_string}\"},\"query-input\":{\"@type\":\"PropertyValueSpecification\",\"valueRequired\":true,\"valueName\":\"search_term_string\"}}],\"inLanguage\":\"es\"},{\"@type\":\"Organization\",\"@id\":\"https:\\\/\\\/www.proinca.es\\\/madridfansblog\\\/#organization\",\"name\":\"Proinca\",\"url\":\"https:\\\/\\\/www.proinca.es\\\/madridfansblog\\\/\",\"logo\":{\"@type\":\"ImageObject\",\"inLanguage\":\"es\",\"@id\":\"https:\\\/\\\/www.proinca.es\\\/madridfansblog\\\/#\\\/schema\\\/logo\\\/image\\\/\",\"url\":\"https:\\\/\\\/www.proinca.es\\\/madridfansblog\\\/wp-content\\\/uploads\\\/2022\\\/03\\\/logo-proinca.jpg\",\"contentUrl\":\"https:\\\/\\\/www.proinca.es\\\/madridfansblog\\\/wp-content\\\/uploads\\\/2022\\\/03\\\/logo-proinca.jpg\",\"width\":522,\"height\":250,\"caption\":\"Proinca\"},\"image\":{\"@id\":\"https:\\\/\\\/www.proinca.es\\\/madridfansblog\\\/#\\\/schema\\\/logo\\\/image\\\/\"}},{\"@type\":\"Person\",\"@id\":\"https:\\\/\\\/www.proinca.es\\\/madridfansblog\\\/#\\\/schema\\\/person\\\/8401adc89c0a0f5a3574c43326247f1e\",\"name\":\"Ana Calero\",\"image\":{\"@type\":\"ImageObject\",\"inLanguage\":\"es\",\"@id\":\"https:\\\/\\\/www.proinca.es\\\/madridfansblog\\\/wp-content\\\/litespeed\\\/avatar\\\/ef51b25c0718910f475570320941ef46.jpg?ver=1777379772\",\"url\":\"https:\\\/\\\/www.proinca.es\\\/madridfansblog\\\/wp-content\\\/litespeed\\\/avatar\\\/ef51b25c0718910f475570320941ef46.jpg?ver=1777379772\",\"contentUrl\":\"https:\\\/\\\/www.proinca.es\\\/madridfansblog\\\/wp-content\\\/litespeed\\\/avatar\\\/ef51b25c0718910f475570320941ef46.jpg?ver=1777379772\",\"caption\":\"Ana Calero\"},\"description\":\"Licenciada en Ciencias Empresariales por la Universidad Aut\u00f3noma de Madrid. Forma parte del equipo de Apartamentos Proinca y es una enamorada de Madrid\",\"sameAs\":[\"https:\\\/\\\/www.proinca.es\\\/madridfansblog\\\/ana-calero\\\/\"]}]}<\/script>\n<!-- \/ Yoast SEO plugin. -->","yoast_head_json":{"title":"Las mejores terrazas en museos de Madrid","description":"Algunas de las terrazas m\u00e1s culturales de Madrid en el Museo Reina Sof\u00eda, el museo Thyssen-Bornemisza o el Museo Nacional del Romanticismo.Por MadridFansblog","robots":{"index":"index","follow":"follow","max-snippet":"max-snippet:-1","max-image-preview":"max-image-preview:large","max-video-preview":"max-video-preview:-1"},"canonical":"https:\/\/www.proinca.es\/madridfansblog\/las-mejores-terrazas-en-museos-de-madrid\/","og_locale":"es_ES","og_type":"article","og_title":"Las mejores terrazas en museos de Madrid","og_description":"Algunas de las terrazas m\u00e1s culturales de Madrid en el Museo Reina Sof\u00eda, el museo Thyssen-Bornemisza o el Museo Nacional del Romanticismo.Por MadridFansblog","og_url":"https:\/\/www.proinca.es\/madridfansblog\/las-mejores-terrazas-en-museos-de-madrid\/","og_site_name":"Blog Proinca Madrid","article_published_time":"2017-06-10T22:33:34+00:00","article_modified_time":"2025-05-28T13:33:33+00:00","og_image":[{"width":1000,"height":1008,"url":"https:\/\/www.proinca.es\/madridfansblog\/wp-content\/uploads\/2017\/06\/terrazas-en-museos.jpg","type":"image\/jpeg"}],"author":"Ana Calero","schema":{"@context":"https:\/\/schema.org","@graph":[{"@type":"Article","@id":"https:\/\/www.proinca.es\/madridfansblog\/las-mejores-terrazas-en-museos-de-madrid\/#article","isPartOf":{"@id":"https:\/\/www.proinca.es\/madridfansblog\/las-mejores-terrazas-en-museos-de-madrid\/"},"author":{"name":"Ana Calero","@id":"https:\/\/www.proinca.es\/madridfansblog\/#\/schema\/person\/8401adc89c0a0f5a3574c43326247f1e"},"headline":"LAS MEJORES TERRAZAS EN MUSEOS DE MADRID","datePublished":"2017-06-10T22:33:34+00:00","dateModified":"2025-05-28T13:33:33+00:00","mainEntityOfPage":{"@id":"https:\/\/www.proinca.es\/madridfansblog\/las-mejores-terrazas-en-museos-de-madrid\/"},"wordCount":502,"publisher":{"@id":"https:\/\/www.proinca.es\/madridfansblog\/#organization"},"image":{"@id":"https:\/\/www.proinca.es\/madridfansblog\/las-mejores-terrazas-en-museos-de-madrid\/#primaryimage"},"thumbnailUrl":"https:\/\/www.proinca.es\/madridfansblog\/wp-content\/uploads\/2017\/06\/terrazas-en-museos.jpg","keywords":["Madrid","Museos","Terrazas"],"articleSection":["VIVIR MADRID"],"inLanguage":"es"},{"@type":"WebPage","@id":"https:\/\/www.proinca.es\/madridfansblog\/las-mejores-terrazas-en-museos-de-madrid\/","url":"https:\/\/www.proinca.es\/madridfansblog\/las-mejores-terrazas-en-museos-de-madrid\/","name":"Las mejores terrazas en museos de Madrid","isPartOf":{"@id":"https:\/\/www.proinca.es\/madridfansblog\/#website"},"primaryImageOfPage":{"@id":"https:\/\/www.proinca.es\/madridfansblog\/las-mejores-terrazas-en-museos-de-madrid\/#primaryimage"},"image":{"@id":"https:\/\/www.proinca.es\/madridfansblog\/las-mejores-terrazas-en-museos-de-madrid\/#primaryimage"},"thumbnailUrl":"https:\/\/www.proinca.es\/madridfansblog\/wp-content\/uploads\/2017\/06\/terrazas-en-museos.jpg","datePublished":"2017-06-10T22:33:34+00:00","dateModified":"2025-05-28T13:33:33+00:00","description":"Algunas de las terrazas m\u00e1s culturales de Madrid en el Museo Reina Sof\u00eda, el museo Thyssen-Bornemisza o el Museo Nacional del Romanticismo.Por MadridFansblog","inLanguage":"es","potentialAction":[{"@type":"ReadAction","target":["https:\/\/www.proinca.es\/madridfansblog\/las-mejores-terrazas-en-museos-de-madrid\/"]}]},{"@type":"ImageObject","inLanguage":"es","@id":"https:\/\/www.proinca.es\/madridfansblog\/las-mejores-terrazas-en-museos-de-madrid\/#primaryimage","url":"https:\/\/www.proinca.es\/madridfansblog\/wp-content\/uploads\/2017\/06\/terrazas-en-museos.jpg","contentUrl":"https:\/\/www.proinca.es\/madridfansblog\/wp-content\/uploads\/2017\/06\/terrazas-en-museos.jpg","width":1000,"height":1008,"caption":"Las mejores terrazas en museos de Madrid"},{"@type":"WebSite","@id":"https:\/\/www.proinca.es\/madridfansblog\/#website","url":"https:\/\/www.proinca.es\/madridfansblog\/","name":"Madrid Fans Blog Proinca","description":"Pisos y apartamentos de alquiler en Madrid","publisher":{"@id":"https:\/\/www.proinca.es\/madridfansblog\/#organization"},"potentialAction":[{"@type":"SearchAction","target":{"@type":"EntryPoint","urlTemplate":"https:\/\/www.proinca.es\/madridfansblog\/?s={search_term_string}"},"query-input":{"@type":"PropertyValueSpecification","valueRequired":true,"valueName":"search_term_string"}}],"inLanguage":"es"},{"@type":"Organization","@id":"https:\/\/www.proinca.es\/madridfansblog\/#organization","name":"Proinca","url":"https:\/\/www.proinca.es\/madridfansblog\/","logo":{"@type":"ImageObject","inLanguage":"es","@id":"https:\/\/www.proinca.es\/madridfansblog\/#\/schema\/logo\/image\/","url":"https:\/\/www.proinca.es\/madridfansblog\/wp-content\/uploads\/2022\/03\/logo-proinca.jpg","contentUrl":"https:\/\/www.proinca.es\/madridfansblog\/wp-content\/uploads\/2022\/03\/logo-proinca.jpg","width":522,"height":250,"caption":"Proinca"},"image":{"@id":"https:\/\/www.proinca.es\/madridfansblog\/#\/schema\/logo\/image\/"}},{"@type":"Person","@id":"https:\/\/www.proinca.es\/madridfansblog\/#\/schema\/person\/8401adc89c0a0f5a3574c43326247f1e","name":"Ana Calero","image":{"@type":"ImageObject","inLanguage":"es","@id":"https:\/\/www.proinca.es\/madridfansblog\/wp-content\/litespeed\/avatar\/ef51b25c0718910f475570320941ef46.jpg?ver=1777379772","url":"https:\/\/www.proinca.es\/madridfansblog\/wp-content\/litespeed\/avatar\/ef51b25c0718910f475570320941ef46.jpg?ver=1777379772","contentUrl":"https:\/\/www.proinca.es\/madridfansblog\/wp-content\/litespeed\/avatar\/ef51b25c0718910f475570320941ef46.jpg?ver=1777379772","caption":"Ana Calero"},"description":"Licenciada en Ciencias Empresariales por la Universidad Aut\u00f3noma de Madrid. Forma parte del equipo de Apartamentos Proinca y es una enamorada de Madrid","sameAs":["https:\/\/www.proinca.es\/madridfansblog\/ana-calero\/"]}]}},"_links":{"self":[{"href":"https:\/\/www.proinca.es\/madridfansblog\/wp-json\/wp\/v2\/posts\/4924","targetHints":{"allow":["GET"]}}],"collection":[{"href":"https:\/\/www.proinca.es\/madridfansblog\/wp-json\/wp\/v2\/posts"}],"about":[{"href":"https:\/\/www.proinca.es\/madridfansblog\/wp-json\/wp\/v2\/types\/post"}],"author":[{"embeddable":true,"href":"https:\/\/www.proinca.es\/madridfansblog\/wp-json\/wp\/v2\/users\/4"}],"replies":[{"embeddable":true,"href":"https:\/\/www.proinca.es\/madridfansblog\/wp-json\/wp\/v2\/comments?post=4924"}],"version-history":[{"count":10,"href":"https:\/\/www.proinca.es\/madridfansblog\/wp-json\/wp\/v2\/posts\/4924\/revisions"}],"predecessor-version":[{"id":7457,"href":"https:\/\/www.proinca.es\/madridfansblog\/wp-json\/wp\/v2\/posts\/4924\/revisions\/7457"}],"wp:featuredmedia":[{"embeddable":true,"href":"https:\/\/www.proinca.es\/madridfansblog\/wp-json\/wp\/v2\/media\/7274"}],"wp:attachment":[{"href":"https:\/\/www.proinca.es\/madridfansblog\/wp-json\/wp\/v2\/media?parent=4924"}],"wp:term":[{"taxonomy":"category","embeddable":true,"href":"https:\/\/www.proinca.es\/madridfansblog\/wp-json\/wp\/v2\/categories?post=4924"},{"taxonomy":"post_tag","embeddable":true,"href":"https:\/\/www.proinca.es\/madridfansblog\/wp-json\/wp\/v2\/tags?post=4924"}],"curies":[{"name":"wp","href":"https:\/\/api.w.org\/{rel}","templated":true}]}}