{"id":4940,"date":"2017-06-20T20:24:19","date_gmt":"2017-06-20T18:24:19","guid":{"rendered":"http:\/\/www.proinca.es\/madridfansblog\/?p=4940"},"modified":"2025-05-28T15:32:39","modified_gmt":"2025-05-28T13:32:39","slug":"comienza-la-temporada-festivalera-en-madrid","status":"publish","type":"post","link":"https:\/\/www.proinca.es\/madridfansblog\/comienza-la-temporada-festivalera-en-madrid\/","title":{"rendered":"COMIENZA LA TEMPORADA FESTIVALERA EN MADRID"},"content":{"rendered":"<p><strong>\u00a0<\/strong>Adem\u00e1s de sus terrazas y sus noches al aire libre, <strong>Madrid<\/strong> en verano nos encanta por su programaci\u00f3n <strong>festivalera<\/strong>.<!--more--> \u00bfAcaso pensabais que solo en la costa ibais a encontrar diversi\u00f3n en directo? Pues no, la capital de Madrid acoge algunas de las citas musicales m\u00e1s apetecibles del periodo estival. Os las contamos:<\/p>\n<p>Comenzamos nuestro recorrido por un verano lleno de <strong>m\u00fasica en Madrid<\/strong> de la mano de <strong>SUMA FLAMENCA<\/strong><strong>\u00a02017<\/strong>, el 12\u00ba Festival Flamenco de la Comunidad de Madrid que podremos disfrutar hasta el 25 de junio en diferentes espacios de la capital. Aunque si lo vuestro no es el flamenco sino la m\u00fasica electr\u00f3nica, acudid el pr\u00f3ximos domingo al parque Enrique Tierno Galv\u00e1n para dejaros llevar por los sonidos de <strong>MADRID BRUNCH \u2013 IN THE PARK<\/strong>, con hinchables, camas el\u00e1sticas, malabares, yoga, talleres, comida y un etc\u00e9tera de lo m\u00e1s completo.<\/p>\n<p>Claro que si no sois unos apasionados ni de lo uno ni de lo otro, lo mejor es que os dej\u00e9is caer por el <strong>DOWNLOAD FESTIVAL<\/strong> que se celebrar\u00e1 en Madrid el 22, 23 y 24 de junio en la Caja M\u00e1gica. En cartel, nombres tan reconocibles como Bat Sabbath, Hamlet, Kaothic, Linkin Park y 60 bandas m\u00e1s consagradas al hard-rock y metal.<\/p>\n<p>Una menci\u00f3n aparte necesita la que es sin duda la gran apuesta de la ciudad de Madrid por la m\u00fasica en verano: <strong>NOCHES DEL BOT\u00c1NICO<\/strong>, que este a\u00f1o re\u00fane del 22 de junio al 29 de julio a estrellas consagradas de la talla de Tony Bennett, Tequila, Chucho Vald\u00e9s, Anastacia, Pablo Milan\u00e9s, Rosendo, Franco Battiato, Orishas, UB40 o Jamie Cullum.<\/p>\n<p>Del 24 de junio al 2 de julio, Madrid acoge el <strong>WE WORLDPRIDE FESTIVAL<\/strong> coincidiendo con al celebraci\u00f3n de la Fiesta del Orgullo, y del 30 de junio al 2 de julio, el <strong>FESTIVAL DE FADO DE MADRID<\/strong> en los Teatros del Canal.<\/p>\n<p>La cita solidaria del verano correr\u00e1 a cargo de la Fundaci\u00f3n Emilio S\u00e1nchez Vicario, Avanza ONG, Fundaci\u00f3n Irene Villa y El Legado de Mar\u00eda de Villota que celebran un <strong>festival ben\u00e9fico en la Ciudad de la Raqueta<\/strong> del 30 de junio al 8 de julio con las actuaciones de Los Secretos, Nacha Pop, Hombres G, Un ping\u00fcino en mi ascensor y Modestia aparte.<\/p>\n<p>Aunque para cartel, el del <strong>UNIVERSAL MUSIC FESTIVAL<\/strong> que programa el Teatro Real de Madrid durante todo el mes de julio con un listado de artistas en el que podemos encontrar a Sting, Pet Shop Boys, Pretenders, David Bisbal, Tom Jones o Luis Fonsi, entre otros.<\/p>\n<p>La primera edici\u00f3n del festival <strong>R\u00cdO BABEL<\/strong> pone la nota multicultura al verano con las actuaciones de 28 grupos y solistas, entre los que aparecen Estopa, Macaco, La Pegatina o Amparanoia, el 13, 14 y 15 de julio en IFEMA; mientras que emblem\u00e1tico <strong>DCODE<\/strong> se encargar\u00e1 de echar el cierre al verano musical madrile\u00f1o el 9 de septiembre en el campus de la UCM con las apariciones sobre el escenario de Liam Gallagher, Iv\u00e1n Ferreiro, Miss Cafe\u00edna y muchos m\u00e1s.<\/p>\n<p>&nbsp;<\/p>\n<p>Ahora qu\u00e9 dices\u2026, \u00bfhay o no hay <strong>festivales en Madrid<\/strong>?<\/p>\n<p>&nbsp;<\/p>\n<p>Informaci\u00f3n patrocinada por\u00a0<strong><a title=\"Proinca apartamentos de alquiler en Madrid\" href=\"http:\/\/www.proinca.es\" target=\"_blank\" rel=\"noopener\">Proinca: Apartamentos de alquiler en Madrid<\/a><\/strong><\/p>\n<p>Fuente imagen:\u00a0www.madrid.org<\/p>\n<p>&nbsp;<\/p>\n<p>&nbsp;<\/p>\n\n\n<div class=\"kk-star-ratings kksr-auto kksr-align-left kksr-valign-bottom\"\n    data-payload='{&quot;align&quot;:&quot;left&quot;,&quot;id&quot;:&quot;4940&quot;,&quot;slug&quot;:&quot;default&quot;,&quot;valign&quot;:&quot;bottom&quot;,&quot;ignore&quot;:&quot;&quot;,&quot;reference&quot;:&quot;auto&quot;,&quot;class&quot;:&quot;&quot;,&quot;count&quot;:&quot;0&quot;,&quot;legendonly&quot;:&quot;&quot;,&quot;readonly&quot;:&quot;&quot;,&quot;score&quot;:&quot;0&quot;,&quot;starsonly&quot;:&quot;&quot;,&quot;best&quot;:&quot;5&quot;,&quot;gap&quot;:&quot;1&quot;,&quot;greet&quot;:&quot;Valora este art\u00edculo&quot;,&quot;legend&quot;:&quot;0\\\/5 - (0 votos)&quot;,&quot;size&quot;:&quot;24&quot;,&quot;title&quot;:&quot;COMIENZA LA TEMPORADA FESTIVALERA EN MADRID&quot;,&quot;width&quot;:&quot;0&quot;,&quot;_legend&quot;:&quot;{score}\\\/{best} - ({count} {votes})&quot;,&quot;font_factor&quot;:&quot;1.25&quot;}'>\n            \n<div class=\"kksr-stars\">\n    \n<div class=\"kksr-stars-inactive\">\n            <div class=\"kksr-star\" data-star=\"1\" style=\"padding-right: 1px\">\n            \n\n<div class=\"kksr-icon\" style=\"width: 24px; height: 24px;\"><\/div>\n        <\/div>\n            <div class=\"kksr-star\" data-star=\"2\" style=\"padding-right: 1px\">\n            \n\n<div class=\"kksr-icon\" style=\"width: 24px; height: 24px;\"><\/div>\n        <\/div>\n            <div class=\"kksr-star\" data-star=\"3\" style=\"padding-right: 1px\">\n            \n\n<div class=\"kksr-icon\" style=\"width: 24px; height: 24px;\"><\/div>\n        <\/div>\n            <div class=\"kksr-star\" data-star=\"4\" style=\"padding-right: 1px\">\n            \n\n<div class=\"kksr-icon\" style=\"width: 24px; height: 24px;\"><\/div>\n        <\/div>\n            <div class=\"kksr-star\" data-star=\"5\" style=\"padding-right: 1px\">\n            \n\n<div class=\"kksr-icon\" style=\"width: 24px; height: 24px;\"><\/div>\n        <\/div>\n    <\/div>\n    \n<div class=\"kksr-stars-active\" style=\"width: 0px;\">\n            <div class=\"kksr-star\" style=\"padding-right: 1px\">\n            \n\n<div class=\"kksr-icon\" style=\"width: 24px; height: 24px;\"><\/div>\n        <\/div>\n            <div class=\"kksr-star\" style=\"padding-right: 1px\">\n            \n\n<div class=\"kksr-icon\" style=\"width: 24px; height: 24px;\"><\/div>\n        <\/div>\n            <div class=\"kksr-star\" style=\"padding-right: 1px\">\n            \n\n<div class=\"kksr-icon\" style=\"width: 24px; height: 24px;\"><\/div>\n        <\/div>\n            <div class=\"kksr-star\" style=\"padding-right: 1px\">\n            \n\n<div class=\"kksr-icon\" style=\"width: 24px; height: 24px;\"><\/div>\n        <\/div>\n            <div class=\"kksr-star\" style=\"padding-right: 1px\">\n            \n\n<div class=\"kksr-icon\" style=\"width: 24px; height: 24px;\"><\/div>\n        <\/div>\n    <\/div>\n<\/div>\n                \n\n<div class=\"kksr-legend\" style=\"font-size: 19.2px;\">\n            <span class=\"kksr-muted\">Valora este art\u00edculo<\/span>\n    <\/div>\n    <\/div>\n","protected":false},"excerpt":{"rendered":"<p>\u00a0Adem\u00e1s de sus terrazas y sus noches al aire libre,  [&#8230;]<\/p>\n","protected":false},"author":4,"featured_media":4953,"comment_status":"closed","ping_status":"closed","sticky":false,"template":"","format":"standard","meta":{"footnotes":""},"categories":[79],"tags":[70,5,71],"class_list":["post-4940","post","type-post","status-publish","format-standard","has-post-thumbnail","hentry","category-vivir-madrid","tag-festivales","tag-madrid","tag-musica"],"yoast_head":"<!-- This site is optimized with the Yoast SEO plugin v27.4 - https:\/\/yoast.com\/product\/yoast-seo-wordpress\/ -->\n<title>Comienza la temporada festivalera Madrid<\/title>\n<meta name=\"description\" content=\"Adem\u00e1s de sus terrazas y sus noches al aire libre, Madrid en verano nos encanta por su programaci\u00f3n festivalera.Flamenco,Fados,Pop,hard rock,.Por MadridFansblog\" \/>\n<meta name=\"robots\" content=\"index, follow, max-snippet:-1, max-image-preview:large, max-video-preview:-1\" \/>\n<link rel=\"canonical\" href=\"https:\/\/www.proinca.es\/madridfansblog\/comienza-la-temporada-festivalera-en-madrid\/\" \/>\n<meta property=\"og:locale\" content=\"es_ES\" \/>\n<meta property=\"og:type\" content=\"article\" \/>\n<meta property=\"og:title\" content=\"Comienza la temporada festivalera Madrid\" \/>\n<meta property=\"og:description\" content=\"Adem\u00e1s de sus terrazas y sus noches al aire libre, Madrid en verano nos encanta por su programaci\u00f3n festivalera.Flamenco,Fados,Pop,hard rock,.Por MadridFansblog\" \/>\n<meta property=\"og:url\" content=\"https:\/\/www.proinca.es\/madridfansblog\/comienza-la-temporada-festivalera-en-madrid\/\" \/>\n<meta property=\"og:site_name\" content=\"Blog Proinca Madrid\" \/>\n<meta property=\"article:published_time\" content=\"2017-06-20T18:24:19+00:00\" \/>\n<meta property=\"article:modified_time\" content=\"2025-05-28T13:32:39+00:00\" \/>\n<meta property=\"og:image\" content=\"https:\/\/www.proinca.es\/madridfansblog\/wp-content\/uploads\/2017\/06\/universal-music-festival-madrid-2017.jpg\" \/>\n\t<meta property=\"og:image:width\" content=\"600\" \/>\n\t<meta property=\"og:image:height\" content=\"222\" \/>\n\t<meta property=\"og:image:type\" content=\"image\/jpeg\" \/>\n<meta name=\"author\" content=\"Ana Calero\" \/>\n<script type=\"application\/ld+json\" class=\"yoast-schema-graph\">{\"@context\":\"https:\\\/\\\/schema.org\",\"@graph\":[{\"@type\":\"Article\",\"@id\":\"https:\\\/\\\/www.proinca.es\\\/madridfansblog\\\/comienza-la-temporada-festivalera-en-madrid\\\/#article\",\"isPartOf\":{\"@id\":\"https:\\\/\\\/www.proinca.es\\\/madridfansblog\\\/comienza-la-temporada-festivalera-en-madrid\\\/\"},\"author\":{\"name\":\"Ana Calero\",\"@id\":\"https:\\\/\\\/www.proinca.es\\\/madridfansblog\\\/#\\\/schema\\\/person\\\/8401adc89c0a0f5a3574c43326247f1e\"},\"headline\":\"COMIENZA LA TEMPORADA FESTIVALERA EN MADRID\",\"datePublished\":\"2017-06-20T18:24:19+00:00\",\"dateModified\":\"2025-05-28T13:32:39+00:00\",\"mainEntityOfPage\":{\"@id\":\"https:\\\/\\\/www.proinca.es\\\/madridfansblog\\\/comienza-la-temporada-festivalera-en-madrid\\\/\"},\"wordCount\":547,\"publisher\":{\"@id\":\"https:\\\/\\\/www.proinca.es\\\/madridfansblog\\\/#organization\"},\"image\":{\"@id\":\"https:\\\/\\\/www.proinca.es\\\/madridfansblog\\\/comienza-la-temporada-festivalera-en-madrid\\\/#primaryimage\"},\"thumbnailUrl\":\"https:\\\/\\\/www.proinca.es\\\/madridfansblog\\\/wp-content\\\/uploads\\\/2017\\\/06\\\/universal-music-festival-madrid-2017.jpg\",\"keywords\":[\"Festivales\",\"Madrid\",\"M\u00fasica\"],\"articleSection\":[\"VIVIR MADRID\"],\"inLanguage\":\"es\"},{\"@type\":\"WebPage\",\"@id\":\"https:\\\/\\\/www.proinca.es\\\/madridfansblog\\\/comienza-la-temporada-festivalera-en-madrid\\\/\",\"url\":\"https:\\\/\\\/www.proinca.es\\\/madridfansblog\\\/comienza-la-temporada-festivalera-en-madrid\\\/\",\"name\":\"Comienza la temporada festivalera Madrid\",\"isPartOf\":{\"@id\":\"https:\\\/\\\/www.proinca.es\\\/madridfansblog\\\/#website\"},\"primaryImageOfPage\":{\"@id\":\"https:\\\/\\\/www.proinca.es\\\/madridfansblog\\\/comienza-la-temporada-festivalera-en-madrid\\\/#primaryimage\"},\"image\":{\"@id\":\"https:\\\/\\\/www.proinca.es\\\/madridfansblog\\\/comienza-la-temporada-festivalera-en-madrid\\\/#primaryimage\"},\"thumbnailUrl\":\"https:\\\/\\\/www.proinca.es\\\/madridfansblog\\\/wp-content\\\/uploads\\\/2017\\\/06\\\/universal-music-festival-madrid-2017.jpg\",\"datePublished\":\"2017-06-20T18:24:19+00:00\",\"dateModified\":\"2025-05-28T13:32:39+00:00\",\"description\":\"Adem\u00e1s de sus terrazas y sus noches al aire libre, Madrid en verano nos encanta por su programaci\u00f3n festivalera.Flamenco,Fados,Pop,hard rock,.Por MadridFansblog\",\"inLanguage\":\"es\",\"potentialAction\":[{\"@type\":\"ReadAction\",\"target\":[\"https:\\\/\\\/www.proinca.es\\\/madridfansblog\\\/comienza-la-temporada-festivalera-en-madrid\\\/\"]}]},{\"@type\":\"ImageObject\",\"inLanguage\":\"es\",\"@id\":\"https:\\\/\\\/www.proinca.es\\\/madridfansblog\\\/comienza-la-temporada-festivalera-en-madrid\\\/#primaryimage\",\"url\":\"https:\\\/\\\/www.proinca.es\\\/madridfansblog\\\/wp-content\\\/uploads\\\/2017\\\/06\\\/universal-music-festival-madrid-2017.jpg\",\"contentUrl\":\"https:\\\/\\\/www.proinca.es\\\/madridfansblog\\\/wp-content\\\/uploads\\\/2017\\\/06\\\/universal-music-festival-madrid-2017.jpg\",\"width\":600,\"height\":222,\"caption\":\"universal music festival 2017 madrid\"},{\"@type\":\"WebSite\",\"@id\":\"https:\\\/\\\/www.proinca.es\\\/madridfansblog\\\/#website\",\"url\":\"https:\\\/\\\/www.proinca.es\\\/madridfansblog\\\/\",\"name\":\"Madrid Fans Blog Proinca\",\"description\":\"Pisos y apartamentos de alquiler en Madrid\",\"publisher\":{\"@id\":\"https:\\\/\\\/www.proinca.es\\\/madridfansblog\\\/#organization\"},\"potentialAction\":[{\"@type\":\"SearchAction\",\"target\":{\"@type\":\"EntryPoint\",\"urlTemplate\":\"https:\\\/\\\/www.proinca.es\\\/madridfansblog\\\/?s={search_term_string}\"},\"query-input\":{\"@type\":\"PropertyValueSpecification\",\"valueRequired\":true,\"valueName\":\"search_term_string\"}}],\"inLanguage\":\"es\"},{\"@type\":\"Organization\",\"@id\":\"https:\\\/\\\/www.proinca.es\\\/madridfansblog\\\/#organization\",\"name\":\"Proinca\",\"url\":\"https:\\\/\\\/www.proinca.es\\\/madridfansblog\\\/\",\"logo\":{\"@type\":\"ImageObject\",\"inLanguage\":\"es\",\"@id\":\"https:\\\/\\\/www.proinca.es\\\/madridfansblog\\\/#\\\/schema\\\/logo\\\/image\\\/\",\"url\":\"https:\\\/\\\/www.proinca.es\\\/madridfansblog\\\/wp-content\\\/uploads\\\/2022\\\/03\\\/logo-proinca.jpg\",\"contentUrl\":\"https:\\\/\\\/www.proinca.es\\\/madridfansblog\\\/wp-content\\\/uploads\\\/2022\\\/03\\\/logo-proinca.jpg\",\"width\":522,\"height\":250,\"caption\":\"Proinca\"},\"image\":{\"@id\":\"https:\\\/\\\/www.proinca.es\\\/madridfansblog\\\/#\\\/schema\\\/logo\\\/image\\\/\"}},{\"@type\":\"Person\",\"@id\":\"https:\\\/\\\/www.proinca.es\\\/madridfansblog\\\/#\\\/schema\\\/person\\\/8401adc89c0a0f5a3574c43326247f1e\",\"name\":\"Ana Calero\",\"image\":{\"@type\":\"ImageObject\",\"inLanguage\":\"es\",\"@id\":\"https:\\\/\\\/www.proinca.es\\\/madridfansblog\\\/wp-content\\\/litespeed\\\/avatar\\\/ef51b25c0718910f475570320941ef46.jpg?ver=1777379772\",\"url\":\"https:\\\/\\\/www.proinca.es\\\/madridfansblog\\\/wp-content\\\/litespeed\\\/avatar\\\/ef51b25c0718910f475570320941ef46.jpg?ver=1777379772\",\"contentUrl\":\"https:\\\/\\\/www.proinca.es\\\/madridfansblog\\\/wp-content\\\/litespeed\\\/avatar\\\/ef51b25c0718910f475570320941ef46.jpg?ver=1777379772\",\"caption\":\"Ana Calero\"},\"description\":\"Licenciada en Ciencias Empresariales por la Universidad Aut\u00f3noma de Madrid. Forma parte del equipo de Apartamentos Proinca y es una enamorada de Madrid\",\"sameAs\":[\"https:\\\/\\\/www.proinca.es\\\/madridfansblog\\\/ana-calero\\\/\"]}]}<\/script>\n<!-- \/ Yoast SEO plugin. -->","yoast_head_json":{"title":"Comienza la temporada festivalera Madrid","description":"Adem\u00e1s de sus terrazas y sus noches al aire libre, Madrid en verano nos encanta por su programaci\u00f3n festivalera.Flamenco,Fados,Pop,hard rock,.Por MadridFansblog","robots":{"index":"index","follow":"follow","max-snippet":"max-snippet:-1","max-image-preview":"max-image-preview:large","max-video-preview":"max-video-preview:-1"},"canonical":"https:\/\/www.proinca.es\/madridfansblog\/comienza-la-temporada-festivalera-en-madrid\/","og_locale":"es_ES","og_type":"article","og_title":"Comienza la temporada festivalera Madrid","og_description":"Adem\u00e1s de sus terrazas y sus noches al aire libre, Madrid en verano nos encanta por su programaci\u00f3n festivalera.Flamenco,Fados,Pop,hard rock,.Por MadridFansblog","og_url":"https:\/\/www.proinca.es\/madridfansblog\/comienza-la-temporada-festivalera-en-madrid\/","og_site_name":"Blog Proinca Madrid","article_published_time":"2017-06-20T18:24:19+00:00","article_modified_time":"2025-05-28T13:32:39+00:00","og_image":[{"width":600,"height":222,"url":"https:\/\/www.proinca.es\/madridfansblog\/wp-content\/uploads\/2017\/06\/universal-music-festival-madrid-2017.jpg","type":"image\/jpeg"}],"author":"Ana Calero","schema":{"@context":"https:\/\/schema.org","@graph":[{"@type":"Article","@id":"https:\/\/www.proinca.es\/madridfansblog\/comienza-la-temporada-festivalera-en-madrid\/#article","isPartOf":{"@id":"https:\/\/www.proinca.es\/madridfansblog\/comienza-la-temporada-festivalera-en-madrid\/"},"author":{"name":"Ana Calero","@id":"https:\/\/www.proinca.es\/madridfansblog\/#\/schema\/person\/8401adc89c0a0f5a3574c43326247f1e"},"headline":"COMIENZA LA TEMPORADA FESTIVALERA EN MADRID","datePublished":"2017-06-20T18:24:19+00:00","dateModified":"2025-05-28T13:32:39+00:00","mainEntityOfPage":{"@id":"https:\/\/www.proinca.es\/madridfansblog\/comienza-la-temporada-festivalera-en-madrid\/"},"wordCount":547,"publisher":{"@id":"https:\/\/www.proinca.es\/madridfansblog\/#organization"},"image":{"@id":"https:\/\/www.proinca.es\/madridfansblog\/comienza-la-temporada-festivalera-en-madrid\/#primaryimage"},"thumbnailUrl":"https:\/\/www.proinca.es\/madridfansblog\/wp-content\/uploads\/2017\/06\/universal-music-festival-madrid-2017.jpg","keywords":["Festivales","Madrid","M\u00fasica"],"articleSection":["VIVIR MADRID"],"inLanguage":"es"},{"@type":"WebPage","@id":"https:\/\/www.proinca.es\/madridfansblog\/comienza-la-temporada-festivalera-en-madrid\/","url":"https:\/\/www.proinca.es\/madridfansblog\/comienza-la-temporada-festivalera-en-madrid\/","name":"Comienza la temporada festivalera Madrid","isPartOf":{"@id":"https:\/\/www.proinca.es\/madridfansblog\/#website"},"primaryImageOfPage":{"@id":"https:\/\/www.proinca.es\/madridfansblog\/comienza-la-temporada-festivalera-en-madrid\/#primaryimage"},"image":{"@id":"https:\/\/www.proinca.es\/madridfansblog\/comienza-la-temporada-festivalera-en-madrid\/#primaryimage"},"thumbnailUrl":"https:\/\/www.proinca.es\/madridfansblog\/wp-content\/uploads\/2017\/06\/universal-music-festival-madrid-2017.jpg","datePublished":"2017-06-20T18:24:19+00:00","dateModified":"2025-05-28T13:32:39+00:00","description":"Adem\u00e1s de sus terrazas y sus noches al aire libre, Madrid en verano nos encanta por su programaci\u00f3n festivalera.Flamenco,Fados,Pop,hard rock,.Por MadridFansblog","inLanguage":"es","potentialAction":[{"@type":"ReadAction","target":["https:\/\/www.proinca.es\/madridfansblog\/comienza-la-temporada-festivalera-en-madrid\/"]}]},{"@type":"ImageObject","inLanguage":"es","@id":"https:\/\/www.proinca.es\/madridfansblog\/comienza-la-temporada-festivalera-en-madrid\/#primaryimage","url":"https:\/\/www.proinca.es\/madridfansblog\/wp-content\/uploads\/2017\/06\/universal-music-festival-madrid-2017.jpg","contentUrl":"https:\/\/www.proinca.es\/madridfansblog\/wp-content\/uploads\/2017\/06\/universal-music-festival-madrid-2017.jpg","width":600,"height":222,"caption":"universal music festival 2017 madrid"},{"@type":"WebSite","@id":"https:\/\/www.proinca.es\/madridfansblog\/#website","url":"https:\/\/www.proinca.es\/madridfansblog\/","name":"Madrid Fans Blog Proinca","description":"Pisos y apartamentos de alquiler en Madrid","publisher":{"@id":"https:\/\/www.proinca.es\/madridfansblog\/#organization"},"potentialAction":[{"@type":"SearchAction","target":{"@type":"EntryPoint","urlTemplate":"https:\/\/www.proinca.es\/madridfansblog\/?s={search_term_string}"},"query-input":{"@type":"PropertyValueSpecification","valueRequired":true,"valueName":"search_term_string"}}],"inLanguage":"es"},{"@type":"Organization","@id":"https:\/\/www.proinca.es\/madridfansblog\/#organization","name":"Proinca","url":"https:\/\/www.proinca.es\/madridfansblog\/","logo":{"@type":"ImageObject","inLanguage":"es","@id":"https:\/\/www.proinca.es\/madridfansblog\/#\/schema\/logo\/image\/","url":"https:\/\/www.proinca.es\/madridfansblog\/wp-content\/uploads\/2022\/03\/logo-proinca.jpg","contentUrl":"https:\/\/www.proinca.es\/madridfansblog\/wp-content\/uploads\/2022\/03\/logo-proinca.jpg","width":522,"height":250,"caption":"Proinca"},"image":{"@id":"https:\/\/www.proinca.es\/madridfansblog\/#\/schema\/logo\/image\/"}},{"@type":"Person","@id":"https:\/\/www.proinca.es\/madridfansblog\/#\/schema\/person\/8401adc89c0a0f5a3574c43326247f1e","name":"Ana Calero","image":{"@type":"ImageObject","inLanguage":"es","@id":"https:\/\/www.proinca.es\/madridfansblog\/wp-content\/litespeed\/avatar\/ef51b25c0718910f475570320941ef46.jpg?ver=1777379772","url":"https:\/\/www.proinca.es\/madridfansblog\/wp-content\/litespeed\/avatar\/ef51b25c0718910f475570320941ef46.jpg?ver=1777379772","contentUrl":"https:\/\/www.proinca.es\/madridfansblog\/wp-content\/litespeed\/avatar\/ef51b25c0718910f475570320941ef46.jpg?ver=1777379772","caption":"Ana Calero"},"description":"Licenciada en Ciencias Empresariales por la Universidad Aut\u00f3noma de Madrid. Forma parte del equipo de Apartamentos Proinca y es una enamorada de Madrid","sameAs":["https:\/\/www.proinca.es\/madridfansblog\/ana-calero\/"]}]}},"_links":{"self":[{"href":"https:\/\/www.proinca.es\/madridfansblog\/wp-json\/wp\/v2\/posts\/4940","targetHints":{"allow":["GET"]}}],"collection":[{"href":"https:\/\/www.proinca.es\/madridfansblog\/wp-json\/wp\/v2\/posts"}],"about":[{"href":"https:\/\/www.proinca.es\/madridfansblog\/wp-json\/wp\/v2\/types\/post"}],"author":[{"embeddable":true,"href":"https:\/\/www.proinca.es\/madridfansblog\/wp-json\/wp\/v2\/users\/4"}],"replies":[{"embeddable":true,"href":"https:\/\/www.proinca.es\/madridfansblog\/wp-json\/wp\/v2\/comments?post=4940"}],"version-history":[{"count":17,"href":"https:\/\/www.proinca.es\/madridfansblog\/wp-json\/wp\/v2\/posts\/4940\/revisions"}],"predecessor-version":[{"id":7356,"href":"https:\/\/www.proinca.es\/madridfansblog\/wp-json\/wp\/v2\/posts\/4940\/revisions\/7356"}],"wp:featuredmedia":[{"embeddable":true,"href":"https:\/\/www.proinca.es\/madridfansblog\/wp-json\/wp\/v2\/media\/4953"}],"wp:attachment":[{"href":"https:\/\/www.proinca.es\/madridfansblog\/wp-json\/wp\/v2\/media?parent=4940"}],"wp:term":[{"taxonomy":"category","embeddable":true,"href":"https:\/\/www.proinca.es\/madridfansblog\/wp-json\/wp\/v2\/categories?post=4940"},{"taxonomy":"post_tag","embeddable":true,"href":"https:\/\/www.proinca.es\/madridfansblog\/wp-json\/wp\/v2\/tags?post=4940"}],"curies":[{"name":"wp","href":"https:\/\/api.w.org\/{rel}","templated":true}]}}