{"id":4978,"date":"2017-07-25T18:43:05","date_gmt":"2017-07-25T16:43:05","guid":{"rendered":"http:\/\/www.proinca.es\/madridfansblog\/?p=4978"},"modified":"2025-05-28T15:32:53","modified_gmt":"2025-05-28T13:32:53","slug":"terrazas-para-disfrutar-del-verano-en-madrid","status":"publish","type":"post","link":"https:\/\/www.proinca.es\/madridfansblog\/terrazas-para-disfrutar-del-verano-en-madrid\/","title":{"rendered":"TERRAZAS PARA DISFRUTAR DEL VERANO EN MADRID"},"content":{"rendered":"<p><strong>\u00a0<\/strong><strong>Madrid<\/strong> no tendr\u00e1 playa pero s\u00ed <strong>terrazas<\/strong> donde tomarse las mejores ca\u00f1as del mundo<!--more-->, bien fresquitas, y en las que planear ese maravilloso fin de semana bajo el sol del verano que te espera a la vuelta de la esquina.<\/p>\n<p>Lo saben bien quienes se afanan en la b\u00fasqueda de rincones discretos a salvo de las multitudes y de los extranjeros que estas semanas transitan la ciudad. Las terrazas, en Madrid, son muchas y diversas:<\/p>\n<p>Las hay muy populares y muy populosas como la terraza del m\u00edtico <strong>caf\u00e9 literario Gij\u00f3n<\/strong>, en el 21 del paseo de Recoletos; punto de encuentro obligado entre los j\u00f3venes al menos una vez en todo el verano, la reformada <strong>Casa de Granada<\/strong>, muy cerquita de Sol (calle del Dr. Cortezo, 17), es una de ellas; de lo m\u00e1s castizas, cualquiera de las situadas en la plaza Mayor o alrededores como<strong> la terraza del Caf\u00e9 de Oriente<\/strong> (Plaza de oriente, 2); espectaculares por sus vista, la que cada a\u00f1o se apodera de<strong> la azotea del C\u00edrculo de Bellas Artes<\/strong> es uno de los mejores lugares de la ciudad donde ver atardecer, tambi\u00e9n lo es la <strong>terraza del Caf\u00e9 del R\u00edo<\/strong> (Avenida de Portugal, 1), con una estupenda panor\u00e1mica de Madrid que incluye la imagen de la Almudena, del Palacio de Oriente y de Madrid Rio; con mucho ocio<strong>,<\/strong> al puro estilo de <strong>la terraza de la Casa Encendida<\/strong>, cuya programaci\u00f3n incluye cine y m\u00fasica en directo; rec\u00f3nditas como<strong> la terraza interior del restaurante Saporem<\/strong> en el Barrio de las Letras (calle Ventura de la Vega, 5); rodeadas de verde, el quiosco y <strong>terraza Atenas<\/strong>, en el parque de mismo nombre, es uno de los mejores ejemplos de terraza integrada en un entorno natural urbano; modernas, coloridas y muy vitalistas como la de <strong>Do\u00f1a Tecla<\/strong>, en el n\u00famero 2 de Pintor Juan Gris, o que tocan las nubes como el <strong>\u00e1tico del hotel The Principal<\/strong> (calle Marqu\u00e9s de Valdeiglesias, 1).<\/p>\n<p>Informaci\u00f3n patrocinada por\u00a0<strong><a title=\"Proinca apartamentos de alquiler en Madrid\" href=\"http:\/\/www.proinca.es\" target=\"_blank\" rel=\"noopener\">Proinca: Apartamentos de alquiler en Madrid<\/a><\/strong><\/p>\n<p>Foto de Alisa Anton en Unsplash<\/p>\n\n\n<div class=\"kk-star-ratings kksr-auto kksr-align-left kksr-valign-bottom\"\n    data-payload='{&quot;align&quot;:&quot;left&quot;,&quot;id&quot;:&quot;4978&quot;,&quot;slug&quot;:&quot;default&quot;,&quot;valign&quot;:&quot;bottom&quot;,&quot;ignore&quot;:&quot;&quot;,&quot;reference&quot;:&quot;auto&quot;,&quot;class&quot;:&quot;&quot;,&quot;count&quot;:&quot;0&quot;,&quot;legendonly&quot;:&quot;&quot;,&quot;readonly&quot;:&quot;&quot;,&quot;score&quot;:&quot;0&quot;,&quot;starsonly&quot;:&quot;&quot;,&quot;best&quot;:&quot;5&quot;,&quot;gap&quot;:&quot;1&quot;,&quot;greet&quot;:&quot;Valora este art\u00edculo&quot;,&quot;legend&quot;:&quot;0\\\/5 - (0 votos)&quot;,&quot;size&quot;:&quot;24&quot;,&quot;title&quot;:&quot;TERRAZAS PARA DISFRUTAR DEL VERANO EN MADRID&quot;,&quot;width&quot;:&quot;0&quot;,&quot;_legend&quot;:&quot;{score}\\\/{best} - ({count} {votes})&quot;,&quot;font_factor&quot;:&quot;1.25&quot;}'>\n            \n<div class=\"kksr-stars\">\n    \n<div class=\"kksr-stars-inactive\">\n            <div class=\"kksr-star\" data-star=\"1\" style=\"padding-right: 1px\">\n            \n\n<div class=\"kksr-icon\" style=\"width: 24px; height: 24px;\"><\/div>\n        <\/div>\n            <div class=\"kksr-star\" data-star=\"2\" style=\"padding-right: 1px\">\n            \n\n<div class=\"kksr-icon\" style=\"width: 24px; height: 24px;\"><\/div>\n        <\/div>\n            <div class=\"kksr-star\" data-star=\"3\" style=\"padding-right: 1px\">\n            \n\n<div class=\"kksr-icon\" style=\"width: 24px; height: 24px;\"><\/div>\n        <\/div>\n            <div class=\"kksr-star\" data-star=\"4\" style=\"padding-right: 1px\">\n            \n\n<div class=\"kksr-icon\" style=\"width: 24px; height: 24px;\"><\/div>\n        <\/div>\n            <div class=\"kksr-star\" data-star=\"5\" style=\"padding-right: 1px\">\n            \n\n<div class=\"kksr-icon\" style=\"width: 24px; height: 24px;\"><\/div>\n        <\/div>\n    <\/div>\n    \n<div class=\"kksr-stars-active\" style=\"width: 0px;\">\n            <div class=\"kksr-star\" style=\"padding-right: 1px\">\n            \n\n<div class=\"kksr-icon\" style=\"width: 24px; height: 24px;\"><\/div>\n        <\/div>\n            <div class=\"kksr-star\" style=\"padding-right: 1px\">\n            \n\n<div class=\"kksr-icon\" style=\"width: 24px; height: 24px;\"><\/div>\n        <\/div>\n            <div class=\"kksr-star\" style=\"padding-right: 1px\">\n            \n\n<div class=\"kksr-icon\" style=\"width: 24px; height: 24px;\"><\/div>\n        <\/div>\n            <div class=\"kksr-star\" style=\"padding-right: 1px\">\n            \n\n<div class=\"kksr-icon\" style=\"width: 24px; height: 24px;\"><\/div>\n        <\/div>\n            <div class=\"kksr-star\" style=\"padding-right: 1px\">\n            \n\n<div class=\"kksr-icon\" style=\"width: 24px; height: 24px;\"><\/div>\n        <\/div>\n    <\/div>\n<\/div>\n                \n\n<div class=\"kksr-legend\" style=\"font-size: 19.2px;\">\n            <span class=\"kksr-muted\">Valora este art\u00edculo<\/span>\n    <\/div>\n    <\/div>\n","protected":false},"excerpt":{"rendered":"<p>\u00a0Madrid no tendr\u00e1 playa pero s\u00ed terrazas donde tomarse las  [&#8230;]<\/p>\n","protected":false},"author":4,"featured_media":7278,"comment_status":"closed","ping_status":"closed","sticky":false,"template":"","format":"standard","meta":{"footnotes":""},"categories":[79],"tags":[5,46],"class_list":["post-4978","post","type-post","status-publish","format-standard","has-post-thumbnail","hentry","category-vivir-madrid","tag-madrid","tag-terrazas"],"yoast_head":"<!-- This site is optimized with the Yoast SEO plugin v27.4 - https:\/\/yoast.com\/product\/yoast-seo-wordpress\/ -->\n<title>Terrazas para disfrutar del verano Madrid<\/title>\n<meta name=\"description\" content=\"Madrid no tendr\u00e1 playa pero s\u00ed terrazas donde tomarse las mejores ca\u00f1as del mundo, las hay populares, con magn\u00edficas vistas, reconditas.....Por MadridFansblog\" \/>\n<meta name=\"robots\" content=\"index, follow, max-snippet:-1, max-image-preview:large, max-video-preview:-1\" \/>\n<link rel=\"canonical\" href=\"https:\/\/www.proinca.es\/madridfansblog\/terrazas-para-disfrutar-del-verano-en-madrid\/\" \/>\n<meta property=\"og:locale\" content=\"es_ES\" \/>\n<meta property=\"og:type\" content=\"article\" \/>\n<meta property=\"og:title\" content=\"Terrazas para disfrutar del verano Madrid\" \/>\n<meta property=\"og:description\" content=\"Madrid no tendr\u00e1 playa pero s\u00ed terrazas donde tomarse las mejores ca\u00f1as del mundo, las hay populares, con magn\u00edficas vistas, reconditas.....Por MadridFansblog\" \/>\n<meta property=\"og:url\" content=\"https:\/\/www.proinca.es\/madridfansblog\/terrazas-para-disfrutar-del-verano-en-madrid\/\" \/>\n<meta property=\"og:site_name\" content=\"Blog Proinca Madrid\" \/>\n<meta property=\"article:published_time\" content=\"2017-07-25T16:43:05+00:00\" \/>\n<meta property=\"article:modified_time\" content=\"2025-05-28T13:32:53+00:00\" \/>\n<meta property=\"og:image\" content=\"https:\/\/www.proinca.es\/madridfansblog\/wp-content\/uploads\/2017\/07\/tarrazas-verano.jpg\" \/>\n\t<meta property=\"og:image:width\" content=\"1000\" \/>\n\t<meta property=\"og:image:height\" content=\"667\" \/>\n\t<meta property=\"og:image:type\" content=\"image\/jpeg\" \/>\n<meta name=\"author\" content=\"Ana Calero\" \/>\n<script type=\"application\/ld+json\" class=\"yoast-schema-graph\">{\"@context\":\"https:\\\/\\\/schema.org\",\"@graph\":[{\"@type\":\"Article\",\"@id\":\"https:\\\/\\\/www.proinca.es\\\/madridfansblog\\\/terrazas-para-disfrutar-del-verano-en-madrid\\\/#article\",\"isPartOf\":{\"@id\":\"https:\\\/\\\/www.proinca.es\\\/madridfansblog\\\/terrazas-para-disfrutar-del-verano-en-madrid\\\/\"},\"author\":{\"name\":\"Ana Calero\",\"@id\":\"https:\\\/\\\/www.proinca.es\\\/madridfansblog\\\/#\\\/schema\\\/person\\\/8401adc89c0a0f5a3574c43326247f1e\"},\"headline\":\"TERRAZAS PARA DISFRUTAR DEL VERANO EN MADRID\",\"datePublished\":\"2017-07-25T16:43:05+00:00\",\"dateModified\":\"2025-05-28T13:32:53+00:00\",\"mainEntityOfPage\":{\"@id\":\"https:\\\/\\\/www.proinca.es\\\/madridfansblog\\\/terrazas-para-disfrutar-del-verano-en-madrid\\\/\"},\"wordCount\":356,\"publisher\":{\"@id\":\"https:\\\/\\\/www.proinca.es\\\/madridfansblog\\\/#organization\"},\"image\":{\"@id\":\"https:\\\/\\\/www.proinca.es\\\/madridfansblog\\\/terrazas-para-disfrutar-del-verano-en-madrid\\\/#primaryimage\"},\"thumbnailUrl\":\"https:\\\/\\\/www.proinca.es\\\/madridfansblog\\\/wp-content\\\/uploads\\\/2017\\\/07\\\/tarrazas-verano.jpg\",\"keywords\":[\"Madrid\",\"Terrazas\"],\"articleSection\":[\"VIVIR MADRID\"],\"inLanguage\":\"es\"},{\"@type\":\"WebPage\",\"@id\":\"https:\\\/\\\/www.proinca.es\\\/madridfansblog\\\/terrazas-para-disfrutar-del-verano-en-madrid\\\/\",\"url\":\"https:\\\/\\\/www.proinca.es\\\/madridfansblog\\\/terrazas-para-disfrutar-del-verano-en-madrid\\\/\",\"name\":\"Terrazas para disfrutar del verano Madrid\",\"isPartOf\":{\"@id\":\"https:\\\/\\\/www.proinca.es\\\/madridfansblog\\\/#website\"},\"primaryImageOfPage\":{\"@id\":\"https:\\\/\\\/www.proinca.es\\\/madridfansblog\\\/terrazas-para-disfrutar-del-verano-en-madrid\\\/#primaryimage\"},\"image\":{\"@id\":\"https:\\\/\\\/www.proinca.es\\\/madridfansblog\\\/terrazas-para-disfrutar-del-verano-en-madrid\\\/#primaryimage\"},\"thumbnailUrl\":\"https:\\\/\\\/www.proinca.es\\\/madridfansblog\\\/wp-content\\\/uploads\\\/2017\\\/07\\\/tarrazas-verano.jpg\",\"datePublished\":\"2017-07-25T16:43:05+00:00\",\"dateModified\":\"2025-05-28T13:32:53+00:00\",\"description\":\"Madrid no tendr\u00e1 playa pero s\u00ed terrazas donde tomarse las mejores ca\u00f1as del mundo, las hay populares, con magn\u00edficas vistas, reconditas.....Por MadridFansblog\",\"inLanguage\":\"es\",\"potentialAction\":[{\"@type\":\"ReadAction\",\"target\":[\"https:\\\/\\\/www.proinca.es\\\/madridfansblog\\\/terrazas-para-disfrutar-del-verano-en-madrid\\\/\"]}]},{\"@type\":\"ImageObject\",\"inLanguage\":\"es\",\"@id\":\"https:\\\/\\\/www.proinca.es\\\/madridfansblog\\\/terrazas-para-disfrutar-del-verano-en-madrid\\\/#primaryimage\",\"url\":\"https:\\\/\\\/www.proinca.es\\\/madridfansblog\\\/wp-content\\\/uploads\\\/2017\\\/07\\\/tarrazas-verano.jpg\",\"contentUrl\":\"https:\\\/\\\/www.proinca.es\\\/madridfansblog\\\/wp-content\\\/uploads\\\/2017\\\/07\\\/tarrazas-verano.jpg\",\"width\":1000,\"height\":667,\"caption\":\"Terrazas para disfrutar del verano en Madrid\"},{\"@type\":\"WebSite\",\"@id\":\"https:\\\/\\\/www.proinca.es\\\/madridfansblog\\\/#website\",\"url\":\"https:\\\/\\\/www.proinca.es\\\/madridfansblog\\\/\",\"name\":\"Madrid Fans Blog Proinca\",\"description\":\"Pisos y apartamentos de alquiler en Madrid\",\"publisher\":{\"@id\":\"https:\\\/\\\/www.proinca.es\\\/madridfansblog\\\/#organization\"},\"potentialAction\":[{\"@type\":\"SearchAction\",\"target\":{\"@type\":\"EntryPoint\",\"urlTemplate\":\"https:\\\/\\\/www.proinca.es\\\/madridfansblog\\\/?s={search_term_string}\"},\"query-input\":{\"@type\":\"PropertyValueSpecification\",\"valueRequired\":true,\"valueName\":\"search_term_string\"}}],\"inLanguage\":\"es\"},{\"@type\":\"Organization\",\"@id\":\"https:\\\/\\\/www.proinca.es\\\/madridfansblog\\\/#organization\",\"name\":\"Proinca\",\"url\":\"https:\\\/\\\/www.proinca.es\\\/madridfansblog\\\/\",\"logo\":{\"@type\":\"ImageObject\",\"inLanguage\":\"es\",\"@id\":\"https:\\\/\\\/www.proinca.es\\\/madridfansblog\\\/#\\\/schema\\\/logo\\\/image\\\/\",\"url\":\"https:\\\/\\\/www.proinca.es\\\/madridfansblog\\\/wp-content\\\/uploads\\\/2022\\\/03\\\/logo-proinca.jpg\",\"contentUrl\":\"https:\\\/\\\/www.proinca.es\\\/madridfansblog\\\/wp-content\\\/uploads\\\/2022\\\/03\\\/logo-proinca.jpg\",\"width\":522,\"height\":250,\"caption\":\"Proinca\"},\"image\":{\"@id\":\"https:\\\/\\\/www.proinca.es\\\/madridfansblog\\\/#\\\/schema\\\/logo\\\/image\\\/\"}},{\"@type\":\"Person\",\"@id\":\"https:\\\/\\\/www.proinca.es\\\/madridfansblog\\\/#\\\/schema\\\/person\\\/8401adc89c0a0f5a3574c43326247f1e\",\"name\":\"Ana Calero\",\"image\":{\"@type\":\"ImageObject\",\"inLanguage\":\"es\",\"@id\":\"https:\\\/\\\/www.proinca.es\\\/madridfansblog\\\/wp-content\\\/litespeed\\\/avatar\\\/ef51b25c0718910f475570320941ef46.jpg?ver=1777379772\",\"url\":\"https:\\\/\\\/www.proinca.es\\\/madridfansblog\\\/wp-content\\\/litespeed\\\/avatar\\\/ef51b25c0718910f475570320941ef46.jpg?ver=1777379772\",\"contentUrl\":\"https:\\\/\\\/www.proinca.es\\\/madridfansblog\\\/wp-content\\\/litespeed\\\/avatar\\\/ef51b25c0718910f475570320941ef46.jpg?ver=1777379772\",\"caption\":\"Ana Calero\"},\"description\":\"Licenciada en Ciencias Empresariales por la Universidad Aut\u00f3noma de Madrid. Forma parte del equipo de Apartamentos Proinca y es una enamorada de Madrid\",\"sameAs\":[\"https:\\\/\\\/www.proinca.es\\\/madridfansblog\\\/ana-calero\\\/\"]}]}<\/script>\n<!-- \/ Yoast SEO plugin. -->","yoast_head_json":{"title":"Terrazas para disfrutar del verano Madrid","description":"Madrid no tendr\u00e1 playa pero s\u00ed terrazas donde tomarse las mejores ca\u00f1as del mundo, las hay populares, con magn\u00edficas vistas, reconditas.....Por MadridFansblog","robots":{"index":"index","follow":"follow","max-snippet":"max-snippet:-1","max-image-preview":"max-image-preview:large","max-video-preview":"max-video-preview:-1"},"canonical":"https:\/\/www.proinca.es\/madridfansblog\/terrazas-para-disfrutar-del-verano-en-madrid\/","og_locale":"es_ES","og_type":"article","og_title":"Terrazas para disfrutar del verano Madrid","og_description":"Madrid no tendr\u00e1 playa pero s\u00ed terrazas donde tomarse las mejores ca\u00f1as del mundo, las hay populares, con magn\u00edficas vistas, reconditas.....Por MadridFansblog","og_url":"https:\/\/www.proinca.es\/madridfansblog\/terrazas-para-disfrutar-del-verano-en-madrid\/","og_site_name":"Blog Proinca Madrid","article_published_time":"2017-07-25T16:43:05+00:00","article_modified_time":"2025-05-28T13:32:53+00:00","og_image":[{"width":1000,"height":667,"url":"https:\/\/www.proinca.es\/madridfansblog\/wp-content\/uploads\/2017\/07\/tarrazas-verano.jpg","type":"image\/jpeg"}],"author":"Ana Calero","schema":{"@context":"https:\/\/schema.org","@graph":[{"@type":"Article","@id":"https:\/\/www.proinca.es\/madridfansblog\/terrazas-para-disfrutar-del-verano-en-madrid\/#article","isPartOf":{"@id":"https:\/\/www.proinca.es\/madridfansblog\/terrazas-para-disfrutar-del-verano-en-madrid\/"},"author":{"name":"Ana Calero","@id":"https:\/\/www.proinca.es\/madridfansblog\/#\/schema\/person\/8401adc89c0a0f5a3574c43326247f1e"},"headline":"TERRAZAS PARA DISFRUTAR DEL VERANO EN MADRID","datePublished":"2017-07-25T16:43:05+00:00","dateModified":"2025-05-28T13:32:53+00:00","mainEntityOfPage":{"@id":"https:\/\/www.proinca.es\/madridfansblog\/terrazas-para-disfrutar-del-verano-en-madrid\/"},"wordCount":356,"publisher":{"@id":"https:\/\/www.proinca.es\/madridfansblog\/#organization"},"image":{"@id":"https:\/\/www.proinca.es\/madridfansblog\/terrazas-para-disfrutar-del-verano-en-madrid\/#primaryimage"},"thumbnailUrl":"https:\/\/www.proinca.es\/madridfansblog\/wp-content\/uploads\/2017\/07\/tarrazas-verano.jpg","keywords":["Madrid","Terrazas"],"articleSection":["VIVIR MADRID"],"inLanguage":"es"},{"@type":"WebPage","@id":"https:\/\/www.proinca.es\/madridfansblog\/terrazas-para-disfrutar-del-verano-en-madrid\/","url":"https:\/\/www.proinca.es\/madridfansblog\/terrazas-para-disfrutar-del-verano-en-madrid\/","name":"Terrazas para disfrutar del verano Madrid","isPartOf":{"@id":"https:\/\/www.proinca.es\/madridfansblog\/#website"},"primaryImageOfPage":{"@id":"https:\/\/www.proinca.es\/madridfansblog\/terrazas-para-disfrutar-del-verano-en-madrid\/#primaryimage"},"image":{"@id":"https:\/\/www.proinca.es\/madridfansblog\/terrazas-para-disfrutar-del-verano-en-madrid\/#primaryimage"},"thumbnailUrl":"https:\/\/www.proinca.es\/madridfansblog\/wp-content\/uploads\/2017\/07\/tarrazas-verano.jpg","datePublished":"2017-07-25T16:43:05+00:00","dateModified":"2025-05-28T13:32:53+00:00","description":"Madrid no tendr\u00e1 playa pero s\u00ed terrazas donde tomarse las mejores ca\u00f1as del mundo, las hay populares, con magn\u00edficas vistas, reconditas.....Por MadridFansblog","inLanguage":"es","potentialAction":[{"@type":"ReadAction","target":["https:\/\/www.proinca.es\/madridfansblog\/terrazas-para-disfrutar-del-verano-en-madrid\/"]}]},{"@type":"ImageObject","inLanguage":"es","@id":"https:\/\/www.proinca.es\/madridfansblog\/terrazas-para-disfrutar-del-verano-en-madrid\/#primaryimage","url":"https:\/\/www.proinca.es\/madridfansblog\/wp-content\/uploads\/2017\/07\/tarrazas-verano.jpg","contentUrl":"https:\/\/www.proinca.es\/madridfansblog\/wp-content\/uploads\/2017\/07\/tarrazas-verano.jpg","width":1000,"height":667,"caption":"Terrazas para disfrutar del verano en Madrid"},{"@type":"WebSite","@id":"https:\/\/www.proinca.es\/madridfansblog\/#website","url":"https:\/\/www.proinca.es\/madridfansblog\/","name":"Madrid Fans Blog Proinca","description":"Pisos y apartamentos de alquiler en Madrid","publisher":{"@id":"https:\/\/www.proinca.es\/madridfansblog\/#organization"},"potentialAction":[{"@type":"SearchAction","target":{"@type":"EntryPoint","urlTemplate":"https:\/\/www.proinca.es\/madridfansblog\/?s={search_term_string}"},"query-input":{"@type":"PropertyValueSpecification","valueRequired":true,"valueName":"search_term_string"}}],"inLanguage":"es"},{"@type":"Organization","@id":"https:\/\/www.proinca.es\/madridfansblog\/#organization","name":"Proinca","url":"https:\/\/www.proinca.es\/madridfansblog\/","logo":{"@type":"ImageObject","inLanguage":"es","@id":"https:\/\/www.proinca.es\/madridfansblog\/#\/schema\/logo\/image\/","url":"https:\/\/www.proinca.es\/madridfansblog\/wp-content\/uploads\/2022\/03\/logo-proinca.jpg","contentUrl":"https:\/\/www.proinca.es\/madridfansblog\/wp-content\/uploads\/2022\/03\/logo-proinca.jpg","width":522,"height":250,"caption":"Proinca"},"image":{"@id":"https:\/\/www.proinca.es\/madridfansblog\/#\/schema\/logo\/image\/"}},{"@type":"Person","@id":"https:\/\/www.proinca.es\/madridfansblog\/#\/schema\/person\/8401adc89c0a0f5a3574c43326247f1e","name":"Ana Calero","image":{"@type":"ImageObject","inLanguage":"es","@id":"https:\/\/www.proinca.es\/madridfansblog\/wp-content\/litespeed\/avatar\/ef51b25c0718910f475570320941ef46.jpg?ver=1777379772","url":"https:\/\/www.proinca.es\/madridfansblog\/wp-content\/litespeed\/avatar\/ef51b25c0718910f475570320941ef46.jpg?ver=1777379772","contentUrl":"https:\/\/www.proinca.es\/madridfansblog\/wp-content\/litespeed\/avatar\/ef51b25c0718910f475570320941ef46.jpg?ver=1777379772","caption":"Ana Calero"},"description":"Licenciada en Ciencias Empresariales por la Universidad Aut\u00f3noma de Madrid. Forma parte del equipo de Apartamentos Proinca y es una enamorada de Madrid","sameAs":["https:\/\/www.proinca.es\/madridfansblog\/ana-calero\/"]}]}},"_links":{"self":[{"href":"https:\/\/www.proinca.es\/madridfansblog\/wp-json\/wp\/v2\/posts\/4978","targetHints":{"allow":["GET"]}}],"collection":[{"href":"https:\/\/www.proinca.es\/madridfansblog\/wp-json\/wp\/v2\/posts"}],"about":[{"href":"https:\/\/www.proinca.es\/madridfansblog\/wp-json\/wp\/v2\/types\/post"}],"author":[{"embeddable":true,"href":"https:\/\/www.proinca.es\/madridfansblog\/wp-json\/wp\/v2\/users\/4"}],"replies":[{"embeddable":true,"href":"https:\/\/www.proinca.es\/madridfansblog\/wp-json\/wp\/v2\/comments?post=4978"}],"version-history":[{"count":13,"href":"https:\/\/www.proinca.es\/madridfansblog\/wp-json\/wp\/v2\/posts\/4978\/revisions"}],"predecessor-version":[{"id":7455,"href":"https:\/\/www.proinca.es\/madridfansblog\/wp-json\/wp\/v2\/posts\/4978\/revisions\/7455"}],"wp:featuredmedia":[{"embeddable":true,"href":"https:\/\/www.proinca.es\/madridfansblog\/wp-json\/wp\/v2\/media\/7278"}],"wp:attachment":[{"href":"https:\/\/www.proinca.es\/madridfansblog\/wp-json\/wp\/v2\/media?parent=4978"}],"wp:term":[{"taxonomy":"category","embeddable":true,"href":"https:\/\/www.proinca.es\/madridfansblog\/wp-json\/wp\/v2\/categories?post=4978"},{"taxonomy":"post_tag","embeddable":true,"href":"https:\/\/www.proinca.es\/madridfansblog\/wp-json\/wp\/v2\/tags?post=4978"}],"curies":[{"name":"wp","href":"https:\/\/api.w.org\/{rel}","templated":true}]}}