{"id":501,"date":"2012-07-27T10:30:35","date_gmt":"2012-07-27T10:30:35","guid":{"rendered":"http:\/\/www.proinca.es\/madridfansblog\/?p=501"},"modified":"2025-05-28T15:35:04","modified_gmt":"2025-05-28T13:35:04","slug":"el-tren-de-la-fresa-de-excursion-por-madrid","status":"publish","type":"post","link":"https:\/\/www.proinca.es\/madridfansblog\/el-tren-de-la-fresa-de-excursion-por-madrid\/","title":{"rendered":"EL TREN DE LA FRESA. DE EXCURSI\u00d3N POR MADRID."},"content":{"rendered":"<p>Si vives en Madrid o vienes a Madrid con un poco de tiempo, tienes una buena oportunidad de disfrutar en estos meses de verano de un cl\u00e1sico del turismo madrile\u00f1o y quiz\u00e1s de una de esas iniciativas singulares que cada vez ser\u00e1 m\u00e1s dif\u00edcil ver en el futuro. Es el <strong>Tren de la Fresa<\/strong> y en este a\u00f1o, como iniciativa <em>\u2018retro\u2019,<\/em> se celebra su 28\u00ba cumplea\u00f1os, con una locomotora de vapor y viejos vagones que han observado el progreso del ferrocarril durante casi todo un siglo.<\/p>\n<p><!--more-->Toda la vida he vivido en Madrid y sin embargo ha sido este a\u00f1o cuando, al ver nuevamente la noticia en la tele, propusimos a unos amigos hacer esta curiosa excursi\u00f3n.<\/p>\n<p>Me fui a la Estaci\u00f3n de Chamart\u00edn (no se por qu\u00e9 RENFE no vende los billetes de tren por Internet), y saqu\u00e9 los billetes para un s\u00e1bado de julio. Pagu\u00e9 30 Euros por cada billete, que incluye la ida y vuelta en el tren, as\u00ed como dos visitas guiadas: el Palacio de Aranjuez y el Museo de Fal\u00faas.<\/p>\n<p>La temporada del Tren de la Fresa comienza a finales de junio y se prolonga hasta el mes de octubre. S\u00f3lo opera en s\u00e1bados y domingos y parte del mismo <strong>Museo del Ferrocarril de Madrid<\/strong> (antigua Estaci\u00f3n de las Delicias) en el Paseo de las Delicias, 61.<\/p>\n<p>La idea de rememorar el recorrido del que fuera el primer ferrocarril de la Comunidad de Madrid y el segundo de la Pen\u00ednsula en un\u00a0\u2018tren de \u00e9poca\u2019\u00a0tiene su origen en 1984 y, desde entonces, el Tren de la Fresa se ha mantenido fiel a su cita anual.<\/p>\n<p>El Tren de la Fresa permite conocer de primera mano c\u00f3mo eran los viajes a principios del siglo pasado. Lo haces a bordo de un tren con una <strong>locomotora de vapor<\/strong>, alimentada con carb\u00f3n, dos furgones y cuatro coches de viajeros adquiridos por RENFE entre 1914 y 1930, ya restaurados (con aire acondicionado), pero conservando sus primitivos bancos de listones de madera, lo que no supone un grave inconveniente, si lo que se trata es de hacer turismo en un viaje que dura poco m\u00e1s de una hora y media.<\/p>\n<p><strong>Aranjuez<\/strong> fue la primera ciudad en estar comunicada por ferrocarril con Madrid. Por tanto, el tramo de l\u00ednea ferroviaria entre Madrid y Aranjuez cuenta ya con 160 a\u00f1os de historia. Su inauguraci\u00f3n, el 9 de febrero de 1851, permiti\u00f3 que la capital de Espa\u00f1a se comunicara con el Real Sitio de Aranjuez, pero sobre todo permiti\u00f3 que las poblaciones por las que discurre el tren (Villaverde Bajo, Getafe, Pinto, Valdemoro, Ciempozuelos y Sese\u00f1a), se incorporaran progresivamente a la era industrial con el impulso de un novedoso modo de transporte al que se comenz\u00f3 a denominar Camino de Hierro o Ferro-Carril.<\/p>\n<p>Ya en el tren para hacer el trayecto hasta la estaci\u00f3n de <strong>Aranjuez<\/strong>, el ambiente naturalmente es bastante festivo -sin peri\u00f3dicos, sin las corbatas de los rutinarios pasajeros del Puente A\u00e9reo y sin desayuno (tampoco lo da Iberia ahora), pero si con el obsequio de una tarrina de aut\u00e9nticas fresas de Aranjuez, con las que es f\u00e1cil recordar lo que eran antes las fresas y no las que comemos ahora.<\/p>\n<p>Llegar en tren hasta Aranjuez, este lugar privilegiado junto al r\u00edo Tajo, es ya un acontecimiento en s\u00ed mismo. El Paisaje Cultural de Aranjuez es uno de los m\u00e1s bellos ejemplos del mundo de la fusi\u00f3n de la naturaleza y la mano del hombre. Todo empez\u00f3 en el siglo XVI con la idea de servir para el descanso de la Monarqu\u00eda y de su Corte y los resultados son admirables, a\u00fan hoy d\u00eda. Fue declarado Patrimonio de la Humanidad por la UNESCO en 2001.<\/p>\n<p>En el parking de la estaci\u00f3n te recoge un autocar que te lleva hasta las puertas del Palacio Real para realizar la visita del mismo y observar el perfecto estado de conservaci\u00f3n en que se mantiene.<\/p>\n<p>Despu\u00e9s tienes tiempo suficiente para buscar \u00a0el restaurante que hab\u00edamos elegido previamente, con la informaci\u00f3n de <em>\u2018tripadvisor.es\u2019<\/em> sobre los mejores restaurantes de Aranjuez. Reservamos en el 2\u00ba mejor de los 51 restaurantes de Aranjuez,-el Restaurante <strong>Jos\u00e9 Carrillo<\/strong>-, donde nos dijeron por tel\u00e9fono que ten\u00edan un men\u00fa a 25 Euros. Comimos muy bien y es un restaurante a recomendar.<\/p>\n<div>\n<p>Despu\u00e9s de comer visitamos el <strong>Museo de Fal\u00faas<\/strong>, un museo bastante curioso, donde se encuentran las peculiares embarcaciones de recreo que usaban los nobles de la \u00e9poca para pasear por el r\u00edo.<\/p>\n<p>El regreso al centro lo puedes hacer paseando por los jardines, disfrutando de las bonitas fuentes que salpican el parque entre frondosos y centenarios \u00e1rboles.<\/p>\n<p>El tren regresa a las seis y media de la tarde, para llegar a Madrid, poco despu\u00e9s de las ocho.<\/p>\n<\/div>\n<p><strong><em>Antonio Mozas<\/em><\/strong><\/p>\n<p>M\u00e1s informaci\u00f3n: http:\/\/www.museodelferrocarril.org\/trendelafresa\/principal.asp<\/p>\n<p>Foto de Casey Horner en Unsplash<\/p>\n\n\n<div class=\"kk-star-ratings kksr-auto kksr-align-left kksr-valign-bottom\"\n    data-payload='{&quot;align&quot;:&quot;left&quot;,&quot;id&quot;:&quot;501&quot;,&quot;slug&quot;:&quot;default&quot;,&quot;valign&quot;:&quot;bottom&quot;,&quot;ignore&quot;:&quot;&quot;,&quot;reference&quot;:&quot;auto&quot;,&quot;class&quot;:&quot;&quot;,&quot;count&quot;:&quot;0&quot;,&quot;legendonly&quot;:&quot;&quot;,&quot;readonly&quot;:&quot;&quot;,&quot;score&quot;:&quot;0&quot;,&quot;starsonly&quot;:&quot;&quot;,&quot;best&quot;:&quot;5&quot;,&quot;gap&quot;:&quot;1&quot;,&quot;greet&quot;:&quot;Valora este art\u00edculo&quot;,&quot;legend&quot;:&quot;0\\\/5 - (0 votos)&quot;,&quot;size&quot;:&quot;24&quot;,&quot;title&quot;:&quot;EL TREN DE LA FRESA. DE EXCURSI\u00d3N POR MADRID.&quot;,&quot;width&quot;:&quot;0&quot;,&quot;_legend&quot;:&quot;{score}\\\/{best} - ({count} {votes})&quot;,&quot;font_factor&quot;:&quot;1.25&quot;}'>\n            \n<div class=\"kksr-stars\">\n    \n<div class=\"kksr-stars-inactive\">\n            <div class=\"kksr-star\" data-star=\"1\" style=\"padding-right: 1px\">\n            \n\n<div class=\"kksr-icon\" style=\"width: 24px; height: 24px;\"><\/div>\n        <\/div>\n            <div class=\"kksr-star\" data-star=\"2\" style=\"padding-right: 1px\">\n            \n\n<div class=\"kksr-icon\" style=\"width: 24px; height: 24px;\"><\/div>\n        <\/div>\n            <div class=\"kksr-star\" data-star=\"3\" style=\"padding-right: 1px\">\n            \n\n<div class=\"kksr-icon\" style=\"width: 24px; height: 24px;\"><\/div>\n        <\/div>\n            <div class=\"kksr-star\" data-star=\"4\" style=\"padding-right: 1px\">\n            \n\n<div class=\"kksr-icon\" style=\"width: 24px; height: 24px;\"><\/div>\n        <\/div>\n            <div class=\"kksr-star\" data-star=\"5\" style=\"padding-right: 1px\">\n            \n\n<div class=\"kksr-icon\" style=\"width: 24px; height: 24px;\"><\/div>\n        <\/div>\n    <\/div>\n    \n<div class=\"kksr-stars-active\" style=\"width: 0px;\">\n            <div class=\"kksr-star\" style=\"padding-right: 1px\">\n            \n\n<div class=\"kksr-icon\" style=\"width: 24px; height: 24px;\"><\/div>\n        <\/div>\n            <div class=\"kksr-star\" style=\"padding-right: 1px\">\n            \n\n<div class=\"kksr-icon\" style=\"width: 24px; height: 24px;\"><\/div>\n        <\/div>\n            <div class=\"kksr-star\" style=\"padding-right: 1px\">\n            \n\n<div class=\"kksr-icon\" style=\"width: 24px; height: 24px;\"><\/div>\n        <\/div>\n            <div class=\"kksr-star\" style=\"padding-right: 1px\">\n            \n\n<div class=\"kksr-icon\" style=\"width: 24px; height: 24px;\"><\/div>\n        <\/div>\n            <div class=\"kksr-star\" style=\"padding-right: 1px\">\n            \n\n<div class=\"kksr-icon\" style=\"width: 24px; height: 24px;\"><\/div>\n        <\/div>\n    <\/div>\n<\/div>\n                \n\n<div class=\"kksr-legend\" style=\"font-size: 19.2px;\">\n            <span class=\"kksr-muted\">Valora este art\u00edculo<\/span>\n    <\/div>\n    <\/div>\n","protected":false},"excerpt":{"rendered":"<p>Si vives en Madrid o vienes a Madrid con un  [&#8230;]<\/p>\n","protected":false},"author":4,"featured_media":7000,"comment_status":"closed","ping_status":"closed","sticky":false,"template":"","format":"standard","meta":{"footnotes":""},"categories":[79],"tags":[24,5,20,31,41],"class_list":["post-501","post","type-post","status-publish","format-standard","has-post-thumbnail","hentry","category-vivir-madrid","tag-exposiciones","tag-madrid","tag-ocio","tag-restaurantes","tag-transporte"],"yoast_head":"<!-- This site is optimized with the Yoast SEO plugin v27.4 - https:\/\/yoast.com\/product\/yoast-seo-wordpress\/ -->\n<title>Descubre el recorrido del primer ferrocarril de Madrid<\/title>\n<meta name=\"description\" content=\"El Tren de la Fresa de Madrid celebra su 28\u00ba cumplea\u00f1os. Una excursi\u00f3n para descubrir c\u00f3mo eran los viajes a principios del siglo pasado con una locomotora de vapor\" \/>\n<meta name=\"robots\" content=\"index, follow, max-snippet:-1, max-image-preview:large, max-video-preview:-1\" \/>\n<link rel=\"canonical\" href=\"https:\/\/www.proinca.es\/madridfansblog\/el-tren-de-la-fresa-de-excursion-por-madrid\/\" \/>\n<meta property=\"og:locale\" content=\"es_ES\" \/>\n<meta property=\"og:type\" content=\"article\" \/>\n<meta property=\"og:title\" content=\"Descubre el recorrido del primer ferrocarril de Madrid\" \/>\n<meta property=\"og:description\" content=\"El Tren de la Fresa de Madrid celebra su 28\u00ba cumplea\u00f1os. Una excursi\u00f3n para descubrir c\u00f3mo eran los viajes a principios del siglo pasado con una locomotora de vapor\" \/>\n<meta property=\"og:url\" content=\"https:\/\/www.proinca.es\/madridfansblog\/el-tren-de-la-fresa-de-excursion-por-madrid\/\" \/>\n<meta property=\"og:site_name\" content=\"Blog Proinca Madrid\" \/>\n<meta property=\"article:published_time\" content=\"2012-07-27T10:30:35+00:00\" \/>\n<meta property=\"article:modified_time\" content=\"2025-05-28T13:35:04+00:00\" \/>\n<meta property=\"og:image\" content=\"https:\/\/www.proinca.es\/madridfansblog\/wp-content\/uploads\/2012\/07\/tren-de-la-fresa.jpg\" \/>\n\t<meta property=\"og:image:width\" content=\"1000\" \/>\n\t<meta property=\"og:image:height\" content=\"825\" \/>\n\t<meta property=\"og:image:type\" content=\"image\/jpeg\" \/>\n<meta name=\"author\" content=\"Ana Calero\" \/>\n<script type=\"application\/ld+json\" class=\"yoast-schema-graph\">{\"@context\":\"https:\\\/\\\/schema.org\",\"@graph\":[{\"@type\":\"Article\",\"@id\":\"https:\\\/\\\/www.proinca.es\\\/madridfansblog\\\/el-tren-de-la-fresa-de-excursion-por-madrid\\\/#article\",\"isPartOf\":{\"@id\":\"https:\\\/\\\/www.proinca.es\\\/madridfansblog\\\/el-tren-de-la-fresa-de-excursion-por-madrid\\\/\"},\"author\":{\"name\":\"Ana Calero\",\"@id\":\"https:\\\/\\\/www.proinca.es\\\/madridfansblog\\\/#\\\/schema\\\/person\\\/8401adc89c0a0f5a3574c43326247f1e\"},\"headline\":\"EL TREN DE LA FRESA. DE EXCURSI\u00d3N POR MADRID.\",\"datePublished\":\"2012-07-27T10:30:35+00:00\",\"dateModified\":\"2025-05-28T13:35:04+00:00\",\"mainEntityOfPage\":{\"@id\":\"https:\\\/\\\/www.proinca.es\\\/madridfansblog\\\/el-tren-de-la-fresa-de-excursion-por-madrid\\\/\"},\"wordCount\":851,\"publisher\":{\"@id\":\"https:\\\/\\\/www.proinca.es\\\/madridfansblog\\\/#organization\"},\"image\":{\"@id\":\"https:\\\/\\\/www.proinca.es\\\/madridfansblog\\\/el-tren-de-la-fresa-de-excursion-por-madrid\\\/#primaryimage\"},\"thumbnailUrl\":\"https:\\\/\\\/www.proinca.es\\\/madridfansblog\\\/wp-content\\\/uploads\\\/2012\\\/07\\\/tren-de-la-fresa.jpg\",\"keywords\":[\"Exposiciones\",\"Madrid\",\"Ocio\",\"Restaurantes\",\"Transporte\"],\"articleSection\":[\"VIVIR MADRID\"],\"inLanguage\":\"es\"},{\"@type\":\"WebPage\",\"@id\":\"https:\\\/\\\/www.proinca.es\\\/madridfansblog\\\/el-tren-de-la-fresa-de-excursion-por-madrid\\\/\",\"url\":\"https:\\\/\\\/www.proinca.es\\\/madridfansblog\\\/el-tren-de-la-fresa-de-excursion-por-madrid\\\/\",\"name\":\"Descubre el recorrido del primer ferrocarril de Madrid\",\"isPartOf\":{\"@id\":\"https:\\\/\\\/www.proinca.es\\\/madridfansblog\\\/#website\"},\"primaryImageOfPage\":{\"@id\":\"https:\\\/\\\/www.proinca.es\\\/madridfansblog\\\/el-tren-de-la-fresa-de-excursion-por-madrid\\\/#primaryimage\"},\"image\":{\"@id\":\"https:\\\/\\\/www.proinca.es\\\/madridfansblog\\\/el-tren-de-la-fresa-de-excursion-por-madrid\\\/#primaryimage\"},\"thumbnailUrl\":\"https:\\\/\\\/www.proinca.es\\\/madridfansblog\\\/wp-content\\\/uploads\\\/2012\\\/07\\\/tren-de-la-fresa.jpg\",\"datePublished\":\"2012-07-27T10:30:35+00:00\",\"dateModified\":\"2025-05-28T13:35:04+00:00\",\"description\":\"El Tren de la Fresa de Madrid celebra su 28\u00ba cumplea\u00f1os. Una excursi\u00f3n para descubrir c\u00f3mo eran los viajes a principios del siglo pasado con una locomotora de vapor\",\"inLanguage\":\"es\",\"potentialAction\":[{\"@type\":\"ReadAction\",\"target\":[\"https:\\\/\\\/www.proinca.es\\\/madridfansblog\\\/el-tren-de-la-fresa-de-excursion-por-madrid\\\/\"]}]},{\"@type\":\"ImageObject\",\"inLanguage\":\"es\",\"@id\":\"https:\\\/\\\/www.proinca.es\\\/madridfansblog\\\/el-tren-de-la-fresa-de-excursion-por-madrid\\\/#primaryimage\",\"url\":\"https:\\\/\\\/www.proinca.es\\\/madridfansblog\\\/wp-content\\\/uploads\\\/2012\\\/07\\\/tren-de-la-fresa.jpg\",\"contentUrl\":\"https:\\\/\\\/www.proinca.es\\\/madridfansblog\\\/wp-content\\\/uploads\\\/2012\\\/07\\\/tren-de-la-fresa.jpg\",\"width\":1000,\"height\":825,\"caption\":\"El tren de la fresa. De excursi\u00f3n por madrid.\"},{\"@type\":\"WebSite\",\"@id\":\"https:\\\/\\\/www.proinca.es\\\/madridfansblog\\\/#website\",\"url\":\"https:\\\/\\\/www.proinca.es\\\/madridfansblog\\\/\",\"name\":\"Madrid Fans Blog Proinca\",\"description\":\"Pisos y apartamentos de alquiler en Madrid\",\"publisher\":{\"@id\":\"https:\\\/\\\/www.proinca.es\\\/madridfansblog\\\/#organization\"},\"potentialAction\":[{\"@type\":\"SearchAction\",\"target\":{\"@type\":\"EntryPoint\",\"urlTemplate\":\"https:\\\/\\\/www.proinca.es\\\/madridfansblog\\\/?s={search_term_string}\"},\"query-input\":{\"@type\":\"PropertyValueSpecification\",\"valueRequired\":true,\"valueName\":\"search_term_string\"}}],\"inLanguage\":\"es\"},{\"@type\":\"Organization\",\"@id\":\"https:\\\/\\\/www.proinca.es\\\/madridfansblog\\\/#organization\",\"name\":\"Proinca\",\"url\":\"https:\\\/\\\/www.proinca.es\\\/madridfansblog\\\/\",\"logo\":{\"@type\":\"ImageObject\",\"inLanguage\":\"es\",\"@id\":\"https:\\\/\\\/www.proinca.es\\\/madridfansblog\\\/#\\\/schema\\\/logo\\\/image\\\/\",\"url\":\"https:\\\/\\\/www.proinca.es\\\/madridfansblog\\\/wp-content\\\/uploads\\\/2022\\\/03\\\/logo-proinca.jpg\",\"contentUrl\":\"https:\\\/\\\/www.proinca.es\\\/madridfansblog\\\/wp-content\\\/uploads\\\/2022\\\/03\\\/logo-proinca.jpg\",\"width\":522,\"height\":250,\"caption\":\"Proinca\"},\"image\":{\"@id\":\"https:\\\/\\\/www.proinca.es\\\/madridfansblog\\\/#\\\/schema\\\/logo\\\/image\\\/\"}},{\"@type\":\"Person\",\"@id\":\"https:\\\/\\\/www.proinca.es\\\/madridfansblog\\\/#\\\/schema\\\/person\\\/8401adc89c0a0f5a3574c43326247f1e\",\"name\":\"Ana Calero\",\"image\":{\"@type\":\"ImageObject\",\"inLanguage\":\"es\",\"@id\":\"https:\\\/\\\/www.proinca.es\\\/madridfansblog\\\/wp-content\\\/litespeed\\\/avatar\\\/ef51b25c0718910f475570320941ef46.jpg?ver=1777379772\",\"url\":\"https:\\\/\\\/www.proinca.es\\\/madridfansblog\\\/wp-content\\\/litespeed\\\/avatar\\\/ef51b25c0718910f475570320941ef46.jpg?ver=1777379772\",\"contentUrl\":\"https:\\\/\\\/www.proinca.es\\\/madridfansblog\\\/wp-content\\\/litespeed\\\/avatar\\\/ef51b25c0718910f475570320941ef46.jpg?ver=1777379772\",\"caption\":\"Ana Calero\"},\"description\":\"Licenciada en Ciencias Empresariales por la Universidad Aut\u00f3noma de Madrid. Forma parte del equipo de Apartamentos Proinca y es una enamorada de Madrid\",\"sameAs\":[\"https:\\\/\\\/www.proinca.es\\\/madridfansblog\\\/ana-calero\\\/\"]}]}<\/script>\n<!-- \/ Yoast SEO plugin. -->","yoast_head_json":{"title":"Descubre el recorrido del primer ferrocarril de Madrid","description":"El Tren de la Fresa de Madrid celebra su 28\u00ba cumplea\u00f1os. Una excursi\u00f3n para descubrir c\u00f3mo eran los viajes a principios del siglo pasado con una locomotora de vapor","robots":{"index":"index","follow":"follow","max-snippet":"max-snippet:-1","max-image-preview":"max-image-preview:large","max-video-preview":"max-video-preview:-1"},"canonical":"https:\/\/www.proinca.es\/madridfansblog\/el-tren-de-la-fresa-de-excursion-por-madrid\/","og_locale":"es_ES","og_type":"article","og_title":"Descubre el recorrido del primer ferrocarril de Madrid","og_description":"El Tren de la Fresa de Madrid celebra su 28\u00ba cumplea\u00f1os. Una excursi\u00f3n para descubrir c\u00f3mo eran los viajes a principios del siglo pasado con una locomotora de vapor","og_url":"https:\/\/www.proinca.es\/madridfansblog\/el-tren-de-la-fresa-de-excursion-por-madrid\/","og_site_name":"Blog Proinca Madrid","article_published_time":"2012-07-27T10:30:35+00:00","article_modified_time":"2025-05-28T13:35:04+00:00","og_image":[{"width":1000,"height":825,"url":"https:\/\/www.proinca.es\/madridfansblog\/wp-content\/uploads\/2012\/07\/tren-de-la-fresa.jpg","type":"image\/jpeg"}],"author":"Ana Calero","schema":{"@context":"https:\/\/schema.org","@graph":[{"@type":"Article","@id":"https:\/\/www.proinca.es\/madridfansblog\/el-tren-de-la-fresa-de-excursion-por-madrid\/#article","isPartOf":{"@id":"https:\/\/www.proinca.es\/madridfansblog\/el-tren-de-la-fresa-de-excursion-por-madrid\/"},"author":{"name":"Ana Calero","@id":"https:\/\/www.proinca.es\/madridfansblog\/#\/schema\/person\/8401adc89c0a0f5a3574c43326247f1e"},"headline":"EL TREN DE LA FRESA. DE EXCURSI\u00d3N POR MADRID.","datePublished":"2012-07-27T10:30:35+00:00","dateModified":"2025-05-28T13:35:04+00:00","mainEntityOfPage":{"@id":"https:\/\/www.proinca.es\/madridfansblog\/el-tren-de-la-fresa-de-excursion-por-madrid\/"},"wordCount":851,"publisher":{"@id":"https:\/\/www.proinca.es\/madridfansblog\/#organization"},"image":{"@id":"https:\/\/www.proinca.es\/madridfansblog\/el-tren-de-la-fresa-de-excursion-por-madrid\/#primaryimage"},"thumbnailUrl":"https:\/\/www.proinca.es\/madridfansblog\/wp-content\/uploads\/2012\/07\/tren-de-la-fresa.jpg","keywords":["Exposiciones","Madrid","Ocio","Restaurantes","Transporte"],"articleSection":["VIVIR MADRID"],"inLanguage":"es"},{"@type":"WebPage","@id":"https:\/\/www.proinca.es\/madridfansblog\/el-tren-de-la-fresa-de-excursion-por-madrid\/","url":"https:\/\/www.proinca.es\/madridfansblog\/el-tren-de-la-fresa-de-excursion-por-madrid\/","name":"Descubre el recorrido del primer ferrocarril de Madrid","isPartOf":{"@id":"https:\/\/www.proinca.es\/madridfansblog\/#website"},"primaryImageOfPage":{"@id":"https:\/\/www.proinca.es\/madridfansblog\/el-tren-de-la-fresa-de-excursion-por-madrid\/#primaryimage"},"image":{"@id":"https:\/\/www.proinca.es\/madridfansblog\/el-tren-de-la-fresa-de-excursion-por-madrid\/#primaryimage"},"thumbnailUrl":"https:\/\/www.proinca.es\/madridfansblog\/wp-content\/uploads\/2012\/07\/tren-de-la-fresa.jpg","datePublished":"2012-07-27T10:30:35+00:00","dateModified":"2025-05-28T13:35:04+00:00","description":"El Tren de la Fresa de Madrid celebra su 28\u00ba cumplea\u00f1os. Una excursi\u00f3n para descubrir c\u00f3mo eran los viajes a principios del siglo pasado con una locomotora de vapor","inLanguage":"es","potentialAction":[{"@type":"ReadAction","target":["https:\/\/www.proinca.es\/madridfansblog\/el-tren-de-la-fresa-de-excursion-por-madrid\/"]}]},{"@type":"ImageObject","inLanguage":"es","@id":"https:\/\/www.proinca.es\/madridfansblog\/el-tren-de-la-fresa-de-excursion-por-madrid\/#primaryimage","url":"https:\/\/www.proinca.es\/madridfansblog\/wp-content\/uploads\/2012\/07\/tren-de-la-fresa.jpg","contentUrl":"https:\/\/www.proinca.es\/madridfansblog\/wp-content\/uploads\/2012\/07\/tren-de-la-fresa.jpg","width":1000,"height":825,"caption":"El tren de la fresa. De excursi\u00f3n por madrid."},{"@type":"WebSite","@id":"https:\/\/www.proinca.es\/madridfansblog\/#website","url":"https:\/\/www.proinca.es\/madridfansblog\/","name":"Madrid Fans Blog Proinca","description":"Pisos y apartamentos de alquiler en Madrid","publisher":{"@id":"https:\/\/www.proinca.es\/madridfansblog\/#organization"},"potentialAction":[{"@type":"SearchAction","target":{"@type":"EntryPoint","urlTemplate":"https:\/\/www.proinca.es\/madridfansblog\/?s={search_term_string}"},"query-input":{"@type":"PropertyValueSpecification","valueRequired":true,"valueName":"search_term_string"}}],"inLanguage":"es"},{"@type":"Organization","@id":"https:\/\/www.proinca.es\/madridfansblog\/#organization","name":"Proinca","url":"https:\/\/www.proinca.es\/madridfansblog\/","logo":{"@type":"ImageObject","inLanguage":"es","@id":"https:\/\/www.proinca.es\/madridfansblog\/#\/schema\/logo\/image\/","url":"https:\/\/www.proinca.es\/madridfansblog\/wp-content\/uploads\/2022\/03\/logo-proinca.jpg","contentUrl":"https:\/\/www.proinca.es\/madridfansblog\/wp-content\/uploads\/2022\/03\/logo-proinca.jpg","width":522,"height":250,"caption":"Proinca"},"image":{"@id":"https:\/\/www.proinca.es\/madridfansblog\/#\/schema\/logo\/image\/"}},{"@type":"Person","@id":"https:\/\/www.proinca.es\/madridfansblog\/#\/schema\/person\/8401adc89c0a0f5a3574c43326247f1e","name":"Ana Calero","image":{"@type":"ImageObject","inLanguage":"es","@id":"https:\/\/www.proinca.es\/madridfansblog\/wp-content\/litespeed\/avatar\/ef51b25c0718910f475570320941ef46.jpg?ver=1777379772","url":"https:\/\/www.proinca.es\/madridfansblog\/wp-content\/litespeed\/avatar\/ef51b25c0718910f475570320941ef46.jpg?ver=1777379772","contentUrl":"https:\/\/www.proinca.es\/madridfansblog\/wp-content\/litespeed\/avatar\/ef51b25c0718910f475570320941ef46.jpg?ver=1777379772","caption":"Ana Calero"},"description":"Licenciada en Ciencias Empresariales por la Universidad Aut\u00f3noma de Madrid. Forma parte del equipo de Apartamentos Proinca y es una enamorada de Madrid","sameAs":["https:\/\/www.proinca.es\/madridfansblog\/ana-calero\/"]}]}},"_links":{"self":[{"href":"https:\/\/www.proinca.es\/madridfansblog\/wp-json\/wp\/v2\/posts\/501","targetHints":{"allow":["GET"]}}],"collection":[{"href":"https:\/\/www.proinca.es\/madridfansblog\/wp-json\/wp\/v2\/posts"}],"about":[{"href":"https:\/\/www.proinca.es\/madridfansblog\/wp-json\/wp\/v2\/types\/post"}],"author":[{"embeddable":true,"href":"https:\/\/www.proinca.es\/madridfansblog\/wp-json\/wp\/v2\/users\/4"}],"replies":[{"embeddable":true,"href":"https:\/\/www.proinca.es\/madridfansblog\/wp-json\/wp\/v2\/comments?post=501"}],"version-history":[{"count":21,"href":"https:\/\/www.proinca.es\/madridfansblog\/wp-json\/wp\/v2\/posts\/501\/revisions"}],"predecessor-version":[{"id":7718,"href":"https:\/\/www.proinca.es\/madridfansblog\/wp-json\/wp\/v2\/posts\/501\/revisions\/7718"}],"wp:featuredmedia":[{"embeddable":true,"href":"https:\/\/www.proinca.es\/madridfansblog\/wp-json\/wp\/v2\/media\/7000"}],"wp:attachment":[{"href":"https:\/\/www.proinca.es\/madridfansblog\/wp-json\/wp\/v2\/media?parent=501"}],"wp:term":[{"taxonomy":"category","embeddable":true,"href":"https:\/\/www.proinca.es\/madridfansblog\/wp-json\/wp\/v2\/categories?post=501"},{"taxonomy":"post_tag","embeddable":true,"href":"https:\/\/www.proinca.es\/madridfansblog\/wp-json\/wp\/v2\/tags?post=501"}],"curies":[{"name":"wp","href":"https:\/\/api.w.org\/{rel}","templated":true}]}}