{"id":5010,"date":"2017-09-12T19:33:43","date_gmt":"2017-09-12T17:33:43","guid":{"rendered":"http:\/\/www.proinca.es\/madridfansblog\/?p=5010"},"modified":"2025-05-28T15:33:04","modified_gmt":"2025-05-28T13:33:04","slug":"las-mejores-plazas-de-madrid-donde-sentarse-a-la-sombra","status":"publish","type":"post","link":"https:\/\/www.proinca.es\/madridfansblog\/las-mejores-plazas-de-madrid-donde-sentarse-a-la-sombra\/","title":{"rendered":"LAS MEJORES PLAZAS DE MADRID DONDE SENTARSE A LA SOMBRA"},"content":{"rendered":"<p>Una imagen t\u00edpica de<strong> Madrid<\/strong> es la de decenas de turistas buscando un lugar a la sombra <!--more-->en el que sentarse a descansar. Aunque no son los \u00fanicos que huyen del sol a ciertas horas del d\u00eda, los madrile\u00f1os, por muy acostumbrados que est\u00e9n a las altas temperaturas, tambi\u00e9n son presas de esa pr\u00e1ctica tan com\u00fan en la capital.<\/p>\n<p>Pero, \u00bfd\u00f3nde podemos encontrar refugio en el centro de <strong>Madrid<\/strong>? Aqu\u00ed os dejamos algunas de las mejores plazas de la capital en las que reposar a la sombra. Tomad nota.<\/p>\n<p>Comenzamos por la m\u00e1s majestuosa, <strong>la plaza de Oriente<\/strong>, con espectaculares vistas del Palacio Real. Los \u00e1rboles que adornan los extremos de la plaza ofrecen un buen lugar de descanso.<\/p>\n<p>Proseguimos con la m\u00e1s famosa, <strong>la plaza Mayor<\/strong>, cuyos soportales brindan un frescor muy codiciado en los meses de verano, adem\u00e1s de estupendas terrazas donde refrescarse con una bebida bien fr\u00eda.<\/p>\n<p><strong>La plaza de las Comendadoras o la de Dos de Mayo<\/strong>, en el barrio de Malasa\u00f1a, tambi\u00e9n disponen de sombra gracias al arbolado que embellece el dise\u00f1o urbano de las mismas. Se trata de lugares tranquilos y muy recomendables si se va en familia.<\/p>\n<p>En<strong> la plaza de Espa\u00f1a<\/strong>, adem\u00e1s de sombra, contamos con las vistas de varios de los emblemas de <strong>Madrid<\/strong>. La Torre de Madrid, el Edificio Espa\u00f1a o el monumento a Miguel de Cervantes nos acompa\u00f1ar\u00e1n, as\u00ed que una buena idea puede ser aprovechar la sombra para sentarse a leer la historia de estos s\u00edmbolos madrile\u00f1os.<\/p>\n<p><strong>\u00a0<\/strong><\/p>\n<p>Informaci\u00f3n patrocinada por\u00a0<strong><a title=\"Proinca apartamentos de alquiler en Madrid\" href=\"http:\/\/www.proinca.es\" target=\"_blank\" rel=\"noopener\">Proinca: Apartamentos de alquiler en Madrid<\/a><\/strong><\/p>\n<p>Foto de Diego Allen en Unsplash<\/p>\n\n\n<div class=\"kk-star-ratings kksr-auto kksr-align-left kksr-valign-bottom\"\n    data-payload='{&quot;align&quot;:&quot;left&quot;,&quot;id&quot;:&quot;5010&quot;,&quot;slug&quot;:&quot;default&quot;,&quot;valign&quot;:&quot;bottom&quot;,&quot;ignore&quot;:&quot;&quot;,&quot;reference&quot;:&quot;auto&quot;,&quot;class&quot;:&quot;&quot;,&quot;count&quot;:&quot;0&quot;,&quot;legendonly&quot;:&quot;&quot;,&quot;readonly&quot;:&quot;&quot;,&quot;score&quot;:&quot;0&quot;,&quot;starsonly&quot;:&quot;&quot;,&quot;best&quot;:&quot;5&quot;,&quot;gap&quot;:&quot;1&quot;,&quot;greet&quot;:&quot;Valora este art\u00edculo&quot;,&quot;legend&quot;:&quot;0\\\/5 - (0 votos)&quot;,&quot;size&quot;:&quot;24&quot;,&quot;title&quot;:&quot;LAS MEJORES PLAZAS DE MADRID DONDE SENTARSE A LA SOMBRA&quot;,&quot;width&quot;:&quot;0&quot;,&quot;_legend&quot;:&quot;{score}\\\/{best} - ({count} {votes})&quot;,&quot;font_factor&quot;:&quot;1.25&quot;}'>\n            \n<div class=\"kksr-stars\">\n    \n<div class=\"kksr-stars-inactive\">\n            <div class=\"kksr-star\" data-star=\"1\" style=\"padding-right: 1px\">\n            \n\n<div class=\"kksr-icon\" style=\"width: 24px; height: 24px;\"><\/div>\n        <\/div>\n            <div class=\"kksr-star\" data-star=\"2\" style=\"padding-right: 1px\">\n            \n\n<div class=\"kksr-icon\" style=\"width: 24px; height: 24px;\"><\/div>\n        <\/div>\n            <div class=\"kksr-star\" data-star=\"3\" style=\"padding-right: 1px\">\n            \n\n<div class=\"kksr-icon\" style=\"width: 24px; height: 24px;\"><\/div>\n        <\/div>\n            <div class=\"kksr-star\" data-star=\"4\" style=\"padding-right: 1px\">\n            \n\n<div class=\"kksr-icon\" style=\"width: 24px; height: 24px;\"><\/div>\n        <\/div>\n            <div class=\"kksr-star\" data-star=\"5\" style=\"padding-right: 1px\">\n            \n\n<div class=\"kksr-icon\" style=\"width: 24px; height: 24px;\"><\/div>\n        <\/div>\n    <\/div>\n    \n<div class=\"kksr-stars-active\" style=\"width: 0px;\">\n            <div class=\"kksr-star\" style=\"padding-right: 1px\">\n            \n\n<div class=\"kksr-icon\" style=\"width: 24px; height: 24px;\"><\/div>\n        <\/div>\n            <div class=\"kksr-star\" style=\"padding-right: 1px\">\n            \n\n<div class=\"kksr-icon\" style=\"width: 24px; height: 24px;\"><\/div>\n        <\/div>\n            <div class=\"kksr-star\" style=\"padding-right: 1px\">\n            \n\n<div class=\"kksr-icon\" style=\"width: 24px; height: 24px;\"><\/div>\n        <\/div>\n            <div class=\"kksr-star\" style=\"padding-right: 1px\">\n            \n\n<div class=\"kksr-icon\" style=\"width: 24px; height: 24px;\"><\/div>\n        <\/div>\n            <div class=\"kksr-star\" style=\"padding-right: 1px\">\n            \n\n<div class=\"kksr-icon\" style=\"width: 24px; height: 24px;\"><\/div>\n        <\/div>\n    <\/div>\n<\/div>\n                \n\n<div class=\"kksr-legend\" style=\"font-size: 19.2px;\">\n            <span class=\"kksr-muted\">Valora este art\u00edculo<\/span>\n    <\/div>\n    <\/div>\n","protected":false},"excerpt":{"rendered":"<p>Una imagen t\u00edpica de Madrid es la de decenas de  [&#8230;]<\/p>\n","protected":false},"author":4,"featured_media":7285,"comment_status":"closed","ping_status":"closed","sticky":false,"template":"","format":"standard","meta":{"footnotes":""},"categories":[79],"tags":[38,5],"class_list":["post-5010","post","type-post","status-publish","format-standard","has-post-thumbnail","hentry","category-vivir-madrid","tag-arquitectura","tag-madrid"],"yoast_head":"<!-- This site is optimized with the Yoast SEO plugin v27.4 - https:\/\/yoast.com\/product\/yoast-seo-wordpress\/ -->\n<title>Mejores plazas de Madrid para sentarse<\/title>\n<meta name=\"description\" content=\"Algunas de las mejores plazas de la capital en las que reposar a la sombra: Plza de Oriente,Plaza Mayor,Plaza Dos de Mayo......Por Madridfansblog\" \/>\n<meta name=\"robots\" content=\"index, follow, max-snippet:-1, max-image-preview:large, max-video-preview:-1\" \/>\n<link rel=\"canonical\" href=\"https:\/\/www.proinca.es\/madridfansblog\/las-mejores-plazas-de-madrid-donde-sentarse-a-la-sombra\/\" \/>\n<meta property=\"og:locale\" content=\"es_ES\" \/>\n<meta property=\"og:type\" content=\"article\" \/>\n<meta property=\"og:title\" content=\"Mejores plazas de Madrid para sentarse\" \/>\n<meta property=\"og:description\" content=\"Algunas de las mejores plazas de la capital en las que reposar a la sombra: Plza de Oriente,Plaza Mayor,Plaza Dos de Mayo......Por Madridfansblog\" \/>\n<meta property=\"og:url\" content=\"https:\/\/www.proinca.es\/madridfansblog\/las-mejores-plazas-de-madrid-donde-sentarse-a-la-sombra\/\" \/>\n<meta property=\"og:site_name\" content=\"Blog Proinca Madrid\" \/>\n<meta property=\"article:published_time\" content=\"2017-09-12T17:33:43+00:00\" \/>\n<meta property=\"article:modified_time\" content=\"2025-05-28T13:33:04+00:00\" \/>\n<meta property=\"og:image\" content=\"https:\/\/www.proinca.es\/madridfansblog\/wp-content\/uploads\/2017\/09\/plazas-con-sombra.jpg\" \/>\n\t<meta property=\"og:image:width\" content=\"1000\" \/>\n\t<meta property=\"og:image:height\" content=\"667\" \/>\n\t<meta property=\"og:image:type\" content=\"image\/jpeg\" \/>\n<meta name=\"author\" content=\"Ana Calero\" \/>\n<script type=\"application\/ld+json\" class=\"yoast-schema-graph\">{\"@context\":\"https:\\\/\\\/schema.org\",\"@graph\":[{\"@type\":\"Article\",\"@id\":\"https:\\\/\\\/www.proinca.es\\\/madridfansblog\\\/las-mejores-plazas-de-madrid-donde-sentarse-a-la-sombra\\\/#article\",\"isPartOf\":{\"@id\":\"https:\\\/\\\/www.proinca.es\\\/madridfansblog\\\/las-mejores-plazas-de-madrid-donde-sentarse-a-la-sombra\\\/\"},\"author\":{\"name\":\"Ana Calero\",\"@id\":\"https:\\\/\\\/www.proinca.es\\\/madridfansblog\\\/#\\\/schema\\\/person\\\/8401adc89c0a0f5a3574c43326247f1e\"},\"headline\":\"LAS MEJORES PLAZAS DE MADRID DONDE SENTARSE A LA SOMBRA\",\"datePublished\":\"2017-09-12T17:33:43+00:00\",\"dateModified\":\"2025-05-28T13:33:04+00:00\",\"mainEntityOfPage\":{\"@id\":\"https:\\\/\\\/www.proinca.es\\\/madridfansblog\\\/las-mejores-plazas-de-madrid-donde-sentarse-a-la-sombra\\\/\"},\"wordCount\":297,\"publisher\":{\"@id\":\"https:\\\/\\\/www.proinca.es\\\/madridfansblog\\\/#organization\"},\"image\":{\"@id\":\"https:\\\/\\\/www.proinca.es\\\/madridfansblog\\\/las-mejores-plazas-de-madrid-donde-sentarse-a-la-sombra\\\/#primaryimage\"},\"thumbnailUrl\":\"https:\\\/\\\/www.proinca.es\\\/madridfansblog\\\/wp-content\\\/uploads\\\/2017\\\/09\\\/plazas-con-sombra.jpg\",\"keywords\":[\"Arquitectura\",\"Madrid\"],\"articleSection\":[\"VIVIR MADRID\"],\"inLanguage\":\"es\"},{\"@type\":\"WebPage\",\"@id\":\"https:\\\/\\\/www.proinca.es\\\/madridfansblog\\\/las-mejores-plazas-de-madrid-donde-sentarse-a-la-sombra\\\/\",\"url\":\"https:\\\/\\\/www.proinca.es\\\/madridfansblog\\\/las-mejores-plazas-de-madrid-donde-sentarse-a-la-sombra\\\/\",\"name\":\"Mejores plazas de Madrid para sentarse\",\"isPartOf\":{\"@id\":\"https:\\\/\\\/www.proinca.es\\\/madridfansblog\\\/#website\"},\"primaryImageOfPage\":{\"@id\":\"https:\\\/\\\/www.proinca.es\\\/madridfansblog\\\/las-mejores-plazas-de-madrid-donde-sentarse-a-la-sombra\\\/#primaryimage\"},\"image\":{\"@id\":\"https:\\\/\\\/www.proinca.es\\\/madridfansblog\\\/las-mejores-plazas-de-madrid-donde-sentarse-a-la-sombra\\\/#primaryimage\"},\"thumbnailUrl\":\"https:\\\/\\\/www.proinca.es\\\/madridfansblog\\\/wp-content\\\/uploads\\\/2017\\\/09\\\/plazas-con-sombra.jpg\",\"datePublished\":\"2017-09-12T17:33:43+00:00\",\"dateModified\":\"2025-05-28T13:33:04+00:00\",\"description\":\"Algunas de las mejores plazas de la capital en las que reposar a la sombra: Plza de Oriente,Plaza Mayor,Plaza Dos de Mayo......Por Madridfansblog\",\"inLanguage\":\"es\",\"potentialAction\":[{\"@type\":\"ReadAction\",\"target\":[\"https:\\\/\\\/www.proinca.es\\\/madridfansblog\\\/las-mejores-plazas-de-madrid-donde-sentarse-a-la-sombra\\\/\"]}]},{\"@type\":\"ImageObject\",\"inLanguage\":\"es\",\"@id\":\"https:\\\/\\\/www.proinca.es\\\/madridfansblog\\\/las-mejores-plazas-de-madrid-donde-sentarse-a-la-sombra\\\/#primaryimage\",\"url\":\"https:\\\/\\\/www.proinca.es\\\/madridfansblog\\\/wp-content\\\/uploads\\\/2017\\\/09\\\/plazas-con-sombra.jpg\",\"contentUrl\":\"https:\\\/\\\/www.proinca.es\\\/madridfansblog\\\/wp-content\\\/uploads\\\/2017\\\/09\\\/plazas-con-sombra.jpg\",\"width\":1000,\"height\":667,\"caption\":\"Las mejores plazas de Madrid donde sentarse a la sombra\"},{\"@type\":\"WebSite\",\"@id\":\"https:\\\/\\\/www.proinca.es\\\/madridfansblog\\\/#website\",\"url\":\"https:\\\/\\\/www.proinca.es\\\/madridfansblog\\\/\",\"name\":\"Madrid Fans Blog Proinca\",\"description\":\"Pisos y apartamentos de alquiler en Madrid\",\"publisher\":{\"@id\":\"https:\\\/\\\/www.proinca.es\\\/madridfansblog\\\/#organization\"},\"potentialAction\":[{\"@type\":\"SearchAction\",\"target\":{\"@type\":\"EntryPoint\",\"urlTemplate\":\"https:\\\/\\\/www.proinca.es\\\/madridfansblog\\\/?s={search_term_string}\"},\"query-input\":{\"@type\":\"PropertyValueSpecification\",\"valueRequired\":true,\"valueName\":\"search_term_string\"}}],\"inLanguage\":\"es\"},{\"@type\":\"Organization\",\"@id\":\"https:\\\/\\\/www.proinca.es\\\/madridfansblog\\\/#organization\",\"name\":\"Proinca\",\"url\":\"https:\\\/\\\/www.proinca.es\\\/madridfansblog\\\/\",\"logo\":{\"@type\":\"ImageObject\",\"inLanguage\":\"es\",\"@id\":\"https:\\\/\\\/www.proinca.es\\\/madridfansblog\\\/#\\\/schema\\\/logo\\\/image\\\/\",\"url\":\"https:\\\/\\\/www.proinca.es\\\/madridfansblog\\\/wp-content\\\/uploads\\\/2022\\\/03\\\/logo-proinca.jpg\",\"contentUrl\":\"https:\\\/\\\/www.proinca.es\\\/madridfansblog\\\/wp-content\\\/uploads\\\/2022\\\/03\\\/logo-proinca.jpg\",\"width\":522,\"height\":250,\"caption\":\"Proinca\"},\"image\":{\"@id\":\"https:\\\/\\\/www.proinca.es\\\/madridfansblog\\\/#\\\/schema\\\/logo\\\/image\\\/\"}},{\"@type\":\"Person\",\"@id\":\"https:\\\/\\\/www.proinca.es\\\/madridfansblog\\\/#\\\/schema\\\/person\\\/8401adc89c0a0f5a3574c43326247f1e\",\"name\":\"Ana Calero\",\"image\":{\"@type\":\"ImageObject\",\"inLanguage\":\"es\",\"@id\":\"https:\\\/\\\/www.proinca.es\\\/madridfansblog\\\/wp-content\\\/litespeed\\\/avatar\\\/ef51b25c0718910f475570320941ef46.jpg?ver=1777379772\",\"url\":\"https:\\\/\\\/www.proinca.es\\\/madridfansblog\\\/wp-content\\\/litespeed\\\/avatar\\\/ef51b25c0718910f475570320941ef46.jpg?ver=1777379772\",\"contentUrl\":\"https:\\\/\\\/www.proinca.es\\\/madridfansblog\\\/wp-content\\\/litespeed\\\/avatar\\\/ef51b25c0718910f475570320941ef46.jpg?ver=1777379772\",\"caption\":\"Ana Calero\"},\"description\":\"Licenciada en Ciencias Empresariales por la Universidad Aut\u00f3noma de Madrid. Forma parte del equipo de Apartamentos Proinca y es una enamorada de Madrid\",\"sameAs\":[\"https:\\\/\\\/www.proinca.es\\\/madridfansblog\\\/ana-calero\\\/\"]}]}<\/script>\n<!-- \/ Yoast SEO plugin. -->","yoast_head_json":{"title":"Mejores plazas de Madrid para sentarse","description":"Algunas de las mejores plazas de la capital en las que reposar a la sombra: Plza de Oriente,Plaza Mayor,Plaza Dos de Mayo......Por Madridfansblog","robots":{"index":"index","follow":"follow","max-snippet":"max-snippet:-1","max-image-preview":"max-image-preview:large","max-video-preview":"max-video-preview:-1"},"canonical":"https:\/\/www.proinca.es\/madridfansblog\/las-mejores-plazas-de-madrid-donde-sentarse-a-la-sombra\/","og_locale":"es_ES","og_type":"article","og_title":"Mejores plazas de Madrid para sentarse","og_description":"Algunas de las mejores plazas de la capital en las que reposar a la sombra: Plza de Oriente,Plaza Mayor,Plaza Dos de Mayo......Por Madridfansblog","og_url":"https:\/\/www.proinca.es\/madridfansblog\/las-mejores-plazas-de-madrid-donde-sentarse-a-la-sombra\/","og_site_name":"Blog Proinca Madrid","article_published_time":"2017-09-12T17:33:43+00:00","article_modified_time":"2025-05-28T13:33:04+00:00","og_image":[{"width":1000,"height":667,"url":"https:\/\/www.proinca.es\/madridfansblog\/wp-content\/uploads\/2017\/09\/plazas-con-sombra.jpg","type":"image\/jpeg"}],"author":"Ana Calero","schema":{"@context":"https:\/\/schema.org","@graph":[{"@type":"Article","@id":"https:\/\/www.proinca.es\/madridfansblog\/las-mejores-plazas-de-madrid-donde-sentarse-a-la-sombra\/#article","isPartOf":{"@id":"https:\/\/www.proinca.es\/madridfansblog\/las-mejores-plazas-de-madrid-donde-sentarse-a-la-sombra\/"},"author":{"name":"Ana Calero","@id":"https:\/\/www.proinca.es\/madridfansblog\/#\/schema\/person\/8401adc89c0a0f5a3574c43326247f1e"},"headline":"LAS MEJORES PLAZAS DE MADRID DONDE SENTARSE A LA SOMBRA","datePublished":"2017-09-12T17:33:43+00:00","dateModified":"2025-05-28T13:33:04+00:00","mainEntityOfPage":{"@id":"https:\/\/www.proinca.es\/madridfansblog\/las-mejores-plazas-de-madrid-donde-sentarse-a-la-sombra\/"},"wordCount":297,"publisher":{"@id":"https:\/\/www.proinca.es\/madridfansblog\/#organization"},"image":{"@id":"https:\/\/www.proinca.es\/madridfansblog\/las-mejores-plazas-de-madrid-donde-sentarse-a-la-sombra\/#primaryimage"},"thumbnailUrl":"https:\/\/www.proinca.es\/madridfansblog\/wp-content\/uploads\/2017\/09\/plazas-con-sombra.jpg","keywords":["Arquitectura","Madrid"],"articleSection":["VIVIR MADRID"],"inLanguage":"es"},{"@type":"WebPage","@id":"https:\/\/www.proinca.es\/madridfansblog\/las-mejores-plazas-de-madrid-donde-sentarse-a-la-sombra\/","url":"https:\/\/www.proinca.es\/madridfansblog\/las-mejores-plazas-de-madrid-donde-sentarse-a-la-sombra\/","name":"Mejores plazas de Madrid para sentarse","isPartOf":{"@id":"https:\/\/www.proinca.es\/madridfansblog\/#website"},"primaryImageOfPage":{"@id":"https:\/\/www.proinca.es\/madridfansblog\/las-mejores-plazas-de-madrid-donde-sentarse-a-la-sombra\/#primaryimage"},"image":{"@id":"https:\/\/www.proinca.es\/madridfansblog\/las-mejores-plazas-de-madrid-donde-sentarse-a-la-sombra\/#primaryimage"},"thumbnailUrl":"https:\/\/www.proinca.es\/madridfansblog\/wp-content\/uploads\/2017\/09\/plazas-con-sombra.jpg","datePublished":"2017-09-12T17:33:43+00:00","dateModified":"2025-05-28T13:33:04+00:00","description":"Algunas de las mejores plazas de la capital en las que reposar a la sombra: Plza de Oriente,Plaza Mayor,Plaza Dos de Mayo......Por Madridfansblog","inLanguage":"es","potentialAction":[{"@type":"ReadAction","target":["https:\/\/www.proinca.es\/madridfansblog\/las-mejores-plazas-de-madrid-donde-sentarse-a-la-sombra\/"]}]},{"@type":"ImageObject","inLanguage":"es","@id":"https:\/\/www.proinca.es\/madridfansblog\/las-mejores-plazas-de-madrid-donde-sentarse-a-la-sombra\/#primaryimage","url":"https:\/\/www.proinca.es\/madridfansblog\/wp-content\/uploads\/2017\/09\/plazas-con-sombra.jpg","contentUrl":"https:\/\/www.proinca.es\/madridfansblog\/wp-content\/uploads\/2017\/09\/plazas-con-sombra.jpg","width":1000,"height":667,"caption":"Las mejores plazas de Madrid donde sentarse a la sombra"},{"@type":"WebSite","@id":"https:\/\/www.proinca.es\/madridfansblog\/#website","url":"https:\/\/www.proinca.es\/madridfansblog\/","name":"Madrid Fans Blog Proinca","description":"Pisos y apartamentos de alquiler en Madrid","publisher":{"@id":"https:\/\/www.proinca.es\/madridfansblog\/#organization"},"potentialAction":[{"@type":"SearchAction","target":{"@type":"EntryPoint","urlTemplate":"https:\/\/www.proinca.es\/madridfansblog\/?s={search_term_string}"},"query-input":{"@type":"PropertyValueSpecification","valueRequired":true,"valueName":"search_term_string"}}],"inLanguage":"es"},{"@type":"Organization","@id":"https:\/\/www.proinca.es\/madridfansblog\/#organization","name":"Proinca","url":"https:\/\/www.proinca.es\/madridfansblog\/","logo":{"@type":"ImageObject","inLanguage":"es","@id":"https:\/\/www.proinca.es\/madridfansblog\/#\/schema\/logo\/image\/","url":"https:\/\/www.proinca.es\/madridfansblog\/wp-content\/uploads\/2022\/03\/logo-proinca.jpg","contentUrl":"https:\/\/www.proinca.es\/madridfansblog\/wp-content\/uploads\/2022\/03\/logo-proinca.jpg","width":522,"height":250,"caption":"Proinca"},"image":{"@id":"https:\/\/www.proinca.es\/madridfansblog\/#\/schema\/logo\/image\/"}},{"@type":"Person","@id":"https:\/\/www.proinca.es\/madridfansblog\/#\/schema\/person\/8401adc89c0a0f5a3574c43326247f1e","name":"Ana Calero","image":{"@type":"ImageObject","inLanguage":"es","@id":"https:\/\/www.proinca.es\/madridfansblog\/wp-content\/litespeed\/avatar\/ef51b25c0718910f475570320941ef46.jpg?ver=1777379772","url":"https:\/\/www.proinca.es\/madridfansblog\/wp-content\/litespeed\/avatar\/ef51b25c0718910f475570320941ef46.jpg?ver=1777379772","contentUrl":"https:\/\/www.proinca.es\/madridfansblog\/wp-content\/litespeed\/avatar\/ef51b25c0718910f475570320941ef46.jpg?ver=1777379772","caption":"Ana Calero"},"description":"Licenciada en Ciencias Empresariales por la Universidad Aut\u00f3noma de Madrid. Forma parte del equipo de Apartamentos Proinca y es una enamorada de Madrid","sameAs":["https:\/\/www.proinca.es\/madridfansblog\/ana-calero\/"]}]}},"_links":{"self":[{"href":"https:\/\/www.proinca.es\/madridfansblog\/wp-json\/wp\/v2\/posts\/5010","targetHints":{"allow":["GET"]}}],"collection":[{"href":"https:\/\/www.proinca.es\/madridfansblog\/wp-json\/wp\/v2\/posts"}],"about":[{"href":"https:\/\/www.proinca.es\/madridfansblog\/wp-json\/wp\/v2\/types\/post"}],"author":[{"embeddable":true,"href":"https:\/\/www.proinca.es\/madridfansblog\/wp-json\/wp\/v2\/users\/4"}],"replies":[{"embeddable":true,"href":"https:\/\/www.proinca.es\/madridfansblog\/wp-json\/wp\/v2\/comments?post=5010"}],"version-history":[{"count":9,"href":"https:\/\/www.proinca.es\/madridfansblog\/wp-json\/wp\/v2\/posts\/5010\/revisions"}],"predecessor-version":[{"id":7452,"href":"https:\/\/www.proinca.es\/madridfansblog\/wp-json\/wp\/v2\/posts\/5010\/revisions\/7452"}],"wp:featuredmedia":[{"embeddable":true,"href":"https:\/\/www.proinca.es\/madridfansblog\/wp-json\/wp\/v2\/media\/7285"}],"wp:attachment":[{"href":"https:\/\/www.proinca.es\/madridfansblog\/wp-json\/wp\/v2\/media?parent=5010"}],"wp:term":[{"taxonomy":"category","embeddable":true,"href":"https:\/\/www.proinca.es\/madridfansblog\/wp-json\/wp\/v2\/categories?post=5010"},{"taxonomy":"post_tag","embeddable":true,"href":"https:\/\/www.proinca.es\/madridfansblog\/wp-json\/wp\/v2\/tags?post=5010"}],"curies":[{"name":"wp","href":"https:\/\/api.w.org\/{rel}","templated":true}]}}