{"id":5049,"date":"2017-11-21T18:19:22","date_gmt":"2017-11-21T17:19:22","guid":{"rendered":"https:\/\/www.proinca.es\/madridfansblog\/?p=5049"},"modified":"2025-05-28T13:24:44","modified_gmt":"2025-05-28T11:24:44","slug":"un-dia-de-otono-para-evadirse-y-disfrutar-en-madrid","status":"publish","type":"post","link":"https:\/\/www.proinca.es\/madridfansblog\/un-dia-de-otono-para-evadirse-y-disfrutar-en-madrid\/","title":{"rendered":"UN DIA DE OTO\u00d1O PARA EVADIRSE Y DISFRUTAR EN MADRID"},"content":{"rendered":"<p>Para quienes las jornadas laborales y las responsabilidades familiares nos ocupan pr\u00e1cticamente la totalidad de nuestros d\u00edas<!--more--> de lunes a domingo, poder tomarnos un respiro de vez en cuando para relajarnos y disfrutar no es que sea un privilegio, es que es una necesidad. A continuaci\u00f3n, os dejamos varias pistas sobre algunos de los lugares en <strong>Madrid<\/strong> que deber\u00edais visitar, porque la capital es ese lugar perfecto para evadirse de la cotidianeidad y disfrutar de lo \u00faltimo en tendencias de todo tipo.<\/p>\n<p>&nbsp;<\/p>\n<ol>\n<li><strong>Desayuno en Perrachica<\/strong>. Lugar de moda, Perrachica, en el n\u00famero 10 de Eloy Gonzalo, merece una visita, y no solo por su yogur griego con mermelada casera, su napolitana de chocolate o su estupendo caf\u00e9, sino por su dise\u00f1o interior, de aire industrial-colonial, y ambiente acogedor distribuido en varios espacios\u2026, 900 metros cuadrados dan para mucho.<\/li>\n<li><strong>De compras matutinas por la calle Fuencarral<\/strong>. Terrazas, caf\u00e9s y comercios de toda \u00edndole, desde firmas de autor a las sedes de grandes marcas de moda, nos abren sus puertas en esta m\u00edtica calle, ahora peatonal, en la que podemos encontrar de todo independientemente de cual sea nuestro estilismo. Cuidado con la tarjeta de cr\u00e9dito, \u00a1esta v\u00eda tiene el poder de llevarnos a la perdici\u00f3n del consumo sin l\u00edmites!<\/li>\n<\/ol>\n<ol start=\"2\">\n<li><strong>Un brunch en El Jard\u00edn SB, en Montera<\/strong>. El Jard\u00edn de Salvador Bachiller es uno de esos codiciados rincones, repletos de magia y discreci\u00f3n, donde llevar a amigos y familiares no residentes en Madrid a los que deseas impresionar. Se trata de un espacio al aire libre situado en la cuarta planta de la tienda de Montera 37 donde abundan las plantas y flores, sin duda, un soplo de aire fresco donde \u201cmatar el gusanillo\u201d tras una ma\u00f1ana de compras.<\/li>\n<\/ol>\n<ol start=\"3\">\n<li><strong>SpaBodyna Hospes<\/strong>, en Puerta de Alcal\u00e1, es un spa de lujo en el coraz\u00f3n de Madrid ideado para introducir a sus clientes en un universo de elementos naturales con el fin de obtener la m\u00e1xima relajaci\u00f3n.<\/li>\n<li><strong>Cena y copa en La Habanera<\/strong>, un patio cubano en Col\u00f3n. Los amantes del Son, el ambiente caribe\u00f1o y la comida fresca de mercado encontrar\u00e1n en La Habanera su refugio particular, una estupenda decisi\u00f3n si se trata de acabar el d\u00eda con una sonrisa. Buena comida y mejor ambiente.<\/li>\n<\/ol>\n<p>Informaci\u00f3n patrocinada por\u00a0<strong><a title=\"Proinca apartamentos de alquiler en Madrid\" href=\"http:\/\/www.proinca.es\" target=\"_blank\" rel=\"noopener\">Proinca: Apartamentos de alquiler en Madrid<\/a><\/strong><\/p>\n<p>Foto de Antonio Jos\u00e9 Moubayed Hallak en Unsplash<\/p>\n\n\n<div class=\"kk-star-ratings kksr-auto kksr-align-left kksr-valign-bottom\"\n    data-payload='{&quot;align&quot;:&quot;left&quot;,&quot;id&quot;:&quot;5049&quot;,&quot;slug&quot;:&quot;default&quot;,&quot;valign&quot;:&quot;bottom&quot;,&quot;ignore&quot;:&quot;&quot;,&quot;reference&quot;:&quot;auto&quot;,&quot;class&quot;:&quot;&quot;,&quot;count&quot;:&quot;0&quot;,&quot;legendonly&quot;:&quot;&quot;,&quot;readonly&quot;:&quot;&quot;,&quot;score&quot;:&quot;0&quot;,&quot;starsonly&quot;:&quot;&quot;,&quot;best&quot;:&quot;5&quot;,&quot;gap&quot;:&quot;1&quot;,&quot;greet&quot;:&quot;Valora este art\u00edculo&quot;,&quot;legend&quot;:&quot;0\\\/5 - (0 votos)&quot;,&quot;size&quot;:&quot;24&quot;,&quot;title&quot;:&quot;UN DIA DE OTO\u00d1O PARA EVADIRSE Y DISFRUTAR EN MADRID&quot;,&quot;width&quot;:&quot;0&quot;,&quot;_legend&quot;:&quot;{score}\\\/{best} - ({count} {votes})&quot;,&quot;font_factor&quot;:&quot;1.25&quot;}'>\n            \n<div class=\"kksr-stars\">\n    \n<div class=\"kksr-stars-inactive\">\n            <div class=\"kksr-star\" data-star=\"1\" style=\"padding-right: 1px\">\n            \n\n<div class=\"kksr-icon\" style=\"width: 24px; height: 24px;\"><\/div>\n        <\/div>\n            <div class=\"kksr-star\" data-star=\"2\" style=\"padding-right: 1px\">\n            \n\n<div class=\"kksr-icon\" style=\"width: 24px; height: 24px;\"><\/div>\n        <\/div>\n            <div class=\"kksr-star\" data-star=\"3\" style=\"padding-right: 1px\">\n            \n\n<div class=\"kksr-icon\" style=\"width: 24px; height: 24px;\"><\/div>\n        <\/div>\n            <div class=\"kksr-star\" data-star=\"4\" style=\"padding-right: 1px\">\n            \n\n<div class=\"kksr-icon\" style=\"width: 24px; height: 24px;\"><\/div>\n        <\/div>\n            <div class=\"kksr-star\" data-star=\"5\" style=\"padding-right: 1px\">\n            \n\n<div class=\"kksr-icon\" style=\"width: 24px; height: 24px;\"><\/div>\n        <\/div>\n    <\/div>\n    \n<div class=\"kksr-stars-active\" style=\"width: 0px;\">\n            <div class=\"kksr-star\" style=\"padding-right: 1px\">\n            \n\n<div class=\"kksr-icon\" style=\"width: 24px; height: 24px;\"><\/div>\n        <\/div>\n            <div class=\"kksr-star\" style=\"padding-right: 1px\">\n            \n\n<div class=\"kksr-icon\" style=\"width: 24px; height: 24px;\"><\/div>\n        <\/div>\n            <div class=\"kksr-star\" style=\"padding-right: 1px\">\n            \n\n<div class=\"kksr-icon\" style=\"width: 24px; height: 24px;\"><\/div>\n        <\/div>\n            <div class=\"kksr-star\" style=\"padding-right: 1px\">\n            \n\n<div class=\"kksr-icon\" style=\"width: 24px; height: 24px;\"><\/div>\n        <\/div>\n            <div class=\"kksr-star\" style=\"padding-right: 1px\">\n            \n\n<div class=\"kksr-icon\" style=\"width: 24px; height: 24px;\"><\/div>\n        <\/div>\n    <\/div>\n<\/div>\n                \n\n<div class=\"kksr-legend\" style=\"font-size: 19.2px;\">\n            <span class=\"kksr-muted\">Valora este art\u00edculo<\/span>\n    <\/div>\n    <\/div>\n","protected":false},"excerpt":{"rendered":"<p>Para quienes las jornadas laborales y las responsabilidades familiares nos  [&#8230;]<\/p>\n","protected":false},"author":4,"featured_media":7293,"comment_status":"closed","ping_status":"closed","sticky":false,"template":"","format":"standard","meta":{"footnotes":""},"categories":[79],"tags":[30,5,20],"class_list":["post-5049","post","type-post","status-publish","format-standard","has-post-thumbnail","hentry","category-vivir-madrid","tag-gastronomia","tag-madrid","tag-ocio"],"yoast_head":"<!-- This site is optimized with the Yoast SEO plugin v27.4 - https:\/\/yoast.com\/product\/yoast-seo-wordpress\/ -->\n<title>Un d\u00eda de oto\u00f1o para disfrutar en Madrid<\/title>\n<meta name=\"description\" content=\"Algunos lugares en Madrid que deber\u00edais visitar, perfectos para evadirse de la cotidianeidad y disfrutar de las \u00faltimas tendencias.Por MadridFansblog\" \/>\n<meta name=\"robots\" content=\"index, follow, max-snippet:-1, max-image-preview:large, max-video-preview:-1\" \/>\n<link rel=\"canonical\" href=\"https:\/\/www.proinca.es\/madridfansblog\/un-dia-de-otono-para-evadirse-y-disfrutar-en-madrid\/\" \/>\n<meta property=\"og:locale\" content=\"es_ES\" \/>\n<meta property=\"og:type\" content=\"article\" \/>\n<meta property=\"og:title\" content=\"Un d\u00eda de oto\u00f1o para disfrutar en Madrid\" \/>\n<meta property=\"og:description\" content=\"Algunos lugares en Madrid que deber\u00edais visitar, perfectos para evadirse de la cotidianeidad y disfrutar de las \u00faltimas tendencias.Por MadridFansblog\" \/>\n<meta property=\"og:url\" content=\"https:\/\/www.proinca.es\/madridfansblog\/un-dia-de-otono-para-evadirse-y-disfrutar-en-madrid\/\" \/>\n<meta property=\"og:site_name\" content=\"Blog Proinca Madrid\" \/>\n<meta property=\"article:published_time\" content=\"2017-11-21T17:19:22+00:00\" \/>\n<meta property=\"article:modified_time\" content=\"2025-05-28T11:24:44+00:00\" \/>\n<meta property=\"og:image\" content=\"https:\/\/www.proinca.es\/madridfansblog\/wp-content\/uploads\/2017\/11\/otono-madrid.jpg\" \/>\n\t<meta property=\"og:image:width\" content=\"1000\" \/>\n\t<meta property=\"og:image:height\" content=\"667\" \/>\n\t<meta property=\"og:image:type\" content=\"image\/jpeg\" \/>\n<meta name=\"author\" content=\"Ana Calero\" \/>\n<script type=\"application\/ld+json\" class=\"yoast-schema-graph\">{\"@context\":\"https:\\\/\\\/schema.org\",\"@graph\":[{\"@type\":\"Article\",\"@id\":\"https:\\\/\\\/www.proinca.es\\\/madridfansblog\\\/un-dia-de-otono-para-evadirse-y-disfrutar-en-madrid\\\/#article\",\"isPartOf\":{\"@id\":\"https:\\\/\\\/www.proinca.es\\\/madridfansblog\\\/un-dia-de-otono-para-evadirse-y-disfrutar-en-madrid\\\/\"},\"author\":{\"name\":\"Ana Calero\",\"@id\":\"https:\\\/\\\/www.proinca.es\\\/madridfansblog\\\/#\\\/schema\\\/person\\\/8401adc89c0a0f5a3574c43326247f1e\"},\"headline\":\"UN DIA DE OTO\u00d1O PARA EVADIRSE Y DISFRUTAR EN MADRID\",\"datePublished\":\"2017-11-21T17:19:22+00:00\",\"dateModified\":\"2025-05-28T11:24:44+00:00\",\"mainEntityOfPage\":{\"@id\":\"https:\\\/\\\/www.proinca.es\\\/madridfansblog\\\/un-dia-de-otono-para-evadirse-y-disfrutar-en-madrid\\\/\"},\"wordCount\":423,\"publisher\":{\"@id\":\"https:\\\/\\\/www.proinca.es\\\/madridfansblog\\\/#organization\"},\"image\":{\"@id\":\"https:\\\/\\\/www.proinca.es\\\/madridfansblog\\\/un-dia-de-otono-para-evadirse-y-disfrutar-en-madrid\\\/#primaryimage\"},\"thumbnailUrl\":\"https:\\\/\\\/www.proinca.es\\\/madridfansblog\\\/wp-content\\\/uploads\\\/2017\\\/11\\\/otono-madrid.jpg\",\"keywords\":[\"Gastronom\u00eda\",\"Madrid\",\"Ocio\"],\"articleSection\":[\"VIVIR MADRID\"],\"inLanguage\":\"es\"},{\"@type\":\"WebPage\",\"@id\":\"https:\\\/\\\/www.proinca.es\\\/madridfansblog\\\/un-dia-de-otono-para-evadirse-y-disfrutar-en-madrid\\\/\",\"url\":\"https:\\\/\\\/www.proinca.es\\\/madridfansblog\\\/un-dia-de-otono-para-evadirse-y-disfrutar-en-madrid\\\/\",\"name\":\"Un d\u00eda de oto\u00f1o para disfrutar en Madrid\",\"isPartOf\":{\"@id\":\"https:\\\/\\\/www.proinca.es\\\/madridfansblog\\\/#website\"},\"primaryImageOfPage\":{\"@id\":\"https:\\\/\\\/www.proinca.es\\\/madridfansblog\\\/un-dia-de-otono-para-evadirse-y-disfrutar-en-madrid\\\/#primaryimage\"},\"image\":{\"@id\":\"https:\\\/\\\/www.proinca.es\\\/madridfansblog\\\/un-dia-de-otono-para-evadirse-y-disfrutar-en-madrid\\\/#primaryimage\"},\"thumbnailUrl\":\"https:\\\/\\\/www.proinca.es\\\/madridfansblog\\\/wp-content\\\/uploads\\\/2017\\\/11\\\/otono-madrid.jpg\",\"datePublished\":\"2017-11-21T17:19:22+00:00\",\"dateModified\":\"2025-05-28T11:24:44+00:00\",\"description\":\"Algunos lugares en Madrid que deber\u00edais visitar, perfectos para evadirse de la cotidianeidad y disfrutar de las \u00faltimas tendencias.Por MadridFansblog\",\"inLanguage\":\"es\",\"potentialAction\":[{\"@type\":\"ReadAction\",\"target\":[\"https:\\\/\\\/www.proinca.es\\\/madridfansblog\\\/un-dia-de-otono-para-evadirse-y-disfrutar-en-madrid\\\/\"]}]},{\"@type\":\"ImageObject\",\"inLanguage\":\"es\",\"@id\":\"https:\\\/\\\/www.proinca.es\\\/madridfansblog\\\/un-dia-de-otono-para-evadirse-y-disfrutar-en-madrid\\\/#primaryimage\",\"url\":\"https:\\\/\\\/www.proinca.es\\\/madridfansblog\\\/wp-content\\\/uploads\\\/2017\\\/11\\\/otono-madrid.jpg\",\"contentUrl\":\"https:\\\/\\\/www.proinca.es\\\/madridfansblog\\\/wp-content\\\/uploads\\\/2017\\\/11\\\/otono-madrid.jpg\",\"width\":1000,\"height\":667,\"caption\":\"Un dia de oto\u00f1o para evadirse y disfrutar en Madrid\"},{\"@type\":\"WebSite\",\"@id\":\"https:\\\/\\\/www.proinca.es\\\/madridfansblog\\\/#website\",\"url\":\"https:\\\/\\\/www.proinca.es\\\/madridfansblog\\\/\",\"name\":\"Madrid Fans Blog Proinca\",\"description\":\"Pisos y apartamentos de alquiler en Madrid\",\"publisher\":{\"@id\":\"https:\\\/\\\/www.proinca.es\\\/madridfansblog\\\/#organization\"},\"potentialAction\":[{\"@type\":\"SearchAction\",\"target\":{\"@type\":\"EntryPoint\",\"urlTemplate\":\"https:\\\/\\\/www.proinca.es\\\/madridfansblog\\\/?s={search_term_string}\"},\"query-input\":{\"@type\":\"PropertyValueSpecification\",\"valueRequired\":true,\"valueName\":\"search_term_string\"}}],\"inLanguage\":\"es\"},{\"@type\":\"Organization\",\"@id\":\"https:\\\/\\\/www.proinca.es\\\/madridfansblog\\\/#organization\",\"name\":\"Proinca\",\"url\":\"https:\\\/\\\/www.proinca.es\\\/madridfansblog\\\/\",\"logo\":{\"@type\":\"ImageObject\",\"inLanguage\":\"es\",\"@id\":\"https:\\\/\\\/www.proinca.es\\\/madridfansblog\\\/#\\\/schema\\\/logo\\\/image\\\/\",\"url\":\"https:\\\/\\\/www.proinca.es\\\/madridfansblog\\\/wp-content\\\/uploads\\\/2022\\\/03\\\/logo-proinca.jpg\",\"contentUrl\":\"https:\\\/\\\/www.proinca.es\\\/madridfansblog\\\/wp-content\\\/uploads\\\/2022\\\/03\\\/logo-proinca.jpg\",\"width\":522,\"height\":250,\"caption\":\"Proinca\"},\"image\":{\"@id\":\"https:\\\/\\\/www.proinca.es\\\/madridfansblog\\\/#\\\/schema\\\/logo\\\/image\\\/\"}},{\"@type\":\"Person\",\"@id\":\"https:\\\/\\\/www.proinca.es\\\/madridfansblog\\\/#\\\/schema\\\/person\\\/8401adc89c0a0f5a3574c43326247f1e\",\"name\":\"Ana Calero\",\"image\":{\"@type\":\"ImageObject\",\"inLanguage\":\"es\",\"@id\":\"https:\\\/\\\/www.proinca.es\\\/madridfansblog\\\/wp-content\\\/litespeed\\\/avatar\\\/ef51b25c0718910f475570320941ef46.jpg?ver=1777379772\",\"url\":\"https:\\\/\\\/www.proinca.es\\\/madridfansblog\\\/wp-content\\\/litespeed\\\/avatar\\\/ef51b25c0718910f475570320941ef46.jpg?ver=1777379772\",\"contentUrl\":\"https:\\\/\\\/www.proinca.es\\\/madridfansblog\\\/wp-content\\\/litespeed\\\/avatar\\\/ef51b25c0718910f475570320941ef46.jpg?ver=1777379772\",\"caption\":\"Ana Calero\"},\"description\":\"Licenciada en Ciencias Empresariales por la Universidad Aut\u00f3noma de Madrid. Forma parte del equipo de Apartamentos Proinca y es una enamorada de Madrid\",\"sameAs\":[\"https:\\\/\\\/www.proinca.es\\\/madridfansblog\\\/ana-calero\\\/\"]}]}<\/script>\n<!-- \/ Yoast SEO plugin. -->","yoast_head_json":{"title":"Un d\u00eda de oto\u00f1o para disfrutar en Madrid","description":"Algunos lugares en Madrid que deber\u00edais visitar, perfectos para evadirse de la cotidianeidad y disfrutar de las \u00faltimas tendencias.Por MadridFansblog","robots":{"index":"index","follow":"follow","max-snippet":"max-snippet:-1","max-image-preview":"max-image-preview:large","max-video-preview":"max-video-preview:-1"},"canonical":"https:\/\/www.proinca.es\/madridfansblog\/un-dia-de-otono-para-evadirse-y-disfrutar-en-madrid\/","og_locale":"es_ES","og_type":"article","og_title":"Un d\u00eda de oto\u00f1o para disfrutar en Madrid","og_description":"Algunos lugares en Madrid que deber\u00edais visitar, perfectos para evadirse de la cotidianeidad y disfrutar de las \u00faltimas tendencias.Por MadridFansblog","og_url":"https:\/\/www.proinca.es\/madridfansblog\/un-dia-de-otono-para-evadirse-y-disfrutar-en-madrid\/","og_site_name":"Blog Proinca Madrid","article_published_time":"2017-11-21T17:19:22+00:00","article_modified_time":"2025-05-28T11:24:44+00:00","og_image":[{"width":1000,"height":667,"url":"https:\/\/www.proinca.es\/madridfansblog\/wp-content\/uploads\/2017\/11\/otono-madrid.jpg","type":"image\/jpeg"}],"author":"Ana Calero","schema":{"@context":"https:\/\/schema.org","@graph":[{"@type":"Article","@id":"https:\/\/www.proinca.es\/madridfansblog\/un-dia-de-otono-para-evadirse-y-disfrutar-en-madrid\/#article","isPartOf":{"@id":"https:\/\/www.proinca.es\/madridfansblog\/un-dia-de-otono-para-evadirse-y-disfrutar-en-madrid\/"},"author":{"name":"Ana Calero","@id":"https:\/\/www.proinca.es\/madridfansblog\/#\/schema\/person\/8401adc89c0a0f5a3574c43326247f1e"},"headline":"UN DIA DE OTO\u00d1O PARA EVADIRSE Y DISFRUTAR EN MADRID","datePublished":"2017-11-21T17:19:22+00:00","dateModified":"2025-05-28T11:24:44+00:00","mainEntityOfPage":{"@id":"https:\/\/www.proinca.es\/madridfansblog\/un-dia-de-otono-para-evadirse-y-disfrutar-en-madrid\/"},"wordCount":423,"publisher":{"@id":"https:\/\/www.proinca.es\/madridfansblog\/#organization"},"image":{"@id":"https:\/\/www.proinca.es\/madridfansblog\/un-dia-de-otono-para-evadirse-y-disfrutar-en-madrid\/#primaryimage"},"thumbnailUrl":"https:\/\/www.proinca.es\/madridfansblog\/wp-content\/uploads\/2017\/11\/otono-madrid.jpg","keywords":["Gastronom\u00eda","Madrid","Ocio"],"articleSection":["VIVIR MADRID"],"inLanguage":"es"},{"@type":"WebPage","@id":"https:\/\/www.proinca.es\/madridfansblog\/un-dia-de-otono-para-evadirse-y-disfrutar-en-madrid\/","url":"https:\/\/www.proinca.es\/madridfansblog\/un-dia-de-otono-para-evadirse-y-disfrutar-en-madrid\/","name":"Un d\u00eda de oto\u00f1o para disfrutar en Madrid","isPartOf":{"@id":"https:\/\/www.proinca.es\/madridfansblog\/#website"},"primaryImageOfPage":{"@id":"https:\/\/www.proinca.es\/madridfansblog\/un-dia-de-otono-para-evadirse-y-disfrutar-en-madrid\/#primaryimage"},"image":{"@id":"https:\/\/www.proinca.es\/madridfansblog\/un-dia-de-otono-para-evadirse-y-disfrutar-en-madrid\/#primaryimage"},"thumbnailUrl":"https:\/\/www.proinca.es\/madridfansblog\/wp-content\/uploads\/2017\/11\/otono-madrid.jpg","datePublished":"2017-11-21T17:19:22+00:00","dateModified":"2025-05-28T11:24:44+00:00","description":"Algunos lugares en Madrid que deber\u00edais visitar, perfectos para evadirse de la cotidianeidad y disfrutar de las \u00faltimas tendencias.Por MadridFansblog","inLanguage":"es","potentialAction":[{"@type":"ReadAction","target":["https:\/\/www.proinca.es\/madridfansblog\/un-dia-de-otono-para-evadirse-y-disfrutar-en-madrid\/"]}]},{"@type":"ImageObject","inLanguage":"es","@id":"https:\/\/www.proinca.es\/madridfansblog\/un-dia-de-otono-para-evadirse-y-disfrutar-en-madrid\/#primaryimage","url":"https:\/\/www.proinca.es\/madridfansblog\/wp-content\/uploads\/2017\/11\/otono-madrid.jpg","contentUrl":"https:\/\/www.proinca.es\/madridfansblog\/wp-content\/uploads\/2017\/11\/otono-madrid.jpg","width":1000,"height":667,"caption":"Un dia de oto\u00f1o para evadirse y disfrutar en Madrid"},{"@type":"WebSite","@id":"https:\/\/www.proinca.es\/madridfansblog\/#website","url":"https:\/\/www.proinca.es\/madridfansblog\/","name":"Madrid Fans Blog Proinca","description":"Pisos y apartamentos de alquiler en Madrid","publisher":{"@id":"https:\/\/www.proinca.es\/madridfansblog\/#organization"},"potentialAction":[{"@type":"SearchAction","target":{"@type":"EntryPoint","urlTemplate":"https:\/\/www.proinca.es\/madridfansblog\/?s={search_term_string}"},"query-input":{"@type":"PropertyValueSpecification","valueRequired":true,"valueName":"search_term_string"}}],"inLanguage":"es"},{"@type":"Organization","@id":"https:\/\/www.proinca.es\/madridfansblog\/#organization","name":"Proinca","url":"https:\/\/www.proinca.es\/madridfansblog\/","logo":{"@type":"ImageObject","inLanguage":"es","@id":"https:\/\/www.proinca.es\/madridfansblog\/#\/schema\/logo\/image\/","url":"https:\/\/www.proinca.es\/madridfansblog\/wp-content\/uploads\/2022\/03\/logo-proinca.jpg","contentUrl":"https:\/\/www.proinca.es\/madridfansblog\/wp-content\/uploads\/2022\/03\/logo-proinca.jpg","width":522,"height":250,"caption":"Proinca"},"image":{"@id":"https:\/\/www.proinca.es\/madridfansblog\/#\/schema\/logo\/image\/"}},{"@type":"Person","@id":"https:\/\/www.proinca.es\/madridfansblog\/#\/schema\/person\/8401adc89c0a0f5a3574c43326247f1e","name":"Ana Calero","image":{"@type":"ImageObject","inLanguage":"es","@id":"https:\/\/www.proinca.es\/madridfansblog\/wp-content\/litespeed\/avatar\/ef51b25c0718910f475570320941ef46.jpg?ver=1777379772","url":"https:\/\/www.proinca.es\/madridfansblog\/wp-content\/litespeed\/avatar\/ef51b25c0718910f475570320941ef46.jpg?ver=1777379772","contentUrl":"https:\/\/www.proinca.es\/madridfansblog\/wp-content\/litespeed\/avatar\/ef51b25c0718910f475570320941ef46.jpg?ver=1777379772","caption":"Ana Calero"},"description":"Licenciada en Ciencias Empresariales por la Universidad Aut\u00f3noma de Madrid. Forma parte del equipo de Apartamentos Proinca y es una enamorada de Madrid","sameAs":["https:\/\/www.proinca.es\/madridfansblog\/ana-calero\/"]}]}},"_links":{"self":[{"href":"https:\/\/www.proinca.es\/madridfansblog\/wp-json\/wp\/v2\/posts\/5049","targetHints":{"allow":["GET"]}}],"collection":[{"href":"https:\/\/www.proinca.es\/madridfansblog\/wp-json\/wp\/v2\/posts"}],"about":[{"href":"https:\/\/www.proinca.es\/madridfansblog\/wp-json\/wp\/v2\/types\/post"}],"author":[{"embeddable":true,"href":"https:\/\/www.proinca.es\/madridfansblog\/wp-json\/wp\/v2\/users\/4"}],"replies":[{"embeddable":true,"href":"https:\/\/www.proinca.es\/madridfansblog\/wp-json\/wp\/v2\/comments?post=5049"}],"version-history":[{"count":17,"href":"https:\/\/www.proinca.es\/madridfansblog\/wp-json\/wp\/v2\/posts\/5049\/revisions"}],"predecessor-version":[{"id":7448,"href":"https:\/\/www.proinca.es\/madridfansblog\/wp-json\/wp\/v2\/posts\/5049\/revisions\/7448"}],"wp:featuredmedia":[{"embeddable":true,"href":"https:\/\/www.proinca.es\/madridfansblog\/wp-json\/wp\/v2\/media\/7293"}],"wp:attachment":[{"href":"https:\/\/www.proinca.es\/madridfansblog\/wp-json\/wp\/v2\/media?parent=5049"}],"wp:term":[{"taxonomy":"category","embeddable":true,"href":"https:\/\/www.proinca.es\/madridfansblog\/wp-json\/wp\/v2\/categories?post=5049"},{"taxonomy":"post_tag","embeddable":true,"href":"https:\/\/www.proinca.es\/madridfansblog\/wp-json\/wp\/v2\/tags?post=5049"}],"curies":[{"name":"wp","href":"https:\/\/api.w.org\/{rel}","templated":true}]}}