{"id":5104,"date":"2017-12-18T18:14:42","date_gmt":"2017-12-18T17:14:42","guid":{"rendered":"https:\/\/www.proinca.es\/madridfansblog\/?p=5104"},"modified":"2025-05-28T15:32:34","modified_gmt":"2025-05-28T13:32:34","slug":"citas-ineludibles-con-la-gastronomia-navidena-en-madrid","status":"publish","type":"post","link":"https:\/\/www.proinca.es\/madridfansblog\/citas-ineludibles-con-la-gastronomia-navidena-en-madrid\/","title":{"rendered":"CITAS INELUDIBLES CON LA GASTRONOM\u00cdA NAVIDE\u00d1A EN MADRID"},"content":{"rendered":"<p>Consom\u00e9 de buey aromatizado con jerez, consom\u00e9 de pollo y vaca con hortalizas de temporada o el famoso consom\u00e9 estilo Lhardy,<!--more--> entrante estrella del restaurante con mismo nombre situado en el 8 de la Carrera San Jer\u00f3nimo\u2026 <strong>Madrid<\/strong> cuenta con platos tan propios de estas fechas navide\u00f1as que es imposible acabar el a\u00f1o sin haberlos degustado. <strong>El consom\u00e9<\/strong> es uno de ellos, entrante por excelencia durante el frio invierno y la opci\u00f3n perfecta para calentarnos antes de emprender una tarde de compras de <strong>Navidad<\/strong> o la famosa ruta de los belenes por Madrid.<\/p>\n<p>Sin embargo, la del consom\u00e9 no es la \u00fanica receta que podemos saborear con especial entusiasmo durante el mes de diciembre, existen otros platos que toman las cartas de men\u00fa de los restaurantes madrile\u00f1os para dar la bienvenida a la Navidad.<\/p>\n<p><strong>Las perdices<\/strong>, por ejemplo, es otro cl\u00e1sico. Estofadas, escabechadas, en ensalada o, incluso, en crema o en forma de pat\u00e9. La perdiz est\u00e1 presente en cualquier men\u00fa que quiera hacer un gui\u00f1o a la tradici\u00f3n culinaria madrile\u00f1a en estas fechas.<\/p>\n<p>Para los que prefieren pescado, sin duda, <strong>el besugo<\/strong> es la apuesta m\u00e1s tradicional, sobre todo en Nochebuena. Salvaje con carpaccio, al horno\u2026 El besugo es tremendamente sabroso en cualquiera de sus formas, aunque, a veces, el precio no acompa\u00f1e.<\/p>\n<p>En cuanto a <strong>los dulces<\/strong>: los mazapanes (en el 3 de San Onofre o en el 10 de la calle Mayor se venden \u201ccomo rosquillas\u201d), el chocolate con churros (muy popular el que elaboran en el 5 del pasadizo de San Gin\u00e9s, aunque la oferta en Madrid de este maravilloso manjar es tremendamente extensa y de gran calidad) o el famoso rosc\u00f3n de reyes.<\/p>\n<p>\u00bfYa hemos conseguido ponerte los dientes largos? Pues deja de relamerte y prueba una de estas delicias en tu pr\u00f3xima comida o cena de<strong> Navidad<\/strong> en <strong>Madrid<\/strong>.<\/p>\n<p>Informaci\u00f3n patrocinada por\u00a0<strong><a title=\"Proinca apartamentos de alquiler en Madrid\" href=\"http:\/\/www.proinca.es\" target=\"_blank\" rel=\"noopener\">Proinca: Apartamentos de alquiler en Madrid<\/a><\/strong><\/p>\n<p>Foto de Todd Trapani en Unsplash<\/p>\n<p>&nbsp;<\/p>\n\n\n<div class=\"kk-star-ratings kksr-auto kksr-align-left kksr-valign-bottom\"\n    data-payload='{&quot;align&quot;:&quot;left&quot;,&quot;id&quot;:&quot;5104&quot;,&quot;slug&quot;:&quot;default&quot;,&quot;valign&quot;:&quot;bottom&quot;,&quot;ignore&quot;:&quot;&quot;,&quot;reference&quot;:&quot;auto&quot;,&quot;class&quot;:&quot;&quot;,&quot;count&quot;:&quot;0&quot;,&quot;legendonly&quot;:&quot;&quot;,&quot;readonly&quot;:&quot;&quot;,&quot;score&quot;:&quot;0&quot;,&quot;starsonly&quot;:&quot;&quot;,&quot;best&quot;:&quot;5&quot;,&quot;gap&quot;:&quot;1&quot;,&quot;greet&quot;:&quot;Valora este art\u00edculo&quot;,&quot;legend&quot;:&quot;0\\\/5 - (0 votos)&quot;,&quot;size&quot;:&quot;24&quot;,&quot;title&quot;:&quot;CITAS INELUDIBLES CON LA GASTRONOM\u00cdA NAVIDE\u00d1A EN MADRID&quot;,&quot;width&quot;:&quot;0&quot;,&quot;_legend&quot;:&quot;{score}\\\/{best} - ({count} {votes})&quot;,&quot;font_factor&quot;:&quot;1.25&quot;}'>\n            \n<div class=\"kksr-stars\">\n    \n<div class=\"kksr-stars-inactive\">\n            <div class=\"kksr-star\" data-star=\"1\" style=\"padding-right: 1px\">\n            \n\n<div class=\"kksr-icon\" style=\"width: 24px; height: 24px;\"><\/div>\n        <\/div>\n            <div class=\"kksr-star\" data-star=\"2\" style=\"padding-right: 1px\">\n            \n\n<div class=\"kksr-icon\" style=\"width: 24px; height: 24px;\"><\/div>\n        <\/div>\n            <div class=\"kksr-star\" data-star=\"3\" style=\"padding-right: 1px\">\n            \n\n<div class=\"kksr-icon\" style=\"width: 24px; height: 24px;\"><\/div>\n        <\/div>\n            <div class=\"kksr-star\" data-star=\"4\" style=\"padding-right: 1px\">\n            \n\n<div class=\"kksr-icon\" style=\"width: 24px; height: 24px;\"><\/div>\n        <\/div>\n            <div class=\"kksr-star\" data-star=\"5\" style=\"padding-right: 1px\">\n            \n\n<div class=\"kksr-icon\" style=\"width: 24px; height: 24px;\"><\/div>\n        <\/div>\n    <\/div>\n    \n<div class=\"kksr-stars-active\" style=\"width: 0px;\">\n            <div class=\"kksr-star\" style=\"padding-right: 1px\">\n            \n\n<div class=\"kksr-icon\" style=\"width: 24px; height: 24px;\"><\/div>\n        <\/div>\n            <div class=\"kksr-star\" style=\"padding-right: 1px\">\n            \n\n<div class=\"kksr-icon\" style=\"width: 24px; height: 24px;\"><\/div>\n        <\/div>\n            <div class=\"kksr-star\" style=\"padding-right: 1px\">\n            \n\n<div class=\"kksr-icon\" style=\"width: 24px; height: 24px;\"><\/div>\n        <\/div>\n            <div class=\"kksr-star\" style=\"padding-right: 1px\">\n            \n\n<div class=\"kksr-icon\" style=\"width: 24px; height: 24px;\"><\/div>\n        <\/div>\n            <div class=\"kksr-star\" style=\"padding-right: 1px\">\n            \n\n<div class=\"kksr-icon\" style=\"width: 24px; height: 24px;\"><\/div>\n        <\/div>\n    <\/div>\n<\/div>\n                \n\n<div class=\"kksr-legend\" style=\"font-size: 19.2px;\">\n            <span class=\"kksr-muted\">Valora este art\u00edculo<\/span>\n    <\/div>\n    <\/div>\n","protected":false},"excerpt":{"rendered":"<p>Consom\u00e9 de buey aromatizado con jerez, consom\u00e9 de pollo y  [&#8230;]<\/p>\n","protected":false},"author":4,"featured_media":7297,"comment_status":"closed","ping_status":"closed","sticky":false,"template":"","format":"standard","meta":{"footnotes":""},"categories":[79],"tags":[5,69],"class_list":["post-5104","post","type-post","status-publish","format-standard","has-post-thumbnail","hentry","category-vivir-madrid","tag-madrid","tag-navidad"],"yoast_head":"<!-- This site is optimized with the Yoast SEO plugin v27.4 - https:\/\/yoast.com\/product\/yoast-seo-wordpress\/ -->\n<title>LA GASTRONOM\u00cdA NAVIDE\u00d1A EN MADRID<\/title>\n<meta name=\"description\" content=\"Platos que toman las cartas de men\u00fa de los restaurantes de Madrid para dar la bienvenida a la Navidad: consome,perd\u00edces,besugo y los dulces.Por MadridFansblog\" \/>\n<meta name=\"robots\" content=\"index, follow, max-snippet:-1, max-image-preview:large, max-video-preview:-1\" \/>\n<link rel=\"canonical\" href=\"https:\/\/www.proinca.es\/madridfansblog\/citas-ineludibles-con-la-gastronomia-navidena-en-madrid\/\" \/>\n<meta property=\"og:locale\" content=\"es_ES\" \/>\n<meta property=\"og:type\" content=\"article\" \/>\n<meta property=\"og:title\" content=\"LA GASTRONOM\u00cdA NAVIDE\u00d1A EN MADRID\" \/>\n<meta property=\"og:description\" content=\"Platos que toman las cartas de men\u00fa de los restaurantes de Madrid para dar la bienvenida a la Navidad: consome,perd\u00edces,besugo y los dulces.Por MadridFansblog\" \/>\n<meta property=\"og:url\" content=\"https:\/\/www.proinca.es\/madridfansblog\/citas-ineludibles-con-la-gastronomia-navidena-en-madrid\/\" \/>\n<meta property=\"og:site_name\" content=\"Blog Proinca Madrid\" \/>\n<meta property=\"article:published_time\" content=\"2017-12-18T17:14:42+00:00\" \/>\n<meta property=\"article:modified_time\" content=\"2025-05-28T13:32:34+00:00\" \/>\n<meta property=\"og:image\" content=\"https:\/\/www.proinca.es\/madridfansblog\/wp-content\/uploads\/2017\/12\/gastronomia-navidena-madrid.jpg\" \/>\n\t<meta property=\"og:image:width\" content=\"1000\" \/>\n\t<meta property=\"og:image:height\" content=\"986\" \/>\n\t<meta property=\"og:image:type\" content=\"image\/jpeg\" \/>\n<meta name=\"author\" content=\"Ana Calero\" \/>\n<script type=\"application\/ld+json\" class=\"yoast-schema-graph\">{\"@context\":\"https:\\\/\\\/schema.org\",\"@graph\":[{\"@type\":\"Article\",\"@id\":\"https:\\\/\\\/www.proinca.es\\\/madridfansblog\\\/citas-ineludibles-con-la-gastronomia-navidena-en-madrid\\\/#article\",\"isPartOf\":{\"@id\":\"https:\\\/\\\/www.proinca.es\\\/madridfansblog\\\/citas-ineludibles-con-la-gastronomia-navidena-en-madrid\\\/\"},\"author\":{\"name\":\"Ana Calero\",\"@id\":\"https:\\\/\\\/www.proinca.es\\\/madridfansblog\\\/#\\\/schema\\\/person\\\/8401adc89c0a0f5a3574c43326247f1e\"},\"headline\":\"CITAS INELUDIBLES CON LA GASTRONOM\u00cdA NAVIDE\u00d1A EN MADRID\",\"datePublished\":\"2017-12-18T17:14:42+00:00\",\"dateModified\":\"2025-05-28T13:32:34+00:00\",\"mainEntityOfPage\":{\"@id\":\"https:\\\/\\\/www.proinca.es\\\/madridfansblog\\\/citas-ineludibles-con-la-gastronomia-navidena-en-madrid\\\/\"},\"wordCount\":342,\"publisher\":{\"@id\":\"https:\\\/\\\/www.proinca.es\\\/madridfansblog\\\/#organization\"},\"image\":{\"@id\":\"https:\\\/\\\/www.proinca.es\\\/madridfansblog\\\/citas-ineludibles-con-la-gastronomia-navidena-en-madrid\\\/#primaryimage\"},\"thumbnailUrl\":\"https:\\\/\\\/www.proinca.es\\\/madridfansblog\\\/wp-content\\\/uploads\\\/2017\\\/12\\\/gastronomia-navidena-madrid.jpg\",\"keywords\":[\"Madrid\",\"Navidad\"],\"articleSection\":[\"VIVIR MADRID\"],\"inLanguage\":\"es\"},{\"@type\":\"WebPage\",\"@id\":\"https:\\\/\\\/www.proinca.es\\\/madridfansblog\\\/citas-ineludibles-con-la-gastronomia-navidena-en-madrid\\\/\",\"url\":\"https:\\\/\\\/www.proinca.es\\\/madridfansblog\\\/citas-ineludibles-con-la-gastronomia-navidena-en-madrid\\\/\",\"name\":\"LA GASTRONOM\u00cdA NAVIDE\u00d1A EN MADRID\",\"isPartOf\":{\"@id\":\"https:\\\/\\\/www.proinca.es\\\/madridfansblog\\\/#website\"},\"primaryImageOfPage\":{\"@id\":\"https:\\\/\\\/www.proinca.es\\\/madridfansblog\\\/citas-ineludibles-con-la-gastronomia-navidena-en-madrid\\\/#primaryimage\"},\"image\":{\"@id\":\"https:\\\/\\\/www.proinca.es\\\/madridfansblog\\\/citas-ineludibles-con-la-gastronomia-navidena-en-madrid\\\/#primaryimage\"},\"thumbnailUrl\":\"https:\\\/\\\/www.proinca.es\\\/madridfansblog\\\/wp-content\\\/uploads\\\/2017\\\/12\\\/gastronomia-navidena-madrid.jpg\",\"datePublished\":\"2017-12-18T17:14:42+00:00\",\"dateModified\":\"2025-05-28T13:32:34+00:00\",\"description\":\"Platos que toman las cartas de men\u00fa de los restaurantes de Madrid para dar la bienvenida a la Navidad: consome,perd\u00edces,besugo y los dulces.Por MadridFansblog\",\"inLanguage\":\"es\",\"potentialAction\":[{\"@type\":\"ReadAction\",\"target\":[\"https:\\\/\\\/www.proinca.es\\\/madridfansblog\\\/citas-ineludibles-con-la-gastronomia-navidena-en-madrid\\\/\"]}]},{\"@type\":\"ImageObject\",\"inLanguage\":\"es\",\"@id\":\"https:\\\/\\\/www.proinca.es\\\/madridfansblog\\\/citas-ineludibles-con-la-gastronomia-navidena-en-madrid\\\/#primaryimage\",\"url\":\"https:\\\/\\\/www.proinca.es\\\/madridfansblog\\\/wp-content\\\/uploads\\\/2017\\\/12\\\/gastronomia-navidena-madrid.jpg\",\"contentUrl\":\"https:\\\/\\\/www.proinca.es\\\/madridfansblog\\\/wp-content\\\/uploads\\\/2017\\\/12\\\/gastronomia-navidena-madrid.jpg\",\"width\":1000,\"height\":986,\"caption\":\"Citas ineludibles con la gastronom\u00eda navide\u00f1a en Madrid\"},{\"@type\":\"WebSite\",\"@id\":\"https:\\\/\\\/www.proinca.es\\\/madridfansblog\\\/#website\",\"url\":\"https:\\\/\\\/www.proinca.es\\\/madridfansblog\\\/\",\"name\":\"Madrid Fans Blog Proinca\",\"description\":\"Pisos y apartamentos de alquiler en Madrid\",\"publisher\":{\"@id\":\"https:\\\/\\\/www.proinca.es\\\/madridfansblog\\\/#organization\"},\"potentialAction\":[{\"@type\":\"SearchAction\",\"target\":{\"@type\":\"EntryPoint\",\"urlTemplate\":\"https:\\\/\\\/www.proinca.es\\\/madridfansblog\\\/?s={search_term_string}\"},\"query-input\":{\"@type\":\"PropertyValueSpecification\",\"valueRequired\":true,\"valueName\":\"search_term_string\"}}],\"inLanguage\":\"es\"},{\"@type\":\"Organization\",\"@id\":\"https:\\\/\\\/www.proinca.es\\\/madridfansblog\\\/#organization\",\"name\":\"Proinca\",\"url\":\"https:\\\/\\\/www.proinca.es\\\/madridfansblog\\\/\",\"logo\":{\"@type\":\"ImageObject\",\"inLanguage\":\"es\",\"@id\":\"https:\\\/\\\/www.proinca.es\\\/madridfansblog\\\/#\\\/schema\\\/logo\\\/image\\\/\",\"url\":\"https:\\\/\\\/www.proinca.es\\\/madridfansblog\\\/wp-content\\\/uploads\\\/2022\\\/03\\\/logo-proinca.jpg\",\"contentUrl\":\"https:\\\/\\\/www.proinca.es\\\/madridfansblog\\\/wp-content\\\/uploads\\\/2022\\\/03\\\/logo-proinca.jpg\",\"width\":522,\"height\":250,\"caption\":\"Proinca\"},\"image\":{\"@id\":\"https:\\\/\\\/www.proinca.es\\\/madridfansblog\\\/#\\\/schema\\\/logo\\\/image\\\/\"}},{\"@type\":\"Person\",\"@id\":\"https:\\\/\\\/www.proinca.es\\\/madridfansblog\\\/#\\\/schema\\\/person\\\/8401adc89c0a0f5a3574c43326247f1e\",\"name\":\"Ana Calero\",\"image\":{\"@type\":\"ImageObject\",\"inLanguage\":\"es\",\"@id\":\"https:\\\/\\\/www.proinca.es\\\/madridfansblog\\\/wp-content\\\/litespeed\\\/avatar\\\/ef51b25c0718910f475570320941ef46.jpg?ver=1777379772\",\"url\":\"https:\\\/\\\/www.proinca.es\\\/madridfansblog\\\/wp-content\\\/litespeed\\\/avatar\\\/ef51b25c0718910f475570320941ef46.jpg?ver=1777379772\",\"contentUrl\":\"https:\\\/\\\/www.proinca.es\\\/madridfansblog\\\/wp-content\\\/litespeed\\\/avatar\\\/ef51b25c0718910f475570320941ef46.jpg?ver=1777379772\",\"caption\":\"Ana Calero\"},\"description\":\"Licenciada en Ciencias Empresariales por la Universidad Aut\u00f3noma de Madrid. Forma parte del equipo de Apartamentos Proinca y es una enamorada de Madrid\",\"sameAs\":[\"https:\\\/\\\/www.proinca.es\\\/madridfansblog\\\/ana-calero\\\/\"]}]}<\/script>\n<!-- \/ Yoast SEO plugin. -->","yoast_head_json":{"title":"LA GASTRONOM\u00cdA NAVIDE\u00d1A EN MADRID","description":"Platos que toman las cartas de men\u00fa de los restaurantes de Madrid para dar la bienvenida a la Navidad: consome,perd\u00edces,besugo y los dulces.Por MadridFansblog","robots":{"index":"index","follow":"follow","max-snippet":"max-snippet:-1","max-image-preview":"max-image-preview:large","max-video-preview":"max-video-preview:-1"},"canonical":"https:\/\/www.proinca.es\/madridfansblog\/citas-ineludibles-con-la-gastronomia-navidena-en-madrid\/","og_locale":"es_ES","og_type":"article","og_title":"LA GASTRONOM\u00cdA NAVIDE\u00d1A EN MADRID","og_description":"Platos que toman las cartas de men\u00fa de los restaurantes de Madrid para dar la bienvenida a la Navidad: consome,perd\u00edces,besugo y los dulces.Por MadridFansblog","og_url":"https:\/\/www.proinca.es\/madridfansblog\/citas-ineludibles-con-la-gastronomia-navidena-en-madrid\/","og_site_name":"Blog Proinca Madrid","article_published_time":"2017-12-18T17:14:42+00:00","article_modified_time":"2025-05-28T13:32:34+00:00","og_image":[{"width":1000,"height":986,"url":"https:\/\/www.proinca.es\/madridfansblog\/wp-content\/uploads\/2017\/12\/gastronomia-navidena-madrid.jpg","type":"image\/jpeg"}],"author":"Ana Calero","schema":{"@context":"https:\/\/schema.org","@graph":[{"@type":"Article","@id":"https:\/\/www.proinca.es\/madridfansblog\/citas-ineludibles-con-la-gastronomia-navidena-en-madrid\/#article","isPartOf":{"@id":"https:\/\/www.proinca.es\/madridfansblog\/citas-ineludibles-con-la-gastronomia-navidena-en-madrid\/"},"author":{"name":"Ana Calero","@id":"https:\/\/www.proinca.es\/madridfansblog\/#\/schema\/person\/8401adc89c0a0f5a3574c43326247f1e"},"headline":"CITAS INELUDIBLES CON LA GASTRONOM\u00cdA NAVIDE\u00d1A EN MADRID","datePublished":"2017-12-18T17:14:42+00:00","dateModified":"2025-05-28T13:32:34+00:00","mainEntityOfPage":{"@id":"https:\/\/www.proinca.es\/madridfansblog\/citas-ineludibles-con-la-gastronomia-navidena-en-madrid\/"},"wordCount":342,"publisher":{"@id":"https:\/\/www.proinca.es\/madridfansblog\/#organization"},"image":{"@id":"https:\/\/www.proinca.es\/madridfansblog\/citas-ineludibles-con-la-gastronomia-navidena-en-madrid\/#primaryimage"},"thumbnailUrl":"https:\/\/www.proinca.es\/madridfansblog\/wp-content\/uploads\/2017\/12\/gastronomia-navidena-madrid.jpg","keywords":["Madrid","Navidad"],"articleSection":["VIVIR MADRID"],"inLanguage":"es"},{"@type":"WebPage","@id":"https:\/\/www.proinca.es\/madridfansblog\/citas-ineludibles-con-la-gastronomia-navidena-en-madrid\/","url":"https:\/\/www.proinca.es\/madridfansblog\/citas-ineludibles-con-la-gastronomia-navidena-en-madrid\/","name":"LA GASTRONOM\u00cdA NAVIDE\u00d1A EN MADRID","isPartOf":{"@id":"https:\/\/www.proinca.es\/madridfansblog\/#website"},"primaryImageOfPage":{"@id":"https:\/\/www.proinca.es\/madridfansblog\/citas-ineludibles-con-la-gastronomia-navidena-en-madrid\/#primaryimage"},"image":{"@id":"https:\/\/www.proinca.es\/madridfansblog\/citas-ineludibles-con-la-gastronomia-navidena-en-madrid\/#primaryimage"},"thumbnailUrl":"https:\/\/www.proinca.es\/madridfansblog\/wp-content\/uploads\/2017\/12\/gastronomia-navidena-madrid.jpg","datePublished":"2017-12-18T17:14:42+00:00","dateModified":"2025-05-28T13:32:34+00:00","description":"Platos que toman las cartas de men\u00fa de los restaurantes de Madrid para dar la bienvenida a la Navidad: consome,perd\u00edces,besugo y los dulces.Por MadridFansblog","inLanguage":"es","potentialAction":[{"@type":"ReadAction","target":["https:\/\/www.proinca.es\/madridfansblog\/citas-ineludibles-con-la-gastronomia-navidena-en-madrid\/"]}]},{"@type":"ImageObject","inLanguage":"es","@id":"https:\/\/www.proinca.es\/madridfansblog\/citas-ineludibles-con-la-gastronomia-navidena-en-madrid\/#primaryimage","url":"https:\/\/www.proinca.es\/madridfansblog\/wp-content\/uploads\/2017\/12\/gastronomia-navidena-madrid.jpg","contentUrl":"https:\/\/www.proinca.es\/madridfansblog\/wp-content\/uploads\/2017\/12\/gastronomia-navidena-madrid.jpg","width":1000,"height":986,"caption":"Citas ineludibles con la gastronom\u00eda navide\u00f1a en Madrid"},{"@type":"WebSite","@id":"https:\/\/www.proinca.es\/madridfansblog\/#website","url":"https:\/\/www.proinca.es\/madridfansblog\/","name":"Madrid Fans Blog Proinca","description":"Pisos y apartamentos de alquiler en Madrid","publisher":{"@id":"https:\/\/www.proinca.es\/madridfansblog\/#organization"},"potentialAction":[{"@type":"SearchAction","target":{"@type":"EntryPoint","urlTemplate":"https:\/\/www.proinca.es\/madridfansblog\/?s={search_term_string}"},"query-input":{"@type":"PropertyValueSpecification","valueRequired":true,"valueName":"search_term_string"}}],"inLanguage":"es"},{"@type":"Organization","@id":"https:\/\/www.proinca.es\/madridfansblog\/#organization","name":"Proinca","url":"https:\/\/www.proinca.es\/madridfansblog\/","logo":{"@type":"ImageObject","inLanguage":"es","@id":"https:\/\/www.proinca.es\/madridfansblog\/#\/schema\/logo\/image\/","url":"https:\/\/www.proinca.es\/madridfansblog\/wp-content\/uploads\/2022\/03\/logo-proinca.jpg","contentUrl":"https:\/\/www.proinca.es\/madridfansblog\/wp-content\/uploads\/2022\/03\/logo-proinca.jpg","width":522,"height":250,"caption":"Proinca"},"image":{"@id":"https:\/\/www.proinca.es\/madridfansblog\/#\/schema\/logo\/image\/"}},{"@type":"Person","@id":"https:\/\/www.proinca.es\/madridfansblog\/#\/schema\/person\/8401adc89c0a0f5a3574c43326247f1e","name":"Ana Calero","image":{"@type":"ImageObject","inLanguage":"es","@id":"https:\/\/www.proinca.es\/madridfansblog\/wp-content\/litespeed\/avatar\/ef51b25c0718910f475570320941ef46.jpg?ver=1777379772","url":"https:\/\/www.proinca.es\/madridfansblog\/wp-content\/litespeed\/avatar\/ef51b25c0718910f475570320941ef46.jpg?ver=1777379772","contentUrl":"https:\/\/www.proinca.es\/madridfansblog\/wp-content\/litespeed\/avatar\/ef51b25c0718910f475570320941ef46.jpg?ver=1777379772","caption":"Ana Calero"},"description":"Licenciada en Ciencias Empresariales por la Universidad Aut\u00f3noma de Madrid. Forma parte del equipo de Apartamentos Proinca y es una enamorada de Madrid","sameAs":["https:\/\/www.proinca.es\/madridfansblog\/ana-calero\/"]}]}},"_links":{"self":[{"href":"https:\/\/www.proinca.es\/madridfansblog\/wp-json\/wp\/v2\/posts\/5104","targetHints":{"allow":["GET"]}}],"collection":[{"href":"https:\/\/www.proinca.es\/madridfansblog\/wp-json\/wp\/v2\/posts"}],"about":[{"href":"https:\/\/www.proinca.es\/madridfansblog\/wp-json\/wp\/v2\/types\/post"}],"author":[{"embeddable":true,"href":"https:\/\/www.proinca.es\/madridfansblog\/wp-json\/wp\/v2\/users\/4"}],"replies":[{"embeddable":true,"href":"https:\/\/www.proinca.es\/madridfansblog\/wp-json\/wp\/v2\/comments?post=5104"}],"version-history":[{"count":12,"href":"https:\/\/www.proinca.es\/madridfansblog\/wp-json\/wp\/v2\/posts\/5104\/revisions"}],"predecessor-version":[{"id":7446,"href":"https:\/\/www.proinca.es\/madridfansblog\/wp-json\/wp\/v2\/posts\/5104\/revisions\/7446"}],"wp:featuredmedia":[{"embeddable":true,"href":"https:\/\/www.proinca.es\/madridfansblog\/wp-json\/wp\/v2\/media\/7297"}],"wp:attachment":[{"href":"https:\/\/www.proinca.es\/madridfansblog\/wp-json\/wp\/v2\/media?parent=5104"}],"wp:term":[{"taxonomy":"category","embeddable":true,"href":"https:\/\/www.proinca.es\/madridfansblog\/wp-json\/wp\/v2\/categories?post=5104"},{"taxonomy":"post_tag","embeddable":true,"href":"https:\/\/www.proinca.es\/madridfansblog\/wp-json\/wp\/v2\/tags?post=5104"}],"curies":[{"name":"wp","href":"https:\/\/api.w.org\/{rel}","templated":true}]}}