{"id":5125,"date":"2017-12-31T18:11:03","date_gmt":"2017-12-31T17:11:03","guid":{"rendered":"https:\/\/www.proinca.es\/madridfansblog\/?p=5125"},"modified":"2025-05-28T13:24:56","modified_gmt":"2025-05-28T11:24:56","slug":"planes-con-ninos-en-madrid-para-iniciar-el-2018","status":"publish","type":"post","link":"https:\/\/www.proinca.es\/madridfansblog\/planes-con-ninos-en-madrid-para-iniciar-el-2018\/","title":{"rendered":"PLANES CON NI\u00d1OS EN MADRID PARA INICIAR EL 2018"},"content":{"rendered":"<p>En <strong>Madrid<\/strong>, no hay ni\u00f1o que se pueda aburrir estas <strong>Navidades<\/strong>.<!--more--> A las tradicionales actividades de ocio propias de estas fechas, como disfrutar de los belenes m\u00e1s emblem\u00e1ticos, de Cortylandia o de una zambombada como las de antes, se suman decenas de propuestas en las que invertir una tarde de Navidad y llegar a casa con buen sabor de boca. Aqu\u00ed van algunas recomendaciones para diferentes gustos y bolsillos:<\/p>\n<p>&nbsp;<\/p>\n<p>&#8211; Hasta el 7 de enero, la emblem\u00e1tica plaza de Col\u00f3n se convierte en un <strong>espacio de patinaje de 600 metros cuadrados<\/strong>, una opci\u00f3n de ocio id\u00f3nea para disfrutar en familia al m\u00e1s puro estilo neoyorquino.<\/p>\n<p>&#8211; Tambi\u00e9n hasta el 7 de enero, el <strong>Teatro Circo Price de Madrid<\/strong> ofrece un espect\u00e1culo para todos los p\u00fablicos donde el arte circense y las acrobacias pondr\u00e1n la nota de color. Los Viajes de Marco y Pili promete dejarnos con la boca abierta.<\/p>\n<p>&#8211; <strong>Oc\u00e9anos, el \u00faltimo territorio salvaje<\/strong> es m\u00e1s que una exposici\u00f3n, es una inmersi\u00f3n en el mundo submarino como jam\u00e1s hubierais imaginado. La muestra, de 1.000 metros cuadrados, incluye r\u00e9plicas de animales marinos, im\u00e1genes 3D estereosc\u00f3picas y una proyecci\u00f3n inmersiva en pantalla curva.<\/p>\n<p>&#8211; Si quer\u00e9is sentir la magia del circo con el mismo entusiasmo que de peque\u00f1os y que vuestros hijos experimenten la misma sensaci\u00f3n, <strong>Totem, <\/strong>la \u00faltima producci\u00f3n de<strong> El Cirque du Soleil,<\/strong> es una apuesta segura. Permanecer\u00e1 en <strong>Madrid<\/strong> hasta el 14 de enero.<\/p>\n<p>&#8211; <strong>Festival Libros Amigos<\/strong>. Del 28 al 30 de diciembre, La Casa Encendida celebra la segunda edici\u00f3n de un festival de libros, arte y creaci\u00f3n dirigido al p\u00fablico infantil. Talleres, espect\u00e1culos y proyectos experimentales tratar\u00e1n de fomentar la creatividad a trav\u00e9s de la lectura, juegos, instalaciones, m\u00fasica y talleres para los m\u00e1s peque\u00f1os.<\/p>\n<p>&nbsp;<\/p>\n<p>Informaci\u00f3n patrocinada por\u00a0<strong><a title=\"Proinca apartamentos de alquiler en Madrid\" href=\"http:\/\/www.proinca.es\" target=\"_blank\" rel=\"noopener\">Proinca: Apartamentos de alquiler en Madrid<\/a><\/strong><\/p>\n<p>Foto de Utku \u00d6zen | @theutkuozen en Unsplash<\/p>\n\n\n<div class=\"kk-star-ratings kksr-auto kksr-align-left kksr-valign-bottom\"\n    data-payload='{&quot;align&quot;:&quot;left&quot;,&quot;id&quot;:&quot;5125&quot;,&quot;slug&quot;:&quot;default&quot;,&quot;valign&quot;:&quot;bottom&quot;,&quot;ignore&quot;:&quot;&quot;,&quot;reference&quot;:&quot;auto&quot;,&quot;class&quot;:&quot;&quot;,&quot;count&quot;:&quot;0&quot;,&quot;legendonly&quot;:&quot;&quot;,&quot;readonly&quot;:&quot;&quot;,&quot;score&quot;:&quot;0&quot;,&quot;starsonly&quot;:&quot;&quot;,&quot;best&quot;:&quot;5&quot;,&quot;gap&quot;:&quot;1&quot;,&quot;greet&quot;:&quot;Valora este art\u00edculo&quot;,&quot;legend&quot;:&quot;0\\\/5 - (0 votos)&quot;,&quot;size&quot;:&quot;24&quot;,&quot;title&quot;:&quot;PLANES CON NI\u00d1OS EN MADRID PARA INICIAR EL 2018&quot;,&quot;width&quot;:&quot;0&quot;,&quot;_legend&quot;:&quot;{score}\\\/{best} - ({count} {votes})&quot;,&quot;font_factor&quot;:&quot;1.25&quot;}'>\n            \n<div class=\"kksr-stars\">\n    \n<div class=\"kksr-stars-inactive\">\n            <div class=\"kksr-star\" data-star=\"1\" style=\"padding-right: 1px\">\n            \n\n<div class=\"kksr-icon\" style=\"width: 24px; height: 24px;\"><\/div>\n        <\/div>\n            <div class=\"kksr-star\" data-star=\"2\" style=\"padding-right: 1px\">\n            \n\n<div class=\"kksr-icon\" style=\"width: 24px; height: 24px;\"><\/div>\n        <\/div>\n            <div class=\"kksr-star\" data-star=\"3\" style=\"padding-right: 1px\">\n            \n\n<div class=\"kksr-icon\" style=\"width: 24px; height: 24px;\"><\/div>\n        <\/div>\n            <div class=\"kksr-star\" data-star=\"4\" style=\"padding-right: 1px\">\n            \n\n<div class=\"kksr-icon\" style=\"width: 24px; height: 24px;\"><\/div>\n        <\/div>\n            <div class=\"kksr-star\" data-star=\"5\" style=\"padding-right: 1px\">\n            \n\n<div class=\"kksr-icon\" style=\"width: 24px; height: 24px;\"><\/div>\n        <\/div>\n    <\/div>\n    \n<div class=\"kksr-stars-active\" style=\"width: 0px;\">\n            <div class=\"kksr-star\" style=\"padding-right: 1px\">\n            \n\n<div class=\"kksr-icon\" style=\"width: 24px; height: 24px;\"><\/div>\n        <\/div>\n            <div class=\"kksr-star\" style=\"padding-right: 1px\">\n            \n\n<div class=\"kksr-icon\" style=\"width: 24px; height: 24px;\"><\/div>\n        <\/div>\n            <div class=\"kksr-star\" style=\"padding-right: 1px\">\n            \n\n<div class=\"kksr-icon\" style=\"width: 24px; height: 24px;\"><\/div>\n        <\/div>\n            <div class=\"kksr-star\" style=\"padding-right: 1px\">\n            \n\n<div class=\"kksr-icon\" style=\"width: 24px; height: 24px;\"><\/div>\n        <\/div>\n            <div class=\"kksr-star\" style=\"padding-right: 1px\">\n            \n\n<div class=\"kksr-icon\" style=\"width: 24px; height: 24px;\"><\/div>\n        <\/div>\n    <\/div>\n<\/div>\n                \n\n<div class=\"kksr-legend\" style=\"font-size: 19.2px;\">\n            <span class=\"kksr-muted\">Valora este art\u00edculo<\/span>\n    <\/div>\n    <\/div>\n","protected":false},"excerpt":{"rendered":"<p>En Madrid, no hay ni\u00f1o que se pueda aburrir estas  [&#8230;]<\/p>\n","protected":false},"author":4,"featured_media":7299,"comment_status":"closed","ping_status":"closed","sticky":false,"template":"","format":"standard","meta":{"footnotes":""},"categories":[79],"tags":[5,69],"class_list":["post-5125","post","type-post","status-publish","format-standard","has-post-thumbnail","hentry","category-vivir-madrid","tag-madrid","tag-navidad"],"yoast_head":"<!-- This site is optimized with the Yoast SEO plugin v27.4 - https:\/\/yoast.com\/product\/yoast-seo-wordpress\/ -->\n<title>Con ni\u00f1os en Madrid para despedir el 2017<\/title>\n<meta name=\"description\" content=\"En Madrid, no hay ni\u00f1o que se pueda aburrir estas Navidades: Patinaje, CircoPrice y du Solei, Mundo submarino, Festival de Libros....Por MadridFansblog\" \/>\n<meta name=\"robots\" content=\"index, follow, max-snippet:-1, max-image-preview:large, max-video-preview:-1\" \/>\n<link rel=\"canonical\" href=\"https:\/\/www.proinca.es\/madridfansblog\/planes-con-ninos-en-madrid-para-iniciar-el-2018\/\" \/>\n<meta property=\"og:locale\" content=\"es_ES\" \/>\n<meta property=\"og:type\" content=\"article\" \/>\n<meta property=\"og:title\" content=\"Con ni\u00f1os en Madrid para despedir el 2017\" \/>\n<meta property=\"og:description\" content=\"En Madrid, no hay ni\u00f1o que se pueda aburrir estas Navidades: Patinaje, CircoPrice y du Solei, Mundo submarino, Festival de Libros....Por MadridFansblog\" \/>\n<meta property=\"og:url\" content=\"https:\/\/www.proinca.es\/madridfansblog\/planes-con-ninos-en-madrid-para-iniciar-el-2018\/\" \/>\n<meta property=\"og:site_name\" content=\"Blog Proinca Madrid\" \/>\n<meta property=\"article:published_time\" content=\"2017-12-31T17:11:03+00:00\" \/>\n<meta property=\"article:modified_time\" content=\"2025-05-28T11:24:56+00:00\" \/>\n<meta property=\"og:image\" content=\"https:\/\/www.proinca.es\/madridfansblog\/wp-content\/uploads\/2017\/12\/planes-ninos-2018.jpg\" \/>\n\t<meta property=\"og:image:width\" content=\"1000\" \/>\n\t<meta property=\"og:image:height\" content=\"667\" \/>\n\t<meta property=\"og:image:type\" content=\"image\/jpeg\" \/>\n<meta name=\"author\" content=\"Ana Calero\" \/>\n<script type=\"application\/ld+json\" class=\"yoast-schema-graph\">{\"@context\":\"https:\\\/\\\/schema.org\",\"@graph\":[{\"@type\":\"Article\",\"@id\":\"https:\\\/\\\/www.proinca.es\\\/madridfansblog\\\/planes-con-ninos-en-madrid-para-iniciar-el-2018\\\/#article\",\"isPartOf\":{\"@id\":\"https:\\\/\\\/www.proinca.es\\\/madridfansblog\\\/planes-con-ninos-en-madrid-para-iniciar-el-2018\\\/\"},\"author\":{\"name\":\"Ana Calero\",\"@id\":\"https:\\\/\\\/www.proinca.es\\\/madridfansblog\\\/#\\\/schema\\\/person\\\/8401adc89c0a0f5a3574c43326247f1e\"},\"headline\":\"PLANES CON NI\u00d1OS EN MADRID PARA INICIAR EL 2018\",\"datePublished\":\"2017-12-31T17:11:03+00:00\",\"dateModified\":\"2025-05-28T11:24:56+00:00\",\"mainEntityOfPage\":{\"@id\":\"https:\\\/\\\/www.proinca.es\\\/madridfansblog\\\/planes-con-ninos-en-madrid-para-iniciar-el-2018\\\/\"},\"wordCount\":344,\"publisher\":{\"@id\":\"https:\\\/\\\/www.proinca.es\\\/madridfansblog\\\/#organization\"},\"image\":{\"@id\":\"https:\\\/\\\/www.proinca.es\\\/madridfansblog\\\/planes-con-ninos-en-madrid-para-iniciar-el-2018\\\/#primaryimage\"},\"thumbnailUrl\":\"https:\\\/\\\/www.proinca.es\\\/madridfansblog\\\/wp-content\\\/uploads\\\/2017\\\/12\\\/planes-ninos-2018.jpg\",\"keywords\":[\"Madrid\",\"Navidad\"],\"articleSection\":[\"VIVIR MADRID\"],\"inLanguage\":\"es\"},{\"@type\":\"WebPage\",\"@id\":\"https:\\\/\\\/www.proinca.es\\\/madridfansblog\\\/planes-con-ninos-en-madrid-para-iniciar-el-2018\\\/\",\"url\":\"https:\\\/\\\/www.proinca.es\\\/madridfansblog\\\/planes-con-ninos-en-madrid-para-iniciar-el-2018\\\/\",\"name\":\"Con ni\u00f1os en Madrid para despedir el 2017\",\"isPartOf\":{\"@id\":\"https:\\\/\\\/www.proinca.es\\\/madridfansblog\\\/#website\"},\"primaryImageOfPage\":{\"@id\":\"https:\\\/\\\/www.proinca.es\\\/madridfansblog\\\/planes-con-ninos-en-madrid-para-iniciar-el-2018\\\/#primaryimage\"},\"image\":{\"@id\":\"https:\\\/\\\/www.proinca.es\\\/madridfansblog\\\/planes-con-ninos-en-madrid-para-iniciar-el-2018\\\/#primaryimage\"},\"thumbnailUrl\":\"https:\\\/\\\/www.proinca.es\\\/madridfansblog\\\/wp-content\\\/uploads\\\/2017\\\/12\\\/planes-ninos-2018.jpg\",\"datePublished\":\"2017-12-31T17:11:03+00:00\",\"dateModified\":\"2025-05-28T11:24:56+00:00\",\"description\":\"En Madrid, no hay ni\u00f1o que se pueda aburrir estas Navidades: Patinaje, CircoPrice y du Solei, Mundo submarino, Festival de Libros....Por MadridFansblog\",\"inLanguage\":\"es\",\"potentialAction\":[{\"@type\":\"ReadAction\",\"target\":[\"https:\\\/\\\/www.proinca.es\\\/madridfansblog\\\/planes-con-ninos-en-madrid-para-iniciar-el-2018\\\/\"]}]},{\"@type\":\"ImageObject\",\"inLanguage\":\"es\",\"@id\":\"https:\\\/\\\/www.proinca.es\\\/madridfansblog\\\/planes-con-ninos-en-madrid-para-iniciar-el-2018\\\/#primaryimage\",\"url\":\"https:\\\/\\\/www.proinca.es\\\/madridfansblog\\\/wp-content\\\/uploads\\\/2017\\\/12\\\/planes-ninos-2018.jpg\",\"contentUrl\":\"https:\\\/\\\/www.proinca.es\\\/madridfansblog\\\/wp-content\\\/uploads\\\/2017\\\/12\\\/planes-ninos-2018.jpg\",\"width\":1000,\"height\":667,\"caption\":\"Planes con ni\u00f1os en Madrid para iniciar el 2018\"},{\"@type\":\"WebSite\",\"@id\":\"https:\\\/\\\/www.proinca.es\\\/madridfansblog\\\/#website\",\"url\":\"https:\\\/\\\/www.proinca.es\\\/madridfansblog\\\/\",\"name\":\"Madrid Fans Blog Proinca\",\"description\":\"Pisos y apartamentos de alquiler en Madrid\",\"publisher\":{\"@id\":\"https:\\\/\\\/www.proinca.es\\\/madridfansblog\\\/#organization\"},\"potentialAction\":[{\"@type\":\"SearchAction\",\"target\":{\"@type\":\"EntryPoint\",\"urlTemplate\":\"https:\\\/\\\/www.proinca.es\\\/madridfansblog\\\/?s={search_term_string}\"},\"query-input\":{\"@type\":\"PropertyValueSpecification\",\"valueRequired\":true,\"valueName\":\"search_term_string\"}}],\"inLanguage\":\"es\"},{\"@type\":\"Organization\",\"@id\":\"https:\\\/\\\/www.proinca.es\\\/madridfansblog\\\/#organization\",\"name\":\"Proinca\",\"url\":\"https:\\\/\\\/www.proinca.es\\\/madridfansblog\\\/\",\"logo\":{\"@type\":\"ImageObject\",\"inLanguage\":\"es\",\"@id\":\"https:\\\/\\\/www.proinca.es\\\/madridfansblog\\\/#\\\/schema\\\/logo\\\/image\\\/\",\"url\":\"https:\\\/\\\/www.proinca.es\\\/madridfansblog\\\/wp-content\\\/uploads\\\/2022\\\/03\\\/logo-proinca.jpg\",\"contentUrl\":\"https:\\\/\\\/www.proinca.es\\\/madridfansblog\\\/wp-content\\\/uploads\\\/2022\\\/03\\\/logo-proinca.jpg\",\"width\":522,\"height\":250,\"caption\":\"Proinca\"},\"image\":{\"@id\":\"https:\\\/\\\/www.proinca.es\\\/madridfansblog\\\/#\\\/schema\\\/logo\\\/image\\\/\"}},{\"@type\":\"Person\",\"@id\":\"https:\\\/\\\/www.proinca.es\\\/madridfansblog\\\/#\\\/schema\\\/person\\\/8401adc89c0a0f5a3574c43326247f1e\",\"name\":\"Ana Calero\",\"image\":{\"@type\":\"ImageObject\",\"inLanguage\":\"es\",\"@id\":\"https:\\\/\\\/www.proinca.es\\\/madridfansblog\\\/wp-content\\\/litespeed\\\/avatar\\\/ef51b25c0718910f475570320941ef46.jpg?ver=1777379772\",\"url\":\"https:\\\/\\\/www.proinca.es\\\/madridfansblog\\\/wp-content\\\/litespeed\\\/avatar\\\/ef51b25c0718910f475570320941ef46.jpg?ver=1777379772\",\"contentUrl\":\"https:\\\/\\\/www.proinca.es\\\/madridfansblog\\\/wp-content\\\/litespeed\\\/avatar\\\/ef51b25c0718910f475570320941ef46.jpg?ver=1777379772\",\"caption\":\"Ana Calero\"},\"description\":\"Licenciada en Ciencias Empresariales por la Universidad Aut\u00f3noma de Madrid. Forma parte del equipo de Apartamentos Proinca y es una enamorada de Madrid\",\"sameAs\":[\"https:\\\/\\\/www.proinca.es\\\/madridfansblog\\\/ana-calero\\\/\"]}]}<\/script>\n<!-- \/ Yoast SEO plugin. -->","yoast_head_json":{"title":"Con ni\u00f1os en Madrid para despedir el 2017","description":"En Madrid, no hay ni\u00f1o que se pueda aburrir estas Navidades: Patinaje, CircoPrice y du Solei, Mundo submarino, Festival de Libros....Por MadridFansblog","robots":{"index":"index","follow":"follow","max-snippet":"max-snippet:-1","max-image-preview":"max-image-preview:large","max-video-preview":"max-video-preview:-1"},"canonical":"https:\/\/www.proinca.es\/madridfansblog\/planes-con-ninos-en-madrid-para-iniciar-el-2018\/","og_locale":"es_ES","og_type":"article","og_title":"Con ni\u00f1os en Madrid para despedir el 2017","og_description":"En Madrid, no hay ni\u00f1o que se pueda aburrir estas Navidades: Patinaje, CircoPrice y du Solei, Mundo submarino, Festival de Libros....Por MadridFansblog","og_url":"https:\/\/www.proinca.es\/madridfansblog\/planes-con-ninos-en-madrid-para-iniciar-el-2018\/","og_site_name":"Blog Proinca Madrid","article_published_time":"2017-12-31T17:11:03+00:00","article_modified_time":"2025-05-28T11:24:56+00:00","og_image":[{"width":1000,"height":667,"url":"https:\/\/www.proinca.es\/madridfansblog\/wp-content\/uploads\/2017\/12\/planes-ninos-2018.jpg","type":"image\/jpeg"}],"author":"Ana Calero","schema":{"@context":"https:\/\/schema.org","@graph":[{"@type":"Article","@id":"https:\/\/www.proinca.es\/madridfansblog\/planes-con-ninos-en-madrid-para-iniciar-el-2018\/#article","isPartOf":{"@id":"https:\/\/www.proinca.es\/madridfansblog\/planes-con-ninos-en-madrid-para-iniciar-el-2018\/"},"author":{"name":"Ana Calero","@id":"https:\/\/www.proinca.es\/madridfansblog\/#\/schema\/person\/8401adc89c0a0f5a3574c43326247f1e"},"headline":"PLANES CON NI\u00d1OS EN MADRID PARA INICIAR EL 2018","datePublished":"2017-12-31T17:11:03+00:00","dateModified":"2025-05-28T11:24:56+00:00","mainEntityOfPage":{"@id":"https:\/\/www.proinca.es\/madridfansblog\/planes-con-ninos-en-madrid-para-iniciar-el-2018\/"},"wordCount":344,"publisher":{"@id":"https:\/\/www.proinca.es\/madridfansblog\/#organization"},"image":{"@id":"https:\/\/www.proinca.es\/madridfansblog\/planes-con-ninos-en-madrid-para-iniciar-el-2018\/#primaryimage"},"thumbnailUrl":"https:\/\/www.proinca.es\/madridfansblog\/wp-content\/uploads\/2017\/12\/planes-ninos-2018.jpg","keywords":["Madrid","Navidad"],"articleSection":["VIVIR MADRID"],"inLanguage":"es"},{"@type":"WebPage","@id":"https:\/\/www.proinca.es\/madridfansblog\/planes-con-ninos-en-madrid-para-iniciar-el-2018\/","url":"https:\/\/www.proinca.es\/madridfansblog\/planes-con-ninos-en-madrid-para-iniciar-el-2018\/","name":"Con ni\u00f1os en Madrid para despedir el 2017","isPartOf":{"@id":"https:\/\/www.proinca.es\/madridfansblog\/#website"},"primaryImageOfPage":{"@id":"https:\/\/www.proinca.es\/madridfansblog\/planes-con-ninos-en-madrid-para-iniciar-el-2018\/#primaryimage"},"image":{"@id":"https:\/\/www.proinca.es\/madridfansblog\/planes-con-ninos-en-madrid-para-iniciar-el-2018\/#primaryimage"},"thumbnailUrl":"https:\/\/www.proinca.es\/madridfansblog\/wp-content\/uploads\/2017\/12\/planes-ninos-2018.jpg","datePublished":"2017-12-31T17:11:03+00:00","dateModified":"2025-05-28T11:24:56+00:00","description":"En Madrid, no hay ni\u00f1o que se pueda aburrir estas Navidades: Patinaje, CircoPrice y du Solei, Mundo submarino, Festival de Libros....Por MadridFansblog","inLanguage":"es","potentialAction":[{"@type":"ReadAction","target":["https:\/\/www.proinca.es\/madridfansblog\/planes-con-ninos-en-madrid-para-iniciar-el-2018\/"]}]},{"@type":"ImageObject","inLanguage":"es","@id":"https:\/\/www.proinca.es\/madridfansblog\/planes-con-ninos-en-madrid-para-iniciar-el-2018\/#primaryimage","url":"https:\/\/www.proinca.es\/madridfansblog\/wp-content\/uploads\/2017\/12\/planes-ninos-2018.jpg","contentUrl":"https:\/\/www.proinca.es\/madridfansblog\/wp-content\/uploads\/2017\/12\/planes-ninos-2018.jpg","width":1000,"height":667,"caption":"Planes con ni\u00f1os en Madrid para iniciar el 2018"},{"@type":"WebSite","@id":"https:\/\/www.proinca.es\/madridfansblog\/#website","url":"https:\/\/www.proinca.es\/madridfansblog\/","name":"Madrid Fans Blog Proinca","description":"Pisos y apartamentos de alquiler en Madrid","publisher":{"@id":"https:\/\/www.proinca.es\/madridfansblog\/#organization"},"potentialAction":[{"@type":"SearchAction","target":{"@type":"EntryPoint","urlTemplate":"https:\/\/www.proinca.es\/madridfansblog\/?s={search_term_string}"},"query-input":{"@type":"PropertyValueSpecification","valueRequired":true,"valueName":"search_term_string"}}],"inLanguage":"es"},{"@type":"Organization","@id":"https:\/\/www.proinca.es\/madridfansblog\/#organization","name":"Proinca","url":"https:\/\/www.proinca.es\/madridfansblog\/","logo":{"@type":"ImageObject","inLanguage":"es","@id":"https:\/\/www.proinca.es\/madridfansblog\/#\/schema\/logo\/image\/","url":"https:\/\/www.proinca.es\/madridfansblog\/wp-content\/uploads\/2022\/03\/logo-proinca.jpg","contentUrl":"https:\/\/www.proinca.es\/madridfansblog\/wp-content\/uploads\/2022\/03\/logo-proinca.jpg","width":522,"height":250,"caption":"Proinca"},"image":{"@id":"https:\/\/www.proinca.es\/madridfansblog\/#\/schema\/logo\/image\/"}},{"@type":"Person","@id":"https:\/\/www.proinca.es\/madridfansblog\/#\/schema\/person\/8401adc89c0a0f5a3574c43326247f1e","name":"Ana Calero","image":{"@type":"ImageObject","inLanguage":"es","@id":"https:\/\/www.proinca.es\/madridfansblog\/wp-content\/litespeed\/avatar\/ef51b25c0718910f475570320941ef46.jpg?ver=1777379772","url":"https:\/\/www.proinca.es\/madridfansblog\/wp-content\/litespeed\/avatar\/ef51b25c0718910f475570320941ef46.jpg?ver=1777379772","contentUrl":"https:\/\/www.proinca.es\/madridfansblog\/wp-content\/litespeed\/avatar\/ef51b25c0718910f475570320941ef46.jpg?ver=1777379772","caption":"Ana Calero"},"description":"Licenciada en Ciencias Empresariales por la Universidad Aut\u00f3noma de Madrid. Forma parte del equipo de Apartamentos Proinca y es una enamorada de Madrid","sameAs":["https:\/\/www.proinca.es\/madridfansblog\/ana-calero\/"]}]}},"_links":{"self":[{"href":"https:\/\/www.proinca.es\/madridfansblog\/wp-json\/wp\/v2\/posts\/5125","targetHints":{"allow":["GET"]}}],"collection":[{"href":"https:\/\/www.proinca.es\/madridfansblog\/wp-json\/wp\/v2\/posts"}],"about":[{"href":"https:\/\/www.proinca.es\/madridfansblog\/wp-json\/wp\/v2\/types\/post"}],"author":[{"embeddable":true,"href":"https:\/\/www.proinca.es\/madridfansblog\/wp-json\/wp\/v2\/users\/4"}],"replies":[{"embeddable":true,"href":"https:\/\/www.proinca.es\/madridfansblog\/wp-json\/wp\/v2\/comments?post=5125"}],"version-history":[{"count":13,"href":"https:\/\/www.proinca.es\/madridfansblog\/wp-json\/wp\/v2\/posts\/5125\/revisions"}],"predecessor-version":[{"id":7445,"href":"https:\/\/www.proinca.es\/madridfansblog\/wp-json\/wp\/v2\/posts\/5125\/revisions\/7445"}],"wp:featuredmedia":[{"embeddable":true,"href":"https:\/\/www.proinca.es\/madridfansblog\/wp-json\/wp\/v2\/media\/7299"}],"wp:attachment":[{"href":"https:\/\/www.proinca.es\/madridfansblog\/wp-json\/wp\/v2\/media?parent=5125"}],"wp:term":[{"taxonomy":"category","embeddable":true,"href":"https:\/\/www.proinca.es\/madridfansblog\/wp-json\/wp\/v2\/categories?post=5125"},{"taxonomy":"post_tag","embeddable":true,"href":"https:\/\/www.proinca.es\/madridfansblog\/wp-json\/wp\/v2\/tags?post=5125"}],"curies":[{"name":"wp","href":"https:\/\/api.w.org\/{rel}","templated":true}]}}