{"id":5140,"date":"2018-01-11T18:33:30","date_gmt":"2018-01-11T17:33:30","guid":{"rendered":"https:\/\/www.proinca.es\/madridfansblog\/?p=5140"},"modified":"2025-05-28T13:46:43","modified_gmt":"2025-05-28T11:46:43","slug":"de-compras-por-madrid-dime-como-vistes-y-te-dire-a-que-barrio-acudir","status":"publish","type":"post","link":"https:\/\/www.proinca.es\/madridfansblog\/de-compras-por-madrid-dime-como-vistes-y-te-dire-a-que-barrio-acudir\/","title":{"rendered":"DE COMPRAS POR MADRID: DIME C\u00d3MO VISTES Y TE DIR\u00c9 A QU\u00c9 BARRIO ACUDIR"},"content":{"rendered":"<p><strong>\u00a0<\/strong>La ciudad de <strong>Madrid<\/strong> tiene muchas caras, tantas como estilos de vida, gustos, culturas o religiones habitan en ella.<!--more--> Algunas de estas caras son tremendamente visibles en determinados <strong>barrios madrile\u00f1os<\/strong>, en esos barrios, los comercios, los bares, los restaurantes, las peluquer\u00edas\u2026, todo adopta un car\u00e1cter singular y un com\u00fan denominador que aportan al barrio una fuerte personalidad.<\/p>\n<p>De hecho, la \u00e9poca de rebajas es uno de los periodos id\u00f3neos para descubrir el esp\u00edritu que mueve a un determinado barrio en Madrid, pues el dress code que encontrar\u00e1s en escaparates y estanter\u00edas te dir\u00e1 mucho acerca de los habitantes de la zona y, como no, acerca de ti y de tu barrio perfecto para ir de compras en Madrid. Te mostramos algunos ejemplos.<\/p>\n<p>&#8211; Te gusta el peque\u00f1o comercio y perderte por callejuelas estrechas en busca de un complemento diferente, atrevido y, si es posible, dise\u00f1ado por un joven artista espa\u00f1ol. Deambular para encontrar esa tienda vintage que abri\u00f3 hace pocos d\u00edas es un pasatiempo perfecto. No lo dudes: <strong>Malasa\u00f1a, Chueca<\/strong> y, desde hace algunos a\u00f1os,<strong> Conde Duque<\/strong>; son tus lugares de referencia. <strong>El Barrio de las Letras<\/strong> podr\u00eda ser otra opci\u00f3n si est\u00e1s dispuesto a lidiar con los turistas.<\/p>\n<p>&#8211; Frecuentas tiendas de ropa de segunda mano, los mercadillos, las librer\u00edas-caf\u00e9 , te encanta el estilo monta\u00f1ero y lees el etiquetado de cualquier textil y complemento para asegurarte de que los fabricantes utilizan medios de producci\u00f3n respetuosos con el medioambiente y con las condiciones de trabajo de sus empleados, eres carne de <strong>La Latina, Lavapi\u00e9s y Embajadores<\/strong>.<\/p>\n<p>&#8211; A ti lo que te van son las grandes marcas\u2026 Eres todo un cazatendencias que se pirra por los estilismos de Zara, Mango o de cualquier otra marca archiconocida donde abunden prendas a la ultima moda y precios asequibles. <strong>Sol, Moncloa y, <\/strong>en especial,<strong> las calles Gran V\u00eda y Fuencarral <\/strong>son tu lugar de destino.<\/p>\n<p>&#8211; No te andas con medias tintas. Primas la calidad y, sobre todo, el nombre del dise\u00f1ador. <strong>El barrio de Salamaca, la milla de oro de Madrid, y Las Salesas<\/strong> te est\u00e1n esperando.<\/p>\n<p>Informaci\u00f3n patrocinada por\u00a0<strong><a title=\"Proinca apartamentos de alquiler en Madrid\" href=\"http:\/\/www.proinca.es\" target=\"_blank\" rel=\"noopener\">Proinca: Apartamentos de alquiler en Madrid<\/a><\/strong><\/p>\n<p>Fuente imagen: www.esmadrid.com<\/p>\n\n\n<div class=\"kk-star-ratings kksr-auto kksr-align-left kksr-valign-bottom\"\n    data-payload='{&quot;align&quot;:&quot;left&quot;,&quot;id&quot;:&quot;5140&quot;,&quot;slug&quot;:&quot;default&quot;,&quot;valign&quot;:&quot;bottom&quot;,&quot;ignore&quot;:&quot;&quot;,&quot;reference&quot;:&quot;auto&quot;,&quot;class&quot;:&quot;&quot;,&quot;count&quot;:&quot;1&quot;,&quot;legendonly&quot;:&quot;&quot;,&quot;readonly&quot;:&quot;&quot;,&quot;score&quot;:&quot;4&quot;,&quot;starsonly&quot;:&quot;&quot;,&quot;best&quot;:&quot;5&quot;,&quot;gap&quot;:&quot;1&quot;,&quot;greet&quot;:&quot;Valora este art\u00edculo&quot;,&quot;legend&quot;:&quot;4\\\/5 - (1 voto)&quot;,&quot;size&quot;:&quot;24&quot;,&quot;title&quot;:&quot;DE COMPRAS POR MADRID: DIME C\u00d3MO VISTES Y TE DIR\u00c9 A QU\u00c9 BARRIO ACUDIR&quot;,&quot;width&quot;:&quot;99.5&quot;,&quot;_legend&quot;:&quot;{score}\\\/{best} - ({count} {votes})&quot;,&quot;font_factor&quot;:&quot;1.25&quot;}'>\n            \n<div class=\"kksr-stars\">\n    \n<div class=\"kksr-stars-inactive\">\n            <div class=\"kksr-star\" data-star=\"1\" style=\"padding-right: 1px\">\n            \n\n<div class=\"kksr-icon\" style=\"width: 24px; height: 24px;\"><\/div>\n        <\/div>\n            <div class=\"kksr-star\" data-star=\"2\" style=\"padding-right: 1px\">\n            \n\n<div class=\"kksr-icon\" style=\"width: 24px; height: 24px;\"><\/div>\n        <\/div>\n            <div class=\"kksr-star\" data-star=\"3\" style=\"padding-right: 1px\">\n            \n\n<div class=\"kksr-icon\" style=\"width: 24px; height: 24px;\"><\/div>\n        <\/div>\n            <div class=\"kksr-star\" data-star=\"4\" style=\"padding-right: 1px\">\n            \n\n<div class=\"kksr-icon\" style=\"width: 24px; height: 24px;\"><\/div>\n        <\/div>\n            <div class=\"kksr-star\" data-star=\"5\" style=\"padding-right: 1px\">\n            \n\n<div class=\"kksr-icon\" style=\"width: 24px; height: 24px;\"><\/div>\n        <\/div>\n    <\/div>\n    \n<div class=\"kksr-stars-active\" style=\"width: 99.5px;\">\n            <div class=\"kksr-star\" style=\"padding-right: 1px\">\n            \n\n<div class=\"kksr-icon\" style=\"width: 24px; height: 24px;\"><\/div>\n        <\/div>\n            <div class=\"kksr-star\" style=\"padding-right: 1px\">\n            \n\n<div class=\"kksr-icon\" style=\"width: 24px; height: 24px;\"><\/div>\n        <\/div>\n            <div class=\"kksr-star\" style=\"padding-right: 1px\">\n            \n\n<div class=\"kksr-icon\" style=\"width: 24px; height: 24px;\"><\/div>\n        <\/div>\n            <div class=\"kksr-star\" style=\"padding-right: 1px\">\n            \n\n<div class=\"kksr-icon\" style=\"width: 24px; height: 24px;\"><\/div>\n        <\/div>\n            <div class=\"kksr-star\" style=\"padding-right: 1px\">\n            \n\n<div class=\"kksr-icon\" style=\"width: 24px; height: 24px;\"><\/div>\n        <\/div>\n    <\/div>\n<\/div>\n                \n\n<div class=\"kksr-legend\" style=\"font-size: 19.2px;\">\n            4\/5 - (1 voto)    <\/div>\n    <\/div>\n","protected":false},"excerpt":{"rendered":"<p>\u00a0La ciudad de Madrid tiene muchas caras, tantas como estilos  [&#8230;]<\/p>\n","protected":false},"author":4,"featured_media":5145,"comment_status":"closed","ping_status":"closed","sticky":false,"template":"","format":"standard","meta":{"footnotes":""},"categories":[79],"tags":[5,43],"class_list":["post-5140","post","type-post","status-publish","format-standard","has-post-thumbnail","hentry","category-vivir-madrid","tag-madrid","tag-shopping"],"yoast_head":"<!-- This site is optimized with the Yoast SEO plugin v27.4 - https:\/\/yoast.com\/product\/yoast-seo-wordpress\/ -->\n<title>De compras por los barrios de Madrid<\/title>\n<meta name=\"description\" content=\"Tu barrio perfecto para ir de compras en Madrid:vintage en Malasa\u00f1a,segunda mano en Lavap\u00edes,grandes marcas en Fuencarral,barrio de Salamanca.Por MadridFansblog\" \/>\n<meta name=\"robots\" content=\"index, follow, max-snippet:-1, max-image-preview:large, max-video-preview:-1\" \/>\n<link rel=\"canonical\" href=\"https:\/\/www.proinca.es\/madridfansblog\/de-compras-por-madrid-dime-como-vistes-y-te-dire-a-que-barrio-acudir\/\" \/>\n<meta property=\"og:locale\" content=\"es_ES\" \/>\n<meta property=\"og:type\" content=\"article\" \/>\n<meta property=\"og:title\" content=\"De compras por los barrios de Madrid\" \/>\n<meta property=\"og:description\" content=\"Tu barrio perfecto para ir de compras en Madrid:vintage en Malasa\u00f1a,segunda mano en Lavap\u00edes,grandes marcas en Fuencarral,barrio de Salamanca.Por MadridFansblog\" \/>\n<meta property=\"og:url\" content=\"https:\/\/www.proinca.es\/madridfansblog\/de-compras-por-madrid-dime-como-vistes-y-te-dire-a-que-barrio-acudir\/\" \/>\n<meta property=\"og:site_name\" content=\"Blog Proinca Madrid\" \/>\n<meta property=\"article:published_time\" content=\"2018-01-11T17:33:30+00:00\" \/>\n<meta property=\"article:modified_time\" content=\"2025-05-28T11:46:43+00:00\" \/>\n<meta property=\"og:image\" content=\"https:\/\/www.proinca.es\/madridfansblog\/wp-content\/uploads\/2018\/01\/moda-barrios-madrid.jpg\" \/>\n\t<meta property=\"og:image:width\" content=\"500\" \/>\n\t<meta property=\"og:image:height\" content=\"344\" \/>\n\t<meta property=\"og:image:type\" content=\"image\/jpeg\" \/>\n<meta name=\"author\" content=\"Ana Calero\" \/>\n<script type=\"application\/ld+json\" class=\"yoast-schema-graph\">{\"@context\":\"https:\\\/\\\/schema.org\",\"@graph\":[{\"@type\":\"Article\",\"@id\":\"https:\\\/\\\/www.proinca.es\\\/madridfansblog\\\/de-compras-por-madrid-dime-como-vistes-y-te-dire-a-que-barrio-acudir\\\/#article\",\"isPartOf\":{\"@id\":\"https:\\\/\\\/www.proinca.es\\\/madridfansblog\\\/de-compras-por-madrid-dime-como-vistes-y-te-dire-a-que-barrio-acudir\\\/\"},\"author\":{\"name\":\"Ana Calero\",\"@id\":\"https:\\\/\\\/www.proinca.es\\\/madridfansblog\\\/#\\\/schema\\\/person\\\/8401adc89c0a0f5a3574c43326247f1e\"},\"headline\":\"DE COMPRAS POR MADRID: DIME C\u00d3MO VISTES Y TE DIR\u00c9 A QU\u00c9 BARRIO ACUDIR\",\"datePublished\":\"2018-01-11T17:33:30+00:00\",\"dateModified\":\"2025-05-28T11:46:43+00:00\",\"mainEntityOfPage\":{\"@id\":\"https:\\\/\\\/www.proinca.es\\\/madridfansblog\\\/de-compras-por-madrid-dime-como-vistes-y-te-dire-a-que-barrio-acudir\\\/\"},\"wordCount\":399,\"publisher\":{\"@id\":\"https:\\\/\\\/www.proinca.es\\\/madridfansblog\\\/#organization\"},\"image\":{\"@id\":\"https:\\\/\\\/www.proinca.es\\\/madridfansblog\\\/de-compras-por-madrid-dime-como-vistes-y-te-dire-a-que-barrio-acudir\\\/#primaryimage\"},\"thumbnailUrl\":\"https:\\\/\\\/www.proinca.es\\\/madridfansblog\\\/wp-content\\\/uploads\\\/2018\\\/01\\\/moda-barrios-madrid.jpg\",\"keywords\":[\"Madrid\",\"Shopping\"],\"articleSection\":[\"VIVIR MADRID\"],\"inLanguage\":\"es\"},{\"@type\":\"WebPage\",\"@id\":\"https:\\\/\\\/www.proinca.es\\\/madridfansblog\\\/de-compras-por-madrid-dime-como-vistes-y-te-dire-a-que-barrio-acudir\\\/\",\"url\":\"https:\\\/\\\/www.proinca.es\\\/madridfansblog\\\/de-compras-por-madrid-dime-como-vistes-y-te-dire-a-que-barrio-acudir\\\/\",\"name\":\"De compras por los barrios de Madrid\",\"isPartOf\":{\"@id\":\"https:\\\/\\\/www.proinca.es\\\/madridfansblog\\\/#website\"},\"primaryImageOfPage\":{\"@id\":\"https:\\\/\\\/www.proinca.es\\\/madridfansblog\\\/de-compras-por-madrid-dime-como-vistes-y-te-dire-a-que-barrio-acudir\\\/#primaryimage\"},\"image\":{\"@id\":\"https:\\\/\\\/www.proinca.es\\\/madridfansblog\\\/de-compras-por-madrid-dime-como-vistes-y-te-dire-a-que-barrio-acudir\\\/#primaryimage\"},\"thumbnailUrl\":\"https:\\\/\\\/www.proinca.es\\\/madridfansblog\\\/wp-content\\\/uploads\\\/2018\\\/01\\\/moda-barrios-madrid.jpg\",\"datePublished\":\"2018-01-11T17:33:30+00:00\",\"dateModified\":\"2025-05-28T11:46:43+00:00\",\"description\":\"Tu barrio perfecto para ir de compras en Madrid:vintage en Malasa\u00f1a,segunda mano en Lavap\u00edes,grandes marcas en Fuencarral,barrio de Salamanca.Por MadridFansblog\",\"inLanguage\":\"es\",\"potentialAction\":[{\"@type\":\"ReadAction\",\"target\":[\"https:\\\/\\\/www.proinca.es\\\/madridfansblog\\\/de-compras-por-madrid-dime-como-vistes-y-te-dire-a-que-barrio-acudir\\\/\"]}]},{\"@type\":\"ImageObject\",\"inLanguage\":\"es\",\"@id\":\"https:\\\/\\\/www.proinca.es\\\/madridfansblog\\\/de-compras-por-madrid-dime-como-vistes-y-te-dire-a-que-barrio-acudir\\\/#primaryimage\",\"url\":\"https:\\\/\\\/www.proinca.es\\\/madridfansblog\\\/wp-content\\\/uploads\\\/2018\\\/01\\\/moda-barrios-madrid.jpg\",\"contentUrl\":\"https:\\\/\\\/www.proinca.es\\\/madridfansblog\\\/wp-content\\\/uploads\\\/2018\\\/01\\\/moda-barrios-madrid.jpg\",\"width\":500,\"height\":344,\"caption\":\"madrid moda barrios\"},{\"@type\":\"WebSite\",\"@id\":\"https:\\\/\\\/www.proinca.es\\\/madridfansblog\\\/#website\",\"url\":\"https:\\\/\\\/www.proinca.es\\\/madridfansblog\\\/\",\"name\":\"Madrid Fans Blog Proinca\",\"description\":\"Pisos y apartamentos de alquiler en Madrid\",\"publisher\":{\"@id\":\"https:\\\/\\\/www.proinca.es\\\/madridfansblog\\\/#organization\"},\"potentialAction\":[{\"@type\":\"SearchAction\",\"target\":{\"@type\":\"EntryPoint\",\"urlTemplate\":\"https:\\\/\\\/www.proinca.es\\\/madridfansblog\\\/?s={search_term_string}\"},\"query-input\":{\"@type\":\"PropertyValueSpecification\",\"valueRequired\":true,\"valueName\":\"search_term_string\"}}],\"inLanguage\":\"es\"},{\"@type\":\"Organization\",\"@id\":\"https:\\\/\\\/www.proinca.es\\\/madridfansblog\\\/#organization\",\"name\":\"Proinca\",\"url\":\"https:\\\/\\\/www.proinca.es\\\/madridfansblog\\\/\",\"logo\":{\"@type\":\"ImageObject\",\"inLanguage\":\"es\",\"@id\":\"https:\\\/\\\/www.proinca.es\\\/madridfansblog\\\/#\\\/schema\\\/logo\\\/image\\\/\",\"url\":\"https:\\\/\\\/www.proinca.es\\\/madridfansblog\\\/wp-content\\\/uploads\\\/2022\\\/03\\\/logo-proinca.jpg\",\"contentUrl\":\"https:\\\/\\\/www.proinca.es\\\/madridfansblog\\\/wp-content\\\/uploads\\\/2022\\\/03\\\/logo-proinca.jpg\",\"width\":522,\"height\":250,\"caption\":\"Proinca\"},\"image\":{\"@id\":\"https:\\\/\\\/www.proinca.es\\\/madridfansblog\\\/#\\\/schema\\\/logo\\\/image\\\/\"}},{\"@type\":\"Person\",\"@id\":\"https:\\\/\\\/www.proinca.es\\\/madridfansblog\\\/#\\\/schema\\\/person\\\/8401adc89c0a0f5a3574c43326247f1e\",\"name\":\"Ana Calero\",\"image\":{\"@type\":\"ImageObject\",\"inLanguage\":\"es\",\"@id\":\"https:\\\/\\\/www.proinca.es\\\/madridfansblog\\\/wp-content\\\/litespeed\\\/avatar\\\/ef51b25c0718910f475570320941ef46.jpg?ver=1777379772\",\"url\":\"https:\\\/\\\/www.proinca.es\\\/madridfansblog\\\/wp-content\\\/litespeed\\\/avatar\\\/ef51b25c0718910f475570320941ef46.jpg?ver=1777379772\",\"contentUrl\":\"https:\\\/\\\/www.proinca.es\\\/madridfansblog\\\/wp-content\\\/litespeed\\\/avatar\\\/ef51b25c0718910f475570320941ef46.jpg?ver=1777379772\",\"caption\":\"Ana Calero\"},\"description\":\"Licenciada en Ciencias Empresariales por la Universidad Aut\u00f3noma de Madrid. Forma parte del equipo de Apartamentos Proinca y es una enamorada de Madrid\",\"sameAs\":[\"https:\\\/\\\/www.proinca.es\\\/madridfansblog\\\/ana-calero\\\/\"]}]}<\/script>\n<!-- \/ Yoast SEO plugin. -->","yoast_head_json":{"title":"De compras por los barrios de Madrid","description":"Tu barrio perfecto para ir de compras en Madrid:vintage en Malasa\u00f1a,segunda mano en Lavap\u00edes,grandes marcas en Fuencarral,barrio de Salamanca.Por MadridFansblog","robots":{"index":"index","follow":"follow","max-snippet":"max-snippet:-1","max-image-preview":"max-image-preview:large","max-video-preview":"max-video-preview:-1"},"canonical":"https:\/\/www.proinca.es\/madridfansblog\/de-compras-por-madrid-dime-como-vistes-y-te-dire-a-que-barrio-acudir\/","og_locale":"es_ES","og_type":"article","og_title":"De compras por los barrios de Madrid","og_description":"Tu barrio perfecto para ir de compras en Madrid:vintage en Malasa\u00f1a,segunda mano en Lavap\u00edes,grandes marcas en Fuencarral,barrio de Salamanca.Por MadridFansblog","og_url":"https:\/\/www.proinca.es\/madridfansblog\/de-compras-por-madrid-dime-como-vistes-y-te-dire-a-que-barrio-acudir\/","og_site_name":"Blog Proinca Madrid","article_published_time":"2018-01-11T17:33:30+00:00","article_modified_time":"2025-05-28T11:46:43+00:00","og_image":[{"width":500,"height":344,"url":"https:\/\/www.proinca.es\/madridfansblog\/wp-content\/uploads\/2018\/01\/moda-barrios-madrid.jpg","type":"image\/jpeg"}],"author":"Ana Calero","schema":{"@context":"https:\/\/schema.org","@graph":[{"@type":"Article","@id":"https:\/\/www.proinca.es\/madridfansblog\/de-compras-por-madrid-dime-como-vistes-y-te-dire-a-que-barrio-acudir\/#article","isPartOf":{"@id":"https:\/\/www.proinca.es\/madridfansblog\/de-compras-por-madrid-dime-como-vistes-y-te-dire-a-que-barrio-acudir\/"},"author":{"name":"Ana Calero","@id":"https:\/\/www.proinca.es\/madridfansblog\/#\/schema\/person\/8401adc89c0a0f5a3574c43326247f1e"},"headline":"DE COMPRAS POR MADRID: DIME C\u00d3MO VISTES Y TE DIR\u00c9 A QU\u00c9 BARRIO ACUDIR","datePublished":"2018-01-11T17:33:30+00:00","dateModified":"2025-05-28T11:46:43+00:00","mainEntityOfPage":{"@id":"https:\/\/www.proinca.es\/madridfansblog\/de-compras-por-madrid-dime-como-vistes-y-te-dire-a-que-barrio-acudir\/"},"wordCount":399,"publisher":{"@id":"https:\/\/www.proinca.es\/madridfansblog\/#organization"},"image":{"@id":"https:\/\/www.proinca.es\/madridfansblog\/de-compras-por-madrid-dime-como-vistes-y-te-dire-a-que-barrio-acudir\/#primaryimage"},"thumbnailUrl":"https:\/\/www.proinca.es\/madridfansblog\/wp-content\/uploads\/2018\/01\/moda-barrios-madrid.jpg","keywords":["Madrid","Shopping"],"articleSection":["VIVIR MADRID"],"inLanguage":"es"},{"@type":"WebPage","@id":"https:\/\/www.proinca.es\/madridfansblog\/de-compras-por-madrid-dime-como-vistes-y-te-dire-a-que-barrio-acudir\/","url":"https:\/\/www.proinca.es\/madridfansblog\/de-compras-por-madrid-dime-como-vistes-y-te-dire-a-que-barrio-acudir\/","name":"De compras por los barrios de Madrid","isPartOf":{"@id":"https:\/\/www.proinca.es\/madridfansblog\/#website"},"primaryImageOfPage":{"@id":"https:\/\/www.proinca.es\/madridfansblog\/de-compras-por-madrid-dime-como-vistes-y-te-dire-a-que-barrio-acudir\/#primaryimage"},"image":{"@id":"https:\/\/www.proinca.es\/madridfansblog\/de-compras-por-madrid-dime-como-vistes-y-te-dire-a-que-barrio-acudir\/#primaryimage"},"thumbnailUrl":"https:\/\/www.proinca.es\/madridfansblog\/wp-content\/uploads\/2018\/01\/moda-barrios-madrid.jpg","datePublished":"2018-01-11T17:33:30+00:00","dateModified":"2025-05-28T11:46:43+00:00","description":"Tu barrio perfecto para ir de compras en Madrid:vintage en Malasa\u00f1a,segunda mano en Lavap\u00edes,grandes marcas en Fuencarral,barrio de Salamanca.Por MadridFansblog","inLanguage":"es","potentialAction":[{"@type":"ReadAction","target":["https:\/\/www.proinca.es\/madridfansblog\/de-compras-por-madrid-dime-como-vistes-y-te-dire-a-que-barrio-acudir\/"]}]},{"@type":"ImageObject","inLanguage":"es","@id":"https:\/\/www.proinca.es\/madridfansblog\/de-compras-por-madrid-dime-como-vistes-y-te-dire-a-que-barrio-acudir\/#primaryimage","url":"https:\/\/www.proinca.es\/madridfansblog\/wp-content\/uploads\/2018\/01\/moda-barrios-madrid.jpg","contentUrl":"https:\/\/www.proinca.es\/madridfansblog\/wp-content\/uploads\/2018\/01\/moda-barrios-madrid.jpg","width":500,"height":344,"caption":"madrid moda barrios"},{"@type":"WebSite","@id":"https:\/\/www.proinca.es\/madridfansblog\/#website","url":"https:\/\/www.proinca.es\/madridfansblog\/","name":"Madrid Fans Blog Proinca","description":"Pisos y apartamentos de alquiler en Madrid","publisher":{"@id":"https:\/\/www.proinca.es\/madridfansblog\/#organization"},"potentialAction":[{"@type":"SearchAction","target":{"@type":"EntryPoint","urlTemplate":"https:\/\/www.proinca.es\/madridfansblog\/?s={search_term_string}"},"query-input":{"@type":"PropertyValueSpecification","valueRequired":true,"valueName":"search_term_string"}}],"inLanguage":"es"},{"@type":"Organization","@id":"https:\/\/www.proinca.es\/madridfansblog\/#organization","name":"Proinca","url":"https:\/\/www.proinca.es\/madridfansblog\/","logo":{"@type":"ImageObject","inLanguage":"es","@id":"https:\/\/www.proinca.es\/madridfansblog\/#\/schema\/logo\/image\/","url":"https:\/\/www.proinca.es\/madridfansblog\/wp-content\/uploads\/2022\/03\/logo-proinca.jpg","contentUrl":"https:\/\/www.proinca.es\/madridfansblog\/wp-content\/uploads\/2022\/03\/logo-proinca.jpg","width":522,"height":250,"caption":"Proinca"},"image":{"@id":"https:\/\/www.proinca.es\/madridfansblog\/#\/schema\/logo\/image\/"}},{"@type":"Person","@id":"https:\/\/www.proinca.es\/madridfansblog\/#\/schema\/person\/8401adc89c0a0f5a3574c43326247f1e","name":"Ana Calero","image":{"@type":"ImageObject","inLanguage":"es","@id":"https:\/\/www.proinca.es\/madridfansblog\/wp-content\/litespeed\/avatar\/ef51b25c0718910f475570320941ef46.jpg?ver=1777379772","url":"https:\/\/www.proinca.es\/madridfansblog\/wp-content\/litespeed\/avatar\/ef51b25c0718910f475570320941ef46.jpg?ver=1777379772","contentUrl":"https:\/\/www.proinca.es\/madridfansblog\/wp-content\/litespeed\/avatar\/ef51b25c0718910f475570320941ef46.jpg?ver=1777379772","caption":"Ana Calero"},"description":"Licenciada en Ciencias Empresariales por la Universidad Aut\u00f3noma de Madrid. Forma parte del equipo de Apartamentos Proinca y es una enamorada de Madrid","sameAs":["https:\/\/www.proinca.es\/madridfansblog\/ana-calero\/"]}]}},"_links":{"self":[{"href":"https:\/\/www.proinca.es\/madridfansblog\/wp-json\/wp\/v2\/posts\/5140","targetHints":{"allow":["GET"]}}],"collection":[{"href":"https:\/\/www.proinca.es\/madridfansblog\/wp-json\/wp\/v2\/posts"}],"about":[{"href":"https:\/\/www.proinca.es\/madridfansblog\/wp-json\/wp\/v2\/types\/post"}],"author":[{"embeddable":true,"href":"https:\/\/www.proinca.es\/madridfansblog\/wp-json\/wp\/v2\/users\/4"}],"replies":[{"embeddable":true,"href":"https:\/\/www.proinca.es\/madridfansblog\/wp-json\/wp\/v2\/comments?post=5140"}],"version-history":[{"count":17,"href":"https:\/\/www.proinca.es\/madridfansblog\/wp-json\/wp\/v2\/posts\/5140\/revisions"}],"predecessor-version":[{"id":7355,"href":"https:\/\/www.proinca.es\/madridfansblog\/wp-json\/wp\/v2\/posts\/5140\/revisions\/7355"}],"wp:featuredmedia":[{"embeddable":true,"href":"https:\/\/www.proinca.es\/madridfansblog\/wp-json\/wp\/v2\/media\/5145"}],"wp:attachment":[{"href":"https:\/\/www.proinca.es\/madridfansblog\/wp-json\/wp\/v2\/media?parent=5140"}],"wp:term":[{"taxonomy":"category","embeddable":true,"href":"https:\/\/www.proinca.es\/madridfansblog\/wp-json\/wp\/v2\/categories?post=5140"},{"taxonomy":"post_tag","embeddable":true,"href":"https:\/\/www.proinca.es\/madridfansblog\/wp-json\/wp\/v2\/tags?post=5140"}],"curies":[{"name":"wp","href":"https:\/\/api.w.org\/{rel}","templated":true}]}}