{"id":5199,"date":"2018-02-09T20:44:30","date_gmt":"2018-02-09T19:44:30","guid":{"rendered":"https:\/\/www.proinca.es\/madridfansblog\/?p=5199"},"modified":"2025-05-28T15:32:12","modified_gmt":"2025-05-28T13:32:12","slug":"tres-formas-de-vivir-el-carnaval-en-madrid","status":"publish","type":"post","link":"https:\/\/www.proinca.es\/madridfansblog\/tres-formas-de-vivir-el-carnaval-en-madrid\/","title":{"rendered":"TRES FORMAS DE VIVIR EL CARNAVAL EN MADRID"},"content":{"rendered":"<p>\u00bfA qui\u00e9n no le gusta el <strong>carnaval<\/strong>? <!--more-->Vale, quiz\u00e1s el tema del disfraz no le haga mucha gracia a m\u00e1s de uno, pero hay que reconocer que el ambiente festivo de estos d\u00edas embriaga a todo el mundo en <strong>Madrid<\/strong>, lleve peluca o no, por eso, te vamos a dar algunas pistas para vivirlo como se merece \u00a1Toma nota!<\/p>\n<p>&#8211; El C\u00edrculo de Bellas Artes organiza un a\u00f1o m\u00e1s su<strong> cl\u00e1sico baile de m\u00e1scaras<\/strong> con m\u00fasica en directo. Este a\u00f1o la tem\u00e1tica es la magia y se celebrar\u00e1 el s\u00e1bado a partir de las once de la noche. La entrada, 35 euros anticipada y 40, la general.<\/p>\n<p>&#8211; <strong>Gala de Cine y Carnaval en el Auditorio Nacional de M\u00fasica<\/strong>. La Royal Film Concert Orchestra interpretar\u00e1 en directo bandas sonoras de cine tan emblem\u00e1ticas como Casablanca, Ben-Hur, Bailando con Lobos, La Vida es Bella o Forrest Gump, adem\u00e1s de temas tan populares en estas fechas como Carnaval de Venecia, La Vida es un Carnaval o Ma\u00f1ana de Carnaval. La cita tendr\u00e1 lugar el 16 de febrero a las 22.30 horas. El precio, desde 38 euros.<\/p>\n<p><strong>\u00a0<\/strong><strong>&#8211; Certamen de Chirigotas en el Auditorio Marcelino Camacho<\/strong>. Diez grupos competir\u00e1n por hacerse con el galard\u00f3n de este tradicional concurso de la mano de divertid\u00edsimas s\u00e1tiras. La cita, el d\u00eda 10 a partir de las 11.00 horas.<\/p>\n<p>Ya sabes, \u00a1<strong>Carnaval en Madrid<\/strong> para todos los gustos!<\/p>\n<p>Informaci\u00f3n patrocinada por\u00a0<strong><a title=\"Proinca apartamentos de alquiler en Madrid\" href=\"http:\/\/www.proinca.es\" target=\"_blank\" rel=\"noopener\">Proinca: Apartamentos de alquiler en Madrid<\/a><\/strong><\/p>\n<p>Foto de Sa\u00fal Bucio en Unsplash<\/p>\n\n\n<div class=\"kk-star-ratings kksr-auto kksr-align-left kksr-valign-bottom\"\n    data-payload='{&quot;align&quot;:&quot;left&quot;,&quot;id&quot;:&quot;5199&quot;,&quot;slug&quot;:&quot;default&quot;,&quot;valign&quot;:&quot;bottom&quot;,&quot;ignore&quot;:&quot;&quot;,&quot;reference&quot;:&quot;auto&quot;,&quot;class&quot;:&quot;&quot;,&quot;count&quot;:&quot;0&quot;,&quot;legendonly&quot;:&quot;&quot;,&quot;readonly&quot;:&quot;&quot;,&quot;score&quot;:&quot;0&quot;,&quot;starsonly&quot;:&quot;&quot;,&quot;best&quot;:&quot;5&quot;,&quot;gap&quot;:&quot;1&quot;,&quot;greet&quot;:&quot;Valora este art\u00edculo&quot;,&quot;legend&quot;:&quot;0\\\/5 - (0 votos)&quot;,&quot;size&quot;:&quot;24&quot;,&quot;title&quot;:&quot;TRES FORMAS DE VIVIR EL CARNAVAL EN MADRID&quot;,&quot;width&quot;:&quot;0&quot;,&quot;_legend&quot;:&quot;{score}\\\/{best} - ({count} {votes})&quot;,&quot;font_factor&quot;:&quot;1.25&quot;}'>\n            \n<div class=\"kksr-stars\">\n    \n<div class=\"kksr-stars-inactive\">\n            <div class=\"kksr-star\" data-star=\"1\" style=\"padding-right: 1px\">\n            \n\n<div class=\"kksr-icon\" style=\"width: 24px; height: 24px;\"><\/div>\n        <\/div>\n            <div class=\"kksr-star\" data-star=\"2\" style=\"padding-right: 1px\">\n            \n\n<div class=\"kksr-icon\" style=\"width: 24px; height: 24px;\"><\/div>\n        <\/div>\n            <div class=\"kksr-star\" data-star=\"3\" style=\"padding-right: 1px\">\n            \n\n<div class=\"kksr-icon\" style=\"width: 24px; height: 24px;\"><\/div>\n        <\/div>\n            <div class=\"kksr-star\" data-star=\"4\" style=\"padding-right: 1px\">\n            \n\n<div class=\"kksr-icon\" style=\"width: 24px; height: 24px;\"><\/div>\n        <\/div>\n            <div class=\"kksr-star\" data-star=\"5\" style=\"padding-right: 1px\">\n            \n\n<div class=\"kksr-icon\" style=\"width: 24px; height: 24px;\"><\/div>\n        <\/div>\n    <\/div>\n    \n<div class=\"kksr-stars-active\" style=\"width: 0px;\">\n            <div class=\"kksr-star\" style=\"padding-right: 1px\">\n            \n\n<div class=\"kksr-icon\" style=\"width: 24px; height: 24px;\"><\/div>\n        <\/div>\n            <div class=\"kksr-star\" style=\"padding-right: 1px\">\n            \n\n<div class=\"kksr-icon\" style=\"width: 24px; height: 24px;\"><\/div>\n        <\/div>\n            <div class=\"kksr-star\" style=\"padding-right: 1px\">\n            \n\n<div class=\"kksr-icon\" style=\"width: 24px; height: 24px;\"><\/div>\n        <\/div>\n            <div class=\"kksr-star\" style=\"padding-right: 1px\">\n            \n\n<div class=\"kksr-icon\" style=\"width: 24px; height: 24px;\"><\/div>\n        <\/div>\n            <div class=\"kksr-star\" style=\"padding-right: 1px\">\n            \n\n<div class=\"kksr-icon\" style=\"width: 24px; height: 24px;\"><\/div>\n        <\/div>\n    <\/div>\n<\/div>\n                \n\n<div class=\"kksr-legend\" style=\"font-size: 19.2px;\">\n            <span class=\"kksr-muted\">Valora este art\u00edculo<\/span>\n    <\/div>\n    <\/div>\n","protected":false},"excerpt":{"rendered":"<p>\u00bfA qui\u00e9n no le gusta el carnaval?<\/p>\n","protected":false},"author":4,"featured_media":7306,"comment_status":"closed","ping_status":"closed","sticky":false,"template":"","format":"standard","meta":{"footnotes":""},"categories":[79],"tags":[5,71,20],"class_list":["post-5199","post","type-post","status-publish","format-standard","has-post-thumbnail","hentry","category-vivir-madrid","tag-madrid","tag-musica","tag-ocio"],"yoast_head":"<!-- This site is optimized with the Yoast SEO plugin v27.4 - https:\/\/yoast.com\/product\/yoast-seo-wordpress\/ -->\n<title>Tres formas de vivir carnaval en Madrid<\/title>\n<meta name=\"description\" content=\"\u00bfA qui\u00e9n no le gusta el carnaval? Un cl\u00e1sico baile de m\u00e1scaras con m\u00fasica en directo, Gala de Cine y Carnaval en el Auditorio Nacional de M\u00fasica,Certamen de Chirigotas....Por MadridFansblog\" \/>\n<meta name=\"robots\" content=\"index, follow, max-snippet:-1, max-image-preview:large, max-video-preview:-1\" \/>\n<link rel=\"canonical\" href=\"https:\/\/www.proinca.es\/madridfansblog\/tres-formas-de-vivir-el-carnaval-en-madrid\/\" \/>\n<meta property=\"og:locale\" content=\"es_ES\" \/>\n<meta property=\"og:type\" content=\"article\" \/>\n<meta property=\"og:title\" content=\"Tres formas de vivir carnaval en Madrid\" \/>\n<meta property=\"og:description\" content=\"\u00bfA qui\u00e9n no le gusta el carnaval? Un cl\u00e1sico baile de m\u00e1scaras con m\u00fasica en directo, Gala de Cine y Carnaval en el Auditorio Nacional de M\u00fasica,Certamen de Chirigotas....Por MadridFansblog\" \/>\n<meta property=\"og:url\" content=\"https:\/\/www.proinca.es\/madridfansblog\/tres-formas-de-vivir-el-carnaval-en-madrid\/\" \/>\n<meta property=\"og:site_name\" content=\"Blog Proinca Madrid\" \/>\n<meta property=\"article:published_time\" content=\"2018-02-09T19:44:30+00:00\" \/>\n<meta property=\"article:modified_time\" content=\"2025-05-28T13:32:12+00:00\" \/>\n<meta property=\"og:image\" content=\"https:\/\/www.proinca.es\/madridfansblog\/wp-content\/uploads\/2018\/02\/carnaval-madrid-1.jpg\" \/>\n\t<meta property=\"og:image:width\" content=\"1000\" \/>\n\t<meta property=\"og:image:height\" content=\"662\" \/>\n\t<meta property=\"og:image:type\" content=\"image\/jpeg\" \/>\n<meta name=\"author\" content=\"Ana Calero\" \/>\n<script type=\"application\/ld+json\" class=\"yoast-schema-graph\">{\"@context\":\"https:\\\/\\\/schema.org\",\"@graph\":[{\"@type\":\"Article\",\"@id\":\"https:\\\/\\\/www.proinca.es\\\/madridfansblog\\\/tres-formas-de-vivir-el-carnaval-en-madrid\\\/#article\",\"isPartOf\":{\"@id\":\"https:\\\/\\\/www.proinca.es\\\/madridfansblog\\\/tres-formas-de-vivir-el-carnaval-en-madrid\\\/\"},\"author\":{\"name\":\"Ana Calero\",\"@id\":\"https:\\\/\\\/www.proinca.es\\\/madridfansblog\\\/#\\\/schema\\\/person\\\/8401adc89c0a0f5a3574c43326247f1e\"},\"headline\":\"TRES FORMAS DE VIVIR EL CARNAVAL EN MADRID\",\"datePublished\":\"2018-02-09T19:44:30+00:00\",\"dateModified\":\"2025-05-28T13:32:12+00:00\",\"mainEntityOfPage\":{\"@id\":\"https:\\\/\\\/www.proinca.es\\\/madridfansblog\\\/tres-formas-de-vivir-el-carnaval-en-madrid\\\/\"},\"wordCount\":271,\"publisher\":{\"@id\":\"https:\\\/\\\/www.proinca.es\\\/madridfansblog\\\/#organization\"},\"image\":{\"@id\":\"https:\\\/\\\/www.proinca.es\\\/madridfansblog\\\/tres-formas-de-vivir-el-carnaval-en-madrid\\\/#primaryimage\"},\"thumbnailUrl\":\"https:\\\/\\\/www.proinca.es\\\/madridfansblog\\\/wp-content\\\/uploads\\\/2018\\\/02\\\/carnaval-madrid-1.jpg\",\"keywords\":[\"Madrid\",\"M\u00fasica\",\"Ocio\"],\"articleSection\":[\"VIVIR MADRID\"],\"inLanguage\":\"es\"},{\"@type\":\"WebPage\",\"@id\":\"https:\\\/\\\/www.proinca.es\\\/madridfansblog\\\/tres-formas-de-vivir-el-carnaval-en-madrid\\\/\",\"url\":\"https:\\\/\\\/www.proinca.es\\\/madridfansblog\\\/tres-formas-de-vivir-el-carnaval-en-madrid\\\/\",\"name\":\"Tres formas de vivir carnaval en Madrid\",\"isPartOf\":{\"@id\":\"https:\\\/\\\/www.proinca.es\\\/madridfansblog\\\/#website\"},\"primaryImageOfPage\":{\"@id\":\"https:\\\/\\\/www.proinca.es\\\/madridfansblog\\\/tres-formas-de-vivir-el-carnaval-en-madrid\\\/#primaryimage\"},\"image\":{\"@id\":\"https:\\\/\\\/www.proinca.es\\\/madridfansblog\\\/tres-formas-de-vivir-el-carnaval-en-madrid\\\/#primaryimage\"},\"thumbnailUrl\":\"https:\\\/\\\/www.proinca.es\\\/madridfansblog\\\/wp-content\\\/uploads\\\/2018\\\/02\\\/carnaval-madrid-1.jpg\",\"datePublished\":\"2018-02-09T19:44:30+00:00\",\"dateModified\":\"2025-05-28T13:32:12+00:00\",\"description\":\"\u00bfA qui\u00e9n no le gusta el carnaval? Un cl\u00e1sico baile de m\u00e1scaras con m\u00fasica en directo, Gala de Cine y Carnaval en el Auditorio Nacional de M\u00fasica,Certamen de Chirigotas....Por MadridFansblog\",\"inLanguage\":\"es\",\"potentialAction\":[{\"@type\":\"ReadAction\",\"target\":[\"https:\\\/\\\/www.proinca.es\\\/madridfansblog\\\/tres-formas-de-vivir-el-carnaval-en-madrid\\\/\"]}]},{\"@type\":\"ImageObject\",\"inLanguage\":\"es\",\"@id\":\"https:\\\/\\\/www.proinca.es\\\/madridfansblog\\\/tres-formas-de-vivir-el-carnaval-en-madrid\\\/#primaryimage\",\"url\":\"https:\\\/\\\/www.proinca.es\\\/madridfansblog\\\/wp-content\\\/uploads\\\/2018\\\/02\\\/carnaval-madrid-1.jpg\",\"contentUrl\":\"https:\\\/\\\/www.proinca.es\\\/madridfansblog\\\/wp-content\\\/uploads\\\/2018\\\/02\\\/carnaval-madrid-1.jpg\",\"width\":1000,\"height\":662,\"caption\":\"Tres formas de vivir el carnaval en Madrid\"},{\"@type\":\"WebSite\",\"@id\":\"https:\\\/\\\/www.proinca.es\\\/madridfansblog\\\/#website\",\"url\":\"https:\\\/\\\/www.proinca.es\\\/madridfansblog\\\/\",\"name\":\"Madrid Fans Blog Proinca\",\"description\":\"Pisos y apartamentos de alquiler en Madrid\",\"publisher\":{\"@id\":\"https:\\\/\\\/www.proinca.es\\\/madridfansblog\\\/#organization\"},\"potentialAction\":[{\"@type\":\"SearchAction\",\"target\":{\"@type\":\"EntryPoint\",\"urlTemplate\":\"https:\\\/\\\/www.proinca.es\\\/madridfansblog\\\/?s={search_term_string}\"},\"query-input\":{\"@type\":\"PropertyValueSpecification\",\"valueRequired\":true,\"valueName\":\"search_term_string\"}}],\"inLanguage\":\"es\"},{\"@type\":\"Organization\",\"@id\":\"https:\\\/\\\/www.proinca.es\\\/madridfansblog\\\/#organization\",\"name\":\"Proinca\",\"url\":\"https:\\\/\\\/www.proinca.es\\\/madridfansblog\\\/\",\"logo\":{\"@type\":\"ImageObject\",\"inLanguage\":\"es\",\"@id\":\"https:\\\/\\\/www.proinca.es\\\/madridfansblog\\\/#\\\/schema\\\/logo\\\/image\\\/\",\"url\":\"https:\\\/\\\/www.proinca.es\\\/madridfansblog\\\/wp-content\\\/uploads\\\/2022\\\/03\\\/logo-proinca.jpg\",\"contentUrl\":\"https:\\\/\\\/www.proinca.es\\\/madridfansblog\\\/wp-content\\\/uploads\\\/2022\\\/03\\\/logo-proinca.jpg\",\"width\":522,\"height\":250,\"caption\":\"Proinca\"},\"image\":{\"@id\":\"https:\\\/\\\/www.proinca.es\\\/madridfansblog\\\/#\\\/schema\\\/logo\\\/image\\\/\"}},{\"@type\":\"Person\",\"@id\":\"https:\\\/\\\/www.proinca.es\\\/madridfansblog\\\/#\\\/schema\\\/person\\\/8401adc89c0a0f5a3574c43326247f1e\",\"name\":\"Ana Calero\",\"image\":{\"@type\":\"ImageObject\",\"inLanguage\":\"es\",\"@id\":\"https:\\\/\\\/www.proinca.es\\\/madridfansblog\\\/wp-content\\\/litespeed\\\/avatar\\\/ef51b25c0718910f475570320941ef46.jpg?ver=1777379772\",\"url\":\"https:\\\/\\\/www.proinca.es\\\/madridfansblog\\\/wp-content\\\/litespeed\\\/avatar\\\/ef51b25c0718910f475570320941ef46.jpg?ver=1777379772\",\"contentUrl\":\"https:\\\/\\\/www.proinca.es\\\/madridfansblog\\\/wp-content\\\/litespeed\\\/avatar\\\/ef51b25c0718910f475570320941ef46.jpg?ver=1777379772\",\"caption\":\"Ana Calero\"},\"description\":\"Licenciada en Ciencias Empresariales por la Universidad Aut\u00f3noma de Madrid. Forma parte del equipo de Apartamentos Proinca y es una enamorada de Madrid\",\"sameAs\":[\"https:\\\/\\\/www.proinca.es\\\/madridfansblog\\\/ana-calero\\\/\"]}]}<\/script>\n<!-- \/ Yoast SEO plugin. -->","yoast_head_json":{"title":"Tres formas de vivir carnaval en Madrid","description":"\u00bfA qui\u00e9n no le gusta el carnaval? Un cl\u00e1sico baile de m\u00e1scaras con m\u00fasica en directo, Gala de Cine y Carnaval en el Auditorio Nacional de M\u00fasica,Certamen de Chirigotas....Por MadridFansblog","robots":{"index":"index","follow":"follow","max-snippet":"max-snippet:-1","max-image-preview":"max-image-preview:large","max-video-preview":"max-video-preview:-1"},"canonical":"https:\/\/www.proinca.es\/madridfansblog\/tres-formas-de-vivir-el-carnaval-en-madrid\/","og_locale":"es_ES","og_type":"article","og_title":"Tres formas de vivir carnaval en Madrid","og_description":"\u00bfA qui\u00e9n no le gusta el carnaval? Un cl\u00e1sico baile de m\u00e1scaras con m\u00fasica en directo, Gala de Cine y Carnaval en el Auditorio Nacional de M\u00fasica,Certamen de Chirigotas....Por MadridFansblog","og_url":"https:\/\/www.proinca.es\/madridfansblog\/tres-formas-de-vivir-el-carnaval-en-madrid\/","og_site_name":"Blog Proinca Madrid","article_published_time":"2018-02-09T19:44:30+00:00","article_modified_time":"2025-05-28T13:32:12+00:00","og_image":[{"width":1000,"height":662,"url":"https:\/\/www.proinca.es\/madridfansblog\/wp-content\/uploads\/2018\/02\/carnaval-madrid-1.jpg","type":"image\/jpeg"}],"author":"Ana Calero","schema":{"@context":"https:\/\/schema.org","@graph":[{"@type":"Article","@id":"https:\/\/www.proinca.es\/madridfansblog\/tres-formas-de-vivir-el-carnaval-en-madrid\/#article","isPartOf":{"@id":"https:\/\/www.proinca.es\/madridfansblog\/tres-formas-de-vivir-el-carnaval-en-madrid\/"},"author":{"name":"Ana Calero","@id":"https:\/\/www.proinca.es\/madridfansblog\/#\/schema\/person\/8401adc89c0a0f5a3574c43326247f1e"},"headline":"TRES FORMAS DE VIVIR EL CARNAVAL EN MADRID","datePublished":"2018-02-09T19:44:30+00:00","dateModified":"2025-05-28T13:32:12+00:00","mainEntityOfPage":{"@id":"https:\/\/www.proinca.es\/madridfansblog\/tres-formas-de-vivir-el-carnaval-en-madrid\/"},"wordCount":271,"publisher":{"@id":"https:\/\/www.proinca.es\/madridfansblog\/#organization"},"image":{"@id":"https:\/\/www.proinca.es\/madridfansblog\/tres-formas-de-vivir-el-carnaval-en-madrid\/#primaryimage"},"thumbnailUrl":"https:\/\/www.proinca.es\/madridfansblog\/wp-content\/uploads\/2018\/02\/carnaval-madrid-1.jpg","keywords":["Madrid","M\u00fasica","Ocio"],"articleSection":["VIVIR MADRID"],"inLanguage":"es"},{"@type":"WebPage","@id":"https:\/\/www.proinca.es\/madridfansblog\/tres-formas-de-vivir-el-carnaval-en-madrid\/","url":"https:\/\/www.proinca.es\/madridfansblog\/tres-formas-de-vivir-el-carnaval-en-madrid\/","name":"Tres formas de vivir carnaval en Madrid","isPartOf":{"@id":"https:\/\/www.proinca.es\/madridfansblog\/#website"},"primaryImageOfPage":{"@id":"https:\/\/www.proinca.es\/madridfansblog\/tres-formas-de-vivir-el-carnaval-en-madrid\/#primaryimage"},"image":{"@id":"https:\/\/www.proinca.es\/madridfansblog\/tres-formas-de-vivir-el-carnaval-en-madrid\/#primaryimage"},"thumbnailUrl":"https:\/\/www.proinca.es\/madridfansblog\/wp-content\/uploads\/2018\/02\/carnaval-madrid-1.jpg","datePublished":"2018-02-09T19:44:30+00:00","dateModified":"2025-05-28T13:32:12+00:00","description":"\u00bfA qui\u00e9n no le gusta el carnaval? Un cl\u00e1sico baile de m\u00e1scaras con m\u00fasica en directo, Gala de Cine y Carnaval en el Auditorio Nacional de M\u00fasica,Certamen de Chirigotas....Por MadridFansblog","inLanguage":"es","potentialAction":[{"@type":"ReadAction","target":["https:\/\/www.proinca.es\/madridfansblog\/tres-formas-de-vivir-el-carnaval-en-madrid\/"]}]},{"@type":"ImageObject","inLanguage":"es","@id":"https:\/\/www.proinca.es\/madridfansblog\/tres-formas-de-vivir-el-carnaval-en-madrid\/#primaryimage","url":"https:\/\/www.proinca.es\/madridfansblog\/wp-content\/uploads\/2018\/02\/carnaval-madrid-1.jpg","contentUrl":"https:\/\/www.proinca.es\/madridfansblog\/wp-content\/uploads\/2018\/02\/carnaval-madrid-1.jpg","width":1000,"height":662,"caption":"Tres formas de vivir el carnaval en Madrid"},{"@type":"WebSite","@id":"https:\/\/www.proinca.es\/madridfansblog\/#website","url":"https:\/\/www.proinca.es\/madridfansblog\/","name":"Madrid Fans Blog Proinca","description":"Pisos y apartamentos de alquiler en Madrid","publisher":{"@id":"https:\/\/www.proinca.es\/madridfansblog\/#organization"},"potentialAction":[{"@type":"SearchAction","target":{"@type":"EntryPoint","urlTemplate":"https:\/\/www.proinca.es\/madridfansblog\/?s={search_term_string}"},"query-input":{"@type":"PropertyValueSpecification","valueRequired":true,"valueName":"search_term_string"}}],"inLanguage":"es"},{"@type":"Organization","@id":"https:\/\/www.proinca.es\/madridfansblog\/#organization","name":"Proinca","url":"https:\/\/www.proinca.es\/madridfansblog\/","logo":{"@type":"ImageObject","inLanguage":"es","@id":"https:\/\/www.proinca.es\/madridfansblog\/#\/schema\/logo\/image\/","url":"https:\/\/www.proinca.es\/madridfansblog\/wp-content\/uploads\/2022\/03\/logo-proinca.jpg","contentUrl":"https:\/\/www.proinca.es\/madridfansblog\/wp-content\/uploads\/2022\/03\/logo-proinca.jpg","width":522,"height":250,"caption":"Proinca"},"image":{"@id":"https:\/\/www.proinca.es\/madridfansblog\/#\/schema\/logo\/image\/"}},{"@type":"Person","@id":"https:\/\/www.proinca.es\/madridfansblog\/#\/schema\/person\/8401adc89c0a0f5a3574c43326247f1e","name":"Ana Calero","image":{"@type":"ImageObject","inLanguage":"es","@id":"https:\/\/www.proinca.es\/madridfansblog\/wp-content\/litespeed\/avatar\/ef51b25c0718910f475570320941ef46.jpg?ver=1777379772","url":"https:\/\/www.proinca.es\/madridfansblog\/wp-content\/litespeed\/avatar\/ef51b25c0718910f475570320941ef46.jpg?ver=1777379772","contentUrl":"https:\/\/www.proinca.es\/madridfansblog\/wp-content\/litespeed\/avatar\/ef51b25c0718910f475570320941ef46.jpg?ver=1777379772","caption":"Ana Calero"},"description":"Licenciada en Ciencias Empresariales por la Universidad Aut\u00f3noma de Madrid. Forma parte del equipo de Apartamentos Proinca y es una enamorada de Madrid","sameAs":["https:\/\/www.proinca.es\/madridfansblog\/ana-calero\/"]}]}},"_links":{"self":[{"href":"https:\/\/www.proinca.es\/madridfansblog\/wp-json\/wp\/v2\/posts\/5199","targetHints":{"allow":["GET"]}}],"collection":[{"href":"https:\/\/www.proinca.es\/madridfansblog\/wp-json\/wp\/v2\/posts"}],"about":[{"href":"https:\/\/www.proinca.es\/madridfansblog\/wp-json\/wp\/v2\/types\/post"}],"author":[{"embeddable":true,"href":"https:\/\/www.proinca.es\/madridfansblog\/wp-json\/wp\/v2\/users\/4"}],"replies":[{"embeddable":true,"href":"https:\/\/www.proinca.es\/madridfansblog\/wp-json\/wp\/v2\/comments?post=5199"}],"version-history":[{"count":8,"href":"https:\/\/www.proinca.es\/madridfansblog\/wp-json\/wp\/v2\/posts\/5199\/revisions"}],"predecessor-version":[{"id":7442,"href":"https:\/\/www.proinca.es\/madridfansblog\/wp-json\/wp\/v2\/posts\/5199\/revisions\/7442"}],"wp:featuredmedia":[{"embeddable":true,"href":"https:\/\/www.proinca.es\/madridfansblog\/wp-json\/wp\/v2\/media\/7306"}],"wp:attachment":[{"href":"https:\/\/www.proinca.es\/madridfansblog\/wp-json\/wp\/v2\/media?parent=5199"}],"wp:term":[{"taxonomy":"category","embeddable":true,"href":"https:\/\/www.proinca.es\/madridfansblog\/wp-json\/wp\/v2\/categories?post=5199"},{"taxonomy":"post_tag","embeddable":true,"href":"https:\/\/www.proinca.es\/madridfansblog\/wp-json\/wp\/v2\/tags?post=5199"}],"curies":[{"name":"wp","href":"https:\/\/api.w.org\/{rel}","templated":true}]}}