{"id":5239,"date":"2018-04-12T19:19:07","date_gmt":"2018-04-12T17:19:07","guid":{"rendered":"https:\/\/www.proinca.es\/madridfansblog\/?p=5239"},"modified":"2025-05-28T13:25:15","modified_gmt":"2025-05-28T11:25:15","slug":"los-mejores-lugares-de-madrid-para-disfrutar-del-inicio-de-la-primavera","status":"publish","type":"post","link":"https:\/\/www.proinca.es\/madridfansblog\/los-mejores-lugares-de-madrid-para-disfrutar-del-inicio-de-la-primavera\/","title":{"rendered":"LOS MEJORES LUGARES DE MADRID PARA DISFRUTAR DEL INICIO DE LA PRIMAVERA"},"content":{"rendered":"<p>Los primeros rayos de sol se han hecho esperar, pero por fin han llegado.<!--more--><strong> La primavera<\/strong> ya est\u00e1 aqu\u00ed y <strong>Madrid<\/strong> tiene mucho que ofrecernos. Te presentamos algunas de las propuestas y de los rincones m\u00e1s apropiados para disfrutarla al m\u00e1ximo, m\u00e1s all\u00e1 de la afamada Quinta de los Molinos o de Madrid R\u00edo.<\/p>\n<p>&#8211; Naturaleza y cultura. Junto al Estadio Santiago Bernab\u00e9u, cien olivos centenarios acogen actividades culturales de diversa \u00edndole. Asombrados, \u00bfverdad? Se trata de la Fundaci\u00f3n Olivar de Castillejo, una entidad sin \u00e1nimo de lucro que apuesta por la cultura, la sostenibilidad y la protecci\u00f3n al medioambiente.<\/p>\n<p>fundacionolivardecastillejo.org<\/p>\n<p>&#8211; Cultura en familia. Teatralia, Festival Internacional de Artes Esc\u00e9nicas para Ni\u00f1os y J\u00f3venes de la Comunidad de Madrid. Habr\u00e1 que esperar a la pr\u00f3xima semana para disfrutar, en Teatros del Canal, de una programaci\u00f3n que acerca la creaci\u00f3n art\u00edstica a los m\u00e1s peque\u00f1os y que se ha convertido, tras 22 a\u00f1os, en cita ineludible de la primavera madrile\u00f1a.<\/p>\n<p>www.teatroscanal.com\/espectaculo\/teatralia-2018<\/p>\n<p>Informaci\u00f3n patrocinada por <strong><a title=\"Proinca apartamentos de alquiler en Madrid\" href=\"http:\/\/www.proinca.es\" target=\"_blank\" rel=\"noopener\">Proinca: Apartamentos de alquiler en Madrid<\/a><\/strong><\/p>\n<p>Fuente imagen: madrid.org<\/p>\n\n\n<div class=\"kk-star-ratings kksr-auto kksr-align-left kksr-valign-bottom\"\n    data-payload='{&quot;align&quot;:&quot;left&quot;,&quot;id&quot;:&quot;5239&quot;,&quot;slug&quot;:&quot;default&quot;,&quot;valign&quot;:&quot;bottom&quot;,&quot;ignore&quot;:&quot;&quot;,&quot;reference&quot;:&quot;auto&quot;,&quot;class&quot;:&quot;&quot;,&quot;count&quot;:&quot;0&quot;,&quot;legendonly&quot;:&quot;&quot;,&quot;readonly&quot;:&quot;&quot;,&quot;score&quot;:&quot;0&quot;,&quot;starsonly&quot;:&quot;&quot;,&quot;best&quot;:&quot;5&quot;,&quot;gap&quot;:&quot;1&quot;,&quot;greet&quot;:&quot;Valora este art\u00edculo&quot;,&quot;legend&quot;:&quot;0\\\/5 - (0 votos)&quot;,&quot;size&quot;:&quot;24&quot;,&quot;title&quot;:&quot;LOS MEJORES LUGARES DE MADRID PARA DISFRUTAR DEL INICIO DE LA PRIMAVERA&quot;,&quot;width&quot;:&quot;0&quot;,&quot;_legend&quot;:&quot;{score}\\\/{best} - ({count} {votes})&quot;,&quot;font_factor&quot;:&quot;1.25&quot;}'>\n            \n<div class=\"kksr-stars\">\n    \n<div class=\"kksr-stars-inactive\">\n            <div class=\"kksr-star\" data-star=\"1\" style=\"padding-right: 1px\">\n            \n\n<div class=\"kksr-icon\" style=\"width: 24px; height: 24px;\"><\/div>\n        <\/div>\n            <div class=\"kksr-star\" data-star=\"2\" style=\"padding-right: 1px\">\n            \n\n<div class=\"kksr-icon\" style=\"width: 24px; height: 24px;\"><\/div>\n        <\/div>\n            <div class=\"kksr-star\" data-star=\"3\" style=\"padding-right: 1px\">\n            \n\n<div class=\"kksr-icon\" style=\"width: 24px; height: 24px;\"><\/div>\n        <\/div>\n            <div class=\"kksr-star\" data-star=\"4\" style=\"padding-right: 1px\">\n            \n\n<div class=\"kksr-icon\" style=\"width: 24px; height: 24px;\"><\/div>\n        <\/div>\n            <div class=\"kksr-star\" data-star=\"5\" style=\"padding-right: 1px\">\n            \n\n<div class=\"kksr-icon\" style=\"width: 24px; height: 24px;\"><\/div>\n        <\/div>\n    <\/div>\n    \n<div class=\"kksr-stars-active\" style=\"width: 0px;\">\n            <div class=\"kksr-star\" style=\"padding-right: 1px\">\n            \n\n<div class=\"kksr-icon\" style=\"width: 24px; height: 24px;\"><\/div>\n        <\/div>\n            <div class=\"kksr-star\" style=\"padding-right: 1px\">\n            \n\n<div class=\"kksr-icon\" style=\"width: 24px; height: 24px;\"><\/div>\n        <\/div>\n            <div class=\"kksr-star\" style=\"padding-right: 1px\">\n            \n\n<div class=\"kksr-icon\" style=\"width: 24px; height: 24px;\"><\/div>\n        <\/div>\n            <div class=\"kksr-star\" style=\"padding-right: 1px\">\n            \n\n<div class=\"kksr-icon\" style=\"width: 24px; height: 24px;\"><\/div>\n        <\/div>\n            <div class=\"kksr-star\" style=\"padding-right: 1px\">\n            \n\n<div class=\"kksr-icon\" style=\"width: 24px; height: 24px;\"><\/div>\n        <\/div>\n    <\/div>\n<\/div>\n                \n\n<div class=\"kksr-legend\" style=\"font-size: 19.2px;\">\n            <span class=\"kksr-muted\">Valora este art\u00edculo<\/span>\n    <\/div>\n    <\/div>\n","protected":false},"excerpt":{"rendered":"<p>Los primeros rayos de sol se han hecho esperar, pero  [&#8230;]<\/p>\n","protected":false},"author":4,"featured_media":5241,"comment_status":"closed","ping_status":"closed","sticky":false,"template":"","format":"standard","meta":{"footnotes":""},"categories":[79],"tags":[],"class_list":["post-5239","post","type-post","status-publish","format-standard","has-post-thumbnail","hentry","category-vivir-madrid"],"yoast_head":"<!-- This site is optimized with the Yoast SEO plugin v27.4 - https:\/\/yoast.com\/product\/yoast-seo-wordpress\/ -->\n<title>Rincones de Madrid en primavera.<\/title>\n<meta name=\"description\" content=\"La primavera ya est\u00e1 aqu\u00ed y Madrid tiene mucho que ofrecernos. Te presentamos algunas propuestas y rincones de la capital. Por MadridfansBlog\" \/>\n<meta name=\"robots\" content=\"index, follow, max-snippet:-1, max-image-preview:large, max-video-preview:-1\" \/>\n<link rel=\"canonical\" href=\"https:\/\/www.proinca.es\/madridfansblog\/los-mejores-lugares-de-madrid-para-disfrutar-del-inicio-de-la-primavera\/\" \/>\n<meta property=\"og:locale\" content=\"es_ES\" \/>\n<meta property=\"og:type\" content=\"article\" \/>\n<meta property=\"og:title\" content=\"Rincones de Madrid en primavera.\" \/>\n<meta property=\"og:description\" content=\"La primavera ya est\u00e1 aqu\u00ed y Madrid tiene mucho que ofrecernos. Te presentamos algunas propuestas y rincones de la capital. Por MadridfansBlog\" \/>\n<meta property=\"og:url\" content=\"https:\/\/www.proinca.es\/madridfansblog\/los-mejores-lugares-de-madrid-para-disfrutar-del-inicio-de-la-primavera\/\" \/>\n<meta property=\"og:site_name\" content=\"Blog Proinca Madrid\" \/>\n<meta property=\"article:published_time\" content=\"2018-04-12T17:19:07+00:00\" \/>\n<meta property=\"article:modified_time\" content=\"2025-05-28T11:25:15+00:00\" \/>\n<meta property=\"og:image\" content=\"https:\/\/www.proinca.es\/madridfansblog\/wp-content\/uploads\/2018\/04\/madrid-en-primavera-1.jpg\" \/>\n\t<meta property=\"og:image:width\" content=\"752\" \/>\n\t<meta property=\"og:image:height\" content=\"194\" \/>\n\t<meta property=\"og:image:type\" content=\"image\/jpeg\" \/>\n<meta name=\"author\" content=\"Ana Calero\" \/>\n<script type=\"application\/ld+json\" class=\"yoast-schema-graph\">{\"@context\":\"https:\\\/\\\/schema.org\",\"@graph\":[{\"@type\":\"Article\",\"@id\":\"https:\\\/\\\/www.proinca.es\\\/madridfansblog\\\/los-mejores-lugares-de-madrid-para-disfrutar-del-inicio-de-la-primavera\\\/#article\",\"isPartOf\":{\"@id\":\"https:\\\/\\\/www.proinca.es\\\/madridfansblog\\\/los-mejores-lugares-de-madrid-para-disfrutar-del-inicio-de-la-primavera\\\/\"},\"author\":{\"name\":\"Ana Calero\",\"@id\":\"https:\\\/\\\/www.proinca.es\\\/madridfansblog\\\/#\\\/schema\\\/person\\\/8401adc89c0a0f5a3574c43326247f1e\"},\"headline\":\"LOS MEJORES LUGARES DE MADRID PARA DISFRUTAR DEL INICIO DE LA PRIMAVERA\",\"datePublished\":\"2018-04-12T17:19:07+00:00\",\"dateModified\":\"2025-05-28T11:25:15+00:00\",\"mainEntityOfPage\":{\"@id\":\"https:\\\/\\\/www.proinca.es\\\/madridfansblog\\\/los-mejores-lugares-de-madrid-para-disfrutar-del-inicio-de-la-primavera\\\/\"},\"wordCount\":209,\"publisher\":{\"@id\":\"https:\\\/\\\/www.proinca.es\\\/madridfansblog\\\/#organization\"},\"image\":{\"@id\":\"https:\\\/\\\/www.proinca.es\\\/madridfansblog\\\/los-mejores-lugares-de-madrid-para-disfrutar-del-inicio-de-la-primavera\\\/#primaryimage\"},\"thumbnailUrl\":\"https:\\\/\\\/www.proinca.es\\\/madridfansblog\\\/wp-content\\\/uploads\\\/2018\\\/04\\\/madrid-en-primavera-1.jpg\",\"articleSection\":[\"VIVIR MADRID\"],\"inLanguage\":\"es\"},{\"@type\":\"WebPage\",\"@id\":\"https:\\\/\\\/www.proinca.es\\\/madridfansblog\\\/los-mejores-lugares-de-madrid-para-disfrutar-del-inicio-de-la-primavera\\\/\",\"url\":\"https:\\\/\\\/www.proinca.es\\\/madridfansblog\\\/los-mejores-lugares-de-madrid-para-disfrutar-del-inicio-de-la-primavera\\\/\",\"name\":\"Rincones de Madrid en primavera.\",\"isPartOf\":{\"@id\":\"https:\\\/\\\/www.proinca.es\\\/madridfansblog\\\/#website\"},\"primaryImageOfPage\":{\"@id\":\"https:\\\/\\\/www.proinca.es\\\/madridfansblog\\\/los-mejores-lugares-de-madrid-para-disfrutar-del-inicio-de-la-primavera\\\/#primaryimage\"},\"image\":{\"@id\":\"https:\\\/\\\/www.proinca.es\\\/madridfansblog\\\/los-mejores-lugares-de-madrid-para-disfrutar-del-inicio-de-la-primavera\\\/#primaryimage\"},\"thumbnailUrl\":\"https:\\\/\\\/www.proinca.es\\\/madridfansblog\\\/wp-content\\\/uploads\\\/2018\\\/04\\\/madrid-en-primavera-1.jpg\",\"datePublished\":\"2018-04-12T17:19:07+00:00\",\"dateModified\":\"2025-05-28T11:25:15+00:00\",\"description\":\"La primavera ya est\u00e1 aqu\u00ed y Madrid tiene mucho que ofrecernos. Te presentamos algunas propuestas y rincones de la capital. Por MadridfansBlog\",\"inLanguage\":\"es\",\"potentialAction\":[{\"@type\":\"ReadAction\",\"target\":[\"https:\\\/\\\/www.proinca.es\\\/madridfansblog\\\/los-mejores-lugares-de-madrid-para-disfrutar-del-inicio-de-la-primavera\\\/\"]}]},{\"@type\":\"ImageObject\",\"inLanguage\":\"es\",\"@id\":\"https:\\\/\\\/www.proinca.es\\\/madridfansblog\\\/los-mejores-lugares-de-madrid-para-disfrutar-del-inicio-de-la-primavera\\\/#primaryimage\",\"url\":\"https:\\\/\\\/www.proinca.es\\\/madridfansblog\\\/wp-content\\\/uploads\\\/2018\\\/04\\\/madrid-en-primavera-1.jpg\",\"contentUrl\":\"https:\\\/\\\/www.proinca.es\\\/madridfansblog\\\/wp-content\\\/uploads\\\/2018\\\/04\\\/madrid-en-primavera-1.jpg\",\"width\":752,\"height\":194,\"caption\":\"primavera en madrid 1\"},{\"@type\":\"WebSite\",\"@id\":\"https:\\\/\\\/www.proinca.es\\\/madridfansblog\\\/#website\",\"url\":\"https:\\\/\\\/www.proinca.es\\\/madridfansblog\\\/\",\"name\":\"Madrid Fans Blog Proinca\",\"description\":\"Pisos y apartamentos de alquiler en Madrid\",\"publisher\":{\"@id\":\"https:\\\/\\\/www.proinca.es\\\/madridfansblog\\\/#organization\"},\"potentialAction\":[{\"@type\":\"SearchAction\",\"target\":{\"@type\":\"EntryPoint\",\"urlTemplate\":\"https:\\\/\\\/www.proinca.es\\\/madridfansblog\\\/?s={search_term_string}\"},\"query-input\":{\"@type\":\"PropertyValueSpecification\",\"valueRequired\":true,\"valueName\":\"search_term_string\"}}],\"inLanguage\":\"es\"},{\"@type\":\"Organization\",\"@id\":\"https:\\\/\\\/www.proinca.es\\\/madridfansblog\\\/#organization\",\"name\":\"Proinca\",\"url\":\"https:\\\/\\\/www.proinca.es\\\/madridfansblog\\\/\",\"logo\":{\"@type\":\"ImageObject\",\"inLanguage\":\"es\",\"@id\":\"https:\\\/\\\/www.proinca.es\\\/madridfansblog\\\/#\\\/schema\\\/logo\\\/image\\\/\",\"url\":\"https:\\\/\\\/www.proinca.es\\\/madridfansblog\\\/wp-content\\\/uploads\\\/2022\\\/03\\\/logo-proinca.jpg\",\"contentUrl\":\"https:\\\/\\\/www.proinca.es\\\/madridfansblog\\\/wp-content\\\/uploads\\\/2022\\\/03\\\/logo-proinca.jpg\",\"width\":522,\"height\":250,\"caption\":\"Proinca\"},\"image\":{\"@id\":\"https:\\\/\\\/www.proinca.es\\\/madridfansblog\\\/#\\\/schema\\\/logo\\\/image\\\/\"}},{\"@type\":\"Person\",\"@id\":\"https:\\\/\\\/www.proinca.es\\\/madridfansblog\\\/#\\\/schema\\\/person\\\/8401adc89c0a0f5a3574c43326247f1e\",\"name\":\"Ana Calero\",\"image\":{\"@type\":\"ImageObject\",\"inLanguage\":\"es\",\"@id\":\"https:\\\/\\\/www.proinca.es\\\/madridfansblog\\\/wp-content\\\/litespeed\\\/avatar\\\/ef51b25c0718910f475570320941ef46.jpg?ver=1777379772\",\"url\":\"https:\\\/\\\/www.proinca.es\\\/madridfansblog\\\/wp-content\\\/litespeed\\\/avatar\\\/ef51b25c0718910f475570320941ef46.jpg?ver=1777379772\",\"contentUrl\":\"https:\\\/\\\/www.proinca.es\\\/madridfansblog\\\/wp-content\\\/litespeed\\\/avatar\\\/ef51b25c0718910f475570320941ef46.jpg?ver=1777379772\",\"caption\":\"Ana Calero\"},\"description\":\"Licenciada en Ciencias Empresariales por la Universidad Aut\u00f3noma de Madrid. Forma parte del equipo de Apartamentos Proinca y es una enamorada de Madrid\",\"sameAs\":[\"https:\\\/\\\/www.proinca.es\\\/madridfansblog\\\/ana-calero\\\/\"]}]}<\/script>\n<!-- \/ Yoast SEO plugin. -->","yoast_head_json":{"title":"Rincones de Madrid en primavera.","description":"La primavera ya est\u00e1 aqu\u00ed y Madrid tiene mucho que ofrecernos. Te presentamos algunas propuestas y rincones de la capital. Por MadridfansBlog","robots":{"index":"index","follow":"follow","max-snippet":"max-snippet:-1","max-image-preview":"max-image-preview:large","max-video-preview":"max-video-preview:-1"},"canonical":"https:\/\/www.proinca.es\/madridfansblog\/los-mejores-lugares-de-madrid-para-disfrutar-del-inicio-de-la-primavera\/","og_locale":"es_ES","og_type":"article","og_title":"Rincones de Madrid en primavera.","og_description":"La primavera ya est\u00e1 aqu\u00ed y Madrid tiene mucho que ofrecernos. Te presentamos algunas propuestas y rincones de la capital. Por MadridfansBlog","og_url":"https:\/\/www.proinca.es\/madridfansblog\/los-mejores-lugares-de-madrid-para-disfrutar-del-inicio-de-la-primavera\/","og_site_name":"Blog Proinca Madrid","article_published_time":"2018-04-12T17:19:07+00:00","article_modified_time":"2025-05-28T11:25:15+00:00","og_image":[{"width":752,"height":194,"url":"https:\/\/www.proinca.es\/madridfansblog\/wp-content\/uploads\/2018\/04\/madrid-en-primavera-1.jpg","type":"image\/jpeg"}],"author":"Ana Calero","schema":{"@context":"https:\/\/schema.org","@graph":[{"@type":"Article","@id":"https:\/\/www.proinca.es\/madridfansblog\/los-mejores-lugares-de-madrid-para-disfrutar-del-inicio-de-la-primavera\/#article","isPartOf":{"@id":"https:\/\/www.proinca.es\/madridfansblog\/los-mejores-lugares-de-madrid-para-disfrutar-del-inicio-de-la-primavera\/"},"author":{"name":"Ana Calero","@id":"https:\/\/www.proinca.es\/madridfansblog\/#\/schema\/person\/8401adc89c0a0f5a3574c43326247f1e"},"headline":"LOS MEJORES LUGARES DE MADRID PARA DISFRUTAR DEL INICIO DE LA PRIMAVERA","datePublished":"2018-04-12T17:19:07+00:00","dateModified":"2025-05-28T11:25:15+00:00","mainEntityOfPage":{"@id":"https:\/\/www.proinca.es\/madridfansblog\/los-mejores-lugares-de-madrid-para-disfrutar-del-inicio-de-la-primavera\/"},"wordCount":209,"publisher":{"@id":"https:\/\/www.proinca.es\/madridfansblog\/#organization"},"image":{"@id":"https:\/\/www.proinca.es\/madridfansblog\/los-mejores-lugares-de-madrid-para-disfrutar-del-inicio-de-la-primavera\/#primaryimage"},"thumbnailUrl":"https:\/\/www.proinca.es\/madridfansblog\/wp-content\/uploads\/2018\/04\/madrid-en-primavera-1.jpg","articleSection":["VIVIR MADRID"],"inLanguage":"es"},{"@type":"WebPage","@id":"https:\/\/www.proinca.es\/madridfansblog\/los-mejores-lugares-de-madrid-para-disfrutar-del-inicio-de-la-primavera\/","url":"https:\/\/www.proinca.es\/madridfansblog\/los-mejores-lugares-de-madrid-para-disfrutar-del-inicio-de-la-primavera\/","name":"Rincones de Madrid en primavera.","isPartOf":{"@id":"https:\/\/www.proinca.es\/madridfansblog\/#website"},"primaryImageOfPage":{"@id":"https:\/\/www.proinca.es\/madridfansblog\/los-mejores-lugares-de-madrid-para-disfrutar-del-inicio-de-la-primavera\/#primaryimage"},"image":{"@id":"https:\/\/www.proinca.es\/madridfansblog\/los-mejores-lugares-de-madrid-para-disfrutar-del-inicio-de-la-primavera\/#primaryimage"},"thumbnailUrl":"https:\/\/www.proinca.es\/madridfansblog\/wp-content\/uploads\/2018\/04\/madrid-en-primavera-1.jpg","datePublished":"2018-04-12T17:19:07+00:00","dateModified":"2025-05-28T11:25:15+00:00","description":"La primavera ya est\u00e1 aqu\u00ed y Madrid tiene mucho que ofrecernos. Te presentamos algunas propuestas y rincones de la capital. Por MadridfansBlog","inLanguage":"es","potentialAction":[{"@type":"ReadAction","target":["https:\/\/www.proinca.es\/madridfansblog\/los-mejores-lugares-de-madrid-para-disfrutar-del-inicio-de-la-primavera\/"]}]},{"@type":"ImageObject","inLanguage":"es","@id":"https:\/\/www.proinca.es\/madridfansblog\/los-mejores-lugares-de-madrid-para-disfrutar-del-inicio-de-la-primavera\/#primaryimage","url":"https:\/\/www.proinca.es\/madridfansblog\/wp-content\/uploads\/2018\/04\/madrid-en-primavera-1.jpg","contentUrl":"https:\/\/www.proinca.es\/madridfansblog\/wp-content\/uploads\/2018\/04\/madrid-en-primavera-1.jpg","width":752,"height":194,"caption":"primavera en madrid 1"},{"@type":"WebSite","@id":"https:\/\/www.proinca.es\/madridfansblog\/#website","url":"https:\/\/www.proinca.es\/madridfansblog\/","name":"Madrid Fans Blog Proinca","description":"Pisos y apartamentos de alquiler en Madrid","publisher":{"@id":"https:\/\/www.proinca.es\/madridfansblog\/#organization"},"potentialAction":[{"@type":"SearchAction","target":{"@type":"EntryPoint","urlTemplate":"https:\/\/www.proinca.es\/madridfansblog\/?s={search_term_string}"},"query-input":{"@type":"PropertyValueSpecification","valueRequired":true,"valueName":"search_term_string"}}],"inLanguage":"es"},{"@type":"Organization","@id":"https:\/\/www.proinca.es\/madridfansblog\/#organization","name":"Proinca","url":"https:\/\/www.proinca.es\/madridfansblog\/","logo":{"@type":"ImageObject","inLanguage":"es","@id":"https:\/\/www.proinca.es\/madridfansblog\/#\/schema\/logo\/image\/","url":"https:\/\/www.proinca.es\/madridfansblog\/wp-content\/uploads\/2022\/03\/logo-proinca.jpg","contentUrl":"https:\/\/www.proinca.es\/madridfansblog\/wp-content\/uploads\/2022\/03\/logo-proinca.jpg","width":522,"height":250,"caption":"Proinca"},"image":{"@id":"https:\/\/www.proinca.es\/madridfansblog\/#\/schema\/logo\/image\/"}},{"@type":"Person","@id":"https:\/\/www.proinca.es\/madridfansblog\/#\/schema\/person\/8401adc89c0a0f5a3574c43326247f1e","name":"Ana Calero","image":{"@type":"ImageObject","inLanguage":"es","@id":"https:\/\/www.proinca.es\/madridfansblog\/wp-content\/litespeed\/avatar\/ef51b25c0718910f475570320941ef46.jpg?ver=1777379772","url":"https:\/\/www.proinca.es\/madridfansblog\/wp-content\/litespeed\/avatar\/ef51b25c0718910f475570320941ef46.jpg?ver=1777379772","contentUrl":"https:\/\/www.proinca.es\/madridfansblog\/wp-content\/litespeed\/avatar\/ef51b25c0718910f475570320941ef46.jpg?ver=1777379772","caption":"Ana Calero"},"description":"Licenciada en Ciencias Empresariales por la Universidad Aut\u00f3noma de Madrid. Forma parte del equipo de Apartamentos Proinca y es una enamorada de Madrid","sameAs":["https:\/\/www.proinca.es\/madridfansblog\/ana-calero\/"]}]}},"_links":{"self":[{"href":"https:\/\/www.proinca.es\/madridfansblog\/wp-json\/wp\/v2\/posts\/5239","targetHints":{"allow":["GET"]}}],"collection":[{"href":"https:\/\/www.proinca.es\/madridfansblog\/wp-json\/wp\/v2\/posts"}],"about":[{"href":"https:\/\/www.proinca.es\/madridfansblog\/wp-json\/wp\/v2\/types\/post"}],"author":[{"embeddable":true,"href":"https:\/\/www.proinca.es\/madridfansblog\/wp-json\/wp\/v2\/users\/4"}],"replies":[{"embeddable":true,"href":"https:\/\/www.proinca.es\/madridfansblog\/wp-json\/wp\/v2\/comments?post=5239"}],"version-history":[{"count":7,"href":"https:\/\/www.proinca.es\/madridfansblog\/wp-json\/wp\/v2\/posts\/5239\/revisions"}],"predecessor-version":[{"id":7350,"href":"https:\/\/www.proinca.es\/madridfansblog\/wp-json\/wp\/v2\/posts\/5239\/revisions\/7350"}],"wp:featuredmedia":[{"embeddable":true,"href":"https:\/\/www.proinca.es\/madridfansblog\/wp-json\/wp\/v2\/media\/5241"}],"wp:attachment":[{"href":"https:\/\/www.proinca.es\/madridfansblog\/wp-json\/wp\/v2\/media?parent=5239"}],"wp:term":[{"taxonomy":"category","embeddable":true,"href":"https:\/\/www.proinca.es\/madridfansblog\/wp-json\/wp\/v2\/categories?post=5239"},{"taxonomy":"post_tag","embeddable":true,"href":"https:\/\/www.proinca.es\/madridfansblog\/wp-json\/wp\/v2\/tags?post=5239"}],"curies":[{"name":"wp","href":"https:\/\/api.w.org\/{rel}","templated":true}]}}