{"id":5247,"date":"2018-04-22T19:41:57","date_gmt":"2018-04-22T17:41:57","guid":{"rendered":"https:\/\/www.proinca.es\/madridfansblog\/?p=5247"},"modified":"2025-05-28T13:25:20","modified_gmt":"2025-05-28T11:25:20","slug":"escapadas-para-madrilenos-avidos-de-naturaleza-y-ambiente-rural","status":"publish","type":"post","link":"https:\/\/www.proinca.es\/madridfansblog\/escapadas-para-madrilenos-avidos-de-naturaleza-y-ambiente-rural\/","title":{"rendered":"ESCAPADAS PARA MADRILE\u00d1OS \u00c1VIDOS DE NATURALEZA Y AMBIENTE RURAL"},"content":{"rendered":"<p>La <strong>primavera<\/strong> es una estaci\u00f3n perfecta para disfrutar de magn\u00edficas <strong>escapadas<\/strong> de fin de semana<!--more--> o de alguno de los puentes que nos regala, como el del 1 de mayo, m\u00e1s a\u00fan si vivimos en <strong>Madrid<\/strong>, pues tenemos la suerte de contar, a menos de dos horas de viaje, con una gran variedad de destinos naturales y rurales. Estas son nuestras recomendaciones para poner la guinda a una primavera perfecta.<\/p>\n<p>&nbsp;<\/p>\n<p>&#8211; <strong>Pedraza<\/strong>. Calles empedradas, una plaza mayor porticada excepcional y un conjunto arquitect\u00f3nico que nos traslada al medievo hacen de esta villa uno de los pueblos, sin duda, m\u00e1s bonitos de Espa\u00f1a. El municipio se sit\u00faa en la provincia de Segovia y es, a nuestro juicio, un destino ideal tanto para los amantes del turismo gastron\u00f3mico (son famosos los asados de cochinillo y cordero), del trekking (existen numerosas rutas hacia lugares como el Chorro de Navafr\u00eda, bonitas dehesas y ca\u00f1adas) y de quienes tan solo desean pasear por ambientes rurales con gran encanto.<\/p>\n<p>&#8211; <strong>Arquitectura Negra de Guadalajara<\/strong>. Los pueblos de la denominada \u201cArquitectura Negra de Guadalajara\u201d, municipios levantados con lajas de\u00a0pizarra\u00a0y\u00a0madera de roble\u00a0a los pies del emblem\u00e1tico pico Ocej\u00f3n, bien merecen una ruta en coche, moto o autocaravana. Las cascadas de la zona, robledales, cumbres de gran belleza y las magnificas vistas de la sierra de Ayll\u00f3n son argumentos de sobra para convencer a quienes adoran las rutas a pie o en bicicleta de que esta zona de la provincia de Guadalajara es un lugar al que siempre volver.<\/p>\n<p>&#8211; <strong>Ca\u00f1\u00f3n del R\u00edo Lobos<\/strong>. La Ermita de San Bartolom\u00e9 nos da la bienvenida al adentrarnos en el Parque Natural del Ca\u00f1\u00f3n del R\u00edo Lobos, repartido entre las provincias de Soria y Burgos, un espacio de gran belleza fruto de la erosi\u00f3n del r\u00edo Lobos a trav\u00e9s de un recorrido de m\u00e1s de 25 km. Buitres leonados, cuevas y simas nos acompa\u00f1an en todo momento a trav\u00e9s de las 15 peque\u00f1as rutas que podemos realizar, a pie o en bicicleta, para alcanzar el coraz\u00f3n de este pulm\u00f3n verde.<\/p>\n<p>&nbsp;<\/p>\n<p>Informaci\u00f3n patrocinada por\u00a0<strong><a title=\"Proinca apartamentos de alquiler en Madrid\" href=\"http:\/\/www.proinca.es\" target=\"_blank\" rel=\"noopener\">Proinca: Apartamentos de alquiler en Madrid<\/a><\/strong><\/p>\n<p>Fuente im\u00e1genes:<\/p>\n<p>wikipedia.org<\/p>\n\n\n<div class=\"kk-star-ratings kksr-auto kksr-align-left kksr-valign-bottom\"\n    data-payload='{&quot;align&quot;:&quot;left&quot;,&quot;id&quot;:&quot;5247&quot;,&quot;slug&quot;:&quot;default&quot;,&quot;valign&quot;:&quot;bottom&quot;,&quot;ignore&quot;:&quot;&quot;,&quot;reference&quot;:&quot;auto&quot;,&quot;class&quot;:&quot;&quot;,&quot;count&quot;:&quot;0&quot;,&quot;legendonly&quot;:&quot;&quot;,&quot;readonly&quot;:&quot;&quot;,&quot;score&quot;:&quot;0&quot;,&quot;starsonly&quot;:&quot;&quot;,&quot;best&quot;:&quot;5&quot;,&quot;gap&quot;:&quot;1&quot;,&quot;greet&quot;:&quot;Valora este art\u00edculo&quot;,&quot;legend&quot;:&quot;0\\\/5 - (0 votos)&quot;,&quot;size&quot;:&quot;24&quot;,&quot;title&quot;:&quot;ESCAPADAS PARA MADRILE\u00d1OS \u00c1VIDOS DE NATURALEZA Y AMBIENTE RURAL&quot;,&quot;width&quot;:&quot;0&quot;,&quot;_legend&quot;:&quot;{score}\\\/{best} - ({count} {votes})&quot;,&quot;font_factor&quot;:&quot;1.25&quot;}'>\n            \n<div class=\"kksr-stars\">\n    \n<div class=\"kksr-stars-inactive\">\n            <div class=\"kksr-star\" data-star=\"1\" style=\"padding-right: 1px\">\n            \n\n<div class=\"kksr-icon\" style=\"width: 24px; height: 24px;\"><\/div>\n        <\/div>\n            <div class=\"kksr-star\" data-star=\"2\" style=\"padding-right: 1px\">\n            \n\n<div class=\"kksr-icon\" style=\"width: 24px; height: 24px;\"><\/div>\n        <\/div>\n            <div class=\"kksr-star\" data-star=\"3\" style=\"padding-right: 1px\">\n            \n\n<div class=\"kksr-icon\" style=\"width: 24px; height: 24px;\"><\/div>\n        <\/div>\n            <div class=\"kksr-star\" data-star=\"4\" style=\"padding-right: 1px\">\n            \n\n<div class=\"kksr-icon\" style=\"width: 24px; height: 24px;\"><\/div>\n        <\/div>\n            <div class=\"kksr-star\" data-star=\"5\" style=\"padding-right: 1px\">\n            \n\n<div class=\"kksr-icon\" style=\"width: 24px; height: 24px;\"><\/div>\n        <\/div>\n    <\/div>\n    \n<div class=\"kksr-stars-active\" style=\"width: 0px;\">\n            <div class=\"kksr-star\" style=\"padding-right: 1px\">\n            \n\n<div class=\"kksr-icon\" style=\"width: 24px; height: 24px;\"><\/div>\n        <\/div>\n            <div class=\"kksr-star\" style=\"padding-right: 1px\">\n            \n\n<div class=\"kksr-icon\" style=\"width: 24px; height: 24px;\"><\/div>\n        <\/div>\n            <div class=\"kksr-star\" style=\"padding-right: 1px\">\n            \n\n<div class=\"kksr-icon\" style=\"width: 24px; height: 24px;\"><\/div>\n        <\/div>\n            <div class=\"kksr-star\" style=\"padding-right: 1px\">\n            \n\n<div class=\"kksr-icon\" style=\"width: 24px; height: 24px;\"><\/div>\n        <\/div>\n            <div class=\"kksr-star\" style=\"padding-right: 1px\">\n            \n\n<div class=\"kksr-icon\" style=\"width: 24px; height: 24px;\"><\/div>\n        <\/div>\n    <\/div>\n<\/div>\n                \n\n<div class=\"kksr-legend\" style=\"font-size: 19.2px;\">\n            <span class=\"kksr-muted\">Valora este art\u00edculo<\/span>\n    <\/div>\n    <\/div>\n","protected":false},"excerpt":{"rendered":"<p>La primavera es una estaci\u00f3n perfecta para disfrutar de magn\u00edficas  [&#8230;]<\/p>\n","protected":false},"author":4,"featured_media":5250,"comment_status":"closed","ping_status":"closed","sticky":false,"template":"","format":"standard","meta":{"footnotes":""},"categories":[79],"tags":[],"class_list":["post-5247","post","type-post","status-publish","format-standard","has-post-thumbnail","hentry","category-vivir-madrid"],"yoast_head":"<!-- This site is optimized with the Yoast SEO plugin v27.4 - https:\/\/yoast.com\/product\/yoast-seo-wordpress\/ -->\n<title>Escapadas para Madrile\u00f1os<\/title>\n<meta name=\"description\" content=\"La primavera es una estaci\u00f3n perfecta para disfrutar de magn\u00edficas escapadas de fin de semana y Madrid cuenta con una gran variedad de destinos naturales y rurales.Por MadridFansblog\" \/>\n<meta name=\"robots\" content=\"index, follow, max-snippet:-1, max-image-preview:large, max-video-preview:-1\" \/>\n<link rel=\"canonical\" href=\"https:\/\/www.proinca.es\/madridfansblog\/escapadas-para-madrilenos-avidos-de-naturaleza-y-ambiente-rural\/\" \/>\n<meta property=\"og:locale\" content=\"es_ES\" \/>\n<meta property=\"og:type\" content=\"article\" \/>\n<meta property=\"og:title\" content=\"Escapadas para Madrile\u00f1os\" \/>\n<meta property=\"og:description\" content=\"La primavera es una estaci\u00f3n perfecta para disfrutar de magn\u00edficas escapadas de fin de semana y Madrid cuenta con una gran variedad de destinos naturales y rurales.Por MadridFansblog\" \/>\n<meta property=\"og:url\" content=\"https:\/\/www.proinca.es\/madridfansblog\/escapadas-para-madrilenos-avidos-de-naturaleza-y-ambiente-rural\/\" \/>\n<meta property=\"og:site_name\" content=\"Blog Proinca Madrid\" \/>\n<meta property=\"article:published_time\" content=\"2018-04-22T17:41:57+00:00\" \/>\n<meta property=\"article:modified_time\" content=\"2025-05-28T11:25:20+00:00\" \/>\n<meta property=\"og:image\" content=\"https:\/\/www.proinca.es\/madridfansblog\/wp-content\/uploads\/2018\/04\/primavera-escapadas-madrid.jpg\" \/>\n\t<meta property=\"og:image:width\" content=\"500\" \/>\n\t<meta property=\"og:image:height\" content=\"444\" \/>\n\t<meta property=\"og:image:type\" content=\"image\/jpeg\" \/>\n<meta name=\"author\" content=\"Ana Calero\" \/>\n<script type=\"application\/ld+json\" class=\"yoast-schema-graph\">{\"@context\":\"https:\\\/\\\/schema.org\",\"@graph\":[{\"@type\":\"Article\",\"@id\":\"https:\\\/\\\/www.proinca.es\\\/madridfansblog\\\/escapadas-para-madrilenos-avidos-de-naturaleza-y-ambiente-rural\\\/#article\",\"isPartOf\":{\"@id\":\"https:\\\/\\\/www.proinca.es\\\/madridfansblog\\\/escapadas-para-madrilenos-avidos-de-naturaleza-y-ambiente-rural\\\/\"},\"author\":{\"name\":\"Ana Calero\",\"@id\":\"https:\\\/\\\/www.proinca.es\\\/madridfansblog\\\/#\\\/schema\\\/person\\\/8401adc89c0a0f5a3574c43326247f1e\"},\"headline\":\"ESCAPADAS PARA MADRILE\u00d1OS \u00c1VIDOS DE NATURALEZA Y AMBIENTE RURAL\",\"datePublished\":\"2018-04-22T17:41:57+00:00\",\"dateModified\":\"2025-05-28T11:25:20+00:00\",\"mainEntityOfPage\":{\"@id\":\"https:\\\/\\\/www.proinca.es\\\/madridfansblog\\\/escapadas-para-madrilenos-avidos-de-naturaleza-y-ambiente-rural\\\/\"},\"wordCount\":393,\"publisher\":{\"@id\":\"https:\\\/\\\/www.proinca.es\\\/madridfansblog\\\/#organization\"},\"image\":{\"@id\":\"https:\\\/\\\/www.proinca.es\\\/madridfansblog\\\/escapadas-para-madrilenos-avidos-de-naturaleza-y-ambiente-rural\\\/#primaryimage\"},\"thumbnailUrl\":\"https:\\\/\\\/www.proinca.es\\\/madridfansblog\\\/wp-content\\\/uploads\\\/2018\\\/04\\\/primavera-escapadas-madrid.jpg\",\"articleSection\":[\"VIVIR MADRID\"],\"inLanguage\":\"es\"},{\"@type\":\"WebPage\",\"@id\":\"https:\\\/\\\/www.proinca.es\\\/madridfansblog\\\/escapadas-para-madrilenos-avidos-de-naturaleza-y-ambiente-rural\\\/\",\"url\":\"https:\\\/\\\/www.proinca.es\\\/madridfansblog\\\/escapadas-para-madrilenos-avidos-de-naturaleza-y-ambiente-rural\\\/\",\"name\":\"Escapadas para Madrile\u00f1os\",\"isPartOf\":{\"@id\":\"https:\\\/\\\/www.proinca.es\\\/madridfansblog\\\/#website\"},\"primaryImageOfPage\":{\"@id\":\"https:\\\/\\\/www.proinca.es\\\/madridfansblog\\\/escapadas-para-madrilenos-avidos-de-naturaleza-y-ambiente-rural\\\/#primaryimage\"},\"image\":{\"@id\":\"https:\\\/\\\/www.proinca.es\\\/madridfansblog\\\/escapadas-para-madrilenos-avidos-de-naturaleza-y-ambiente-rural\\\/#primaryimage\"},\"thumbnailUrl\":\"https:\\\/\\\/www.proinca.es\\\/madridfansblog\\\/wp-content\\\/uploads\\\/2018\\\/04\\\/primavera-escapadas-madrid.jpg\",\"datePublished\":\"2018-04-22T17:41:57+00:00\",\"dateModified\":\"2025-05-28T11:25:20+00:00\",\"description\":\"La primavera es una estaci\u00f3n perfecta para disfrutar de magn\u00edficas escapadas de fin de semana y Madrid cuenta con una gran variedad de destinos naturales y rurales.Por MadridFansblog\",\"inLanguage\":\"es\",\"potentialAction\":[{\"@type\":\"ReadAction\",\"target\":[\"https:\\\/\\\/www.proinca.es\\\/madridfansblog\\\/escapadas-para-madrilenos-avidos-de-naturaleza-y-ambiente-rural\\\/\"]}]},{\"@type\":\"ImageObject\",\"inLanguage\":\"es\",\"@id\":\"https:\\\/\\\/www.proinca.es\\\/madridfansblog\\\/escapadas-para-madrilenos-avidos-de-naturaleza-y-ambiente-rural\\\/#primaryimage\",\"url\":\"https:\\\/\\\/www.proinca.es\\\/madridfansblog\\\/wp-content\\\/uploads\\\/2018\\\/04\\\/primavera-escapadas-madrid.jpg\",\"contentUrl\":\"https:\\\/\\\/www.proinca.es\\\/madridfansblog\\\/wp-content\\\/uploads\\\/2018\\\/04\\\/primavera-escapadas-madrid.jpg\",\"width\":500,\"height\":444,\"caption\":\"escapadas primavera madrid\"},{\"@type\":\"WebSite\",\"@id\":\"https:\\\/\\\/www.proinca.es\\\/madridfansblog\\\/#website\",\"url\":\"https:\\\/\\\/www.proinca.es\\\/madridfansblog\\\/\",\"name\":\"Madrid Fans Blog Proinca\",\"description\":\"Pisos y apartamentos de alquiler en Madrid\",\"publisher\":{\"@id\":\"https:\\\/\\\/www.proinca.es\\\/madridfansblog\\\/#organization\"},\"potentialAction\":[{\"@type\":\"SearchAction\",\"target\":{\"@type\":\"EntryPoint\",\"urlTemplate\":\"https:\\\/\\\/www.proinca.es\\\/madridfansblog\\\/?s={search_term_string}\"},\"query-input\":{\"@type\":\"PropertyValueSpecification\",\"valueRequired\":true,\"valueName\":\"search_term_string\"}}],\"inLanguage\":\"es\"},{\"@type\":\"Organization\",\"@id\":\"https:\\\/\\\/www.proinca.es\\\/madridfansblog\\\/#organization\",\"name\":\"Proinca\",\"url\":\"https:\\\/\\\/www.proinca.es\\\/madridfansblog\\\/\",\"logo\":{\"@type\":\"ImageObject\",\"inLanguage\":\"es\",\"@id\":\"https:\\\/\\\/www.proinca.es\\\/madridfansblog\\\/#\\\/schema\\\/logo\\\/image\\\/\",\"url\":\"https:\\\/\\\/www.proinca.es\\\/madridfansblog\\\/wp-content\\\/uploads\\\/2022\\\/03\\\/logo-proinca.jpg\",\"contentUrl\":\"https:\\\/\\\/www.proinca.es\\\/madridfansblog\\\/wp-content\\\/uploads\\\/2022\\\/03\\\/logo-proinca.jpg\",\"width\":522,\"height\":250,\"caption\":\"Proinca\"},\"image\":{\"@id\":\"https:\\\/\\\/www.proinca.es\\\/madridfansblog\\\/#\\\/schema\\\/logo\\\/image\\\/\"}},{\"@type\":\"Person\",\"@id\":\"https:\\\/\\\/www.proinca.es\\\/madridfansblog\\\/#\\\/schema\\\/person\\\/8401adc89c0a0f5a3574c43326247f1e\",\"name\":\"Ana Calero\",\"image\":{\"@type\":\"ImageObject\",\"inLanguage\":\"es\",\"@id\":\"https:\\\/\\\/www.proinca.es\\\/madridfansblog\\\/wp-content\\\/litespeed\\\/avatar\\\/ef51b25c0718910f475570320941ef46.jpg?ver=1777379772\",\"url\":\"https:\\\/\\\/www.proinca.es\\\/madridfansblog\\\/wp-content\\\/litespeed\\\/avatar\\\/ef51b25c0718910f475570320941ef46.jpg?ver=1777379772\",\"contentUrl\":\"https:\\\/\\\/www.proinca.es\\\/madridfansblog\\\/wp-content\\\/litespeed\\\/avatar\\\/ef51b25c0718910f475570320941ef46.jpg?ver=1777379772\",\"caption\":\"Ana Calero\"},\"description\":\"Licenciada en Ciencias Empresariales por la Universidad Aut\u00f3noma de Madrid. Forma parte del equipo de Apartamentos Proinca y es una enamorada de Madrid\",\"sameAs\":[\"https:\\\/\\\/www.proinca.es\\\/madridfansblog\\\/ana-calero\\\/\"]}]}<\/script>\n<!-- \/ Yoast SEO plugin. -->","yoast_head_json":{"title":"Escapadas para Madrile\u00f1os","description":"La primavera es una estaci\u00f3n perfecta para disfrutar de magn\u00edficas escapadas de fin de semana y Madrid cuenta con una gran variedad de destinos naturales y rurales.Por MadridFansblog","robots":{"index":"index","follow":"follow","max-snippet":"max-snippet:-1","max-image-preview":"max-image-preview:large","max-video-preview":"max-video-preview:-1"},"canonical":"https:\/\/www.proinca.es\/madridfansblog\/escapadas-para-madrilenos-avidos-de-naturaleza-y-ambiente-rural\/","og_locale":"es_ES","og_type":"article","og_title":"Escapadas para Madrile\u00f1os","og_description":"La primavera es una estaci\u00f3n perfecta para disfrutar de magn\u00edficas escapadas de fin de semana y Madrid cuenta con una gran variedad de destinos naturales y rurales.Por MadridFansblog","og_url":"https:\/\/www.proinca.es\/madridfansblog\/escapadas-para-madrilenos-avidos-de-naturaleza-y-ambiente-rural\/","og_site_name":"Blog Proinca Madrid","article_published_time":"2018-04-22T17:41:57+00:00","article_modified_time":"2025-05-28T11:25:20+00:00","og_image":[{"width":500,"height":444,"url":"https:\/\/www.proinca.es\/madridfansblog\/wp-content\/uploads\/2018\/04\/primavera-escapadas-madrid.jpg","type":"image\/jpeg"}],"author":"Ana Calero","schema":{"@context":"https:\/\/schema.org","@graph":[{"@type":"Article","@id":"https:\/\/www.proinca.es\/madridfansblog\/escapadas-para-madrilenos-avidos-de-naturaleza-y-ambiente-rural\/#article","isPartOf":{"@id":"https:\/\/www.proinca.es\/madridfansblog\/escapadas-para-madrilenos-avidos-de-naturaleza-y-ambiente-rural\/"},"author":{"name":"Ana Calero","@id":"https:\/\/www.proinca.es\/madridfansblog\/#\/schema\/person\/8401adc89c0a0f5a3574c43326247f1e"},"headline":"ESCAPADAS PARA MADRILE\u00d1OS \u00c1VIDOS DE NATURALEZA Y AMBIENTE RURAL","datePublished":"2018-04-22T17:41:57+00:00","dateModified":"2025-05-28T11:25:20+00:00","mainEntityOfPage":{"@id":"https:\/\/www.proinca.es\/madridfansblog\/escapadas-para-madrilenos-avidos-de-naturaleza-y-ambiente-rural\/"},"wordCount":393,"publisher":{"@id":"https:\/\/www.proinca.es\/madridfansblog\/#organization"},"image":{"@id":"https:\/\/www.proinca.es\/madridfansblog\/escapadas-para-madrilenos-avidos-de-naturaleza-y-ambiente-rural\/#primaryimage"},"thumbnailUrl":"https:\/\/www.proinca.es\/madridfansblog\/wp-content\/uploads\/2018\/04\/primavera-escapadas-madrid.jpg","articleSection":["VIVIR MADRID"],"inLanguage":"es"},{"@type":"WebPage","@id":"https:\/\/www.proinca.es\/madridfansblog\/escapadas-para-madrilenos-avidos-de-naturaleza-y-ambiente-rural\/","url":"https:\/\/www.proinca.es\/madridfansblog\/escapadas-para-madrilenos-avidos-de-naturaleza-y-ambiente-rural\/","name":"Escapadas para Madrile\u00f1os","isPartOf":{"@id":"https:\/\/www.proinca.es\/madridfansblog\/#website"},"primaryImageOfPage":{"@id":"https:\/\/www.proinca.es\/madridfansblog\/escapadas-para-madrilenos-avidos-de-naturaleza-y-ambiente-rural\/#primaryimage"},"image":{"@id":"https:\/\/www.proinca.es\/madridfansblog\/escapadas-para-madrilenos-avidos-de-naturaleza-y-ambiente-rural\/#primaryimage"},"thumbnailUrl":"https:\/\/www.proinca.es\/madridfansblog\/wp-content\/uploads\/2018\/04\/primavera-escapadas-madrid.jpg","datePublished":"2018-04-22T17:41:57+00:00","dateModified":"2025-05-28T11:25:20+00:00","description":"La primavera es una estaci\u00f3n perfecta para disfrutar de magn\u00edficas escapadas de fin de semana y Madrid cuenta con una gran variedad de destinos naturales y rurales.Por MadridFansblog","inLanguage":"es","potentialAction":[{"@type":"ReadAction","target":["https:\/\/www.proinca.es\/madridfansblog\/escapadas-para-madrilenos-avidos-de-naturaleza-y-ambiente-rural\/"]}]},{"@type":"ImageObject","inLanguage":"es","@id":"https:\/\/www.proinca.es\/madridfansblog\/escapadas-para-madrilenos-avidos-de-naturaleza-y-ambiente-rural\/#primaryimage","url":"https:\/\/www.proinca.es\/madridfansblog\/wp-content\/uploads\/2018\/04\/primavera-escapadas-madrid.jpg","contentUrl":"https:\/\/www.proinca.es\/madridfansblog\/wp-content\/uploads\/2018\/04\/primavera-escapadas-madrid.jpg","width":500,"height":444,"caption":"escapadas primavera madrid"},{"@type":"WebSite","@id":"https:\/\/www.proinca.es\/madridfansblog\/#website","url":"https:\/\/www.proinca.es\/madridfansblog\/","name":"Madrid Fans Blog Proinca","description":"Pisos y apartamentos de alquiler en Madrid","publisher":{"@id":"https:\/\/www.proinca.es\/madridfansblog\/#organization"},"potentialAction":[{"@type":"SearchAction","target":{"@type":"EntryPoint","urlTemplate":"https:\/\/www.proinca.es\/madridfansblog\/?s={search_term_string}"},"query-input":{"@type":"PropertyValueSpecification","valueRequired":true,"valueName":"search_term_string"}}],"inLanguage":"es"},{"@type":"Organization","@id":"https:\/\/www.proinca.es\/madridfansblog\/#organization","name":"Proinca","url":"https:\/\/www.proinca.es\/madridfansblog\/","logo":{"@type":"ImageObject","inLanguage":"es","@id":"https:\/\/www.proinca.es\/madridfansblog\/#\/schema\/logo\/image\/","url":"https:\/\/www.proinca.es\/madridfansblog\/wp-content\/uploads\/2022\/03\/logo-proinca.jpg","contentUrl":"https:\/\/www.proinca.es\/madridfansblog\/wp-content\/uploads\/2022\/03\/logo-proinca.jpg","width":522,"height":250,"caption":"Proinca"},"image":{"@id":"https:\/\/www.proinca.es\/madridfansblog\/#\/schema\/logo\/image\/"}},{"@type":"Person","@id":"https:\/\/www.proinca.es\/madridfansblog\/#\/schema\/person\/8401adc89c0a0f5a3574c43326247f1e","name":"Ana Calero","image":{"@type":"ImageObject","inLanguage":"es","@id":"https:\/\/www.proinca.es\/madridfansblog\/wp-content\/litespeed\/avatar\/ef51b25c0718910f475570320941ef46.jpg?ver=1777379772","url":"https:\/\/www.proinca.es\/madridfansblog\/wp-content\/litespeed\/avatar\/ef51b25c0718910f475570320941ef46.jpg?ver=1777379772","contentUrl":"https:\/\/www.proinca.es\/madridfansblog\/wp-content\/litespeed\/avatar\/ef51b25c0718910f475570320941ef46.jpg?ver=1777379772","caption":"Ana Calero"},"description":"Licenciada en Ciencias Empresariales por la Universidad Aut\u00f3noma de Madrid. Forma parte del equipo de Apartamentos Proinca y es una enamorada de Madrid","sameAs":["https:\/\/www.proinca.es\/madridfansblog\/ana-calero\/"]}]}},"_links":{"self":[{"href":"https:\/\/www.proinca.es\/madridfansblog\/wp-json\/wp\/v2\/posts\/5247","targetHints":{"allow":["GET"]}}],"collection":[{"href":"https:\/\/www.proinca.es\/madridfansblog\/wp-json\/wp\/v2\/posts"}],"about":[{"href":"https:\/\/www.proinca.es\/madridfansblog\/wp-json\/wp\/v2\/types\/post"}],"author":[{"embeddable":true,"href":"https:\/\/www.proinca.es\/madridfansblog\/wp-json\/wp\/v2\/users\/4"}],"replies":[{"embeddable":true,"href":"https:\/\/www.proinca.es\/madridfansblog\/wp-json\/wp\/v2\/comments?post=5247"}],"version-history":[{"count":9,"href":"https:\/\/www.proinca.es\/madridfansblog\/wp-json\/wp\/v2\/posts\/5247\/revisions"}],"predecessor-version":[{"id":6700,"href":"https:\/\/www.proinca.es\/madridfansblog\/wp-json\/wp\/v2\/posts\/5247\/revisions\/6700"}],"wp:featuredmedia":[{"embeddable":true,"href":"https:\/\/www.proinca.es\/madridfansblog\/wp-json\/wp\/v2\/media\/5250"}],"wp:attachment":[{"href":"https:\/\/www.proinca.es\/madridfansblog\/wp-json\/wp\/v2\/media?parent=5247"}],"wp:term":[{"taxonomy":"category","embeddable":true,"href":"https:\/\/www.proinca.es\/madridfansblog\/wp-json\/wp\/v2\/categories?post=5247"},{"taxonomy":"post_tag","embeddable":true,"href":"https:\/\/www.proinca.es\/madridfansblog\/wp-json\/wp\/v2\/tags?post=5247"}],"curies":[{"name":"wp","href":"https:\/\/api.w.org\/{rel}","templated":true}]}}