{"id":5308,"date":"2018-07-02T17:36:02","date_gmt":"2018-07-02T15:36:02","guid":{"rendered":"https:\/\/www.proinca.es\/madridfansblog\/?p=5308"},"modified":"2025-05-28T15:33:17","modified_gmt":"2025-05-28T13:33:17","slug":"tips-para-no-perderte-en-la-mercedes-benz-fashion-week-madrid","status":"publish","type":"post","link":"https:\/\/www.proinca.es\/madridfansblog\/tips-para-no-perderte-en-la-mercedes-benz-fashion-week-madrid\/","title":{"rendered":"TIPS PARA NO PERDERTE EN LA MERCEDES-BENZ FASHION WEEK MADRID"},"content":{"rendered":"<p>&nbsp;<\/p>\n<p>Por fin ha comenzado la cuenta atr\u00e1s para el despegue de la edici\u00f3n de verano de la\u00a0<strong>Mercedes-Benz Fashion Week Madrid<\/strong>, <!--more-->una cita ineludible con la moda que atestar\u00e1 la capital, por unos d\u00edas, de dise\u00f1adores y dise\u00f1adoras, modelos, bloguers, influencers, caza tendencias o, simplemente, amantes de la moda<\/p>\n<p>Tanto si te encuentras en este listado de fans del dise\u00f1o textil como si no, sigue leyendo, a continuaci\u00f3n vamos a brindarte algunos consejos para ubicarte desde el principio en el gran evento.<\/p>\n<p>&#8211; Las fechas: Del 6 al 11 de julio.<\/p>\n<p>&#8211; El lugar: El pabell\u00f3n 14.1 de IFEMA \u2013 Feria de Madrid del 7 al 11 de julio + distintos escenarios de la ciudad el d\u00eda 6 por invitaci\u00f3n directa del dise\u00f1ador.<\/p>\n<p>&#8211; Qui\u00e9n participar\u00e1: Un total de 16 firmas textiles de dise\u00f1adores m\u00e1s que conocidos y habituales a la cita como Agatha Ruiz de la Prada, Palomo Spain, Custo Barcelona, Roberto Verino, Hannibal Laguna, Duyos, Ana Locking, Juan Vidal, Miguel Marinero, \u00dalises M\u00e9rida o Mar\u00eda Escot\u00e9.<\/p>\n<p>&#8211; Qu\u00e9 es el Showroom de Samsung Ego del Ciberespaci<strong>o<\/strong>: Un espacio donde j\u00f3venes creadores presentan sus propuestas y que funciona como plataforma para impulsar a nuevos talentos de la moda.<\/p>\n<p>&#8211; Qu\u00e9 es Cibelespacio: Una zona destinada a la programaci\u00f3n paralela a los desfiles diarios de la pasarela donde podremos ver demostraciones de maquillaje y peluquer\u00eda, entre otras cosas.<\/p>\n<p>&#8211; C\u00f3mo llegar: En metro, la estaci\u00f3n m\u00e1s cercana a IFEMA es la de Feria de Madrid (L\u00ednea 8, Nuevos Ministerios-Aeropuerto T4). En autob\u00fas, las l\u00edneas de la EMT 112 (Mar de Cristal-Barrio del Aeropuerto) y 122 (Avenida de Am\u00e9rica-Feria de Madrid). En veh\u00edculo particular: M 11 (Salidas 5 y 7), M 40 (Salidas 5, 6 y 7) y A2 (Salida 7). En tren: la estaci\u00f3n m\u00e1s pr\u00f3xima es Valdebebas, desde all\u00ed, tendr\u00edas que caminar durante 35 minutos hasta llegar al recinto.<\/p>\n<p>Informaci\u00f3n patrocinada por\u00a0<strong><a title=\"Proinca apartamentos de alquiler en Madrid\" href=\"http:\/\/www.proinca.es\" target=\"_blank\" rel=\"noopener\">Proinca: Apartamentos de alquiler en Madrid<\/a><\/strong><\/p>\n<p>Fuente im\u00e1genes:<\/p>\n<p>mbfwmadrid.ifema.es<\/p>\n\n\n<div class=\"kk-star-ratings kksr-auto kksr-align-left kksr-valign-bottom\"\n    data-payload='{&quot;align&quot;:&quot;left&quot;,&quot;id&quot;:&quot;5308&quot;,&quot;slug&quot;:&quot;default&quot;,&quot;valign&quot;:&quot;bottom&quot;,&quot;ignore&quot;:&quot;&quot;,&quot;reference&quot;:&quot;auto&quot;,&quot;class&quot;:&quot;&quot;,&quot;count&quot;:&quot;0&quot;,&quot;legendonly&quot;:&quot;&quot;,&quot;readonly&quot;:&quot;&quot;,&quot;score&quot;:&quot;0&quot;,&quot;starsonly&quot;:&quot;&quot;,&quot;best&quot;:&quot;5&quot;,&quot;gap&quot;:&quot;1&quot;,&quot;greet&quot;:&quot;Valora este art\u00edculo&quot;,&quot;legend&quot;:&quot;0\\\/5 - (0 votos)&quot;,&quot;size&quot;:&quot;24&quot;,&quot;title&quot;:&quot;TIPS PARA NO PERDERTE EN LA MERCEDES-BENZ FASHION WEEK MADRID&quot;,&quot;width&quot;:&quot;0&quot;,&quot;_legend&quot;:&quot;{score}\\\/{best} - ({count} {votes})&quot;,&quot;font_factor&quot;:&quot;1.25&quot;}'>\n            \n<div class=\"kksr-stars\">\n    \n<div class=\"kksr-stars-inactive\">\n            <div class=\"kksr-star\" data-star=\"1\" style=\"padding-right: 1px\">\n            \n\n<div class=\"kksr-icon\" style=\"width: 24px; height: 24px;\"><\/div>\n        <\/div>\n            <div class=\"kksr-star\" data-star=\"2\" style=\"padding-right: 1px\">\n            \n\n<div class=\"kksr-icon\" style=\"width: 24px; height: 24px;\"><\/div>\n        <\/div>\n            <div class=\"kksr-star\" data-star=\"3\" style=\"padding-right: 1px\">\n            \n\n<div class=\"kksr-icon\" style=\"width: 24px; height: 24px;\"><\/div>\n        <\/div>\n            <div class=\"kksr-star\" data-star=\"4\" style=\"padding-right: 1px\">\n            \n\n<div class=\"kksr-icon\" style=\"width: 24px; height: 24px;\"><\/div>\n        <\/div>\n            <div class=\"kksr-star\" data-star=\"5\" style=\"padding-right: 1px\">\n            \n\n<div class=\"kksr-icon\" style=\"width: 24px; height: 24px;\"><\/div>\n        <\/div>\n    <\/div>\n    \n<div class=\"kksr-stars-active\" style=\"width: 0px;\">\n            <div class=\"kksr-star\" style=\"padding-right: 1px\">\n            \n\n<div class=\"kksr-icon\" style=\"width: 24px; height: 24px;\"><\/div>\n        <\/div>\n            <div class=\"kksr-star\" style=\"padding-right: 1px\">\n            \n\n<div class=\"kksr-icon\" style=\"width: 24px; height: 24px;\"><\/div>\n        <\/div>\n            <div class=\"kksr-star\" style=\"padding-right: 1px\">\n            \n\n<div class=\"kksr-icon\" style=\"width: 24px; height: 24px;\"><\/div>\n        <\/div>\n            <div class=\"kksr-star\" style=\"padding-right: 1px\">\n            \n\n<div class=\"kksr-icon\" style=\"width: 24px; height: 24px;\"><\/div>\n        <\/div>\n            <div class=\"kksr-star\" style=\"padding-right: 1px\">\n            \n\n<div class=\"kksr-icon\" style=\"width: 24px; height: 24px;\"><\/div>\n        <\/div>\n    <\/div>\n<\/div>\n                \n\n<div class=\"kksr-legend\" style=\"font-size: 19.2px;\">\n            <span class=\"kksr-muted\">Valora este art\u00edculo<\/span>\n    <\/div>\n    <\/div>\n","protected":false},"excerpt":{"rendered":"<p>&nbsp; Por fin ha comenzado la cuenta atr\u00e1s para el  [&#8230;]<\/p>\n","protected":false},"author":4,"featured_media":5310,"comment_status":"closed","ping_status":"closed","sticky":false,"template":"","format":"standard","meta":{"footnotes":""},"categories":[79],"tags":[],"class_list":["post-5308","post","type-post","status-publish","format-standard","has-post-thumbnail","hentry","category-vivir-madrid"],"yoast_head":"<!-- This site is optimized with the Yoast SEO plugin v27.4 - https:\/\/yoast.com\/product\/yoast-seo-wordpress\/ -->\n<title>La Mercedes Fashion Week Madrid<\/title>\n<meta name=\"description\" content=\"Mercedes-Benz Fashion Week Madrid 2018 edici\u00f3n verano, una cita ineludible con la moda. Por MadridFansblogh\" \/>\n<meta name=\"robots\" content=\"index, follow, max-snippet:-1, max-image-preview:large, max-video-preview:-1\" \/>\n<link rel=\"canonical\" href=\"https:\/\/www.proinca.es\/madridfansblog\/tips-para-no-perderte-en-la-mercedes-benz-fashion-week-madrid\/\" \/>\n<meta property=\"og:locale\" content=\"es_ES\" \/>\n<meta property=\"og:type\" content=\"article\" \/>\n<meta property=\"og:title\" content=\"La Mercedes Fashion Week Madrid\" \/>\n<meta property=\"og:description\" content=\"Mercedes-Benz Fashion Week Madrid 2018 edici\u00f3n verano, una cita ineludible con la moda. Por MadridFansblogh\" \/>\n<meta property=\"og:url\" content=\"https:\/\/www.proinca.es\/madridfansblog\/tips-para-no-perderte-en-la-mercedes-benz-fashion-week-madrid\/\" \/>\n<meta property=\"og:site_name\" content=\"Blog Proinca Madrid\" \/>\n<meta property=\"article:published_time\" content=\"2018-07-02T15:36:02+00:00\" \/>\n<meta property=\"article:modified_time\" content=\"2025-05-28T13:33:17+00:00\" \/>\n<meta property=\"og:image\" content=\"https:\/\/www.proinca.es\/madridfansblog\/wp-content\/uploads\/2018\/07\/mercedes-benz-fashion-week-madrid-2018.jpg\" \/>\n\t<meta property=\"og:image:width\" content=\"600\" \/>\n\t<meta property=\"og:image:height\" content=\"375\" \/>\n\t<meta property=\"og:image:type\" content=\"image\/jpeg\" \/>\n<meta name=\"author\" content=\"Ana Calero\" \/>\n<script type=\"application\/ld+json\" class=\"yoast-schema-graph\">{\"@context\":\"https:\\\/\\\/schema.org\",\"@graph\":[{\"@type\":\"Article\",\"@id\":\"https:\\\/\\\/www.proinca.es\\\/madridfansblog\\\/tips-para-no-perderte-en-la-mercedes-benz-fashion-week-madrid\\\/#article\",\"isPartOf\":{\"@id\":\"https:\\\/\\\/www.proinca.es\\\/madridfansblog\\\/tips-para-no-perderte-en-la-mercedes-benz-fashion-week-madrid\\\/\"},\"author\":{\"name\":\"Ana Calero\",\"@id\":\"https:\\\/\\\/www.proinca.es\\\/madridfansblog\\\/#\\\/schema\\\/person\\\/8401adc89c0a0f5a3574c43326247f1e\"},\"headline\":\"TIPS PARA NO PERDERTE EN LA MERCEDES-BENZ FASHION WEEK MADRID\",\"datePublished\":\"2018-07-02T15:36:02+00:00\",\"dateModified\":\"2025-05-28T13:33:17+00:00\",\"mainEntityOfPage\":{\"@id\":\"https:\\\/\\\/www.proinca.es\\\/madridfansblog\\\/tips-para-no-perderte-en-la-mercedes-benz-fashion-week-madrid\\\/\"},\"wordCount\":347,\"publisher\":{\"@id\":\"https:\\\/\\\/www.proinca.es\\\/madridfansblog\\\/#organization\"},\"image\":{\"@id\":\"https:\\\/\\\/www.proinca.es\\\/madridfansblog\\\/tips-para-no-perderte-en-la-mercedes-benz-fashion-week-madrid\\\/#primaryimage\"},\"thumbnailUrl\":\"https:\\\/\\\/www.proinca.es\\\/madridfansblog\\\/wp-content\\\/uploads\\\/2018\\\/07\\\/mercedes-benz-fashion-week-madrid-2018.jpg\",\"articleSection\":[\"VIVIR MADRID\"],\"inLanguage\":\"es\"},{\"@type\":\"WebPage\",\"@id\":\"https:\\\/\\\/www.proinca.es\\\/madridfansblog\\\/tips-para-no-perderte-en-la-mercedes-benz-fashion-week-madrid\\\/\",\"url\":\"https:\\\/\\\/www.proinca.es\\\/madridfansblog\\\/tips-para-no-perderte-en-la-mercedes-benz-fashion-week-madrid\\\/\",\"name\":\"La Mercedes Fashion Week Madrid\",\"isPartOf\":{\"@id\":\"https:\\\/\\\/www.proinca.es\\\/madridfansblog\\\/#website\"},\"primaryImageOfPage\":{\"@id\":\"https:\\\/\\\/www.proinca.es\\\/madridfansblog\\\/tips-para-no-perderte-en-la-mercedes-benz-fashion-week-madrid\\\/#primaryimage\"},\"image\":{\"@id\":\"https:\\\/\\\/www.proinca.es\\\/madridfansblog\\\/tips-para-no-perderte-en-la-mercedes-benz-fashion-week-madrid\\\/#primaryimage\"},\"thumbnailUrl\":\"https:\\\/\\\/www.proinca.es\\\/madridfansblog\\\/wp-content\\\/uploads\\\/2018\\\/07\\\/mercedes-benz-fashion-week-madrid-2018.jpg\",\"datePublished\":\"2018-07-02T15:36:02+00:00\",\"dateModified\":\"2025-05-28T13:33:17+00:00\",\"description\":\"Mercedes-Benz Fashion Week Madrid 2018 edici\u00f3n verano, una cita ineludible con la moda. Por MadridFansblogh\",\"inLanguage\":\"es\",\"potentialAction\":[{\"@type\":\"ReadAction\",\"target\":[\"https:\\\/\\\/www.proinca.es\\\/madridfansblog\\\/tips-para-no-perderte-en-la-mercedes-benz-fashion-week-madrid\\\/\"]}]},{\"@type\":\"ImageObject\",\"inLanguage\":\"es\",\"@id\":\"https:\\\/\\\/www.proinca.es\\\/madridfansblog\\\/tips-para-no-perderte-en-la-mercedes-benz-fashion-week-madrid\\\/#primaryimage\",\"url\":\"https:\\\/\\\/www.proinca.es\\\/madridfansblog\\\/wp-content\\\/uploads\\\/2018\\\/07\\\/mercedes-benz-fashion-week-madrid-2018.jpg\",\"contentUrl\":\"https:\\\/\\\/www.proinca.es\\\/madridfansblog\\\/wp-content\\\/uploads\\\/2018\\\/07\\\/mercedes-benz-fashion-week-madrid-2018.jpg\",\"width\":600,\"height\":375,\"caption\":\"madrid mercedes benz fashion week\"},{\"@type\":\"WebSite\",\"@id\":\"https:\\\/\\\/www.proinca.es\\\/madridfansblog\\\/#website\",\"url\":\"https:\\\/\\\/www.proinca.es\\\/madridfansblog\\\/\",\"name\":\"Madrid Fans Blog Proinca\",\"description\":\"Pisos y apartamentos de alquiler en Madrid\",\"publisher\":{\"@id\":\"https:\\\/\\\/www.proinca.es\\\/madridfansblog\\\/#organization\"},\"potentialAction\":[{\"@type\":\"SearchAction\",\"target\":{\"@type\":\"EntryPoint\",\"urlTemplate\":\"https:\\\/\\\/www.proinca.es\\\/madridfansblog\\\/?s={search_term_string}\"},\"query-input\":{\"@type\":\"PropertyValueSpecification\",\"valueRequired\":true,\"valueName\":\"search_term_string\"}}],\"inLanguage\":\"es\"},{\"@type\":\"Organization\",\"@id\":\"https:\\\/\\\/www.proinca.es\\\/madridfansblog\\\/#organization\",\"name\":\"Proinca\",\"url\":\"https:\\\/\\\/www.proinca.es\\\/madridfansblog\\\/\",\"logo\":{\"@type\":\"ImageObject\",\"inLanguage\":\"es\",\"@id\":\"https:\\\/\\\/www.proinca.es\\\/madridfansblog\\\/#\\\/schema\\\/logo\\\/image\\\/\",\"url\":\"https:\\\/\\\/www.proinca.es\\\/madridfansblog\\\/wp-content\\\/uploads\\\/2022\\\/03\\\/logo-proinca.jpg\",\"contentUrl\":\"https:\\\/\\\/www.proinca.es\\\/madridfansblog\\\/wp-content\\\/uploads\\\/2022\\\/03\\\/logo-proinca.jpg\",\"width\":522,\"height\":250,\"caption\":\"Proinca\"},\"image\":{\"@id\":\"https:\\\/\\\/www.proinca.es\\\/madridfansblog\\\/#\\\/schema\\\/logo\\\/image\\\/\"}},{\"@type\":\"Person\",\"@id\":\"https:\\\/\\\/www.proinca.es\\\/madridfansblog\\\/#\\\/schema\\\/person\\\/8401adc89c0a0f5a3574c43326247f1e\",\"name\":\"Ana Calero\",\"image\":{\"@type\":\"ImageObject\",\"inLanguage\":\"es\",\"@id\":\"https:\\\/\\\/www.proinca.es\\\/madridfansblog\\\/wp-content\\\/litespeed\\\/avatar\\\/ef51b25c0718910f475570320941ef46.jpg?ver=1777379772\",\"url\":\"https:\\\/\\\/www.proinca.es\\\/madridfansblog\\\/wp-content\\\/litespeed\\\/avatar\\\/ef51b25c0718910f475570320941ef46.jpg?ver=1777379772\",\"contentUrl\":\"https:\\\/\\\/www.proinca.es\\\/madridfansblog\\\/wp-content\\\/litespeed\\\/avatar\\\/ef51b25c0718910f475570320941ef46.jpg?ver=1777379772\",\"caption\":\"Ana Calero\"},\"description\":\"Licenciada en Ciencias Empresariales por la Universidad Aut\u00f3noma de Madrid. Forma parte del equipo de Apartamentos Proinca y es una enamorada de Madrid\",\"sameAs\":[\"https:\\\/\\\/www.proinca.es\\\/madridfansblog\\\/ana-calero\\\/\"]}]}<\/script>\n<!-- \/ Yoast SEO plugin. -->","yoast_head_json":{"title":"La Mercedes Fashion Week Madrid","description":"Mercedes-Benz Fashion Week Madrid 2018 edici\u00f3n verano, una cita ineludible con la moda. Por MadridFansblogh","robots":{"index":"index","follow":"follow","max-snippet":"max-snippet:-1","max-image-preview":"max-image-preview:large","max-video-preview":"max-video-preview:-1"},"canonical":"https:\/\/www.proinca.es\/madridfansblog\/tips-para-no-perderte-en-la-mercedes-benz-fashion-week-madrid\/","og_locale":"es_ES","og_type":"article","og_title":"La Mercedes Fashion Week Madrid","og_description":"Mercedes-Benz Fashion Week Madrid 2018 edici\u00f3n verano, una cita ineludible con la moda. Por MadridFansblogh","og_url":"https:\/\/www.proinca.es\/madridfansblog\/tips-para-no-perderte-en-la-mercedes-benz-fashion-week-madrid\/","og_site_name":"Blog Proinca Madrid","article_published_time":"2018-07-02T15:36:02+00:00","article_modified_time":"2025-05-28T13:33:17+00:00","og_image":[{"width":600,"height":375,"url":"https:\/\/www.proinca.es\/madridfansblog\/wp-content\/uploads\/2018\/07\/mercedes-benz-fashion-week-madrid-2018.jpg","type":"image\/jpeg"}],"author":"Ana Calero","schema":{"@context":"https:\/\/schema.org","@graph":[{"@type":"Article","@id":"https:\/\/www.proinca.es\/madridfansblog\/tips-para-no-perderte-en-la-mercedes-benz-fashion-week-madrid\/#article","isPartOf":{"@id":"https:\/\/www.proinca.es\/madridfansblog\/tips-para-no-perderte-en-la-mercedes-benz-fashion-week-madrid\/"},"author":{"name":"Ana Calero","@id":"https:\/\/www.proinca.es\/madridfansblog\/#\/schema\/person\/8401adc89c0a0f5a3574c43326247f1e"},"headline":"TIPS PARA NO PERDERTE EN LA MERCEDES-BENZ FASHION WEEK MADRID","datePublished":"2018-07-02T15:36:02+00:00","dateModified":"2025-05-28T13:33:17+00:00","mainEntityOfPage":{"@id":"https:\/\/www.proinca.es\/madridfansblog\/tips-para-no-perderte-en-la-mercedes-benz-fashion-week-madrid\/"},"wordCount":347,"publisher":{"@id":"https:\/\/www.proinca.es\/madridfansblog\/#organization"},"image":{"@id":"https:\/\/www.proinca.es\/madridfansblog\/tips-para-no-perderte-en-la-mercedes-benz-fashion-week-madrid\/#primaryimage"},"thumbnailUrl":"https:\/\/www.proinca.es\/madridfansblog\/wp-content\/uploads\/2018\/07\/mercedes-benz-fashion-week-madrid-2018.jpg","articleSection":["VIVIR MADRID"],"inLanguage":"es"},{"@type":"WebPage","@id":"https:\/\/www.proinca.es\/madridfansblog\/tips-para-no-perderte-en-la-mercedes-benz-fashion-week-madrid\/","url":"https:\/\/www.proinca.es\/madridfansblog\/tips-para-no-perderte-en-la-mercedes-benz-fashion-week-madrid\/","name":"La Mercedes Fashion Week Madrid","isPartOf":{"@id":"https:\/\/www.proinca.es\/madridfansblog\/#website"},"primaryImageOfPage":{"@id":"https:\/\/www.proinca.es\/madridfansblog\/tips-para-no-perderte-en-la-mercedes-benz-fashion-week-madrid\/#primaryimage"},"image":{"@id":"https:\/\/www.proinca.es\/madridfansblog\/tips-para-no-perderte-en-la-mercedes-benz-fashion-week-madrid\/#primaryimage"},"thumbnailUrl":"https:\/\/www.proinca.es\/madridfansblog\/wp-content\/uploads\/2018\/07\/mercedes-benz-fashion-week-madrid-2018.jpg","datePublished":"2018-07-02T15:36:02+00:00","dateModified":"2025-05-28T13:33:17+00:00","description":"Mercedes-Benz Fashion Week Madrid 2018 edici\u00f3n verano, una cita ineludible con la moda. Por MadridFansblogh","inLanguage":"es","potentialAction":[{"@type":"ReadAction","target":["https:\/\/www.proinca.es\/madridfansblog\/tips-para-no-perderte-en-la-mercedes-benz-fashion-week-madrid\/"]}]},{"@type":"ImageObject","inLanguage":"es","@id":"https:\/\/www.proinca.es\/madridfansblog\/tips-para-no-perderte-en-la-mercedes-benz-fashion-week-madrid\/#primaryimage","url":"https:\/\/www.proinca.es\/madridfansblog\/wp-content\/uploads\/2018\/07\/mercedes-benz-fashion-week-madrid-2018.jpg","contentUrl":"https:\/\/www.proinca.es\/madridfansblog\/wp-content\/uploads\/2018\/07\/mercedes-benz-fashion-week-madrid-2018.jpg","width":600,"height":375,"caption":"madrid mercedes benz fashion week"},{"@type":"WebSite","@id":"https:\/\/www.proinca.es\/madridfansblog\/#website","url":"https:\/\/www.proinca.es\/madridfansblog\/","name":"Madrid Fans Blog Proinca","description":"Pisos y apartamentos de alquiler en Madrid","publisher":{"@id":"https:\/\/www.proinca.es\/madridfansblog\/#organization"},"potentialAction":[{"@type":"SearchAction","target":{"@type":"EntryPoint","urlTemplate":"https:\/\/www.proinca.es\/madridfansblog\/?s={search_term_string}"},"query-input":{"@type":"PropertyValueSpecification","valueRequired":true,"valueName":"search_term_string"}}],"inLanguage":"es"},{"@type":"Organization","@id":"https:\/\/www.proinca.es\/madridfansblog\/#organization","name":"Proinca","url":"https:\/\/www.proinca.es\/madridfansblog\/","logo":{"@type":"ImageObject","inLanguage":"es","@id":"https:\/\/www.proinca.es\/madridfansblog\/#\/schema\/logo\/image\/","url":"https:\/\/www.proinca.es\/madridfansblog\/wp-content\/uploads\/2022\/03\/logo-proinca.jpg","contentUrl":"https:\/\/www.proinca.es\/madridfansblog\/wp-content\/uploads\/2022\/03\/logo-proinca.jpg","width":522,"height":250,"caption":"Proinca"},"image":{"@id":"https:\/\/www.proinca.es\/madridfansblog\/#\/schema\/logo\/image\/"}},{"@type":"Person","@id":"https:\/\/www.proinca.es\/madridfansblog\/#\/schema\/person\/8401adc89c0a0f5a3574c43326247f1e","name":"Ana Calero","image":{"@type":"ImageObject","inLanguage":"es","@id":"https:\/\/www.proinca.es\/madridfansblog\/wp-content\/litespeed\/avatar\/ef51b25c0718910f475570320941ef46.jpg?ver=1777379772","url":"https:\/\/www.proinca.es\/madridfansblog\/wp-content\/litespeed\/avatar\/ef51b25c0718910f475570320941ef46.jpg?ver=1777379772","contentUrl":"https:\/\/www.proinca.es\/madridfansblog\/wp-content\/litespeed\/avatar\/ef51b25c0718910f475570320941ef46.jpg?ver=1777379772","caption":"Ana Calero"},"description":"Licenciada en Ciencias Empresariales por la Universidad Aut\u00f3noma de Madrid. Forma parte del equipo de Apartamentos Proinca y es una enamorada de Madrid","sameAs":["https:\/\/www.proinca.es\/madridfansblog\/ana-calero\/"]}]}},"_links":{"self":[{"href":"https:\/\/www.proinca.es\/madridfansblog\/wp-json\/wp\/v2\/posts\/5308","targetHints":{"allow":["GET"]}}],"collection":[{"href":"https:\/\/www.proinca.es\/madridfansblog\/wp-json\/wp\/v2\/posts"}],"about":[{"href":"https:\/\/www.proinca.es\/madridfansblog\/wp-json\/wp\/v2\/types\/post"}],"author":[{"embeddable":true,"href":"https:\/\/www.proinca.es\/madridfansblog\/wp-json\/wp\/v2\/users\/4"}],"replies":[{"embeddable":true,"href":"https:\/\/www.proinca.es\/madridfansblog\/wp-json\/wp\/v2\/comments?post=5308"}],"version-history":[{"count":10,"href":"https:\/\/www.proinca.es\/madridfansblog\/wp-json\/wp\/v2\/posts\/5308\/revisions"}],"predecessor-version":[{"id":6696,"href":"https:\/\/www.proinca.es\/madridfansblog\/wp-json\/wp\/v2\/posts\/5308\/revisions\/6696"}],"wp:featuredmedia":[{"embeddable":true,"href":"https:\/\/www.proinca.es\/madridfansblog\/wp-json\/wp\/v2\/media\/5310"}],"wp:attachment":[{"href":"https:\/\/www.proinca.es\/madridfansblog\/wp-json\/wp\/v2\/media?parent=5308"}],"wp:term":[{"taxonomy":"category","embeddable":true,"href":"https:\/\/www.proinca.es\/madridfansblog\/wp-json\/wp\/v2\/categories?post=5308"},{"taxonomy":"post_tag","embeddable":true,"href":"https:\/\/www.proinca.es\/madridfansblog\/wp-json\/wp\/v2\/tags?post=5308"}],"curies":[{"name":"wp","href":"https:\/\/api.w.org\/{rel}","templated":true}]}}