{"id":5324,"date":"2018-07-20T13:43:18","date_gmt":"2018-07-20T11:43:18","guid":{"rendered":"https:\/\/www.proinca.es\/madridfansblog\/?p=5324"},"modified":"2025-05-28T13:48:50","modified_gmt":"2025-05-28T11:48:50","slug":"terrazas-de-madrid-donde-comer-muy-bien","status":"publish","type":"post","link":"https:\/\/www.proinca.es\/madridfansblog\/terrazas-de-madrid-donde-comer-muy-bien\/","title":{"rendered":"TERRAZAS DE MADRID DONDE COMER MUY BIEN"},"content":{"rendered":"<p><strong>\u00a0<\/strong>Las palabras \u201c<strong>Madrid<\/strong>\u201d y \u201cverano\u201d van irremediablemente ligadas a la de \u201c<strong>terraza<\/strong>\u201d<!--more-->. Y es que, la capital, en estos meses, se vive en la calle, sentados frente a una mesa y con una cerveza bien fr\u00eda o un vino entre las manos, esperando a que lleguen los ansiados platos.<\/p>\n<p>Ya sea por las vistas, por el ambiente o por la comida, degustar la carta de cualquiera de estas terrazas es un aut\u00e9ntico placer \u00a1Tomad nota!<\/p>\n<p>&#8211; <strong>Cocina de mercado tradicional y renovada para una noche desenfada<\/strong>. Este es el esp\u00edritu de <strong>la taberna Arzabal<\/strong> y de su terraza con vistas al parque del Retiro. Disfrutar del picoteo, a base de platos mediterr\u00e1neos o pescados a la brasa, en esta especie de \u201cinvernadero\u201d es todo un gustazo, sobre todo cuando cae la noche. Direcci\u00f3n: Santa Isabel, 52 \/ www.arzabal.com.<\/p>\n<p>&#8211; <strong>El Bund, en Arturo Soria, recrea los jardines chinos de Suzhou<\/strong> (Patrimonio de la Humanidad por la Unesco) en sus terrazas. Un ambiente sosegado y refrescante para disfrutar de las mejores recetas cantonesas y pequinesas de hoy y de siempre. Direcci\u00f3n: Arturo Baldasano, 22 \/ www.elbund.com<\/p>\n<p>&#8211; <strong>Madera, mimbre y vegetaci\u00f3n se entremezclan en el Graciela<\/strong>, Chamart\u00edn, un lugar que invita al descanso y que nos hace sentir como en casa. Id\u00f3neo si quer\u00e9is disfrutar de platos de temporada sencillos y delicados, muy acordes con el ambiente que se respira en sus instalaciones. Direcci\u00f3n: Pedro Muguruza, 1.<\/p>\n<p><strong>&#8211; <\/strong><strong>Casa Lobo, en Arturo Soria, calidad en sus productos y una terraza muy acogedora<\/strong> en la que ver atardecer. Su fachada semicircular es ya de sobra conocida, al igual que sus postres caseros. La opci\u00f3n perfecta para quienes busc\u00e1is un poco de sofisticaci\u00f3n. Direcci\u00f3n: Calle Torrecilla del Puerto, 5 \/ www.casalobomadrid.com.<\/p>\n<p>&#8211; <strong>Un elegante palacete de \u00e9poca <\/strong>donde el concepto \u201cfarm-to-table\u201d toma una especial relevancia. As\u00ed es el renovado <strong>Warehouse Madrid<\/strong>, un rinc\u00f3n en el coraz\u00f3n del barrio Salamanca donde evadirse del bullicio de la ciudad disfrutando de su magnifica terraza. Direcci\u00f3n: Calle de Lagasca, 148 \/ the-haciendas.com.<\/p>\n<p>Teniendo en cuenta la cantidad de terrazas que atesora a ciudad, qu\u00e9 corta se queda la lista, \u00bfverdad? Por eso, os invitamos a que a\u00f1ad\u00e1is vuestras propias recomendaciones a trav\u00e9s de los comentarios. Porque este verano, \u00a1el Madrid gastron\u00f3mico y de \u201cterraceo\u201d es vuestro!<\/p>\n<p>Informaci\u00f3n patrocinada por\u00a0<strong><a title=\"Proinca apartamentos de alquiler en Madrid\" href=\"http:\/\/www.proinca.es\" target=\"_blank\" rel=\"noopener\">Proinca: Apartamentos de alquiler en Madrid<\/a><\/strong><\/p>\n<p>Foto de Yuliya Matuzava en Unsplash<\/p>\n<p>&nbsp;<\/p>\n\n\n<div class=\"kk-star-ratings kksr-auto kksr-align-left kksr-valign-bottom\"\n    data-payload='{&quot;align&quot;:&quot;left&quot;,&quot;id&quot;:&quot;5324&quot;,&quot;slug&quot;:&quot;default&quot;,&quot;valign&quot;:&quot;bottom&quot;,&quot;ignore&quot;:&quot;&quot;,&quot;reference&quot;:&quot;auto&quot;,&quot;class&quot;:&quot;&quot;,&quot;count&quot;:&quot;1&quot;,&quot;legendonly&quot;:&quot;&quot;,&quot;readonly&quot;:&quot;&quot;,&quot;score&quot;:&quot;5&quot;,&quot;starsonly&quot;:&quot;&quot;,&quot;best&quot;:&quot;5&quot;,&quot;gap&quot;:&quot;1&quot;,&quot;greet&quot;:&quot;Valora este art\u00edculo&quot;,&quot;legend&quot;:&quot;5\\\/5 - (1 voto)&quot;,&quot;size&quot;:&quot;24&quot;,&quot;title&quot;:&quot;TERRAZAS DE MADRID DONDE COMER MUY BIEN&quot;,&quot;width&quot;:&quot;124.5&quot;,&quot;_legend&quot;:&quot;{score}\\\/{best} - ({count} {votes})&quot;,&quot;font_factor&quot;:&quot;1.25&quot;}'>\n            \n<div class=\"kksr-stars\">\n    \n<div class=\"kksr-stars-inactive\">\n            <div class=\"kksr-star\" data-star=\"1\" style=\"padding-right: 1px\">\n            \n\n<div class=\"kksr-icon\" style=\"width: 24px; height: 24px;\"><\/div>\n        <\/div>\n            <div class=\"kksr-star\" data-star=\"2\" style=\"padding-right: 1px\">\n            \n\n<div class=\"kksr-icon\" style=\"width: 24px; height: 24px;\"><\/div>\n        <\/div>\n            <div class=\"kksr-star\" data-star=\"3\" style=\"padding-right: 1px\">\n            \n\n<div class=\"kksr-icon\" style=\"width: 24px; height: 24px;\"><\/div>\n        <\/div>\n            <div class=\"kksr-star\" data-star=\"4\" style=\"padding-right: 1px\">\n            \n\n<div class=\"kksr-icon\" style=\"width: 24px; height: 24px;\"><\/div>\n        <\/div>\n            <div class=\"kksr-star\" data-star=\"5\" style=\"padding-right: 1px\">\n            \n\n<div class=\"kksr-icon\" style=\"width: 24px; height: 24px;\"><\/div>\n        <\/div>\n    <\/div>\n    \n<div class=\"kksr-stars-active\" style=\"width: 124.5px;\">\n            <div class=\"kksr-star\" style=\"padding-right: 1px\">\n            \n\n<div class=\"kksr-icon\" style=\"width: 24px; height: 24px;\"><\/div>\n        <\/div>\n            <div class=\"kksr-star\" style=\"padding-right: 1px\">\n            \n\n<div class=\"kksr-icon\" style=\"width: 24px; height: 24px;\"><\/div>\n        <\/div>\n            <div class=\"kksr-star\" style=\"padding-right: 1px\">\n            \n\n<div class=\"kksr-icon\" style=\"width: 24px; height: 24px;\"><\/div>\n        <\/div>\n            <div class=\"kksr-star\" style=\"padding-right: 1px\">\n            \n\n<div class=\"kksr-icon\" style=\"width: 24px; height: 24px;\"><\/div>\n        <\/div>\n            <div class=\"kksr-star\" style=\"padding-right: 1px\">\n            \n\n<div class=\"kksr-icon\" style=\"width: 24px; height: 24px;\"><\/div>\n        <\/div>\n    <\/div>\n<\/div>\n                \n\n<div class=\"kksr-legend\" style=\"font-size: 19.2px;\">\n            5\/5 - (1 voto)    <\/div>\n    <\/div>\n","protected":false},"excerpt":{"rendered":"<p>\u00a0Las palabras \u201cMadrid\u201d y \u201cverano\u201d van irremediablemente ligadas a la  [&#8230;]<\/p>\n","protected":false},"author":4,"featured_media":7317,"comment_status":"closed","ping_status":"closed","sticky":false,"template":"","format":"standard","meta":{"footnotes":""},"categories":[79],"tags":[],"class_list":["post-5324","post","type-post","status-publish","format-standard","has-post-thumbnail","hentry","category-vivir-madrid"],"yoast_head":"<!-- This site is optimized with the Yoast SEO plugin v27.4 - https:\/\/yoast.com\/product\/yoast-seo-wordpress\/ -->\n<title>Terrazas de Madrid donde comer muy bien<\/title>\n<meta name=\"description\" content=\"Por las vistas, el ambiente o la comida, degustar la carta de cualquiera de estas terrazas de Madrid es un aut\u00e9ntico placer \u00a1Tomad nota!.Por MadridfansBlog\" \/>\n<meta name=\"robots\" content=\"index, follow, max-snippet:-1, max-image-preview:large, max-video-preview:-1\" \/>\n<link rel=\"canonical\" href=\"https:\/\/www.proinca.es\/madridfansblog\/terrazas-de-madrid-donde-comer-muy-bien\/\" \/>\n<meta property=\"og:locale\" content=\"es_ES\" \/>\n<meta property=\"og:type\" content=\"article\" \/>\n<meta property=\"og:title\" content=\"Terrazas de Madrid donde comer muy bien\" \/>\n<meta property=\"og:description\" content=\"Por las vistas, el ambiente o la comida, degustar la carta de cualquiera de estas terrazas de Madrid es un aut\u00e9ntico placer \u00a1Tomad nota!.Por MadridfansBlog\" \/>\n<meta property=\"og:url\" content=\"https:\/\/www.proinca.es\/madridfansblog\/terrazas-de-madrid-donde-comer-muy-bien\/\" \/>\n<meta property=\"og:site_name\" content=\"Blog Proinca Madrid\" \/>\n<meta property=\"article:published_time\" content=\"2018-07-20T11:43:18+00:00\" \/>\n<meta property=\"article:modified_time\" content=\"2025-05-28T11:48:50+00:00\" \/>\n<meta property=\"og:image\" content=\"https:\/\/www.proinca.es\/madridfansblog\/wp-content\/uploads\/2018\/07\/terrazas-madrid-para-comer.jpg\" \/>\n\t<meta property=\"og:image:width\" content=\"1000\" \/>\n\t<meta property=\"og:image:height\" content=\"978\" \/>\n\t<meta property=\"og:image:type\" content=\"image\/jpeg\" \/>\n<meta name=\"author\" content=\"Ana Calero\" \/>\n<script type=\"application\/ld+json\" class=\"yoast-schema-graph\">{\"@context\":\"https:\\\/\\\/schema.org\",\"@graph\":[{\"@type\":\"Article\",\"@id\":\"https:\\\/\\\/www.proinca.es\\\/madridfansblog\\\/terrazas-de-madrid-donde-comer-muy-bien\\\/#article\",\"isPartOf\":{\"@id\":\"https:\\\/\\\/www.proinca.es\\\/madridfansblog\\\/terrazas-de-madrid-donde-comer-muy-bien\\\/\"},\"author\":{\"name\":\"Ana Calero\",\"@id\":\"https:\\\/\\\/www.proinca.es\\\/madridfansblog\\\/#\\\/schema\\\/person\\\/8401adc89c0a0f5a3574c43326247f1e\"},\"headline\":\"TERRAZAS DE MADRID DONDE COMER MUY BIEN\",\"datePublished\":\"2018-07-20T11:43:18+00:00\",\"dateModified\":\"2025-05-28T11:48:50+00:00\",\"mainEntityOfPage\":{\"@id\":\"https:\\\/\\\/www.proinca.es\\\/madridfansblog\\\/terrazas-de-madrid-donde-comer-muy-bien\\\/\"},\"wordCount\":423,\"publisher\":{\"@id\":\"https:\\\/\\\/www.proinca.es\\\/madridfansblog\\\/#organization\"},\"image\":{\"@id\":\"https:\\\/\\\/www.proinca.es\\\/madridfansblog\\\/terrazas-de-madrid-donde-comer-muy-bien\\\/#primaryimage\"},\"thumbnailUrl\":\"https:\\\/\\\/www.proinca.es\\\/madridfansblog\\\/wp-content\\\/uploads\\\/2018\\\/07\\\/terrazas-madrid-para-comer.jpg\",\"articleSection\":[\"VIVIR MADRID\"],\"inLanguage\":\"es\"},{\"@type\":\"WebPage\",\"@id\":\"https:\\\/\\\/www.proinca.es\\\/madridfansblog\\\/terrazas-de-madrid-donde-comer-muy-bien\\\/\",\"url\":\"https:\\\/\\\/www.proinca.es\\\/madridfansblog\\\/terrazas-de-madrid-donde-comer-muy-bien\\\/\",\"name\":\"Terrazas de Madrid donde comer muy bien\",\"isPartOf\":{\"@id\":\"https:\\\/\\\/www.proinca.es\\\/madridfansblog\\\/#website\"},\"primaryImageOfPage\":{\"@id\":\"https:\\\/\\\/www.proinca.es\\\/madridfansblog\\\/terrazas-de-madrid-donde-comer-muy-bien\\\/#primaryimage\"},\"image\":{\"@id\":\"https:\\\/\\\/www.proinca.es\\\/madridfansblog\\\/terrazas-de-madrid-donde-comer-muy-bien\\\/#primaryimage\"},\"thumbnailUrl\":\"https:\\\/\\\/www.proinca.es\\\/madridfansblog\\\/wp-content\\\/uploads\\\/2018\\\/07\\\/terrazas-madrid-para-comer.jpg\",\"datePublished\":\"2018-07-20T11:43:18+00:00\",\"dateModified\":\"2025-05-28T11:48:50+00:00\",\"description\":\"Por las vistas, el ambiente o la comida, degustar la carta de cualquiera de estas terrazas de Madrid es un aut\u00e9ntico placer \u00a1Tomad nota!.Por MadridfansBlog\",\"inLanguage\":\"es\",\"potentialAction\":[{\"@type\":\"ReadAction\",\"target\":[\"https:\\\/\\\/www.proinca.es\\\/madridfansblog\\\/terrazas-de-madrid-donde-comer-muy-bien\\\/\"]}]},{\"@type\":\"ImageObject\",\"inLanguage\":\"es\",\"@id\":\"https:\\\/\\\/www.proinca.es\\\/madridfansblog\\\/terrazas-de-madrid-donde-comer-muy-bien\\\/#primaryimage\",\"url\":\"https:\\\/\\\/www.proinca.es\\\/madridfansblog\\\/wp-content\\\/uploads\\\/2018\\\/07\\\/terrazas-madrid-para-comer.jpg\",\"contentUrl\":\"https:\\\/\\\/www.proinca.es\\\/madridfansblog\\\/wp-content\\\/uploads\\\/2018\\\/07\\\/terrazas-madrid-para-comer.jpg\",\"width\":1000,\"height\":978,\"caption\":\"Terrazas de Madrid donde comer muy bien\"},{\"@type\":\"WebSite\",\"@id\":\"https:\\\/\\\/www.proinca.es\\\/madridfansblog\\\/#website\",\"url\":\"https:\\\/\\\/www.proinca.es\\\/madridfansblog\\\/\",\"name\":\"Madrid Fans Blog Proinca\",\"description\":\"Pisos y apartamentos de alquiler en Madrid\",\"publisher\":{\"@id\":\"https:\\\/\\\/www.proinca.es\\\/madridfansblog\\\/#organization\"},\"potentialAction\":[{\"@type\":\"SearchAction\",\"target\":{\"@type\":\"EntryPoint\",\"urlTemplate\":\"https:\\\/\\\/www.proinca.es\\\/madridfansblog\\\/?s={search_term_string}\"},\"query-input\":{\"@type\":\"PropertyValueSpecification\",\"valueRequired\":true,\"valueName\":\"search_term_string\"}}],\"inLanguage\":\"es\"},{\"@type\":\"Organization\",\"@id\":\"https:\\\/\\\/www.proinca.es\\\/madridfansblog\\\/#organization\",\"name\":\"Proinca\",\"url\":\"https:\\\/\\\/www.proinca.es\\\/madridfansblog\\\/\",\"logo\":{\"@type\":\"ImageObject\",\"inLanguage\":\"es\",\"@id\":\"https:\\\/\\\/www.proinca.es\\\/madridfansblog\\\/#\\\/schema\\\/logo\\\/image\\\/\",\"url\":\"https:\\\/\\\/www.proinca.es\\\/madridfansblog\\\/wp-content\\\/uploads\\\/2022\\\/03\\\/logo-proinca.jpg\",\"contentUrl\":\"https:\\\/\\\/www.proinca.es\\\/madridfansblog\\\/wp-content\\\/uploads\\\/2022\\\/03\\\/logo-proinca.jpg\",\"width\":522,\"height\":250,\"caption\":\"Proinca\"},\"image\":{\"@id\":\"https:\\\/\\\/www.proinca.es\\\/madridfansblog\\\/#\\\/schema\\\/logo\\\/image\\\/\"}},{\"@type\":\"Person\",\"@id\":\"https:\\\/\\\/www.proinca.es\\\/madridfansblog\\\/#\\\/schema\\\/person\\\/8401adc89c0a0f5a3574c43326247f1e\",\"name\":\"Ana Calero\",\"image\":{\"@type\":\"ImageObject\",\"inLanguage\":\"es\",\"@id\":\"https:\\\/\\\/www.proinca.es\\\/madridfansblog\\\/wp-content\\\/litespeed\\\/avatar\\\/ef51b25c0718910f475570320941ef46.jpg?ver=1777379772\",\"url\":\"https:\\\/\\\/www.proinca.es\\\/madridfansblog\\\/wp-content\\\/litespeed\\\/avatar\\\/ef51b25c0718910f475570320941ef46.jpg?ver=1777379772\",\"contentUrl\":\"https:\\\/\\\/www.proinca.es\\\/madridfansblog\\\/wp-content\\\/litespeed\\\/avatar\\\/ef51b25c0718910f475570320941ef46.jpg?ver=1777379772\",\"caption\":\"Ana Calero\"},\"description\":\"Licenciada en Ciencias Empresariales por la Universidad Aut\u00f3noma de Madrid. Forma parte del equipo de Apartamentos Proinca y es una enamorada de Madrid\",\"sameAs\":[\"https:\\\/\\\/www.proinca.es\\\/madridfansblog\\\/ana-calero\\\/\"]}]}<\/script>\n<!-- \/ Yoast SEO plugin. -->","yoast_head_json":{"title":"Terrazas de Madrid donde comer muy bien","description":"Por las vistas, el ambiente o la comida, degustar la carta de cualquiera de estas terrazas de Madrid es un aut\u00e9ntico placer \u00a1Tomad nota!.Por MadridfansBlog","robots":{"index":"index","follow":"follow","max-snippet":"max-snippet:-1","max-image-preview":"max-image-preview:large","max-video-preview":"max-video-preview:-1"},"canonical":"https:\/\/www.proinca.es\/madridfansblog\/terrazas-de-madrid-donde-comer-muy-bien\/","og_locale":"es_ES","og_type":"article","og_title":"Terrazas de Madrid donde comer muy bien","og_description":"Por las vistas, el ambiente o la comida, degustar la carta de cualquiera de estas terrazas de Madrid es un aut\u00e9ntico placer \u00a1Tomad nota!.Por MadridfansBlog","og_url":"https:\/\/www.proinca.es\/madridfansblog\/terrazas-de-madrid-donde-comer-muy-bien\/","og_site_name":"Blog Proinca Madrid","article_published_time":"2018-07-20T11:43:18+00:00","article_modified_time":"2025-05-28T11:48:50+00:00","og_image":[{"width":1000,"height":978,"url":"https:\/\/www.proinca.es\/madridfansblog\/wp-content\/uploads\/2018\/07\/terrazas-madrid-para-comer.jpg","type":"image\/jpeg"}],"author":"Ana Calero","schema":{"@context":"https:\/\/schema.org","@graph":[{"@type":"Article","@id":"https:\/\/www.proinca.es\/madridfansblog\/terrazas-de-madrid-donde-comer-muy-bien\/#article","isPartOf":{"@id":"https:\/\/www.proinca.es\/madridfansblog\/terrazas-de-madrid-donde-comer-muy-bien\/"},"author":{"name":"Ana Calero","@id":"https:\/\/www.proinca.es\/madridfansblog\/#\/schema\/person\/8401adc89c0a0f5a3574c43326247f1e"},"headline":"TERRAZAS DE MADRID DONDE COMER MUY BIEN","datePublished":"2018-07-20T11:43:18+00:00","dateModified":"2025-05-28T11:48:50+00:00","mainEntityOfPage":{"@id":"https:\/\/www.proinca.es\/madridfansblog\/terrazas-de-madrid-donde-comer-muy-bien\/"},"wordCount":423,"publisher":{"@id":"https:\/\/www.proinca.es\/madridfansblog\/#organization"},"image":{"@id":"https:\/\/www.proinca.es\/madridfansblog\/terrazas-de-madrid-donde-comer-muy-bien\/#primaryimage"},"thumbnailUrl":"https:\/\/www.proinca.es\/madridfansblog\/wp-content\/uploads\/2018\/07\/terrazas-madrid-para-comer.jpg","articleSection":["VIVIR MADRID"],"inLanguage":"es"},{"@type":"WebPage","@id":"https:\/\/www.proinca.es\/madridfansblog\/terrazas-de-madrid-donde-comer-muy-bien\/","url":"https:\/\/www.proinca.es\/madridfansblog\/terrazas-de-madrid-donde-comer-muy-bien\/","name":"Terrazas de Madrid donde comer muy bien","isPartOf":{"@id":"https:\/\/www.proinca.es\/madridfansblog\/#website"},"primaryImageOfPage":{"@id":"https:\/\/www.proinca.es\/madridfansblog\/terrazas-de-madrid-donde-comer-muy-bien\/#primaryimage"},"image":{"@id":"https:\/\/www.proinca.es\/madridfansblog\/terrazas-de-madrid-donde-comer-muy-bien\/#primaryimage"},"thumbnailUrl":"https:\/\/www.proinca.es\/madridfansblog\/wp-content\/uploads\/2018\/07\/terrazas-madrid-para-comer.jpg","datePublished":"2018-07-20T11:43:18+00:00","dateModified":"2025-05-28T11:48:50+00:00","description":"Por las vistas, el ambiente o la comida, degustar la carta de cualquiera de estas terrazas de Madrid es un aut\u00e9ntico placer \u00a1Tomad nota!.Por MadridfansBlog","inLanguage":"es","potentialAction":[{"@type":"ReadAction","target":["https:\/\/www.proinca.es\/madridfansblog\/terrazas-de-madrid-donde-comer-muy-bien\/"]}]},{"@type":"ImageObject","inLanguage":"es","@id":"https:\/\/www.proinca.es\/madridfansblog\/terrazas-de-madrid-donde-comer-muy-bien\/#primaryimage","url":"https:\/\/www.proinca.es\/madridfansblog\/wp-content\/uploads\/2018\/07\/terrazas-madrid-para-comer.jpg","contentUrl":"https:\/\/www.proinca.es\/madridfansblog\/wp-content\/uploads\/2018\/07\/terrazas-madrid-para-comer.jpg","width":1000,"height":978,"caption":"Terrazas de Madrid donde comer muy bien"},{"@type":"WebSite","@id":"https:\/\/www.proinca.es\/madridfansblog\/#website","url":"https:\/\/www.proinca.es\/madridfansblog\/","name":"Madrid Fans Blog Proinca","description":"Pisos y apartamentos de alquiler en Madrid","publisher":{"@id":"https:\/\/www.proinca.es\/madridfansblog\/#organization"},"potentialAction":[{"@type":"SearchAction","target":{"@type":"EntryPoint","urlTemplate":"https:\/\/www.proinca.es\/madridfansblog\/?s={search_term_string}"},"query-input":{"@type":"PropertyValueSpecification","valueRequired":true,"valueName":"search_term_string"}}],"inLanguage":"es"},{"@type":"Organization","@id":"https:\/\/www.proinca.es\/madridfansblog\/#organization","name":"Proinca","url":"https:\/\/www.proinca.es\/madridfansblog\/","logo":{"@type":"ImageObject","inLanguage":"es","@id":"https:\/\/www.proinca.es\/madridfansblog\/#\/schema\/logo\/image\/","url":"https:\/\/www.proinca.es\/madridfansblog\/wp-content\/uploads\/2022\/03\/logo-proinca.jpg","contentUrl":"https:\/\/www.proinca.es\/madridfansblog\/wp-content\/uploads\/2022\/03\/logo-proinca.jpg","width":522,"height":250,"caption":"Proinca"},"image":{"@id":"https:\/\/www.proinca.es\/madridfansblog\/#\/schema\/logo\/image\/"}},{"@type":"Person","@id":"https:\/\/www.proinca.es\/madridfansblog\/#\/schema\/person\/8401adc89c0a0f5a3574c43326247f1e","name":"Ana Calero","image":{"@type":"ImageObject","inLanguage":"es","@id":"https:\/\/www.proinca.es\/madridfansblog\/wp-content\/litespeed\/avatar\/ef51b25c0718910f475570320941ef46.jpg?ver=1777379772","url":"https:\/\/www.proinca.es\/madridfansblog\/wp-content\/litespeed\/avatar\/ef51b25c0718910f475570320941ef46.jpg?ver=1777379772","contentUrl":"https:\/\/www.proinca.es\/madridfansblog\/wp-content\/litespeed\/avatar\/ef51b25c0718910f475570320941ef46.jpg?ver=1777379772","caption":"Ana Calero"},"description":"Licenciada en Ciencias Empresariales por la Universidad Aut\u00f3noma de Madrid. Forma parte del equipo de Apartamentos Proinca y es una enamorada de Madrid","sameAs":["https:\/\/www.proinca.es\/madridfansblog\/ana-calero\/"]}]}},"_links":{"self":[{"href":"https:\/\/www.proinca.es\/madridfansblog\/wp-json\/wp\/v2\/posts\/5324","targetHints":{"allow":["GET"]}}],"collection":[{"href":"https:\/\/www.proinca.es\/madridfansblog\/wp-json\/wp\/v2\/posts"}],"about":[{"href":"https:\/\/www.proinca.es\/madridfansblog\/wp-json\/wp\/v2\/types\/post"}],"author":[{"embeddable":true,"href":"https:\/\/www.proinca.es\/madridfansblog\/wp-json\/wp\/v2\/users\/4"}],"replies":[{"embeddable":true,"href":"https:\/\/www.proinca.es\/madridfansblog\/wp-json\/wp\/v2\/comments?post=5324"}],"version-history":[{"count":12,"href":"https:\/\/www.proinca.es\/madridfansblog\/wp-json\/wp\/v2\/posts\/5324\/revisions"}],"predecessor-version":[{"id":7439,"href":"https:\/\/www.proinca.es\/madridfansblog\/wp-json\/wp\/v2\/posts\/5324\/revisions\/7439"}],"wp:featuredmedia":[{"embeddable":true,"href":"https:\/\/www.proinca.es\/madridfansblog\/wp-json\/wp\/v2\/media\/7317"}],"wp:attachment":[{"href":"https:\/\/www.proinca.es\/madridfansblog\/wp-json\/wp\/v2\/media?parent=5324"}],"wp:term":[{"taxonomy":"category","embeddable":true,"href":"https:\/\/www.proinca.es\/madridfansblog\/wp-json\/wp\/v2\/categories?post=5324"},{"taxonomy":"post_tag","embeddable":true,"href":"https:\/\/www.proinca.es\/madridfansblog\/wp-json\/wp\/v2\/tags?post=5324"}],"curies":[{"name":"wp","href":"https:\/\/api.w.org\/{rel}","templated":true}]}}