{"id":5392,"date":"2018-10-08T19:52:40","date_gmt":"2018-10-08T17:52:40","guid":{"rendered":"https:\/\/www.proinca.es\/madridfansblog\/?p=5392"},"modified":"2025-05-28T15:31:42","modified_gmt":"2025-05-28T13:31:42","slug":"sumergete-en-la-30-feria-de-otono-del-libro-viejo-y-antiguo-de-madrid","status":"publish","type":"post","link":"https:\/\/www.proinca.es\/madridfansblog\/sumergete-en-la-30-feria-de-otono-del-libro-viejo-y-antiguo-de-madrid\/","title":{"rendered":"SUM\u00c9RGETE EN LA 30 FERIA DE OTO\u00d1O DEL LIBRO VIEJO Y ANTIGUO DE MADRID"},"content":{"rendered":"<p>&nbsp;<\/p>\n<p>El Paseo de Recoletos en <strong>Madrid<\/strong> acoge un a\u00f1o m\u00e1s la <strong>Feria de Oto\u00f1o del Libro Viejo y Antiguo<\/strong> <!--more-->a cargo de la asociaci\u00f3n de libreros sin \u00e1nimo de lucro LIBRIS.<\/p>\n<p>En total, 38 casetas entre las que figuran librer\u00edas emblem\u00e1ticas de <strong>Madrid<\/strong>, pero tambi\u00e9n de otras ciudades de Espa\u00f1a como Zaragoza, Huesca, Barcelona, Segovia, Valencia, Vitoria, Bilbao y Salamanca.<\/p>\n<p>Esta cita con el libro no solo resulta especialmente atractiva para quienes buscan ejemplares antiguos, raros, descatalogados o agotados, sino para aquellos amantes de <strong>Madrid<\/strong> y de la literatura que quieren disfrutar de un agradable paseo bajo el intenso sol oto\u00f1al. Y es que, caminar por Recoletos en esta \u00e9poca del a\u00f1o es una aut\u00e9ntica maravilla, m\u00e1s a\u00fan cuando nos acompa\u00f1a ese olor a libro antiguo tan caracter\u00edstico y especial.<\/p>\n<p>En definitiva, la Feria de Oto\u00f1o del Libro Viejo y Antiguo en <strong>Madrid<\/strong> es una oportunidad \u00fanica para adquirir rarezas, si es que eres coleccionista, investigador o bibli\u00f3filo; para conocer novedades y curiosidades relacionadas con el libro antiguo, el papel y el coleccionismo en torno al libro o, simplemente, para disfrutar de uno de los paseos m\u00e1s bellos de Madrid en oto\u00f1o.<\/p>\n<p>&nbsp;<\/p>\n<p>Informaci\u00f3n patrocinada por\u00a0<strong><a title=\"Proinca apartamentos de alquiler en Madrid\" href=\"http:\/\/www.proinca.es\" target=\"_blank\" rel=\"noopener\">Proinca: Apartamentos de alquiler en Madrid<\/a><\/strong><\/p>\n<p>Fuente im\u00e1genes:<\/p>\n<p>libris.es<\/p>\n\n\n<div class=\"kk-star-ratings kksr-auto kksr-align-left kksr-valign-bottom\"\n    data-payload='{&quot;align&quot;:&quot;left&quot;,&quot;id&quot;:&quot;5392&quot;,&quot;slug&quot;:&quot;default&quot;,&quot;valign&quot;:&quot;bottom&quot;,&quot;ignore&quot;:&quot;&quot;,&quot;reference&quot;:&quot;auto&quot;,&quot;class&quot;:&quot;&quot;,&quot;count&quot;:&quot;0&quot;,&quot;legendonly&quot;:&quot;&quot;,&quot;readonly&quot;:&quot;&quot;,&quot;score&quot;:&quot;0&quot;,&quot;starsonly&quot;:&quot;&quot;,&quot;best&quot;:&quot;5&quot;,&quot;gap&quot;:&quot;1&quot;,&quot;greet&quot;:&quot;Valora este art\u00edculo&quot;,&quot;legend&quot;:&quot;0\\\/5 - (0 votos)&quot;,&quot;size&quot;:&quot;24&quot;,&quot;title&quot;:&quot;SUM\u00c9RGETE EN LA 30 FERIA DE OTO\u00d1O DEL LIBRO VIEJO Y ANTIGUO DE MADRID&quot;,&quot;width&quot;:&quot;0&quot;,&quot;_legend&quot;:&quot;{score}\\\/{best} - ({count} {votes})&quot;,&quot;font_factor&quot;:&quot;1.25&quot;}'>\n            \n<div class=\"kksr-stars\">\n    \n<div class=\"kksr-stars-inactive\">\n            <div class=\"kksr-star\" data-star=\"1\" style=\"padding-right: 1px\">\n            \n\n<div class=\"kksr-icon\" style=\"width: 24px; height: 24px;\"><\/div>\n        <\/div>\n            <div class=\"kksr-star\" data-star=\"2\" style=\"padding-right: 1px\">\n            \n\n<div class=\"kksr-icon\" style=\"width: 24px; height: 24px;\"><\/div>\n        <\/div>\n            <div class=\"kksr-star\" data-star=\"3\" style=\"padding-right: 1px\">\n            \n\n<div class=\"kksr-icon\" style=\"width: 24px; height: 24px;\"><\/div>\n        <\/div>\n            <div class=\"kksr-star\" data-star=\"4\" style=\"padding-right: 1px\">\n            \n\n<div class=\"kksr-icon\" style=\"width: 24px; height: 24px;\"><\/div>\n        <\/div>\n            <div class=\"kksr-star\" data-star=\"5\" style=\"padding-right: 1px\">\n            \n\n<div class=\"kksr-icon\" style=\"width: 24px; height: 24px;\"><\/div>\n        <\/div>\n    <\/div>\n    \n<div class=\"kksr-stars-active\" style=\"width: 0px;\">\n            <div class=\"kksr-star\" style=\"padding-right: 1px\">\n            \n\n<div class=\"kksr-icon\" style=\"width: 24px; height: 24px;\"><\/div>\n        <\/div>\n            <div class=\"kksr-star\" style=\"padding-right: 1px\">\n            \n\n<div class=\"kksr-icon\" style=\"width: 24px; height: 24px;\"><\/div>\n        <\/div>\n            <div class=\"kksr-star\" style=\"padding-right: 1px\">\n            \n\n<div class=\"kksr-icon\" style=\"width: 24px; height: 24px;\"><\/div>\n        <\/div>\n            <div class=\"kksr-star\" style=\"padding-right: 1px\">\n            \n\n<div class=\"kksr-icon\" style=\"width: 24px; height: 24px;\"><\/div>\n        <\/div>\n            <div class=\"kksr-star\" style=\"padding-right: 1px\">\n            \n\n<div class=\"kksr-icon\" style=\"width: 24px; height: 24px;\"><\/div>\n        <\/div>\n    <\/div>\n<\/div>\n                \n\n<div class=\"kksr-legend\" style=\"font-size: 19.2px;\">\n            <span class=\"kksr-muted\">Valora este art\u00edculo<\/span>\n    <\/div>\n    <\/div>\n","protected":false},"excerpt":{"rendered":"<p>&nbsp; El Paseo de Recoletos en Madrid acoge un a\u00f1o  [&#8230;]<\/p>\n","protected":false},"author":4,"featured_media":5396,"comment_status":"closed","ping_status":"closed","sticky":false,"template":"","format":"standard","meta":{"footnotes":""},"categories":[79],"tags":[],"class_list":["post-5392","post","type-post","status-publish","format-standard","has-post-thumbnail","hentry","category-vivir-madrid"],"yoast_head":"<!-- This site is optimized with the Yoast SEO plugin v27.4 - https:\/\/yoast.com\/product\/yoast-seo-wordpress\/ -->\n<title>Feria de oto\u00f1o del libro antiguo Madrid<\/title>\n<meta name=\"description\" content=\"En el Paseo de Recoletos de Madrid, la Feria de Oto\u00f1o del Libro Viejo y Antiguo, 38 casetas entre las que figuran librer\u00edas emblem\u00e1ticas.Por MadridFansblog\" \/>\n<meta name=\"robots\" content=\"index, follow, max-snippet:-1, max-image-preview:large, max-video-preview:-1\" \/>\n<link rel=\"canonical\" href=\"https:\/\/www.proinca.es\/madridfansblog\/sumergete-en-la-30-feria-de-otono-del-libro-viejo-y-antiguo-de-madrid\/\" \/>\n<meta property=\"og:locale\" content=\"es_ES\" \/>\n<meta property=\"og:type\" content=\"article\" \/>\n<meta property=\"og:title\" content=\"Feria de oto\u00f1o del libro antiguo Madrid\" \/>\n<meta property=\"og:description\" content=\"En el Paseo de Recoletos de Madrid, la Feria de Oto\u00f1o del Libro Viejo y Antiguo, 38 casetas entre las que figuran librer\u00edas emblem\u00e1ticas.Por MadridFansblog\" \/>\n<meta property=\"og:url\" content=\"https:\/\/www.proinca.es\/madridfansblog\/sumergete-en-la-30-feria-de-otono-del-libro-viejo-y-antiguo-de-madrid\/\" \/>\n<meta property=\"og:site_name\" content=\"Blog Proinca Madrid\" \/>\n<meta property=\"article:published_time\" content=\"2018-10-08T17:52:40+00:00\" \/>\n<meta property=\"article:modified_time\" content=\"2025-05-28T13:31:42+00:00\" \/>\n<meta property=\"og:image\" content=\"https:\/\/www.proinca.es\/madridfansblog\/wp-content\/uploads\/2018\/10\/30-feria-de-otono-del-libro-viejo-y-antiguo-de-madrid.jpg\" \/>\n\t<meta property=\"og:image:width\" content=\"300\" \/>\n\t<meta property=\"og:image:height\" content=\"435\" \/>\n\t<meta property=\"og:image:type\" content=\"image\/jpeg\" \/>\n<meta name=\"author\" content=\"Ana Calero\" \/>\n<script type=\"application\/ld+json\" class=\"yoast-schema-graph\">{\"@context\":\"https:\\\/\\\/schema.org\",\"@graph\":[{\"@type\":\"Article\",\"@id\":\"https:\\\/\\\/www.proinca.es\\\/madridfansblog\\\/sumergete-en-la-30-feria-de-otono-del-libro-viejo-y-antiguo-de-madrid\\\/#article\",\"isPartOf\":{\"@id\":\"https:\\\/\\\/www.proinca.es\\\/madridfansblog\\\/sumergete-en-la-30-feria-de-otono-del-libro-viejo-y-antiguo-de-madrid\\\/\"},\"author\":{\"name\":\"Ana Calero\",\"@id\":\"https:\\\/\\\/www.proinca.es\\\/madridfansblog\\\/#\\\/schema\\\/person\\\/8401adc89c0a0f5a3574c43326247f1e\"},\"headline\":\"SUM\u00c9RGETE EN LA 30 FERIA DE OTO\u00d1O DEL LIBRO VIEJO Y ANTIGUO DE MADRID\",\"datePublished\":\"2018-10-08T17:52:40+00:00\",\"dateModified\":\"2025-05-28T13:31:42+00:00\",\"mainEntityOfPage\":{\"@id\":\"https:\\\/\\\/www.proinca.es\\\/madridfansblog\\\/sumergete-en-la-30-feria-de-otono-del-libro-viejo-y-antiguo-de-madrid\\\/\"},\"wordCount\":242,\"publisher\":{\"@id\":\"https:\\\/\\\/www.proinca.es\\\/madridfansblog\\\/#organization\"},\"image\":{\"@id\":\"https:\\\/\\\/www.proinca.es\\\/madridfansblog\\\/sumergete-en-la-30-feria-de-otono-del-libro-viejo-y-antiguo-de-madrid\\\/#primaryimage\"},\"thumbnailUrl\":\"https:\\\/\\\/www.proinca.es\\\/madridfansblog\\\/wp-content\\\/uploads\\\/2018\\\/10\\\/30-feria-de-otono-del-libro-viejo-y-antiguo-de-madrid.jpg\",\"articleSection\":[\"VIVIR MADRID\"],\"inLanguage\":\"es\"},{\"@type\":\"WebPage\",\"@id\":\"https:\\\/\\\/www.proinca.es\\\/madridfansblog\\\/sumergete-en-la-30-feria-de-otono-del-libro-viejo-y-antiguo-de-madrid\\\/\",\"url\":\"https:\\\/\\\/www.proinca.es\\\/madridfansblog\\\/sumergete-en-la-30-feria-de-otono-del-libro-viejo-y-antiguo-de-madrid\\\/\",\"name\":\"Feria de oto\u00f1o del libro antiguo Madrid\",\"isPartOf\":{\"@id\":\"https:\\\/\\\/www.proinca.es\\\/madridfansblog\\\/#website\"},\"primaryImageOfPage\":{\"@id\":\"https:\\\/\\\/www.proinca.es\\\/madridfansblog\\\/sumergete-en-la-30-feria-de-otono-del-libro-viejo-y-antiguo-de-madrid\\\/#primaryimage\"},\"image\":{\"@id\":\"https:\\\/\\\/www.proinca.es\\\/madridfansblog\\\/sumergete-en-la-30-feria-de-otono-del-libro-viejo-y-antiguo-de-madrid\\\/#primaryimage\"},\"thumbnailUrl\":\"https:\\\/\\\/www.proinca.es\\\/madridfansblog\\\/wp-content\\\/uploads\\\/2018\\\/10\\\/30-feria-de-otono-del-libro-viejo-y-antiguo-de-madrid.jpg\",\"datePublished\":\"2018-10-08T17:52:40+00:00\",\"dateModified\":\"2025-05-28T13:31:42+00:00\",\"description\":\"En el Paseo de Recoletos de Madrid, la Feria de Oto\u00f1o del Libro Viejo y Antiguo, 38 casetas entre las que figuran librer\u00edas emblem\u00e1ticas.Por MadridFansblog\",\"inLanguage\":\"es\",\"potentialAction\":[{\"@type\":\"ReadAction\",\"target\":[\"https:\\\/\\\/www.proinca.es\\\/madridfansblog\\\/sumergete-en-la-30-feria-de-otono-del-libro-viejo-y-antiguo-de-madrid\\\/\"]}]},{\"@type\":\"ImageObject\",\"inLanguage\":\"es\",\"@id\":\"https:\\\/\\\/www.proinca.es\\\/madridfansblog\\\/sumergete-en-la-30-feria-de-otono-del-libro-viejo-y-antiguo-de-madrid\\\/#primaryimage\",\"url\":\"https:\\\/\\\/www.proinca.es\\\/madridfansblog\\\/wp-content\\\/uploads\\\/2018\\\/10\\\/30-feria-de-otono-del-libro-viejo-y-antiguo-de-madrid.jpg\",\"contentUrl\":\"https:\\\/\\\/www.proinca.es\\\/madridfansblog\\\/wp-content\\\/uploads\\\/2018\\\/10\\\/30-feria-de-otono-del-libro-viejo-y-antiguo-de-madrid.jpg\",\"width\":300,\"height\":435,\"caption\":\"madrid 30 feria de otono del libro viejo y antiguo\"},{\"@type\":\"WebSite\",\"@id\":\"https:\\\/\\\/www.proinca.es\\\/madridfansblog\\\/#website\",\"url\":\"https:\\\/\\\/www.proinca.es\\\/madridfansblog\\\/\",\"name\":\"Madrid Fans Blog Proinca\",\"description\":\"Pisos y apartamentos de alquiler en Madrid\",\"publisher\":{\"@id\":\"https:\\\/\\\/www.proinca.es\\\/madridfansblog\\\/#organization\"},\"potentialAction\":[{\"@type\":\"SearchAction\",\"target\":{\"@type\":\"EntryPoint\",\"urlTemplate\":\"https:\\\/\\\/www.proinca.es\\\/madridfansblog\\\/?s={search_term_string}\"},\"query-input\":{\"@type\":\"PropertyValueSpecification\",\"valueRequired\":true,\"valueName\":\"search_term_string\"}}],\"inLanguage\":\"es\"},{\"@type\":\"Organization\",\"@id\":\"https:\\\/\\\/www.proinca.es\\\/madridfansblog\\\/#organization\",\"name\":\"Proinca\",\"url\":\"https:\\\/\\\/www.proinca.es\\\/madridfansblog\\\/\",\"logo\":{\"@type\":\"ImageObject\",\"inLanguage\":\"es\",\"@id\":\"https:\\\/\\\/www.proinca.es\\\/madridfansblog\\\/#\\\/schema\\\/logo\\\/image\\\/\",\"url\":\"https:\\\/\\\/www.proinca.es\\\/madridfansblog\\\/wp-content\\\/uploads\\\/2022\\\/03\\\/logo-proinca.jpg\",\"contentUrl\":\"https:\\\/\\\/www.proinca.es\\\/madridfansblog\\\/wp-content\\\/uploads\\\/2022\\\/03\\\/logo-proinca.jpg\",\"width\":522,\"height\":250,\"caption\":\"Proinca\"},\"image\":{\"@id\":\"https:\\\/\\\/www.proinca.es\\\/madridfansblog\\\/#\\\/schema\\\/logo\\\/image\\\/\"}},{\"@type\":\"Person\",\"@id\":\"https:\\\/\\\/www.proinca.es\\\/madridfansblog\\\/#\\\/schema\\\/person\\\/8401adc89c0a0f5a3574c43326247f1e\",\"name\":\"Ana Calero\",\"image\":{\"@type\":\"ImageObject\",\"inLanguage\":\"es\",\"@id\":\"https:\\\/\\\/www.proinca.es\\\/madridfansblog\\\/wp-content\\\/litespeed\\\/avatar\\\/ef51b25c0718910f475570320941ef46.jpg?ver=1777379772\",\"url\":\"https:\\\/\\\/www.proinca.es\\\/madridfansblog\\\/wp-content\\\/litespeed\\\/avatar\\\/ef51b25c0718910f475570320941ef46.jpg?ver=1777379772\",\"contentUrl\":\"https:\\\/\\\/www.proinca.es\\\/madridfansblog\\\/wp-content\\\/litespeed\\\/avatar\\\/ef51b25c0718910f475570320941ef46.jpg?ver=1777379772\",\"caption\":\"Ana Calero\"},\"description\":\"Licenciada en Ciencias Empresariales por la Universidad Aut\u00f3noma de Madrid. Forma parte del equipo de Apartamentos Proinca y es una enamorada de Madrid\",\"sameAs\":[\"https:\\\/\\\/www.proinca.es\\\/madridfansblog\\\/ana-calero\\\/\"]}]}<\/script>\n<!-- \/ Yoast SEO plugin. -->","yoast_head_json":{"title":"Feria de oto\u00f1o del libro antiguo Madrid","description":"En el Paseo de Recoletos de Madrid, la Feria de Oto\u00f1o del Libro Viejo y Antiguo, 38 casetas entre las que figuran librer\u00edas emblem\u00e1ticas.Por MadridFansblog","robots":{"index":"index","follow":"follow","max-snippet":"max-snippet:-1","max-image-preview":"max-image-preview:large","max-video-preview":"max-video-preview:-1"},"canonical":"https:\/\/www.proinca.es\/madridfansblog\/sumergete-en-la-30-feria-de-otono-del-libro-viejo-y-antiguo-de-madrid\/","og_locale":"es_ES","og_type":"article","og_title":"Feria de oto\u00f1o del libro antiguo Madrid","og_description":"En el Paseo de Recoletos de Madrid, la Feria de Oto\u00f1o del Libro Viejo y Antiguo, 38 casetas entre las que figuran librer\u00edas emblem\u00e1ticas.Por MadridFansblog","og_url":"https:\/\/www.proinca.es\/madridfansblog\/sumergete-en-la-30-feria-de-otono-del-libro-viejo-y-antiguo-de-madrid\/","og_site_name":"Blog Proinca Madrid","article_published_time":"2018-10-08T17:52:40+00:00","article_modified_time":"2025-05-28T13:31:42+00:00","og_image":[{"width":300,"height":435,"url":"https:\/\/www.proinca.es\/madridfansblog\/wp-content\/uploads\/2018\/10\/30-feria-de-otono-del-libro-viejo-y-antiguo-de-madrid.jpg","type":"image\/jpeg"}],"author":"Ana Calero","schema":{"@context":"https:\/\/schema.org","@graph":[{"@type":"Article","@id":"https:\/\/www.proinca.es\/madridfansblog\/sumergete-en-la-30-feria-de-otono-del-libro-viejo-y-antiguo-de-madrid\/#article","isPartOf":{"@id":"https:\/\/www.proinca.es\/madridfansblog\/sumergete-en-la-30-feria-de-otono-del-libro-viejo-y-antiguo-de-madrid\/"},"author":{"name":"Ana Calero","@id":"https:\/\/www.proinca.es\/madridfansblog\/#\/schema\/person\/8401adc89c0a0f5a3574c43326247f1e"},"headline":"SUM\u00c9RGETE EN LA 30 FERIA DE OTO\u00d1O DEL LIBRO VIEJO Y ANTIGUO DE MADRID","datePublished":"2018-10-08T17:52:40+00:00","dateModified":"2025-05-28T13:31:42+00:00","mainEntityOfPage":{"@id":"https:\/\/www.proinca.es\/madridfansblog\/sumergete-en-la-30-feria-de-otono-del-libro-viejo-y-antiguo-de-madrid\/"},"wordCount":242,"publisher":{"@id":"https:\/\/www.proinca.es\/madridfansblog\/#organization"},"image":{"@id":"https:\/\/www.proinca.es\/madridfansblog\/sumergete-en-la-30-feria-de-otono-del-libro-viejo-y-antiguo-de-madrid\/#primaryimage"},"thumbnailUrl":"https:\/\/www.proinca.es\/madridfansblog\/wp-content\/uploads\/2018\/10\/30-feria-de-otono-del-libro-viejo-y-antiguo-de-madrid.jpg","articleSection":["VIVIR MADRID"],"inLanguage":"es"},{"@type":"WebPage","@id":"https:\/\/www.proinca.es\/madridfansblog\/sumergete-en-la-30-feria-de-otono-del-libro-viejo-y-antiguo-de-madrid\/","url":"https:\/\/www.proinca.es\/madridfansblog\/sumergete-en-la-30-feria-de-otono-del-libro-viejo-y-antiguo-de-madrid\/","name":"Feria de oto\u00f1o del libro antiguo Madrid","isPartOf":{"@id":"https:\/\/www.proinca.es\/madridfansblog\/#website"},"primaryImageOfPage":{"@id":"https:\/\/www.proinca.es\/madridfansblog\/sumergete-en-la-30-feria-de-otono-del-libro-viejo-y-antiguo-de-madrid\/#primaryimage"},"image":{"@id":"https:\/\/www.proinca.es\/madridfansblog\/sumergete-en-la-30-feria-de-otono-del-libro-viejo-y-antiguo-de-madrid\/#primaryimage"},"thumbnailUrl":"https:\/\/www.proinca.es\/madridfansblog\/wp-content\/uploads\/2018\/10\/30-feria-de-otono-del-libro-viejo-y-antiguo-de-madrid.jpg","datePublished":"2018-10-08T17:52:40+00:00","dateModified":"2025-05-28T13:31:42+00:00","description":"En el Paseo de Recoletos de Madrid, la Feria de Oto\u00f1o del Libro Viejo y Antiguo, 38 casetas entre las que figuran librer\u00edas emblem\u00e1ticas.Por MadridFansblog","inLanguage":"es","potentialAction":[{"@type":"ReadAction","target":["https:\/\/www.proinca.es\/madridfansblog\/sumergete-en-la-30-feria-de-otono-del-libro-viejo-y-antiguo-de-madrid\/"]}]},{"@type":"ImageObject","inLanguage":"es","@id":"https:\/\/www.proinca.es\/madridfansblog\/sumergete-en-la-30-feria-de-otono-del-libro-viejo-y-antiguo-de-madrid\/#primaryimage","url":"https:\/\/www.proinca.es\/madridfansblog\/wp-content\/uploads\/2018\/10\/30-feria-de-otono-del-libro-viejo-y-antiguo-de-madrid.jpg","contentUrl":"https:\/\/www.proinca.es\/madridfansblog\/wp-content\/uploads\/2018\/10\/30-feria-de-otono-del-libro-viejo-y-antiguo-de-madrid.jpg","width":300,"height":435,"caption":"madrid 30 feria de otono del libro viejo y antiguo"},{"@type":"WebSite","@id":"https:\/\/www.proinca.es\/madridfansblog\/#website","url":"https:\/\/www.proinca.es\/madridfansblog\/","name":"Madrid Fans Blog Proinca","description":"Pisos y apartamentos de alquiler en Madrid","publisher":{"@id":"https:\/\/www.proinca.es\/madridfansblog\/#organization"},"potentialAction":[{"@type":"SearchAction","target":{"@type":"EntryPoint","urlTemplate":"https:\/\/www.proinca.es\/madridfansblog\/?s={search_term_string}"},"query-input":{"@type":"PropertyValueSpecification","valueRequired":true,"valueName":"search_term_string"}}],"inLanguage":"es"},{"@type":"Organization","@id":"https:\/\/www.proinca.es\/madridfansblog\/#organization","name":"Proinca","url":"https:\/\/www.proinca.es\/madridfansblog\/","logo":{"@type":"ImageObject","inLanguage":"es","@id":"https:\/\/www.proinca.es\/madridfansblog\/#\/schema\/logo\/image\/","url":"https:\/\/www.proinca.es\/madridfansblog\/wp-content\/uploads\/2022\/03\/logo-proinca.jpg","contentUrl":"https:\/\/www.proinca.es\/madridfansblog\/wp-content\/uploads\/2022\/03\/logo-proinca.jpg","width":522,"height":250,"caption":"Proinca"},"image":{"@id":"https:\/\/www.proinca.es\/madridfansblog\/#\/schema\/logo\/image\/"}},{"@type":"Person","@id":"https:\/\/www.proinca.es\/madridfansblog\/#\/schema\/person\/8401adc89c0a0f5a3574c43326247f1e","name":"Ana Calero","image":{"@type":"ImageObject","inLanguage":"es","@id":"https:\/\/www.proinca.es\/madridfansblog\/wp-content\/litespeed\/avatar\/ef51b25c0718910f475570320941ef46.jpg?ver=1777379772","url":"https:\/\/www.proinca.es\/madridfansblog\/wp-content\/litespeed\/avatar\/ef51b25c0718910f475570320941ef46.jpg?ver=1777379772","contentUrl":"https:\/\/www.proinca.es\/madridfansblog\/wp-content\/litespeed\/avatar\/ef51b25c0718910f475570320941ef46.jpg?ver=1777379772","caption":"Ana Calero"},"description":"Licenciada en Ciencias Empresariales por la Universidad Aut\u00f3noma de Madrid. Forma parte del equipo de Apartamentos Proinca y es una enamorada de Madrid","sameAs":["https:\/\/www.proinca.es\/madridfansblog\/ana-calero\/"]}]}},"_links":{"self":[{"href":"https:\/\/www.proinca.es\/madridfansblog\/wp-json\/wp\/v2\/posts\/5392","targetHints":{"allow":["GET"]}}],"collection":[{"href":"https:\/\/www.proinca.es\/madridfansblog\/wp-json\/wp\/v2\/posts"}],"about":[{"href":"https:\/\/www.proinca.es\/madridfansblog\/wp-json\/wp\/v2\/types\/post"}],"author":[{"embeddable":true,"href":"https:\/\/www.proinca.es\/madridfansblog\/wp-json\/wp\/v2\/users\/4"}],"replies":[{"embeddable":true,"href":"https:\/\/www.proinca.es\/madridfansblog\/wp-json\/wp\/v2\/comments?post=5392"}],"version-history":[{"count":6,"href":"https:\/\/www.proinca.es\/madridfansblog\/wp-json\/wp\/v2\/posts\/5392\/revisions"}],"predecessor-version":[{"id":6690,"href":"https:\/\/www.proinca.es\/madridfansblog\/wp-json\/wp\/v2\/posts\/5392\/revisions\/6690"}],"wp:featuredmedia":[{"embeddable":true,"href":"https:\/\/www.proinca.es\/madridfansblog\/wp-json\/wp\/v2\/media\/5396"}],"wp:attachment":[{"href":"https:\/\/www.proinca.es\/madridfansblog\/wp-json\/wp\/v2\/media?parent=5392"}],"wp:term":[{"taxonomy":"category","embeddable":true,"href":"https:\/\/www.proinca.es\/madridfansblog\/wp-json\/wp\/v2\/categories?post=5392"},{"taxonomy":"post_tag","embeddable":true,"href":"https:\/\/www.proinca.es\/madridfansblog\/wp-json\/wp\/v2\/tags?post=5392"}],"curies":[{"name":"wp","href":"https:\/\/api.w.org\/{rel}","templated":true}]}}