{"id":541,"date":"2012-08-07T10:00:13","date_gmt":"2012-08-07T10:00:13","guid":{"rendered":"http:\/\/www.proinca.es\/madridfansblog\/?p=541"},"modified":"2025-05-28T13:47:40","modified_gmt":"2025-05-28T11:47:40","slug":"mercado-de-san-miguel-y-de-san-anton","status":"publish","type":"post","link":"https:\/\/www.proinca.es\/madridfansblog\/mercado-de-san-miguel-y-de-san-anton\/","title":{"rendered":"MERCADO DE SAN MIGUEL Y DE SAN ANT\u00d3N"},"content":{"rendered":"<p>Desde que el <strong>Mercado de San Miguel <\/strong>reabriese sus puertas, se ha convertido en punto de encuentro obligatorio para disfrutar del tradicional aperitivo madrile\u00f1o.<\/p>\n<p>En pleno centro hist\u00f3rico del Madrid m\u00e1s castizo, se encuentra este hist\u00f3rico edificio que alberga las <em>delicatessens <\/em>y las innovaciones culinarias m\u00e1s sofisticadas de nuestro pa\u00eds.<\/p>\n<p><!--more-->Al entrar por la puerta, puedes admirar como cientos de personas se aglomeran en las barras que se extienden en su interior. Y es que, adem\u00e1s de poder saborear los productos m\u00e1s frescos de la temporada, el Mercado de San Miguel destaca por su ambiente. Sin duda, es uno de los lugares m\u00e1s de moda de Madrid, donde cientos de j\u00f3venes y gente de lo m\u00e1s variopinta se re\u00fanen para disfrutar de las t\u00edpicas ca\u00f1as, acompa\u00f1adas de exquisitas tapas. La gran variedad de productos hace dif\u00edcil la elecci\u00f3n. Desde una copa de <em>champagne <\/em>con ostras para los m\u00e1s glamurosos, al cl\u00e1sico pincho de tortilla de patata acompa\u00f1ado de un vermouth o lo \u00faltimo en cocina creativa.<\/p>\n<p>Debido a su gran \u00e9xito, el <strong>mercado <\/strong>abre todos los d\u00edas de diez de la ma\u00f1ana a doce de la noche, exceptuando fines de semana y jueves, cuando abre hasta las dos de la madrugada. Es as\u00ed el sitio perfecto para calentar motores y empezar con energ\u00eda la <strong>noche madrile\u00f1a<\/strong>. Aunque sin duda, el mejor momento para acudir a este magn\u00edfico <strong>mercado <\/strong>es el fin de semana, justo antes de comer. Quiz\u00e1 sea dif\u00edcil encontrar un hueco en la barra para dejar tu ca\u00f1a, pero la diversi\u00f3n est\u00e1 garantizada, porque su originalidad atrae a miles de turistas que quieren probar la diversidad de la comida espa\u00f1ola, transformando el <strong>mercado <\/strong>en uno de los lugares m\u00e1s cosmopolitas de Madrid.<\/p>\n<p>El <strong>Mercado de San Miguel <\/strong>es una de las visitas obligadas para todo aquel que quiera conocer la cultura m\u00e1s aut\u00e9ntica de la ciudad, donde se mezcla la tradici\u00f3n con el ambiente m\u00e1s <em>cool, <\/em>la otra es el <strong>Mercado de San Ant\u00f3n<\/strong>, en el barrio de Chueca.<\/p>\n<p>El ambiente del <strong>Mercado de San Ant\u00f3n <\/strong>es similar al del <strong>Mercado de San Miguel<\/strong>, con la excepci\u00f3n de que este primero es menos tur\u00edstico y no tan enfocado a la degustaci\u00f3n y al tapeo, sino a la compra de productos <em>gourmet <\/em>y de primera calidad. En el de San Ant\u00f3n tenemos de todo: fruter\u00eda, pescader\u00eda, carnicer\u00eda\u2026, vamos, lo que cabe esperar de un <strong>mercado <\/strong>de abastos tradicional, y junto a estos t\u00edpicos establecimientos \u2013de excelente g\u00e9nero todos ellos- peque\u00f1os comercios novedosos que nos ofrecen productos de lo m\u00e1s variopinto, desde <em>sushi <\/em>a elaboradas tartas. Y lo mejor de todo es que este <strong>mercado <\/strong>cuenta en su planta superior con una terracita maravillosa donde disfrutar del precioso atardecer veraniego de Madrid mientras degustamos un men\u00fa al m\u00f3dico precio de 12 euros.<\/p>\n<p>Y otra ventaja, este mercado cuenta con plazas de aparcamiento robotizadas y agenda cultural gracias a la programaci\u00f3n de la sala de exposiciones \u2018Trapezio\u2019, que forma parte del propio recinto comercial.<\/p>\n<p>Foto de Clint Bustrillos en Unsplash<\/p>\n\n\n<div class=\"kk-star-ratings kksr-auto kksr-align-left kksr-valign-bottom\"\n    data-payload='{&quot;align&quot;:&quot;left&quot;,&quot;id&quot;:&quot;541&quot;,&quot;slug&quot;:&quot;default&quot;,&quot;valign&quot;:&quot;bottom&quot;,&quot;ignore&quot;:&quot;&quot;,&quot;reference&quot;:&quot;auto&quot;,&quot;class&quot;:&quot;&quot;,&quot;count&quot;:&quot;0&quot;,&quot;legendonly&quot;:&quot;&quot;,&quot;readonly&quot;:&quot;&quot;,&quot;score&quot;:&quot;0&quot;,&quot;starsonly&quot;:&quot;&quot;,&quot;best&quot;:&quot;5&quot;,&quot;gap&quot;:&quot;1&quot;,&quot;greet&quot;:&quot;Valora este art\u00edculo&quot;,&quot;legend&quot;:&quot;0\\\/5 - (0 votos)&quot;,&quot;size&quot;:&quot;24&quot;,&quot;title&quot;:&quot;MERCADO DE SAN MIGUEL Y DE SAN ANT\u00d3N&quot;,&quot;width&quot;:&quot;0&quot;,&quot;_legend&quot;:&quot;{score}\\\/{best} - ({count} {votes})&quot;,&quot;font_factor&quot;:&quot;1.25&quot;}'>\n            \n<div class=\"kksr-stars\">\n    \n<div class=\"kksr-stars-inactive\">\n            <div class=\"kksr-star\" data-star=\"1\" style=\"padding-right: 1px\">\n            \n\n<div class=\"kksr-icon\" style=\"width: 24px; height: 24px;\"><\/div>\n        <\/div>\n            <div class=\"kksr-star\" data-star=\"2\" style=\"padding-right: 1px\">\n            \n\n<div class=\"kksr-icon\" style=\"width: 24px; height: 24px;\"><\/div>\n        <\/div>\n            <div class=\"kksr-star\" data-star=\"3\" style=\"padding-right: 1px\">\n            \n\n<div class=\"kksr-icon\" style=\"width: 24px; height: 24px;\"><\/div>\n        <\/div>\n            <div class=\"kksr-star\" data-star=\"4\" style=\"padding-right: 1px\">\n            \n\n<div class=\"kksr-icon\" style=\"width: 24px; height: 24px;\"><\/div>\n        <\/div>\n            <div class=\"kksr-star\" data-star=\"5\" style=\"padding-right: 1px\">\n            \n\n<div class=\"kksr-icon\" style=\"width: 24px; height: 24px;\"><\/div>\n        <\/div>\n    <\/div>\n    \n<div class=\"kksr-stars-active\" style=\"width: 0px;\">\n            <div class=\"kksr-star\" style=\"padding-right: 1px\">\n            \n\n<div class=\"kksr-icon\" style=\"width: 24px; height: 24px;\"><\/div>\n        <\/div>\n            <div class=\"kksr-star\" style=\"padding-right: 1px\">\n            \n\n<div class=\"kksr-icon\" style=\"width: 24px; height: 24px;\"><\/div>\n        <\/div>\n            <div class=\"kksr-star\" style=\"padding-right: 1px\">\n            \n\n<div class=\"kksr-icon\" style=\"width: 24px; height: 24px;\"><\/div>\n        <\/div>\n            <div class=\"kksr-star\" style=\"padding-right: 1px\">\n            \n\n<div class=\"kksr-icon\" style=\"width: 24px; height: 24px;\"><\/div>\n        <\/div>\n            <div class=\"kksr-star\" style=\"padding-right: 1px\">\n            \n\n<div class=\"kksr-icon\" style=\"width: 24px; height: 24px;\"><\/div>\n        <\/div>\n    <\/div>\n<\/div>\n                \n\n<div class=\"kksr-legend\" style=\"font-size: 19.2px;\">\n            <span class=\"kksr-muted\">Valora este art\u00edculo<\/span>\n    <\/div>\n    <\/div>\n","protected":false},"excerpt":{"rendered":"<p>Desde que el Mercado de San Miguel reabriese sus puertas,  [&#8230;]<\/p>\n","protected":false},"author":4,"featured_media":7003,"comment_status":"closed","ping_status":"closed","sticky":false,"template":"","format":"standard","meta":{"footnotes":""},"categories":[79],"tags":[36,30,5,20,31],"class_list":["post-541","post","type-post","status-publish","format-standard","has-post-thumbnail","hentry","category-vivir-madrid","tag-afterwork","tag-gastronomia","tag-madrid","tag-ocio","tag-restaurantes"],"yoast_head":"<!-- This site is optimized with the Yoast SEO plugin v27.4 - https:\/\/yoast.com\/product\/yoast-seo-wordpress\/ -->\n<title>Mercados en Madrid, un interesante punto de encuentro<\/title>\n<meta name=\"description\" content=\"El Mercado de San Miguel y el Mercado de San Ant\u00f3n son dos propuestas originales y diferentes para comer o picar algo en un lugar singular.\" \/>\n<meta name=\"robots\" content=\"index, follow, max-snippet:-1, max-image-preview:large, max-video-preview:-1\" \/>\n<link rel=\"canonical\" href=\"https:\/\/www.proinca.es\/madridfansblog\/mercado-de-san-miguel-y-de-san-anton\/\" \/>\n<meta property=\"og:locale\" content=\"es_ES\" \/>\n<meta property=\"og:type\" content=\"article\" \/>\n<meta property=\"og:title\" content=\"Mercados en Madrid, un interesante punto de encuentro\" \/>\n<meta property=\"og:description\" content=\"El Mercado de San Miguel y el Mercado de San Ant\u00f3n son dos propuestas originales y diferentes para comer o picar algo en un lugar singular.\" \/>\n<meta property=\"og:url\" content=\"https:\/\/www.proinca.es\/madridfansblog\/mercado-de-san-miguel-y-de-san-anton\/\" \/>\n<meta property=\"og:site_name\" content=\"Blog Proinca Madrid\" \/>\n<meta property=\"article:published_time\" content=\"2012-08-07T10:00:13+00:00\" \/>\n<meta property=\"article:modified_time\" content=\"2025-05-28T11:47:40+00:00\" \/>\n<meta property=\"og:image\" content=\"https:\/\/www.proinca.es\/madridfansblog\/wp-content\/uploads\/2012\/08\/mercados-san-miguel-san-anton.jpg\" \/>\n\t<meta property=\"og:image:width\" content=\"1000\" \/>\n\t<meta property=\"og:image:height\" content=\"892\" \/>\n\t<meta property=\"og:image:type\" content=\"image\/jpeg\" \/>\n<meta name=\"author\" content=\"Ana Calero\" \/>\n<script type=\"application\/ld+json\" class=\"yoast-schema-graph\">{\"@context\":\"https:\\\/\\\/schema.org\",\"@graph\":[{\"@type\":\"Article\",\"@id\":\"https:\\\/\\\/www.proinca.es\\\/madridfansblog\\\/mercado-de-san-miguel-y-de-san-anton\\\/#article\",\"isPartOf\":{\"@id\":\"https:\\\/\\\/www.proinca.es\\\/madridfansblog\\\/mercado-de-san-miguel-y-de-san-anton\\\/\"},\"author\":{\"name\":\"Ana Calero\",\"@id\":\"https:\\\/\\\/www.proinca.es\\\/madridfansblog\\\/#\\\/schema\\\/person\\\/8401adc89c0a0f5a3574c43326247f1e\"},\"headline\":\"MERCADO DE SAN MIGUEL Y DE SAN ANT\u00d3N\",\"datePublished\":\"2012-08-07T10:00:13+00:00\",\"dateModified\":\"2025-05-28T11:47:40+00:00\",\"mainEntityOfPage\":{\"@id\":\"https:\\\/\\\/www.proinca.es\\\/madridfansblog\\\/mercado-de-san-miguel-y-de-san-anton\\\/\"},\"wordCount\":556,\"publisher\":{\"@id\":\"https:\\\/\\\/www.proinca.es\\\/madridfansblog\\\/#organization\"},\"image\":{\"@id\":\"https:\\\/\\\/www.proinca.es\\\/madridfansblog\\\/mercado-de-san-miguel-y-de-san-anton\\\/#primaryimage\"},\"thumbnailUrl\":\"https:\\\/\\\/www.proinca.es\\\/madridfansblog\\\/wp-content\\\/uploads\\\/2012\\\/08\\\/mercados-san-miguel-san-anton.jpg\",\"keywords\":[\"Afterwork\",\"Gastronom\u00eda\",\"Madrid\",\"Ocio\",\"Restaurantes\"],\"articleSection\":[\"VIVIR MADRID\"],\"inLanguage\":\"es\"},{\"@type\":\"WebPage\",\"@id\":\"https:\\\/\\\/www.proinca.es\\\/madridfansblog\\\/mercado-de-san-miguel-y-de-san-anton\\\/\",\"url\":\"https:\\\/\\\/www.proinca.es\\\/madridfansblog\\\/mercado-de-san-miguel-y-de-san-anton\\\/\",\"name\":\"Mercados en Madrid, un interesante punto de encuentro\",\"isPartOf\":{\"@id\":\"https:\\\/\\\/www.proinca.es\\\/madridfansblog\\\/#website\"},\"primaryImageOfPage\":{\"@id\":\"https:\\\/\\\/www.proinca.es\\\/madridfansblog\\\/mercado-de-san-miguel-y-de-san-anton\\\/#primaryimage\"},\"image\":{\"@id\":\"https:\\\/\\\/www.proinca.es\\\/madridfansblog\\\/mercado-de-san-miguel-y-de-san-anton\\\/#primaryimage\"},\"thumbnailUrl\":\"https:\\\/\\\/www.proinca.es\\\/madridfansblog\\\/wp-content\\\/uploads\\\/2012\\\/08\\\/mercados-san-miguel-san-anton.jpg\",\"datePublished\":\"2012-08-07T10:00:13+00:00\",\"dateModified\":\"2025-05-28T11:47:40+00:00\",\"description\":\"El Mercado de San Miguel y el Mercado de San Ant\u00f3n son dos propuestas originales y diferentes para comer o picar algo en un lugar singular.\",\"inLanguage\":\"es\",\"potentialAction\":[{\"@type\":\"ReadAction\",\"target\":[\"https:\\\/\\\/www.proinca.es\\\/madridfansblog\\\/mercado-de-san-miguel-y-de-san-anton\\\/\"]}]},{\"@type\":\"ImageObject\",\"inLanguage\":\"es\",\"@id\":\"https:\\\/\\\/www.proinca.es\\\/madridfansblog\\\/mercado-de-san-miguel-y-de-san-anton\\\/#primaryimage\",\"url\":\"https:\\\/\\\/www.proinca.es\\\/madridfansblog\\\/wp-content\\\/uploads\\\/2012\\\/08\\\/mercados-san-miguel-san-anton.jpg\",\"contentUrl\":\"https:\\\/\\\/www.proinca.es\\\/madridfansblog\\\/wp-content\\\/uploads\\\/2012\\\/08\\\/mercados-san-miguel-san-anton.jpg\",\"width\":1000,\"height\":892,\"caption\":\"Mercado de san miguel y de san ant\u00f3n\"},{\"@type\":\"WebSite\",\"@id\":\"https:\\\/\\\/www.proinca.es\\\/madridfansblog\\\/#website\",\"url\":\"https:\\\/\\\/www.proinca.es\\\/madridfansblog\\\/\",\"name\":\"Madrid Fans Blog Proinca\",\"description\":\"Pisos y apartamentos de alquiler en Madrid\",\"publisher\":{\"@id\":\"https:\\\/\\\/www.proinca.es\\\/madridfansblog\\\/#organization\"},\"potentialAction\":[{\"@type\":\"SearchAction\",\"target\":{\"@type\":\"EntryPoint\",\"urlTemplate\":\"https:\\\/\\\/www.proinca.es\\\/madridfansblog\\\/?s={search_term_string}\"},\"query-input\":{\"@type\":\"PropertyValueSpecification\",\"valueRequired\":true,\"valueName\":\"search_term_string\"}}],\"inLanguage\":\"es\"},{\"@type\":\"Organization\",\"@id\":\"https:\\\/\\\/www.proinca.es\\\/madridfansblog\\\/#organization\",\"name\":\"Proinca\",\"url\":\"https:\\\/\\\/www.proinca.es\\\/madridfansblog\\\/\",\"logo\":{\"@type\":\"ImageObject\",\"inLanguage\":\"es\",\"@id\":\"https:\\\/\\\/www.proinca.es\\\/madridfansblog\\\/#\\\/schema\\\/logo\\\/image\\\/\",\"url\":\"https:\\\/\\\/www.proinca.es\\\/madridfansblog\\\/wp-content\\\/uploads\\\/2022\\\/03\\\/logo-proinca.jpg\",\"contentUrl\":\"https:\\\/\\\/www.proinca.es\\\/madridfansblog\\\/wp-content\\\/uploads\\\/2022\\\/03\\\/logo-proinca.jpg\",\"width\":522,\"height\":250,\"caption\":\"Proinca\"},\"image\":{\"@id\":\"https:\\\/\\\/www.proinca.es\\\/madridfansblog\\\/#\\\/schema\\\/logo\\\/image\\\/\"}},{\"@type\":\"Person\",\"@id\":\"https:\\\/\\\/www.proinca.es\\\/madridfansblog\\\/#\\\/schema\\\/person\\\/8401adc89c0a0f5a3574c43326247f1e\",\"name\":\"Ana Calero\",\"image\":{\"@type\":\"ImageObject\",\"inLanguage\":\"es\",\"@id\":\"https:\\\/\\\/www.proinca.es\\\/madridfansblog\\\/wp-content\\\/litespeed\\\/avatar\\\/ef51b25c0718910f475570320941ef46.jpg?ver=1777379772\",\"url\":\"https:\\\/\\\/www.proinca.es\\\/madridfansblog\\\/wp-content\\\/litespeed\\\/avatar\\\/ef51b25c0718910f475570320941ef46.jpg?ver=1777379772\",\"contentUrl\":\"https:\\\/\\\/www.proinca.es\\\/madridfansblog\\\/wp-content\\\/litespeed\\\/avatar\\\/ef51b25c0718910f475570320941ef46.jpg?ver=1777379772\",\"caption\":\"Ana Calero\"},\"description\":\"Licenciada en Ciencias Empresariales por la Universidad Aut\u00f3noma de Madrid. Forma parte del equipo de Apartamentos Proinca y es una enamorada de Madrid\",\"sameAs\":[\"https:\\\/\\\/www.proinca.es\\\/madridfansblog\\\/ana-calero\\\/\"]}]}<\/script>\n<!-- \/ Yoast SEO plugin. -->","yoast_head_json":{"title":"Mercados en Madrid, un interesante punto de encuentro","description":"El Mercado de San Miguel y el Mercado de San Ant\u00f3n son dos propuestas originales y diferentes para comer o picar algo en un lugar singular.","robots":{"index":"index","follow":"follow","max-snippet":"max-snippet:-1","max-image-preview":"max-image-preview:large","max-video-preview":"max-video-preview:-1"},"canonical":"https:\/\/www.proinca.es\/madridfansblog\/mercado-de-san-miguel-y-de-san-anton\/","og_locale":"es_ES","og_type":"article","og_title":"Mercados en Madrid, un interesante punto de encuentro","og_description":"El Mercado de San Miguel y el Mercado de San Ant\u00f3n son dos propuestas originales y diferentes para comer o picar algo en un lugar singular.","og_url":"https:\/\/www.proinca.es\/madridfansblog\/mercado-de-san-miguel-y-de-san-anton\/","og_site_name":"Blog Proinca Madrid","article_published_time":"2012-08-07T10:00:13+00:00","article_modified_time":"2025-05-28T11:47:40+00:00","og_image":[{"width":1000,"height":892,"url":"https:\/\/www.proinca.es\/madridfansblog\/wp-content\/uploads\/2012\/08\/mercados-san-miguel-san-anton.jpg","type":"image\/jpeg"}],"author":"Ana Calero","schema":{"@context":"https:\/\/schema.org","@graph":[{"@type":"Article","@id":"https:\/\/www.proinca.es\/madridfansblog\/mercado-de-san-miguel-y-de-san-anton\/#article","isPartOf":{"@id":"https:\/\/www.proinca.es\/madridfansblog\/mercado-de-san-miguel-y-de-san-anton\/"},"author":{"name":"Ana Calero","@id":"https:\/\/www.proinca.es\/madridfansblog\/#\/schema\/person\/8401adc89c0a0f5a3574c43326247f1e"},"headline":"MERCADO DE SAN MIGUEL Y DE SAN ANT\u00d3N","datePublished":"2012-08-07T10:00:13+00:00","dateModified":"2025-05-28T11:47:40+00:00","mainEntityOfPage":{"@id":"https:\/\/www.proinca.es\/madridfansblog\/mercado-de-san-miguel-y-de-san-anton\/"},"wordCount":556,"publisher":{"@id":"https:\/\/www.proinca.es\/madridfansblog\/#organization"},"image":{"@id":"https:\/\/www.proinca.es\/madridfansblog\/mercado-de-san-miguel-y-de-san-anton\/#primaryimage"},"thumbnailUrl":"https:\/\/www.proinca.es\/madridfansblog\/wp-content\/uploads\/2012\/08\/mercados-san-miguel-san-anton.jpg","keywords":["Afterwork","Gastronom\u00eda","Madrid","Ocio","Restaurantes"],"articleSection":["VIVIR MADRID"],"inLanguage":"es"},{"@type":"WebPage","@id":"https:\/\/www.proinca.es\/madridfansblog\/mercado-de-san-miguel-y-de-san-anton\/","url":"https:\/\/www.proinca.es\/madridfansblog\/mercado-de-san-miguel-y-de-san-anton\/","name":"Mercados en Madrid, un interesante punto de encuentro","isPartOf":{"@id":"https:\/\/www.proinca.es\/madridfansblog\/#website"},"primaryImageOfPage":{"@id":"https:\/\/www.proinca.es\/madridfansblog\/mercado-de-san-miguel-y-de-san-anton\/#primaryimage"},"image":{"@id":"https:\/\/www.proinca.es\/madridfansblog\/mercado-de-san-miguel-y-de-san-anton\/#primaryimage"},"thumbnailUrl":"https:\/\/www.proinca.es\/madridfansblog\/wp-content\/uploads\/2012\/08\/mercados-san-miguel-san-anton.jpg","datePublished":"2012-08-07T10:00:13+00:00","dateModified":"2025-05-28T11:47:40+00:00","description":"El Mercado de San Miguel y el Mercado de San Ant\u00f3n son dos propuestas originales y diferentes para comer o picar algo en un lugar singular.","inLanguage":"es","potentialAction":[{"@type":"ReadAction","target":["https:\/\/www.proinca.es\/madridfansblog\/mercado-de-san-miguel-y-de-san-anton\/"]}]},{"@type":"ImageObject","inLanguage":"es","@id":"https:\/\/www.proinca.es\/madridfansblog\/mercado-de-san-miguel-y-de-san-anton\/#primaryimage","url":"https:\/\/www.proinca.es\/madridfansblog\/wp-content\/uploads\/2012\/08\/mercados-san-miguel-san-anton.jpg","contentUrl":"https:\/\/www.proinca.es\/madridfansblog\/wp-content\/uploads\/2012\/08\/mercados-san-miguel-san-anton.jpg","width":1000,"height":892,"caption":"Mercado de san miguel y de san ant\u00f3n"},{"@type":"WebSite","@id":"https:\/\/www.proinca.es\/madridfansblog\/#website","url":"https:\/\/www.proinca.es\/madridfansblog\/","name":"Madrid Fans Blog Proinca","description":"Pisos y apartamentos de alquiler en Madrid","publisher":{"@id":"https:\/\/www.proinca.es\/madridfansblog\/#organization"},"potentialAction":[{"@type":"SearchAction","target":{"@type":"EntryPoint","urlTemplate":"https:\/\/www.proinca.es\/madridfansblog\/?s={search_term_string}"},"query-input":{"@type":"PropertyValueSpecification","valueRequired":true,"valueName":"search_term_string"}}],"inLanguage":"es"},{"@type":"Organization","@id":"https:\/\/www.proinca.es\/madridfansblog\/#organization","name":"Proinca","url":"https:\/\/www.proinca.es\/madridfansblog\/","logo":{"@type":"ImageObject","inLanguage":"es","@id":"https:\/\/www.proinca.es\/madridfansblog\/#\/schema\/logo\/image\/","url":"https:\/\/www.proinca.es\/madridfansblog\/wp-content\/uploads\/2022\/03\/logo-proinca.jpg","contentUrl":"https:\/\/www.proinca.es\/madridfansblog\/wp-content\/uploads\/2022\/03\/logo-proinca.jpg","width":522,"height":250,"caption":"Proinca"},"image":{"@id":"https:\/\/www.proinca.es\/madridfansblog\/#\/schema\/logo\/image\/"}},{"@type":"Person","@id":"https:\/\/www.proinca.es\/madridfansblog\/#\/schema\/person\/8401adc89c0a0f5a3574c43326247f1e","name":"Ana Calero","image":{"@type":"ImageObject","inLanguage":"es","@id":"https:\/\/www.proinca.es\/madridfansblog\/wp-content\/litespeed\/avatar\/ef51b25c0718910f475570320941ef46.jpg?ver=1777379772","url":"https:\/\/www.proinca.es\/madridfansblog\/wp-content\/litespeed\/avatar\/ef51b25c0718910f475570320941ef46.jpg?ver=1777379772","contentUrl":"https:\/\/www.proinca.es\/madridfansblog\/wp-content\/litespeed\/avatar\/ef51b25c0718910f475570320941ef46.jpg?ver=1777379772","caption":"Ana Calero"},"description":"Licenciada en Ciencias Empresariales por la Universidad Aut\u00f3noma de Madrid. Forma parte del equipo de Apartamentos Proinca y es una enamorada de Madrid","sameAs":["https:\/\/www.proinca.es\/madridfansblog\/ana-calero\/"]}]}},"_links":{"self":[{"href":"https:\/\/www.proinca.es\/madridfansblog\/wp-json\/wp\/v2\/posts\/541","targetHints":{"allow":["GET"]}}],"collection":[{"href":"https:\/\/www.proinca.es\/madridfansblog\/wp-json\/wp\/v2\/posts"}],"about":[{"href":"https:\/\/www.proinca.es\/madridfansblog\/wp-json\/wp\/v2\/types\/post"}],"author":[{"embeddable":true,"href":"https:\/\/www.proinca.es\/madridfansblog\/wp-json\/wp\/v2\/users\/4"}],"replies":[{"embeddable":true,"href":"https:\/\/www.proinca.es\/madridfansblog\/wp-json\/wp\/v2\/comments?post=541"}],"version-history":[{"count":12,"href":"https:\/\/www.proinca.es\/madridfansblog\/wp-json\/wp\/v2\/posts\/541\/revisions"}],"predecessor-version":[{"id":7716,"href":"https:\/\/www.proinca.es\/madridfansblog\/wp-json\/wp\/v2\/posts\/541\/revisions\/7716"}],"wp:featuredmedia":[{"embeddable":true,"href":"https:\/\/www.proinca.es\/madridfansblog\/wp-json\/wp\/v2\/media\/7003"}],"wp:attachment":[{"href":"https:\/\/www.proinca.es\/madridfansblog\/wp-json\/wp\/v2\/media?parent=541"}],"wp:term":[{"taxonomy":"category","embeddable":true,"href":"https:\/\/www.proinca.es\/madridfansblog\/wp-json\/wp\/v2\/categories?post=541"},{"taxonomy":"post_tag","embeddable":true,"href":"https:\/\/www.proinca.es\/madridfansblog\/wp-json\/wp\/v2\/tags?post=541"}],"curies":[{"name":"wp","href":"https:\/\/api.w.org\/{rel}","templated":true}]}}