{"id":5416,"date":"2018-10-25T19:59:26","date_gmt":"2018-10-25T17:59:26","guid":{"rendered":"https:\/\/www.proinca.es\/madridfansblog\/?p=5416"},"modified":"2025-05-28T13:08:00","modified_gmt":"2025-05-28T11:08:00","slug":"cinco-cafeterias-muy-acogedoras-donde-pasar-una-fria-tarde-de-otono-en-madrid","status":"publish","type":"post","link":"https:\/\/www.proinca.es\/madridfansblog\/cinco-cafeterias-muy-acogedoras-donde-pasar-una-fria-tarde-de-otono-en-madrid\/","title":{"rendered":"CINCO CAFETER\u00cdAS MUY ACOGEDORAS DONDE PASAR UNA FR\u00cdA TARDE DE OTO\u00d1O EN MADRID"},"content":{"rendered":"<p>Qu\u00e9 mejor plan para un <strong>Madrid<\/strong> oto\u00f1al que pasar una fr\u00eda tarde charlando en una bonita cafeter\u00eda<!--more-->. Si adem\u00e1s podemos acompa\u00f1ar nuestra bebida con un rico surtido confitero, la tarde ser\u00e1 redonda. Te dejamos algunas pistas sobre lugares ideales de Madrid en los que disfrutar del caf\u00e9, del ambiente y de la compa\u00f1\u00eda.<\/p>\n<p>&#8211; Si eres de los que no se resiste a un buen pedazo de tarta casera para acompa\u00f1ar el caf\u00e9 de media tarde, <strong>The Little Big Caf\u00e9<\/strong>, en Fern\u00e1ndez de los R\u00edos, es tu apuesta; \u201cun peque\u00f1o caf\u00e9 con gran coraz\u00f3n\u201d, como subraya una de sus responsables. Todos los panes de The Little Big Caf\u00e9 son ecol\u00f3gicos y est\u00e1n hechos \u00edntegramente con masa madre.<\/p>\n<p>&#8211; <strong>Pl\u00e1ntate Caf\u00e9<\/strong> es uno de esos lugares de Madrid que llama la atenci\u00f3n por su cuidada y bonita est\u00e9tica, de hecho, se ha convertido en un local muy frecuentado por instagramers; sin embargo, lo mejor de este rinc\u00f3n en Lavapi\u00e9s es disfrutar de un caf\u00e9 natural entre bonitas plantas y degustar sus ricas galletas de forma pausada.<\/p>\n<p>&#8211; Un cl\u00e1sico entre los cl\u00e1sicos, <strong>el Caf\u00e9 Manuela o El Manuela<\/strong>, como le denomina cari\u00f1osamente quienes frecuentan Tribunal, sigue siendo un lugar perfecto para pasar una tarde oto\u00f1al en Madrid degustando rico caf\u00e9 y jugando a juegos de mesa. La decoraci\u00f3n art nouveau, con columnas de hierro y techo estucado, permanece en la memoria de quienes han vivido intensamente la ciudad de Madrid desde los 80.<\/p>\n<p>&#8211; Le llega el turno ahora a <strong>Wanda Caf\u00e9<\/strong>, en la calle Mar\u00eda de Molina, un concepto de lifestyle vanguardista con una est\u00e9tica muy colorida que invita al optimismo y, como no, a una buena taza de caf\u00e9 o t\u00e9. La tarta de queso y la de zanahoria son ya un cl\u00e1sico de este lugar. Y un dato importante hoy en d\u00eda, todas las mesas tienen toma de corriente y se\u00f1al wifi.<\/p>\n<p>&#8211; Acabamos nuestro listado de recomendaciones en la calle Santa Teresa. All\u00ed encontramos <strong>Cripeka<\/strong>, destino obligado para los amantes de la reposter\u00eda casera y el caf\u00e9 natural con leche fresca. Los bizcochos de lim\u00f3n o de chocolate son solo dos de sus grandes elaboraciones.<\/p>\n\n\n<div class=\"kk-star-ratings kksr-auto kksr-align-left kksr-valign-bottom\"\n    data-payload='{&quot;align&quot;:&quot;left&quot;,&quot;id&quot;:&quot;5416&quot;,&quot;slug&quot;:&quot;default&quot;,&quot;valign&quot;:&quot;bottom&quot;,&quot;ignore&quot;:&quot;&quot;,&quot;reference&quot;:&quot;auto&quot;,&quot;class&quot;:&quot;&quot;,&quot;count&quot;:&quot;1&quot;,&quot;legendonly&quot;:&quot;&quot;,&quot;readonly&quot;:&quot;&quot;,&quot;score&quot;:&quot;5&quot;,&quot;starsonly&quot;:&quot;&quot;,&quot;best&quot;:&quot;5&quot;,&quot;gap&quot;:&quot;1&quot;,&quot;greet&quot;:&quot;Valora este art\u00edculo&quot;,&quot;legend&quot;:&quot;5\\\/5 - (1 voto)&quot;,&quot;size&quot;:&quot;24&quot;,&quot;title&quot;:&quot;CINCO CAFETER\u00cdAS MUY ACOGEDORAS DONDE PASAR UNA FR\u00cdA TARDE DE OTO\u00d1O EN MADRID&quot;,&quot;width&quot;:&quot;124.5&quot;,&quot;_legend&quot;:&quot;{score}\\\/{best} - ({count} {votes})&quot;,&quot;font_factor&quot;:&quot;1.25&quot;}'>\n            \n<div class=\"kksr-stars\">\n    \n<div class=\"kksr-stars-inactive\">\n            <div class=\"kksr-star\" data-star=\"1\" style=\"padding-right: 1px\">\n            \n\n<div class=\"kksr-icon\" style=\"width: 24px; height: 24px;\"><\/div>\n        <\/div>\n            <div class=\"kksr-star\" data-star=\"2\" style=\"padding-right: 1px\">\n            \n\n<div class=\"kksr-icon\" style=\"width: 24px; height: 24px;\"><\/div>\n        <\/div>\n            <div class=\"kksr-star\" data-star=\"3\" style=\"padding-right: 1px\">\n            \n\n<div class=\"kksr-icon\" style=\"width: 24px; height: 24px;\"><\/div>\n        <\/div>\n            <div class=\"kksr-star\" data-star=\"4\" style=\"padding-right: 1px\">\n            \n\n<div class=\"kksr-icon\" style=\"width: 24px; height: 24px;\"><\/div>\n        <\/div>\n            <div class=\"kksr-star\" data-star=\"5\" style=\"padding-right: 1px\">\n            \n\n<div class=\"kksr-icon\" style=\"width: 24px; height: 24px;\"><\/div>\n        <\/div>\n    <\/div>\n    \n<div class=\"kksr-stars-active\" style=\"width: 124.5px;\">\n            <div class=\"kksr-star\" style=\"padding-right: 1px\">\n            \n\n<div class=\"kksr-icon\" style=\"width: 24px; height: 24px;\"><\/div>\n        <\/div>\n            <div class=\"kksr-star\" style=\"padding-right: 1px\">\n            \n\n<div class=\"kksr-icon\" style=\"width: 24px; height: 24px;\"><\/div>\n        <\/div>\n            <div class=\"kksr-star\" style=\"padding-right: 1px\">\n            \n\n<div class=\"kksr-icon\" style=\"width: 24px; height: 24px;\"><\/div>\n        <\/div>\n            <div class=\"kksr-star\" style=\"padding-right: 1px\">\n            \n\n<div class=\"kksr-icon\" style=\"width: 24px; height: 24px;\"><\/div>\n        <\/div>\n            <div class=\"kksr-star\" style=\"padding-right: 1px\">\n            \n\n<div class=\"kksr-icon\" style=\"width: 24px; height: 24px;\"><\/div>\n        <\/div>\n    <\/div>\n<\/div>\n                \n\n<div class=\"kksr-legend\" style=\"font-size: 19.2px;\">\n            5\/5 - (1 voto)    <\/div>\n    <\/div>\n","protected":false},"excerpt":{"rendered":"<p>Qu\u00e9 mejor plan para un Madrid oto\u00f1al que pasar una  [&#8230;]<\/p>\n","protected":false},"author":4,"featured_media":7319,"comment_status":"closed","ping_status":"closed","sticky":false,"template":"","format":"standard","meta":{"footnotes":""},"categories":[79],"tags":[],"class_list":["post-5416","post","type-post","status-publish","format-standard","has-post-thumbnail","hentry","category-vivir-madrid"],"yoast_head":"<!-- This site is optimized with the Yoast SEO plugin v27.4 - https:\/\/yoast.com\/product\/yoast-seo-wordpress\/ -->\n<title>Cinco cafeter\u00edas muy acogedoras en Madrid<\/title>\n<meta name=\"description\" content=\"Cinco cafeter\u00edas ideales de Madrid en los que disfrutar del caf\u00e9, del ambiente y de la compa\u00f1\u00eda este oto\u00f1o.Por MadridFansblog\" \/>\n<meta name=\"robots\" content=\"index, follow, max-snippet:-1, max-image-preview:large, max-video-preview:-1\" \/>\n<link rel=\"canonical\" href=\"https:\/\/www.proinca.es\/madridfansblog\/cinco-cafeterias-muy-acogedoras-donde-pasar-una-fria-tarde-de-otono-en-madrid\/\" \/>\n<meta property=\"og:locale\" content=\"es_ES\" \/>\n<meta property=\"og:type\" content=\"article\" \/>\n<meta property=\"og:title\" content=\"Cinco cafeter\u00edas muy acogedoras en Madrid\" \/>\n<meta property=\"og:description\" content=\"Cinco cafeter\u00edas ideales de Madrid en los que disfrutar del caf\u00e9, del ambiente y de la compa\u00f1\u00eda este oto\u00f1o.Por MadridFansblog\" \/>\n<meta property=\"og:url\" content=\"https:\/\/www.proinca.es\/madridfansblog\/cinco-cafeterias-muy-acogedoras-donde-pasar-una-fria-tarde-de-otono-en-madrid\/\" \/>\n<meta property=\"og:site_name\" content=\"Blog Proinca Madrid\" \/>\n<meta property=\"article:published_time\" content=\"2018-10-25T17:59:26+00:00\" \/>\n<meta property=\"article:modified_time\" content=\"2025-05-28T11:08:00+00:00\" \/>\n<meta property=\"og:image\" content=\"https:\/\/www.proinca.es\/madridfansblog\/wp-content\/uploads\/2018\/07\/cafeterias-acogedoras-otono-madrid.jpg\" \/>\n\t<meta property=\"og:image:width\" content=\"1000\" \/>\n\t<meta property=\"og:image:height\" content=\"667\" \/>\n\t<meta property=\"og:image:type\" content=\"image\/jpeg\" \/>\n<meta name=\"author\" content=\"Ana Calero\" \/>\n<script type=\"application\/ld+json\" class=\"yoast-schema-graph\">{\"@context\":\"https:\\\/\\\/schema.org\",\"@graph\":[{\"@type\":\"Article\",\"@id\":\"https:\\\/\\\/www.proinca.es\\\/madridfansblog\\\/cinco-cafeterias-muy-acogedoras-donde-pasar-una-fria-tarde-de-otono-en-madrid\\\/#article\",\"isPartOf\":{\"@id\":\"https:\\\/\\\/www.proinca.es\\\/madridfansblog\\\/cinco-cafeterias-muy-acogedoras-donde-pasar-una-fria-tarde-de-otono-en-madrid\\\/\"},\"author\":{\"name\":\"Ana Calero\",\"@id\":\"https:\\\/\\\/www.proinca.es\\\/madridfansblog\\\/#\\\/schema\\\/person\\\/8401adc89c0a0f5a3574c43326247f1e\"},\"headline\":\"CINCO CAFETER\u00cdAS MUY ACOGEDORAS DONDE PASAR UNA FR\u00cdA TARDE DE OTO\u00d1O EN MADRID\",\"datePublished\":\"2018-10-25T17:59:26+00:00\",\"dateModified\":\"2025-05-28T11:08:00+00:00\",\"mainEntityOfPage\":{\"@id\":\"https:\\\/\\\/www.proinca.es\\\/madridfansblog\\\/cinco-cafeterias-muy-acogedoras-donde-pasar-una-fria-tarde-de-otono-en-madrid\\\/\"},\"wordCount\":403,\"publisher\":{\"@id\":\"https:\\\/\\\/www.proinca.es\\\/madridfansblog\\\/#organization\"},\"image\":{\"@id\":\"https:\\\/\\\/www.proinca.es\\\/madridfansblog\\\/cinco-cafeterias-muy-acogedoras-donde-pasar-una-fria-tarde-de-otono-en-madrid\\\/#primaryimage\"},\"thumbnailUrl\":\"https:\\\/\\\/www.proinca.es\\\/madridfansblog\\\/wp-content\\\/uploads\\\/2018\\\/07\\\/cafeterias-acogedoras-otono-madrid.jpg\",\"articleSection\":[\"VIVIR MADRID\"],\"inLanguage\":\"es\"},{\"@type\":\"WebPage\",\"@id\":\"https:\\\/\\\/www.proinca.es\\\/madridfansblog\\\/cinco-cafeterias-muy-acogedoras-donde-pasar-una-fria-tarde-de-otono-en-madrid\\\/\",\"url\":\"https:\\\/\\\/www.proinca.es\\\/madridfansblog\\\/cinco-cafeterias-muy-acogedoras-donde-pasar-una-fria-tarde-de-otono-en-madrid\\\/\",\"name\":\"Cinco cafeter\u00edas muy acogedoras en Madrid\",\"isPartOf\":{\"@id\":\"https:\\\/\\\/www.proinca.es\\\/madridfansblog\\\/#website\"},\"primaryImageOfPage\":{\"@id\":\"https:\\\/\\\/www.proinca.es\\\/madridfansblog\\\/cinco-cafeterias-muy-acogedoras-donde-pasar-una-fria-tarde-de-otono-en-madrid\\\/#primaryimage\"},\"image\":{\"@id\":\"https:\\\/\\\/www.proinca.es\\\/madridfansblog\\\/cinco-cafeterias-muy-acogedoras-donde-pasar-una-fria-tarde-de-otono-en-madrid\\\/#primaryimage\"},\"thumbnailUrl\":\"https:\\\/\\\/www.proinca.es\\\/madridfansblog\\\/wp-content\\\/uploads\\\/2018\\\/07\\\/cafeterias-acogedoras-otono-madrid.jpg\",\"datePublished\":\"2018-10-25T17:59:26+00:00\",\"dateModified\":\"2025-05-28T11:08:00+00:00\",\"description\":\"Cinco cafeter\u00edas ideales de Madrid en los que disfrutar del caf\u00e9, del ambiente y de la compa\u00f1\u00eda este oto\u00f1o.Por MadridFansblog\",\"inLanguage\":\"es\",\"potentialAction\":[{\"@type\":\"ReadAction\",\"target\":[\"https:\\\/\\\/www.proinca.es\\\/madridfansblog\\\/cinco-cafeterias-muy-acogedoras-donde-pasar-una-fria-tarde-de-otono-en-madrid\\\/\"]}]},{\"@type\":\"ImageObject\",\"inLanguage\":\"es\",\"@id\":\"https:\\\/\\\/www.proinca.es\\\/madridfansblog\\\/cinco-cafeterias-muy-acogedoras-donde-pasar-una-fria-tarde-de-otono-en-madrid\\\/#primaryimage\",\"url\":\"https:\\\/\\\/www.proinca.es\\\/madridfansblog\\\/wp-content\\\/uploads\\\/2018\\\/07\\\/cafeterias-acogedoras-otono-madrid.jpg\",\"contentUrl\":\"https:\\\/\\\/www.proinca.es\\\/madridfansblog\\\/wp-content\\\/uploads\\\/2018\\\/07\\\/cafeterias-acogedoras-otono-madrid.jpg\",\"width\":1000,\"height\":667,\"caption\":\"Cinco cafeter\u00edas muy acogedoras donde pasar una fr\u00eda tarde de oto\u00f1o en Madrid\"},{\"@type\":\"WebSite\",\"@id\":\"https:\\\/\\\/www.proinca.es\\\/madridfansblog\\\/#website\",\"url\":\"https:\\\/\\\/www.proinca.es\\\/madridfansblog\\\/\",\"name\":\"Madrid Fans Blog Proinca\",\"description\":\"Pisos y apartamentos de alquiler en Madrid\",\"publisher\":{\"@id\":\"https:\\\/\\\/www.proinca.es\\\/madridfansblog\\\/#organization\"},\"potentialAction\":[{\"@type\":\"SearchAction\",\"target\":{\"@type\":\"EntryPoint\",\"urlTemplate\":\"https:\\\/\\\/www.proinca.es\\\/madridfansblog\\\/?s={search_term_string}\"},\"query-input\":{\"@type\":\"PropertyValueSpecification\",\"valueRequired\":true,\"valueName\":\"search_term_string\"}}],\"inLanguage\":\"es\"},{\"@type\":\"Organization\",\"@id\":\"https:\\\/\\\/www.proinca.es\\\/madridfansblog\\\/#organization\",\"name\":\"Proinca\",\"url\":\"https:\\\/\\\/www.proinca.es\\\/madridfansblog\\\/\",\"logo\":{\"@type\":\"ImageObject\",\"inLanguage\":\"es\",\"@id\":\"https:\\\/\\\/www.proinca.es\\\/madridfansblog\\\/#\\\/schema\\\/logo\\\/image\\\/\",\"url\":\"https:\\\/\\\/www.proinca.es\\\/madridfansblog\\\/wp-content\\\/uploads\\\/2022\\\/03\\\/logo-proinca.jpg\",\"contentUrl\":\"https:\\\/\\\/www.proinca.es\\\/madridfansblog\\\/wp-content\\\/uploads\\\/2022\\\/03\\\/logo-proinca.jpg\",\"width\":522,\"height\":250,\"caption\":\"Proinca\"},\"image\":{\"@id\":\"https:\\\/\\\/www.proinca.es\\\/madridfansblog\\\/#\\\/schema\\\/logo\\\/image\\\/\"}},{\"@type\":\"Person\",\"@id\":\"https:\\\/\\\/www.proinca.es\\\/madridfansblog\\\/#\\\/schema\\\/person\\\/8401adc89c0a0f5a3574c43326247f1e\",\"name\":\"Ana Calero\",\"image\":{\"@type\":\"ImageObject\",\"inLanguage\":\"es\",\"@id\":\"https:\\\/\\\/www.proinca.es\\\/madridfansblog\\\/wp-content\\\/litespeed\\\/avatar\\\/ef51b25c0718910f475570320941ef46.jpg?ver=1777379772\",\"url\":\"https:\\\/\\\/www.proinca.es\\\/madridfansblog\\\/wp-content\\\/litespeed\\\/avatar\\\/ef51b25c0718910f475570320941ef46.jpg?ver=1777379772\",\"contentUrl\":\"https:\\\/\\\/www.proinca.es\\\/madridfansblog\\\/wp-content\\\/litespeed\\\/avatar\\\/ef51b25c0718910f475570320941ef46.jpg?ver=1777379772\",\"caption\":\"Ana Calero\"},\"description\":\"Licenciada en Ciencias Empresariales por la Universidad Aut\u00f3noma de Madrid. Forma parte del equipo de Apartamentos Proinca y es una enamorada de Madrid\",\"sameAs\":[\"https:\\\/\\\/www.proinca.es\\\/madridfansblog\\\/ana-calero\\\/\"]}]}<\/script>\n<!-- \/ Yoast SEO plugin. -->","yoast_head_json":{"title":"Cinco cafeter\u00edas muy acogedoras en Madrid","description":"Cinco cafeter\u00edas ideales de Madrid en los que disfrutar del caf\u00e9, del ambiente y de la compa\u00f1\u00eda este oto\u00f1o.Por MadridFansblog","robots":{"index":"index","follow":"follow","max-snippet":"max-snippet:-1","max-image-preview":"max-image-preview:large","max-video-preview":"max-video-preview:-1"},"canonical":"https:\/\/www.proinca.es\/madridfansblog\/cinco-cafeterias-muy-acogedoras-donde-pasar-una-fria-tarde-de-otono-en-madrid\/","og_locale":"es_ES","og_type":"article","og_title":"Cinco cafeter\u00edas muy acogedoras en Madrid","og_description":"Cinco cafeter\u00edas ideales de Madrid en los que disfrutar del caf\u00e9, del ambiente y de la compa\u00f1\u00eda este oto\u00f1o.Por MadridFansblog","og_url":"https:\/\/www.proinca.es\/madridfansblog\/cinco-cafeterias-muy-acogedoras-donde-pasar-una-fria-tarde-de-otono-en-madrid\/","og_site_name":"Blog Proinca Madrid","article_published_time":"2018-10-25T17:59:26+00:00","article_modified_time":"2025-05-28T11:08:00+00:00","og_image":[{"width":1000,"height":667,"url":"https:\/\/www.proinca.es\/madridfansblog\/wp-content\/uploads\/2018\/07\/cafeterias-acogedoras-otono-madrid.jpg","type":"image\/jpeg"}],"author":"Ana Calero","schema":{"@context":"https:\/\/schema.org","@graph":[{"@type":"Article","@id":"https:\/\/www.proinca.es\/madridfansblog\/cinco-cafeterias-muy-acogedoras-donde-pasar-una-fria-tarde-de-otono-en-madrid\/#article","isPartOf":{"@id":"https:\/\/www.proinca.es\/madridfansblog\/cinco-cafeterias-muy-acogedoras-donde-pasar-una-fria-tarde-de-otono-en-madrid\/"},"author":{"name":"Ana Calero","@id":"https:\/\/www.proinca.es\/madridfansblog\/#\/schema\/person\/8401adc89c0a0f5a3574c43326247f1e"},"headline":"CINCO CAFETER\u00cdAS MUY ACOGEDORAS DONDE PASAR UNA FR\u00cdA TARDE DE OTO\u00d1O EN MADRID","datePublished":"2018-10-25T17:59:26+00:00","dateModified":"2025-05-28T11:08:00+00:00","mainEntityOfPage":{"@id":"https:\/\/www.proinca.es\/madridfansblog\/cinco-cafeterias-muy-acogedoras-donde-pasar-una-fria-tarde-de-otono-en-madrid\/"},"wordCount":403,"publisher":{"@id":"https:\/\/www.proinca.es\/madridfansblog\/#organization"},"image":{"@id":"https:\/\/www.proinca.es\/madridfansblog\/cinco-cafeterias-muy-acogedoras-donde-pasar-una-fria-tarde-de-otono-en-madrid\/#primaryimage"},"thumbnailUrl":"https:\/\/www.proinca.es\/madridfansblog\/wp-content\/uploads\/2018\/07\/cafeterias-acogedoras-otono-madrid.jpg","articleSection":["VIVIR MADRID"],"inLanguage":"es"},{"@type":"WebPage","@id":"https:\/\/www.proinca.es\/madridfansblog\/cinco-cafeterias-muy-acogedoras-donde-pasar-una-fria-tarde-de-otono-en-madrid\/","url":"https:\/\/www.proinca.es\/madridfansblog\/cinco-cafeterias-muy-acogedoras-donde-pasar-una-fria-tarde-de-otono-en-madrid\/","name":"Cinco cafeter\u00edas muy acogedoras en Madrid","isPartOf":{"@id":"https:\/\/www.proinca.es\/madridfansblog\/#website"},"primaryImageOfPage":{"@id":"https:\/\/www.proinca.es\/madridfansblog\/cinco-cafeterias-muy-acogedoras-donde-pasar-una-fria-tarde-de-otono-en-madrid\/#primaryimage"},"image":{"@id":"https:\/\/www.proinca.es\/madridfansblog\/cinco-cafeterias-muy-acogedoras-donde-pasar-una-fria-tarde-de-otono-en-madrid\/#primaryimage"},"thumbnailUrl":"https:\/\/www.proinca.es\/madridfansblog\/wp-content\/uploads\/2018\/07\/cafeterias-acogedoras-otono-madrid.jpg","datePublished":"2018-10-25T17:59:26+00:00","dateModified":"2025-05-28T11:08:00+00:00","description":"Cinco cafeter\u00edas ideales de Madrid en los que disfrutar del caf\u00e9, del ambiente y de la compa\u00f1\u00eda este oto\u00f1o.Por MadridFansblog","inLanguage":"es","potentialAction":[{"@type":"ReadAction","target":["https:\/\/www.proinca.es\/madridfansblog\/cinco-cafeterias-muy-acogedoras-donde-pasar-una-fria-tarde-de-otono-en-madrid\/"]}]},{"@type":"ImageObject","inLanguage":"es","@id":"https:\/\/www.proinca.es\/madridfansblog\/cinco-cafeterias-muy-acogedoras-donde-pasar-una-fria-tarde-de-otono-en-madrid\/#primaryimage","url":"https:\/\/www.proinca.es\/madridfansblog\/wp-content\/uploads\/2018\/07\/cafeterias-acogedoras-otono-madrid.jpg","contentUrl":"https:\/\/www.proinca.es\/madridfansblog\/wp-content\/uploads\/2018\/07\/cafeterias-acogedoras-otono-madrid.jpg","width":1000,"height":667,"caption":"Cinco cafeter\u00edas muy acogedoras donde pasar una fr\u00eda tarde de oto\u00f1o en Madrid"},{"@type":"WebSite","@id":"https:\/\/www.proinca.es\/madridfansblog\/#website","url":"https:\/\/www.proinca.es\/madridfansblog\/","name":"Madrid Fans Blog Proinca","description":"Pisos y apartamentos de alquiler en Madrid","publisher":{"@id":"https:\/\/www.proinca.es\/madridfansblog\/#organization"},"potentialAction":[{"@type":"SearchAction","target":{"@type":"EntryPoint","urlTemplate":"https:\/\/www.proinca.es\/madridfansblog\/?s={search_term_string}"},"query-input":{"@type":"PropertyValueSpecification","valueRequired":true,"valueName":"search_term_string"}}],"inLanguage":"es"},{"@type":"Organization","@id":"https:\/\/www.proinca.es\/madridfansblog\/#organization","name":"Proinca","url":"https:\/\/www.proinca.es\/madridfansblog\/","logo":{"@type":"ImageObject","inLanguage":"es","@id":"https:\/\/www.proinca.es\/madridfansblog\/#\/schema\/logo\/image\/","url":"https:\/\/www.proinca.es\/madridfansblog\/wp-content\/uploads\/2022\/03\/logo-proinca.jpg","contentUrl":"https:\/\/www.proinca.es\/madridfansblog\/wp-content\/uploads\/2022\/03\/logo-proinca.jpg","width":522,"height":250,"caption":"Proinca"},"image":{"@id":"https:\/\/www.proinca.es\/madridfansblog\/#\/schema\/logo\/image\/"}},{"@type":"Person","@id":"https:\/\/www.proinca.es\/madridfansblog\/#\/schema\/person\/8401adc89c0a0f5a3574c43326247f1e","name":"Ana Calero","image":{"@type":"ImageObject","inLanguage":"es","@id":"https:\/\/www.proinca.es\/madridfansblog\/wp-content\/litespeed\/avatar\/ef51b25c0718910f475570320941ef46.jpg?ver=1777379772","url":"https:\/\/www.proinca.es\/madridfansblog\/wp-content\/litespeed\/avatar\/ef51b25c0718910f475570320941ef46.jpg?ver=1777379772","contentUrl":"https:\/\/www.proinca.es\/madridfansblog\/wp-content\/litespeed\/avatar\/ef51b25c0718910f475570320941ef46.jpg?ver=1777379772","caption":"Ana Calero"},"description":"Licenciada en Ciencias Empresariales por la Universidad Aut\u00f3noma de Madrid. Forma parte del equipo de Apartamentos Proinca y es una enamorada de Madrid","sameAs":["https:\/\/www.proinca.es\/madridfansblog\/ana-calero\/"]}]}},"_links":{"self":[{"href":"https:\/\/www.proinca.es\/madridfansblog\/wp-json\/wp\/v2\/posts\/5416","targetHints":{"allow":["GET"]}}],"collection":[{"href":"https:\/\/www.proinca.es\/madridfansblog\/wp-json\/wp\/v2\/posts"}],"about":[{"href":"https:\/\/www.proinca.es\/madridfansblog\/wp-json\/wp\/v2\/types\/post"}],"author":[{"embeddable":true,"href":"https:\/\/www.proinca.es\/madridfansblog\/wp-json\/wp\/v2\/users\/4"}],"replies":[{"embeddable":true,"href":"https:\/\/www.proinca.es\/madridfansblog\/wp-json\/wp\/v2\/comments?post=5416"}],"version-history":[{"count":14,"href":"https:\/\/www.proinca.es\/madridfansblog\/wp-json\/wp\/v2\/posts\/5416\/revisions"}],"predecessor-version":[{"id":7348,"href":"https:\/\/www.proinca.es\/madridfansblog\/wp-json\/wp\/v2\/posts\/5416\/revisions\/7348"}],"wp:featuredmedia":[{"embeddable":true,"href":"https:\/\/www.proinca.es\/madridfansblog\/wp-json\/wp\/v2\/media\/7319"}],"wp:attachment":[{"href":"https:\/\/www.proinca.es\/madridfansblog\/wp-json\/wp\/v2\/media?parent=5416"}],"wp:term":[{"taxonomy":"category","embeddable":true,"href":"https:\/\/www.proinca.es\/madridfansblog\/wp-json\/wp\/v2\/categories?post=5416"},{"taxonomy":"post_tag","embeddable":true,"href":"https:\/\/www.proinca.es\/madridfansblog\/wp-json\/wp\/v2\/tags?post=5416"}],"curies":[{"name":"wp","href":"https:\/\/api.w.org\/{rel}","templated":true}]}}