{"id":663,"date":"2012-09-05T10:00:20","date_gmt":"2012-09-05T08:00:20","guid":{"rendered":"http:\/\/www.proinca.es\/madridfansblog\/?p=663"},"modified":"2025-05-28T15:35:27","modified_gmt":"2025-05-28T13:35:27","slug":"por-que-no-el-taxi-of-tomorrow-para-madrid","status":"publish","type":"post","link":"https:\/\/www.proinca.es\/madridfansblog\/por-que-no-el-taxi-of-tomorrow-para-madrid\/","title":{"rendered":"\u00bfPOR QU\u00c9 NO EL \u201cTAXI OF TOMORROW\u201d PARA MADRID?"},"content":{"rendered":"<p style=\"text-align: left;\" align=\"center\">Me da envidia que haya ciudades que han decidido unificar sus taxis a un solo modelo, de las mismas caracter\u00edsticas, con igual equipamiento, pero sobre todo pensando en el pasajero por encima de cualquier otra consideraci\u00f3n.<\/p>\n<p style=\"text-align: left;\" align=\"center\"><!--more-->En Madrid, nos hemos conformado despu\u00e9s de muchos a\u00f1os en cambiar el color negro de los taxis por el color blanco. No est\u00e1 mal. Es un color menos agresivo con el entorno y con la climatolog\u00eda, pero ha sido un cambio claramente insuficiente en el conjunto de la normativa municipal de Madrid sobre los taxis.<\/p>\n<p style=\"text-align: left;\" align=\"center\">Es dif\u00edcil entender c\u00f3mo los taxis pasan regularmente una inspecci\u00f3n para validar su estado y cuando subes a alguno de ellos te encuentras los asientos hundidos, huele mal o el conductor no pone el aire acondicionado \u2018porque gasta\u2019. Incluso, al menos hasta ahora no puedes elegir uno concreto en una parada de taxis, porque lo veas m\u00e1s moderno o m\u00e1s limpio. \u00bfLa prioridad es el pasajero\u2026 o el taxista?<\/p>\n<p style=\"text-align: left;\" align=\"center\">Si creemos que la ciudad de Nueva York puede crear tendencia a nivel mundial, debemos interesarnos en el modelo de taxi que han elegido para los pr\u00f3ximos 10 a\u00f1os y que utilizar\u00e1n los 600.000 neoyorquinos que cada d\u00eda se suben a un taxi en esta ciudad.<\/p>\n<p style=\"text-align: left;\" align=\"center\">En 2007, funcionarios del ayuntamiento de Nueva York se reunieron con representantes de los taxistas, de los propietarios y usuarios de taxis para establecer los objetivos del nuevo taxi neoyorquino, en un proyecto conocido all\u00ed como <strong><em>\u201cTaxi of Tomorrow\u201d<\/em><\/strong>. En diciembre de 2009, se invit\u00f3 a los fabricantes de autom\u00f3viles a presentar ofertas que cumplieran con los requerimientos definidos por todos y, al final del proceso de evaluaci\u00f3n, se ha elegido el <strong>Nissan NV200<\/strong>, que ser\u00e1 el taxi neoyorquino a partir de 2013.<\/p>\n<p style=\"text-align: left;\" align=\"center\">El veh\u00edculo equipar\u00e1 un motor 2.0i de gasolina, garantizado por 240.000 km., destacando adem\u00e1s las siguientes caracter\u00edsticas interiores:<\/p>\n<p style=\"text-align: left;\" align=\"center\">Amplio espacio para cuatro pasajeros y su equipaje.<\/p>\n<ul>\n<li>Amplio espacio para cuatro pasajeros y su equipaje.<\/li>\n<li>Puertas correderas con estribo.<\/li>\n<li>Techo de cristal transparente.<\/li>\n<li>Control de aire acondicionado en la parte trasera independiente.<\/li>\n<li>Tapicer\u00eda cubierta de carb\u00f3n activo para neutralizar los olores interiores.<\/li>\n<li>Luces de lectura cenitales para los pasajeros e iluminaci\u00f3n del suelo.<\/li>\n<li>Toma de carga de tel\u00e9fonos m\u00f3viles y dos puertos USB.<\/li>\n<li>Tejido de los asientos simil cuero, transpirable, antimicrobios, ecol\u00f3gico y duradero.<\/li>\n<li>Discreto claxon conectado a las luces exteriores.<\/li>\n<li>Sistema de navegaci\u00f3n con monitor de visi\u00f3n trasera integrado.<\/li>\n<li>Sistema de intercomunicaci\u00f3n entre conductor y pasajero.<\/li>\n<li>Airbags para los ocupantes delanteros y traseros.<\/li>\n<\/ul>\n<p>El Nissan NV200 de esta versi\u00f3n Taxi para Nueva York se fabricar\u00e1 en la planta de\u00a0Nissan de Cuernavaca, M\u00e9xico. El coste total del veh\u00edculo, con todo el equipamiento de serie previsto, ser\u00e1 de unos 29.700 d\u00f3lares USA. Tambi\u00e9n como parte del mismo programa, Nissan presentar\u00e1 una versi\u00f3n el\u00e9ctrica 100% de este mismo coche.<\/p>\n<p>En la misma l\u00ednea de unificar los taxis a un solo modelo, Londres acaba de nombrar al mismo coche Nissan NV200 como \u2018taxi oficial\u201d de la <em>city<\/em> londinense en sustituci\u00f3n de los actuales TX4 de LTI.<\/p>\n<p>Da la casualidad de que este mismo coche se fabrica tambi\u00e9n, desde hace tiempo, en la factor\u00eda de Nissan Motor Ib\u00e9rica en Barcelona para los mercados europeos, donde tambi\u00e9n se producir\u00e1 la versi\u00f3n el\u00e9ctrica e-NV200, seg\u00fan se ha hecho p\u00fablico en el pasado mes de mayo.<\/p>\n<p>\u00bfPor qu\u00e9, no tomamos nota de las buenas ideas que vienen de fuera?<\/p>\n<p><strong><em>Antonio Mozas<\/em><\/strong><\/p>\n<p><em>M\u00e1s informaci\u00f3n: http:\/\/www.taxioftomorrow.com.<\/em><\/p>\n<p>Foto de Documerica en Unsplash<\/p>\n\n\n<div class=\"kk-star-ratings kksr-auto kksr-align-left kksr-valign-bottom\"\n    data-payload='{&quot;align&quot;:&quot;left&quot;,&quot;id&quot;:&quot;663&quot;,&quot;slug&quot;:&quot;default&quot;,&quot;valign&quot;:&quot;bottom&quot;,&quot;ignore&quot;:&quot;&quot;,&quot;reference&quot;:&quot;auto&quot;,&quot;class&quot;:&quot;&quot;,&quot;count&quot;:&quot;0&quot;,&quot;legendonly&quot;:&quot;&quot;,&quot;readonly&quot;:&quot;&quot;,&quot;score&quot;:&quot;0&quot;,&quot;starsonly&quot;:&quot;&quot;,&quot;best&quot;:&quot;5&quot;,&quot;gap&quot;:&quot;1&quot;,&quot;greet&quot;:&quot;Valora este art\u00edculo&quot;,&quot;legend&quot;:&quot;0\\\/5 - (0 votos)&quot;,&quot;size&quot;:&quot;24&quot;,&quot;title&quot;:&quot;\u00bfPOR QU\u00c9 NO EL \u201cTAXI OF TOMORROW\u201d PARA MADRID?&quot;,&quot;width&quot;:&quot;0&quot;,&quot;_legend&quot;:&quot;{score}\\\/{best} - ({count} {votes})&quot;,&quot;font_factor&quot;:&quot;1.25&quot;}'>\n            \n<div class=\"kksr-stars\">\n    \n<div class=\"kksr-stars-inactive\">\n            <div class=\"kksr-star\" data-star=\"1\" style=\"padding-right: 1px\">\n            \n\n<div class=\"kksr-icon\" style=\"width: 24px; height: 24px;\"><\/div>\n        <\/div>\n            <div class=\"kksr-star\" data-star=\"2\" style=\"padding-right: 1px\">\n            \n\n<div class=\"kksr-icon\" style=\"width: 24px; height: 24px;\"><\/div>\n        <\/div>\n            <div class=\"kksr-star\" data-star=\"3\" style=\"padding-right: 1px\">\n            \n\n<div class=\"kksr-icon\" style=\"width: 24px; height: 24px;\"><\/div>\n        <\/div>\n            <div class=\"kksr-star\" data-star=\"4\" style=\"padding-right: 1px\">\n            \n\n<div class=\"kksr-icon\" style=\"width: 24px; height: 24px;\"><\/div>\n        <\/div>\n            <div class=\"kksr-star\" data-star=\"5\" style=\"padding-right: 1px\">\n            \n\n<div class=\"kksr-icon\" style=\"width: 24px; height: 24px;\"><\/div>\n        <\/div>\n    <\/div>\n    \n<div class=\"kksr-stars-active\" style=\"width: 0px;\">\n            <div class=\"kksr-star\" style=\"padding-right: 1px\">\n            \n\n<div class=\"kksr-icon\" style=\"width: 24px; height: 24px;\"><\/div>\n        <\/div>\n            <div class=\"kksr-star\" style=\"padding-right: 1px\">\n            \n\n<div class=\"kksr-icon\" style=\"width: 24px; height: 24px;\"><\/div>\n        <\/div>\n            <div class=\"kksr-star\" style=\"padding-right: 1px\">\n            \n\n<div class=\"kksr-icon\" style=\"width: 24px; height: 24px;\"><\/div>\n        <\/div>\n            <div class=\"kksr-star\" style=\"padding-right: 1px\">\n            \n\n<div class=\"kksr-icon\" style=\"width: 24px; height: 24px;\"><\/div>\n        <\/div>\n            <div class=\"kksr-star\" style=\"padding-right: 1px\">\n            \n\n<div class=\"kksr-icon\" style=\"width: 24px; height: 24px;\"><\/div>\n        <\/div>\n    <\/div>\n<\/div>\n                \n\n<div class=\"kksr-legend\" style=\"font-size: 19.2px;\">\n            <span class=\"kksr-muted\">Valora este art\u00edculo<\/span>\n    <\/div>\n    <\/div>\n","protected":false},"excerpt":{"rendered":"<p>Me da envidia que haya ciudades que han decidido unificar  [&#8230;]<\/p>\n","protected":false},"author":4,"featured_media":7011,"comment_status":"closed","ping_status":"closed","sticky":false,"template":"","format":"standard","meta":{"footnotes":""},"categories":[79],"tags":[5,42,41],"class_list":["post-663","post","type-post","status-publish","format-standard","has-post-thumbnail","hentry","category-vivir-madrid","tag-madrid","tag-medio-ambiente","tag-transporte"],"yoast_head":"<!-- This site is optimized with the Yoast SEO plugin v27.4 - https:\/\/yoast.com\/product\/yoast-seo-wordpress\/ -->\n<title>El &#039;Taxi of tomorrow&#039;<\/title>\n<meta name=\"description\" content=\"Hay ciudades como New York que han decidido unificar sus taxis a un solo modelo, con id\u00e9ntico equipamiento, pensando de forma prioritaria en el pasajero y su bienestar\" \/>\n<meta name=\"robots\" content=\"index, follow, max-snippet:-1, max-image-preview:large, max-video-preview:-1\" \/>\n<link rel=\"canonical\" href=\"https:\/\/www.proinca.es\/madridfansblog\/por-que-no-el-taxi-of-tomorrow-para-madrid\/\" \/>\n<meta property=\"og:locale\" content=\"es_ES\" \/>\n<meta property=\"og:type\" content=\"article\" \/>\n<meta property=\"og:title\" content=\"El &#039;Taxi of tomorrow&#039;\" \/>\n<meta property=\"og:description\" content=\"Hay ciudades como New York que han decidido unificar sus taxis a un solo modelo, con id\u00e9ntico equipamiento, pensando de forma prioritaria en el pasajero y su bienestar\" \/>\n<meta property=\"og:url\" content=\"https:\/\/www.proinca.es\/madridfansblog\/por-que-no-el-taxi-of-tomorrow-para-madrid\/\" \/>\n<meta property=\"og:site_name\" content=\"Blog Proinca Madrid\" \/>\n<meta property=\"article:published_time\" content=\"2012-09-05T08:00:20+00:00\" \/>\n<meta property=\"article:modified_time\" content=\"2025-05-28T13:35:27+00:00\" \/>\n<meta property=\"og:image\" content=\"https:\/\/www.proinca.es\/madridfansblog\/wp-content\/uploads\/2012\/09\/taxi-of-tomorrow.jpg\" \/>\n\t<meta property=\"og:image:width\" content=\"1000\" \/>\n\t<meta property=\"og:image:height\" content=\"667\" \/>\n\t<meta property=\"og:image:type\" content=\"image\/jpeg\" \/>\n<meta name=\"author\" content=\"Ana Calero\" \/>\n<script type=\"application\/ld+json\" class=\"yoast-schema-graph\">{\"@context\":\"https:\\\/\\\/schema.org\",\"@graph\":[{\"@type\":\"Article\",\"@id\":\"https:\\\/\\\/www.proinca.es\\\/madridfansblog\\\/por-que-no-el-taxi-of-tomorrow-para-madrid\\\/#article\",\"isPartOf\":{\"@id\":\"https:\\\/\\\/www.proinca.es\\\/madridfansblog\\\/por-que-no-el-taxi-of-tomorrow-para-madrid\\\/\"},\"author\":{\"name\":\"Ana Calero\",\"@id\":\"https:\\\/\\\/www.proinca.es\\\/madridfansblog\\\/#\\\/schema\\\/person\\\/8401adc89c0a0f5a3574c43326247f1e\"},\"headline\":\"\u00bfPOR QU\u00c9 NO EL \u201cTAXI OF TOMORROW\u201d PARA MADRID?\",\"datePublished\":\"2012-09-05T08:00:20+00:00\",\"dateModified\":\"2025-05-28T13:35:27+00:00\",\"mainEntityOfPage\":{\"@id\":\"https:\\\/\\\/www.proinca.es\\\/madridfansblog\\\/por-que-no-el-taxi-of-tomorrow-para-madrid\\\/\"},\"wordCount\":622,\"publisher\":{\"@id\":\"https:\\\/\\\/www.proinca.es\\\/madridfansblog\\\/#organization\"},\"image\":{\"@id\":\"https:\\\/\\\/www.proinca.es\\\/madridfansblog\\\/por-que-no-el-taxi-of-tomorrow-para-madrid\\\/#primaryimage\"},\"thumbnailUrl\":\"https:\\\/\\\/www.proinca.es\\\/madridfansblog\\\/wp-content\\\/uploads\\\/2012\\\/09\\\/taxi-of-tomorrow.jpg\",\"keywords\":[\"Madrid\",\"Medio Ambiente\",\"Transporte\"],\"articleSection\":[\"VIVIR MADRID\"],\"inLanguage\":\"es\"},{\"@type\":\"WebPage\",\"@id\":\"https:\\\/\\\/www.proinca.es\\\/madridfansblog\\\/por-que-no-el-taxi-of-tomorrow-para-madrid\\\/\",\"url\":\"https:\\\/\\\/www.proinca.es\\\/madridfansblog\\\/por-que-no-el-taxi-of-tomorrow-para-madrid\\\/\",\"name\":\"El 'Taxi of tomorrow'\",\"isPartOf\":{\"@id\":\"https:\\\/\\\/www.proinca.es\\\/madridfansblog\\\/#website\"},\"primaryImageOfPage\":{\"@id\":\"https:\\\/\\\/www.proinca.es\\\/madridfansblog\\\/por-que-no-el-taxi-of-tomorrow-para-madrid\\\/#primaryimage\"},\"image\":{\"@id\":\"https:\\\/\\\/www.proinca.es\\\/madridfansblog\\\/por-que-no-el-taxi-of-tomorrow-para-madrid\\\/#primaryimage\"},\"thumbnailUrl\":\"https:\\\/\\\/www.proinca.es\\\/madridfansblog\\\/wp-content\\\/uploads\\\/2012\\\/09\\\/taxi-of-tomorrow.jpg\",\"datePublished\":\"2012-09-05T08:00:20+00:00\",\"dateModified\":\"2025-05-28T13:35:27+00:00\",\"description\":\"Hay ciudades como New York que han decidido unificar sus taxis a un solo modelo, con id\u00e9ntico equipamiento, pensando de forma prioritaria en el pasajero y su bienestar\",\"inLanguage\":\"es\",\"potentialAction\":[{\"@type\":\"ReadAction\",\"target\":[\"https:\\\/\\\/www.proinca.es\\\/madridfansblog\\\/por-que-no-el-taxi-of-tomorrow-para-madrid\\\/\"]}]},{\"@type\":\"ImageObject\",\"inLanguage\":\"es\",\"@id\":\"https:\\\/\\\/www.proinca.es\\\/madridfansblog\\\/por-que-no-el-taxi-of-tomorrow-para-madrid\\\/#primaryimage\",\"url\":\"https:\\\/\\\/www.proinca.es\\\/madridfansblog\\\/wp-content\\\/uploads\\\/2012\\\/09\\\/taxi-of-tomorrow.jpg\",\"contentUrl\":\"https:\\\/\\\/www.proinca.es\\\/madridfansblog\\\/wp-content\\\/uploads\\\/2012\\\/09\\\/taxi-of-tomorrow.jpg\",\"width\":1000,\"height\":667,\"caption\":\"\u00bfPor qu\u00e9 no el \u201ctaxi of tomorrow\u201d para madrid?\"},{\"@type\":\"WebSite\",\"@id\":\"https:\\\/\\\/www.proinca.es\\\/madridfansblog\\\/#website\",\"url\":\"https:\\\/\\\/www.proinca.es\\\/madridfansblog\\\/\",\"name\":\"Madrid Fans Blog Proinca\",\"description\":\"Pisos y apartamentos de alquiler en Madrid\",\"publisher\":{\"@id\":\"https:\\\/\\\/www.proinca.es\\\/madridfansblog\\\/#organization\"},\"potentialAction\":[{\"@type\":\"SearchAction\",\"target\":{\"@type\":\"EntryPoint\",\"urlTemplate\":\"https:\\\/\\\/www.proinca.es\\\/madridfansblog\\\/?s={search_term_string}\"},\"query-input\":{\"@type\":\"PropertyValueSpecification\",\"valueRequired\":true,\"valueName\":\"search_term_string\"}}],\"inLanguage\":\"es\"},{\"@type\":\"Organization\",\"@id\":\"https:\\\/\\\/www.proinca.es\\\/madridfansblog\\\/#organization\",\"name\":\"Proinca\",\"url\":\"https:\\\/\\\/www.proinca.es\\\/madridfansblog\\\/\",\"logo\":{\"@type\":\"ImageObject\",\"inLanguage\":\"es\",\"@id\":\"https:\\\/\\\/www.proinca.es\\\/madridfansblog\\\/#\\\/schema\\\/logo\\\/image\\\/\",\"url\":\"https:\\\/\\\/www.proinca.es\\\/madridfansblog\\\/wp-content\\\/uploads\\\/2022\\\/03\\\/logo-proinca.jpg\",\"contentUrl\":\"https:\\\/\\\/www.proinca.es\\\/madridfansblog\\\/wp-content\\\/uploads\\\/2022\\\/03\\\/logo-proinca.jpg\",\"width\":522,\"height\":250,\"caption\":\"Proinca\"},\"image\":{\"@id\":\"https:\\\/\\\/www.proinca.es\\\/madridfansblog\\\/#\\\/schema\\\/logo\\\/image\\\/\"}},{\"@type\":\"Person\",\"@id\":\"https:\\\/\\\/www.proinca.es\\\/madridfansblog\\\/#\\\/schema\\\/person\\\/8401adc89c0a0f5a3574c43326247f1e\",\"name\":\"Ana Calero\",\"image\":{\"@type\":\"ImageObject\",\"inLanguage\":\"es\",\"@id\":\"https:\\\/\\\/www.proinca.es\\\/madridfansblog\\\/wp-content\\\/litespeed\\\/avatar\\\/ef51b25c0718910f475570320941ef46.jpg?ver=1777379772\",\"url\":\"https:\\\/\\\/www.proinca.es\\\/madridfansblog\\\/wp-content\\\/litespeed\\\/avatar\\\/ef51b25c0718910f475570320941ef46.jpg?ver=1777379772\",\"contentUrl\":\"https:\\\/\\\/www.proinca.es\\\/madridfansblog\\\/wp-content\\\/litespeed\\\/avatar\\\/ef51b25c0718910f475570320941ef46.jpg?ver=1777379772\",\"caption\":\"Ana Calero\"},\"description\":\"Licenciada en Ciencias Empresariales por la Universidad Aut\u00f3noma de Madrid. Forma parte del equipo de Apartamentos Proinca y es una enamorada de Madrid\",\"sameAs\":[\"https:\\\/\\\/www.proinca.es\\\/madridfansblog\\\/ana-calero\\\/\"]}]}<\/script>\n<!-- \/ Yoast SEO plugin. -->","yoast_head_json":{"title":"El 'Taxi of tomorrow'","description":"Hay ciudades como New York que han decidido unificar sus taxis a un solo modelo, con id\u00e9ntico equipamiento, pensando de forma prioritaria en el pasajero y su bienestar","robots":{"index":"index","follow":"follow","max-snippet":"max-snippet:-1","max-image-preview":"max-image-preview:large","max-video-preview":"max-video-preview:-1"},"canonical":"https:\/\/www.proinca.es\/madridfansblog\/por-que-no-el-taxi-of-tomorrow-para-madrid\/","og_locale":"es_ES","og_type":"article","og_title":"El 'Taxi of tomorrow'","og_description":"Hay ciudades como New York que han decidido unificar sus taxis a un solo modelo, con id\u00e9ntico equipamiento, pensando de forma prioritaria en el pasajero y su bienestar","og_url":"https:\/\/www.proinca.es\/madridfansblog\/por-que-no-el-taxi-of-tomorrow-para-madrid\/","og_site_name":"Blog Proinca Madrid","article_published_time":"2012-09-05T08:00:20+00:00","article_modified_time":"2025-05-28T13:35:27+00:00","og_image":[{"width":1000,"height":667,"url":"https:\/\/www.proinca.es\/madridfansblog\/wp-content\/uploads\/2012\/09\/taxi-of-tomorrow.jpg","type":"image\/jpeg"}],"author":"Ana Calero","schema":{"@context":"https:\/\/schema.org","@graph":[{"@type":"Article","@id":"https:\/\/www.proinca.es\/madridfansblog\/por-que-no-el-taxi-of-tomorrow-para-madrid\/#article","isPartOf":{"@id":"https:\/\/www.proinca.es\/madridfansblog\/por-que-no-el-taxi-of-tomorrow-para-madrid\/"},"author":{"name":"Ana Calero","@id":"https:\/\/www.proinca.es\/madridfansblog\/#\/schema\/person\/8401adc89c0a0f5a3574c43326247f1e"},"headline":"\u00bfPOR QU\u00c9 NO EL \u201cTAXI OF TOMORROW\u201d PARA MADRID?","datePublished":"2012-09-05T08:00:20+00:00","dateModified":"2025-05-28T13:35:27+00:00","mainEntityOfPage":{"@id":"https:\/\/www.proinca.es\/madridfansblog\/por-que-no-el-taxi-of-tomorrow-para-madrid\/"},"wordCount":622,"publisher":{"@id":"https:\/\/www.proinca.es\/madridfansblog\/#organization"},"image":{"@id":"https:\/\/www.proinca.es\/madridfansblog\/por-que-no-el-taxi-of-tomorrow-para-madrid\/#primaryimage"},"thumbnailUrl":"https:\/\/www.proinca.es\/madridfansblog\/wp-content\/uploads\/2012\/09\/taxi-of-tomorrow.jpg","keywords":["Madrid","Medio Ambiente","Transporte"],"articleSection":["VIVIR MADRID"],"inLanguage":"es"},{"@type":"WebPage","@id":"https:\/\/www.proinca.es\/madridfansblog\/por-que-no-el-taxi-of-tomorrow-para-madrid\/","url":"https:\/\/www.proinca.es\/madridfansblog\/por-que-no-el-taxi-of-tomorrow-para-madrid\/","name":"El 'Taxi of tomorrow'","isPartOf":{"@id":"https:\/\/www.proinca.es\/madridfansblog\/#website"},"primaryImageOfPage":{"@id":"https:\/\/www.proinca.es\/madridfansblog\/por-que-no-el-taxi-of-tomorrow-para-madrid\/#primaryimage"},"image":{"@id":"https:\/\/www.proinca.es\/madridfansblog\/por-que-no-el-taxi-of-tomorrow-para-madrid\/#primaryimage"},"thumbnailUrl":"https:\/\/www.proinca.es\/madridfansblog\/wp-content\/uploads\/2012\/09\/taxi-of-tomorrow.jpg","datePublished":"2012-09-05T08:00:20+00:00","dateModified":"2025-05-28T13:35:27+00:00","description":"Hay ciudades como New York que han decidido unificar sus taxis a un solo modelo, con id\u00e9ntico equipamiento, pensando de forma prioritaria en el pasajero y su bienestar","inLanguage":"es","potentialAction":[{"@type":"ReadAction","target":["https:\/\/www.proinca.es\/madridfansblog\/por-que-no-el-taxi-of-tomorrow-para-madrid\/"]}]},{"@type":"ImageObject","inLanguage":"es","@id":"https:\/\/www.proinca.es\/madridfansblog\/por-que-no-el-taxi-of-tomorrow-para-madrid\/#primaryimage","url":"https:\/\/www.proinca.es\/madridfansblog\/wp-content\/uploads\/2012\/09\/taxi-of-tomorrow.jpg","contentUrl":"https:\/\/www.proinca.es\/madridfansblog\/wp-content\/uploads\/2012\/09\/taxi-of-tomorrow.jpg","width":1000,"height":667,"caption":"\u00bfPor qu\u00e9 no el \u201ctaxi of tomorrow\u201d para madrid?"},{"@type":"WebSite","@id":"https:\/\/www.proinca.es\/madridfansblog\/#website","url":"https:\/\/www.proinca.es\/madridfansblog\/","name":"Madrid Fans Blog Proinca","description":"Pisos y apartamentos de alquiler en Madrid","publisher":{"@id":"https:\/\/www.proinca.es\/madridfansblog\/#organization"},"potentialAction":[{"@type":"SearchAction","target":{"@type":"EntryPoint","urlTemplate":"https:\/\/www.proinca.es\/madridfansblog\/?s={search_term_string}"},"query-input":{"@type":"PropertyValueSpecification","valueRequired":true,"valueName":"search_term_string"}}],"inLanguage":"es"},{"@type":"Organization","@id":"https:\/\/www.proinca.es\/madridfansblog\/#organization","name":"Proinca","url":"https:\/\/www.proinca.es\/madridfansblog\/","logo":{"@type":"ImageObject","inLanguage":"es","@id":"https:\/\/www.proinca.es\/madridfansblog\/#\/schema\/logo\/image\/","url":"https:\/\/www.proinca.es\/madridfansblog\/wp-content\/uploads\/2022\/03\/logo-proinca.jpg","contentUrl":"https:\/\/www.proinca.es\/madridfansblog\/wp-content\/uploads\/2022\/03\/logo-proinca.jpg","width":522,"height":250,"caption":"Proinca"},"image":{"@id":"https:\/\/www.proinca.es\/madridfansblog\/#\/schema\/logo\/image\/"}},{"@type":"Person","@id":"https:\/\/www.proinca.es\/madridfansblog\/#\/schema\/person\/8401adc89c0a0f5a3574c43326247f1e","name":"Ana Calero","image":{"@type":"ImageObject","inLanguage":"es","@id":"https:\/\/www.proinca.es\/madridfansblog\/wp-content\/litespeed\/avatar\/ef51b25c0718910f475570320941ef46.jpg?ver=1777379772","url":"https:\/\/www.proinca.es\/madridfansblog\/wp-content\/litespeed\/avatar\/ef51b25c0718910f475570320941ef46.jpg?ver=1777379772","contentUrl":"https:\/\/www.proinca.es\/madridfansblog\/wp-content\/litespeed\/avatar\/ef51b25c0718910f475570320941ef46.jpg?ver=1777379772","caption":"Ana Calero"},"description":"Licenciada en Ciencias Empresariales por la Universidad Aut\u00f3noma de Madrid. Forma parte del equipo de Apartamentos Proinca y es una enamorada de Madrid","sameAs":["https:\/\/www.proinca.es\/madridfansblog\/ana-calero\/"]}]}},"_links":{"self":[{"href":"https:\/\/www.proinca.es\/madridfansblog\/wp-json\/wp\/v2\/posts\/663","targetHints":{"allow":["GET"]}}],"collection":[{"href":"https:\/\/www.proinca.es\/madridfansblog\/wp-json\/wp\/v2\/posts"}],"about":[{"href":"https:\/\/www.proinca.es\/madridfansblog\/wp-json\/wp\/v2\/types\/post"}],"author":[{"embeddable":true,"href":"https:\/\/www.proinca.es\/madridfansblog\/wp-json\/wp\/v2\/users\/4"}],"replies":[{"embeddable":true,"href":"https:\/\/www.proinca.es\/madridfansblog\/wp-json\/wp\/v2\/comments?post=663"}],"version-history":[{"count":34,"href":"https:\/\/www.proinca.es\/madridfansblog\/wp-json\/wp\/v2\/posts\/663\/revisions"}],"predecessor-version":[{"id":7711,"href":"https:\/\/www.proinca.es\/madridfansblog\/wp-json\/wp\/v2\/posts\/663\/revisions\/7711"}],"wp:featuredmedia":[{"embeddable":true,"href":"https:\/\/www.proinca.es\/madridfansblog\/wp-json\/wp\/v2\/media\/7011"}],"wp:attachment":[{"href":"https:\/\/www.proinca.es\/madridfansblog\/wp-json\/wp\/v2\/media?parent=663"}],"wp:term":[{"taxonomy":"category","embeddable":true,"href":"https:\/\/www.proinca.es\/madridfansblog\/wp-json\/wp\/v2\/categories?post=663"},{"taxonomy":"post_tag","embeddable":true,"href":"https:\/\/www.proinca.es\/madridfansblog\/wp-json\/wp\/v2\/tags?post=663"}],"curies":[{"name":"wp","href":"https:\/\/api.w.org\/{rel}","templated":true}]}}