{"id":700,"date":"2012-09-12T10:00:56","date_gmt":"2012-09-12T08:00:56","guid":{"rendered":"http:\/\/www.proinca.es\/madridfansblog\/?p=700"},"modified":"2025-05-28T15:35:32","modified_gmt":"2025-05-28T13:35:32","slug":"si-la-montana-no-viene-a-mahoma-banos-arabes-en-madrid","status":"publish","type":"post","link":"https:\/\/www.proinca.es\/madridfansblog\/si-la-montana-no-viene-a-mahoma-banos-arabes-en-madrid\/","title":{"rendered":"SI LA MONTA\u00d1A NO VIENE A MAHOMA . . .  BA\u00d1OS \u00c1RABES EN MADRID!"},"content":{"rendered":"<p>\u00bfQuieres transportarte a esos maravillosos escenarios que encontramos en los cuentos <em>Las mil y una noches<\/em>? \u00bfQuieres desconectar y relajar tu cuerpo, tu mente y tu alma? Si eres amante de los masajes, de los aromas, del sonido del agua y del yoga, entonces existe un lugar perfecto para ti, y no nos referimos a un monasterio perdido en las monta\u00f1as de Nepal precisamente\u2026, podr\u00e1s encontrar todo esto y m\u00e1s en el coraz\u00f3n de la capital madrile\u00f1a y a precios relativamente econ\u00f3micos. <!--more-->Nos referimos a los <strong>ba\u00f1os \u00e1rabes<\/strong>, centros de relajaci\u00f3n y tem\u00e1tica oriental concebidos para disfrutar del placer del descanso.<\/p>\n<p>M\u00e1s que lugares, se trata de templos donde el tiempo no pasa, y m\u00e1s que balnearios, son oasis encantados donde t\u00fa eres el protagonista. En estos <strong>centros de relajaci\u00f3n<\/strong>, donde el cuidado de la salud y de la piel son primordiales, se combinan en perfecta sinton\u00eda las temperaturas, el vapor de agua, los aromas del eucalipto, la exquisita decoraci\u00f3n y luces y sombras que nos abstraen de nuestra rutina diaria para transportarnos a un mundo de calma y quietud.<\/p>\n<p>En Madrid hay varias alternativas donde relajarte y disfrutar de la <strong>cultura andalus\u00ed<\/strong>. Dos de estos centros son <strong>Hammam Al \u00c1ndalus Madrid<\/strong> (en el barrio de la Almudena -antigua Almudaina-, este Hammam guarda la esencia del aljibe centenario sobre el que se ha construido, en plena calle de Atocha) y <strong>Hammam Ayala<\/strong> (en la calle del mismo nombre, entre las estaciones de Metro de Goya y Manuel Becerra).<\/p>\n<p><a href=\"http:\/\/www.proinca.es\/madridfansblog\/wp-content\/uploads\/2012\/09\/Madridfansblog-ba\u00f1os-arabes1-350x126.jpg\"><img decoding=\"async\" class=\"alignnone size-full wp-image-705\" title=\"Madridfansblog-ba\u00f1os-arabes1-350x126\" src=\"http:\/\/www.proinca.es\/madridfansblog\/wp-content\/uploads\/2012\/09\/Madridfansblog-ba\u00f1os-arabes1-350x126.jpg\" alt=\"\" width=\"350\" height=\"126\" srcset=\"https:\/\/www.proinca.es\/madridfansblog\/wp-content\/uploads\/2012\/09\/Madridfansblog-ba\u00f1os-arabes1-350x126-300x108.jpg 300w, https:\/\/www.proinca.es\/madridfansblog\/wp-content\/uploads\/2012\/09\/Madridfansblog-ba\u00f1os-arabes1-350x126.jpg 350w\" sizes=\"(max-width: 350px) 100vw, 350px\" \/><\/a><\/p>\n<p>Estos centros ofrecen una amplia gama de circuitos muy interesantes, donde podr\u00e1s escoger tratamientos espec\u00edficos para el cuidado del cuerpo o masajes para liberar tensiones y dolores musculares, tambi\u00e9n cuentan con saunas, duchas fr\u00edas, salas de vapor, jacuzzi, etc. Lo que desees. Puedes escoger un circuito para un fin de semana con tu <em>partenaire <\/em>o bien acudir varias veces a la semana para disfrutar de un tratamiento revitalizante y estar como nuevo cada d\u00eda.<\/p>\n<p>Tenemos que dar gracias a la <strong>cultura \u00e1rabe <\/strong>por tener hoy en d\u00eda estos centros tan saludables y relajantes como son los Hamman. Esta idea, que en su momento revolucion\u00f3 al mundo, pues tanto los griegos como los romanos adoptaron estas t\u00e9cnicas en sus termas, se ha convertido hoy en un reclamo para quienes buscan placer, calma y salud.<\/p>\n<p>Foto de SR en Unsplash<\/p>\n\n\n<div class=\"kk-star-ratings kksr-auto kksr-align-left kksr-valign-bottom\"\n    data-payload='{&quot;align&quot;:&quot;left&quot;,&quot;id&quot;:&quot;700&quot;,&quot;slug&quot;:&quot;default&quot;,&quot;valign&quot;:&quot;bottom&quot;,&quot;ignore&quot;:&quot;&quot;,&quot;reference&quot;:&quot;auto&quot;,&quot;class&quot;:&quot;&quot;,&quot;count&quot;:&quot;0&quot;,&quot;legendonly&quot;:&quot;&quot;,&quot;readonly&quot;:&quot;&quot;,&quot;score&quot;:&quot;0&quot;,&quot;starsonly&quot;:&quot;&quot;,&quot;best&quot;:&quot;5&quot;,&quot;gap&quot;:&quot;1&quot;,&quot;greet&quot;:&quot;Valora este art\u00edculo&quot;,&quot;legend&quot;:&quot;0\\\/5 - (0 votos)&quot;,&quot;size&quot;:&quot;24&quot;,&quot;title&quot;:&quot;SI LA MONTA\u00d1A NO VIENE A MAHOMA . . .  BA\u00d1OS \u00c1RABES EN MADRID!&quot;,&quot;width&quot;:&quot;0&quot;,&quot;_legend&quot;:&quot;{score}\\\/{best} - ({count} {votes})&quot;,&quot;font_factor&quot;:&quot;1.25&quot;}'>\n            \n<div class=\"kksr-stars\">\n    \n<div class=\"kksr-stars-inactive\">\n            <div class=\"kksr-star\" data-star=\"1\" style=\"padding-right: 1px\">\n            \n\n<div class=\"kksr-icon\" style=\"width: 24px; height: 24px;\"><\/div>\n        <\/div>\n            <div class=\"kksr-star\" data-star=\"2\" style=\"padding-right: 1px\">\n            \n\n<div class=\"kksr-icon\" style=\"width: 24px; height: 24px;\"><\/div>\n        <\/div>\n            <div class=\"kksr-star\" data-star=\"3\" style=\"padding-right: 1px\">\n            \n\n<div class=\"kksr-icon\" style=\"width: 24px; height: 24px;\"><\/div>\n        <\/div>\n            <div class=\"kksr-star\" data-star=\"4\" style=\"padding-right: 1px\">\n            \n\n<div class=\"kksr-icon\" style=\"width: 24px; height: 24px;\"><\/div>\n        <\/div>\n            <div class=\"kksr-star\" data-star=\"5\" style=\"padding-right: 1px\">\n            \n\n<div class=\"kksr-icon\" style=\"width: 24px; height: 24px;\"><\/div>\n        <\/div>\n    <\/div>\n    \n<div class=\"kksr-stars-active\" style=\"width: 0px;\">\n            <div class=\"kksr-star\" style=\"padding-right: 1px\">\n            \n\n<div class=\"kksr-icon\" style=\"width: 24px; height: 24px;\"><\/div>\n        <\/div>\n            <div class=\"kksr-star\" style=\"padding-right: 1px\">\n            \n\n<div class=\"kksr-icon\" style=\"width: 24px; height: 24px;\"><\/div>\n        <\/div>\n            <div class=\"kksr-star\" style=\"padding-right: 1px\">\n            \n\n<div class=\"kksr-icon\" style=\"width: 24px; height: 24px;\"><\/div>\n        <\/div>\n            <div class=\"kksr-star\" style=\"padding-right: 1px\">\n            \n\n<div class=\"kksr-icon\" style=\"width: 24px; height: 24px;\"><\/div>\n        <\/div>\n            <div class=\"kksr-star\" style=\"padding-right: 1px\">\n            \n\n<div class=\"kksr-icon\" style=\"width: 24px; height: 24px;\"><\/div>\n        <\/div>\n    <\/div>\n<\/div>\n                \n\n<div class=\"kksr-legend\" style=\"font-size: 19.2px;\">\n            <span class=\"kksr-muted\">Valora este art\u00edculo<\/span>\n    <\/div>\n    <\/div>\n","protected":false},"excerpt":{"rendered":"<p>\u00bfQuieres transportarte a esos maravillosos escenarios que encontramos en los  [&#8230;]<\/p>\n","protected":false},"author":4,"featured_media":7013,"comment_status":"closed","ping_status":"closed","sticky":false,"template":"","format":"standard","meta":{"footnotes":""},"categories":[79],"tags":[36,5,20],"class_list":["post-700","post","type-post","status-publish","format-standard","has-post-thumbnail","hentry","category-vivir-madrid","tag-afterwork","tag-madrid","tag-ocio"],"yoast_head":"<!-- This site is optimized with the Yoast SEO plugin v27.4 - https:\/\/yoast.com\/product\/yoast-seo-wordpress\/ -->\n<title>Ba\u00f1os \u00e1rabes en Madrid, centros de relajaci\u00f3n y desconexi\u00f3n<\/title>\n<meta name=\"description\" content=\"Ba\u00f1os \u00e1rabes en Madrid, centros de relajaci\u00f3n y tem\u00e1tica oriental concebidos para disfrutar del placer del descanso.\" \/>\n<meta name=\"robots\" content=\"index, follow, max-snippet:-1, max-image-preview:large, max-video-preview:-1\" \/>\n<link rel=\"canonical\" href=\"https:\/\/www.proinca.es\/madridfansblog\/si-la-montana-no-viene-a-mahoma-banos-arabes-en-madrid\/\" \/>\n<meta property=\"og:locale\" content=\"es_ES\" \/>\n<meta property=\"og:type\" content=\"article\" \/>\n<meta property=\"og:title\" content=\"Ba\u00f1os \u00e1rabes en Madrid, centros de relajaci\u00f3n y desconexi\u00f3n\" \/>\n<meta property=\"og:description\" content=\"Ba\u00f1os \u00e1rabes en Madrid, centros de relajaci\u00f3n y tem\u00e1tica oriental concebidos para disfrutar del placer del descanso.\" \/>\n<meta property=\"og:url\" content=\"https:\/\/www.proinca.es\/madridfansblog\/si-la-montana-no-viene-a-mahoma-banos-arabes-en-madrid\/\" \/>\n<meta property=\"og:site_name\" content=\"Blog Proinca Madrid\" \/>\n<meta property=\"article:published_time\" content=\"2012-09-12T08:00:56+00:00\" \/>\n<meta property=\"article:modified_time\" content=\"2025-05-28T13:35:32+00:00\" \/>\n<meta property=\"og:image\" content=\"https:\/\/www.proinca.es\/madridfansblog\/wp-content\/uploads\/2012\/09\/banos-arabes.jpg\" \/>\n\t<meta property=\"og:image:width\" content=\"1000\" \/>\n\t<meta property=\"og:image:height\" content=\"667\" \/>\n\t<meta property=\"og:image:type\" content=\"image\/jpeg\" \/>\n<meta name=\"author\" content=\"Ana Calero\" \/>\n<script type=\"application\/ld+json\" class=\"yoast-schema-graph\">{\"@context\":\"https:\\\/\\\/schema.org\",\"@graph\":[{\"@type\":\"Article\",\"@id\":\"https:\\\/\\\/www.proinca.es\\\/madridfansblog\\\/si-la-montana-no-viene-a-mahoma-banos-arabes-en-madrid\\\/#article\",\"isPartOf\":{\"@id\":\"https:\\\/\\\/www.proinca.es\\\/madridfansblog\\\/si-la-montana-no-viene-a-mahoma-banos-arabes-en-madrid\\\/\"},\"author\":{\"name\":\"Ana Calero\",\"@id\":\"https:\\\/\\\/www.proinca.es\\\/madridfansblog\\\/#\\\/schema\\\/person\\\/8401adc89c0a0f5a3574c43326247f1e\"},\"headline\":\"SI LA MONTA\u00d1A NO VIENE A MAHOMA . . . BA\u00d1OS \u00c1RABES EN MADRID!\",\"datePublished\":\"2012-09-12T08:00:56+00:00\",\"dateModified\":\"2025-05-28T13:35:32+00:00\",\"mainEntityOfPage\":{\"@id\":\"https:\\\/\\\/www.proinca.es\\\/madridfansblog\\\/si-la-montana-no-viene-a-mahoma-banos-arabes-en-madrid\\\/\"},\"wordCount\":420,\"publisher\":{\"@id\":\"https:\\\/\\\/www.proinca.es\\\/madridfansblog\\\/#organization\"},\"image\":{\"@id\":\"https:\\\/\\\/www.proinca.es\\\/madridfansblog\\\/si-la-montana-no-viene-a-mahoma-banos-arabes-en-madrid\\\/#primaryimage\"},\"thumbnailUrl\":\"https:\\\/\\\/www.proinca.es\\\/madridfansblog\\\/wp-content\\\/uploads\\\/2012\\\/09\\\/banos-arabes.jpg\",\"keywords\":[\"Afterwork\",\"Madrid\",\"Ocio\"],\"articleSection\":[\"VIVIR MADRID\"],\"inLanguage\":\"es\"},{\"@type\":\"WebPage\",\"@id\":\"https:\\\/\\\/www.proinca.es\\\/madridfansblog\\\/si-la-montana-no-viene-a-mahoma-banos-arabes-en-madrid\\\/\",\"url\":\"https:\\\/\\\/www.proinca.es\\\/madridfansblog\\\/si-la-montana-no-viene-a-mahoma-banos-arabes-en-madrid\\\/\",\"name\":\"Ba\u00f1os \u00e1rabes en Madrid, centros de relajaci\u00f3n y desconexi\u00f3n\",\"isPartOf\":{\"@id\":\"https:\\\/\\\/www.proinca.es\\\/madridfansblog\\\/#website\"},\"primaryImageOfPage\":{\"@id\":\"https:\\\/\\\/www.proinca.es\\\/madridfansblog\\\/si-la-montana-no-viene-a-mahoma-banos-arabes-en-madrid\\\/#primaryimage\"},\"image\":{\"@id\":\"https:\\\/\\\/www.proinca.es\\\/madridfansblog\\\/si-la-montana-no-viene-a-mahoma-banos-arabes-en-madrid\\\/#primaryimage\"},\"thumbnailUrl\":\"https:\\\/\\\/www.proinca.es\\\/madridfansblog\\\/wp-content\\\/uploads\\\/2012\\\/09\\\/banos-arabes.jpg\",\"datePublished\":\"2012-09-12T08:00:56+00:00\",\"dateModified\":\"2025-05-28T13:35:32+00:00\",\"description\":\"Ba\u00f1os \u00e1rabes en Madrid, centros de relajaci\u00f3n y tem\u00e1tica oriental concebidos para disfrutar del placer del descanso.\",\"inLanguage\":\"es\",\"potentialAction\":[{\"@type\":\"ReadAction\",\"target\":[\"https:\\\/\\\/www.proinca.es\\\/madridfansblog\\\/si-la-montana-no-viene-a-mahoma-banos-arabes-en-madrid\\\/\"]}]},{\"@type\":\"ImageObject\",\"inLanguage\":\"es\",\"@id\":\"https:\\\/\\\/www.proinca.es\\\/madridfansblog\\\/si-la-montana-no-viene-a-mahoma-banos-arabes-en-madrid\\\/#primaryimage\",\"url\":\"https:\\\/\\\/www.proinca.es\\\/madridfansblog\\\/wp-content\\\/uploads\\\/2012\\\/09\\\/banos-arabes.jpg\",\"contentUrl\":\"https:\\\/\\\/www.proinca.es\\\/madridfansblog\\\/wp-content\\\/uploads\\\/2012\\\/09\\\/banos-arabes.jpg\",\"width\":1000,\"height\":667,\"caption\":\"Si la monta\u00f1a no viene a mahoma . . . Ba\u00f1os \u00e1rabes en madrid!\"},{\"@type\":\"WebSite\",\"@id\":\"https:\\\/\\\/www.proinca.es\\\/madridfansblog\\\/#website\",\"url\":\"https:\\\/\\\/www.proinca.es\\\/madridfansblog\\\/\",\"name\":\"Madrid Fans Blog Proinca\",\"description\":\"Pisos y apartamentos de alquiler en Madrid\",\"publisher\":{\"@id\":\"https:\\\/\\\/www.proinca.es\\\/madridfansblog\\\/#organization\"},\"potentialAction\":[{\"@type\":\"SearchAction\",\"target\":{\"@type\":\"EntryPoint\",\"urlTemplate\":\"https:\\\/\\\/www.proinca.es\\\/madridfansblog\\\/?s={search_term_string}\"},\"query-input\":{\"@type\":\"PropertyValueSpecification\",\"valueRequired\":true,\"valueName\":\"search_term_string\"}}],\"inLanguage\":\"es\"},{\"@type\":\"Organization\",\"@id\":\"https:\\\/\\\/www.proinca.es\\\/madridfansblog\\\/#organization\",\"name\":\"Proinca\",\"url\":\"https:\\\/\\\/www.proinca.es\\\/madridfansblog\\\/\",\"logo\":{\"@type\":\"ImageObject\",\"inLanguage\":\"es\",\"@id\":\"https:\\\/\\\/www.proinca.es\\\/madridfansblog\\\/#\\\/schema\\\/logo\\\/image\\\/\",\"url\":\"https:\\\/\\\/www.proinca.es\\\/madridfansblog\\\/wp-content\\\/uploads\\\/2022\\\/03\\\/logo-proinca.jpg\",\"contentUrl\":\"https:\\\/\\\/www.proinca.es\\\/madridfansblog\\\/wp-content\\\/uploads\\\/2022\\\/03\\\/logo-proinca.jpg\",\"width\":522,\"height\":250,\"caption\":\"Proinca\"},\"image\":{\"@id\":\"https:\\\/\\\/www.proinca.es\\\/madridfansblog\\\/#\\\/schema\\\/logo\\\/image\\\/\"}},{\"@type\":\"Person\",\"@id\":\"https:\\\/\\\/www.proinca.es\\\/madridfansblog\\\/#\\\/schema\\\/person\\\/8401adc89c0a0f5a3574c43326247f1e\",\"name\":\"Ana Calero\",\"image\":{\"@type\":\"ImageObject\",\"inLanguage\":\"es\",\"@id\":\"https:\\\/\\\/www.proinca.es\\\/madridfansblog\\\/wp-content\\\/litespeed\\\/avatar\\\/ef51b25c0718910f475570320941ef46.jpg?ver=1777379772\",\"url\":\"https:\\\/\\\/www.proinca.es\\\/madridfansblog\\\/wp-content\\\/litespeed\\\/avatar\\\/ef51b25c0718910f475570320941ef46.jpg?ver=1777379772\",\"contentUrl\":\"https:\\\/\\\/www.proinca.es\\\/madridfansblog\\\/wp-content\\\/litespeed\\\/avatar\\\/ef51b25c0718910f475570320941ef46.jpg?ver=1777379772\",\"caption\":\"Ana Calero\"},\"description\":\"Licenciada en Ciencias Empresariales por la Universidad Aut\u00f3noma de Madrid. Forma parte del equipo de Apartamentos Proinca y es una enamorada de Madrid\",\"sameAs\":[\"https:\\\/\\\/www.proinca.es\\\/madridfansblog\\\/ana-calero\\\/\"]}]}<\/script>\n<!-- \/ Yoast SEO plugin. -->","yoast_head_json":{"title":"Ba\u00f1os \u00e1rabes en Madrid, centros de relajaci\u00f3n y desconexi\u00f3n","description":"Ba\u00f1os \u00e1rabes en Madrid, centros de relajaci\u00f3n y tem\u00e1tica oriental concebidos para disfrutar del placer del descanso.","robots":{"index":"index","follow":"follow","max-snippet":"max-snippet:-1","max-image-preview":"max-image-preview:large","max-video-preview":"max-video-preview:-1"},"canonical":"https:\/\/www.proinca.es\/madridfansblog\/si-la-montana-no-viene-a-mahoma-banos-arabes-en-madrid\/","og_locale":"es_ES","og_type":"article","og_title":"Ba\u00f1os \u00e1rabes en Madrid, centros de relajaci\u00f3n y desconexi\u00f3n","og_description":"Ba\u00f1os \u00e1rabes en Madrid, centros de relajaci\u00f3n y tem\u00e1tica oriental concebidos para disfrutar del placer del descanso.","og_url":"https:\/\/www.proinca.es\/madridfansblog\/si-la-montana-no-viene-a-mahoma-banos-arabes-en-madrid\/","og_site_name":"Blog Proinca Madrid","article_published_time":"2012-09-12T08:00:56+00:00","article_modified_time":"2025-05-28T13:35:32+00:00","og_image":[{"width":1000,"height":667,"url":"https:\/\/www.proinca.es\/madridfansblog\/wp-content\/uploads\/2012\/09\/banos-arabes.jpg","type":"image\/jpeg"}],"author":"Ana Calero","schema":{"@context":"https:\/\/schema.org","@graph":[{"@type":"Article","@id":"https:\/\/www.proinca.es\/madridfansblog\/si-la-montana-no-viene-a-mahoma-banos-arabes-en-madrid\/#article","isPartOf":{"@id":"https:\/\/www.proinca.es\/madridfansblog\/si-la-montana-no-viene-a-mahoma-banos-arabes-en-madrid\/"},"author":{"name":"Ana Calero","@id":"https:\/\/www.proinca.es\/madridfansblog\/#\/schema\/person\/8401adc89c0a0f5a3574c43326247f1e"},"headline":"SI LA MONTA\u00d1A NO VIENE A MAHOMA . . . BA\u00d1OS \u00c1RABES EN MADRID!","datePublished":"2012-09-12T08:00:56+00:00","dateModified":"2025-05-28T13:35:32+00:00","mainEntityOfPage":{"@id":"https:\/\/www.proinca.es\/madridfansblog\/si-la-montana-no-viene-a-mahoma-banos-arabes-en-madrid\/"},"wordCount":420,"publisher":{"@id":"https:\/\/www.proinca.es\/madridfansblog\/#organization"},"image":{"@id":"https:\/\/www.proinca.es\/madridfansblog\/si-la-montana-no-viene-a-mahoma-banos-arabes-en-madrid\/#primaryimage"},"thumbnailUrl":"https:\/\/www.proinca.es\/madridfansblog\/wp-content\/uploads\/2012\/09\/banos-arabes.jpg","keywords":["Afterwork","Madrid","Ocio"],"articleSection":["VIVIR MADRID"],"inLanguage":"es"},{"@type":"WebPage","@id":"https:\/\/www.proinca.es\/madridfansblog\/si-la-montana-no-viene-a-mahoma-banos-arabes-en-madrid\/","url":"https:\/\/www.proinca.es\/madridfansblog\/si-la-montana-no-viene-a-mahoma-banos-arabes-en-madrid\/","name":"Ba\u00f1os \u00e1rabes en Madrid, centros de relajaci\u00f3n y desconexi\u00f3n","isPartOf":{"@id":"https:\/\/www.proinca.es\/madridfansblog\/#website"},"primaryImageOfPage":{"@id":"https:\/\/www.proinca.es\/madridfansblog\/si-la-montana-no-viene-a-mahoma-banos-arabes-en-madrid\/#primaryimage"},"image":{"@id":"https:\/\/www.proinca.es\/madridfansblog\/si-la-montana-no-viene-a-mahoma-banos-arabes-en-madrid\/#primaryimage"},"thumbnailUrl":"https:\/\/www.proinca.es\/madridfansblog\/wp-content\/uploads\/2012\/09\/banos-arabes.jpg","datePublished":"2012-09-12T08:00:56+00:00","dateModified":"2025-05-28T13:35:32+00:00","description":"Ba\u00f1os \u00e1rabes en Madrid, centros de relajaci\u00f3n y tem\u00e1tica oriental concebidos para disfrutar del placer del descanso.","inLanguage":"es","potentialAction":[{"@type":"ReadAction","target":["https:\/\/www.proinca.es\/madridfansblog\/si-la-montana-no-viene-a-mahoma-banos-arabes-en-madrid\/"]}]},{"@type":"ImageObject","inLanguage":"es","@id":"https:\/\/www.proinca.es\/madridfansblog\/si-la-montana-no-viene-a-mahoma-banos-arabes-en-madrid\/#primaryimage","url":"https:\/\/www.proinca.es\/madridfansblog\/wp-content\/uploads\/2012\/09\/banos-arabes.jpg","contentUrl":"https:\/\/www.proinca.es\/madridfansblog\/wp-content\/uploads\/2012\/09\/banos-arabes.jpg","width":1000,"height":667,"caption":"Si la monta\u00f1a no viene a mahoma . . . Ba\u00f1os \u00e1rabes en madrid!"},{"@type":"WebSite","@id":"https:\/\/www.proinca.es\/madridfansblog\/#website","url":"https:\/\/www.proinca.es\/madridfansblog\/","name":"Madrid Fans Blog Proinca","description":"Pisos y apartamentos de alquiler en Madrid","publisher":{"@id":"https:\/\/www.proinca.es\/madridfansblog\/#organization"},"potentialAction":[{"@type":"SearchAction","target":{"@type":"EntryPoint","urlTemplate":"https:\/\/www.proinca.es\/madridfansblog\/?s={search_term_string}"},"query-input":{"@type":"PropertyValueSpecification","valueRequired":true,"valueName":"search_term_string"}}],"inLanguage":"es"},{"@type":"Organization","@id":"https:\/\/www.proinca.es\/madridfansblog\/#organization","name":"Proinca","url":"https:\/\/www.proinca.es\/madridfansblog\/","logo":{"@type":"ImageObject","inLanguage":"es","@id":"https:\/\/www.proinca.es\/madridfansblog\/#\/schema\/logo\/image\/","url":"https:\/\/www.proinca.es\/madridfansblog\/wp-content\/uploads\/2022\/03\/logo-proinca.jpg","contentUrl":"https:\/\/www.proinca.es\/madridfansblog\/wp-content\/uploads\/2022\/03\/logo-proinca.jpg","width":522,"height":250,"caption":"Proinca"},"image":{"@id":"https:\/\/www.proinca.es\/madridfansblog\/#\/schema\/logo\/image\/"}},{"@type":"Person","@id":"https:\/\/www.proinca.es\/madridfansblog\/#\/schema\/person\/8401adc89c0a0f5a3574c43326247f1e","name":"Ana Calero","image":{"@type":"ImageObject","inLanguage":"es","@id":"https:\/\/www.proinca.es\/madridfansblog\/wp-content\/litespeed\/avatar\/ef51b25c0718910f475570320941ef46.jpg?ver=1777379772","url":"https:\/\/www.proinca.es\/madridfansblog\/wp-content\/litespeed\/avatar\/ef51b25c0718910f475570320941ef46.jpg?ver=1777379772","contentUrl":"https:\/\/www.proinca.es\/madridfansblog\/wp-content\/litespeed\/avatar\/ef51b25c0718910f475570320941ef46.jpg?ver=1777379772","caption":"Ana Calero"},"description":"Licenciada en Ciencias Empresariales por la Universidad Aut\u00f3noma de Madrid. Forma parte del equipo de Apartamentos Proinca y es una enamorada de Madrid","sameAs":["https:\/\/www.proinca.es\/madridfansblog\/ana-calero\/"]}]}},"_links":{"self":[{"href":"https:\/\/www.proinca.es\/madridfansblog\/wp-json\/wp\/v2\/posts\/700","targetHints":{"allow":["GET"]}}],"collection":[{"href":"https:\/\/www.proinca.es\/madridfansblog\/wp-json\/wp\/v2\/posts"}],"about":[{"href":"https:\/\/www.proinca.es\/madridfansblog\/wp-json\/wp\/v2\/types\/post"}],"author":[{"embeddable":true,"href":"https:\/\/www.proinca.es\/madridfansblog\/wp-json\/wp\/v2\/users\/4"}],"replies":[{"embeddable":true,"href":"https:\/\/www.proinca.es\/madridfansblog\/wp-json\/wp\/v2\/comments?post=700"}],"version-history":[{"count":17,"href":"https:\/\/www.proinca.es\/madridfansblog\/wp-json\/wp\/v2\/posts\/700\/revisions"}],"predecessor-version":[{"id":7710,"href":"https:\/\/www.proinca.es\/madridfansblog\/wp-json\/wp\/v2\/posts\/700\/revisions\/7710"}],"wp:featuredmedia":[{"embeddable":true,"href":"https:\/\/www.proinca.es\/madridfansblog\/wp-json\/wp\/v2\/media\/7013"}],"wp:attachment":[{"href":"https:\/\/www.proinca.es\/madridfansblog\/wp-json\/wp\/v2\/media?parent=700"}],"wp:term":[{"taxonomy":"category","embeddable":true,"href":"https:\/\/www.proinca.es\/madridfansblog\/wp-json\/wp\/v2\/categories?post=700"},{"taxonomy":"post_tag","embeddable":true,"href":"https:\/\/www.proinca.es\/madridfansblog\/wp-json\/wp\/v2\/tags?post=700"}],"curies":[{"name":"wp","href":"https:\/\/api.w.org\/{rel}","templated":true}]}}